{"id":27426,"date":"2019-10-28T18:26:00","date_gmt":"2019-10-28T18:26:00","guid":{"rendered":"https:\/\/www.shqiperia.com\/blog\/?p=27426"},"modified":"2019-10-28T18:27:34","modified_gmt":"2019-10-28T18:27:34","slug":"u-rikonstruktua-ne-maj-te-ketij-viti-bie-tavani-ne-konviktin-e-qs","status":"publish","type":"post","link":"https:\/\/www.shqiperia.com\/blog\/u-rikonstruktua-ne-maj-te-ketij-viti-bie-tavani-ne-konviktin-e-qs\/","title":{"rendered":"U rikonstruktua n\u00eb maj t\u00eb k\u00ebtij viti, bie tavani n\u00eb konviktin e QS"},"content":{"rendered":"<p><strong><img data-recalc-dims=\"1\" loading=\"lazy\" decoding=\"async\" data-attachment-id=\"27427\" data-permalink=\"https:\/\/www.shqiperia.com\/blog\/u-rikonstruktua-ne-maj-te-ketij-viti-bie-tavani-ne-konviktin-e-qs\/bie-tavani\/\" data-orig-file=\"https:\/\/i0.wp.com\/www.shqiperia.com\/blog\/wp-content\/uploads\/2019\/10\/bie-tavani.jpg?fit=798%2C378&amp;ssl=1\" data-orig-size=\"798,378\" data-comments-opened=\"1\" data-image-meta=\"{&quot;aperture&quot;:&quot;0&quot;,&quot;credit&quot;:&quot;&quot;,&quot;camera&quot;:&quot;&quot;,&quot;caption&quot;:&quot;&quot;,&quot;created_timestamp&quot;:&quot;0&quot;,&quot;copyright&quot;:&quot;&quot;,&quot;focal_length&quot;:&quot;0&quot;,&quot;iso&quot;:&quot;0&quot;,&quot;shutter_speed&quot;:&quot;0&quot;,&quot;title&quot;:&quot;&quot;,&quot;orientation&quot;:&quot;0&quot;}\" data-image-title=\"bie-tavani\" data-image-description=\"\" data-image-caption=\"\" data-medium-file=\"https:\/\/i0.wp.com\/www.shqiperia.com\/blog\/wp-content\/uploads\/2019\/10\/bie-tavani.jpg?fit=300%2C142&amp;ssl=1\" data-large-file=\"https:\/\/i0.wp.com\/www.shqiperia.com\/blog\/wp-content\/uploads\/2019\/10\/bie-tavani.jpg?fit=798%2C378&amp;ssl=1\" class=\"alignnone size-medium wp-image-27427\" alt=\"\" src=\"https:\/\/i0.wp.com\/www.shqiperia.com\/blog\/wp-content\/uploads\/2019\/10\/bie-tavani.jpg?resize=300%2C142&#038;ssl=1\" width=\"300\" height=\"142\" srcset=\"https:\/\/i0.wp.com\/www.shqiperia.com\/blog\/wp-content\/uploads\/2019\/10\/bie-tavani.jpg?resize=300%2C142&amp;ssl=1 300w, https:\/\/i0.wp.com\/www.shqiperia.com\/blog\/wp-content\/uploads\/2019\/10\/bie-tavani.jpg?resize=768%2C364&amp;ssl=1 768w, https:\/\/i0.wp.com\/www.shqiperia.com\/blog\/wp-content\/uploads\/2019\/10\/bie-tavani.jpg?resize=450%2C213&amp;ssl=1 450w, https:\/\/i0.wp.com\/www.shqiperia.com\/blog\/wp-content\/uploads\/2019\/10\/bie-tavani.jpg?resize=600%2C284&amp;ssl=1 600w, https:\/\/i0.wp.com\/www.shqiperia.com\/blog\/wp-content\/uploads\/2019\/10\/bie-tavani.jpg?resize=400%2C189&amp;ssl=1 400w, https:\/\/i0.wp.com\/www.shqiperia.com\/blog\/wp-content\/uploads\/2019\/10\/bie-tavani.jpg?w=798&amp;ssl=1 798w\" sizes=\"auto, (max-width: 300px) 100vw, 300px\" \/><\/strong><\/p>\n<p><strong>U rikonstruktua n\u00eb maj t\u00eb k\u00ebtij viti, bie tavani n\u00eb konviktin e QS<\/strong><\/p>\n<p>28\/10\/19<\/p>\n<p>Nga:\u00a0 <a href=\"https:\/\/gazetamapo.al\/u-rikonstruktua-ne-2018-bie-tavani-ne-konviktin-e-qs\/\"><strong>mapo.al<\/strong><\/a><\/p>\n<p>Konviktet e Qytetit Studenti prej koh\u00ebsh ndodheshin n\u00eb kushte skandaloze. Qendrimi aty ishte pothuajse i pamundur.<\/p>\n<p>Pas k\u00ebrkesave t\u00eb vazhdueshme nga student\u00ebt, rikonstruktimi i disa konvikteve n\u00eb Qytetin Studenti u \u201creklamua\u201d me shum\u00eb buj\u00eb nga kryetari i bashkis\u00eb Tiran\u00eb, Erion Veliaj.<\/p>\n<p>Mir\u00ebpo, kat\u00ebr muaj m\u00eb pas, sot (28 tetor 2019), nj\u00eb nga konviktet (godina 20) i cili u rikonstruktua n\u00eb maj 2019, ka p\u00ebsuar d\u00ebmtim.<br \/>\nN\u00eb k\u00ebt\u00eb godin\u00eb \u00ebsht\u00eb shembur tavani dhe muret an\u00ebsore kan\u00eb r\u00ebn\u00eb. Nuk raportohet p\u00ebr t\u00eb l\u00ebnduar, por shumica e student\u00ebve jan\u00eb larguar nga kjo godin\u00eb.<\/p>\n","protected":false},"excerpt":{"rendered":"<p>U rikonstruktua n\u00eb maj t\u00eb k\u00ebtij viti, bie tavani n\u00eb konviktin e QS 28\/10\/19 Nga:\u00a0 mapo.al Konviktet e Qytetit Studenti prej koh\u00ebsh ndodheshin n\u00eb kushte skandaloze. Qendrimi aty ishte pothuajse i pamundur. Pas k\u00ebrkesave t\u00eb vazhdueshme nga student\u00ebt, rikonstruktimi i disa konvikteve n\u00eb Qytetin Studenti u \u201creklamua\u201d me shum\u00eb buj\u00eb nga kryetari i bashkis\u00eb Tiran\u00eb, [&hellip;]<\/p>\n","protected":false},"author":9,"featured_media":27427,"comment_status":"open","ping_status":"open","sticky":false,"template":"","format":"standard","meta":{"jetpack_post_was_ever_published":false,"_jetpack_newsletter_access":"","_jetpack_dont_email_post_to_subs":false,"_jetpack_newsletter_tier_id":0,"_jetpack_memberships_contains_paywalled_content":false,"_jetpack_memberships_contains_paid_content":false,"footnotes":"","jetpack_publicize_message":"","jetpack_publicize_feature_enabled":true,"jetpack_social_post_already_shared":true,"jetpack_social_options":{"image_generator_settings":{"template":"highway","default_image_id":0,"font":"","enabled":false},"version":2}},"categories":[27,1,35],"tags":[],"class_list":["post-27426","post","type-post","status-publish","format-standard","has-post-thumbnail","hentry","category-blogu-i-udhetarit","category-njoftime-shtypi","category-shoqerore"],"jetpack_publicize_connections":[],"jetpack_featured_media_url":"https:\/\/i0.wp.com\/www.shqiperia.com\/blog\/wp-content\/uploads\/2019\/10\/bie-tavani.jpg?fit=798%2C378&ssl=1","jetpack_sharing_enabled":true,"jetpack_shortlink":"https:\/\/wp.me\/p5Z6wp-78m","jetpack-related-posts":[{"id":28928,"url":"https:\/\/www.shqiperia.com\/blog\/u-shkaterrua-nga-termeti-shkolla-ishte-rindertuar-2-muaj-me-pare\/","url_meta":{"origin":27426,"position":0},"title":"U shkat\u00ebrrua nga t\u00ebrmeti, shkolla ishte rind\u00ebrtuar 2 muaj m\u00eb par\u00eb. &#8211;","author":"Kurt Farka","date":"December 4, 2019","format":false,"excerpt":"U shkat\u00ebrrua nga t\u00ebrmeti, shkolla ishte rind\u00ebrtuar 2 muaj m\u00eb par\u00eb 4 dhjetor 2019 U rikonstruktua n\u00eb shtator t\u00eb k\u00ebtij viti me vler\u00eb 580 milion\u00eb lek\u00eb, por u shkat\u00ebrrua nga t\u00ebrmeti i 26 n\u00ebntorit 2019. Kjo \u00ebsht\u00eb historia e pazakont\u00eb dhe abuzive me shkoll\u00ebn 9-vje\u00e7are \u2018Ramazan Jangozi\u2019 n\u00eb Thuman\u00eb, e\u2026","rel":"","context":"In &quot;Blogu i Udh\u00ebtarit&quot;","block_context":{"text":"Blogu i Udh\u00ebtarit","link":"https:\/\/www.shqiperia.com\/blog\/category\/blogu-i-udhetarit\/"},"img":{"alt_text":"","src":"https:\/\/i0.wp.com\/www.shqiperia.com\/blog\/wp-content\/uploads\/2019\/12\/aaaaaaaa-1-905x450.jpg?fit=905%2C450&ssl=1&resize=350%2C200","width":350,"height":200,"srcset":"https:\/\/i0.wp.com\/www.shqiperia.com\/blog\/wp-content\/uploads\/2019\/12\/aaaaaaaa-1-905x450.jpg?fit=905%2C450&ssl=1&resize=350%2C200 1x, https:\/\/i0.wp.com\/www.shqiperia.com\/blog\/wp-content\/uploads\/2019\/12\/aaaaaaaa-1-905x450.jpg?fit=905%2C450&ssl=1&resize=525%2C300 1.5x, https:\/\/i0.wp.com\/www.shqiperia.com\/blog\/wp-content\/uploads\/2019\/12\/aaaaaaaa-1-905x450.jpg?fit=905%2C450&ssl=1&resize=700%2C400 2x"},"classes":[]},{"id":49266,"url":"https:\/\/www.shqiperia.com\/blog\/erdhen-afganet-fotot-nga-konviktet-e-qytetit-studenti-konfuzojne-rrjetet-sociale-ne-te-vertete-behet-fjale-per-ardhjen-e-banglandeshasve\/","url_meta":{"origin":27426,"position":1},"title":"\u201cErdh\u00ebn afgan\u00ebt\u201d, fotot nga konviktet e Qytetit Studenti konfuzojn\u00eb rrjetet sociale. &#8211; N\u00eb t\u00eb v\u00ebrtet\u00eb, b\u00ebhet fjal\u00eb p\u00ebr ardhjen e banglandeshasve","author":"Kurt Farka","date":"August 22, 2021","format":false,"excerpt":"\u201cErdh\u00ebn afgan\u00ebt\u201d, fotot nga konviktet e Qytetit Studenti konfuzojn\u00eb rrjetet sociale. - N\u00eb t\u00eb v\u00ebrtet\u00eb, b\u00ebhet fjal\u00eb p\u00ebr ardhjen e banglandeshasve 22 gusht 2021 Disa foto q\u00eb kan\u00eb qarkulluar n\u00eb rrjetet sociale dit\u00ebn e sotme kan\u00eb konfuzuar qytetar\u00ebt shqiptar\u00eb, duke i b\u00ebr\u00eb t\u00eb mendojn\u00eb se mb\u00ebrrit\u00ebn afgan\u00ebt e par\u00eb. Fotot\u2026","rel":"","context":"In &quot;Blogu i Udh\u00ebtarit&quot;","block_context":{"text":"Blogu i Udh\u00ebtarit","link":"https:\/\/www.shqiperia.com\/blog\/category\/blogu-i-udhetarit\/"},"img":{"alt_text":"","src":"https:\/\/i0.wp.com\/www.shqiperia.com\/blog\/wp-content\/uploads\/2021\/08\/Erdhen-Bangladeshasit-2.jpg?fit=905%2C450&ssl=1&resize=350%2C200","width":350,"height":200,"srcset":"https:\/\/i0.wp.com\/www.shqiperia.com\/blog\/wp-content\/uploads\/2021\/08\/Erdhen-Bangladeshasit-2.jpg?fit=905%2C450&ssl=1&resize=350%2C200 1x, https:\/\/i0.wp.com\/www.shqiperia.com\/blog\/wp-content\/uploads\/2021\/08\/Erdhen-Bangladeshasit-2.jpg?fit=905%2C450&ssl=1&resize=525%2C300 1.5x, https:\/\/i0.wp.com\/www.shqiperia.com\/blog\/wp-content\/uploads\/2021\/08\/Erdhen-Bangladeshasit-2.jpg?fit=905%2C450&ssl=1&resize=700%2C400 2x"},"classes":[]},{"id":1948,"url":"https:\/\/www.shqiperia.com\/blog\/trashegim-tavani-familjes-rruli-ne-berat\/","url_meta":{"origin":27426,"position":2},"title":"Trashegimi: Tavani i familjes Rruli, ne Berat","author":"Kurt Farka","date":"January 25, 2018","format":false,"excerpt":"Nga: Frederik Stamati. Tavani i familjes Rruli, ne Berat. U ble ne vitin 1974 dhe mbas nje restauriumi te ngutshem u dergua ne Paris ne ekspoziten \"Arti shqiptar ne shekuj\". Mbasi u kthye qendroi i montuar per nje kohe te gjate ne \"Ekspoziten e kultures popullore\" ne Tirane. Mbas vitit\u2026","rel":"","context":"In &quot;Trashegimi Kulturore&quot;","block_context":{"text":"Trashegimi Kulturore","link":"https:\/\/www.shqiperia.com\/blog\/category\/trashegimi-kulturore\/"},"img":{"alt_text":"","src":"https:\/\/i0.wp.com\/www.shqiperia.com\/blog\/wp-content\/uploads\/2018\/01\/12417785_968754146576173_6997467046495645748_n.jpg?fit=960%2C720&ssl=1&resize=350%2C200","width":350,"height":200,"srcset":"https:\/\/i0.wp.com\/www.shqiperia.com\/blog\/wp-content\/uploads\/2018\/01\/12417785_968754146576173_6997467046495645748_n.jpg?fit=960%2C720&ssl=1&resize=350%2C200 1x, https:\/\/i0.wp.com\/www.shqiperia.com\/blog\/wp-content\/uploads\/2018\/01\/12417785_968754146576173_6997467046495645748_n.jpg?fit=960%2C720&ssl=1&resize=525%2C300 1.5x, https:\/\/i0.wp.com\/www.shqiperia.com\/blog\/wp-content\/uploads\/2018\/01\/12417785_968754146576173_6997467046495645748_n.jpg?fit=960%2C720&ssl=1&resize=700%2C400 2x"},"classes":[]},{"id":3383,"url":"https:\/\/www.shqiperia.com\/blog\/trashegimise-tone-kombetare-shpeshhere-ndryshohet-prejardhja-etnokulturore\/","url_meta":{"origin":27426,"position":3},"title":"Trashegimise tone Kombetare shpeshhere i ndryshohet  prejardhja Etnokulturore.","author":"Kurt Farka","date":"February 17, 2018","format":false,"excerpt":"Nga informacionet e internetit njihemi se, The Metropolitan Museum of Art, New York, gjat\u00eb viteve t\u00eb fundit e ka pasuruar fondin e tij me 72 objekte te kultures shqiptare. Do ishte me interes te kishim nje statistike: me sa objekte te kultures tone kombetare jane pasuruar fondet e muzeumeve te\u2026","rel":"","context":"In &quot;Blogu i Udh\u00ebtarit&quot;","block_context":{"text":"Blogu i Udh\u00ebtarit","link":"https:\/\/www.shqiperia.com\/blog\/category\/blogu-i-udhetarit\/"},"img":{"alt_text":"","src":"https:\/\/i0.wp.com\/www.shqiperia.com\/blog\/wp-content\/uploads\/2018\/02\/11254018_1707231359500160_5225742778164987960_n.jpg?fit=600%2C538&ssl=1&resize=350%2C200","width":350,"height":200,"srcset":"https:\/\/i0.wp.com\/www.shqiperia.com\/blog\/wp-content\/uploads\/2018\/02\/11254018_1707231359500160_5225742778164987960_n.jpg?fit=600%2C538&ssl=1&resize=350%2C200 1x, https:\/\/i0.wp.com\/www.shqiperia.com\/blog\/wp-content\/uploads\/2018\/02\/11254018_1707231359500160_5225742778164987960_n.jpg?fit=600%2C538&ssl=1&resize=525%2C300 1.5x"},"classes":[]},{"id":10780,"url":"https:\/\/www.shqiperia.com\/blog\/tavani-i-vjeter-i-kishes-se-nartes-vlore-fotoalbum\/","url_meta":{"origin":27426,"position":4},"title":"Tavani i vjeter i Kishes se Nartes &#8211; Vlore.  (fotoalbum).","author":"Kurt Farka","date":"August 19, 2018","format":false,"excerpt":"Tavani i vjeter i Kishes se Nartes - Vlore (fotoalbum). Para disa kohesh u dogjen te gjitha afreskat e kesaj kishe qe shtriheshin ne muret e saj, per habi tavani shpetoi. Shtypi e ka shtruar kete problem \"...mos ka patur nje zjarr te qellimshem per tu zhdukur vetem afreskat per\u2026","rel":"","context":"In &quot;Arte&quot;","block_context":{"text":"Arte","link":"https:\/\/www.shqiperia.com\/blog\/category\/arte\/"},"img":{"alt_text":"","src":"https:\/\/i0.wp.com\/www.shqiperia.com\/blog\/wp-content\/uploads\/2018\/08\/164757_161419363902274_3344025_n.jpg?fit=720%2C482&ssl=1&resize=350%2C200","width":350,"height":200,"srcset":"https:\/\/i0.wp.com\/www.shqiperia.com\/blog\/wp-content\/uploads\/2018\/08\/164757_161419363902274_3344025_n.jpg?fit=720%2C482&ssl=1&resize=350%2C200 1x, https:\/\/i0.wp.com\/www.shqiperia.com\/blog\/wp-content\/uploads\/2018\/08\/164757_161419363902274_3344025_n.jpg?fit=720%2C482&ssl=1&resize=525%2C300 1.5x, https:\/\/i0.wp.com\/www.shqiperia.com\/blog\/wp-content\/uploads\/2018\/08\/164757_161419363902274_3344025_n.jpg?fit=720%2C482&ssl=1&resize=700%2C400 2x"},"classes":[]},{"id":14563,"url":"https:\/\/www.shqiperia.com\/blog\/rama-mund-te-krijonim-1000-vende-pune-ne-ministri-per-studentet-qe-mbarojne-me-9-dhe-10-2\/","url_meta":{"origin":27426,"position":5},"title":"Rama: -\u201cMund te krijonim 1000 vende pune n\u00eb ministri p\u00ebr studentet q\u00eb mbarojn\u00eb me 9 dhe 10\u201d,","author":"Kurt Farka","date":"December 10, 2018","format":false,"excerpt":"Rama: -\u201cMund te krijonim 1000 vende pune n\u00eb ministri p\u00ebr studentet q\u00eb mbarojn\u00eb me 9 dhe 10\u201d, \u00a0 Rama u ofron student\u00ebve m\u00eb shum\u00eb se\u00e7 k\u00ebrkuan p\u00ebr tarifat, konviktet dhe pun\u00ebsimin: Por duhet. Kreu i qeveris\u00eb gjat\u00eb konferenc\u00ebs s\u00eb tij q\u00eb zgjati rreth dy or\u00eb ka dh\u00ebn\u00eb disa mesazhe t\u00eb\u2026","rel":"","context":"In &quot;Blogu i Udh\u00ebtarit&quot;","block_context":{"text":"Blogu i Udh\u00ebtarit","link":"https:\/\/www.shqiperia.com\/blog\/category\/blogu-i-udhetarit\/"},"img":{"alt_text":"","src":"https:\/\/i0.wp.com\/www.shqiperia.com\/blog\/wp-content\/uploads\/2018\/12\/91AADE97-EE82-4B26-B498-0EC0D7BA4373_w1023_r1_s-1-300x169.jpg?resize=350%2C200","width":350,"height":200},"classes":[]}],"_links":{"self":[{"href":"https:\/\/www.shqiperia.com\/blog\/wp-json\/wp\/v2\/posts\/27426","targetHints":{"allow":["GET"]}}],"collection":[{"href":"https:\/\/www.shqiperia.com\/blog\/wp-json\/wp\/v2\/posts"}],"about":[{"href":"https:\/\/www.shqiperia.com\/blog\/wp-json\/wp\/v2\/types\/post"}],"author":[{"embeddable":true,"href":"https:\/\/www.shqiperia.com\/blog\/wp-json\/wp\/v2\/users\/9"}],"replies":[{"embeddable":true,"href":"https:\/\/www.shqiperia.com\/blog\/wp-json\/wp\/v2\/comments?post=27426"}],"version-history":[{"count":1,"href":"https:\/\/www.shqiperia.com\/blog\/wp-json\/wp\/v2\/posts\/27426\/revisions"}],"predecessor-version":[{"id":27428,"href":"https:\/\/www.shqiperia.com\/blog\/wp-json\/wp\/v2\/posts\/27426\/revisions\/27428"}],"wp:featuredmedia":[{"embeddable":true,"href":"https:\/\/www.shqiperia.com\/blog\/wp-json\/wp\/v2\/media\/27427"}],"wp:attachment":[{"href":"https:\/\/www.shqiperia.com\/blog\/wp-json\/wp\/v2\/media?parent=27426"}],"wp:term":[{"taxonomy":"category","embeddable":true,"href":"https:\/\/www.shqiperia.com\/blog\/wp-json\/wp\/v2\/categories?post=27426"},{"taxonomy":"post_tag","embeddable":true,"href":"https:\/\/www.shqiperia.com\/blog\/wp-json\/wp\/v2\/tags?post=27426"}],"curies":[{"name":"wp","href":"https:\/\/api.w.org\/{rel}","templated":true}]}}