{"id":27417,"date":"2019-10-28T13:26:55","date_gmt":"2019-10-28T13:26:55","guid":{"rendered":"https:\/\/www.shqiperia.com\/blog\/?p=27417"},"modified":"2019-10-28T13:30:58","modified_gmt":"2019-10-28T13:30:58","slug":"basha-i-pashmangshem","status":"publish","type":"post","link":"https:\/\/www.shqiperia.com\/blog\/basha-i-pashmangshem\/","title":{"rendered":"Basha i pashmangsh\u00ebm. &#8211;"},"content":{"rendered":"<p><img data-recalc-dims=\"1\" loading=\"lazy\" decoding=\"async\" data-attachment-id=\"27424\" data-permalink=\"https:\/\/www.shqiperia.com\/blog\/basha-i-pashmangshem\/gadishmeri-per-protesta-copy-4\/\" data-orig-file=\"https:\/\/i0.wp.com\/www.shqiperia.com\/blog\/wp-content\/uploads\/2019\/10\/Gadishmeri-per-protesta-Copy-3.jpg?fit=260%2C140&amp;ssl=1\" data-orig-size=\"260,140\" data-comments-opened=\"1\" data-image-meta=\"{&quot;aperture&quot;:&quot;0&quot;,&quot;credit&quot;:&quot;&quot;,&quot;camera&quot;:&quot;&quot;,&quot;caption&quot;:&quot;&quot;,&quot;created_timestamp&quot;:&quot;0&quot;,&quot;copyright&quot;:&quot;&quot;,&quot;focal_length&quot;:&quot;0&quot;,&quot;iso&quot;:&quot;0&quot;,&quot;shutter_speed&quot;:&quot;0&quot;,&quot;title&quot;:&quot;&quot;,&quot;orientation&quot;:&quot;1&quot;}\" data-image-title=\"Gadishmeri-per-protesta-Copy\" data-image-description=\"\" data-image-caption=\"\" data-medium-file=\"https:\/\/i0.wp.com\/www.shqiperia.com\/blog\/wp-content\/uploads\/2019\/10\/Gadishmeri-per-protesta-Copy-3.jpg?fit=260%2C140&amp;ssl=1\" data-large-file=\"https:\/\/i0.wp.com\/www.shqiperia.com\/blog\/wp-content\/uploads\/2019\/10\/Gadishmeri-per-protesta-Copy-3.jpg?fit=260%2C140&amp;ssl=1\" class=\"alignnone  wp-image-27424\" alt=\"\" src=\"https:\/\/i0.wp.com\/www.shqiperia.com\/blog\/wp-content\/uploads\/2019\/10\/Gadishmeri-per-protesta-Copy-3.jpg?resize=527%2C284&#038;ssl=1\" width=\"527\" height=\"284\" \/><\/p>\n<p><strong>Basha i pashmangsh\u00ebm. &#8211;<\/strong><\/p>\n<p>27\/10\/19<\/p>\n<p><strong>Nga Gentian Gaba<\/strong><\/p>\n<p>\u00cbsht\u00eb e v\u00ebrtet\u00eb, prej dit\u00ebs n\u00eb t\u00eb cil\u00ebn Bundestagu ka votuar 9 kushtet, Lulzim Basha ka ndryshuar strategji. Nj\u00eb hap i domosdosh\u00ebm, sepse q\u00ebndrimi i parlamentit gjerman krijoi nj\u00eb moment t\u00eb ri politik<\/p>\n<p>Certifikimi i kriz\u00ebs s\u00eb brendshme shqiptare, kur k\u00ebtu mazhoranca rrekej ta mohonte at\u00eb, n\u00eb nj\u00eb dokument zyrtar t\u00eb vendit m\u00eb t\u00eb fuqish\u00ebm t\u00eb BE-s\u00eb, i mbathi nj\u00eb k\u00ebmish\u00eb force kryeministrit Rama.<\/p>\n<p>Dokumenti gjerman, i miratuar n\u00eb 26 shtator me 350 vota, mund t\u00eb quhet pa droje nj\u00eb shp\u00ebrblim ndaj aksionit t\u00eb opozit\u00ebs, e cila e futi zgjidhjen e kriz\u00ebs n\u00eb agjend\u00ebn nd\u00ebrkomb\u00ebtare, dhe p\u00ebrcaktoi gjithashtu nj\u00eb rrug\u00eb t\u00eb qart\u00eb p\u00ebr t\u00eb arritur epilogun e saj.<\/p>\n<div id=\"attachment_27420\" style=\"width: 721px\" class=\"wp-caption alignnone\"><img data-recalc-dims=\"1\" loading=\"lazy\" decoding=\"async\" aria-describedby=\"caption-attachment-27420\" data-attachment-id=\"27420\" data-permalink=\"https:\/\/www.shqiperia.com\/blog\/basha-i-pashmangshem\/gentian-gaba-2\/\" data-orig-file=\"https:\/\/i0.wp.com\/www.shqiperia.com\/blog\/wp-content\/uploads\/2019\/10\/gentian-gaba-1.jpg?fit=1280%2C745&amp;ssl=1\" data-orig-size=\"1280,745\" data-comments-opened=\"1\" data-image-meta=\"{&quot;aperture&quot;:&quot;0&quot;,&quot;credit&quot;:&quot;&quot;,&quot;camera&quot;:&quot;&quot;,&quot;caption&quot;:&quot;&quot;,&quot;created_timestamp&quot;:&quot;0&quot;,&quot;copyright&quot;:&quot;&quot;,&quot;focal_length&quot;:&quot;0&quot;,&quot;iso&quot;:&quot;0&quot;,&quot;shutter_speed&quot;:&quot;0&quot;,&quot;title&quot;:&quot;&quot;,&quot;orientation&quot;:&quot;0&quot;}\" data-image-title=\"gentian gaba\" data-image-description=\"\" data-image-caption=\"&lt;p&gt;gentian gaba&lt;\/p&gt;\n\" data-medium-file=\"https:\/\/i0.wp.com\/www.shqiperia.com\/blog\/wp-content\/uploads\/2019\/10\/gentian-gaba-1.jpg?fit=300%2C175&amp;ssl=1\" data-large-file=\"https:\/\/i0.wp.com\/www.shqiperia.com\/blog\/wp-content\/uploads\/2019\/10\/gentian-gaba-1.jpg?fit=1024%2C596&amp;ssl=1\" class=\" wp-image-27420\" alt=\"\" src=\"https:\/\/i0.wp.com\/www.shqiperia.com\/blog\/wp-content\/uploads\/2019\/10\/gentian-gaba-1.jpg?resize=711%2C415&#038;ssl=1\" width=\"711\" height=\"415\" srcset=\"https:\/\/i0.wp.com\/www.shqiperia.com\/blog\/wp-content\/uploads\/2019\/10\/gentian-gaba-1.jpg?resize=300%2C175&amp;ssl=1 300w, https:\/\/i0.wp.com\/www.shqiperia.com\/blog\/wp-content\/uploads\/2019\/10\/gentian-gaba-1.jpg?resize=768%2C447&amp;ssl=1 768w, https:\/\/i0.wp.com\/www.shqiperia.com\/blog\/wp-content\/uploads\/2019\/10\/gentian-gaba-1.jpg?resize=1024%2C596&amp;ssl=1 1024w, https:\/\/i0.wp.com\/www.shqiperia.com\/blog\/wp-content\/uploads\/2019\/10\/gentian-gaba-1.jpg?resize=450%2C262&amp;ssl=1 450w, https:\/\/i0.wp.com\/www.shqiperia.com\/blog\/wp-content\/uploads\/2019\/10\/gentian-gaba-1.jpg?resize=600%2C349&amp;ssl=1 600w, https:\/\/i0.wp.com\/www.shqiperia.com\/blog\/wp-content\/uploads\/2019\/10\/gentian-gaba-1.jpg?resize=400%2C233&amp;ssl=1 400w, https:\/\/i0.wp.com\/www.shqiperia.com\/blog\/wp-content\/uploads\/2019\/10\/gentian-gaba-1.jpg?w=1280&amp;ssl=1 1280w\" sizes=\"auto, (max-width: 711px) 100vw, 711px\" \/><p id=\"caption-attachment-27420\" class=\"wp-caption-text\">gentian gaba<\/p><\/div>\n<p>Nj\u00eb rrug\u00eb q\u00eb lejon ndryshimin e strategjis\u00eb, pa hequr dor\u00eb nga objektivi kryesor.<\/p>\n<p>Sepse, pas miratimit t\u00eb 9 kushteve, Rama nuk mund t\u00eb shihet dhe as mund t\u00eb shitet si politikani per\u00ebndimor q\u00eb g\u00ebzon mb\u00ebshtetje nd\u00ebrkomb\u00ebtare, por si kryeministri i nj\u00eb mazhorance t\u00eb cil\u00ebs i \u00ebsht\u00eb dor\u00ebzuar diagnoza e nj\u00eb shteti t\u00eb r\u00ebn\u00eb.<\/p>\n<p>Por jo vet\u00ebm kaq.<\/p>\n<p>N\u00ebnt\u00eb kushtet e ndihmojn\u00eb Bash\u00ebn t\u00eb d\u00ebshmoj\u00eb n\u00eb syt\u00eb e gjith\u00eb bot\u00ebs se Rama nuk respekton marr\u00ebveshjet. Sikurse kuptohet leht\u00ebsisht nga p\u00ebrgjegj\u00ebsia politike me t\u00eb cil\u00ebn vishet kryeministri nga Bundestagu, kur k\u00ebrkohet nd\u00ebshkimi i dosjes 339. Dosje q\u00eb p\u00ebrkon me zgjedhjet e vitit 2017, kur \u2018teknikisht\u2019 nuk do t\u00eb duhej t\u00eb kishte krim zgjedhor, dhe n\u00eb t\u00eb cil\u00ebn p\u00ebrfshihet ish-kryebashkiaku i Durr\u00ebsit, kampioni i Rilindjes n\u00eb k\u00ebt\u00eb qark, i shpalluri non grata nga Departamenti Amerikan i Shtetit.<\/p>\n<p>Paz\u00eblli b\u00ebhet edhe m\u00eb i qart\u00eb kur merret n\u00eb shqyrtim nj\u00eb nga kushtet kryesore, Reforma Zgjedhore. P\u00ebr miratimin e saj k\u00ebrkohet nj\u00eb dialog i hapur dhe gjith\u00ebp\u00ebrfshir\u00ebs t\u00eb t\u00eb gjitha forcave politike. Nj\u00eb kusht q\u00eb e vendos opozit\u00ebn n\u00eb pozicion ep\u00ebrsie, sidomos kur komisioni i Reform\u00ebs Zgjedhore ka p\u00ebr bashk\u00ebkryetar nj\u00eb nga personat e p\u00ebrfshir\u00eb n\u00eb dosjen 184. Edhe ky nj\u00eb krim zgjedhor n\u00eb list\u00ebn e zez\u00eb t\u00eb Bundestagut ashtu sikurse \u00ebsht\u00eb edhe nj\u00eb d\u00ebshmi e autor\u00ebsis\u00eb kryeministrore t\u00eb kriz\u00ebs n\u00eb t\u00eb cil\u00ebn ndodhet vendi.<\/p>\n<p>K\u00ebt\u00eb faj t\u00eb dyfisht\u00eb t\u00eb Ram\u00ebs, Basha e ka kthyer n\u00eb avantazh. Jo vet\u00ebm duke diktuar agjend\u00ebn e Reform\u00ebs Zgjedhore n\u00ebp\u00ebrmjet platform\u00ebs me 5 pika, por duke e p\u00ebrdorur k\u00ebt\u00eb rast si nj\u00eb mjet p\u00ebr t\u00eb k\u00ebrkuar nd\u00ebrmjet\u00ebsimin e partner\u00ebve nd\u00ebrkomb\u00ebtar\u00eb. Di\u00e7ka q\u00eb do t\u00eb minimizonte loj\u00ebn e pis\u00ebt t\u00eb nj\u00eb mazhorance q\u00eb kontrollon mediat dhe institucionet.<\/p>\n<p>E teksa ambasadori Bernd Borchardt shpreh se OSBE-ja nuk mund t\u00eb luaj rolin e k\u00ebrkuar nga Partia Demokratike dhe opozita, dhe ai q\u00eb prezantohet si dikush q\u00eb nuk shkon n\u00eb tualet pa pyetur m\u00eb par\u00eb BE-n\u00eb dhe SHBA-n\u00eb, deklaroi se \u2018p\u00ebrkthyes n\u00eb gjuh\u00ebn e huaj p\u00ebr t\u2019u marr\u00eb vesh me shqiptar\u00ebt, un\u00eb p\u00ebr veten time nuk kam p\u00ebr t\u00eb pranuar asnj\u00ebher\u00eb\u2019, Sekretari i P\u00ebrgjithsh\u00ebm i OSBE-s\u00eb, Thomas Greminger, mbajti nj\u00eb q\u00ebndrim krejt ndryshe.<\/p>\n<p><img data-recalc-dims=\"1\" loading=\"lazy\" decoding=\"async\" data-attachment-id=\"27421\" data-permalink=\"https:\/\/www.shqiperia.com\/blog\/basha-i-pashmangshem\/gadishmeri-per-protesta-copy-3\/\" data-orig-file=\"https:\/\/i0.wp.com\/www.shqiperia.com\/blog\/wp-content\/uploads\/2019\/10\/Gadishmeri-per-protesta-Copy-2.jpg?fit=260%2C300&amp;ssl=1\" data-orig-size=\"260,300\" data-comments-opened=\"1\" data-image-meta=\"{&quot;aperture&quot;:&quot;0&quot;,&quot;credit&quot;:&quot;&quot;,&quot;camera&quot;:&quot;&quot;,&quot;caption&quot;:&quot;&quot;,&quot;created_timestamp&quot;:&quot;0&quot;,&quot;copyright&quot;:&quot;&quot;,&quot;focal_length&quot;:&quot;0&quot;,&quot;iso&quot;:&quot;0&quot;,&quot;shutter_speed&quot;:&quot;0&quot;,&quot;title&quot;:&quot;&quot;,&quot;orientation&quot;:&quot;1&quot;}\" data-image-title=\"Gadishmeri-per-protesta &#8211; Copy\" data-image-description=\"\" data-image-caption=\"\" data-medium-file=\"https:\/\/i0.wp.com\/www.shqiperia.com\/blog\/wp-content\/uploads\/2019\/10\/Gadishmeri-per-protesta-Copy-2.jpg?fit=260%2C300&amp;ssl=1\" data-large-file=\"https:\/\/i0.wp.com\/www.shqiperia.com\/blog\/wp-content\/uploads\/2019\/10\/Gadishmeri-per-protesta-Copy-2.jpg?fit=260%2C300&amp;ssl=1\" class=\"alignnone wp-image-27421\" alt=\"\" src=\"https:\/\/i0.wp.com\/www.shqiperia.com\/blog\/wp-content\/uploads\/2019\/10\/Gadishmeri-per-protesta-Copy-2.jpg?resize=658%2C759&#038;ssl=1\" width=\"658\" height=\"759\" \/><\/p>\n<p>Greminger u shpreh se Organizata q\u00eb drejton prej 2017 \u00ebsht\u00eb e gatshme t\u00eb ofroj\u00eb tre gjera n\u00eb kuad\u00ebr t\u00eb Reform\u00ebs Zgjedhore: T\u00eb sjell\u00eb ekspertiz\u00eb teknike p\u00ebr standardet zgjedhore; t\u00eb kujtoj\u00eb angazhimet q\u00eb duhet t\u00eb p\u00ebrmbush\u00eb Shqip\u00ebria n\u00eb kuad\u00ebr t\u00eb Reform\u00ebs Zgjedhore; si dhe t\u00eb nd\u00ebrmjet\u00ebsoj\u00eb dialogun mes pal\u00ebve politike.<\/p>\n<p>Nj\u00eb q\u00ebndrim q\u00eb shpaguan hapjen e Bash\u00ebs, por q\u00eb nj\u00ebkoh\u00ebsisht lig\u00ebshton pozicionet e vart\u00ebsit t\u00eb tij n\u00eb Shqip\u00ebri, Borchardt, dhe kryeministrit Rama. P\u00ebr t\u00eb cilin nuk dihet n\u00ebse do t\u00eb gjej\u00eb kuraj\u00ebn p\u00ebr t\u2019i th\u00ebn\u00eb jo, zyrtarit nd\u00ebrkomb\u00ebtar q\u00eb p\u00ebrfaq\u00ebson organizat\u00ebn m\u00eb t\u00eb r\u00ebnd\u00ebsishme n\u00eb fush\u00ebn e zgjedhjeve.<\/p>\n<p>Sigurisht n\u00eb ndihm\u00eb t\u00eb Ram\u00ebs kan\u00eb ardhur detraktor\u00ebt e Bash\u00ebs, t\u00eb cil\u00ebt ndryshimin e strategjis\u00eb po p\u00ebrpiqen ta cil\u00ebsojn\u00eb t\u00ebrheqje, apo nj\u00eb heqje dor\u00eb nga k\u00ebrkesat kundrejt Ram\u00ebs, e lloj-lloj kot\u00ebsish. Nj\u00eb p\u00ebrpjekje e fundit p\u00ebr t\u00eb ngjizur rr\u00ebmuj\u00ebn dhe tymnaj\u00ebn n\u00eb kampin opozitar, t\u00eb vet\u00ebdijsh\u00ebm se vet\u00ebm nj\u00eb Bash\u00eb i dob\u00ebt apo refraktar, mund t\u00eb jet\u00eb shp\u00ebtimi i nj\u00eb Rame beribat prej 9 kushteve, q\u00eb de facto e kthejn\u00eb n\u00eb likuidatorin e sip\u00ebrmarrjes t\u00eb tij gjasht\u00ebvje\u00e7ar\u00eb si kryeminist\u00ebr.<\/p>\n<p>Por, p\u00ebr ta th\u00ebn\u00eb me fjal\u00ebt e Dante Alighieri, Basha, tashm\u00eb i pashmangsh\u00ebm, ka p\u00ebrball\u00eb nj\u00eb \u2018stuhi t\u00eb vdekur\u2019. Prandaj vijon me nj\u00eb strategji e re, por me objektivat e vjetra. Koha i dha t\u00eb drejt\u00eb, sepse 9 kushtet e Bundestagut jan\u00eb qart\u00ebsisht m\u00eb t\u00eb mira se kushti \u2018Rama ik\u2019. Kush ka mpreht\u00ebsin\u00eb e duhur, ka kuptuar se realizimi i kushteve gjermane p\u00ebrkon me realizmin e kushtit t\u00eb opozit\u00ebs. Diferenca e vetme q\u00ebndron te fakti se realizimi i kushteve gjermane, nuk \u00ebsht\u00eb vet\u00ebm n\u00eb interes t\u00eb opozit\u00ebs por edhe t\u00eb shumic\u00ebs s\u00eb shqiptar\u00ebve. Kjo nuk \u00ebsht\u00eb pak, p\u00ebrkundrazi.<\/p>\n<p>Gazeta Panorama.<\/p>\n","protected":false},"excerpt":{"rendered":"<p>Basha i pashmangsh\u00ebm. &#8211; 27\/10\/19 Nga Gentian Gaba \u00cbsht\u00eb e v\u00ebrtet\u00eb, prej dit\u00ebs n\u00eb t\u00eb cil\u00ebn Bundestagu ka votuar 9 kushtet, Lulzim Basha ka ndryshuar strategji. Nj\u00eb hap i domosdosh\u00ebm, sepse q\u00ebndrimi i parlamentit gjerman krijoi nj\u00eb moment t\u00eb ri politik Certifikimi i kriz\u00ebs s\u00eb brendshme shqiptare, kur k\u00ebtu mazhoranca rrekej ta mohonte at\u00eb, n\u00eb [&hellip;]<\/p>\n","protected":false},"author":9,"featured_media":27419,"comment_status":"open","ping_status":"open","sticky":false,"template":"","format":"standard","meta":{"jetpack_post_was_ever_published":false,"_jetpack_newsletter_access":"","_jetpack_dont_email_post_to_subs":false,"_jetpack_newsletter_tier_id":0,"_jetpack_memberships_contains_paywalled_content":false,"_jetpack_memberships_contains_paid_content":false,"footnotes":"","jetpack_publicize_message":"","jetpack_publicize_feature_enabled":true,"jetpack_social_post_already_shared":true,"jetpack_social_options":{"image_generator_settings":{"template":"highway","default_image_id":0,"font":"","enabled":false},"version":2}},"categories":[27,2,35],"tags":[],"class_list":["post-27417","post","type-post","status-publish","format-standard","has-post-thumbnail","hentry","category-blogu-i-udhetarit","category-politika","category-shoqerore"],"jetpack_publicize_connections":[],"jetpack_featured_media_url":"https:\/\/i0.wp.com\/www.shqiperia.com\/blog\/wp-content\/uploads\/2019\/10\/gentian-gaba.jpg?fit=1280%2C745&ssl=1","jetpack_sharing_enabled":true,"jetpack_shortlink":"https:\/\/wp.me\/p5Z6wp-78d","jetpack-related-posts":[{"id":22094,"url":"https:\/\/www.shqiperia.com\/blog\/30-qershori-varreza-politike-e-edi-rames-dhe-rilindjes-se-krimit-basha-tregon-nje-kusht-te-ri-per-zgjidhjen-e-krizes-politike\/","url_meta":{"origin":27417,"position":0},"title":"30 qershori varreza politike e Edi Ram\u00ebs dhe Rilindjes s\u00eb krimit\u201d- Basha tregon nj\u00eb kusht t\u00eb ri p\u00ebr zgjidhjen e kriz\u00ebs politike. &#8211;","author":"Kurt Farka","date":"June 21, 2019","format":false,"excerpt":"30 qershori varreza politike e Edi Ram\u00ebs dhe Rilindjes s\u00eb krimit\u201d- Basha tregon nj\u00eb kusht t\u00eb ri p\u00ebr zgjidhjen e kriz\u00ebs politike. - \u00a021 qershor 2019 Kreu i PD-s\u00eb, Lulzim Basha theksoi edhe nj\u00eb her\u00eb se nuk do t\u00eb ket\u00eb marr\u00ebveshje me pazare\u00a0p\u00ebr zgjidhjen e kriz\u00ebs,\u00a0por mbi parime. Parim t\u00eb\u2026","rel":"","context":"In &quot;Blogu i Udh\u00ebtarit&quot;","block_context":{"text":"Blogu i Udh\u00ebtarit","link":"https:\/\/www.shqiperia.com\/blog\/category\/blogu-i-udhetarit\/"},"img":{"alt_text":"","src":"https:\/\/i0.wp.com\/www.shqiperia.com\/blog\/wp-content\/uploads\/2019\/06\/21122.jpg?fit=758%2C377&ssl=1&resize=350%2C200","width":350,"height":200,"srcset":"https:\/\/i0.wp.com\/www.shqiperia.com\/blog\/wp-content\/uploads\/2019\/06\/21122.jpg?fit=758%2C377&ssl=1&resize=350%2C200 1x, https:\/\/i0.wp.com\/www.shqiperia.com\/blog\/wp-content\/uploads\/2019\/06\/21122.jpg?fit=758%2C377&ssl=1&resize=525%2C300 1.5x, https:\/\/i0.wp.com\/www.shqiperia.com\/blog\/wp-content\/uploads\/2019\/06\/21122.jpg?fit=758%2C377&ssl=1&resize=700%2C400 2x"},"classes":[]},{"id":55764,"url":"https:\/\/www.shqiperia.com\/blog\/lulzim-basha-jep-doreheqjen\/","url_meta":{"origin":27417,"position":1},"title":"Lulzim Basha jep dor\u00ebheqjen","author":"Kurt Farka","date":"March 21, 2022","format":false,"excerpt":"Lulzim Basha jep dor\u00ebheqjen - 21 Mars 2022 Lulzim Basha ka njoftuar dor\u00ebheqjen\u00a0 pasditen e s\u00eb h\u00ebn\u00ebs para grupit parlamentar t\u00eb deputet\u00ebve, an\u00ebtar\u00ebve t\u00eb kryesis\u00eb dhe krer\u00ebve t\u00eb deg\u00ebve. Basha tha se\u00a0 b\u00ebn\u00eb k\u00ebt\u00eb hap pas p\u00ebr t\u00eb bashkuar partin\u00eb. \u201cThellimi i kriz\u00ebs q\u00eb p\u00ebrjetojm\u00eb prej vitesh ka p\u00ebr shkak\u2026","rel":"","context":"In &quot;Blogu i Udh\u00ebtarit&quot;","block_context":{"text":"Blogu i Udh\u00ebtarit","link":"https:\/\/www.shqiperia.com\/blog\/category\/blogu-i-udhetarit\/"},"img":{"alt_text":"","src":"https:\/\/i0.wp.com\/www.shqiperia.com\/blog\/wp-content\/uploads\/2022\/03\/auto_auto_Lulzim_Basha_konference16378733261639088931.jpg?fit=900%2C584&ssl=1&resize=350%2C200","width":350,"height":200,"srcset":"https:\/\/i0.wp.com\/www.shqiperia.com\/blog\/wp-content\/uploads\/2022\/03\/auto_auto_Lulzim_Basha_konference16378733261639088931.jpg?fit=900%2C584&ssl=1&resize=350%2C200 1x, https:\/\/i0.wp.com\/www.shqiperia.com\/blog\/wp-content\/uploads\/2022\/03\/auto_auto_Lulzim_Basha_konference16378733261639088931.jpg?fit=900%2C584&ssl=1&resize=525%2C300 1.5x, https:\/\/i0.wp.com\/www.shqiperia.com\/blog\/wp-content\/uploads\/2022\/03\/auto_auto_Lulzim_Basha_konference16378733261639088931.jpg?fit=900%2C584&ssl=1&resize=700%2C400 2x"},"classes":[]},{"id":16190,"url":"https:\/\/www.shqiperia.com\/blog\/do-ta-rrezojme-qeverine-basha-merr-vendimin-pas-mbledhjes-te-shtunen-opozita-do-te-nise\/","url_meta":{"origin":27417,"position":2},"title":"\u201cDo ta rr\u00ebzojm\u00eb qeverin\u00eb\u201d, Basha merr vendimin pas mbledhjes: T\u00eb shtun\u00ebn opozita do t\u00eb nis\u00eb\u2026-","author":"Kurt Farka","date":"January 16, 2019","format":false,"excerpt":"\u201cDo ta rr\u00ebzojm\u00eb qeverin\u00eb\u201d, Basha merr vendimin pas mbledhjes: T\u00eb shtun\u00ebn opozita do t\u00eb nis\u00eb\u2026- 16 janar 2019 Kryetari i Partis\u00eb Demokratike, Lulzim Basha, ka lajm\u00ebruar se t\u00eb shtun\u00ebn, dat\u00eb PD do t\u00eb mbledh\u00eb K\u00ebshillin Komb\u00ebtar p\u00ebr vendsojen e nj\u00eb date p\u00ebr nisjen e protestave popullore.\u00a0 \u00a0 \u00a0 \u00a0 \u00a0\u2026","rel":"","context":"In &quot;Njoftime Shtypi&quot;","block_context":{"text":"Njoftime Shtypi","link":"https:\/\/www.shqiperia.com\/blog\/category\/njoftime-shtypi\/"},"img":{"alt_text":"","src":"https:\/\/i0.wp.com\/www.shqiperia.com\/blog\/wp-content\/uploads\/2019\/01\/454451.jpg?fit=856%2C474&ssl=1&resize=350%2C200","width":350,"height":200,"srcset":"https:\/\/i0.wp.com\/www.shqiperia.com\/blog\/wp-content\/uploads\/2019\/01\/454451.jpg?fit=856%2C474&ssl=1&resize=350%2C200 1x, https:\/\/i0.wp.com\/www.shqiperia.com\/blog\/wp-content\/uploads\/2019\/01\/454451.jpg?fit=856%2C474&ssl=1&resize=525%2C300 1.5x, https:\/\/i0.wp.com\/www.shqiperia.com\/blog\/wp-content\/uploads\/2019\/01\/454451.jpg?fit=856%2C474&ssl=1&resize=700%2C400 2x"},"classes":[]},{"id":26474,"url":"https:\/\/www.shqiperia.com\/blog\/zeri-i-amerikes-opozita-shqiptare-shpreson-zgjedhje-te-parakohshme-qeveria-dialog-ne-institucione\/","url_meta":{"origin":27417,"position":3},"title":"Z\u00ebri i Amerik\u00ebs: Opozita shqiptare shpreson zgjedhje t\u00eb parakohshme, qeveria dialog n\u00eb institucione. &#8211;","author":"Kurt Farka","date":"September 30, 2019","format":false,"excerpt":"Z\u00ebri i Amerik\u00ebs: Opozita shqiptare shpreson zgjedhje t\u00eb parakohshme, qeveria dialog n\u00eb institucione. 29 shtator 2019 N\u00eb Tiran\u00eb, Partia Demokratike e opozit\u00ebs po p\u00ebrgatit deg\u00ebt e saj p\u00ebr zgjedhje t\u00eb parakohshme, sipas t\u00eb dh\u00ebnave nga nj\u00eb mbledhje e sotme. Opozita ka vler\u00ebsuar se kriza politike mund t\u00eb kap\u00ebrcehet me zgjedhje\u2026","rel":"","context":"In &quot;Blogu i Udh\u00ebtarit&quot;","block_context":{"text":"Blogu i Udh\u00ebtarit","link":"https:\/\/www.shqiperia.com\/blog\/category\/blogu-i-udhetarit\/"},"img":{"alt_text":"","src":"https:\/\/i0.wp.com\/www.shqiperia.com\/blog\/wp-content\/uploads\/2019\/09\/D1D8C398-A304-4572-A788-38D5F5EA619E_w1023_r1_s-433x300.jpg?fit=433%2C218&ssl=1&resize=350%2C200","width":350,"height":200},"classes":[]},{"id":26457,"url":"https:\/\/www.shqiperia.com\/blog\/pd-ngrin-protestat-dhe-harron-ramen-njofton-2-zgjedhje-ne-1-dite\/","url_meta":{"origin":27417,"position":4},"title":"PD \u2018ngrin\u2019 protestat dhe \u2018harron\u2019 Ram\u00ebn, njofton \u20182 zgjedhje n\u00eb 1 dit\u00eb\u2019. &#8211;","author":"Kurt Farka","date":"September 29, 2019","format":false,"excerpt":"PD \u2018ngrin\u2019 protestat dhe \u2018harron\u2019 Ram\u00ebn, njofton \u20182 zgjedhje n\u00eb 1 dit\u00eb\u2019 29 shtator \u00a02019 N\u00eb Partin\u00eb Demokratike \u00ebsht\u00eb thirrur sot nj\u00eb mbledhje me kryesin\u00eb dhe ish-grupin parlamentar, ku n\u00eb fokus ishin zgjedhjet e parakohshme. \u201cJemi futur ne faz\u00ebn finale te zgjidhjes s\u00eb kriz\u00ebs. Zgjidhja e kriz\u00ebs, q\u00eb mbetet imperativ\u2026","rel":"","context":"In &quot;Blogu i Udh\u00ebtarit&quot;","block_context":{"text":"Blogu i Udh\u00ebtarit","link":"https:\/\/www.shqiperia.com\/blog\/category\/blogu-i-udhetarit\/"},"img":{"alt_text":"","src":"https:\/\/i0.wp.com\/www.shqiperia.com\/blog\/wp-content\/uploads\/2019\/09\/rama-basha-cfare-shikimi1-905x450-1.jpg?fit=905%2C450&ssl=1&resize=350%2C200","width":350,"height":200,"srcset":"https:\/\/i0.wp.com\/www.shqiperia.com\/blog\/wp-content\/uploads\/2019\/09\/rama-basha-cfare-shikimi1-905x450-1.jpg?fit=905%2C450&ssl=1&resize=350%2C200 1x, https:\/\/i0.wp.com\/www.shqiperia.com\/blog\/wp-content\/uploads\/2019\/09\/rama-basha-cfare-shikimi1-905x450-1.jpg?fit=905%2C450&ssl=1&resize=525%2C300 1.5x, https:\/\/i0.wp.com\/www.shqiperia.com\/blog\/wp-content\/uploads\/2019\/09\/rama-basha-cfare-shikimi1-905x450-1.jpg?fit=905%2C450&ssl=1&resize=700%2C400 2x"},"classes":[]},{"id":26773,"url":"https:\/\/www.shqiperia.com\/blog\/kryeministri-tha-se-ishte-i-gatshem-te-shkonte-ne-zyre-basha-rama-i-interesuar-per-nje-shfaqje-tjeter-vendi-ska-nevoje-per-takim-sa-per-sy-e-faqe-por\/","url_meta":{"origin":27417,"position":5},"title":"Kryeministri tha se ishte i gatsh\u00ebm t\u00eb shkonte n\u00eb zyr\u00eb, Basha: Rama i interesuar p\u00ebr nj\u00eb shfaqje tjet\u00ebr, vendi s\u2019ka nevoj\u00eb p\u00ebr takim sa p\u00ebr sy e faqe, por\u2026","author":"Kurt Farka","date":"October 6, 2019","format":false,"excerpt":"Kryeministri tha se ishte i gatsh\u00ebm t\u00eb shkonte n\u00eb zyr\u00eb, Basha: Rama i interesuar p\u00ebr nj\u00eb shfaqje tjet\u00ebr, vendi s\u2019ka nevoj\u00eb p\u00ebr takim sa p\u00ebr sy e faqe, por\u2026 5 tetor 2019 Kreu i PD-s\u00eb, Lulzim Basha, theksoi edhe nj\u00ebher\u00eb se e vetmja zgjidhje e kriz\u00ebs politike n\u00eb vend jan\u00eb\u2026","rel":"","context":"In &quot;Blogu i Udh\u00ebtarit&quot;","block_context":{"text":"Blogu i Udh\u00ebtarit","link":"https:\/\/www.shqiperia.com\/blog\/category\/blogu-i-udhetarit\/"},"img":{"alt_text":"","src":"https:\/\/i0.wp.com\/www.shqiperia.com\/blog\/wp-content\/uploads\/2019\/10\/basha-te-kjo-jave-5-768x461.jpg?fit=690%2C367&ssl=1&resize=350%2C200","width":350,"height":200,"srcset":"https:\/\/i0.wp.com\/www.shqiperia.com\/blog\/wp-content\/uploads\/2019\/10\/basha-te-kjo-jave-5-768x461.jpg?fit=690%2C367&ssl=1&resize=350%2C200 1x, https:\/\/i0.wp.com\/www.shqiperia.com\/blog\/wp-content\/uploads\/2019\/10\/basha-te-kjo-jave-5-768x461.jpg?fit=690%2C367&ssl=1&resize=525%2C300 1.5x"},"classes":[]}],"_links":{"self":[{"href":"https:\/\/www.shqiperia.com\/blog\/wp-json\/wp\/v2\/posts\/27417","targetHints":{"allow":["GET"]}}],"collection":[{"href":"https:\/\/www.shqiperia.com\/blog\/wp-json\/wp\/v2\/posts"}],"about":[{"href":"https:\/\/www.shqiperia.com\/blog\/wp-json\/wp\/v2\/types\/post"}],"author":[{"embeddable":true,"href":"https:\/\/www.shqiperia.com\/blog\/wp-json\/wp\/v2\/users\/9"}],"replies":[{"embeddable":true,"href":"https:\/\/www.shqiperia.com\/blog\/wp-json\/wp\/v2\/comments?post=27417"}],"version-history":[{"count":3,"href":"https:\/\/www.shqiperia.com\/blog\/wp-json\/wp\/v2\/posts\/27417\/revisions"}],"predecessor-version":[{"id":27425,"href":"https:\/\/www.shqiperia.com\/blog\/wp-json\/wp\/v2\/posts\/27417\/revisions\/27425"}],"wp:featuredmedia":[{"embeddable":true,"href":"https:\/\/www.shqiperia.com\/blog\/wp-json\/wp\/v2\/media\/27419"}],"wp:attachment":[{"href":"https:\/\/www.shqiperia.com\/blog\/wp-json\/wp\/v2\/media?parent=27417"}],"wp:term":[{"taxonomy":"category","embeddable":true,"href":"https:\/\/www.shqiperia.com\/blog\/wp-json\/wp\/v2\/categories?post=27417"},{"taxonomy":"post_tag","embeddable":true,"href":"https:\/\/www.shqiperia.com\/blog\/wp-json\/wp\/v2\/tags?post=27417"}],"curies":[{"name":"wp","href":"https:\/\/api.w.org\/{rel}","templated":true}]}}