{"id":27411,"date":"2019-10-28T09:18:30","date_gmt":"2019-10-28T09:18:30","guid":{"rendered":"https:\/\/www.shqiperia.com\/blog\/?p=27411"},"modified":"2019-10-28T13:24:19","modified_gmt":"2019-10-28T13:24:19","slug":"mitsotakis-iu-rikthye-marreveshjes-se-detit-te-2009-si-kusht-rama-neser-ne-athine-zbardhen-detaje-me-ke-do-takohet","status":"publish","type":"post","link":"https:\/\/www.shqiperia.com\/blog\/mitsotakis-iu-rikthye-marreveshjes-se-detit-te-2009-si-kusht-rama-neser-ne-athine-zbardhen-detaje-me-ke-do-takohet\/","title":{"rendered":"Mitsotakis iu rikthye Marr\u00ebveshjes s\u00eb Detit t\u00eb 2009 si kusht. Rama nes\u00ebr n\u00eb Athin\u00eb, zbardhen detaje. Me k\u00eb do takohet. &#8211;"},"content":{"rendered":"<p><img data-recalc-dims=\"1\" loading=\"lazy\" decoding=\"async\" data-attachment-id=\"27412\" data-permalink=\"https:\/\/www.shqiperia.com\/blog\/mitsotakis-iu-rikthye-marreveshjes-se-detit-te-2009-si-kusht-rama-neser-ne-athine-zbardhen-detaje-me-ke-do-takohet\/rama-mitsotakis-1\/\" data-orig-file=\"https:\/\/i0.wp.com\/www.shqiperia.com\/blog\/wp-content\/uploads\/2019\/10\/rama-mitsotakis-1.jpg?fit=934%2C526&amp;ssl=1\" data-orig-size=\"934,526\" data-comments-opened=\"1\" data-image-meta=\"{&quot;aperture&quot;:&quot;0&quot;,&quot;credit&quot;:&quot;&quot;,&quot;camera&quot;:&quot;&quot;,&quot;caption&quot;:&quot;&quot;,&quot;created_timestamp&quot;:&quot;0&quot;,&quot;copyright&quot;:&quot;&quot;,&quot;focal_length&quot;:&quot;0&quot;,&quot;iso&quot;:&quot;0&quot;,&quot;shutter_speed&quot;:&quot;0&quot;,&quot;title&quot;:&quot;&quot;,&quot;orientation&quot;:&quot;0&quot;}\" data-image-title=\"rama-mitsotakis-1\" data-image-description=\"\" data-image-caption=\"\" data-medium-file=\"https:\/\/i0.wp.com\/www.shqiperia.com\/blog\/wp-content\/uploads\/2019\/10\/rama-mitsotakis-1.jpg?fit=300%2C169&amp;ssl=1\" data-large-file=\"https:\/\/i0.wp.com\/www.shqiperia.com\/blog\/wp-content\/uploads\/2019\/10\/rama-mitsotakis-1.jpg?fit=934%2C526&amp;ssl=1\" class=\"alignnone wp-image-27412\" alt=\"\" src=\"https:\/\/i0.wp.com\/www.shqiperia.com\/blog\/wp-content\/uploads\/2019\/10\/rama-mitsotakis-1.jpg?resize=536%2C302&#038;ssl=1\" width=\"536\" height=\"302\" srcset=\"https:\/\/i0.wp.com\/www.shqiperia.com\/blog\/wp-content\/uploads\/2019\/10\/rama-mitsotakis-1.jpg?resize=300%2C169&amp;ssl=1 300w, https:\/\/i0.wp.com\/www.shqiperia.com\/blog\/wp-content\/uploads\/2019\/10\/rama-mitsotakis-1.jpg?resize=768%2C433&amp;ssl=1 768w, https:\/\/i0.wp.com\/www.shqiperia.com\/blog\/wp-content\/uploads\/2019\/10\/rama-mitsotakis-1.jpg?resize=450%2C253&amp;ssl=1 450w, https:\/\/i0.wp.com\/www.shqiperia.com\/blog\/wp-content\/uploads\/2019\/10\/rama-mitsotakis-1.jpg?resize=600%2C338&amp;ssl=1 600w, https:\/\/i0.wp.com\/www.shqiperia.com\/blog\/wp-content\/uploads\/2019\/10\/rama-mitsotakis-1.jpg?resize=400%2C225&amp;ssl=1 400w, https:\/\/i0.wp.com\/www.shqiperia.com\/blog\/wp-content\/uploads\/2019\/10\/rama-mitsotakis-1.jpg?w=934&amp;ssl=1 934w\" sizes=\"auto, (max-width: 536px) 100vw, 536px\" \/><\/p>\n<p>Mitsotakis iu rikthye Marr\u00ebveshjes s\u00eb Detit t\u00eb 2009 si kusht. Rama nes\u00ebr n\u00eb Athin\u00eb, zbardhen detaje. Me k\u00eb do takohet<\/p>\n<p><em>28 tetor 2019<\/em><\/p>\n<p><strong>Kryeministri shqiptar Edi Rama dhe ai grek, Kyriakos Mitsotakis, takohen neser ne Athine ku do te diskutohet per ceshtjen e detit dhe ceshtje te tjera qe mbeten teme kryesore mes dy vendeve.<\/strong><\/p>\n<p>Kreu i qeverise greke i \u00ebsht\u00eb rikthyer Marr\u00ebveshjes s\u00eb Detit me Shqip\u00ebrin\u00eb t\u00eb 2009-s dhe ia vendos si kusht Tiran\u00ebs zyrtare p\u00ebr mb\u00ebshtetje n\u00eb hapjen e negociatave.<\/p>\n<p>M\u00ebsohet se kjo tem\u00eb, por dhe t\u00eb drejtat e minoritetit grek n\u00eb Shqip\u00ebri, do t\u00eb bisedohen n\u00eb takimin q\u00eb Kryeministri Rama do t\u00eb zhvilloj\u00eb n\u00eb Athin\u00eb t\u00eb mart\u00ebn me homologun grek Mitsotakis,\u00a0n\u00eb kuad\u00ebr t\u00eb samitit bot\u00ebror arab, ku do t\u00eb marrin pjes\u00eb edhe kryeministra t\u00eb tjer\u00eb t\u00eb rajonit. Kryeministri grek, Kyriakos Mitsotakis, gjat\u00eb nj\u00eb vizite n\u00eb qytetin e Selanikut u shpreh n\u00eb fjal\u00ebn e tij se Shqip\u00ebria dhe Maqedonia e Veriut do t\u00eb jen\u00eb n\u00ebn v\u00ebzhgim p\u00ebr plot\u00ebsimin e kushteve p\u00ebr hapjen e negociatave.<\/p>\n<p>\u201cDuke mos rrezikuar as m\u00eb t\u00eb voglin destabilizim n\u00eb rajon, do t\u00eb ndjekim me v\u00ebmendje fqinj\u00ebt tan\u00eb se si do t\u00eb p\u00ebrgjigjen ndaj detyrimeve t\u00eb tyre\u201d, ka theksuar Mitsotakis, duke shtuar se Athina favorizon perspektiv\u00ebn europiane t\u00eb Shqip\u00ebris\u00eb dhe Maqedonis\u00eb s\u00eb Veriut, me kusht q\u00eb ato t\u00eb plot\u00ebsojn\u00eb detyrimet e tyre.<\/p>\n<p>\u201cAshtu si me t\u00eb gjith\u00eb, edhe me Shqip\u00ebrin\u00eb k\u00ebrkojm\u00eb marr\u00ebdh\u00ebnie t\u00eb mira fqinj\u00ebsore. Nuk duhet t\u00eb harrojm\u00eb se Greqia ka pritur shum\u00eb emigrant\u00eb ekonomik\u00eb nga Shqip\u00ebria, duke dh\u00ebn\u00eb n\u00eb k\u00ebt\u00eb m\u00ebnyr\u00eb nj\u00eb dor\u00eb n\u00eb rim\u00ebk\u00ebmbjen ekonomike t\u00eb saj. Kuadri i bashk\u00ebpunimit ton\u00eb \u00ebsht\u00eb tep\u00ebr i gjer\u00eb. Por kusht p\u00ebr progresin e p\u00ebrbashk\u00ebt, kusht q\u00eb t\u00eb hapet n\u00eb nj\u00eb moment edhe rruga europiane e Shqip\u00ebris\u00eb, \u00ebsht\u00eb respektimi i minoritetit grek dhe i t\u00eb drejtave t\u00eb tij\u201d, ka deklaruar Kryeministri grek sipas \u201cTop Channel\u201d.<\/p>\n<p>Kreu i qeveris\u00eb greke, p\u00ebr her\u00eb t\u00eb par\u00eb prej dit\u00ebs kur erdhi n\u00eb pushtet, ka b\u00ebr\u00eb thirrje edhe p\u00ebr gjetjen e gjuh\u00ebs s\u00eb p\u00ebrbashk\u00ebt n\u00eb p\u00ebrcaktimin e zonave ekonomike ekskluzive n\u00eb detin Jon.<\/p>\n<p>\u201cKusht \u00ebsht\u00eb t\u00eb mos ket\u00eb asnj\u00eb thirrje nga njer\u00ebz q\u00eb nuk e njohin historin\u00eb, si dhe qasja e sinqert\u00eb p\u00ebr p\u00ebrcaktimin e zonave ekonomike ekskluzive t\u00eb t\u00eb dy vendeve n\u00eb Jon, nj\u00eb proces q\u00eb dua t\u2019ju kujtoj se kishte p\u00ebrfunduar n\u00eb 2009, por at\u00ebher\u00eb Tirana zyrtare b\u00ebri pas\u201d, ka deklaruar Mitsotakis. N\u00eb t\u00eb nj\u00ebjt\u00ebn gjat\u00ebsi vale ishin deklaratat e Mitsotakis edhe p\u00ebr fqinjin verior, q\u00eb zhvillon zgjedhjet e parakohshme m\u00eb 12 prill t\u00eb vitit q\u00eb vjen, duke kujtuar se v\u00ebrtet partia e tij dhe ai vet\u00eb nuk ishin dakord me Marr\u00ebveshjen e Presp\u00ebs, por ai do ta zbatoj\u00eb at\u00eb dhe t\u00eb nj\u00ebjt\u00ebn gj\u00eb do t\u00eb k\u00ebrkoj\u00eb edhe nga qeveria e Shkupit.<\/p>\n<p>Gazeta Panorama<\/p>\n","protected":false},"excerpt":{"rendered":"<p>Mitsotakis iu rikthye Marr\u00ebveshjes s\u00eb Detit t\u00eb 2009 si kusht. Rama nes\u00ebr n\u00eb Athin\u00eb, zbardhen detaje. Me k\u00eb do takohet 28 tetor 2019 Kryeministri shqiptar Edi Rama dhe ai grek, Kyriakos Mitsotakis, takohen neser ne Athine ku do te diskutohet per ceshtjen e detit dhe ceshtje te tjera qe mbeten teme kryesore mes dy vendeve. [&hellip;]<\/p>\n","protected":false},"author":9,"featured_media":27412,"comment_status":"open","ping_status":"open","sticky":false,"template":"","format":"standard","meta":{"jetpack_post_was_ever_published":false,"_jetpack_newsletter_access":"","_jetpack_dont_email_post_to_subs":false,"_jetpack_newsletter_tier_id":0,"_jetpack_memberships_contains_paywalled_content":false,"_jetpack_memberships_contains_paid_content":false,"footnotes":"","jetpack_publicize_message":"","jetpack_publicize_feature_enabled":true,"jetpack_social_post_already_shared":true,"jetpack_social_options":{"image_generator_settings":{"template":"highway","default_image_id":0,"font":"","enabled":false},"version":2}},"categories":[27,2],"tags":[],"class_list":["post-27411","post","type-post","status-publish","format-standard","has-post-thumbnail","hentry","category-blogu-i-udhetarit","category-politika"],"jetpack_publicize_connections":[],"jetpack_featured_media_url":"https:\/\/i0.wp.com\/www.shqiperia.com\/blog\/wp-content\/uploads\/2019\/10\/rama-mitsotakis-1.jpg?fit=934%2C526&ssl=1","jetpack_sharing_enabled":true,"jetpack_shortlink":"https:\/\/wp.me\/p5Z6wp-787","jetpack-related-posts":[{"id":38673,"url":"https:\/\/www.shqiperia.com\/blog\/ndarja-e-detit-me-greqine-zbulohet-shteti-qe-mund-te-jete-pale-e-trete-ne-dialog\/","url_meta":{"origin":27411,"position":0},"title":"Ndarja e &#8216;Detit&#8217; me Greqin\u00eb, zbulohet shteti q\u00eb mund t\u00eb jet\u00eb pal\u00eb e tret\u00eb n\u00eb dialog","author":"Kurt Farka","date":"September 19, 2020","format":false,"excerpt":"Ndarja e 'Detit' me Greqin\u00eb, zbulohet shteti q\u00eb mund t\u00eb jet\u00eb pal\u00eb e tret\u00eb n\u00eb dialog 16 SHTATOR 2020 Korrespodenti i Top Channel n\u00eb Athin\u00eb, Artur Bibe dha n\u00eb emisionin Open detaje nga takimi i kryeministrit Edi Rama me at\u00eb grek Mitsotakis. Bibe raportoi se takimi prodhoi mjaft pozitivitet. \"Iu\u2026","rel":"","context":"In &quot;Blogu i Udh\u00ebtarit&quot;","block_context":{"text":"Blogu i Udh\u00ebtarit","link":"https:\/\/www.shqiperia.com\/blog\/category\/blogu-i-udhetarit\/"},"img":{"alt_text":"","src":"https:\/\/i0.wp.com\/www.shqiperia.com\/blog\/wp-content\/uploads\/2020\/09\/640-0-5f62666ddacdb.jpg?fit=599%2C339&ssl=1&resize=350%2C200","width":350,"height":200,"srcset":"https:\/\/i0.wp.com\/www.shqiperia.com\/blog\/wp-content\/uploads\/2020\/09\/640-0-5f62666ddacdb.jpg?fit=599%2C339&ssl=1&resize=350%2C200 1x, https:\/\/i0.wp.com\/www.shqiperia.com\/blog\/wp-content\/uploads\/2020\/09\/640-0-5f62666ddacdb.jpg?fit=599%2C339&ssl=1&resize=525%2C300 1.5x"},"classes":[]},{"id":65199,"url":"https:\/\/www.shqiperia.com\/blog\/kyriakos-mitsotakis-vjen-neser-ne-tirane-takon-janullatosin-dhe-do-vizitoje-himaren\/","url_meta":{"origin":27411,"position":1},"title":"Kyriakos Mitsotakis vjen nes\u00ebr n\u00eb Tiran\u00eb, takon Janullatosin dhe do vizitoj\u00eb Himar\u00ebn,&#8230;","author":"Kurt Farka","date":"December 6, 2022","format":false,"excerpt":"6 Dhjetor 2022 Kryeministri grek Kyriakos Mitsotakis do t\u00eb marr\u00eb pjes\u00eb n\u00eb punimet e Samitit Plenar t\u00eb Bashkimit Evropian \u2013 Ballkani Per\u00ebndimor, i cili do mbahet n\u00eb Tiran\u00eb. N\u00eb or\u00ebn 18:00 Kyriakos Mitsotakis do t\u00eb takohet me Kryepeshkopin e Tiran\u00ebs, Durr\u00ebsit dhe gjith\u00eb Shqip\u00ebris\u00eb Anastas Janullatos. N\u00eb or\u00ebn 18:45 ai\u2026","rel":"","context":"In &quot;Blogu i Udh\u00ebtarit&quot;","block_context":{"text":"Blogu i Udh\u00ebtarit","link":"https:\/\/www.shqiperia.com\/blog\/category\/blogu-i-udhetarit\/"},"img":{"alt_text":"","src":"https:\/\/i0.wp.com\/www.shqiperia.com\/blog\/wp-content\/uploads\/2022\/12\/tfdhgffg-770x433-1.jpg?fit=770%2C433&ssl=1&resize=350%2C200","width":350,"height":200,"srcset":"https:\/\/i0.wp.com\/www.shqiperia.com\/blog\/wp-content\/uploads\/2022\/12\/tfdhgffg-770x433-1.jpg?fit=770%2C433&ssl=1&resize=350%2C200 1x, https:\/\/i0.wp.com\/www.shqiperia.com\/blog\/wp-content\/uploads\/2022\/12\/tfdhgffg-770x433-1.jpg?fit=770%2C433&ssl=1&resize=525%2C300 1.5x, https:\/\/i0.wp.com\/www.shqiperia.com\/blog\/wp-content\/uploads\/2022\/12\/tfdhgffg-770x433-1.jpg?fit=770%2C433&ssl=1&resize=700%2C400 2x"},"classes":[]},{"id":65263,"url":"https:\/\/www.shqiperia.com\/blog\/rama-mitsotakis-loje-fjalesh-per-te-fshehur-ceshtjen-e-detit\/","url_meta":{"origin":27411,"position":2},"title":"&#8211; Rama &#8211; Mitsotakis. &#8211; Loje fjalesh per te fshehur  ceshtjen e Detit.","author":"Kurt Farka","date":"December 7, 2022","format":false,"excerpt":"7 Dhjetor 2022 Mediat greke i kan\u00eb kushtuar nj\u00eb artikull takimit t\u00eb kryeministrit Edi Rama s\u00eb bashku me homologun grek Kyriakos Mitsotakis. Ekathimerini\u00a0shkruan se\u00a0Rama i ka k\u00ebrkuar falje kryeministrit Mitsotakis n\u00eb lidhje me deklaratat e b\u00ebra se Greqia ka mashtruar p\u00ebr t\u00eb hyr\u00eb n\u00eb Bashkimin Europian. N\u00eb artikull thuhet se\u2026","rel":"","context":"In &quot;Blogu i Udh\u00ebtarit&quot;","block_context":{"text":"Blogu i Udh\u00ebtarit","link":"https:\/\/www.shqiperia.com\/blog\/category\/blogu-i-udhetarit\/"},"img":{"alt_text":"","src":"https:\/\/i0.wp.com\/www.shqiperia.com\/blog\/wp-content\/uploads\/2022\/12\/page-40-770x433-1.jpg?fit=770%2C433&ssl=1&resize=350%2C200","width":350,"height":200,"srcset":"https:\/\/i0.wp.com\/www.shqiperia.com\/blog\/wp-content\/uploads\/2022\/12\/page-40-770x433-1.jpg?fit=770%2C433&ssl=1&resize=350%2C200 1x, https:\/\/i0.wp.com\/www.shqiperia.com\/blog\/wp-content\/uploads\/2022\/12\/page-40-770x433-1.jpg?fit=770%2C433&ssl=1&resize=525%2C300 1.5x, https:\/\/i0.wp.com\/www.shqiperia.com\/blog\/wp-content\/uploads\/2022\/12\/page-40-770x433-1.jpg?fit=770%2C433&ssl=1&resize=700%2C400 2x"},"classes":[]},{"id":80768,"url":"https:\/\/www.shqiperia.com\/blog\/rama-ne-12-maj-ne-athine-reagon-mitsotakis-kryeministri-shqiptar-nuk-eshte-i-ftuar-i-qeverise-por\/","url_meta":{"origin":27411,"position":3},"title":"Rama n\u00eb 12 Maj n\u00eb Athin\u00eb\/ Reagon Mitsotakis: Kryeministri shqiptar nuk \u00ebsht\u00eb i ftuar i qeveris\u00eb, por&#8230;","author":"Kurt Farka","date":"May 8, 2024","format":false,"excerpt":"8 Maji 2024 Kryeministri grek Kyriakos Mitsotakis flet p\u00ebr vizit\u00ebn e Edi Ram\u00ebs n\u00eb Greqi. Mitsotakis ka th\u00ebn\u00eb p\u00ebr mediat se Rama n\u00eb Greqi nuk \u00ebsht\u00eb i ftuar i qeveris\u00eb Mitsotakis. \u201cEdi Rama vjen t\u00eb bisedoj\u00eb me bashk\u00ebkombasit e tij. Zgjedhja e Ram\u00ebs p\u00ebr k\u00ebt\u00eb vizit\u00eb m\u00eb duket e panevojshme.\u2026","rel":"","context":"In &quot;Blogu i Udh\u00ebtarit&quot;","block_context":{"text":"Blogu i Udh\u00ebtarit","link":"https:\/\/www.shqiperia.com\/blog\/category\/blogu-i-udhetarit\/"},"img":{"alt_text":"","src":"https:\/\/i0.wp.com\/www.shqiperia.com\/blog\/wp-content\/uploads\/2024\/05\/663b83eb87a9f.png?fit=800%2C542&ssl=1&resize=350%2C200","width":350,"height":200,"srcset":"https:\/\/i0.wp.com\/www.shqiperia.com\/blog\/wp-content\/uploads\/2024\/05\/663b83eb87a9f.png?fit=800%2C542&ssl=1&resize=350%2C200 1x, https:\/\/i0.wp.com\/www.shqiperia.com\/blog\/wp-content\/uploads\/2024\/05\/663b83eb87a9f.png?fit=800%2C542&ssl=1&resize=525%2C300 1.5x, https:\/\/i0.wp.com\/www.shqiperia.com\/blog\/wp-content\/uploads\/2024\/05\/663b83eb87a9f.png?fit=800%2C542&ssl=1&resize=700%2C400 2x"},"classes":[]},{"id":80867,"url":"https:\/\/www.shqiperia.com\/blog\/rama-ne-athine-ne-12-maj-mediat-greke-deri-tani-eshte-i-pastrehe\/","url_meta":{"origin":27411,"position":4},"title":"Rama n\u00eb Athin\u00eb n\u00eb 12 Maj, mediat greke: &#8211; Deri tani \u00ebsht\u00eb i pastreh\u00eb","author":"Kurt Farka","date":"May 9, 2024","format":false,"excerpt":"9 Maji 2024 N\u00eb Athin\u00eb vazhdojn\u00eb ende k\u00ebrkimet p\u00ebr t\u00eb gjetur nj\u00eb hap\u00ebsir\u00eb p\u00ebr tubimin e Kryeministrit Edi Rama me diaspor\u00ebn shqiptare t\u00eb diel\u00ebn m\u00eb 12 Maj. Media greke \u201cProtothema\u201d shkruan se deri m\u00eb tani nuk ka asnj\u00eb hap\u00ebsir\u00eb t\u00eb rezervuar p\u00ebr takimin e Kryeministrit shqiptar. \u201cEdi Rama \u00ebsht\u00eb \u2018i\u2026","rel":"","context":"In &quot;Blogu i Udh\u00ebtarit&quot;","block_context":{"text":"Blogu i Udh\u00ebtarit","link":"https:\/\/www.shqiperia.com\/blog\/category\/blogu-i-udhetarit\/"},"img":{"alt_text":"","src":"https:\/\/i0.wp.com\/www.shqiperia.com\/blog\/wp-content\/uploads\/2024\/05\/auto_KOSOVA-HARTA-Kosovo-Karte_edi-rama1646733143.jpg?fit=850%2C638&ssl=1&resize=350%2C200","width":350,"height":200,"srcset":"https:\/\/i0.wp.com\/www.shqiperia.com\/blog\/wp-content\/uploads\/2024\/05\/auto_KOSOVA-HARTA-Kosovo-Karte_edi-rama1646733143.jpg?fit=850%2C638&ssl=1&resize=350%2C200 1x, https:\/\/i0.wp.com\/www.shqiperia.com\/blog\/wp-content\/uploads\/2024\/05\/auto_KOSOVA-HARTA-Kosovo-Karte_edi-rama1646733143.jpg?fit=850%2C638&ssl=1&resize=525%2C300 1.5x, https:\/\/i0.wp.com\/www.shqiperia.com\/blog\/wp-content\/uploads\/2024\/05\/auto_KOSOVA-HARTA-Kosovo-Karte_edi-rama1646733143.jpg?fit=850%2C638&ssl=1&resize=700%2C400 2x"},"classes":[]},{"id":51544,"url":"https:\/\/www.shqiperia.com\/blog\/britania-e-madhe-kundershton-kerkesen-e-kryeministrit-grek-per-kthimin-e-statujave-te-partenonit\/","url_meta":{"origin":27411,"position":5},"title":"Britania e Madhe kundershton k\u00ebrkes\u00ebn e kryeministrit grek p\u00ebr kthimin e statujave t\u00eb Partenonit","author":"Kurt Farka","date":"November 20, 2021","format":false,"excerpt":"Britania e Madhe kundershton k\u00ebrkes\u00ebn e kryeministrit grek p\u00ebr kthimin e statujave t\u00eb Partenonit 17 Nentor 2021 Greqia q\u00eb prej vitit 1832, k\u00ebrkon kthimin e skulpturave, t\u00eb cilat u hoq\u00ebn nga tempulli i Partenonit n\u00eb Athin\u00eb n\u00eb fillim t\u00eb shekullit t\u00eb 19-t\u00eb nga diplomati britanik, Lord Elgin Kryeministri britanik, Boris\u2026","rel":"","context":"In &quot;Press Releases&quot;","block_context":{"text":"Press Releases","link":"https:\/\/www.shqiperia.com\/blog\/category\/press-releases\/"},"img":{"alt_text":"","src":"https:\/\/i0.wp.com\/www.shqiperia.com\/blog\/wp-content\/uploads\/2021\/11\/Skulptura-te-Panteonit-ne-Angli.jpg?fit=738%2C441&ssl=1&resize=350%2C200","width":350,"height":200,"srcset":"https:\/\/i0.wp.com\/www.shqiperia.com\/blog\/wp-content\/uploads\/2021\/11\/Skulptura-te-Panteonit-ne-Angli.jpg?fit=738%2C441&ssl=1&resize=350%2C200 1x, https:\/\/i0.wp.com\/www.shqiperia.com\/blog\/wp-content\/uploads\/2021\/11\/Skulptura-te-Panteonit-ne-Angli.jpg?fit=738%2C441&ssl=1&resize=525%2C300 1.5x, https:\/\/i0.wp.com\/www.shqiperia.com\/blog\/wp-content\/uploads\/2021\/11\/Skulptura-te-Panteonit-ne-Angli.jpg?fit=738%2C441&ssl=1&resize=700%2C400 2x"},"classes":[]}],"_links":{"self":[{"href":"https:\/\/www.shqiperia.com\/blog\/wp-json\/wp\/v2\/posts\/27411","targetHints":{"allow":["GET"]}}],"collection":[{"href":"https:\/\/www.shqiperia.com\/blog\/wp-json\/wp\/v2\/posts"}],"about":[{"href":"https:\/\/www.shqiperia.com\/blog\/wp-json\/wp\/v2\/types\/post"}],"author":[{"embeddable":true,"href":"https:\/\/www.shqiperia.com\/blog\/wp-json\/wp\/v2\/users\/9"}],"replies":[{"embeddable":true,"href":"https:\/\/www.shqiperia.com\/blog\/wp-json\/wp\/v2\/comments?post=27411"}],"version-history":[{"count":3,"href":"https:\/\/www.shqiperia.com\/blog\/wp-json\/wp\/v2\/posts\/27411\/revisions"}],"predecessor-version":[{"id":27416,"href":"https:\/\/www.shqiperia.com\/blog\/wp-json\/wp\/v2\/posts\/27411\/revisions\/27416"}],"wp:featuredmedia":[{"embeddable":true,"href":"https:\/\/www.shqiperia.com\/blog\/wp-json\/wp\/v2\/media\/27412"}],"wp:attachment":[{"href":"https:\/\/www.shqiperia.com\/blog\/wp-json\/wp\/v2\/media?parent=27411"}],"wp:term":[{"taxonomy":"category","embeddable":true,"href":"https:\/\/www.shqiperia.com\/blog\/wp-json\/wp\/v2\/categories?post=27411"},{"taxonomy":"post_tag","embeddable":true,"href":"https:\/\/www.shqiperia.com\/blog\/wp-json\/wp\/v2\/tags?post=27411"}],"curies":[{"name":"wp","href":"https:\/\/api.w.org\/{rel}","templated":true}]}}