{"id":27406,"date":"2019-10-28T08:44:02","date_gmt":"2019-10-28T08:44:02","guid":{"rendered":"https:\/\/www.shqiperia.com\/blog\/?p=27406"},"modified":"2019-10-28T08:44:02","modified_gmt":"2019-10-28T08:44:02","slug":"lost-and-found-fati-i-nje-vepre-arti","status":"publish","type":"post","link":"https:\/\/www.shqiperia.com\/blog\/lost-and-found-fati-i-nje-vepre-arti\/","title":{"rendered":"\u201cLost and Found\u201d, fati i nj\u00eb vepre arti."},"content":{"rendered":"<p><img data-recalc-dims=\"1\" loading=\"lazy\" decoding=\"async\" data-attachment-id=\"27407\" data-permalink=\"https:\/\/www.shqiperia.com\/blog\/lost-and-found-fati-i-nje-vepre-arti\/stelae-copy\/\" data-orig-file=\"https:\/\/i0.wp.com\/www.shqiperia.com\/blog\/wp-content\/uploads\/2019\/10\/stelae-Copy.jpg?fit=296%2C145&amp;ssl=1\" data-orig-size=\"296,145\" data-comments-opened=\"1\" data-image-meta=\"{&quot;aperture&quot;:&quot;0&quot;,&quot;credit&quot;:&quot;Online2&quot;,&quot;camera&quot;:&quot;&quot;,&quot;caption&quot;:&quot;&quot;,&quot;created_timestamp&quot;:&quot;1571575105&quot;,&quot;copyright&quot;:&quot;&quot;,&quot;focal_length&quot;:&quot;0&quot;,&quot;iso&quot;:&quot;0&quot;,&quot;shutter_speed&quot;:&quot;0&quot;,&quot;title&quot;:&quot;&quot;,&quot;orientation&quot;:&quot;0&quot;}\" data-image-title=\"stelae &#8211; Copy\" data-image-description=\"\" data-image-caption=\"\" data-medium-file=\"https:\/\/i0.wp.com\/www.shqiperia.com\/blog\/wp-content\/uploads\/2019\/10\/stelae-Copy.jpg?fit=296%2C145&amp;ssl=1\" data-large-file=\"https:\/\/i0.wp.com\/www.shqiperia.com\/blog\/wp-content\/uploads\/2019\/10\/stelae-Copy.jpg?fit=296%2C145&amp;ssl=1\" class=\"alignnone  wp-image-27407\" alt=\"\" src=\"https:\/\/i0.wp.com\/www.shqiperia.com\/blog\/wp-content\/uploads\/2019\/10\/stelae-Copy.jpg?resize=488%2C239&#038;ssl=1\" width=\"488\" height=\"239\" \/><\/p>\n<p>\u201cLost and Found\u201d, fati i nj\u00eb vepre arti.<\/p>\n<p><strong>Nga <\/strong><strong>Neritan Ceka\u00a0<\/strong><\/p>\n<p>Gjat\u00eb viteve t\u00eb q\u00ebndrimit tim si ambasador n\u00eb\u00a0 Rom\u00eb, kolegu im francez, Fransua Kuantin, m\u00eb lajm\u00ebroi se\u00a0 kishte par\u00eb\u00a0n\u00eb oborrin e jasht\u00ebm t\u00eb \u201cMusei Capitolini\u201d nj\u00eb reliev me origjin\u00eb nga Shqip\u00ebria. Me t\u00eb v\u00ebrtet\u00eb, n\u00eb Piazza Cafarelli, nga jan\u00eb zyrat e Muzeut, pash\u00eb n\u00eb mes t\u00eb nj\u00eb shat\u00ebrvani nj\u00eb nga veprat m\u00eb t\u00eb njohura artistike t\u00eb Shqip\u00ebris\u00eb s\u00eb lasht\u00eb. E njohur si stela e Selenic\u00ebs, nga vendi ku ka qen\u00eb gjetur, ajo ka qen\u00eb botuar nga arkeologu italian Luigi Ugolini, n\u00eb librin e tij \u201cAlbania Antica\u201d, 1928, p\u00ebrkthyer n\u00eb shqip nga \u201cSht\u00ebpia Botuese Migjeni\u201d me titullin \u201cShqip\u00ebria e Lasht\u00eb\u201d.<\/p>\n<p>Ugolini e p\u00ebrshkruante stelen si nj\u00eb reliev 0.93x 0.50 m, q\u00eb paraqet nj\u00eb luft\u00ebtar me armatim t\u00eb leht\u00eb, t\u00eb p\u00ebrb\u00ebr\u00eb vet\u00ebm nga nj\u00eb shpat\u00eb e shkurt\u00ebr, e ngjeshur n\u00eb brez, nj\u00eb hesht\u00eb e holl\u00eb, nj\u00eb p\u00ebrkrenare atikase dhe nj\u00eb mburoj\u00eb e rrumbullak\u00ebt. Luft\u00ebtari paraqitet n\u00eb nj\u00eb akt solemn, duke derdhur p\u00ebrmbajtjen e nj\u00eb patere mbi flak\u00ebn e nj\u00eb altari. Mbishkrimi greqisht sqaron vet\u00ebm se monumenti ku b\u00ebnte pjes\u00eb pllaka, u ngrit n\u00eb koh\u00ebn e prytanit Lysenos, biri i Sostrionos dhe t\u00eb toksarkut Patronos, biri i Eukleidasit. Vlera e k\u00ebsaj stele q\u00ebndron n\u00eb punimin e thell\u00eb t\u00eb relievit, ku figura e luft\u00ebtarit \u00ebsht\u00eb shk\u00ebputur n\u00eb tre t\u00eb kat\u00ebrtat, pothuaj si nj\u00eb skulptur\u00eb e rrumbullak\u00ebt.<\/p>\n<p><img data-recalc-dims=\"1\" loading=\"lazy\" decoding=\"async\" data-attachment-id=\"27408\" data-permalink=\"https:\/\/www.shqiperia.com\/blog\/lost-and-found-fati-i-nje-vepre-arti\/neritan-ceka-10\/\" data-orig-file=\"https:\/\/i0.wp.com\/www.shqiperia.com\/blog\/wp-content\/uploads\/2019\/10\/neritan-ceka.jpg?fit=900%2C599&amp;ssl=1\" data-orig-size=\"900,599\" data-comments-opened=\"1\" data-image-meta=\"{&quot;aperture&quot;:&quot;0&quot;,&quot;credit&quot;:&quot;&quot;,&quot;camera&quot;:&quot;&quot;,&quot;caption&quot;:&quot;&quot;,&quot;created_timestamp&quot;:&quot;0&quot;,&quot;copyright&quot;:&quot;&quot;,&quot;focal_length&quot;:&quot;0&quot;,&quot;iso&quot;:&quot;0&quot;,&quot;shutter_speed&quot;:&quot;0&quot;,&quot;title&quot;:&quot;&quot;,&quot;orientation&quot;:&quot;0&quot;}\" data-image-title=\"neritan-ceka\" data-image-description=\"\" data-image-caption=\"\" data-medium-file=\"https:\/\/i0.wp.com\/www.shqiperia.com\/blog\/wp-content\/uploads\/2019\/10\/neritan-ceka.jpg?fit=300%2C200&amp;ssl=1\" data-large-file=\"https:\/\/i0.wp.com\/www.shqiperia.com\/blog\/wp-content\/uploads\/2019\/10\/neritan-ceka.jpg?fit=900%2C599&amp;ssl=1\" class=\"alignnone  wp-image-27408\" alt=\"\" src=\"https:\/\/i0.wp.com\/www.shqiperia.com\/blog\/wp-content\/uploads\/2019\/10\/neritan-ceka.jpg?resize=606%2C404&#038;ssl=1\" width=\"606\" height=\"404\" srcset=\"https:\/\/i0.wp.com\/www.shqiperia.com\/blog\/wp-content\/uploads\/2019\/10\/neritan-ceka.jpg?resize=300%2C200&amp;ssl=1 300w, https:\/\/i0.wp.com\/www.shqiperia.com\/blog\/wp-content\/uploads\/2019\/10\/neritan-ceka.jpg?resize=768%2C511&amp;ssl=1 768w, https:\/\/i0.wp.com\/www.shqiperia.com\/blog\/wp-content\/uploads\/2019\/10\/neritan-ceka.jpg?resize=600%2C399&amp;ssl=1 600w, https:\/\/i0.wp.com\/www.shqiperia.com\/blog\/wp-content\/uploads\/2019\/10\/neritan-ceka.jpg?resize=450%2C300&amp;ssl=1 450w, https:\/\/i0.wp.com\/www.shqiperia.com\/blog\/wp-content\/uploads\/2019\/10\/neritan-ceka.jpg?resize=400%2C266&amp;ssl=1 400w, https:\/\/i0.wp.com\/www.shqiperia.com\/blog\/wp-content\/uploads\/2019\/10\/neritan-ceka.jpg?w=900&amp;ssl=1 900w\" sizes=\"auto, (max-width: 606px) 100vw, 606px\" \/><\/p>\n<p>L\u00ebvizja elegante, p\u00ebrqendrimi psikologjik n\u00eb aktin religjioz dhe holl\u00ebsit\u00eb e detajeve d\u00ebshmojn\u00eb dor\u00ebn e nj\u00eb mjeshtri t\u00eb madh t\u00eb shek. III p. Kr. Po kaq e r\u00ebnd\u00ebsishme \u00ebsht\u00eb edhe vlera historike e k\u00ebsaj vepre arti. Emrat e personave dhe funksionet e tyre, prytani, si kryetar i pushtetit ekzekutiv dhe toksarku si komandant i hark\u00ebtar\u00ebve, na referojn\u00eb menj\u00ebher\u00eb te qyteti antik i Apolonis\u00eb. Po p\u00ebrse duhej q\u00eb apoloniat\u00ebt t\u00eb ngrinin nj\u00eb monument n\u00eb Selenic\u00eb, aq larg p\u00ebr koh\u00ebn nga qyteti i tyre?<\/p>\n<p>P\u00ebr k\u00ebt\u00eb duhet t\u2019u referohemi t\u00eb dh\u00ebnave historike. Shkrimtari grek Pausania d\u00ebshmon se apoloniat\u00ebt kishin ngritur n\u00eb faltoren pangreke t\u00eb Olympias nj\u00eb monument, kushtuar fitores s\u00eb tyre kund\u00ebr fisit ilir t\u00eb Amant\u00ebve. Ai kishte kopjuar mbishkrimin NERITAN CEKA pasues: \u201cK\u00ebtu gjendemi si dhurat\u00eb e Apolonis\u00eb, s\u00eb nd\u00ebrtuar pran\u00eb Jonit nga Foibi flok\u00ebgjat\u00eb. Fituesit kund\u00ebr Amant\u00ebve Zeusit ia kushtojn\u00eb me nj\u00eb t\u00eb dhjet\u00ebn e pla\u00e7k\u00ebs t\u00eb marr\u00eb n\u00eb Thronion\u201d. Foibi flok\u00ebgjat\u00eb ishte Apoloni, si per\u00ebndi i drit\u00ebs s\u00eb diellit, emrin e t\u00eb cilit mbante qyteti.<\/p>\n<p>Qyteti Thronion i Amant\u00ebve nuk \u00ebsht\u00eb identifikuar, por mendohet t\u00eb ket\u00eb qen\u00eb Kanina. Mendohet, gjithashtu, se shkaku i luft\u00ebs ka qen\u00eb zot\u00ebrimi i minier\u00ebs s\u00eb ser\u00ebs n\u00eb Selenic\u00eb, q\u00eb ishte nj\u00ebkoh\u00ebsisht edhe nj\u00eb vend i shenjt\u00eb, i njohur me emrin Nymfeum. Pausania na ndihmon edhe p\u00ebr p\u00ebrcaktimin e koh\u00ebs kur ndodhi ngjarja, kur shkruan se monumenti u realizua nga djali i Mironit, Lykos. N\u00ebse Mironi, autori i njohur i Diskobolit, ishte aktiv n\u00eb vitet 480- 440 p. Kr., mund t\u00eb themi se djali i tij punoi rreth viteve 460-420 p. Kr. dhe kjo ka qen\u00eb koha e mundshme e zhvillimit t\u00eb luft\u00ebs midis apoloniat\u00ebve dhe Amant\u00ebve. Gjetja e nj\u00eb stele me emrat e zyrtar\u00ebve apoloniat\u00eb n\u00eb Selenic\u00eb \u00ebsht\u00eb nj\u00eb d\u00ebshmi arkeologjike, q\u00eb tregon se ai territor kishte mbetur n\u00ebn sundimin apoloniat deri n\u00eb mesin e shek. III p. Kr, kur datohet stela. Kjo gjendje nuk kishte ndryshuar deri n\u00eb shek. I m. Kr., kur shkrimtari romak Plini vendos n\u00eb Nymfeum kufirin midis apoloniat\u00ebve dhe \u201cbarbar\u00ebve Amant\u00eb dhe Bylin\u00eb\u201d.<\/p>\n<p><img data-recalc-dims=\"1\" loading=\"lazy\" decoding=\"async\" data-attachment-id=\"27409\" data-permalink=\"https:\/\/www.shqiperia.com\/blog\/lost-and-found-fati-i-nje-vepre-arti\/stelae\/\" data-orig-file=\"https:\/\/i0.wp.com\/www.shqiperia.com\/blog\/wp-content\/uploads\/2019\/10\/stelae.jpg?fit=727%2C384&amp;ssl=1\" data-orig-size=\"727,384\" data-comments-opened=\"1\" data-image-meta=\"{&quot;aperture&quot;:&quot;0&quot;,&quot;credit&quot;:&quot;Online2&quot;,&quot;camera&quot;:&quot;&quot;,&quot;caption&quot;:&quot;&quot;,&quot;created_timestamp&quot;:&quot;1571575105&quot;,&quot;copyright&quot;:&quot;&quot;,&quot;focal_length&quot;:&quot;0&quot;,&quot;iso&quot;:&quot;0&quot;,&quot;shutter_speed&quot;:&quot;0&quot;,&quot;title&quot;:&quot;&quot;,&quot;orientation&quot;:&quot;0&quot;}\" data-image-title=\"stelae\" data-image-description=\"\" data-image-caption=\"\" data-medium-file=\"https:\/\/i0.wp.com\/www.shqiperia.com\/blog\/wp-content\/uploads\/2019\/10\/stelae.jpg?fit=300%2C158&amp;ssl=1\" data-large-file=\"https:\/\/i0.wp.com\/www.shqiperia.com\/blog\/wp-content\/uploads\/2019\/10\/stelae.jpg?fit=727%2C384&amp;ssl=1\" class=\"alignnone  wp-image-27409\" alt=\"\" src=\"https:\/\/i0.wp.com\/www.shqiperia.com\/blog\/wp-content\/uploads\/2019\/10\/stelae.jpg?resize=759%2C400&#038;ssl=1\" width=\"759\" height=\"400\" srcset=\"https:\/\/i0.wp.com\/www.shqiperia.com\/blog\/wp-content\/uploads\/2019\/10\/stelae.jpg?resize=300%2C158&amp;ssl=1 300w, https:\/\/i0.wp.com\/www.shqiperia.com\/blog\/wp-content\/uploads\/2019\/10\/stelae.jpg?resize=450%2C238&amp;ssl=1 450w, https:\/\/i0.wp.com\/www.shqiperia.com\/blog\/wp-content\/uploads\/2019\/10\/stelae.jpg?resize=600%2C317&amp;ssl=1 600w, https:\/\/i0.wp.com\/www.shqiperia.com\/blog\/wp-content\/uploads\/2019\/10\/stelae.jpg?resize=400%2C211&amp;ssl=1 400w, https:\/\/i0.wp.com\/www.shqiperia.com\/blog\/wp-content\/uploads\/2019\/10\/stelae.jpg?w=727&amp;ssl=1 727w\" sizes=\"auto, (max-width: 759px) 100vw, 759px\" \/><\/p>\n<p>Luigi Ugolini, n\u00eb botimin e tij shkruan se stelen e kishte par\u00eb dhe fotografuar n\u00eb ambientet e Shoq\u00ebris\u00eb Italiane t\u00eb Bitumit t\u00eb Selenic\u00ebs, me dashamir\u00ebsin\u00eb e ing. Ineichen, Bianchini dhe Saggiotti. Q\u00eb nga ajo koh\u00eb, stela nuk u pa m\u00eb dhe u konsiderua si e humbur gjat\u00eb Luft\u00ebs II Bot\u00ebrore. P\u00ebr k\u00ebt\u00eb arsye u interesova menj\u00ebher\u00eb pran\u00eb Drejtoris\u00eb s\u00eb Musei Capitolini, t\u00eb cil\u00ebt m\u00eb b\u00ebn\u00eb t\u00eb njohur me sked\u00ebn e vepr\u00ebs. Ajo kishte kodin: urn: collectio: 0001: scu: 03358 dhe kishte hyr\u00eb n\u00eb koleksionin e muzeut m\u00eb 28\/12\/1979. Ajo q\u00eb t\u00ebrhiqte v\u00ebmendjen ishte prejardhja e saj nga koleksioni i Barone Aloisi n\u00eb Villa via Flaminia Antica.<\/p>\n<p>Ky fakt sqaronte t\u00eb gjith\u00eb odisen\u00eb e vepr\u00ebs, po t\u00eb dim\u00eb se Barone Aloisi ishte em\u00ebruar konsull i p\u00ebrgjithsh\u00ebm i Italis\u00eb n\u00eb Durr\u00ebs m\u00eb 1926, duke drejtuar edhe veprimtarin\u00eb e SVEA (Shoqata p\u00ebr Zhvillimin Ekonomik t\u00eb Shqip\u00ebris\u00eb). M\u00eb 1927, ai u b\u00eb edhe drejtor i SVEA, q\u00eb mbulonte direkt edhe aktivitetin e minier\u00ebs s\u00eb Selenic\u00ebs. Nga kjo kuptohet qart\u00eb se si stela e luft\u00ebtarit n\u00eb ambientet e drejtoris\u00eb s\u00eb asaj miniere kaloi n\u00eb koleksionin privat t\u00eb Barone Aloisi, pa asnj\u00eb dokument, pa asnj\u00eb d\u00ebshmi, pa menduar se nj\u00eb dit\u00eb k\u00ebto \u00e7\u00ebshtje do t\u00eb shikoheshin ndryshe.<\/p>\n<p>N\u00eb funksionin tim t\u00eb ambasadorit b\u00ebra at\u00ebkoh\u00eb p\u00ebrpjekjet p\u00ebr t\u00eb nisur procedur\u00ebn e kthimit t\u00eb k\u00ebsaj vepre n\u00eb atdhe. S\u00eb pari duke k\u00ebrkuar nga Ministria e Jashtme e Italis\u00eb, q\u00eb vepra t\u00eb zhvendosej nga vendi i ekspozimit n\u00eb qiell t\u00eb hapur, ku d\u00ebmtohej \u00e7do dit\u00eb nga smogu i Rom\u00ebs dhe faktor\u00ebt atmosferik\u00eb. P\u00ebr m\u00eb tep\u00ebr q\u00eb mbishkrimi q\u00eb shoq\u00ebron ekspozimin me tekstin \u201cT\u00eb r\u00ebn\u00ebve ushtarak\u00eb dhe civil\u00eb n\u00eb misionet internacionale p\u00ebr paqen\u201d jo vet\u00ebm q\u00eb nuk p\u00ebrkon me vepr\u00ebn, por historia e rrug\u00ebs s\u00eb saj deri n\u00eb Musei Capitolini do t\u00eb ishte nj\u00eb ofendim p\u00ebr ta. Duhet t\u00eb rikujtoj me brengosje se p\u00ebrpjekjet e mia t\u00eb at\u00ebhershme n\u00eb rrug\u00eb zyrtare p\u00ebrmes Ministris\u00eb s\u00eb Jashtme t\u00eb Tiran\u00ebs pat\u00ebn si p\u00ebrgjigje vet\u00ebm heshtjen. Pak shpres\u00eb kam edhe tani se \u00e7\u00ebshtja mund t\u00eb rihapet nga ministrit\u00eb e linj\u00ebs, q\u00eb jan\u00eb t\u00eb angazhuara burracak\u00ebrisht n\u00eb shitjen e pasuris\u00eb son\u00eb arkeologjike, duke filluar nga perla e saj q\u00eb \u00ebsht\u00eb Butrinti.<\/p>\n<p>Me k\u00ebt\u00eb rast dua t\u00eb kujtoj t\u00eb kund\u00ebrt\u00ebn e k\u00ebtij banditizmi, kur shkenc\u00ebtar\u00eb t\u00eb shquar nga ana shqiptare si prof. Aleks Buda e prof. Selim Islami dhe nga pala italiane, si prof. Adriano La Regina e prof. Giuseppe Nenci, b\u00ebn\u00eb t\u00eb mundur kthimin n\u00eb atdhe t\u00eb Deas s\u00eb Butrintit. Le t\u00eb shpresojm\u00eb se arsyeja intelektuale do t\u00eb mposht\u00eb marr\u00ebzin\u00eb politike!<\/p>\n","protected":false},"excerpt":{"rendered":"<p>\u201cLost and Found\u201d, fati i nj\u00eb vepre arti. Nga Neritan Ceka\u00a0 Gjat\u00eb viteve t\u00eb q\u00ebndrimit tim si ambasador n\u00eb\u00a0 Rom\u00eb, kolegu im francez, Fransua Kuantin, m\u00eb lajm\u00ebroi se\u00a0 kishte par\u00eb\u00a0n\u00eb oborrin e jasht\u00ebm t\u00eb \u201cMusei Capitolini\u201d nj\u00eb reliev me origjin\u00eb nga Shqip\u00ebria. Me t\u00eb v\u00ebrtet\u00eb, n\u00eb Piazza Cafarelli, nga jan\u00eb zyrat e Muzeut, pash\u00eb n\u00eb [&hellip;]<\/p>\n","protected":false},"author":9,"featured_media":27407,"comment_status":"open","ping_status":"open","sticky":false,"template":"","format":"standard","meta":{"jetpack_post_was_ever_published":false,"_jetpack_newsletter_access":"","_jetpack_dont_email_post_to_subs":false,"_jetpack_newsletter_tier_id":0,"_jetpack_memberships_contains_paywalled_content":false,"_jetpack_memberships_contains_paid_content":false,"footnotes":"","jetpack_publicize_message":"","jetpack_publicize_feature_enabled":true,"jetpack_social_post_already_shared":true,"jetpack_social_options":{"image_generator_settings":{"template":"highway","default_image_id":0,"font":"","enabled":false},"version":2}},"categories":[27,10,86],"tags":[],"class_list":["post-27406","post","type-post","status-publish","format-standard","has-post-thumbnail","hentry","category-blogu-i-udhetarit","category-kultura","category-trashegimi-kulturore"],"jetpack_publicize_connections":[],"jetpack_featured_media_url":"https:\/\/i0.wp.com\/www.shqiperia.com\/blog\/wp-content\/uploads\/2019\/10\/stelae-Copy.jpg?fit=296%2C145&ssl=1","jetpack_sharing_enabled":true,"jetpack_shortlink":"https:\/\/wp.me\/p5Z6wp-782","jetpack-related-posts":[{"id":5998,"url":"https:\/\/www.shqiperia.com\/blog\/deshmi-te-artit-te-lashte-ne-durres-archaic-durrah\/","url_meta":{"origin":27406,"position":0},"title":"D\u00cbSHMI T\u00cb ARTIT T\u00cb LASHT\u00cb N\u00cb DURR\u00cbS \/ ARCHAIC DURRAH. &#8211;","author":"Kurt Farka","date":"April 7, 2018","format":false,"excerpt":"Gjetjet arkeologjike n\u00eb Durr\u00ebs kan\u00eb b\u00ebr\u00eb t\u00eb mundur t\u00eb ndri\u00e7ohet jeta e k\u00ebsaj qendre t\u00eb lasht\u00eb n\u00eb bregun e Adriatikut edhe n\u00eb rrafshin e d\u00ebshmive t\u00eb hershme t\u00eb artit. K\u00ebto d\u00ebshmi na ndihmojn\u00eb t\u00eb b\u00ebjm\u00eb nj\u00eb lidhje midis tyre, p\u00ebr t\u00eb nd\u00ebrtuar nj\u00eb v\u00ebshtrim Motorik mbi artin e manifestuar n\u00eb\u2026","rel":"","context":"In &quot;Arte&quot;","block_context":{"text":"Arte","link":"https:\/\/www.shqiperia.com\/blog\/category\/arte\/"},"img":{"alt_text":"","src":"https:\/\/i0.wp.com\/www.shqiperia.com\/blog\/wp-content\/uploads\/2018\/04\/Dshmi-arkeologjike-Durres-.jpg?fit=378%2C413&ssl=1&resize=350%2C200","width":350,"height":200},"classes":[]},{"id":47801,"url":"https:\/\/www.shqiperia.com\/blog\/arti-i-lashte-fitorja-me-flatra-e-samothrakes\/","url_meta":{"origin":27406,"position":1},"title":"Arti i Lashte: &#8211; Fitorja me flatra e Samothrak\u00ebs.","author":"Kurt Farka","date":"June 11, 2021","format":false,"excerpt":"Arti i Lashte: - Fitorja me flatra e Samothrak\u00ebs. Kjo \u00ebsht\u00eb statuja (pa kok\u00eb) e per\u00ebndesh\u00ebs Nike e paganizmit helen. Nike p\u00ebrkthehet Fitore n\u00eb gjuh\u00ebn shqipe, nd\u00ebrsa te romak\u00ebt ajo njihej si Viktoria. Fitorja me krah\u00eb (flatra) e Samothrak\u00ebs, e quajtur gjithashtu Nike e Samothrak\u00ebs, \u00ebsht\u00eb nj\u00eb skulptur\u00eb prej mermeri\u2026","rel":"","context":"In &quot;Arte&quot;","block_context":{"text":"Arte","link":"https:\/\/www.shqiperia.com\/blog\/category\/arte\/"},"img":{"alt_text":"","src":"https:\/\/i0.wp.com\/www.shqiperia.com\/blog\/wp-content\/uploads\/2021\/06\/Fitorja-e-Samothrakes.-3.jpg?fit=450%2C262&ssl=1&resize=350%2C200","width":350,"height":200},"classes":[]},{"id":56814,"url":"https:\/\/www.shqiperia.com\/blog\/zbulohen-dy-banesa-te-periudhes-neolike-ne-pogradec\/","url_meta":{"origin":27406,"position":2},"title":"Zbulohen dy banesa t\u00eb periudh\u00ebs neolike n\u00eb Pogradec","author":"Kurt Farka","date":"April 17, 2022","format":false,"excerpt":"Zbulohen dy banesa t\u00eb periudh\u00ebs neolike n\u00eb Pogradec 15 Prill 2022 Zona e Pogradecit vazhdon t\u00eb tregoj\u00eb historin\u00eb e lasht\u00eb t\u00eb saj. G\u00ebrmimet arkeologjike n\u00eb liqenin e Ohrit, kane zbuluar s\u00eb fundi t\u00eb pakt\u00ebn dy banesa t\u00eb periudh\u00ebs neolike, madje me konstrukte t\u00eb qarta. \"U dokumentuan gropa t\u00eb cilat kan\u00eb\u2026","rel":"","context":"In &quot;Histori&quot;","block_context":{"text":"Histori","link":"https:\/\/www.shqiperia.com\/blog\/category\/histori\/"},"img":{"alt_text":"","src":"https:\/\/i0.wp.com\/www.shqiperia.com\/blog\/wp-content\/uploads\/2022\/04\/Gjetje-ne-dy-banesa-te-periudhes-neolike-ne-Pogradec.jpg?fit=640%2C358&ssl=1&resize=350%2C200","width":350,"height":200,"srcset":"https:\/\/i0.wp.com\/www.shqiperia.com\/blog\/wp-content\/uploads\/2022\/04\/Gjetje-ne-dy-banesa-te-periudhes-neolike-ne-Pogradec.jpg?fit=640%2C358&ssl=1&resize=350%2C200 1x, https:\/\/i0.wp.com\/www.shqiperia.com\/blog\/wp-content\/uploads\/2022\/04\/Gjetje-ne-dy-banesa-te-periudhes-neolike-ne-Pogradec.jpg?fit=640%2C358&ssl=1&resize=525%2C300 1.5x"},"classes":[]},{"id":10690,"url":"https:\/\/www.shqiperia.com\/blog\/arti-mitik-i-lahutes-se-kreshnikeve\/","url_meta":{"origin":27406,"position":3},"title":"Arti mitik i Lahutes  se Kreshnikeve. \u2013","author":"Kurt Farka","date":"August 8, 2018","format":false,"excerpt":"Arti mitik i Lahutes\u00a0 se Kreshnikeve. \u2013 \u00a0 Nga: Jaho Brahaj P\u00ebrgatitja e dosjes p\u00ebr tu shpallur pasuri bot\u00ebrore \u201cEpika e Kreshnik\u00ebve\u201d p\u00ebrfshin edhe tradit\u00ebn dhe ruajtjen e mjesht\u00ebris\u00eb s\u00eb punimit t\u00eb instrumentit t\u00eb lahut\u00ebs, instrument muzikor shoq\u00ebrues i k\u00ebng\u00ebve t\u00eb krashnik\u00ebve por sepse jan\u00eb vepra arti t\u00eb mir\u00ebfillta.\u00a0Nga studiuesit\u2026","rel":"","context":"In &quot;Histori&quot;","block_context":{"text":"Histori","link":"https:\/\/www.shqiperia.com\/blog\/category\/histori\/"},"img":{"alt_text":"","src":"https:\/\/i0.wp.com\/www.shqiperia.com\/blog\/wp-content\/uploads\/2018\/08\/jehuta_e_malsis_1.jpg?fit=493%2C333&ssl=1&resize=350%2C200","width":350,"height":200},"classes":[]},{"id":52833,"url":"https:\/\/www.shqiperia.com\/blog\/arti-evropian-i-ka-rrenjet-ne-pikturat-e-gjetura-ne-varret-e-egjiptianeve\/","url_meta":{"origin":27406,"position":4},"title":"Arti evropian i ka \u201crr\u00ebnj\u00ebt\u201d n\u00eb pikturat e gjetura n\u00eb varret e egjiptian\u00ebve","author":"Kurt Farka","date":"January 2, 2022","format":false,"excerpt":"Arti evropian i ka \u201crr\u00ebnj\u00ebt\u201d n\u00eb pikturat e gjetura n\u00eb varret e egjiptian\u00ebve Arti ka qen\u00eb pjes\u00eb e pandar\u00eb e njer\u00ebzimit q\u00eb prej shekujt, nd\u00ebrsa teknikat jan\u00eb zhvilluar vazhdimisht, ve\u00e7an\u00ebrisht. Shekujt e fundit, si\u00e7 e dim\u00eb, zhvillimi i teknikave dhe ngjyrave \u00ebsht\u00eb b\u00ebr\u00eb gjithnj\u00eb e m\u00eb i arrir\u00eb. Por, interesant\u2026","rel":"","context":"In &quot;Arte&quot;","block_context":{"text":"Arte","link":"https:\/\/www.shqiperia.com\/blog\/category\/arte\/"},"img":{"alt_text":"","src":"https:\/\/i0.wp.com\/www.shqiperia.com\/blog\/wp-content\/uploads\/2022\/01\/Arti-evropian-i-ka-rrenjet-ne-pikturat-e-gjetura-ne-varret-e-egjiptianeve.jpg?fit=1200%2C630&ssl=1&resize=350%2C200","width":350,"height":200,"srcset":"https:\/\/i0.wp.com\/www.shqiperia.com\/blog\/wp-content\/uploads\/2022\/01\/Arti-evropian-i-ka-rrenjet-ne-pikturat-e-gjetura-ne-varret-e-egjiptianeve.jpg?fit=1200%2C630&ssl=1&resize=350%2C200 1x, https:\/\/i0.wp.com\/www.shqiperia.com\/blog\/wp-content\/uploads\/2022\/01\/Arti-evropian-i-ka-rrenjet-ne-pikturat-e-gjetura-ne-varret-e-egjiptianeve.jpg?fit=1200%2C630&ssl=1&resize=525%2C300 1.5x, https:\/\/i0.wp.com\/www.shqiperia.com\/blog\/wp-content\/uploads\/2022\/01\/Arti-evropian-i-ka-rrenjet-ne-pikturat-e-gjetura-ne-varret-e-egjiptianeve.jpg?fit=1200%2C630&ssl=1&resize=700%2C400 2x, https:\/\/i0.wp.com\/www.shqiperia.com\/blog\/wp-content\/uploads\/2022\/01\/Arti-evropian-i-ka-rrenjet-ne-pikturat-e-gjetura-ne-varret-e-egjiptianeve.jpg?fit=1200%2C630&ssl=1&resize=1050%2C600 3x"},"classes":[]},{"id":2295,"url":"https:\/\/www.shqiperia.com\/blog\/kepi-rodonit-2013-zhduket-basorelievi-ilir-ne-kalane-e-skenderbeut\/","url_meta":{"origin":27406,"position":5},"title":"Kepi i Rodonit, 2013-zhduket basorelievi ilir n\u00eb kalan\u00eb e Sk\u00ebnderbeut","author":"Kurt Farka","date":"January 31, 2018","format":false,"excerpt":"Hsan Ulqini. - \u201cKy reliev \u00ebsht\u00eb shum\u00eb m\u00eb i hersh\u00ebm se vet\u00eb kalaja\". Specialist\u00ebt e trash\u00ebgimis\u00eb Kulturore, nj\u00ebkoh\u00ebsisht an\u00ebtar\u00eb t\u00eb\u00a0Forumit p\u00ebr Mbrojtjen e Trash\u00ebgimis\u00eb, Auron Tare dhe Artan Shkreli denoncojn\u00eb nj\u00eb akt barbar q\u00eb ka ndodhur n\u00eb Kepin e Rodonit, ku \u00ebsht\u00eb shkulur nj\u00eb basoreliev disa-shekullor q\u00eb ata e identifikojn\u00eb\u2026","rel":"","context":"In &quot;Njoftime Shtypi&quot;","block_context":{"text":"Njoftime Shtypi","link":"https:\/\/www.shqiperia.com\/blog\/category\/njoftime-shtypi\/"},"img":{"alt_text":"","src":"https:\/\/i0.wp.com\/www.shqiperia.com\/blog\/wp-content\/uploads\/2018\/01\/Kepi-i-Rodonit-Hasan-Ulqini-2.jpg?fit=500%2C375&ssl=1&resize=350%2C200","width":350,"height":200},"classes":[]}],"_links":{"self":[{"href":"https:\/\/www.shqiperia.com\/blog\/wp-json\/wp\/v2\/posts\/27406","targetHints":{"allow":["GET"]}}],"collection":[{"href":"https:\/\/www.shqiperia.com\/blog\/wp-json\/wp\/v2\/posts"}],"about":[{"href":"https:\/\/www.shqiperia.com\/blog\/wp-json\/wp\/v2\/types\/post"}],"author":[{"embeddable":true,"href":"https:\/\/www.shqiperia.com\/blog\/wp-json\/wp\/v2\/users\/9"}],"replies":[{"embeddable":true,"href":"https:\/\/www.shqiperia.com\/blog\/wp-json\/wp\/v2\/comments?post=27406"}],"version-history":[{"count":1,"href":"https:\/\/www.shqiperia.com\/blog\/wp-json\/wp\/v2\/posts\/27406\/revisions"}],"predecessor-version":[{"id":27410,"href":"https:\/\/www.shqiperia.com\/blog\/wp-json\/wp\/v2\/posts\/27406\/revisions\/27410"}],"wp:featuredmedia":[{"embeddable":true,"href":"https:\/\/www.shqiperia.com\/blog\/wp-json\/wp\/v2\/media\/27407"}],"wp:attachment":[{"href":"https:\/\/www.shqiperia.com\/blog\/wp-json\/wp\/v2\/media?parent=27406"}],"wp:term":[{"taxonomy":"category","embeddable":true,"href":"https:\/\/www.shqiperia.com\/blog\/wp-json\/wp\/v2\/categories?post=27406"},{"taxonomy":"post_tag","embeddable":true,"href":"https:\/\/www.shqiperia.com\/blog\/wp-json\/wp\/v2\/tags?post=27406"}],"curies":[{"name":"wp","href":"https:\/\/api.w.org\/{rel}","templated":true}]}}