{"id":27398,"date":"2019-10-27T22:21:16","date_gmt":"2019-10-27T22:21:16","guid":{"rendered":"https:\/\/www.shqiperia.com\/blog\/?p=27398"},"modified":"2019-10-27T22:30:32","modified_gmt":"2019-10-27T22:30:32","slug":"ky-eshte-problem-i-identitetit-tone-gjerat-e-vogla-ndryshojne-kujtesen-dhe-trashegimine-kombetare","status":"publish","type":"post","link":"https:\/\/www.shqiperia.com\/blog\/ky-eshte-problem-i-identitetit-tone-gjerat-e-vogla-ndryshojne-kujtesen-dhe-trashegimine-kombetare\/","title":{"rendered":"Ky eshte problem i identitetit tone. Gjerat e vogla ndryshojne kujtesen dhe Trashegimine Kombetare."},"content":{"rendered":"<p><img data-recalc-dims=\"1\" loading=\"lazy\" decoding=\"async\" data-attachment-id=\"27399\" data-permalink=\"https:\/\/www.shqiperia.com\/blog\/ky-eshte-problem-i-identitetit-tone-gjerat-e-vogla-ndryshojne-kujtesen-dhe-trashegimine-kombetare\/motive-te-gurvarreve-te-shqiperise-e-veriut-autor-jaho-brahaj-2-copy\/\" data-orig-file=\"https:\/\/i0.wp.com\/www.shqiperia.com\/blog\/wp-content\/uploads\/2019\/10\/Motive-te-gurvarreve-te-Shqiperise-e-Veriut.-Autor-Jaho-Brahaj.-2-Copy.jpg?fit=743%2C411&amp;ssl=1\" data-orig-size=\"743,411\" data-comments-opened=\"1\" data-image-meta=\"{&quot;aperture&quot;:&quot;0&quot;,&quot;credit&quot;:&quot;&quot;,&quot;camera&quot;:&quot;&quot;,&quot;caption&quot;:&quot;&quot;,&quot;created_timestamp&quot;:&quot;0&quot;,&quot;copyright&quot;:&quot;&quot;,&quot;focal_length&quot;:&quot;0&quot;,&quot;iso&quot;:&quot;0&quot;,&quot;shutter_speed&quot;:&quot;0&quot;,&quot;title&quot;:&quot;&quot;,&quot;orientation&quot;:&quot;0&quot;}\" data-image-title=\"Motive te gurvarreve te Shqiperise e Veriut. Autor Jaho Brahaj. (2) &#8211; Copy\" data-image-description=\"\" data-image-caption=\"\" data-medium-file=\"https:\/\/i0.wp.com\/www.shqiperia.com\/blog\/wp-content\/uploads\/2019\/10\/Motive-te-gurvarreve-te-Shqiperise-e-Veriut.-Autor-Jaho-Brahaj.-2-Copy.jpg?fit=300%2C166&amp;ssl=1\" data-large-file=\"https:\/\/i0.wp.com\/www.shqiperia.com\/blog\/wp-content\/uploads\/2019\/10\/Motive-te-gurvarreve-te-Shqiperise-e-Veriut.-Autor-Jaho-Brahaj.-2-Copy.jpg?fit=743%2C411&amp;ssl=1\" class=\"alignnone wp-image-27399\" alt=\"\" src=\"https:\/\/i0.wp.com\/www.shqiperia.com\/blog\/wp-content\/uploads\/2019\/10\/Motive-te-gurvarreve-te-Shqiperise-e-Veriut.-Autor-Jaho-Brahaj.-2-Copy.jpg?resize=461%2C255&#038;ssl=1\" width=\"461\" height=\"255\" srcset=\"https:\/\/i0.wp.com\/www.shqiperia.com\/blog\/wp-content\/uploads\/2019\/10\/Motive-te-gurvarreve-te-Shqiperise-e-Veriut.-Autor-Jaho-Brahaj.-2-Copy.jpg?resize=300%2C166&amp;ssl=1 300w, https:\/\/i0.wp.com\/www.shqiperia.com\/blog\/wp-content\/uploads\/2019\/10\/Motive-te-gurvarreve-te-Shqiperise-e-Veriut.-Autor-Jaho-Brahaj.-2-Copy.jpg?resize=450%2C249&amp;ssl=1 450w, https:\/\/i0.wp.com\/www.shqiperia.com\/blog\/wp-content\/uploads\/2019\/10\/Motive-te-gurvarreve-te-Shqiperise-e-Veriut.-Autor-Jaho-Brahaj.-2-Copy.jpg?resize=600%2C332&amp;ssl=1 600w, https:\/\/i0.wp.com\/www.shqiperia.com\/blog\/wp-content\/uploads\/2019\/10\/Motive-te-gurvarreve-te-Shqiperise-e-Veriut.-Autor-Jaho-Brahaj.-2-Copy.jpg?resize=400%2C221&amp;ssl=1 400w, https:\/\/i0.wp.com\/www.shqiperia.com\/blog\/wp-content\/uploads\/2019\/10\/Motive-te-gurvarreve-te-Shqiperise-e-Veriut.-Autor-Jaho-Brahaj.-2-Copy.jpg?w=743&amp;ssl=1 743w\" sizes=\"auto, (max-width: 461px) 100vw, 461px\" \/><\/p>\n<p>Ky eshte problem i identitetit tone. Gjerat e &#8220;vogla&#8221; ndryshojne kujtesen dhe Trashegimine Kombetare.<\/p>\n<p>A din kush te me tregoj cfare eshte festa &#8220;halloween&#8221;. Po Nata dhe Dita e &#8220;te SHUMAVE&#8221;, me 1 nentor, <span>Dite me Shenje ne trashegimine tone te hershme<\/span>. Te gjithe dine pergjigjen e pare dhe shume pak per te dyten. Ky eshte problem i identitetit tone.<\/p>\n<div id=\"attachment_27400\" style=\"width: 477px\" class=\"wp-caption alignnone\"><img data-recalc-dims=\"1\" loading=\"lazy\" decoding=\"async\" aria-describedby=\"caption-attachment-27400\" data-attachment-id=\"27400\" data-permalink=\"https:\/\/www.shqiperia.com\/blog\/ky-eshte-problem-i-identitetit-tone-gjerat-e-vogla-ndryshojne-kujtesen-dhe-trashegimine-kombetare\/motive-te-gurvarreve-te-shqiperise-e-veriut-autor-jaho-brahaj-2\/\" data-orig-file=\"https:\/\/i0.wp.com\/www.shqiperia.com\/blog\/wp-content\/uploads\/2019\/10\/Motive-te-gurvarreve-te-Shqiperise-e-Veriut.-Autor-Jaho-Brahaj.-2.jpg?fit=743%2C960&amp;ssl=1\" data-orig-size=\"743,960\" data-comments-opened=\"1\" data-image-meta=\"{&quot;aperture&quot;:&quot;0&quot;,&quot;credit&quot;:&quot;&quot;,&quot;camera&quot;:&quot;&quot;,&quot;caption&quot;:&quot;&quot;,&quot;created_timestamp&quot;:&quot;0&quot;,&quot;copyright&quot;:&quot;&quot;,&quot;focal_length&quot;:&quot;0&quot;,&quot;iso&quot;:&quot;0&quot;,&quot;shutter_speed&quot;:&quot;0&quot;,&quot;title&quot;:&quot;&quot;,&quot;orientation&quot;:&quot;0&quot;}\" data-image-title=\"Motive te gurvarreve te Shqiperise e Veriut. Autor Jaho Brahaj. (2)\" data-image-description=\"\" data-image-caption=\"&lt;p&gt;Motive te gurvarreve te Shqiperise e Veriut. Autor Jaho Brahaj.&lt;\/p&gt;\n\" data-medium-file=\"https:\/\/i0.wp.com\/www.shqiperia.com\/blog\/wp-content\/uploads\/2019\/10\/Motive-te-gurvarreve-te-Shqiperise-e-Veriut.-Autor-Jaho-Brahaj.-2.jpg?fit=232%2C300&amp;ssl=1\" data-large-file=\"https:\/\/i0.wp.com\/www.shqiperia.com\/blog\/wp-content\/uploads\/2019\/10\/Motive-te-gurvarreve-te-Shqiperise-e-Veriut.-Autor-Jaho-Brahaj.-2.jpg?fit=743%2C960&amp;ssl=1\" class=\" wp-image-27400\" alt=\"\" src=\"https:\/\/i0.wp.com\/www.shqiperia.com\/blog\/wp-content\/uploads\/2019\/10\/Motive-te-gurvarreve-te-Shqiperise-e-Veriut.-Autor-Jaho-Brahaj.-2.jpg?resize=467%2C604&#038;ssl=1\" width=\"467\" height=\"604\" srcset=\"https:\/\/i0.wp.com\/www.shqiperia.com\/blog\/wp-content\/uploads\/2019\/10\/Motive-te-gurvarreve-te-Shqiperise-e-Veriut.-Autor-Jaho-Brahaj.-2.jpg?resize=232%2C300&amp;ssl=1 232w, https:\/\/i0.wp.com\/www.shqiperia.com\/blog\/wp-content\/uploads\/2019\/10\/Motive-te-gurvarreve-te-Shqiperise-e-Veriut.-Autor-Jaho-Brahaj.-2.jpg?resize=450%2C581&amp;ssl=1 450w, https:\/\/i0.wp.com\/www.shqiperia.com\/blog\/wp-content\/uploads\/2019\/10\/Motive-te-gurvarreve-te-Shqiperise-e-Veriut.-Autor-Jaho-Brahaj.-2.jpg?resize=600%2C775&amp;ssl=1 600w, https:\/\/i0.wp.com\/www.shqiperia.com\/blog\/wp-content\/uploads\/2019\/10\/Motive-te-gurvarreve-te-Shqiperise-e-Veriut.-Autor-Jaho-Brahaj.-2.jpg?resize=400%2C517&amp;ssl=1 400w, https:\/\/i0.wp.com\/www.shqiperia.com\/blog\/wp-content\/uploads\/2019\/10\/Motive-te-gurvarreve-te-Shqiperise-e-Veriut.-Autor-Jaho-Brahaj.-2.jpg?w=743&amp;ssl=1 743w\" sizes=\"auto, (max-width: 467px) 100vw, 467px\" \/><p id=\"caption-attachment-27400\" class=\"wp-caption-text\">Motive te gurvarreve te Shqiperise e Veriut. Autor Jaho Brahaj.<\/p><\/div>\n<p><img data-recalc-dims=\"1\" loading=\"lazy\" decoding=\"async\" data-attachment-id=\"27401\" data-permalink=\"https:\/\/www.shqiperia.com\/blog\/ky-eshte-problem-i-identitetit-tone-gjerat-e-vogla-ndryshojne-kujtesen-dhe-trashegimine-kombetare\/motive-te-gurvarreve-te-shqiperise-e-veriut-autor-jaho-brahaj\/\" data-orig-file=\"https:\/\/i0.wp.com\/www.shqiperia.com\/blog\/wp-content\/uploads\/2019\/10\/Motive-te-gurvarreve-te-Shqiperise-e-Veriut.-Autor-Jaho-Brahaj..jpg?fit=730%2C960&amp;ssl=1\" data-orig-size=\"730,960\" data-comments-opened=\"1\" data-image-meta=\"{&quot;aperture&quot;:&quot;0&quot;,&quot;credit&quot;:&quot;&quot;,&quot;camera&quot;:&quot;&quot;,&quot;caption&quot;:&quot;&quot;,&quot;created_timestamp&quot;:&quot;0&quot;,&quot;copyright&quot;:&quot;&quot;,&quot;focal_length&quot;:&quot;0&quot;,&quot;iso&quot;:&quot;0&quot;,&quot;shutter_speed&quot;:&quot;0&quot;,&quot;title&quot;:&quot;&quot;,&quot;orientation&quot;:&quot;0&quot;}\" data-image-title=\"Motive te gurvarreve te Shqiperise e Veriut. Autor Jaho Brahaj.\" data-image-description=\"\" data-image-caption=\"\" data-medium-file=\"https:\/\/i0.wp.com\/www.shqiperia.com\/blog\/wp-content\/uploads\/2019\/10\/Motive-te-gurvarreve-te-Shqiperise-e-Veriut.-Autor-Jaho-Brahaj..jpg?fit=228%2C300&amp;ssl=1\" data-large-file=\"https:\/\/i0.wp.com\/www.shqiperia.com\/blog\/wp-content\/uploads\/2019\/10\/Motive-te-gurvarreve-te-Shqiperise-e-Veriut.-Autor-Jaho-Brahaj..jpg?fit=730%2C960&amp;ssl=1\" class=\"alignnone wp-image-27401\" alt=\"\" src=\"https:\/\/i0.wp.com\/www.shqiperia.com\/blog\/wp-content\/uploads\/2019\/10\/Motive-te-gurvarreve-te-Shqiperise-e-Veriut.-Autor-Jaho-Brahaj..jpg?resize=470%2C618&#038;ssl=1\" width=\"470\" height=\"618\" srcset=\"https:\/\/i0.wp.com\/www.shqiperia.com\/blog\/wp-content\/uploads\/2019\/10\/Motive-te-gurvarreve-te-Shqiperise-e-Veriut.-Autor-Jaho-Brahaj..jpg?resize=228%2C300&amp;ssl=1 228w, https:\/\/i0.wp.com\/www.shqiperia.com\/blog\/wp-content\/uploads\/2019\/10\/Motive-te-gurvarreve-te-Shqiperise-e-Veriut.-Autor-Jaho-Brahaj..jpg?resize=450%2C592&amp;ssl=1 450w, https:\/\/i0.wp.com\/www.shqiperia.com\/blog\/wp-content\/uploads\/2019\/10\/Motive-te-gurvarreve-te-Shqiperise-e-Veriut.-Autor-Jaho-Brahaj..jpg?resize=600%2C789&amp;ssl=1 600w, https:\/\/i0.wp.com\/www.shqiperia.com\/blog\/wp-content\/uploads\/2019\/10\/Motive-te-gurvarreve-te-Shqiperise-e-Veriut.-Autor-Jaho-Brahaj..jpg?resize=400%2C526&amp;ssl=1 400w, https:\/\/i0.wp.com\/www.shqiperia.com\/blog\/wp-content\/uploads\/2019\/10\/Motive-te-gurvarreve-te-Shqiperise-e-Veriut.-Autor-Jaho-Brahaj..jpg?w=730&amp;ssl=1 730w\" sizes=\"auto, (max-width: 470px) 100vw, 470px\" \/><\/p>\n<p>Bashkangjitur publikojme dy Akuarele: Motive te gurvarreve te Shqiperise se Veriut.<\/p>\n<p>Autor: Jaho Brahaj.<\/p>\n","protected":false},"excerpt":{"rendered":"<p>Ky eshte problem i identitetit tone. Gjerat e &#8220;vogla&#8221; ndryshojne kujtesen dhe Trashegimine Kombetare. A din kush te me tregoj cfare eshte festa &#8220;halloween&#8221;. Po Nata dhe Dita e &#8220;te SHUMAVE&#8221;, me 1 nentor, Dite me Shenje ne trashegimine tone te hershme. Te gjithe dine pergjigjen e pare dhe shume pak per te dyten. Ky [&hellip;]<\/p>\n","protected":false},"author":9,"featured_media":27399,"comment_status":"open","ping_status":"open","sticky":false,"template":"","format":"standard","meta":{"jetpack_post_was_ever_published":false,"_jetpack_newsletter_access":"","_jetpack_dont_email_post_to_subs":false,"_jetpack_newsletter_tier_id":0,"_jetpack_memberships_contains_paywalled_content":false,"_jetpack_memberships_contains_paid_content":false,"footnotes":"","jetpack_publicize_message":"","jetpack_publicize_feature_enabled":true,"jetpack_social_post_already_shared":true,"jetpack_social_options":{"image_generator_settings":{"template":"highway","default_image_id":0,"font":"","enabled":false},"version":2}},"categories":[85,10,86],"tags":[],"class_list":["post-27398","post","type-post","status-publish","format-standard","has-post-thumbnail","hentry","category-histori","category-kultura","category-trashegimi-kulturore"],"jetpack_publicize_connections":[],"jetpack_featured_media_url":"https:\/\/i0.wp.com\/www.shqiperia.com\/blog\/wp-content\/uploads\/2019\/10\/Motive-te-gurvarreve-te-Shqiperise-e-Veriut.-Autor-Jaho-Brahaj.-2-Copy.jpg?fit=743%2C411&ssl=1","jetpack_sharing_enabled":true,"jetpack_shortlink":"https:\/\/wp.me\/p5Z6wp-77U","jetpack-related-posts":[{"id":34712,"url":"https:\/\/www.shqiperia.com\/blog\/mesazhi-i-presidentit-meta-nuk-duhet-lejuar-te-ndodhin-me-prishje-te-trashegimise-historike-e-kulturore-na-mjaftojne-kujtimet-e-hidhura-te-kazmave-te-komunizmit-te-vitit-1967\/","url_meta":{"origin":27398,"position":0},"title":"Mesazhi i Presidentit Meta: &#8211; Nuk duhet lejuar t\u00eb ndodhin m\u00eb prishje t\u00eb trash\u00ebgimis\u00eb historike e kulturore. Na mjaftojn\u00eb kujtimet e hidhura t\u00eb kazmave t\u00eb komunizmit t\u00eb vitit 1967!","author":"Kurt Farka","date":"May 16, 2020","format":false,"excerpt":"Mesazhi i Presidentit Meta: - Nuk duhet lejuar t\u00eb ndodhin m\u00eb prishje t\u00eb trash\u00ebgimis\u00eb historike e kulturore. Na mjaftojn\u00eb kujtimet e hidhura t\u00eb kazmave t\u00eb komunizmit t\u00eb vitit 1967! 15\/05\/2020 Presidenti i Republik\u00ebs, Ilir Meta teksa ka vizituar xhamin\u00eb Kubelie n\u00eb Kavaj\u00eb \u00ebsht\u00eb shprehur se nuk duhet lejuar t\u00eb ndodhin\u2026","rel":"","context":"In &quot;Blogu i Udh\u00ebtarit&quot;","block_context":{"text":"Blogu i Udh\u00ebtarit","link":"https:\/\/www.shqiperia.com\/blog\/category\/blogu-i-udhetarit\/"},"img":{"alt_text":"","src":"https:\/\/i0.wp.com\/www.shqiperia.com\/blog\/wp-content\/uploads\/2020\/05\/meta1-1.jpg?fit=640%2C360&ssl=1&resize=350%2C200","width":350,"height":200,"srcset":"https:\/\/i0.wp.com\/www.shqiperia.com\/blog\/wp-content\/uploads\/2020\/05\/meta1-1.jpg?fit=640%2C360&ssl=1&resize=350%2C200 1x, https:\/\/i0.wp.com\/www.shqiperia.com\/blog\/wp-content\/uploads\/2020\/05\/meta1-1.jpg?fit=640%2C360&ssl=1&resize=525%2C300 1.5x"},"classes":[]},{"id":97877,"url":"https:\/\/www.shqiperia.com\/blog\/nje-serial-televiziv-per-arbereshet-perdor-testimin-e-adn-se-per-te-zbuluar-lidhjet-e-thella-stergjyshore-me-origjinen-shqiptare-pese-shekuj-me-pare-duke-nderthurur-trashegimine-me-teknologjine-moder\/","url_meta":{"origin":27398,"position":1},"title":"Nj\u00eb serial televiziv p\u00ebr arb\u00ebresh\u00ebt p\u00ebrdor testimin e ADN-s\u00eb p\u00ebr t\u00eb zbuluar lidhjet e thella st\u00ebrgjyshore me origjin\u00ebn shqiptare pes\u00eb shekuj m\u00eb par\u00eb, duke nd\u00ebrthurur trash\u00ebgimin\u00eb me teknologjin\u00eb moderne. Dokumentari \u00ebsht\u00eb nj\u00eb prodhim, q\u00eb vjen n\u00eb bashk\u00ebpunim me rrjetin televiziv t\u00eb \u201cRai\u201d-t.   Blerina Goce Blerina Goce  21 Shkurt, 13:24 | P\u00ebrditesimi: 21 Shkurt, 13:40   Share    Rrit madhesin\u00eb e shkrimit Zvog\u00eblo madhesin\u00eb e shkrimit Nj\u00eb histori p\u00ebr rr\u00ebnj\u00ebt, kujtes\u00ebn dhe identitetin. Seriali i ri dokumentar i producentit italian Emanuele Galloni, sjell n\u00eb v\u00ebmendje historin\u00eb e arb\u00ebresh\u00ebve n\u00eb Kalabri, pasardh\u00ebsit e shqiptar\u00ebve q\u00eb u larguan nga atdheu rreth 500 vjet m\u00eb par\u00eb.  Galloni, producent televiziv dhe themelues i \u201cConnemaris Media\u201d ka realizuar nj\u00eb serial me gjasht\u00eb episode, q\u00eb nd\u00ebrthur dokumentarin me element\u00eb t\u00eb proz\u00ebs fiktive. N\u00eb qend\u00ebr \u00ebsht\u00eb historia e k\u00ebtij komuniteti q\u00eb ka ruajtur gjuh\u00ebn, traditat dhe lidhjen shpirt\u00ebrore me Shqip\u00ebrin\u00eb nd\u00ebr shekuj.  Ndryshe nga prodhimet e tjera p\u00ebr arb\u00ebresh\u00ebt, ky serial shkon p\u00ebrtej rr\u00ebfimit historik. Ekipi ka bashk\u00ebpunuar me nj\u00eb kompani nd\u00ebrkomb\u00ebtare testimi gjenetik p\u00ebr t\u00eb analizuar ADN-n\u00eb e disa pjes\u00ebtar\u00ebve t\u00eb komunitetit, n\u00eb k\u00ebrkim t\u00eb provave shkencore p\u00ebr lidhjen e tyre me Shqip\u00ebrin\u00eb.     LEXO EDHE: Ministri Gonxhja n\u00eb Vatikan: &#8216;Moti i Madh&#8217;, \u00ebnd\u00ebrr e komunitetit arb\u00ebresh dhe detyrim i yni si shtet! Do aplikojm\u00eb n\u00eb UNESCO \u201cNe u p\u00ebrpoq\u00ebm t\u00eb gjenim n\u00eb bashk\u00ebpunim me Ancestral, n\u00ebse arb\u00ebresh\u00ebt kan\u00eb v\u00ebrtet n\u00eb ADN-n\u00eb e tyre lidhjen me shqiptar\u00ebt, nga jan\u00eb dhe nga vijn\u00eb.\u201d, thot\u00eb Galloni p\u00ebr &#8220;Report TV&#8221;.  Rezultatet, t\u00eb transmetuara n\u00eb episodin e kat\u00ebrt, soll\u00ebn emocione t\u00eb forta: lot, habi dhe reflektim mbi identitetin.  \u201cIdentiteti \u00ebsht\u00eb nj\u00eb tem\u00eb shum\u00eb e fuqishme sot. N\u00eb nj\u00eb koh\u00eb kur teknologjia dhe inteligjenca artificiale po ndryshojn\u00eb bot\u00ebn, emocionet e v\u00ebrteta t\u00eb njer\u00ebzve p\u00ebrball\u00eb zbulimeve mbi rr\u00ebnj\u00ebt e tyre jan\u00eb t\u00eb paz\u00ebvend\u00ebsueshme.\u201d, vijon ai.  P\u00ebr producentin, ky projekt \u00ebsht\u00eb edhe personal. Ai thekson lidhjen me vendlindjen e n\u00ebn\u00ebs s\u00eb tij n\u00eb Kalabri dhe pasionin e hersh\u00ebm p\u00ebr pakicat gjuh\u00ebsore. Prej vitit 2014 ai ka punuar me komunitete minoritare n\u00eb Evrop\u00eb, nga Uellsi n\u00eb Irland\u00eb e Skoci, duke u fokusuar n\u00eb ruajtjen e identitetit kulturor.  \u201cInteresi im p\u00ebr Shqip\u00ebrin\u00eb dhe n\u00eb p\u00ebrgjith\u00ebsi p\u00ebr t\u00eb gjitha vendet ku ka shqiptar\u00eb \u00ebsht\u00eb i madh. Po punoj p\u00ebr momentin edhe n\u00eb nj\u00eb serial t\u00eb ri televiziv, nj\u00eb film imagjinar, q\u00eb zhvillohet gjat\u00eb viteve \u201940-t\u00eb dhe shpresojm\u00eb t\u00eb jet\u00eb nj\u00eb bashk\u00ebprodhim me Shqip\u00ebrin\u00eb, Maqedonin\u00eb e Veriut dhe Kosov\u00ebn.\u201d, tregon Galloni.  Ai ishte i pranish\u00ebm gjat\u00eb k\u00ebtyre dit\u00ebve n\u00eb Berlin n\u00eb \u201cEuropean Film Market\u201d, p\u00ebr t\u00eb zgjeruar bashk\u00ebpunimet nd\u00ebrkomb\u00ebtare, pasi, si\u00e7 thot\u00eb, kompania e tij ka p\u00ebrfituar dy grante nga programi \u201cCreative Europe\u201d p\u00ebr projekte multimediale n\u00eb qend\u00ebr t\u00eb t\u00eb cilave jan\u00eb pakicat etnike.","author":"Kurt Farka","date":"February 21, 2026","format":false,"excerpt":"21 Shkurt 2026 Nga: Blerina Goce Nj\u00eb serial televiziv p\u00ebr arb\u00ebresh\u00ebt p\u00ebrdor testimin e ADN-s\u00eb p\u00ebr t\u00eb zbuluar lidhjet e thella st\u00ebrgjyshore me origjin\u00ebn shqiptare pes\u00eb shekuj m\u00eb par\u00eb, duke nd\u00ebrthurur trash\u00ebgimin\u00eb me teknologjin\u00eb moderne. Dokumentari \u00ebsht\u00eb nj\u00eb prodhim, q\u00eb vjen n\u00eb bashk\u00ebpunim me rrjetin televiziv t\u00eb \u201cRai\u201d-t Nj\u00eb histori\u2026","rel":"","context":"In &quot;Histori&quot;","block_context":{"text":"Histori","link":"https:\/\/www.shqiperia.com\/blog\/category\/histori\/"},"img":{"alt_text":"","src":"https:\/\/i0.wp.com\/www.shqiperia.com\/blog\/wp-content\/uploads\/2026\/02\/1771676957_serialiperarbereshet.jpg?fit=780%2C440&ssl=1&resize=350%2C200","width":350,"height":200,"srcset":"https:\/\/i0.wp.com\/www.shqiperia.com\/blog\/wp-content\/uploads\/2026\/02\/1771676957_serialiperarbereshet.jpg?fit=780%2C440&ssl=1&resize=350%2C200 1x, https:\/\/i0.wp.com\/www.shqiperia.com\/blog\/wp-content\/uploads\/2026\/02\/1771676957_serialiperarbereshet.jpg?fit=780%2C440&ssl=1&resize=525%2C300 1.5x, https:\/\/i0.wp.com\/www.shqiperia.com\/blog\/wp-content\/uploads\/2026\/02\/1771676957_serialiperarbereshet.jpg?fit=780%2C440&ssl=1&resize=700%2C400 2x"},"classes":[]},{"id":97567,"url":"https:\/\/www.shqiperia.com\/blog\/peticion-online-per-njohjen-e-plisit-shqiptar-nga-unesco\/","url_meta":{"origin":27398,"position":2},"title":"Peticion online p\u00ebr njohjen e plisit shqiptar nga UNESCO","author":"Kurt Farka","date":"February 10, 2026","format":false,"excerpt":"10 Shkurt 2026 Online qarkullon nj\u00eb peticion p\u00ebrmes t\u00eb cilit, qytetar\u00ebt n\u00ebnshkrues, i b\u00ebjn\u00eb thirrje UNESCO-s t\u00eb njoh\u00eb plisin shqiptar si nj\u00eb artefakt zyrtar kulturor duke e p\u00ebrfshir\u00eb n\u00eb list\u00ebn e Trash\u00ebgimis\u00eb Kulturore Jomateriale. Peticioni thot\u00eb se, njohja nga UNESCO jo vet\u00ebm q\u00eb do t\u00eb nderonte trash\u00ebgimin\u00eb ton\u00eb kulturore, por\u2026","rel":"","context":"In &quot;Blogu i Udh\u00ebtarit&quot;","block_context":{"text":"Blogu i Udh\u00ebtarit","link":"https:\/\/www.shqiperia.com\/blog\/category\/blogu-i-udhetarit\/"},"img":{"alt_text":"","src":"https:\/\/i0.wp.com\/www.shqiperia.com\/blog\/wp-content\/uploads\/2026\/02\/Kapuci-tradicional-Shqiptar.png?fit=640%2C359&ssl=1&resize=350%2C200","width":350,"height":200,"srcset":"https:\/\/i0.wp.com\/www.shqiperia.com\/blog\/wp-content\/uploads\/2026\/02\/Kapuci-tradicional-Shqiptar.png?fit=640%2C359&ssl=1&resize=350%2C200 1x, https:\/\/i0.wp.com\/www.shqiperia.com\/blog\/wp-content\/uploads\/2026\/02\/Kapuci-tradicional-Shqiptar.png?fit=640%2C359&ssl=1&resize=525%2C300 1.5x"},"classes":[]},{"id":36793,"url":"https:\/\/www.shqiperia.com\/blog\/pse-fshihet-shenjtori-me-fustanelle-2-foto\/","url_meta":{"origin":27398,"position":3},"title":"Pse fshihet Shenjtori me Fustanelle. (2 foto).","author":"Kurt Farka","date":"August 2, 2020","format":false,"excerpt":"Pse fshihet Shenjtori me Fustanelle. (2 foto). Shenim nga Jaho Brahaj. Keto dite kemi pare pastime ne FB, ne artikuj ne gazeta dhe revista, ne reportazhe dhe telereportazhe kishen e Shen Dellise ne Buhal Permet. U tha, dhe cfare nuk u tha. Te gjitha jane vleresime per trashegimine tone artistike,\u2026","rel":"","context":"In &quot;Arte&quot;","block_context":{"text":"Arte","link":"https:\/\/www.shqiperia.com\/blog\/category\/arte\/"},"img":{"alt_text":"","src":"https:\/\/i0.wp.com\/www.shqiperia.com\/blog\/wp-content\/uploads\/2020\/08\/116909310_2797597657130186_2786173173881715486_o.jpg?fit=1200%2C544&ssl=1&resize=350%2C200","width":350,"height":200,"srcset":"https:\/\/i0.wp.com\/www.shqiperia.com\/blog\/wp-content\/uploads\/2020\/08\/116909310_2797597657130186_2786173173881715486_o.jpg?fit=1200%2C544&ssl=1&resize=350%2C200 1x, https:\/\/i0.wp.com\/www.shqiperia.com\/blog\/wp-content\/uploads\/2020\/08\/116909310_2797597657130186_2786173173881715486_o.jpg?fit=1200%2C544&ssl=1&resize=525%2C300 1.5x, https:\/\/i0.wp.com\/www.shqiperia.com\/blog\/wp-content\/uploads\/2020\/08\/116909310_2797597657130186_2786173173881715486_o.jpg?fit=1200%2C544&ssl=1&resize=700%2C400 2x, https:\/\/i0.wp.com\/www.shqiperia.com\/blog\/wp-content\/uploads\/2020\/08\/116909310_2797597657130186_2786173173881715486_o.jpg?fit=1200%2C544&ssl=1&resize=1050%2C600 3x"},"classes":[]},{"id":2668,"url":"https:\/\/www.shqiperia.com\/blog\/pse-duam-kaq-pak-artin-dhe-trashegimine\/","url_meta":{"origin":27398,"position":4},"title":"Pse e duam kaq pak artin dhe trashegimine tone kombetare.-","author":"Kurt Farka","date":"February 7, 2018","format":false,"excerpt":"Te gjithe ne shqiptaret kudo qe jemi duhet ti drejtojme vetvetes nje pyetje: - Pse jemi popull qe kemi humbur kujtesen, trashegimine tone. Cdo popull tek pasuria e tij trashgimi, sikur takon dhe nderon te Paret e Tij. Ja nje shembulli i shkaterrimit sistematik te ilustruar me foto, kemi nje\u2026","rel":"","context":"In &quot;Trashegimi Kulturore&quot;","block_context":{"text":"Trashegimi Kulturore","link":"https:\/\/www.shqiperia.com\/blog\/category\/trashegimi-kulturore\/"},"img":{"alt_text":"","src":"https:\/\/i0.wp.com\/www.shqiperia.com\/blog\/wp-content\/uploads\/2018\/02\/Banes-me-piktura-murale-Kruje-4.jpg?fit=660%2C605&ssl=1&resize=350%2C200","width":350,"height":200,"srcset":"https:\/\/i0.wp.com\/www.shqiperia.com\/blog\/wp-content\/uploads\/2018\/02\/Banes-me-piktura-murale-Kruje-4.jpg?fit=660%2C605&ssl=1&resize=350%2C200 1x, https:\/\/i0.wp.com\/www.shqiperia.com\/blog\/wp-content\/uploads\/2018\/02\/Banes-me-piktura-murale-Kruje-4.jpg?fit=660%2C605&ssl=1&resize=525%2C300 1.5x"},"classes":[]},{"id":21387,"url":"https:\/\/www.shqiperia.com\/blog\/armik-i-kujteses-kulturore-dhe-identitetit-kombetar-vangjush-dako\/","url_meta":{"origin":27398,"position":5},"title":"Armik i Kujteses Kulturore dhe Identitetit Kombetar:\u00a0 Vangjush Dako.","author":"Kurt Farka","date":"May 20, 2019","format":false,"excerpt":"Doni te shkaterroni Trashegimine Kulturore Shqiptare. - Ja ku eshte Ustai. Armik i Kujteses Kulturore dhe Identitetit Kombetar:\u00a0 Vangjush Dako.","rel":"","context":"In &quot;Blogu i Udh\u00ebtarit&quot;","block_context":{"text":"Blogu i Udh\u00ebtarit","link":"https:\/\/www.shqiperia.com\/blog\/category\/blogu-i-udhetarit\/"},"img":{"alt_text":"","src":"https:\/\/i0.wp.com\/www.shqiperia.com\/blog\/wp-content\/uploads\/2019\/05\/60829026_2447868352125954_2856841108032323584_n.jpg?fit=770%2C403&ssl=1&resize=350%2C200","width":350,"height":200,"srcset":"https:\/\/i0.wp.com\/www.shqiperia.com\/blog\/wp-content\/uploads\/2019\/05\/60829026_2447868352125954_2856841108032323584_n.jpg?fit=770%2C403&ssl=1&resize=350%2C200 1x, https:\/\/i0.wp.com\/www.shqiperia.com\/blog\/wp-content\/uploads\/2019\/05\/60829026_2447868352125954_2856841108032323584_n.jpg?fit=770%2C403&ssl=1&resize=525%2C300 1.5x, https:\/\/i0.wp.com\/www.shqiperia.com\/blog\/wp-content\/uploads\/2019\/05\/60829026_2447868352125954_2856841108032323584_n.jpg?fit=770%2C403&ssl=1&resize=700%2C400 2x"},"classes":[]}],"_links":{"self":[{"href":"https:\/\/www.shqiperia.com\/blog\/wp-json\/wp\/v2\/posts\/27398","targetHints":{"allow":["GET"]}}],"collection":[{"href":"https:\/\/www.shqiperia.com\/blog\/wp-json\/wp\/v2\/posts"}],"about":[{"href":"https:\/\/www.shqiperia.com\/blog\/wp-json\/wp\/v2\/types\/post"}],"author":[{"embeddable":true,"href":"https:\/\/www.shqiperia.com\/blog\/wp-json\/wp\/v2\/users\/9"}],"replies":[{"embeddable":true,"href":"https:\/\/www.shqiperia.com\/blog\/wp-json\/wp\/v2\/comments?post=27398"}],"version-history":[{"count":4,"href":"https:\/\/www.shqiperia.com\/blog\/wp-json\/wp\/v2\/posts\/27398\/revisions"}],"predecessor-version":[{"id":27405,"href":"https:\/\/www.shqiperia.com\/blog\/wp-json\/wp\/v2\/posts\/27398\/revisions\/27405"}],"wp:featuredmedia":[{"embeddable":true,"href":"https:\/\/www.shqiperia.com\/blog\/wp-json\/wp\/v2\/media\/27399"}],"wp:attachment":[{"href":"https:\/\/www.shqiperia.com\/blog\/wp-json\/wp\/v2\/media?parent=27398"}],"wp:term":[{"taxonomy":"category","embeddable":true,"href":"https:\/\/www.shqiperia.com\/blog\/wp-json\/wp\/v2\/categories?post=27398"},{"taxonomy":"post_tag","embeddable":true,"href":"https:\/\/www.shqiperia.com\/blog\/wp-json\/wp\/v2\/tags?post=27398"}],"curies":[{"name":"wp","href":"https:\/\/api.w.org\/{rel}","templated":true}]}}