{"id":27387,"date":"2019-10-27T20:06:53","date_gmt":"2019-10-27T20:06:53","guid":{"rendered":"https:\/\/www.shqiperia.com\/blog\/?p=27387"},"modified":"2019-10-27T20:06:53","modified_gmt":"2019-10-27T20:06:53","slug":"ndahet-nga-jeta-aktorja-e-kinomatografise-dhe-teatrit-shqiptar-shpresa-berdellima","status":"publish","type":"post","link":"https:\/\/www.shqiperia.com\/blog\/ndahet-nga-jeta-aktorja-e-kinomatografise-dhe-teatrit-shqiptar-shpresa-berdellima\/","title":{"rendered":"Ndahet nga jeta aktorja e Kinomatografise dhe Teatrit Shqiptar SHPRESA BERDELLIMA. &#8211;"},"content":{"rendered":"<p><img data-recalc-dims=\"1\" loading=\"lazy\" decoding=\"async\" data-attachment-id=\"27388\" data-permalink=\"https:\/\/www.shqiperia.com\/blog\/ndahet-nga-jeta-aktorja-e-kinomatografise-dhe-teatrit-shqiptar-shpresa-berdellima\/aktorja-shpresa-berdellima\/\" data-orig-file=\"https:\/\/i0.wp.com\/www.shqiperia.com\/blog\/wp-content\/uploads\/2019\/10\/Aktorja-Shpresa-Berdellima.jpg?fit=300%2C168&amp;ssl=1\" data-orig-size=\"300,168\" data-comments-opened=\"1\" data-image-meta=\"{&quot;aperture&quot;:&quot;0&quot;,&quot;credit&quot;:&quot;&quot;,&quot;camera&quot;:&quot;&quot;,&quot;caption&quot;:&quot;&quot;,&quot;created_timestamp&quot;:&quot;0&quot;,&quot;copyright&quot;:&quot;&quot;,&quot;focal_length&quot;:&quot;0&quot;,&quot;iso&quot;:&quot;0&quot;,&quot;shutter_speed&quot;:&quot;0&quot;,&quot;title&quot;:&quot;&quot;,&quot;orientation&quot;:&quot;0&quot;}\" data-image-title=\"Aktorja Shpresa Berdellima\" data-image-description=\"\" data-image-caption=\"\" data-medium-file=\"https:\/\/i0.wp.com\/www.shqiperia.com\/blog\/wp-content\/uploads\/2019\/10\/Aktorja-Shpresa-Berdellima.jpg?fit=300%2C168&amp;ssl=1\" data-large-file=\"https:\/\/i0.wp.com\/www.shqiperia.com\/blog\/wp-content\/uploads\/2019\/10\/Aktorja-Shpresa-Berdellima.jpg?fit=300%2C168&amp;ssl=1\" class=\"alignnone  wp-image-27388\" alt=\"\" src=\"https:\/\/i0.wp.com\/www.shqiperia.com\/blog\/wp-content\/uploads\/2019\/10\/Aktorja-Shpresa-Berdellima.jpg?resize=662%2C371&#038;ssl=1\" width=\"662\" height=\"371\" \/><\/p>\n<p>Ndahet nga jeta aktorja e Kinomatografise dhe Teatrit Shqiptar SHPRESA BERDELLIMA.<\/p>\n<p>Lajm tjet\u00ebr i zi p\u00ebr artin shqiptar. \u00cbsht\u00eb ndar\u00eb nga jeta aktorja Shpresa B\u00ebrdellima.<\/p>\n<p>Aktorja q\u00eb u b\u00eb e famshme p\u00ebr publikun shqiptar n\u00eb filmin \u201cVajza me kordele t\u00eb kuqe\u201d me rolin e zonjush\u00ebs Gaitani, mbylli syt\u00eb p\u00ebrgjithmon\u00eb n\u00eb mosh\u00ebn 60-vje\u00e7are.<\/p>\n<p>Aktiviteti i saj n\u00eb film si ka deshmuar edhe ajo vete ka filluar qe n\u00eb moshen 16 vje\u00e7are\u00a0 n\u00eb filmin \u201cGunat p\u00ebrmbi tela\u201d kur ka q\u00ebn\u00eb akoma n\u00eb gjimnazin \u201cPetro Nini Luarasi\u201d. Qe femije ajo kishte d\u00ebshir\u00ebn t\u00eb b\u00ebhej aktore. Njerezit qe e rrethonin e degjonin dhe e shihnin me kureshtje se si kjo cupe e vogel recitonte, k\u00ebndonte, , k\u00ebrcente dhe bente edhe poza aktori.<\/p>\n<div id=\"attachment_27389\" style=\"width: 617px\" class=\"wp-caption alignnone\"><img data-recalc-dims=\"1\" loading=\"lazy\" decoding=\"async\" aria-describedby=\"caption-attachment-27389\" data-attachment-id=\"27389\" data-permalink=\"https:\/\/www.shqiperia.com\/blog\/ndahet-nga-jeta-aktorja-e-kinomatografise-dhe-teatrit-shqiptar-shpresa-berdellima\/0c74461ff44c0bd53c1bdaeb9037041b\/\" data-orig-file=\"https:\/\/i0.wp.com\/www.shqiperia.com\/blog\/wp-content\/uploads\/2019\/10\/0c74461ff44c0bd53c1bdaeb9037041b.jpg?fit=768%2C576&amp;ssl=1\" data-orig-size=\"768,576\" data-comments-opened=\"1\" data-image-meta=\"{&quot;aperture&quot;:&quot;0&quot;,&quot;credit&quot;:&quot;&quot;,&quot;camera&quot;:&quot;&quot;,&quot;caption&quot;:&quot;&quot;,&quot;created_timestamp&quot;:&quot;0&quot;,&quot;copyright&quot;:&quot;&quot;,&quot;focal_length&quot;:&quot;0&quot;,&quot;iso&quot;:&quot;0&quot;,&quot;shutter_speed&quot;:&quot;0&quot;,&quot;title&quot;:&quot;&quot;,&quot;orientation&quot;:&quot;0&quot;}\" data-image-title=\"Aktorja Shpresa Berdellima\" data-image-description=\"\" data-image-caption=\"&lt;p&gt;Aktorja Shpresa Berdellima&lt;\/p&gt;\n\" data-medium-file=\"https:\/\/i0.wp.com\/www.shqiperia.com\/blog\/wp-content\/uploads\/2019\/10\/0c74461ff44c0bd53c1bdaeb9037041b.jpg?fit=300%2C225&amp;ssl=1\" data-large-file=\"https:\/\/i0.wp.com\/www.shqiperia.com\/blog\/wp-content\/uploads\/2019\/10\/0c74461ff44c0bd53c1bdaeb9037041b.jpg?fit=768%2C576&amp;ssl=1\" class=\" wp-image-27389\" alt=\"\" src=\"https:\/\/i0.wp.com\/www.shqiperia.com\/blog\/wp-content\/uploads\/2019\/10\/0c74461ff44c0bd53c1bdaeb9037041b.jpg?resize=607%2C455&#038;ssl=1\" width=\"607\" height=\"455\" srcset=\"https:\/\/i0.wp.com\/www.shqiperia.com\/blog\/wp-content\/uploads\/2019\/10\/0c74461ff44c0bd53c1bdaeb9037041b.jpg?resize=300%2C225&amp;ssl=1 300w, https:\/\/i0.wp.com\/www.shqiperia.com\/blog\/wp-content\/uploads\/2019\/10\/0c74461ff44c0bd53c1bdaeb9037041b.jpg?w=768&amp;ssl=1 768w, https:\/\/i0.wp.com\/www.shqiperia.com\/blog\/wp-content\/uploads\/2019\/10\/0c74461ff44c0bd53c1bdaeb9037041b.jpg?resize=450%2C338&amp;ssl=1 450w, https:\/\/i0.wp.com\/www.shqiperia.com\/blog\/wp-content\/uploads\/2019\/10\/0c74461ff44c0bd53c1bdaeb9037041b.jpg?resize=600%2C450&amp;ssl=1 600w, https:\/\/i0.wp.com\/www.shqiperia.com\/blog\/wp-content\/uploads\/2019\/10\/0c74461ff44c0bd53c1bdaeb9037041b.jpg?resize=400%2C300&amp;ssl=1 400w\" sizes=\"auto, (max-width: 607px) 100vw, 607px\" \/><p id=\"caption-attachment-27389\" class=\"wp-caption-text\">Aktorja Shpresa Berdellima<\/p><\/div>\n<p>Mbasi kryen gjimnazin , studjon per aktore ne Insitutin e Larte te Arteve.\u00a0 Me pas u angazhua n\u00eb teatrin e estrad\u00ebs s\u00eb Tiran\u00ebs . Nje dyzine rolesh ne kete estrade , ne skece e komedi, perkrah emrave te medhnj te kohes duke filluar me artistet e medhenj Skender Sallakun, dhe Melpomeni Cobanin, e me pas me Vasillaq Vangjelin, Veli Raden, Kosta Kamberin, Vegim Xhanin, Agim Bajkon etj .<\/p>\n<div id=\"attachment_27390\" style=\"width: 722px\" class=\"wp-caption alignnone\"><img data-recalc-dims=\"1\" loading=\"lazy\" decoding=\"async\" aria-describedby=\"caption-attachment-27390\" data-attachment-id=\"27390\" data-permalink=\"https:\/\/www.shqiperia.com\/blog\/ndahet-nga-jeta-aktorja-e-kinomatografise-dhe-teatrit-shqiptar-shpresa-berdellima\/shpresa-berdellima\/\" data-orig-file=\"https:\/\/i0.wp.com\/www.shqiperia.com\/blog\/wp-content\/uploads\/2019\/10\/SHPRESA-BERDELLIMA.jpg?fit=640%2C360&amp;ssl=1\" data-orig-size=\"640,360\" data-comments-opened=\"1\" data-image-meta=\"{&quot;aperture&quot;:&quot;0&quot;,&quot;credit&quot;:&quot;&quot;,&quot;camera&quot;:&quot;&quot;,&quot;caption&quot;:&quot;&quot;,&quot;created_timestamp&quot;:&quot;0&quot;,&quot;copyright&quot;:&quot;&quot;,&quot;focal_length&quot;:&quot;0&quot;,&quot;iso&quot;:&quot;0&quot;,&quot;shutter_speed&quot;:&quot;0&quot;,&quot;title&quot;:&quot;&quot;,&quot;orientation&quot;:&quot;0&quot;}\" data-image-title=\"SHPRESA BERDELLIMA\" data-image-description=\"\" data-image-caption=\"&lt;p&gt;Aktorja Shpresa Berdellima&lt;\/p&gt;\n\" data-medium-file=\"https:\/\/i0.wp.com\/www.shqiperia.com\/blog\/wp-content\/uploads\/2019\/10\/SHPRESA-BERDELLIMA.jpg?fit=300%2C169&amp;ssl=1\" data-large-file=\"https:\/\/i0.wp.com\/www.shqiperia.com\/blog\/wp-content\/uploads\/2019\/10\/SHPRESA-BERDELLIMA.jpg?fit=640%2C360&amp;ssl=1\" class=\" wp-image-27390\" alt=\"\" src=\"https:\/\/i0.wp.com\/www.shqiperia.com\/blog\/wp-content\/uploads\/2019\/10\/SHPRESA-BERDELLIMA.jpg?resize=712%2C401&#038;ssl=1\" width=\"712\" height=\"401\" srcset=\"https:\/\/i0.wp.com\/www.shqiperia.com\/blog\/wp-content\/uploads\/2019\/10\/SHPRESA-BERDELLIMA.jpg?resize=300%2C169&amp;ssl=1 300w, https:\/\/i0.wp.com\/www.shqiperia.com\/blog\/wp-content\/uploads\/2019\/10\/SHPRESA-BERDELLIMA.jpg?resize=450%2C253&amp;ssl=1 450w, https:\/\/i0.wp.com\/www.shqiperia.com\/blog\/wp-content\/uploads\/2019\/10\/SHPRESA-BERDELLIMA.jpg?resize=600%2C338&amp;ssl=1 600w, https:\/\/i0.wp.com\/www.shqiperia.com\/blog\/wp-content\/uploads\/2019\/10\/SHPRESA-BERDELLIMA.jpg?resize=400%2C225&amp;ssl=1 400w, https:\/\/i0.wp.com\/www.shqiperia.com\/blog\/wp-content\/uploads\/2019\/10\/SHPRESA-BERDELLIMA.jpg?w=640&amp;ssl=1 640w\" sizes=\"auto, (max-width: 712px) 100vw, 712px\" \/><p id=\"caption-attachment-27390\" class=\"wp-caption-text\">Aktorja Shpresa Berdellima<\/p><\/div>\n<p>N\u00eb kinematografi, e ka filluar me rolin e zonjush\u00ebs Gajtani tek \u201cVajzat me kordele t\u00eb kuqe\u201d, roli i cili u ngulit ne memorien e publikut duke e identifikuar ate vete me personazhin e ketij filmi, spiunen Gajtani. Pastaj vijne me rradhe edhe rolet e tjera si Asimeja tek \u201c Pertej mureve prej guri\u201d; Vali ne \u201cEra e nrohte e thellesive\u201d; Liza ne \u201cKur hapen dyert e jetes\u201d etj.<\/p>\n<div id=\"attachment_27393\" style=\"width: 759px\" class=\"wp-caption alignnone\"><img data-recalc-dims=\"1\" loading=\"lazy\" decoding=\"async\" aria-describedby=\"caption-attachment-27393\" data-attachment-id=\"27393\" data-permalink=\"https:\/\/www.shqiperia.com\/blog\/ndahet-nga-jeta-aktorja-e-kinomatografise-dhe-teatrit-shqiptar-shpresa-berdellima\/shpresa-berdellima-2-2\/\" data-orig-file=\"https:\/\/i0.wp.com\/www.shqiperia.com\/blog\/wp-content\/uploads\/2019\/10\/Shpresa-Berdellima-2-1.jpg?fit=768%2C575&amp;ssl=1\" data-orig-size=\"768,575\" data-comments-opened=\"1\" data-image-meta=\"{&quot;aperture&quot;:&quot;0&quot;,&quot;credit&quot;:&quot;&quot;,&quot;camera&quot;:&quot;&quot;,&quot;caption&quot;:&quot;&quot;,&quot;created_timestamp&quot;:&quot;0&quot;,&quot;copyright&quot;:&quot;&quot;,&quot;focal_length&quot;:&quot;0&quot;,&quot;iso&quot;:&quot;0&quot;,&quot;shutter_speed&quot;:&quot;0&quot;,&quot;title&quot;:&quot;&quot;,&quot;orientation&quot;:&quot;0&quot;}\" data-image-title=\"Shpresa Berdellima (2)\" data-image-description=\"\" data-image-caption=\"&lt;p&gt;Aktorja Shpresa Berdellima&lt;\/p&gt;\n\" data-medium-file=\"https:\/\/i0.wp.com\/www.shqiperia.com\/blog\/wp-content\/uploads\/2019\/10\/Shpresa-Berdellima-2-1.jpg?fit=300%2C225&amp;ssl=1\" data-large-file=\"https:\/\/i0.wp.com\/www.shqiperia.com\/blog\/wp-content\/uploads\/2019\/10\/Shpresa-Berdellima-2-1.jpg?fit=768%2C575&amp;ssl=1\" class=\" wp-image-27393\" alt=\"\" src=\"https:\/\/i0.wp.com\/www.shqiperia.com\/blog\/wp-content\/uploads\/2019\/10\/Shpresa-Berdellima-2-1.jpg?resize=749%2C562&#038;ssl=1\" width=\"749\" height=\"562\" srcset=\"https:\/\/i0.wp.com\/www.shqiperia.com\/blog\/wp-content\/uploads\/2019\/10\/Shpresa-Berdellima-2-1.jpg?resize=300%2C225&amp;ssl=1 300w, https:\/\/i0.wp.com\/www.shqiperia.com\/blog\/wp-content\/uploads\/2019\/10\/Shpresa-Berdellima-2-1.jpg?w=768&amp;ssl=1 768w, https:\/\/i0.wp.com\/www.shqiperia.com\/blog\/wp-content\/uploads\/2019\/10\/Shpresa-Berdellima-2-1.jpg?resize=450%2C337&amp;ssl=1 450w, https:\/\/i0.wp.com\/www.shqiperia.com\/blog\/wp-content\/uploads\/2019\/10\/Shpresa-Berdellima-2-1.jpg?resize=600%2C449&amp;ssl=1 600w, https:\/\/i0.wp.com\/www.shqiperia.com\/blog\/wp-content\/uploads\/2019\/10\/Shpresa-Berdellima-2-1.jpg?resize=400%2C299&amp;ssl=1 400w\" sizes=\"auto, (max-width: 749px) 100vw, 749px\" \/><p id=\"caption-attachment-27393\" class=\"wp-caption-text\">Aktorja Shpresa Berdellima<\/p><\/div>\n<p><img data-recalc-dims=\"1\" loading=\"lazy\" decoding=\"async\" data-attachment-id=\"27394\" data-permalink=\"https:\/\/www.shqiperia.com\/blog\/ndahet-nga-jeta-aktorja-e-kinomatografise-dhe-teatrit-shqiptar-shpresa-berdellima\/shpresa-berdellima-4\/\" data-orig-file=\"https:\/\/i0.wp.com\/www.shqiperia.com\/blog\/wp-content\/uploads\/2019\/10\/SHPRESA-BERDELLIMA-1-1.jpg?fit=640%2C360&amp;ssl=1\" data-orig-size=\"640,360\" data-comments-opened=\"1\" data-image-meta=\"{&quot;aperture&quot;:&quot;0&quot;,&quot;credit&quot;:&quot;&quot;,&quot;camera&quot;:&quot;&quot;,&quot;caption&quot;:&quot;&quot;,&quot;created_timestamp&quot;:&quot;0&quot;,&quot;copyright&quot;:&quot;&quot;,&quot;focal_length&quot;:&quot;0&quot;,&quot;iso&quot;:&quot;0&quot;,&quot;shutter_speed&quot;:&quot;0&quot;,&quot;title&quot;:&quot;&quot;,&quot;orientation&quot;:&quot;0&quot;}\" data-image-title=\"SHPRESA BERDELLIMA-\" data-image-description=\"\" data-image-caption=\"\" data-medium-file=\"https:\/\/i0.wp.com\/www.shqiperia.com\/blog\/wp-content\/uploads\/2019\/10\/SHPRESA-BERDELLIMA-1-1.jpg?fit=300%2C169&amp;ssl=1\" data-large-file=\"https:\/\/i0.wp.com\/www.shqiperia.com\/blog\/wp-content\/uploads\/2019\/10\/SHPRESA-BERDELLIMA-1-1.jpg?fit=640%2C360&amp;ssl=1\" class=\"alignnone  wp-image-27394\" alt=\"\" src=\"https:\/\/i0.wp.com\/www.shqiperia.com\/blog\/wp-content\/uploads\/2019\/10\/SHPRESA-BERDELLIMA-1-1.jpg?resize=769%2C433&#038;ssl=1\" width=\"769\" height=\"433\" srcset=\"https:\/\/i0.wp.com\/www.shqiperia.com\/blog\/wp-content\/uploads\/2019\/10\/SHPRESA-BERDELLIMA-1-1.jpg?resize=300%2C169&amp;ssl=1 300w, https:\/\/i0.wp.com\/www.shqiperia.com\/blog\/wp-content\/uploads\/2019\/10\/SHPRESA-BERDELLIMA-1-1.jpg?resize=450%2C253&amp;ssl=1 450w, https:\/\/i0.wp.com\/www.shqiperia.com\/blog\/wp-content\/uploads\/2019\/10\/SHPRESA-BERDELLIMA-1-1.jpg?resize=600%2C338&amp;ssl=1 600w, https:\/\/i0.wp.com\/www.shqiperia.com\/blog\/wp-content\/uploads\/2019\/10\/SHPRESA-BERDELLIMA-1-1.jpg?resize=400%2C225&amp;ssl=1 400w, https:\/\/i0.wp.com\/www.shqiperia.com\/blog\/wp-content\/uploads\/2019\/10\/SHPRESA-BERDELLIMA-1-1.jpg?w=640&amp;ssl=1 640w\" sizes=\"auto, (max-width: 769px) 100vw, 769px\" \/><\/p>\n<p>Aktorja Shpresa Berdellima<\/p>\n<p>Ajo ka luajtur gjithashtu edhe n\u00eb filmat:<\/p>\n<p>P\u00ebrtej mureve t\u00eb gurta (1979)\u2026 Asimeja<br \/>\nEra e ngroht\u00eb e thell\u00ebsive (1982)\u2026 Vali<br \/>\nKur hapen dyert e jet\u00ebs (1986)\u2026 Liza<br \/>\nKur ndahesh nga shok\u00ebt (1986)\u2026 Zana<br \/>\nT\u00eb shoh n\u00eb sy (1986)\u2026 bashkeshortja e z. Mina<br \/>\nMirela (telekomedi) \u2013 (1988), Mirela<br \/>\nFlutura n\u00eb kabin\u00ebn time (1988)\u2026 Keti<br \/>\nHetimi vazhdon (1988)\u2026 Liljana<br \/>\nShpresa\u2026 1989<\/p>\n<p>B\u00ebrdellima jetonte n\u00eb Belgjik\u00eb s\u00eb bashku me familjen e saj.<\/p>\n","protected":false},"excerpt":{"rendered":"<p>Ndahet nga jeta aktorja e Kinomatografise dhe Teatrit Shqiptar SHPRESA BERDELLIMA. Lajm tjet\u00ebr i zi p\u00ebr artin shqiptar. \u00cbsht\u00eb ndar\u00eb nga jeta aktorja Shpresa B\u00ebrdellima. Aktorja q\u00eb u b\u00eb e famshme p\u00ebr publikun shqiptar n\u00eb filmin \u201cVajza me kordele t\u00eb kuqe\u201d me rolin e zonjush\u00ebs Gaitani, mbylli syt\u00eb p\u00ebrgjithmon\u00eb n\u00eb mosh\u00ebn 60-vje\u00e7are. Aktiviteti i saj [&hellip;]<\/p>\n","protected":false},"author":9,"featured_media":27388,"comment_status":"open","ping_status":"open","sticky":false,"template":"","format":"standard","meta":{"jetpack_post_was_ever_published":false,"_jetpack_newsletter_access":"","_jetpack_dont_email_post_to_subs":false,"_jetpack_newsletter_tier_id":0,"_jetpack_memberships_contains_paywalled_content":false,"_jetpack_memberships_contains_paid_content":false,"footnotes":"","jetpack_publicize_message":"","jetpack_publicize_feature_enabled":true,"jetpack_social_post_already_shared":true,"jetpack_social_options":{"image_generator_settings":{"template":"highway","default_image_id":0,"font":"","enabled":false},"version":2}},"categories":[87,10,1],"tags":[],"class_list":["post-27387","post","type-post","status-publish","format-standard","has-post-thumbnail","hentry","category-arte","category-kultura","category-njoftime-shtypi"],"jetpack_publicize_connections":[],"jetpack_featured_media_url":"https:\/\/i0.wp.com\/www.shqiperia.com\/blog\/wp-content\/uploads\/2019\/10\/Aktorja-Shpresa-Berdellima.jpg?fit=300%2C168&ssl=1","jetpack_sharing_enabled":true,"jetpack_shortlink":"https:\/\/wp.me\/p5Z6wp-77J","jetpack-related-posts":[{"id":62217,"url":"https:\/\/www.shqiperia.com\/blog\/irena-pappas-smund-ta-le-kete-bote-pa-thene-se-jam-shqiptare-ndahet-nga-jeta-aktorja-e-njohur\/","url_meta":{"origin":27387,"position":0},"title":"Irena Pappas. &#8211; \u201cS\u2019mund ta l\u00eb k\u00ebt\u00eb bot\u00eb pa th\u00ebn\u00eb se jam shqiptare\u201d. &#8211;  Ndahet nga jeta aktorja e njohur","author":"Kurt Farka","date":"September 14, 2022","format":false,"excerpt":"14 Shtator 2022 Ka nd\u00ebrruar jet\u00eb n\u00eb mosh\u00ebn 96-vje\u00e7are, aktorja shqiptare me fam\u00eb bot\u00ebrore, Irena Pappas. Origjina shqiptare e aktores s\u00eb njohur greke Irena Papa Leleku, \u00ebsht\u00eb kund\u00ebrshtuar shpesh, sidomos nga biograf\u00ebt grek\u00eb. Gjat\u00eb bashk\u00ebbisedimeve q\u00eb ka pasur me aktorin shqiptar Bekim Fehmiu ajo e ka pranuar origjin\u00ebn e saj\u2026","rel":"","context":"In &quot;Arte&quot;","block_context":{"text":"Arte","link":"https:\/\/www.shqiperia.com\/blog\/category\/arte\/"},"img":{"alt_text":"","src":"https:\/\/i0.wp.com\/www.shqiperia.com\/blog\/wp-content\/uploads\/2022\/09\/irene-papas.jpg?fit=491%2C341&ssl=1&resize=350%2C200","width":350,"height":200},"classes":[]},{"id":23108,"url":"https:\/\/www.shqiperia.com\/blog\/me-role-te-panumerta-ndahet-nga-jeta-aktorja-e-mirenjohur-shqiptare-valentina-caci\/","url_meta":{"origin":27387,"position":1},"title":"Me role t\u00eb panum\u00ebrta, ndahet nga jeta aktorja e mir\u00ebnjohur shqiptare Valentina Caci","author":"Kurt Farka","date":"July 15, 2019","format":false,"excerpt":"Me role t\u00eb panum\u00ebrta, ndahet nga jeta aktorja e mir\u00ebnjohur shqiptare Valentina Caci \u00cbsht\u00eb ndar\u00eb nga jeta n\u00eb mosh\u00ebn 83-vje\u00e7are aktorja e mir\u00ebnjohur shqiptare, Valentina Caci. Lajmin p\u00ebr vdekjen e saj e ka konfirmuar aktorja Zamira Kita, e cila shpreh ngush\u00ebllimet p\u00ebr ndarjen nga jeta t\u00eb 83-vje\u00e7ares. \u201cLamtumir\u00eb, e mira,\u2026","rel":"","context":"In &quot;Arte&quot;","block_context":{"text":"Arte","link":"https:\/\/www.shqiperia.com\/blog\/category\/arte\/"},"img":{"alt_text":"","src":"https:\/\/i0.wp.com\/www.shqiperia.com\/blog\/wp-content\/uploads\/2019\/07\/Aktorja-Valentina-Caci-3.jpg?fit=640%2C360&ssl=1&resize=350%2C200","width":350,"height":200,"srcset":"https:\/\/i0.wp.com\/www.shqiperia.com\/blog\/wp-content\/uploads\/2019\/07\/Aktorja-Valentina-Caci-3.jpg?fit=640%2C360&ssl=1&resize=350%2C200 1x, https:\/\/i0.wp.com\/www.shqiperia.com\/blog\/wp-content\/uploads\/2019\/07\/Aktorja-Valentina-Caci-3.jpg?fit=640%2C360&ssl=1&resize=525%2C300 1.5x"},"classes":[]},{"id":98174,"url":"https:\/\/www.shqiperia.com\/blog\/violeta-manushi-aktorja-qe-shkelqeu-ne-teater-dhe-film-perkujtim-ne-korce\/","url_meta":{"origin":27387,"position":2},"title":"Violeta Manushi aktorja q\u00eb shk\u00eblqeu n\u00eb teat\u00ebr dhe film, p\u00ebrkujtim n\u00eb Kor\u00e7\u00eb","author":"Kurt Farka","date":"March 5, 2026","format":false,"excerpt":"5 Mars 2026 Aktorja Violeta Manushit nj\u00eb nga figurat e shquara t\u00eb sken\u00ebs dhe filmit shqiptar, ku n\u00eb qytetin e Kor\u00e7\u00ebs nj\u00eb aktivitet u zhvillua n\u00eb nder t\u00eb saj. Aktorja e njohur p\u00ebr interpretimet e saj t\u00eb paharrueshme u p\u00ebrkujtua n\u00eb 100-vjetorin e lindjes nga Bashkia e Kor\u00e7\u00ebs, q\u00eb zhvilloi\u2026","rel":"","context":"In &quot;Kultura&quot;","block_context":{"text":"Kultura","link":"https:\/\/www.shqiperia.com\/blog\/category\/kultura\/"},"img":{"alt_text":"","src":"https:\/\/i0.wp.com\/www.shqiperia.com\/blog\/wp-content\/uploads\/2026\/03\/800-0-1722076521ximg-2719-728x430-158.jpeg?fit=800%2C473&ssl=1&resize=350%2C200","width":350,"height":200,"srcset":"https:\/\/i0.wp.com\/www.shqiperia.com\/blog\/wp-content\/uploads\/2026\/03\/800-0-1722076521ximg-2719-728x430-158.jpeg?fit=800%2C473&ssl=1&resize=350%2C200 1x, https:\/\/i0.wp.com\/www.shqiperia.com\/blog\/wp-content\/uploads\/2026\/03\/800-0-1722076521ximg-2719-728x430-158.jpeg?fit=800%2C473&ssl=1&resize=525%2C300 1.5x, https:\/\/i0.wp.com\/www.shqiperia.com\/blog\/wp-content\/uploads\/2026\/03\/800-0-1722076521ximg-2719-728x430-158.jpeg?fit=800%2C473&ssl=1&resize=700%2C400 2x"},"classes":[]},{"id":91035,"url":"https:\/\/www.shqiperia.com\/blog\/festoi-ditelindjen-nje-dite-me-pare-nderron-jete-ne-moshen-92-vjecare-ikona-e-kinematografise-shqiptare-margarita-xhepa\/","url_meta":{"origin":27387,"position":3},"title":"Festoi dit\u00eblindjen nj\u00eb dit\u00eb m\u00eb par\u00eb. &#8211; Nd\u00ebrron jet\u00eb n\u00eb mosh\u00ebn 92- vje\u00e7are, ikona e kinematografis\u00eb shqiptare Margarita Xhepa","author":"Kurt Farka","date":"April 3, 2025","format":false,"excerpt":"3 Prill 2025 \u00cbsht\u00eb ndar\u00eb nga jeta n\u00eb mosh\u00ebn 92- vje\u00e7are, ikona e kinematografis\u00eb shqiptare Margarita Xhepa. Aktorja ka festuar dit\u00ebn e djeshme dit\u00eblindjen. Aktorja u lind m\u00eb 2 prill t\u00eb vitit 1934, n\u00eb qytetin e Lushnj\u00ebs, prej ku nisi edhe hapat e par\u00eb drejt karrier\u00ebs s\u00eb saj. N\u00eb jet\u00ebn\u2026","rel":"","context":"In &quot;Arte&quot;","block_context":{"text":"Arte","link":"https:\/\/www.shqiperia.com\/blog\/category\/arte\/"},"img":{"alt_text":"","src":"https:\/\/i0.wp.com\/www.shqiperia.com\/blog\/wp-content\/uploads\/2025\/04\/margarita-xhepa.jpg?fit=671%2C391&ssl=1&resize=350%2C200","width":350,"height":200,"srcset":"https:\/\/i0.wp.com\/www.shqiperia.com\/blog\/wp-content\/uploads\/2025\/04\/margarita-xhepa.jpg?fit=671%2C391&ssl=1&resize=350%2C200 1x, https:\/\/i0.wp.com\/www.shqiperia.com\/blog\/wp-content\/uploads\/2025\/04\/margarita-xhepa.jpg?fit=671%2C391&ssl=1&resize=525%2C300 1.5x"},"classes":[]},{"id":3714,"url":"https:\/\/www.shqiperia.com\/blog\/aktorja-liri-lushi\/","url_meta":{"origin":27387,"position":4},"title":"Aktorja  Liri Lushi. &#8211;","author":"Kurt Farka","date":"February 22, 2018","format":false,"excerpt":"Liri Lushi \u00ebsht\u00eb aktore shqiptare e lindur n\u00eb Tiran\u00eb, Shqip\u00ebri ne 1954. \u00cbsht\u00eb diplomuar n\u00eb Akademin\u00eb e Arteve t\u00eb Bukura, Tiran\u00eb dega e Aktrimit. Karrier\u00ebn artistike e filloi n\u00eb mosh\u00ebn tremb\u00ebdhjet\u00eb vje\u00e7are kur fitoi \u00e7mimin e par\u00eb si interpretuesja m\u00eb e mir\u00eb me monologun: \u201cTregim p\u00ebr kat\u00ebr kufitar\u00ebt\u201d nga Ferat\u2026","rel":"","context":"In &quot;Kultura&quot;","block_context":{"text":"Kultura","link":"https:\/\/www.shqiperia.com\/blog\/category\/kultura\/"},"img":{"alt_text":"","src":"https:\/\/i0.wp.com\/www.shqiperia.com\/blog\/wp-content\/uploads\/2018\/02\/Liri-Lushi-4-300x168.jpg?resize=350%2C200","width":350,"height":200},"classes":[]},{"id":70451,"url":"https:\/\/www.shqiperia.com\/blog\/ndahet-nga-jeta-regjisori-shqiptar-kristaq-mitro\/","url_meta":{"origin":27387,"position":5},"title":"Ndahet nga jeta regjisori shqiptar Kristaq Mitro.","author":"Kurt Farka","date":"April 3, 2023","format":false,"excerpt":"3 Prill 2023. \u00cbsht\u00eb ndar\u00eb sot nga jeta n\u00eb mosh\u00ebn 77-vje\u00e7are regjisori Kristaq Mitro. Ai njihet p\u00ebr realizimin e disa prej filmave m\u00eb t\u00eb spikatur t\u00eb kinematografis\u00eb shqiptare, si \u2018Dimri i Fundit\u2019 dhe \u2018Liri a Vdekje\u2019 . Ka nd\u00ebrruar jet\u00eb n\u00eb mosh\u00ebn 77-vje\u00e7are, regjisori i njohur Kristaq Mitro. Ai \u00ebsht\u00eb\u2026","rel":"","context":"In &quot;Blogu i Udh\u00ebtarit&quot;","block_context":{"text":"Blogu i Udh\u00ebtarit","link":"https:\/\/www.shqiperia.com\/blog\/category\/blogu-i-udhetarit\/"},"img":{"alt_text":"","src":"https:\/\/i0.wp.com\/www.shqiperia.com\/blog\/wp-content\/uploads\/2023\/04\/Regjisori-kristaq-mitro.jpg?fit=739%2C415&ssl=1&resize=350%2C200","width":350,"height":200,"srcset":"https:\/\/i0.wp.com\/www.shqiperia.com\/blog\/wp-content\/uploads\/2023\/04\/Regjisori-kristaq-mitro.jpg?fit=739%2C415&ssl=1&resize=350%2C200 1x, https:\/\/i0.wp.com\/www.shqiperia.com\/blog\/wp-content\/uploads\/2023\/04\/Regjisori-kristaq-mitro.jpg?fit=739%2C415&ssl=1&resize=525%2C300 1.5x, https:\/\/i0.wp.com\/www.shqiperia.com\/blog\/wp-content\/uploads\/2023\/04\/Regjisori-kristaq-mitro.jpg?fit=739%2C415&ssl=1&resize=700%2C400 2x"},"classes":[]}],"_links":{"self":[{"href":"https:\/\/www.shqiperia.com\/blog\/wp-json\/wp\/v2\/posts\/27387","targetHints":{"allow":["GET"]}}],"collection":[{"href":"https:\/\/www.shqiperia.com\/blog\/wp-json\/wp\/v2\/posts"}],"about":[{"href":"https:\/\/www.shqiperia.com\/blog\/wp-json\/wp\/v2\/types\/post"}],"author":[{"embeddable":true,"href":"https:\/\/www.shqiperia.com\/blog\/wp-json\/wp\/v2\/users\/9"}],"replies":[{"embeddable":true,"href":"https:\/\/www.shqiperia.com\/blog\/wp-json\/wp\/v2\/comments?post=27387"}],"version-history":[{"count":1,"href":"https:\/\/www.shqiperia.com\/blog\/wp-json\/wp\/v2\/posts\/27387\/revisions"}],"predecessor-version":[{"id":27395,"href":"https:\/\/www.shqiperia.com\/blog\/wp-json\/wp\/v2\/posts\/27387\/revisions\/27395"}],"wp:featuredmedia":[{"embeddable":true,"href":"https:\/\/www.shqiperia.com\/blog\/wp-json\/wp\/v2\/media\/27388"}],"wp:attachment":[{"href":"https:\/\/www.shqiperia.com\/blog\/wp-json\/wp\/v2\/media?parent=27387"}],"wp:term":[{"taxonomy":"category","embeddable":true,"href":"https:\/\/www.shqiperia.com\/blog\/wp-json\/wp\/v2\/categories?post=27387"},{"taxonomy":"post_tag","embeddable":true,"href":"https:\/\/www.shqiperia.com\/blog\/wp-json\/wp\/v2\/tags?post=27387"}],"curies":[{"name":"wp","href":"https:\/\/api.w.org\/{rel}","templated":true}]}}