{"id":27373,"date":"2019-10-27T19:24:12","date_gmt":"2019-10-27T19:24:12","guid":{"rendered":"https:\/\/www.shqiperia.com\/blog\/?p=27373"},"modified":"2019-10-27T19:24:12","modified_gmt":"2019-10-27T19:24:12","slug":"piktorja-xheneta-kadillari-ne-kerkim-te-drites-dhe-diellit-foto","status":"publish","type":"post","link":"https:\/\/www.shqiperia.com\/blog\/piktorja-xheneta-kadillari-ne-kerkim-te-drites-dhe-diellit-foto\/","title":{"rendered":"Piktorja Xheneta Kadillari n\u00eb k\u00ebrkim t\u00eb drit\u00ebs dhe diellit (FOTO)"},"content":{"rendered":"<p><img data-recalc-dims=\"1\" loading=\"lazy\" decoding=\"async\" data-attachment-id=\"27374\" data-permalink=\"https:\/\/www.shqiperia.com\/blog\/piktorja-xheneta-kadillari-ne-kerkim-te-drites-dhe-diellit-foto\/1571755301_xhanetakadillari5\/\" data-orig-file=\"https:\/\/i0.wp.com\/www.shqiperia.com\/blog\/wp-content\/uploads\/2019\/10\/1571755301_xhanetakadillari5.jpg?fit=1218%2C618&amp;ssl=1\" data-orig-size=\"1218,618\" data-comments-opened=\"1\" data-image-meta=\"{&quot;aperture&quot;:&quot;0&quot;,&quot;credit&quot;:&quot;&quot;,&quot;camera&quot;:&quot;&quot;,&quot;caption&quot;:&quot;&quot;,&quot;created_timestamp&quot;:&quot;0&quot;,&quot;copyright&quot;:&quot;&quot;,&quot;focal_length&quot;:&quot;0&quot;,&quot;iso&quot;:&quot;0&quot;,&quot;shutter_speed&quot;:&quot;0&quot;,&quot;title&quot;:&quot;&quot;,&quot;orientation&quot;:&quot;0&quot;}\" data-image-title=\"1571755301_xhanetakadillari5\" data-image-description=\"\" data-image-caption=\"\" data-medium-file=\"https:\/\/i0.wp.com\/www.shqiperia.com\/blog\/wp-content\/uploads\/2019\/10\/1571755301_xhanetakadillari5.jpg?fit=300%2C152&amp;ssl=1\" data-large-file=\"https:\/\/i0.wp.com\/www.shqiperia.com\/blog\/wp-content\/uploads\/2019\/10\/1571755301_xhanetakadillari5.jpg?fit=1024%2C520&amp;ssl=1\" class=\"alignnone  wp-image-27374\" alt=\"\" src=\"https:\/\/i0.wp.com\/www.shqiperia.com\/blog\/wp-content\/uploads\/2019\/10\/1571755301_xhanetakadillari5.jpg?resize=594%2C301&#038;ssl=1\" width=\"594\" height=\"301\" srcset=\"https:\/\/i0.wp.com\/www.shqiperia.com\/blog\/wp-content\/uploads\/2019\/10\/1571755301_xhanetakadillari5.jpg?resize=300%2C152&amp;ssl=1 300w, https:\/\/i0.wp.com\/www.shqiperia.com\/blog\/wp-content\/uploads\/2019\/10\/1571755301_xhanetakadillari5.jpg?resize=768%2C390&amp;ssl=1 768w, https:\/\/i0.wp.com\/www.shqiperia.com\/blog\/wp-content\/uploads\/2019\/10\/1571755301_xhanetakadillari5.jpg?resize=1024%2C520&amp;ssl=1 1024w, https:\/\/i0.wp.com\/www.shqiperia.com\/blog\/wp-content\/uploads\/2019\/10\/1571755301_xhanetakadillari5.jpg?resize=450%2C228&amp;ssl=1 450w, https:\/\/i0.wp.com\/www.shqiperia.com\/blog\/wp-content\/uploads\/2019\/10\/1571755301_xhanetakadillari5.jpg?resize=600%2C304&amp;ssl=1 600w, https:\/\/i0.wp.com\/www.shqiperia.com\/blog\/wp-content\/uploads\/2019\/10\/1571755301_xhanetakadillari5.jpg?resize=400%2C203&amp;ssl=1 400w, https:\/\/i0.wp.com\/www.shqiperia.com\/blog\/wp-content\/uploads\/2019\/10\/1571755301_xhanetakadillari5.jpg?w=1218&amp;ssl=1 1218w\" sizes=\"auto, (max-width: 594px) 100vw, 594px\" \/><\/p>\n<p><strong>Piktorja Xheneta Kadillari n\u00eb k\u00ebrkim t\u00eb drit\u00ebs dhe diellit (FOTO)<\/strong><\/p>\n<p><em>N\u00eb Galerin\u00eb e Artit Shkod\u00ebr k\u00ebto dit\u00eb u hap ekspozita e piktores Xheneta Kadillari. N\u00eb t\u00eb j\u00ebn\u00eb paraqitur peizazhe, portrete, kompozime, nudo. Vjen si nj\u00eb mozaik i bukur shum\u00ebngjyr\u00ebsh n\u00eb nj\u00eb vij\u00ebm\u00ebsi krijuese me punime t\u00eb koh\u00ebve t\u00eb fundit. Jan\u00eb peizazhe, natyra t\u00eb qeta, portrete, kompozime e nudo, t\u00eb nd\u00ebrfutura e lidhur harmonikisht, p\u00ebrfaq\u00ebsim i nj\u00ebmendt\u00eb, nj\u00eb ekspozit\u00eb e plot\u00eb.<\/em><\/p>\n<p>Nga: Agim Janina<\/p>\n<p>22 Tetor 2019,<\/p>\n<p>N\u00eb Galerin\u00eb e Artit Shkod\u00ebr k\u00ebto dit\u00eb u hap ekspozita e piktores Xheneta Kadillari. N\u00eb t\u00eb jan\u00eb paraqitur peizazhe, portrete, kompozime, nudo. Vjen si nj\u00eb mozaik i bukur shum\u00ebngjyr\u00ebsh n\u00eb nj\u00eb vij\u00ebm\u00ebsi krijuese me punime t\u00eb koh\u00ebve t\u00eb fundit. Jan\u00eb peizazhe, natyra t\u00eb qeta, portrete, kompozime e nudo, t\u00eb nd\u00ebrfutura e lidhur harmonikisht, p\u00ebrfaq\u00ebsim i nj\u00ebmendt\u00eb, nj\u00eb ekspozit\u00eb e plot\u00eb.<\/p>\n<p>Artisti me vendlindjen dhe kultur\u00ebs e saj ka nj\u00eb lidhje t\u00eb dyfisht\u00eb jet\u00ebsore dhe emocionale. \u00cbsht\u00eb magja, ku lindin, thurren e marin jet\u00eb \u00ebndrrat. \u00cbsht\u00eb frym\u00ebmarrja shoq\u00ebruese, shtresim i p\u00ebrhersh\u00ebm, i cili zbrazet m\u00eb pas n\u00eb veprat q\u00eb krijon.<\/p>\n<p>E till\u00eb \u00ebsht\u00eb Xheneta nj\u00eb shkodrane e lir\u00eb, e kulturuar, pak rebele n\u00eb artin e saj, q\u00eb frym\u00ebn e vendlindjes e p\u00ebrcjell n\u00ebp\u00ebrmjet artit q\u00eb krijon. Simbioza nd\u00ebrthur\u00ebse, si ve\u00e7ori formimi, nga se Shkodra \u00ebsht\u00eb n\u00eb zanafill\u00eb t\u00eb themeleve t\u00eb ngrehin\u00ebs s\u00eb Arteve Pamore Shqiptare, duke u shquar si nj\u00eb trev\u00eb me frym\u00ebzim piktorik<\/p>\n<p>Emra t\u00eb m\u00ebdhenj t\u00eb Artit Pamor si Kol Idromeno, Ndoc Martini, Andrea Kushi, Zef Kolombi, Simon Rrota, Vladimir Jani, Danish Jukniu etj jan\u00eb ata q\u00eb krijuan ashtin piktorik shqiptar. Ve\u00e7ohet Jukniu, jo thjesht si nj\u00eb nga p\u00ebrfaq\u00ebsuesit m\u00eb n\u00eb z\u00eb, por edhe se \u00ebsht\u00eb m\u00ebsuesi i Xhenet\u00ebs, piktor e m\u00ebsues i p\u00ebrkor\u00eb, personalitet i mir\u00ebfillt\u00eb, nga i cili ajo ka marr\u00eb shum\u00eb, duke i zhvilluar m\u00eb tej prirjet e saj artistike e duke zen\u00eb vend t\u00eb merituar n\u00eb Piktur\u00ebn Shqiptare.<\/p>\n<div id=\"attachment_27375\" style=\"width: 738px\" class=\"wp-caption alignnone\"><img data-recalc-dims=\"1\" loading=\"lazy\" decoding=\"async\" aria-describedby=\"caption-attachment-27375\" data-attachment-id=\"27375\" data-permalink=\"https:\/\/www.shqiperia.com\/blog\/piktorja-xheneta-kadillari-ne-kerkim-te-drites-dhe-diellit-foto\/_xhaneta-kadillari3\/\" data-orig-file=\"https:\/\/i0.wp.com\/www.shqiperia.com\/blog\/wp-content\/uploads\/2019\/10\/xhaneta-kadillari3.jpg?fit=1036%2C927&amp;ssl=1\" data-orig-size=\"1036,927\" data-comments-opened=\"1\" data-image-meta=\"{&quot;aperture&quot;:&quot;0&quot;,&quot;credit&quot;:&quot;&quot;,&quot;camera&quot;:&quot;&quot;,&quot;caption&quot;:&quot;&quot;,&quot;created_timestamp&quot;:&quot;0&quot;,&quot;copyright&quot;:&quot;&quot;,&quot;focal_length&quot;:&quot;0&quot;,&quot;iso&quot;:&quot;0&quot;,&quot;shutter_speed&quot;:&quot;0&quot;,&quot;title&quot;:&quot;&quot;,&quot;orientation&quot;:&quot;0&quot;}\" data-image-title=\"xhaneta kadillari\" data-image-description=\"\" data-image-caption=\"&lt;p&gt;xhaneta kadillari&lt;\/p&gt;\n\" data-medium-file=\"https:\/\/i0.wp.com\/www.shqiperia.com\/blog\/wp-content\/uploads\/2019\/10\/xhaneta-kadillari3.jpg?fit=300%2C268&amp;ssl=1\" data-large-file=\"https:\/\/i0.wp.com\/www.shqiperia.com\/blog\/wp-content\/uploads\/2019\/10\/xhaneta-kadillari3.jpg?fit=1024%2C916&amp;ssl=1\" class=\" wp-image-27375\" alt=\"\" src=\"https:\/\/i0.wp.com\/www.shqiperia.com\/blog\/wp-content\/uploads\/2019\/10\/xhaneta-kadillari3.jpg?resize=728%2C650&#038;ssl=1\" width=\"728\" height=\"650\" srcset=\"https:\/\/i0.wp.com\/www.shqiperia.com\/blog\/wp-content\/uploads\/2019\/10\/xhaneta-kadillari3.jpg?resize=300%2C268&amp;ssl=1 300w, https:\/\/i0.wp.com\/www.shqiperia.com\/blog\/wp-content\/uploads\/2019\/10\/xhaneta-kadillari3.jpg?resize=768%2C687&amp;ssl=1 768w, https:\/\/i0.wp.com\/www.shqiperia.com\/blog\/wp-content\/uploads\/2019\/10\/xhaneta-kadillari3.jpg?resize=1024%2C916&amp;ssl=1 1024w, https:\/\/i0.wp.com\/www.shqiperia.com\/blog\/wp-content\/uploads\/2019\/10\/xhaneta-kadillari3.jpg?resize=450%2C403&amp;ssl=1 450w, https:\/\/i0.wp.com\/www.shqiperia.com\/blog\/wp-content\/uploads\/2019\/10\/xhaneta-kadillari3.jpg?resize=600%2C537&amp;ssl=1 600w, https:\/\/i0.wp.com\/www.shqiperia.com\/blog\/wp-content\/uploads\/2019\/10\/xhaneta-kadillari3.jpg?resize=400%2C358&amp;ssl=1 400w, https:\/\/i0.wp.com\/www.shqiperia.com\/blog\/wp-content\/uploads\/2019\/10\/xhaneta-kadillari3.jpg?w=1036&amp;ssl=1 1036w\" sizes=\"auto, (max-width: 728px) 100vw, 728px\" \/><p id=\"caption-attachment-27375\" class=\"wp-caption-text\">xhaneta kadillari<\/p><\/div>\n<p><img data-recalc-dims=\"1\" loading=\"lazy\" decoding=\"async\" data-attachment-id=\"27376\" data-permalink=\"https:\/\/www.shqiperia.com\/blog\/piktorja-xheneta-kadillari-ne-kerkim-te-drites-dhe-diellit-foto\/_xhaneta-kadillari6\/\" data-orig-file=\"https:\/\/i0.wp.com\/www.shqiperia.com\/blog\/wp-content\/uploads\/2019\/10\/xhaneta-kadillari6.jpg?fit=816%2C927&amp;ssl=1\" data-orig-size=\"816,927\" data-comments-opened=\"1\" data-image-meta=\"{&quot;aperture&quot;:&quot;0&quot;,&quot;credit&quot;:&quot;&quot;,&quot;camera&quot;:&quot;&quot;,&quot;caption&quot;:&quot;&quot;,&quot;created_timestamp&quot;:&quot;0&quot;,&quot;copyright&quot;:&quot;&quot;,&quot;focal_length&quot;:&quot;0&quot;,&quot;iso&quot;:&quot;0&quot;,&quot;shutter_speed&quot;:&quot;0&quot;,&quot;title&quot;:&quot;&quot;,&quot;orientation&quot;:&quot;0&quot;}\" data-image-title=\"_xhaneta kadillari6\" data-image-description=\"\" data-image-caption=\"\" data-medium-file=\"https:\/\/i0.wp.com\/www.shqiperia.com\/blog\/wp-content\/uploads\/2019\/10\/xhaneta-kadillari6.jpg?fit=264%2C300&amp;ssl=1\" data-large-file=\"https:\/\/i0.wp.com\/www.shqiperia.com\/blog\/wp-content\/uploads\/2019\/10\/xhaneta-kadillari6.jpg?fit=816%2C927&amp;ssl=1\" class=\"alignnone  wp-image-27376\" alt=\"\" src=\"https:\/\/i0.wp.com\/www.shqiperia.com\/blog\/wp-content\/uploads\/2019\/10\/xhaneta-kadillari6.jpg?resize=472%2C536&#038;ssl=1\" width=\"472\" height=\"536\" srcset=\"https:\/\/i0.wp.com\/www.shqiperia.com\/blog\/wp-content\/uploads\/2019\/10\/xhaneta-kadillari6.jpg?resize=264%2C300&amp;ssl=1 264w, https:\/\/i0.wp.com\/www.shqiperia.com\/blog\/wp-content\/uploads\/2019\/10\/xhaneta-kadillari6.jpg?resize=768%2C872&amp;ssl=1 768w, https:\/\/i0.wp.com\/www.shqiperia.com\/blog\/wp-content\/uploads\/2019\/10\/xhaneta-kadillari6.jpg?resize=450%2C511&amp;ssl=1 450w, https:\/\/i0.wp.com\/www.shqiperia.com\/blog\/wp-content\/uploads\/2019\/10\/xhaneta-kadillari6.jpg?resize=600%2C682&amp;ssl=1 600w, https:\/\/i0.wp.com\/www.shqiperia.com\/blog\/wp-content\/uploads\/2019\/10\/xhaneta-kadillari6.jpg?resize=400%2C454&amp;ssl=1 400w, https:\/\/i0.wp.com\/www.shqiperia.com\/blog\/wp-content\/uploads\/2019\/10\/xhaneta-kadillari6.jpg?w=816&amp;ssl=1 816w\" sizes=\"auto, (max-width: 472px) 100vw, 472px\" \/> <img data-recalc-dims=\"1\" loading=\"lazy\" decoding=\"async\" data-attachment-id=\"27377\" data-permalink=\"https:\/\/www.shqiperia.com\/blog\/piktorja-xheneta-kadillari-ne-kerkim-te-drites-dhe-diellit-foto\/1571755301_xhanetakadillari2\/\" data-orig-file=\"https:\/\/i0.wp.com\/www.shqiperia.com\/blog\/wp-content\/uploads\/2019\/10\/1571755301_xhanetakadillari2.jpg?fit=1241%2C923&amp;ssl=1\" data-orig-size=\"1241,923\" data-comments-opened=\"1\" data-image-meta=\"{&quot;aperture&quot;:&quot;0&quot;,&quot;credit&quot;:&quot;&quot;,&quot;camera&quot;:&quot;&quot;,&quot;caption&quot;:&quot;&quot;,&quot;created_timestamp&quot;:&quot;0&quot;,&quot;copyright&quot;:&quot;&quot;,&quot;focal_length&quot;:&quot;0&quot;,&quot;iso&quot;:&quot;0&quot;,&quot;shutter_speed&quot;:&quot;0&quot;,&quot;title&quot;:&quot;&quot;,&quot;orientation&quot;:&quot;0&quot;}\" data-image-title=\"1571755301_xhanetakadillari2\" data-image-description=\"\" data-image-caption=\"\" data-medium-file=\"https:\/\/i0.wp.com\/www.shqiperia.com\/blog\/wp-content\/uploads\/2019\/10\/1571755301_xhanetakadillari2.jpg?fit=300%2C223&amp;ssl=1\" data-large-file=\"https:\/\/i0.wp.com\/www.shqiperia.com\/blog\/wp-content\/uploads\/2019\/10\/1571755301_xhanetakadillari2.jpg?fit=1024%2C762&amp;ssl=1\" class=\"alignnone  wp-image-27377\" alt=\"\" src=\"https:\/\/i0.wp.com\/www.shqiperia.com\/blog\/wp-content\/uploads\/2019\/10\/1571755301_xhanetakadillari2.jpg?resize=448%2C333&#038;ssl=1\" width=\"448\" height=\"333\" srcset=\"https:\/\/i0.wp.com\/www.shqiperia.com\/blog\/wp-content\/uploads\/2019\/10\/1571755301_xhanetakadillari2.jpg?resize=300%2C223&amp;ssl=1 300w, https:\/\/i0.wp.com\/www.shqiperia.com\/blog\/wp-content\/uploads\/2019\/10\/1571755301_xhanetakadillari2.jpg?resize=768%2C571&amp;ssl=1 768w, https:\/\/i0.wp.com\/www.shqiperia.com\/blog\/wp-content\/uploads\/2019\/10\/1571755301_xhanetakadillari2.jpg?resize=1024%2C762&amp;ssl=1 1024w, https:\/\/i0.wp.com\/www.shqiperia.com\/blog\/wp-content\/uploads\/2019\/10\/1571755301_xhanetakadillari2.jpg?resize=450%2C335&amp;ssl=1 450w, https:\/\/i0.wp.com\/www.shqiperia.com\/blog\/wp-content\/uploads\/2019\/10\/1571755301_xhanetakadillari2.jpg?resize=600%2C446&amp;ssl=1 600w, https:\/\/i0.wp.com\/www.shqiperia.com\/blog\/wp-content\/uploads\/2019\/10\/1571755301_xhanetakadillari2.jpg?resize=400%2C298&amp;ssl=1 400w, https:\/\/i0.wp.com\/www.shqiperia.com\/blog\/wp-content\/uploads\/2019\/10\/1571755301_xhanetakadillari2.jpg?w=1241&amp;ssl=1 1241w\" sizes=\"auto, (max-width: 448px) 100vw, 448px\" \/><\/p>\n<p>Artistja e ka krijuar profilin artistik. N\u00eb shtator t\u00eb vitit 2010 merr \u00e7mimin \u201cPelod\u201d nga Qendra e Artit \u201cDEA\u201d, \u00e7mimin e dyt\u00eb n\u00eb konursin Nd\u00ebrkomb\u00ebtar \u201cVangjush Mio\u201d, Medalje t\u00eb Argent\u00eb\u201d n\u00eb konkursin e Aademis\u00eb Europiane t\u00eb Artve n\u00eb Genblaux t\u00eb Belgjik\u00ebs, Medaljen \u201cNaim Frash\u00ebri\u201d, akorduar Nga Presidiumi i Kuvendit Popullor, medaljen e Bronxt\u00eb n\u00eb Bienalen\u00a0\u00a0e piktor\u00ebve t\u00eb Mesdheut n\u00eb Aleksandri t\u00eb Egjiptit. Ka b\u00ebr\u00eb 14 ekspozita vetiake dhe shumt\u00eb t\u00eb tilla me bashkautor\u00eb brenda dhe jasht\u00eb vendit. N\u00eb Galerin\u00eb Komb\u00ebtare Tiran\u00eb kan\u00eb zen\u00eb vend dy punime shum\u00eb vler\u00ebsuese, \u201cVjesht\u00eb n\u00eb L\u00ebpush\u00eb\u201d Vermosh dhe Peisazh i Bjeshk\u00ebve t\u00eb Nemura\u201d. Kjo veprimtari \u00ebsht\u00eb shoq\u00ebruar me shum\u00eb shkrime vler\u00ebsuese n\u00eb gazeta n\u00eb vend e jasht\u00eb.<\/p>\n<p>Piktura \u00ebsht\u00eb ngjyr\u00eb. Forca shpreh\u00ebse e saj shprehet me t\u00eb, gjith\u00eb ajo mbres\u00eb dhe k\u00ebndv\u00ebshtrim n\u00eb gjetjen, m\u00ebnyra se si piktorja na tregon bot\u00ebn n\u00eb nj\u00eb m\u00ebnyr\u00eb t\u00eb ve\u00e7ant\u00eb, \u00e7&#8217;ka p\u00ebrb\u00ebn stilin vetiak. \u00cbsht\u00eb e brendshme dhe dometh\u00ebn\u00ebse e shpirtit t\u00eb artistit.<\/p>\n<p>Xheneta \u00ebsht\u00eb koloriste. T\u00eb rrall\u00eb jan\u00eb ata piktor\u00eb q\u00eb meritojn\u00eb nj\u00eb titull t\u00eb till\u00eb. Tek piktorja kjo shp\u00ebrfaqet s\u00eb brendshmi, vjen nga ajo pasuri e madhe, q\u00eb ka Shkodra si kryeqend\u00ebr e hershme kulture, ku mblidhen, p\u00ebrthyhen e qend\u00ebrzohen rrjedha t\u00eb ndryshme, n\u00eb shtresime t\u00eb hershme, lidhur e g\u00ebrshetuar me natyr\u00ebn e njeriun, ku mali i le vendin bjeshk\u00ebs, fusha liqenit, bora shiut, nd\u00ebrthuren tipe e karaktere, nga tiparet e ashpra t\u00eb burrave malsor\u00eb n\u00eb hijeshin\u00eb e femrave.<\/p>\n<p>T\u00eb gjitha k\u00ebto jan\u00eb nj\u00eb pasuri e madhe, me t\u00eb cilat Xheneta \u00ebsht\u00eb ndeshur n\u00eb f\u00ebmij\u00ebrin\u00eb e hershme, mbresa q\u00eb piktorja pas p\u00ebrthithjes, i p\u00ebrpunon mir\u00eb n\u00eb palet\u00eb, ku merr jet\u00eb fryma koloristike, p\u00ebr t&#8217;i derdhur mjesht\u00ebrisht m\u00eb pas n\u00ebp\u00ebr tablot\u00eb e shumta. Si nj\u00eb v\u00ebzhguese e mpreht\u00eb e natyr\u00ebs, e zb\u00ebrthimit t\u00eb saj artistik ajo i ka t\u00eb mbrujtura brenda vetes.<\/p>\n<p>Ndon\u00ebse t\u00eb forta me p\u00ebrkime foviste, rregjistri koloristik \u00e7udit\u00ebrisht vjen i ngroht\u00eb, harmonik dhe i zbutur. Njolla koloristike merr nj\u00eb pesh\u00eb t\u00eb ve\u00e7ant\u00eb n\u00eb shumimin e tyre, mbartin drejtpeshimin e tablove. Nuk k\u00ebrkohet thjesht materializimi, por ngulmohet n\u00eb gjendjen drejt dekorativitetit dhe shprehjes s\u00eb optimizmit p\u00ebr jet\u00ebn, natyr\u00ebs, njeriut.<\/p>\n<p>Jan\u00eb tablo t\u00eb lexueshme, peneli pikon l\u00ebng n\u00eb krijime n\u00eb gjetje mbres\u00eblen\u00ebse, pasqyrime n\u00eb kapjen e dometh\u00ebnies, tipikes dhe v\u00ebrtet\u00ebsis\u00eb, sepse piktorja krijon at\u00eb q\u00eb ndjen dhe jo thjesht at\u00eb q\u00eb sheh, n\u00eb mbushje jet\u00ebsore.<\/p>\n<div id=\"attachment_27378\" style=\"width: 710px\" class=\"wp-caption alignnone\"><img data-recalc-dims=\"1\" loading=\"lazy\" decoding=\"async\" aria-describedby=\"caption-attachment-27378\" data-attachment-id=\"27378\" data-permalink=\"https:\/\/www.shqiperia.com\/blog\/piktorja-xheneta-kadillari-ne-kerkim-te-drites-dhe-diellit-foto\/1571755301_xhanetakadillari9\/\" data-orig-file=\"https:\/\/i0.wp.com\/www.shqiperia.com\/blog\/wp-content\/uploads\/2019\/10\/1571755301_xhanetakadillari9.jpg?fit=1031%2C727&amp;ssl=1\" data-orig-size=\"1031,727\" data-comments-opened=\"1\" data-image-meta=\"{&quot;aperture&quot;:&quot;0&quot;,&quot;credit&quot;:&quot;&quot;,&quot;camera&quot;:&quot;&quot;,&quot;caption&quot;:&quot;&quot;,&quot;created_timestamp&quot;:&quot;0&quot;,&quot;copyright&quot;:&quot;&quot;,&quot;focal_length&quot;:&quot;0&quot;,&quot;iso&quot;:&quot;0&quot;,&quot;shutter_speed&quot;:&quot;0&quot;,&quot;title&quot;:&quot;&quot;,&quot;orientation&quot;:&quot;0&quot;}\" data-image-title=\"xhaneta kadillari9\" data-image-description=\"\" data-image-caption=\"&lt;p&gt;xhaneta kadillari&lt;\/p&gt;\n\" data-medium-file=\"https:\/\/i0.wp.com\/www.shqiperia.com\/blog\/wp-content\/uploads\/2019\/10\/1571755301_xhanetakadillari9.jpg?fit=300%2C212&amp;ssl=1\" data-large-file=\"https:\/\/i0.wp.com\/www.shqiperia.com\/blog\/wp-content\/uploads\/2019\/10\/1571755301_xhanetakadillari9.jpg?fit=1024%2C722&amp;ssl=1\" class=\" wp-image-27378\" alt=\"\" src=\"https:\/\/i0.wp.com\/www.shqiperia.com\/blog\/wp-content\/uploads\/2019\/10\/1571755301_xhanetakadillari9.jpg?resize=700%2C495&#038;ssl=1\" width=\"700\" height=\"495\" srcset=\"https:\/\/i0.wp.com\/www.shqiperia.com\/blog\/wp-content\/uploads\/2019\/10\/1571755301_xhanetakadillari9.jpg?resize=300%2C212&amp;ssl=1 300w, https:\/\/i0.wp.com\/www.shqiperia.com\/blog\/wp-content\/uploads\/2019\/10\/1571755301_xhanetakadillari9.jpg?resize=768%2C542&amp;ssl=1 768w, https:\/\/i0.wp.com\/www.shqiperia.com\/blog\/wp-content\/uploads\/2019\/10\/1571755301_xhanetakadillari9.jpg?resize=1024%2C722&amp;ssl=1 1024w, https:\/\/i0.wp.com\/www.shqiperia.com\/blog\/wp-content\/uploads\/2019\/10\/1571755301_xhanetakadillari9.jpg?resize=450%2C317&amp;ssl=1 450w, https:\/\/i0.wp.com\/www.shqiperia.com\/blog\/wp-content\/uploads\/2019\/10\/1571755301_xhanetakadillari9.jpg?resize=600%2C423&amp;ssl=1 600w, https:\/\/i0.wp.com\/www.shqiperia.com\/blog\/wp-content\/uploads\/2019\/10\/1571755301_xhanetakadillari9.jpg?resize=400%2C282&amp;ssl=1 400w, https:\/\/i0.wp.com\/www.shqiperia.com\/blog\/wp-content\/uploads\/2019\/10\/1571755301_xhanetakadillari9.jpg?w=1031&amp;ssl=1 1031w\" sizes=\"auto, (max-width: 700px) 100vw, 700px\" \/><p id=\"caption-attachment-27378\" class=\"wp-caption-text\">xhaneta kadillari<\/p><\/div>\n<p><img data-recalc-dims=\"1\" loading=\"lazy\" decoding=\"async\" data-attachment-id=\"27379\" data-permalink=\"https:\/\/www.shqiperia.com\/blog\/piktorja-xheneta-kadillari-ne-kerkim-te-drites-dhe-diellit-foto\/1571755301_xhanetakadillari10\/\" data-orig-file=\"https:\/\/i0.wp.com\/www.shqiperia.com\/blog\/wp-content\/uploads\/2019\/10\/1571755301_xhanetakadillari10.jpg?fit=745%2C922&amp;ssl=1\" data-orig-size=\"745,922\" data-comments-opened=\"1\" data-image-meta=\"{&quot;aperture&quot;:&quot;0&quot;,&quot;credit&quot;:&quot;&quot;,&quot;camera&quot;:&quot;&quot;,&quot;caption&quot;:&quot;&quot;,&quot;created_timestamp&quot;:&quot;0&quot;,&quot;copyright&quot;:&quot;&quot;,&quot;focal_length&quot;:&quot;0&quot;,&quot;iso&quot;:&quot;0&quot;,&quot;shutter_speed&quot;:&quot;0&quot;,&quot;title&quot;:&quot;&quot;,&quot;orientation&quot;:&quot;0&quot;}\" data-image-title=\"1571755301_xhanetakadillari10\" data-image-description=\"\" data-image-caption=\"\" data-medium-file=\"https:\/\/i0.wp.com\/www.shqiperia.com\/blog\/wp-content\/uploads\/2019\/10\/1571755301_xhanetakadillari10.jpg?fit=242%2C300&amp;ssl=1\" data-large-file=\"https:\/\/i0.wp.com\/www.shqiperia.com\/blog\/wp-content\/uploads\/2019\/10\/1571755301_xhanetakadillari10.jpg?fit=745%2C922&amp;ssl=1\" class=\"alignnone  wp-image-27379\" alt=\"\" src=\"https:\/\/i0.wp.com\/www.shqiperia.com\/blog\/wp-content\/uploads\/2019\/10\/1571755301_xhanetakadillari10.jpg?resize=355%2C440&#038;ssl=1\" width=\"355\" height=\"440\" srcset=\"https:\/\/i0.wp.com\/www.shqiperia.com\/blog\/wp-content\/uploads\/2019\/10\/1571755301_xhanetakadillari10.jpg?resize=242%2C300&amp;ssl=1 242w, https:\/\/i0.wp.com\/www.shqiperia.com\/blog\/wp-content\/uploads\/2019\/10\/1571755301_xhanetakadillari10.jpg?resize=450%2C557&amp;ssl=1 450w, https:\/\/i0.wp.com\/www.shqiperia.com\/blog\/wp-content\/uploads\/2019\/10\/1571755301_xhanetakadillari10.jpg?resize=600%2C743&amp;ssl=1 600w, https:\/\/i0.wp.com\/www.shqiperia.com\/blog\/wp-content\/uploads\/2019\/10\/1571755301_xhanetakadillari10.jpg?resize=400%2C495&amp;ssl=1 400w, https:\/\/i0.wp.com\/www.shqiperia.com\/blog\/wp-content\/uploads\/2019\/10\/1571755301_xhanetakadillari10.jpg?w=745&amp;ssl=1 745w\" sizes=\"auto, (max-width: 355px) 100vw, 355px\" \/>\u00a0 \u00a0 <img data-recalc-dims=\"1\" loading=\"lazy\" decoding=\"async\" data-attachment-id=\"27380\" data-permalink=\"https:\/\/www.shqiperia.com\/blog\/piktorja-xheneta-kadillari-ne-kerkim-te-drites-dhe-diellit-foto\/1571755301_zhanetakaldillari1\/\" data-orig-file=\"https:\/\/i0.wp.com\/www.shqiperia.com\/blog\/wp-content\/uploads\/2019\/10\/1571755301_zhanetakaldillari1.jpg?fit=651%2C929&amp;ssl=1\" data-orig-size=\"651,929\" data-comments-opened=\"1\" data-image-meta=\"{&quot;aperture&quot;:&quot;0&quot;,&quot;credit&quot;:&quot;&quot;,&quot;camera&quot;:&quot;&quot;,&quot;caption&quot;:&quot;&quot;,&quot;created_timestamp&quot;:&quot;0&quot;,&quot;copyright&quot;:&quot;&quot;,&quot;focal_length&quot;:&quot;0&quot;,&quot;iso&quot;:&quot;0&quot;,&quot;shutter_speed&quot;:&quot;0&quot;,&quot;title&quot;:&quot;&quot;,&quot;orientation&quot;:&quot;0&quot;}\" data-image-title=\"1571755301_zhanetakaldillari1\" data-image-description=\"\" data-image-caption=\"\" data-medium-file=\"https:\/\/i0.wp.com\/www.shqiperia.com\/blog\/wp-content\/uploads\/2019\/10\/1571755301_zhanetakaldillari1.jpg?fit=210%2C300&amp;ssl=1\" data-large-file=\"https:\/\/i0.wp.com\/www.shqiperia.com\/blog\/wp-content\/uploads\/2019\/10\/1571755301_zhanetakaldillari1.jpg?fit=651%2C929&amp;ssl=1\" class=\"alignnone  wp-image-27380\" alt=\"\" src=\"https:\/\/i0.wp.com\/www.shqiperia.com\/blog\/wp-content\/uploads\/2019\/10\/1571755301_zhanetakaldillari1.jpg?resize=310%2C443&#038;ssl=1\" width=\"310\" height=\"443\" srcset=\"https:\/\/i0.wp.com\/www.shqiperia.com\/blog\/wp-content\/uploads\/2019\/10\/1571755301_zhanetakaldillari1.jpg?resize=210%2C300&amp;ssl=1 210w, https:\/\/i0.wp.com\/www.shqiperia.com\/blog\/wp-content\/uploads\/2019\/10\/1571755301_zhanetakaldillari1.jpg?resize=450%2C642&amp;ssl=1 450w, https:\/\/i0.wp.com\/www.shqiperia.com\/blog\/wp-content\/uploads\/2019\/10\/1571755301_zhanetakaldillari1.jpg?resize=600%2C856&amp;ssl=1 600w, https:\/\/i0.wp.com\/www.shqiperia.com\/blog\/wp-content\/uploads\/2019\/10\/1571755301_zhanetakaldillari1.jpg?resize=400%2C571&amp;ssl=1 400w, https:\/\/i0.wp.com\/www.shqiperia.com\/blog\/wp-content\/uploads\/2019\/10\/1571755301_zhanetakaldillari1.jpg?w=651&amp;ssl=1 651w\" sizes=\"auto, (max-width: 310px) 100vw, 310px\" \/><\/p>\n<p>Arti\u00a0\u00a0\u00ebsht\u00eb shpirti i artistit. Xheneta na thot\u00eb, shikojeni bot\u00ebn, natyr\u00ebn me syt\u00eb e mi, se ka dhe nj\u00eb tjet\u00ebr ndryshe, e nj\u00ebmend\u00eb, e bukur, e qendisur me ngjyra larushe, e g\u00ebzuar. Tablot\u00eb p\u00ebrcjellin emocione hamngjit\u00ebse n\u00eb zb\u00ebrthime koloristike.<\/p>\n<p>Edhe vizatimi \u00ebsht\u00eb koloristik, nd\u00ebrtuar drejtp\u00ebrdrejt me penel dhe i perceptuar mir\u00eb n\u00eb tonalitete. Jan\u00eb peisazhe t\u00eb shqet\u00ebsuara, plot nerv.<\/p>\n<p>Kjo ve\u00e7ori t\u00eb vendlindjes shprehet her\u00eb e dukshme dhe her\u00eb e fshehur lehtazi, edhe at\u00ebhere kur ajo pikturon peizazhe nga treva t\u00eb tjera brenda e jasht\u00eb vendit. \u00cbsht\u00eb stofi i saj koloristik, nj\u00eb stof i bukur e mbres\u00eblen\u00ebs.<\/p>\n<p>Si piktore e pleinerit, ajo pikturon drejtp\u00ebrdrejt n\u00eb natyr\u00eb, ku k\u00ebrkon drit\u00ebn dhe diellin me larmin\u00eb e madhe koloristike, volumet e drit\u00eb hijes, tejdukshm\u00ebrin\u00eb e thell\u00ebsin\u00eb e horizontit n\u00eb nd\u00ebrtime plane t\u00eb nj\u00ebpasnj\u00ebshme. Por ajo q\u00eb e shqet\u00ebson artisten \u00ebsht\u00eb fryma q\u00eb duhet t\u00eb krijoj\u00eb, ndjesin\u00eb e bukur t\u00eb interpretimit me dokorativitet. Plazmimi i koloreve ka nj\u00eb ritt\u00ebm t\u00eb bukur ballafaques. Tablot\u00eb jan\u00eb nd\u00ebrtuar me plane t\u00eb shtrir\u00eb e t\u00eb ndar\u00eb duke filluar nga baza e telajos dhe penelat\u00eb pas penelate shkojn\u00eb n\u00eb nj\u00eb ngritje p\u00ebr mbushjen kapjen e kapjen e plot\u00ebsis\u00eb drejt pafund\u00ebsis\u00eb qiellore, aty ku horizonti puqet dhe mbyll kuadrot si element i frym\u00ebs s\u00eb p\u00ebrgjithshme me raporte t\u00eb dallueshme n\u00eb perspektiva jet\u00ebsore, t\u00eb derdhura mjesht\u00ebrisht.<\/p>\n<p>N\u00eb tablo bie m\u00eb sy rregjistri i gj\u00ebr\u00eb koloristik, ku penelatat e hedhura nuk k\u00ebrkojn\u00eb qet\u00ebsin\u00eb dhe ngroht\u00ebsin\u00eb e but\u00eb. Ato ting\u00ebllojn\u00eb e lodrojn\u00eb n\u00eb ballafaqime, kontraste, t\u00eb verdhat indiane rrin\u00eb pran\u00eb t\u00eb kaftave tere di siena, blu marin\u00eb shoq\u00ebron portokallit\u00eb, violeti pritet nga e bardha kobalt apo e jeshilta bashk\u00ebbisedon me t\u00eb kuqen.<\/p>\n<p>Plazmimi dhe njolla koloristike vjen n\u00eb rit\u00ebm t\u00eb bukur. Nuk ka shtrirje tonale t\u00eb gj\u00ebr\u00eb, por t\u00eb fort\u00eb lokale, shprehet n\u00eb befasi shp\u00ebrthyese pran\u00eb rrym\u00ebs foviste, dmth ku ngjyrat jan\u00eb t\u00eb forta dhe me rit\u00ebm plot drit\u00eb. Kjo vjen nga p\u00ebrthyerja e mjedisit ku \u00ebsht\u00eb rritur dhe e karakterit t\u00eb saj t\u00eb fort\u00eb e k\u00ebrkues p\u00ebr t&#8217;ia arritur q\u00ebllimit, duke e \u00e7uar e mbyllur pun\u00ebn deri aty ku ajo k\u00ebrkon. Ekspozita \u00ebsht\u00eb d\u00ebshmi e saj.<\/p>\n<p>Ajo i largohet gam\u00ebs akademike, duke k\u00ebrkuar jo thjesht qet\u00ebsin\u00eb koloristike, por ting\u00ebllimet e tyre. Kolori \u00ebsht\u00eb ritmik, befasues e plot t\u00eb papritura interpretuese, i ngjeshur dhe i shqet\u00ebsuar, sa v\u00ebshtir\u00eb t\u00eb besosh s\u00eb \u00ebsht\u00eb krijuar nga dora e brisht\u00eb e nj\u00eb femre. Ky \u00ebsht\u00eb karakter koloristik q\u00eb Xhenetae mbart nga tabloja n\u00eb tablo, shprehje e personalitetit t\u00eb saj, formimit artistik, reflektime t\u00eb p\u00eberthyerjeve t\u00eb mjedisit ku \u00ebsht\u00eb formuar.<\/p>\n<p>Duke u endur nga nj\u00eb tablo n\u00eb tjetr\u00ebn shikuesi, jo vet\u00ebm p\u00ebrjeton \u00e7astin kur piktorja ka ven\u00eb e p\u00ebrhapur me penel e brush\u00eb ngjyrat n\u00eb to, por mbi t\u00eb gjitha na shpalos nj\u00eb realitet piktorik, n\u00eb at\u00eb shndrrim nga fakti real, n\u00eb at\u00eb artistik, nj\u00eb v\u00ebshtrim ndryshe, i g\u00ebzuesh\u00ebm, ku optimizmi i p\u00ebrhersh\u00ebm \u00ebsht\u00eb kryefjala e kompozimeve, duke na detyruar ta shohim realitetin qoft\u00eb peizazh, portret apo kompozim, me syt\u00eb e autores, ndryshe nga sa jemi m\u00ebsuar ta shohim n\u00eb p\u00ebrditshm\u00ebrin\u00eb ton\u00eb.<\/p>\n<p>Artisti ka nj\u00eb koh\u00eb e nj\u00eb rit\u00ebm tjet\u00ebr nga p\u00ebrditshm\u00ebria e jet\u00ebs s\u00eb zakonshme. Ngrin \u00e7astin n\u00eb telajo p\u00ebr t&#8217;i dh\u00ebn\u00eb p\u00ebrjet\u00ebsin\u00eb. M\u00ebnyra si e b\u00ebn jep vler\u00ebn e artistit. Xheneta di ta b\u00ebj\u00eb mir\u00eb profesionalisht dhe me l\u00ebng, nga se punimet nuk jan\u00eb thjesht pasqyrime, interpretime pas nj\u00eb procesi p\u00ebrzgjedhje t\u00eb kujdesshme v\u00ebzhgimi, thithjeje, p\u00ebrpunimi dhe derdhjeje n\u00eb coh\u00ebn e kanavac\u00ebs. Ora artistike e Xhenet\u00ebs \u00ebsht\u00eb vetiake e jet\u00ebsore.<\/p>\n<p>Gjeografia e punimeve ka nj\u00eb shtrirje t\u00eb gj\u00ebr\u00eb, nis nga Shkodra e rrethinat p\u00ebr t\u00eb p\u00ebrhapur n\u00eb krahina te ndryshme t\u00eb vendit e n\u00eb trevat shqiptare jasht\u00eb territorit administrativ t\u00eb Shtetit Shqiptar, si n\u00eb Kosov\u00eb, Mal t\u00eb Zi e \u00c7am\u00ebri, p\u00ebr t\u00eb kaluar n\u00eb ngulmimet shqiptare n\u00eb Itali e qytete t\u00eb tjera europiane, ku ajo ka ngritur kavaletin.<\/p>\n<p>\u00cbsht\u00eb n\u00eb mosh\u00ebn m\u00eb vitale t\u00eb krijimit, t\u00eb forc\u00ebs mendore dhe t\u00eb thell\u00ebsis\u00eb s\u00eb mendimit. Ka vite, q\u00eb e ka krijuar profilin artistik dhe e ka len\u00eb gjurm\u00ebn e saj n\u00eb art.<\/p>\n<div id=\"attachment_27381\" style=\"width: 577px\" class=\"wp-caption alignnone\"><img data-recalc-dims=\"1\" loading=\"lazy\" decoding=\"async\" aria-describedby=\"caption-attachment-27381\" data-attachment-id=\"27381\" data-permalink=\"https:\/\/www.shqiperia.com\/blog\/piktorja-xheneta-kadillari-ne-kerkim-te-drites-dhe-diellit-foto\/1571755301_zhanetakaldillari2\/\" data-orig-file=\"https:\/\/i0.wp.com\/www.shqiperia.com\/blog\/wp-content\/uploads\/2019\/10\/1571755301_zhanetakaldillari2.jpg?fit=1393%2C918&amp;ssl=1\" data-orig-size=\"1393,918\" data-comments-opened=\"1\" data-image-meta=\"{&quot;aperture&quot;:&quot;0&quot;,&quot;credit&quot;:&quot;&quot;,&quot;camera&quot;:&quot;&quot;,&quot;caption&quot;:&quot;&quot;,&quot;created_timestamp&quot;:&quot;0&quot;,&quot;copyright&quot;:&quot;&quot;,&quot;focal_length&quot;:&quot;0&quot;,&quot;iso&quot;:&quot;0&quot;,&quot;shutter_speed&quot;:&quot;0&quot;,&quot;title&quot;:&quot;&quot;,&quot;orientation&quot;:&quot;0&quot;}\" data-image-title=\"_zhaneta kaldillari\" data-image-description=\"\" data-image-caption=\"&lt;p&gt;xhaneta kadillari&lt;\/p&gt;\n\" data-medium-file=\"https:\/\/i0.wp.com\/www.shqiperia.com\/blog\/wp-content\/uploads\/2019\/10\/1571755301_zhanetakaldillari2.jpg?fit=300%2C198&amp;ssl=1\" data-large-file=\"https:\/\/i0.wp.com\/www.shqiperia.com\/blog\/wp-content\/uploads\/2019\/10\/1571755301_zhanetakaldillari2.jpg?fit=1024%2C675&amp;ssl=1\" class=\" wp-image-27381\" alt=\"\" src=\"https:\/\/i0.wp.com\/www.shqiperia.com\/blog\/wp-content\/uploads\/2019\/10\/1571755301_zhanetakaldillari2.jpg?resize=567%2C374&#038;ssl=1\" width=\"567\" height=\"374\" srcset=\"https:\/\/i0.wp.com\/www.shqiperia.com\/blog\/wp-content\/uploads\/2019\/10\/1571755301_zhanetakaldillari2.jpg?resize=300%2C198&amp;ssl=1 300w, https:\/\/i0.wp.com\/www.shqiperia.com\/blog\/wp-content\/uploads\/2019\/10\/1571755301_zhanetakaldillari2.jpg?resize=768%2C506&amp;ssl=1 768w, https:\/\/i0.wp.com\/www.shqiperia.com\/blog\/wp-content\/uploads\/2019\/10\/1571755301_zhanetakaldillari2.jpg?resize=1024%2C675&amp;ssl=1 1024w, https:\/\/i0.wp.com\/www.shqiperia.com\/blog\/wp-content\/uploads\/2019\/10\/1571755301_zhanetakaldillari2.jpg?resize=450%2C297&amp;ssl=1 450w, https:\/\/i0.wp.com\/www.shqiperia.com\/blog\/wp-content\/uploads\/2019\/10\/1571755301_zhanetakaldillari2.jpg?resize=600%2C395&amp;ssl=1 600w, https:\/\/i0.wp.com\/www.shqiperia.com\/blog\/wp-content\/uploads\/2019\/10\/1571755301_zhanetakaldillari2.jpg?resize=1300%2C857&amp;ssl=1 1300w, https:\/\/i0.wp.com\/www.shqiperia.com\/blog\/wp-content\/uploads\/2019\/10\/1571755301_zhanetakaldillari2.jpg?resize=400%2C264&amp;ssl=1 400w, https:\/\/i0.wp.com\/www.shqiperia.com\/blog\/wp-content\/uploads\/2019\/10\/1571755301_zhanetakaldillari2.jpg?w=1393&amp;ssl=1 1393w\" sizes=\"auto, (max-width: 567px) 100vw, 567px\" \/><p id=\"caption-attachment-27381\" class=\"wp-caption-text\">xhaneta kadillari<\/p><\/div>\n<p><img data-recalc-dims=\"1\" loading=\"lazy\" decoding=\"async\" data-attachment-id=\"27382\" data-permalink=\"https:\/\/www.shqiperia.com\/blog\/piktorja-xheneta-kadillari-ne-kerkim-te-drites-dhe-diellit-foto\/1571755301_zhanetakaldillari3\/\" data-orig-file=\"https:\/\/i0.wp.com\/www.shqiperia.com\/blog\/wp-content\/uploads\/2019\/10\/1571755301_zhanetakaldillari3.jpg?fit=1015%2C929&amp;ssl=1\" data-orig-size=\"1015,929\" data-comments-opened=\"1\" data-image-meta=\"{&quot;aperture&quot;:&quot;0&quot;,&quot;credit&quot;:&quot;&quot;,&quot;camera&quot;:&quot;&quot;,&quot;caption&quot;:&quot;&quot;,&quot;created_timestamp&quot;:&quot;0&quot;,&quot;copyright&quot;:&quot;&quot;,&quot;focal_length&quot;:&quot;0&quot;,&quot;iso&quot;:&quot;0&quot;,&quot;shutter_speed&quot;:&quot;0&quot;,&quot;title&quot;:&quot;&quot;,&quot;orientation&quot;:&quot;0&quot;}\" data-image-title=\"1571755301_zhanetakaldillari3\" data-image-description=\"\" data-image-caption=\"\" data-medium-file=\"https:\/\/i0.wp.com\/www.shqiperia.com\/blog\/wp-content\/uploads\/2019\/10\/1571755301_zhanetakaldillari3.jpg?fit=300%2C275&amp;ssl=1\" data-large-file=\"https:\/\/i0.wp.com\/www.shqiperia.com\/blog\/wp-content\/uploads\/2019\/10\/1571755301_zhanetakaldillari3.jpg?fit=1015%2C929&amp;ssl=1\" class=\"alignnone  wp-image-27382\" alt=\"\" src=\"https:\/\/i0.wp.com\/www.shqiperia.com\/blog\/wp-content\/uploads\/2019\/10\/1571755301_zhanetakaldillari3.jpg?resize=631%2C578&#038;ssl=1\" width=\"631\" height=\"578\" srcset=\"https:\/\/i0.wp.com\/www.shqiperia.com\/blog\/wp-content\/uploads\/2019\/10\/1571755301_zhanetakaldillari3.jpg?resize=300%2C275&amp;ssl=1 300w, https:\/\/i0.wp.com\/www.shqiperia.com\/blog\/wp-content\/uploads\/2019\/10\/1571755301_zhanetakaldillari3.jpg?resize=768%2C703&amp;ssl=1 768w, https:\/\/i0.wp.com\/www.shqiperia.com\/blog\/wp-content\/uploads\/2019\/10\/1571755301_zhanetakaldillari3.jpg?resize=450%2C412&amp;ssl=1 450w, https:\/\/i0.wp.com\/www.shqiperia.com\/blog\/wp-content\/uploads\/2019\/10\/1571755301_zhanetakaldillari3.jpg?resize=600%2C549&amp;ssl=1 600w, https:\/\/i0.wp.com\/www.shqiperia.com\/blog\/wp-content\/uploads\/2019\/10\/1571755301_zhanetakaldillari3.jpg?resize=400%2C366&amp;ssl=1 400w, https:\/\/i0.wp.com\/www.shqiperia.com\/blog\/wp-content\/uploads\/2019\/10\/1571755301_zhanetakaldillari3.jpg?w=1015&amp;ssl=1 1015w\" sizes=\"auto, (max-width: 631px) 100vw, 631px\" \/> <img data-recalc-dims=\"1\" loading=\"lazy\" decoding=\"async\" data-attachment-id=\"27383\" data-permalink=\"https:\/\/www.shqiperia.com\/blog\/piktorja-xheneta-kadillari-ne-kerkim-te-drites-dhe-diellit-foto\/xhaneta-kadillari\/\" data-orig-file=\"https:\/\/i0.wp.com\/www.shqiperia.com\/blog\/wp-content\/uploads\/2019\/10\/xhaneta-kadillari.jpg?fit=1072%2C921&amp;ssl=1\" data-orig-size=\"1072,921\" data-comments-opened=\"1\" data-image-meta=\"{&quot;aperture&quot;:&quot;0&quot;,&quot;credit&quot;:&quot;&quot;,&quot;camera&quot;:&quot;&quot;,&quot;caption&quot;:&quot;&quot;,&quot;created_timestamp&quot;:&quot;0&quot;,&quot;copyright&quot;:&quot;&quot;,&quot;focal_length&quot;:&quot;0&quot;,&quot;iso&quot;:&quot;0&quot;,&quot;shutter_speed&quot;:&quot;0&quot;,&quot;title&quot;:&quot;&quot;,&quot;orientation&quot;:&quot;0&quot;}\" data-image-title=\"xhaneta kadillari\" data-image-description=\"\" data-image-caption=\"\" data-medium-file=\"https:\/\/i0.wp.com\/www.shqiperia.com\/blog\/wp-content\/uploads\/2019\/10\/xhaneta-kadillari.jpg?fit=300%2C258&amp;ssl=1\" data-large-file=\"https:\/\/i0.wp.com\/www.shqiperia.com\/blog\/wp-content\/uploads\/2019\/10\/xhaneta-kadillari.jpg?fit=1024%2C880&amp;ssl=1\" class=\"alignnone  wp-image-27383\" alt=\"\" src=\"https:\/\/i0.wp.com\/www.shqiperia.com\/blog\/wp-content\/uploads\/2019\/10\/xhaneta-kadillari.jpg?resize=769%2C662&#038;ssl=1\" width=\"769\" height=\"662\" srcset=\"https:\/\/i0.wp.com\/www.shqiperia.com\/blog\/wp-content\/uploads\/2019\/10\/xhaneta-kadillari.jpg?resize=300%2C258&amp;ssl=1 300w, https:\/\/i0.wp.com\/www.shqiperia.com\/blog\/wp-content\/uploads\/2019\/10\/xhaneta-kadillari.jpg?resize=768%2C660&amp;ssl=1 768w, https:\/\/i0.wp.com\/www.shqiperia.com\/blog\/wp-content\/uploads\/2019\/10\/xhaneta-kadillari.jpg?resize=1024%2C880&amp;ssl=1 1024w, https:\/\/i0.wp.com\/www.shqiperia.com\/blog\/wp-content\/uploads\/2019\/10\/xhaneta-kadillari.jpg?resize=450%2C387&amp;ssl=1 450w, https:\/\/i0.wp.com\/www.shqiperia.com\/blog\/wp-content\/uploads\/2019\/10\/xhaneta-kadillari.jpg?resize=400%2C344&amp;ssl=1 400w, https:\/\/i0.wp.com\/www.shqiperia.com\/blog\/wp-content\/uploads\/2019\/10\/xhaneta-kadillari.jpg?w=1072&amp;ssl=1 1072w\" sizes=\"auto, (max-width: 769px) 100vw, 769px\" \/> <img data-recalc-dims=\"1\" loading=\"lazy\" decoding=\"async\" data-attachment-id=\"27384\" data-permalink=\"https:\/\/www.shqiperia.com\/blog\/piktorja-xheneta-kadillari-ne-kerkim-te-drites-dhe-diellit-foto\/xhaneta-kadillari1\/\" data-orig-file=\"https:\/\/i0.wp.com\/www.shqiperia.com\/blog\/wp-content\/uploads\/2019\/10\/xhaneta-kadillari1.jpg?fit=1042%2C926&amp;ssl=1\" data-orig-size=\"1042,926\" data-comments-opened=\"1\" data-image-meta=\"{&quot;aperture&quot;:&quot;0&quot;,&quot;credit&quot;:&quot;&quot;,&quot;camera&quot;:&quot;&quot;,&quot;caption&quot;:&quot;&quot;,&quot;created_timestamp&quot;:&quot;0&quot;,&quot;copyright&quot;:&quot;&quot;,&quot;focal_length&quot;:&quot;0&quot;,&quot;iso&quot;:&quot;0&quot;,&quot;shutter_speed&quot;:&quot;0&quot;,&quot;title&quot;:&quot;&quot;,&quot;orientation&quot;:&quot;0&quot;}\" data-image-title=\"xhaneta kadillari1\" data-image-description=\"\" data-image-caption=\"\" data-medium-file=\"https:\/\/i0.wp.com\/www.shqiperia.com\/blog\/wp-content\/uploads\/2019\/10\/xhaneta-kadillari1.jpg?fit=300%2C267&amp;ssl=1\" data-large-file=\"https:\/\/i0.wp.com\/www.shqiperia.com\/blog\/wp-content\/uploads\/2019\/10\/xhaneta-kadillari1.jpg?fit=1024%2C910&amp;ssl=1\" class=\"alignnone  wp-image-27384\" alt=\"\" src=\"https:\/\/i0.wp.com\/www.shqiperia.com\/blog\/wp-content\/uploads\/2019\/10\/xhaneta-kadillari1.jpg?resize=740%2C659&#038;ssl=1\" width=\"740\" height=\"659\" srcset=\"https:\/\/i0.wp.com\/www.shqiperia.com\/blog\/wp-content\/uploads\/2019\/10\/xhaneta-kadillari1.jpg?resize=300%2C267&amp;ssl=1 300w, https:\/\/i0.wp.com\/www.shqiperia.com\/blog\/wp-content\/uploads\/2019\/10\/xhaneta-kadillari1.jpg?resize=768%2C683&amp;ssl=1 768w, https:\/\/i0.wp.com\/www.shqiperia.com\/blog\/wp-content\/uploads\/2019\/10\/xhaneta-kadillari1.jpg?resize=1024%2C910&amp;ssl=1 1024w, https:\/\/i0.wp.com\/www.shqiperia.com\/blog\/wp-content\/uploads\/2019\/10\/xhaneta-kadillari1.jpg?resize=450%2C400&amp;ssl=1 450w, https:\/\/i0.wp.com\/www.shqiperia.com\/blog\/wp-content\/uploads\/2019\/10\/xhaneta-kadillari1.jpg?resize=600%2C533&amp;ssl=1 600w, https:\/\/i0.wp.com\/www.shqiperia.com\/blog\/wp-content\/uploads\/2019\/10\/xhaneta-kadillari1.jpg?resize=400%2C355&amp;ssl=1 400w, https:\/\/i0.wp.com\/www.shqiperia.com\/blog\/wp-content\/uploads\/2019\/10\/xhaneta-kadillari1.jpg?w=1042&amp;ssl=1 1042w\" sizes=\"auto, (max-width: 740px) 100vw, 740px\" \/> <img data-recalc-dims=\"1\" loading=\"lazy\" decoding=\"async\" data-attachment-id=\"27385\" data-permalink=\"https:\/\/www.shqiperia.com\/blog\/piktorja-xheneta-kadillari-ne-kerkim-te-drites-dhe-diellit-foto\/xhaneta-kadillari4\/\" data-orig-file=\"https:\/\/i0.wp.com\/www.shqiperia.com\/blog\/wp-content\/uploads\/2019\/10\/xhaneta-kadillari4.jpg?fit=1155%2C918&amp;ssl=1\" data-orig-size=\"1155,918\" data-comments-opened=\"1\" data-image-meta=\"{&quot;aperture&quot;:&quot;0&quot;,&quot;credit&quot;:&quot;&quot;,&quot;camera&quot;:&quot;&quot;,&quot;caption&quot;:&quot;&quot;,&quot;created_timestamp&quot;:&quot;0&quot;,&quot;copyright&quot;:&quot;&quot;,&quot;focal_length&quot;:&quot;0&quot;,&quot;iso&quot;:&quot;0&quot;,&quot;shutter_speed&quot;:&quot;0&quot;,&quot;title&quot;:&quot;&quot;,&quot;orientation&quot;:&quot;0&quot;}\" data-image-title=\"xhaneta kadillari4\" data-image-description=\"\" data-image-caption=\"\" data-medium-file=\"https:\/\/i0.wp.com\/www.shqiperia.com\/blog\/wp-content\/uploads\/2019\/10\/xhaneta-kadillari4.jpg?fit=300%2C238&amp;ssl=1\" data-large-file=\"https:\/\/i0.wp.com\/www.shqiperia.com\/blog\/wp-content\/uploads\/2019\/10\/xhaneta-kadillari4.jpg?fit=1024%2C814&amp;ssl=1\" class=\"alignnone  wp-image-27385\" alt=\"\" src=\"https:\/\/i0.wp.com\/www.shqiperia.com\/blog\/wp-content\/uploads\/2019\/10\/xhaneta-kadillari4.jpg?resize=640%2C508&#038;ssl=1\" width=\"640\" height=\"508\" srcset=\"https:\/\/i0.wp.com\/www.shqiperia.com\/blog\/wp-content\/uploads\/2019\/10\/xhaneta-kadillari4.jpg?resize=300%2C238&amp;ssl=1 300w, https:\/\/i0.wp.com\/www.shqiperia.com\/blog\/wp-content\/uploads\/2019\/10\/xhaneta-kadillari4.jpg?resize=768%2C610&amp;ssl=1 768w, https:\/\/i0.wp.com\/www.shqiperia.com\/blog\/wp-content\/uploads\/2019\/10\/xhaneta-kadillari4.jpg?resize=1024%2C814&amp;ssl=1 1024w, https:\/\/i0.wp.com\/www.shqiperia.com\/blog\/wp-content\/uploads\/2019\/10\/xhaneta-kadillari4.jpg?resize=450%2C358&amp;ssl=1 450w, https:\/\/i0.wp.com\/www.shqiperia.com\/blog\/wp-content\/uploads\/2019\/10\/xhaneta-kadillari4.jpg?resize=600%2C477&amp;ssl=1 600w, https:\/\/i0.wp.com\/www.shqiperia.com\/blog\/wp-content\/uploads\/2019\/10\/xhaneta-kadillari4.jpg?resize=400%2C318&amp;ssl=1 400w, https:\/\/i0.wp.com\/www.shqiperia.com\/blog\/wp-content\/uploads\/2019\/10\/xhaneta-kadillari4.jpg?w=1155&amp;ssl=1 1155w\" sizes=\"auto, (max-width: 640px) 100vw, 640px\" \/><\/p>\n<p>Besnike e piktur\u00ebs figurative nuk u end n\u00eb eksperimentime, rriti mjesht\u00ebrin\u00eb artistike, duke q\u00ebmtuar me kujdes jet\u00ebn dhe duke e shndrruar at\u00eb n\u00eb art.<\/p>\n<p>P\u00ebr nj\u00eb artist nuk ka nj\u00eb fund dhe nj\u00eb kufi, ashtu si tabloja nuk ka nj\u00eb penel t\u00eb fundit. Artisti \u00e7lirohet nga nj\u00eb ver p\u00ebr t\u00eb nisur nj\u00eb t\u00eb re. Arti k\u00ebrkon pafund\u00ebsin\u00eb dhe pafund\u00ebsia \u00ebsht\u00eb q\u00ebllimi i tij. Xheneta shkon drejt tij gjithnj\u00eb e m\u00eb e sigurt\u00eb, m\u00eb e vendosur, sepse piktura \u00ebsht\u00eb jeta e dashuria saj, p\u00ebr t\u00eb \u00ebsht\u00eb e sh\u00ebnjuar dhe me t\u00eb emri i saj ka marr\u00eb kuptim.<\/p>\n<p>Nga: Shqiptarja.com<\/p>\n","protected":false},"excerpt":{"rendered":"<p>Piktorja Xheneta Kadillari n\u00eb k\u00ebrkim t\u00eb drit\u00ebs dhe diellit (FOTO) N\u00eb Galerin\u00eb e Artit Shkod\u00ebr k\u00ebto dit\u00eb u hap ekspozita e piktores Xheneta Kadillari. N\u00eb t\u00eb j\u00ebn\u00eb paraqitur peizazhe, portrete, kompozime, nudo. Vjen si nj\u00eb mozaik i bukur shum\u00ebngjyr\u00ebsh n\u00eb nj\u00eb vij\u00ebm\u00ebsi krijuese me punime t\u00eb koh\u00ebve t\u00eb fundit. Jan\u00eb peizazhe, natyra t\u00eb qeta, portrete, [&hellip;]<\/p>\n","protected":false},"author":9,"featured_media":27374,"comment_status":"open","ping_status":"open","sticky":false,"template":"","format":"standard","meta":{"jetpack_post_was_ever_published":false,"_jetpack_newsletter_access":"","_jetpack_dont_email_post_to_subs":false,"_jetpack_newsletter_tier_id":0,"_jetpack_memberships_contains_paywalled_content":false,"_jetpack_memberships_contains_paid_content":false,"footnotes":"","jetpack_publicize_message":"","jetpack_publicize_feature_enabled":true,"jetpack_social_post_already_shared":true,"jetpack_social_options":{"image_generator_settings":{"template":"highway","default_image_id":0,"font":"","enabled":false},"version":2}},"categories":[87,27,10],"tags":[],"class_list":["post-27373","post","type-post","status-publish","format-standard","has-post-thumbnail","hentry","category-arte","category-blogu-i-udhetarit","category-kultura"],"jetpack_publicize_connections":[],"jetpack_featured_media_url":"https:\/\/i0.wp.com\/www.shqiperia.com\/blog\/wp-content\/uploads\/2019\/10\/1571755301_xhanetakadillari5.jpg?fit=1218%2C618&ssl=1","jetpack_sharing_enabled":true,"jetpack_shortlink":"https:\/\/wp.me\/p5Z6wp-77v","jetpack-related-posts":[{"id":58704,"url":"https:\/\/www.shqiperia.com\/blog\/galeria-e-artit-tirane-hap-ekspozite-me-tre-piktore-te-njohur-punime-me-motive-popullore-objekte-kulti-peisazhe-dhe-natyra-te-qeta\/","url_meta":{"origin":27373,"position":0},"title":"Galeria e Artit Tiran\u00eb hap ekspozit\u00eb me tre piktor\u00eb t\u00eb njohur, punime me motive popullore, objekte kulti, peisazhe dhe natyra t\u00eb qeta","author":"Kurt Farka","date":"June 7, 2022","format":false,"excerpt":"Shkruar Nga Julia VRAPI 3 QERSHOR 2022 Tre piktor\u00eb t\u00eb njohur me punimet e tyre n\u00eb piktur\u00eb prezantohen n\u00eb Galerin\u00eb e Artit Tiran\u00eb. N\u00eb vijim t\u00eb aktivitetit artistik, GAT n\u00eb tre sallat e saj ka \u00e7elur ekspozit\u00ebn me punimet e tre piktor\u00ebve Qamil Prizreni, Shk\u00eblqim Gostivari dhe Aleksand\u00ebr Dragoti, pjes\u00eb\u2026","rel":"","context":"In &quot;Arte&quot;","block_context":{"text":"Arte","link":"https:\/\/www.shqiperia.com\/blog\/category\/arte\/"},"img":{"alt_text":"","src":"https:\/\/i0.wp.com\/www.shqiperia.com\/blog\/wp-content\/uploads\/2022\/06\/640-0-62999c4709705.jpg?fit=640%2C387&ssl=1&resize=350%2C200","width":350,"height":200,"srcset":"https:\/\/i0.wp.com\/www.shqiperia.com\/blog\/wp-content\/uploads\/2022\/06\/640-0-62999c4709705.jpg?fit=640%2C387&ssl=1&resize=350%2C200 1x, https:\/\/i0.wp.com\/www.shqiperia.com\/blog\/wp-content\/uploads\/2022\/06\/640-0-62999c4709705.jpg?fit=640%2C387&ssl=1&resize=525%2C300 1.5x"},"classes":[]},{"id":32037,"url":"https:\/\/www.shqiperia.com\/blog\/ne-studion-e-piktores-xheneta-kadillari\/","url_meta":{"origin":27373,"position":1},"title":"N\u00eb studion e piktores Xheneta Kadillari","author":"Kurt Farka","date":"March 4, 2020","format":false,"excerpt":"N\u00eb studion e piktores Xheneta Kadillari 02\/03\/20 Nga Mark Simoni Jam shume e nderuar kur mediat jane te interesuara per punen time artistike, por kjo ndodhe shum\u00eb rrall\u00eb ose vetem ateher\u00eb kur ju intereson atyre. Ne Shqiperi mungon shume kritika artistike, ka nje boshllek qe ekziston prej kohesh dhe qe\u2026","rel":"","context":"In &quot;Arte&quot;","block_context":{"text":"Arte","link":"https:\/\/www.shqiperia.com\/blog\/category\/arte\/"},"img":{"alt_text":"","src":"https:\/\/i0.wp.com\/www.shqiperia.com\/blog\/wp-content\/uploads\/2020\/03\/shkrimi-i-gjashte.jpg?fit=960%2C830&ssl=1&resize=350%2C200","width":350,"height":200,"srcset":"https:\/\/i0.wp.com\/www.shqiperia.com\/blog\/wp-content\/uploads\/2020\/03\/shkrimi-i-gjashte.jpg?fit=960%2C830&ssl=1&resize=350%2C200 1x, https:\/\/i0.wp.com\/www.shqiperia.com\/blog\/wp-content\/uploads\/2020\/03\/shkrimi-i-gjashte.jpg?fit=960%2C830&ssl=1&resize=525%2C300 1.5x, https:\/\/i0.wp.com\/www.shqiperia.com\/blog\/wp-content\/uploads\/2020\/03\/shkrimi-i-gjashte.jpg?fit=960%2C830&ssl=1&resize=700%2C400 2x"},"classes":[]},{"id":30235,"url":"https:\/\/www.shqiperia.com\/blog\/ekspozita-blerta-xhomo-zhvesh-figurat-njerezore-nudo-ne-pezull\/","url_meta":{"origin":27373,"position":2},"title":"Ekspozita: &#8211; Blerta Xhomo zhvesh figurat njer\u00ebzore nudo n\u00eb &#8216;Pezull&#8217;.","author":"Kurt Farka","date":"January 11, 2020","format":false,"excerpt":"Ekspozita: - Blerta Xhomo zhvesh figurat njer\u00ebzore nudo n\u00eb 'Pezull'. Ekspozita personale \u201cPezull\u201d e piktores Blerta Xhomo \u00ebsht\u00eb \u00e7elur n\u00eb galerin\u00eb e Fakultetit t\u00eb Arteve t\u00eb Bukura. Kuratori i ekspozit\u00ebs, Vladimir Myrtezai, zgjedhjen e artistes p\u00ebr t\u00eb zhveshur figurat fem\u00ebrore edhe mashkullore, i cil\u00ebson si nj\u00eb reflektim t\u00eb artistit mbi\u2026","rel":"","context":"In &quot;Arte&quot;","block_context":{"text":"Arte","link":"https:\/\/www.shqiperia.com\/blog\/category\/arte\/"},"img":{"alt_text":"","src":"https:\/\/i0.wp.com\/www.shqiperia.com\/blog\/wp-content\/uploads\/2020\/01\/Blerta-Xhomo.jpg?fit=480%2C360&ssl=1&resize=350%2C200","width":350,"height":200},"classes":[]},{"id":12501,"url":"https:\/\/www.shqiperia.com\/blog\/arte-lec-shkreli-gjysem-shekulli-me-penel-ne-dore\/","url_meta":{"origin":27373,"position":3},"title":"Arte: Lec Shkreli \u2013 Gjysem shekulli me penel ne dore. &#8211;","author":"Kurt Farka","date":"October 10, 2018","format":false,"excerpt":"Arte: Lec Shkreli \u2013 Gjysem shekulli me penel ne dore. - Lec Shkreli piktor shqiptar, aktiviteti krijues i tij ka nisur q\u00eb n\u00eb vitet 1965. Punimet jan\u00eb kompozime n\u00eb vaj, peizazhe t\u00eb ndryshme dhe natyra t\u00eb qeta, ku spikasin edhe portretet e grave me kostume t\u00eb larmishme komb\u00ebtare. Lec Shkreli\u2026","rel":"","context":"In &quot;Arte&quot;","block_context":{"text":"Arte","link":"https:\/\/www.shqiperia.com\/blog\/category\/arte\/"},"img":{"alt_text":"","src":"https:\/\/i0.wp.com\/www.shqiperia.com\/blog\/wp-content\/uploads\/2018\/10\/01-Lec-Shkreli-9-Copy-1.jpg?fit=1200%2C659&ssl=1&resize=350%2C200","width":350,"height":200,"srcset":"https:\/\/i0.wp.com\/www.shqiperia.com\/blog\/wp-content\/uploads\/2018\/10\/01-Lec-Shkreli-9-Copy-1.jpg?fit=1200%2C659&ssl=1&resize=350%2C200 1x, https:\/\/i0.wp.com\/www.shqiperia.com\/blog\/wp-content\/uploads\/2018\/10\/01-Lec-Shkreli-9-Copy-1.jpg?fit=1200%2C659&ssl=1&resize=525%2C300 1.5x, https:\/\/i0.wp.com\/www.shqiperia.com\/blog\/wp-content\/uploads\/2018\/10\/01-Lec-Shkreli-9-Copy-1.jpg?fit=1200%2C659&ssl=1&resize=700%2C400 2x, https:\/\/i0.wp.com\/www.shqiperia.com\/blog\/wp-content\/uploads\/2018\/10\/01-Lec-Shkreli-9-Copy-1.jpg?fit=1200%2C659&ssl=1&resize=1050%2C600 3x"},"classes":[]},{"id":73782,"url":"https:\/\/www.shqiperia.com\/blog\/ekspozita-rrugetim-e-piktorit-zymer-mulliqi-me-piktura-dhe-grafika-ne-galerine-e-artit-tirane\/","url_meta":{"origin":27373,"position":4},"title":"Ekspozita \u201cRrug\u00ebtim\u201d e piktorit Zymer Mulliqi me piktura dhe grafika n\u00eb Galerin\u00eb e Artit Tiran\u00eb","author":"Kurt Farka","date":"August 22, 2023","format":false,"excerpt":"22 Gusht 2023 Galeria e Artit Tiran\u00eb mir\u00ebpriti k\u00ebto dit\u00eb piktorin e njohur Zymer Mulliqi, q\u00eb hapi ekspozit\u00ebn e tij personale \u201cRrug\u00ebtim\u201d. Hapja e nj\u00eb ekspozite me vepra arti \u00ebsht\u00eb nj\u00eb ngjarje e bukur p\u00ebr kryeqytetin, dhe ajo e nj\u00eb piktori t\u00eb r\u00ebnd\u00ebsish\u00ebm si Zymer Mulliqi nga Kosova n\u00eb Galerin\u00eb\u2026","rel":"","context":"In &quot;Arte&quot;","block_context":{"text":"Arte","link":"https:\/\/www.shqiperia.com\/blog\/category\/arte\/"},"img":{"alt_text":"","src":"https:\/\/i0.wp.com\/www.shqiperia.com\/blog\/wp-content\/uploads\/2023\/08\/800-0-64e44814d94b6.jpg?fit=800%2C800&ssl=1&resize=350%2C200","width":350,"height":200,"srcset":"https:\/\/i0.wp.com\/www.shqiperia.com\/blog\/wp-content\/uploads\/2023\/08\/800-0-64e44814d94b6.jpg?fit=800%2C800&ssl=1&resize=350%2C200 1x, https:\/\/i0.wp.com\/www.shqiperia.com\/blog\/wp-content\/uploads\/2023\/08\/800-0-64e44814d94b6.jpg?fit=800%2C800&ssl=1&resize=525%2C300 1.5x, https:\/\/i0.wp.com\/www.shqiperia.com\/blog\/wp-content\/uploads\/2023\/08\/800-0-64e44814d94b6.jpg?fit=800%2C800&ssl=1&resize=700%2C400 2x"},"classes":[]},{"id":12662,"url":"https:\/\/www.shqiperia.com\/blog\/lec-shkreli-me-shume-se-nje-gjysem-shekulli-me-penel-ne-dore-album-foto\/","url_meta":{"origin":27373,"position":5},"title":"Lec Shkreli- me shume se nje gjysem shekulli me penel ne dore  (Album-Foto).-","author":"Kurt Farka","date":"October 16, 2018","format":false,"excerpt":"Lec Shkreli- me shume se nje gjysem shekulli me penel ne dore \u00a0(Album-Foto).- Lec Shkreli piktor shqiptar, aktiviteti krijues i tij ka nisur q\u00eb n\u00eb vitet 1965. Punimet jan\u00eb kompozime n\u00eb vaj, peizazhe t\u00eb ndryshme dhe natyra t\u00eb qeta, ku spikasin edhe portretet e grave me kostume t\u00eb larmishme komb\u00ebtare.\u2026","rel":"","context":"In &quot;Arte&quot;","block_context":{"text":"Arte","link":"https:\/\/www.shqiperia.com\/blog\/category\/arte\/"},"img":{"alt_text":"","src":"https:\/\/i0.wp.com\/www.shqiperia.com\/blog\/wp-content\/uploads\/2018\/10\/1-Lec-Shkreli.jpg?fit=1200%2C787&ssl=1&resize=350%2C200","width":350,"height":200,"srcset":"https:\/\/i0.wp.com\/www.shqiperia.com\/blog\/wp-content\/uploads\/2018\/10\/1-Lec-Shkreli.jpg?fit=1200%2C787&ssl=1&resize=350%2C200 1x, https:\/\/i0.wp.com\/www.shqiperia.com\/blog\/wp-content\/uploads\/2018\/10\/1-Lec-Shkreli.jpg?fit=1200%2C787&ssl=1&resize=525%2C300 1.5x, https:\/\/i0.wp.com\/www.shqiperia.com\/blog\/wp-content\/uploads\/2018\/10\/1-Lec-Shkreli.jpg?fit=1200%2C787&ssl=1&resize=700%2C400 2x, https:\/\/i0.wp.com\/www.shqiperia.com\/blog\/wp-content\/uploads\/2018\/10\/1-Lec-Shkreli.jpg?fit=1200%2C787&ssl=1&resize=1050%2C600 3x"},"classes":[]}],"_links":{"self":[{"href":"https:\/\/www.shqiperia.com\/blog\/wp-json\/wp\/v2\/posts\/27373","targetHints":{"allow":["GET"]}}],"collection":[{"href":"https:\/\/www.shqiperia.com\/blog\/wp-json\/wp\/v2\/posts"}],"about":[{"href":"https:\/\/www.shqiperia.com\/blog\/wp-json\/wp\/v2\/types\/post"}],"author":[{"embeddable":true,"href":"https:\/\/www.shqiperia.com\/blog\/wp-json\/wp\/v2\/users\/9"}],"replies":[{"embeddable":true,"href":"https:\/\/www.shqiperia.com\/blog\/wp-json\/wp\/v2\/comments?post=27373"}],"version-history":[{"count":1,"href":"https:\/\/www.shqiperia.com\/blog\/wp-json\/wp\/v2\/posts\/27373\/revisions"}],"predecessor-version":[{"id":27386,"href":"https:\/\/www.shqiperia.com\/blog\/wp-json\/wp\/v2\/posts\/27373\/revisions\/27386"}],"wp:featuredmedia":[{"embeddable":true,"href":"https:\/\/www.shqiperia.com\/blog\/wp-json\/wp\/v2\/media\/27374"}],"wp:attachment":[{"href":"https:\/\/www.shqiperia.com\/blog\/wp-json\/wp\/v2\/media?parent=27373"}],"wp:term":[{"taxonomy":"category","embeddable":true,"href":"https:\/\/www.shqiperia.com\/blog\/wp-json\/wp\/v2\/categories?post=27373"},{"taxonomy":"post_tag","embeddable":true,"href":"https:\/\/www.shqiperia.com\/blog\/wp-json\/wp\/v2\/tags?post=27373"}],"curies":[{"name":"wp","href":"https:\/\/api.w.org\/{rel}","templated":true}]}}