{"id":27369,"date":"2019-10-27T16:46:05","date_gmt":"2019-10-27T16:46:05","guid":{"rendered":"https:\/\/www.shqiperia.com\/blog\/?p=27369"},"modified":"2019-10-27T16:46:05","modified_gmt":"2019-10-27T16:46:05","slug":"mbi-zonjat-m","status":"publish","type":"post","link":"https:\/\/www.shqiperia.com\/blog\/mbi-zonjat-m\/","title":{"rendered":"Mbi zonjat M. &#8211;"},"content":{"rendered":"<p><img data-recalc-dims=\"1\" loading=\"lazy\" decoding=\"async\" data-attachment-id=\"27370\" data-permalink=\"https:\/\/www.shqiperia.com\/blog\/mbi-zonjat-m\/m-2-905x450\/\" data-orig-file=\"https:\/\/i0.wp.com\/www.shqiperia.com\/blog\/wp-content\/uploads\/2019\/10\/m-2-905x450.png?fit=905%2C450&amp;ssl=1\" data-orig-size=\"905,450\" data-comments-opened=\"1\" data-image-meta=\"{&quot;aperture&quot;:&quot;0&quot;,&quot;credit&quot;:&quot;&quot;,&quot;camera&quot;:&quot;&quot;,&quot;caption&quot;:&quot;&quot;,&quot;created_timestamp&quot;:&quot;0&quot;,&quot;copyright&quot;:&quot;&quot;,&quot;focal_length&quot;:&quot;0&quot;,&quot;iso&quot;:&quot;0&quot;,&quot;shutter_speed&quot;:&quot;0&quot;,&quot;title&quot;:&quot;&quot;,&quot;orientation&quot;:&quot;0&quot;}\" data-image-title=\"m-2-905&#215;450\" data-image-description=\"\" data-image-caption=\"\" data-medium-file=\"https:\/\/i0.wp.com\/www.shqiperia.com\/blog\/wp-content\/uploads\/2019\/10\/m-2-905x450.png?fit=300%2C149&amp;ssl=1\" data-large-file=\"https:\/\/i0.wp.com\/www.shqiperia.com\/blog\/wp-content\/uploads\/2019\/10\/m-2-905x450.png?fit=905%2C450&amp;ssl=1\" class=\"alignnone  wp-image-27370\" alt=\"\" src=\"https:\/\/i0.wp.com\/www.shqiperia.com\/blog\/wp-content\/uploads\/2019\/10\/m-2-905x450.png?resize=600%2C298&#038;ssl=1\" width=\"600\" height=\"298\" srcset=\"https:\/\/i0.wp.com\/www.shqiperia.com\/blog\/wp-content\/uploads\/2019\/10\/m-2-905x450.png?resize=300%2C149&amp;ssl=1 300w, https:\/\/i0.wp.com\/www.shqiperia.com\/blog\/wp-content\/uploads\/2019\/10\/m-2-905x450.png?resize=768%2C382&amp;ssl=1 768w, https:\/\/i0.wp.com\/www.shqiperia.com\/blog\/wp-content\/uploads\/2019\/10\/m-2-905x450.png?resize=450%2C224&amp;ssl=1 450w, https:\/\/i0.wp.com\/www.shqiperia.com\/blog\/wp-content\/uploads\/2019\/10\/m-2-905x450.png?resize=600%2C298&amp;ssl=1 600w, https:\/\/i0.wp.com\/www.shqiperia.com\/blog\/wp-content\/uploads\/2019\/10\/m-2-905x450.png?resize=400%2C199&amp;ssl=1 400w, https:\/\/i0.wp.com\/www.shqiperia.com\/blog\/wp-content\/uploads\/2019\/10\/m-2-905x450.png?resize=905%2C450&amp;ssl=1 905w\" sizes=\"auto, (max-width: 600px) 100vw, 600px\" \/><\/p>\n<p><strong>Mbi zonjat M.<\/strong><\/p>\n<p>19 tetor 2019<\/p>\n<p><strong>Nga Edona Lluka\u00e7aj<\/strong><\/p>\n<p>Ka disa dit\u00eb q\u00eb media shqiptare \u00ebsht\u00eb \u2018pushtuar\u2019 nga dy femra, n\u00eb dy situata sa m\u00ebshir\u00eb-ndjell\u00ebse aq edhe nerva-cing\u00ebritese, q\u00eb t\u00eb b\u00ebjn\u00eb t\u00eb reflektosh se cilat jan\u00eb vlerat -a antivlerat- q\u00eb promovohen n\u00eb Shqip\u00ebri, si dhe pasojat e k\u00ebtij fenomeni.<br \/>\nPadyshim q\u00eb vrasja n\u00eb Kavaj\u00eb, me miq\u00ebsira t\u00eb supozuara gardian\u00ebsh e ish t\u00eb burgosurish q\u00eb vriten teksa \u2018sqarohen\u2019 mbi tryeza kokaine, \u00ebsht\u00eb lajm, madje trondit\u00ebs. Por v\u00ebmendja kushtuar personalisht Marsid\u00ebs, gruas s\u00eb p\u00ebrfshir\u00eb n\u00eb ngjarje, habit e deluzionon, nj\u00ebkoh\u00ebsisht. Brenda jav\u00ebs, nuk u ngurua t\u00eb ekspozohej \u00e7do detaj i jet\u00ebs s\u00eb saj; p\u00ebrtej jet\u00ebs intime u mir\u00ebinformuam edhe sa her\u00eb p\u00ebrdorte drog\u00eb, sa her\u00eb shkoi n\u00eb komisariat, ku la f\u00ebmij\u00ebt, bile edhe kur pastroi sht\u00ebpine luksoze apo ndryshoi ngjyr\u00ebn e flok\u00ebve. Me pak fjal\u00eb Marsida u kthye n\u00eb \u201cvipen\u201d e Kavaj\u00ebs.<br \/>\nPo ashtu, deputetja \u2018aksidentale\u2019 e Kuvendit t\u00eb Shqip\u00ebris\u00eb u b\u00eb e famshme brenda nat\u00ebs, ndon\u00ebse p\u00ebr arsye t\u00eb tjera, fatkeq\u00ebsisht jo p\u00ebr ndonj\u00eb sukses. Fryt i politik\u00ebs s\u00eb mbrapsht\u00eb q\u00eb na dhuroi fillimisht sistemin ku voton pa zgjedhur, e m\u00eb pas mbushi parlamentin me \u201ckrunde\u201d listash, si pasoj\u00eb e aktit \u201ct\u00eb men\u00e7ur\u201d p\u00ebr t\u00eb mosp\u00ebrfaq\u00ebsuar, deputetja e re duket m\u00eb shum\u00eb si viktim\u00eb. Deputetja e re nuk lexoi dot shqip, p\u00ebr shkak t\u00eb emocioneve, disleksis\u00eb potenciale apo n\u00eb rastin m\u00eb t\u00eb keq, analfabetizmit. Por ajo q\u00eb bie n\u00eb sy p\u00ebr k\u00ebt\u00eb p\u00ebrfaq\u00ebsuese ton\u00ebn \u00ebsht\u00eb se q\u00eb nga dita q\u00eb mori detyr\u00ebn e r\u00ebnd\u00ebsishme t\u00eb parlamentares \u00ebsht\u00eb b\u00ebr\u00eb lajm gjithsej tre her\u00eb, dhe asnj\u00ebher\u00eb p\u00ebr pun\u00ebn e saj n\u00eb politik\u00eb. P\u00ebr her\u00eb t\u00eb par\u00eb, dit\u00ebn kur hyri n\u00eb kuvend nga nj\u00eb parti e pad\u00ebgjuar -nga ato q\u00eb kemi me shumic\u00eb- aleate e PD e q\u00eb ka p\u00ebr kryetar nj\u00eb person me t\u00eb nj\u00ebjtin mbiem\u00ebr me deputeten n\u00eb fjal\u00eb dhe u betua, pasi mori mandatin e kryepozitarit t\u00eb vet\u00ebdjegur. Her\u00ebn e dyt\u00eb u b\u00eb lajm me ftesat p\u00ebr dasm\u00ebn e saj n\u00eb korrik, ku ftoi dhe deputet\u00ebt e mazhoranc\u00ebs, p\u00ebrfshi kryetarin e grupit te PS. E s\u00eb fundi, me fjalimin akoma t\u00eb padeshifruar n\u00eb foltoren e kuvendit.<br \/>\n(Ndryshe nga Marsida, p\u00ebr kontributin e deputete Majlind\u00ebs p\u00ebr shoq\u00ebrin\u00eb, qoft\u00eb para ose pasi hyri n\u00eb kuvend, nuk dim\u00eb asgj\u00eb: as arsimimin e as profesionin. Thjesht, asgj\u00eb!)<br \/>\nTeksa shtetet e zhvilluara dhe Europa e d\u00ebshiruar po rishikon edhe rr\u00ebfenjat shekullore si Bor\u00ebbardha, n\u00eb m\u00ebnyr\u00eb q\u00eb t\u00eb mos promovojn\u00eb anti-vler\u00ebn dhe margjinalizimin gjinor, mesazhi q\u00eb po jepet n\u00eb Shqip\u00ebri duket t\u00eb jet\u00eb tjet\u00ebrsoj.<\/p>\n<p><img data-recalc-dims=\"1\" loading=\"lazy\" decoding=\"async\" data-attachment-id=\"27371\" data-permalink=\"https:\/\/www.shqiperia.com\/blog\/mbi-zonjat-m\/m-2-905x450-2\/\" data-orig-file=\"https:\/\/i0.wp.com\/www.shqiperia.com\/blog\/wp-content\/uploads\/2019\/10\/m-2-905x450-1.png?fit=905%2C450&amp;ssl=1\" data-orig-size=\"905,450\" data-comments-opened=\"1\" data-image-meta=\"{&quot;aperture&quot;:&quot;0&quot;,&quot;credit&quot;:&quot;&quot;,&quot;camera&quot;:&quot;&quot;,&quot;caption&quot;:&quot;&quot;,&quot;created_timestamp&quot;:&quot;0&quot;,&quot;copyright&quot;:&quot;&quot;,&quot;focal_length&quot;:&quot;0&quot;,&quot;iso&quot;:&quot;0&quot;,&quot;shutter_speed&quot;:&quot;0&quot;,&quot;title&quot;:&quot;&quot;,&quot;orientation&quot;:&quot;0&quot;}\" data-image-title=\"m-2-905&#215;450\" data-image-description=\"\" data-image-caption=\"\" data-medium-file=\"https:\/\/i0.wp.com\/www.shqiperia.com\/blog\/wp-content\/uploads\/2019\/10\/m-2-905x450-1.png?fit=300%2C149&amp;ssl=1\" data-large-file=\"https:\/\/i0.wp.com\/www.shqiperia.com\/blog\/wp-content\/uploads\/2019\/10\/m-2-905x450-1.png?fit=905%2C450&amp;ssl=1\" class=\"alignnone  wp-image-27371\" alt=\"\" src=\"https:\/\/i0.wp.com\/www.shqiperia.com\/blog\/wp-content\/uploads\/2019\/10\/m-2-905x450-1.png?resize=769%2C382&#038;ssl=1\" width=\"769\" height=\"382\" srcset=\"https:\/\/i0.wp.com\/www.shqiperia.com\/blog\/wp-content\/uploads\/2019\/10\/m-2-905x450-1.png?resize=300%2C149&amp;ssl=1 300w, https:\/\/i0.wp.com\/www.shqiperia.com\/blog\/wp-content\/uploads\/2019\/10\/m-2-905x450-1.png?resize=768%2C382&amp;ssl=1 768w, https:\/\/i0.wp.com\/www.shqiperia.com\/blog\/wp-content\/uploads\/2019\/10\/m-2-905x450-1.png?resize=450%2C224&amp;ssl=1 450w, https:\/\/i0.wp.com\/www.shqiperia.com\/blog\/wp-content\/uploads\/2019\/10\/m-2-905x450-1.png?resize=600%2C298&amp;ssl=1 600w, https:\/\/i0.wp.com\/www.shqiperia.com\/blog\/wp-content\/uploads\/2019\/10\/m-2-905x450-1.png?resize=400%2C199&amp;ssl=1 400w, https:\/\/i0.wp.com\/www.shqiperia.com\/blog\/wp-content\/uploads\/2019\/10\/m-2-905x450-1.png?w=905&amp;ssl=1 905w\" sizes=\"auto, (max-width: 769px) 100vw, 769px\" \/><br \/>\nHeshtja \u201cmbulon\u201d artistet, talentet, akadamiket, zonjat fisnike dhe t\u00eb arritura, q\u00eb nuk jan\u00eb as t\u00eb munguara e as t\u00eb pakta n\u00eb k\u00ebt\u00eb vend. Po ashtu, asnj\u00eb nga historit\u00eb e suksesit t\u00eb femrave shqiptare n\u00eb bot\u00eb nuk duket se duam ta d\u00ebgjojm\u00eb. (A thua se kemi frik\u00eb nga ato q\u00eb ngjisin shkall\u00ebt me meritokraci e dinjitet).<br \/>\nE na \u00e7udit fakti se jo pak besojn\u00eb se diploma merret n\u00eb shk\u00ebmbim t\u00eb marr\u00ebdh\u00ebnieve me pseudoprofesor\u00eb injorant\u00eb e pervers\u00eb. A thua se mentaliteti i promovuar nuk \u00ebsht\u00eb se n\u00ebse je \u2018e zonja\u2019 b\u00ebhesh ose \u201cvipe\u201d e mend\u00ebsis\u00eb \u201ctrimi i mir\u00eb me shok\u00eb shum\u00eb\u201d ose politik\u00ebb\u00ebr\u00ebse e gjenerat\u00ebs s\u00eb re, q\u00eb do ta kishte zili cdo shtet, boll q\u00eb \u00ebsht\u00eb fem\u00ebr\u2026 Politikane nga ato q\u00eb nuk dihet se cilat politika mbrojn\u00eb e promovojn\u00eb, por hedhin firma n\u00eb \u2018letra zyrtare dashurie\u2019 t\u00eb komanduara p\u00ebr marr\u00ebs nd\u00ebrkomb\u00ebtar\u00eb t\u00eb llojit \u201cun\u00eb ty t\u00eb kam shum\u00eb xhan, ti pse nuk ma var?\u201d<br \/>\nE na vjen keq kur Holanda nuk na e merr parasysh letr\u00ebn kuptimplot\u00eb, por v\u00eb theksin n\u00eb kriminalitetin e lart\u00eb. Nuk na shkon p\u00ebrshtat kur Danimarka, shteti i renditur i pari n\u00eb bot\u00eb p\u00ebr arritjet n\u00eb fush\u00ebn e t\u00eb drejtave t\u00eb njeriut dhe t\u00eb barazis\u00eb (s\u00eb mir\u00ebfillt\u00eb) gjinore, na sheh me skepticiz\u00ebm. Nd\u00ebrsa kur Franca shprehet hapur p\u00ebr p\u00ebrpjekjet e pamjaftueshme p\u00ebr integrimin europian, fajin e ka zonja Macron. Sigurisht, meq\u00eb ajo nuk \u00ebsht\u00eb nga k\u00ebto \u201cikonat\u201d tona, nuk di t\u2019i vler\u00ebsoj\u00eb arritjet e prandaj s\u2019mund t\u00eb mbajm\u00eb ne p\u00ebrgjegj\u00ebsi. T\u00eb mbaj\u00eb BE!<\/p>\n<p>Gazeta Dita<\/p>\n","protected":false},"excerpt":{"rendered":"<p>Mbi zonjat M. 19 tetor 2019 Nga Edona Lluka\u00e7aj Ka disa dit\u00eb q\u00eb media shqiptare \u00ebsht\u00eb \u2018pushtuar\u2019 nga dy femra, n\u00eb dy situata sa m\u00ebshir\u00eb-ndjell\u00ebse aq edhe nerva-cing\u00ebritese, q\u00eb t\u00eb b\u00ebjn\u00eb t\u00eb reflektosh se cilat jan\u00eb vlerat -a antivlerat- q\u00eb promovohen n\u00eb Shqip\u00ebri, si dhe pasojat e k\u00ebtij fenomeni. Padyshim q\u00eb vrasja n\u00eb Kavaj\u00eb, me [&hellip;]<\/p>\n","protected":false},"author":9,"featured_media":27370,"comment_status":"open","ping_status":"open","sticky":false,"template":"","format":"standard","meta":{"jetpack_post_was_ever_published":false,"_jetpack_newsletter_access":"","_jetpack_dont_email_post_to_subs":false,"_jetpack_newsletter_tier_id":0,"_jetpack_memberships_contains_paywalled_content":false,"_jetpack_memberships_contains_paid_content":false,"footnotes":"","jetpack_publicize_message":"","jetpack_publicize_feature_enabled":true,"jetpack_social_post_already_shared":true,"jetpack_social_options":{"image_generator_settings":{"template":"highway","default_image_id":0,"font":"","enabled":false},"version":2}},"categories":[27,14,35],"tags":[],"class_list":["post-27369","post","type-post","status-publish","format-standard","has-post-thumbnail","hentry","category-blogu-i-udhetarit","category-press-releases","category-shoqerore"],"jetpack_publicize_connections":[],"jetpack_featured_media_url":"https:\/\/i0.wp.com\/www.shqiperia.com\/blog\/wp-content\/uploads\/2019\/10\/m-2-905x450.png?fit=905%2C450&ssl=1","jetpack_sharing_enabled":true,"jetpack_shortlink":"https:\/\/wp.me\/p5Z6wp-77r","jetpack-related-posts":[{"id":3244,"url":"https:\/\/www.shqiperia.com\/blog\/romani-murgu-dhe-debatit-rreth-identitetit-europian-te-shqiptareve\/","url_meta":{"origin":27369,"position":0},"title":"Romani \u201cMurgu\u201d dhe debatit rreth identitetit europian t\u00eb shqiptar\u00ebve. &#8211;","author":"Kurt Farka","date":"February 15, 2018","format":false,"excerpt":"Nj\u00eb sh\u00ebnim i marr\u00eb nga kopertina e romanit \u201cMurgu\u201d i Artan Fuges Nj\u00eb roman q\u00eb na fton t\u2019i rikthehemi edhe debatit rreth identitetit europian t\u00eb shqiptar\u00ebve. K\u00ebshtu e p\u00ebrshkruan, Akademiku Artan Fuga, librin e tij t\u00eb fundit \u00a0\u201cMurgu\u201d, i cili sot ka dal\u00eb n\u00eb shitje. I kontaktuar nga Vizion Plus,\u2026","rel":"","context":"In &quot;Blogu i Udh\u00ebtarit&quot;","block_context":{"text":"Blogu i Udh\u00ebtarit","link":"https:\/\/www.shqiperia.com\/blog\/category\/blogu-i-udhetarit\/"},"img":{"alt_text":"","src":"https:\/\/i0.wp.com\/www.shqiperia.com\/blog\/wp-content\/uploads\/2018\/02\/Murgu-Artan-Fuga-21-1.jpg?fit=458%2C714&ssl=1&resize=350%2C200","width":350,"height":200},"classes":[]},{"id":3463,"url":"https:\/\/www.shqiperia.com\/blog\/debatit-rreth-identitetit-europian-te-shqiptareve-romani-murgu-artan-fuges\/","url_meta":{"origin":27369,"position":1},"title":"Debatit rreth identitetit europian t\u00eb shqiptar\u00ebve. &#8211; romani \u201cMurgu\u201d i Artan Fuges. &#8211;","author":"Kurt Farka","date":"February 18, 2018","format":false,"excerpt":"Nj\u00eb roman q\u00eb na fton t\u2019i rikthehemi edhe debatit rreth identitetit europian t\u00eb shqiptar\u00ebve. K\u00ebshtu e p\u00ebrshkruan, Akademiku Artan Fuga, librin e tij t\u00eb fundit \u00a0\u201cMurgu\u201d, i cili ka dal\u00eb n\u00eb shitje. Fuga tregon se ky botim, rizbulon vlerat e s\u00eb kaluar\u00ebs son\u00eb iliro-arbnore, me ndikime nga bota heleniko-romake dhe\u2026","rel":"","context":"In &quot;Blogu i Udh\u00ebtarit&quot;","block_context":{"text":"Blogu i Udh\u00ebtarit","link":"https:\/\/www.shqiperia.com\/blog\/category\/blogu-i-udhetarit\/"},"img":{"alt_text":"","src":"https:\/\/i0.wp.com\/www.shqiperia.com\/blog\/wp-content\/uploads\/2018\/02\/Murgu-Artan-Fuga-21-2.jpg?fit=458%2C714&ssl=1&resize=350%2C200","width":350,"height":200},"classes":[]},{"id":18770,"url":"https:\/\/www.shqiperia.com\/blog\/kol-nikolle-idromeno-piktor-dhe-personalitet-i-madh-i-artit-shqiptar\/","url_meta":{"origin":27369,"position":2},"title":"Kol (Nikoll\u00eb) Idromeno- piktor dhe personalitet i madh i artit shqiptar.-","author":"Kurt Farka","date":"March 27, 2019","format":false,"excerpt":"Kol (Nikoll\u00eb) Idromeno- piktor dhe personalitet i madh i artit shqiptar.- Kol\u00eb Idromeno (1860-1939), piktori i filozofimit t\u00eb penelat\u00ebs, artisti polidimensional\u00a0i piktur\u00ebs, fotografis\u00eb, arkitektur\u00ebs e muzik\u00ebs, n\u00eb kap\u00ebrcyell t\u00eb shekullit t\u00eb XIX-t\u00eb. Deri koh\u00ebt e fundit \u00ebsht\u00eb njohur dhe p\u00ebr t\u00eb kan\u00eb folur, vet\u00ebm si krijues i pikturave \u201cMotra Tone\u201d\u2026","rel":"","context":"In &quot;Arte&quot;","block_context":{"text":"Arte","link":"https:\/\/www.shqiperia.com\/blog\/category\/arte\/"},"img":{"alt_text":"","src":"https:\/\/i0.wp.com\/www.shqiperia.com\/blog\/wp-content\/uploads\/2019\/03\/Dy-rruget-fragmantKolIdromeno.jpg?fit=587%2C332&ssl=1&resize=350%2C200","width":350,"height":200,"srcset":"https:\/\/i0.wp.com\/www.shqiperia.com\/blog\/wp-content\/uploads\/2019\/03\/Dy-rruget-fragmantKolIdromeno.jpg?fit=587%2C332&ssl=1&resize=350%2C200 1x, https:\/\/i0.wp.com\/www.shqiperia.com\/blog\/wp-content\/uploads\/2019\/03\/Dy-rruget-fragmantKolIdromeno.jpg?fit=587%2C332&ssl=1&resize=525%2C300 1.5x"},"classes":[]},{"id":26583,"url":"https:\/\/www.shqiperia.com\/blog\/lahutaret-jemi-te-vonuar-si-komb-nuk-shkohet-ne-unesco-me-duar-ne-xhepa\/","url_meta":{"origin":27369,"position":3},"title":"Lahutar\u00ebt: &#8211; Jemi t\u00eb vonuar si komb, nuk shkohet n\u00eb UNESCO me duar n\u00eb xhepa. &#8211;","author":"Kurt Farka","date":"October 3, 2019","format":false,"excerpt":"Lahutar\u00ebt: - Jemi t\u00eb vonuar si komb, nuk shkohet n\u00eb UNESCO me duar n\u00eb xhepa Studiuesi Zymer Neziri prezanton 40 vjet studime p\u00ebr Eposin e Kreshnik\u00ebve dhe lahut\u00ebn. Ai u b\u00ebn thirrje institucioneve shqiptare, q\u00eb t\u00eb punojn\u00eb q\u00eb kjo pasuri komb\u00ebtare t\u00eb futet n\u00eb UNESCO edhe t\u00eb futet n\u00eb shkolla.\u2026","rel":"","context":"In &quot;Arte&quot;","block_context":{"text":"Arte","link":"https:\/\/www.shqiperia.com\/blog\/category\/arte\/"},"img":{"alt_text":"","src":"https:\/\/i0.wp.com\/www.shqiperia.com\/blog\/wp-content\/uploads\/2019\/10\/Lahutar-nga-Kosova.jpg?fit=1200%2C655&ssl=1&resize=350%2C200","width":350,"height":200,"srcset":"https:\/\/i0.wp.com\/www.shqiperia.com\/blog\/wp-content\/uploads\/2019\/10\/Lahutar-nga-Kosova.jpg?fit=1200%2C655&ssl=1&resize=350%2C200 1x, https:\/\/i0.wp.com\/www.shqiperia.com\/blog\/wp-content\/uploads\/2019\/10\/Lahutar-nga-Kosova.jpg?fit=1200%2C655&ssl=1&resize=525%2C300 1.5x, https:\/\/i0.wp.com\/www.shqiperia.com\/blog\/wp-content\/uploads\/2019\/10\/Lahutar-nga-Kosova.jpg?fit=1200%2C655&ssl=1&resize=700%2C400 2x, https:\/\/i0.wp.com\/www.shqiperia.com\/blog\/wp-content\/uploads\/2019\/10\/Lahutar-nga-Kosova.jpg?fit=1200%2C655&ssl=1&resize=1050%2C600 3x"},"classes":[]},{"id":31120,"url":"https:\/\/www.shqiperia.com\/blog\/si-u-shkaterrua-kultura-ilire-nga-dyndjet-sllave-dhe-osmane\/","url_meta":{"origin":27369,"position":4},"title":"Si u shkat\u00ebrrua kultura ilire nga dyndjet sllave dhe osmane","author":"Kurt Farka","date":"February 5, 2020","format":false,"excerpt":"Si u shkat\u00ebrrua kultura ilire nga dyndjet sllave dhe osmane 04\/02\/2020 Intervista\/ Aleksand\u00ebr Meksi flet si restaurator: Kultura ilire n\u00ebn dhe \u00ebsht\u00eb mbuluar nga nd\u00ebrtimi i pallateve Nga Leonard Veizi \u00a0Historia e Shqip\u00ebris\u00eb \u00ebsht\u00eb shkruar m\u00eb s\u00eb shumti edhe p\u00ebrmes asaj \u00e7far\u00eb na ofron nj\u00eb objekt kulti. N\u00eb fillim jan\u00eb\u2026","rel":"","context":"In &quot;Histori&quot;","block_context":{"text":"Histori","link":"https:\/\/www.shqiperia.com\/blog\/category\/histori\/"},"img":{"alt_text":"","src":"https:\/\/i0.wp.com\/www.shqiperia.com\/blog\/wp-content\/uploads\/2020\/02\/Aleksander-Meksi-5.jpg?fit=533%2C246&ssl=1&resize=350%2C200","width":350,"height":200,"srcset":"https:\/\/i0.wp.com\/www.shqiperia.com\/blog\/wp-content\/uploads\/2020\/02\/Aleksander-Meksi-5.jpg?fit=533%2C246&ssl=1&resize=350%2C200 1x, https:\/\/i0.wp.com\/www.shqiperia.com\/blog\/wp-content\/uploads\/2020\/02\/Aleksander-Meksi-5.jpg?fit=533%2C246&ssl=1&resize=525%2C300 1.5x"},"classes":[]},{"id":7887,"url":"https:\/\/www.shqiperia.com\/blog\/arkeologet-gjejne-gjurme-te-nje-qyteti-ilir-ne-kepin-e-rodonit\/","url_meta":{"origin":27369,"position":5},"title":"Arkeolog\u00ebt gjejn\u00eb gjurm\u00eb t\u00eb nj\u00eb qyteti ilir n\u00eb Kepin e Rodonit. &#8211;","author":"Kurt Farka","date":"May 24, 2018","format":false,"excerpt":"Arkeolog\u00ebt gjejn\u00eb gjurm\u00eb t\u00eb nj\u00eb qyteti ilir n\u00eb Kepin e Rodonit.- Nj\u00eb fragment i \u00e7montuar nj\u00eb furre prodhimi qeramike, prezenca e skarciteteve nga furrat antike dhe dy gur\u00eb peshe, jan\u00eb element\u00ebt q\u00eb i kan\u00eb b\u00ebr\u00eb arkeolog\u00ebt t\u00eb besojn\u00eb se jan\u00eb n\u00eb gjurm\u00eb t\u00eb nj\u00eb qyteti antik n\u00eb Kepin e Rodonit.\u2026","rel":"","context":"In &quot;Histori&quot;","block_context":{"text":"Histori","link":"https:\/\/www.shqiperia.com\/blog\/category\/histori\/"},"img":{"alt_text":"","src":"https:\/\/i0.wp.com\/www.shqiperia.com\/blog\/wp-content\/uploads\/2018\/05\/Sondazhet-e-fundit-arkeologjike-pran-Kepit-t-Rodonit-.jpg?fit=797%2C395&ssl=1&resize=350%2C200","width":350,"height":200,"srcset":"https:\/\/i0.wp.com\/www.shqiperia.com\/blog\/wp-content\/uploads\/2018\/05\/Sondazhet-e-fundit-arkeologjike-pran-Kepit-t-Rodonit-.jpg?fit=797%2C395&ssl=1&resize=350%2C200 1x, https:\/\/i0.wp.com\/www.shqiperia.com\/blog\/wp-content\/uploads\/2018\/05\/Sondazhet-e-fundit-arkeologjike-pran-Kepit-t-Rodonit-.jpg?fit=797%2C395&ssl=1&resize=525%2C300 1.5x, https:\/\/i0.wp.com\/www.shqiperia.com\/blog\/wp-content\/uploads\/2018\/05\/Sondazhet-e-fundit-arkeologjike-pran-Kepit-t-Rodonit-.jpg?fit=797%2C395&ssl=1&resize=700%2C400 2x"},"classes":[]}],"_links":{"self":[{"href":"https:\/\/www.shqiperia.com\/blog\/wp-json\/wp\/v2\/posts\/27369","targetHints":{"allow":["GET"]}}],"collection":[{"href":"https:\/\/www.shqiperia.com\/blog\/wp-json\/wp\/v2\/posts"}],"about":[{"href":"https:\/\/www.shqiperia.com\/blog\/wp-json\/wp\/v2\/types\/post"}],"author":[{"embeddable":true,"href":"https:\/\/www.shqiperia.com\/blog\/wp-json\/wp\/v2\/users\/9"}],"replies":[{"embeddable":true,"href":"https:\/\/www.shqiperia.com\/blog\/wp-json\/wp\/v2\/comments?post=27369"}],"version-history":[{"count":1,"href":"https:\/\/www.shqiperia.com\/blog\/wp-json\/wp\/v2\/posts\/27369\/revisions"}],"predecessor-version":[{"id":27372,"href":"https:\/\/www.shqiperia.com\/blog\/wp-json\/wp\/v2\/posts\/27369\/revisions\/27372"}],"wp:featuredmedia":[{"embeddable":true,"href":"https:\/\/www.shqiperia.com\/blog\/wp-json\/wp\/v2\/media\/27370"}],"wp:attachment":[{"href":"https:\/\/www.shqiperia.com\/blog\/wp-json\/wp\/v2\/media?parent=27369"}],"wp:term":[{"taxonomy":"category","embeddable":true,"href":"https:\/\/www.shqiperia.com\/blog\/wp-json\/wp\/v2\/categories?post=27369"},{"taxonomy":"post_tag","embeddable":true,"href":"https:\/\/www.shqiperia.com\/blog\/wp-json\/wp\/v2\/tags?post=27369"}],"curies":[{"name":"wp","href":"https:\/\/api.w.org\/{rel}","templated":true}]}}