{"id":27363,"date":"2019-10-27T14:39:30","date_gmt":"2019-10-27T14:39:30","guid":{"rendered":"https:\/\/www.shqiperia.com\/blog\/?p=27363"},"modified":"2019-10-27T20:33:12","modified_gmt":"2019-10-27T20:33:12","slug":"pjeter-marku-nje-jete-ne-telajo","status":"publish","type":"post","link":"https:\/\/www.shqiperia.com\/blog\/pjeter-marku-nje-jete-ne-telajo\/","title":{"rendered":"Pjet\u00ebr Marku, nj\u00eb jet\u00eb n\u00eb telajo. &#8211;"},"content":{"rendered":"<p><img data-recalc-dims=\"1\" loading=\"lazy\" decoding=\"async\" data-attachment-id=\"27364\" data-permalink=\"https:\/\/www.shqiperia.com\/blog\/pjeter-marku-nje-jete-ne-telajo\/autor-pjeter-marku\/\" data-orig-file=\"https:\/\/i0.wp.com\/www.shqiperia.com\/blog\/wp-content\/uploads\/2019\/10\/Autor-Pjeter-Marku.jpg?fit=1218%2C641&amp;ssl=1\" data-orig-size=\"1218,641\" data-comments-opened=\"1\" data-image-meta=\"{&quot;aperture&quot;:&quot;0&quot;,&quot;credit&quot;:&quot;&quot;,&quot;camera&quot;:&quot;&quot;,&quot;caption&quot;:&quot;&quot;,&quot;created_timestamp&quot;:&quot;0&quot;,&quot;copyright&quot;:&quot;&quot;,&quot;focal_length&quot;:&quot;0&quot;,&quot;iso&quot;:&quot;0&quot;,&quot;shutter_speed&quot;:&quot;0&quot;,&quot;title&quot;:&quot;&quot;,&quot;orientation&quot;:&quot;0&quot;}\" data-image-title=\"Autor Pjeter Marku\" data-image-description=\"\" data-image-caption=\"\" data-medium-file=\"https:\/\/i0.wp.com\/www.shqiperia.com\/blog\/wp-content\/uploads\/2019\/10\/Autor-Pjeter-Marku.jpg?fit=300%2C158&amp;ssl=1\" data-large-file=\"https:\/\/i0.wp.com\/www.shqiperia.com\/blog\/wp-content\/uploads\/2019\/10\/Autor-Pjeter-Marku.jpg?fit=1024%2C539&amp;ssl=1\" class=\"alignnone wp-image-27364\" alt=\"\" src=\"https:\/\/i0.wp.com\/www.shqiperia.com\/blog\/wp-content\/uploads\/2019\/10\/Autor-Pjeter-Marku.jpg?resize=617%2C325&#038;ssl=1\" width=\"617\" height=\"325\" srcset=\"https:\/\/i0.wp.com\/www.shqiperia.com\/blog\/wp-content\/uploads\/2019\/10\/Autor-Pjeter-Marku.jpg?resize=300%2C158&amp;ssl=1 300w, https:\/\/i0.wp.com\/www.shqiperia.com\/blog\/wp-content\/uploads\/2019\/10\/Autor-Pjeter-Marku.jpg?resize=768%2C404&amp;ssl=1 768w, https:\/\/i0.wp.com\/www.shqiperia.com\/blog\/wp-content\/uploads\/2019\/10\/Autor-Pjeter-Marku.jpg?resize=1024%2C539&amp;ssl=1 1024w, https:\/\/i0.wp.com\/www.shqiperia.com\/blog\/wp-content\/uploads\/2019\/10\/Autor-Pjeter-Marku.jpg?resize=450%2C237&amp;ssl=1 450w, https:\/\/i0.wp.com\/www.shqiperia.com\/blog\/wp-content\/uploads\/2019\/10\/Autor-Pjeter-Marku.jpg?resize=600%2C316&amp;ssl=1 600w, https:\/\/i0.wp.com\/www.shqiperia.com\/blog\/wp-content\/uploads\/2019\/10\/Autor-Pjeter-Marku.jpg?resize=400%2C211&amp;ssl=1 400w, https:\/\/i0.wp.com\/www.shqiperia.com\/blog\/wp-content\/uploads\/2019\/10\/Autor-Pjeter-Marku.jpg?w=1218&amp;ssl=1 1218w\" sizes=\"auto, (max-width: 617px) 100vw, 617px\" \/><\/p>\n<p><strong>Pjet\u00ebr Marku, nj\u00eb jet\u00eb n\u00eb telajo.<\/strong><\/p>\n<p><em>Ky piktor shum\u00ebdimensional i shkoll\u00ebs s\u00eb realizmit \u00ebsht\u00eb nj\u00eb nx\u00ebn\u00ebs i shk\u00eblqyer i mjesht\u00ebrve Guri Madhi, Foto Stomo, Sk\u00ebnder Kamberi, Vangjush Mio, Kujtim Buza dhe vazhdues i tradit\u00ebs s\u00eb tyre. Nostalgjik i Rembrandit apo i Van Gogut, ai tashm\u00eb ka krijuar shkoll\u00ebn e tij artistike, t\u00eb njohur p\u00ebr stilimin, p\u00ebrmbajtjen dhe fantazin\u00eb artistike.<\/em><\/p>\n<p>Nga: Vlash Prendi<\/p>\n<p>27 Tetor, 2019<\/p>\n<p>Kushdo q\u00eb ka vizituar ekspozitat e shumta t\u00eb piktorit t\u00eb talentuar Pjet\u00ebr Marku,ka mbetur i mahnitur nga fryma komb\u00ebtare, jeta e gjall\u00eb dhe e prekshme q\u00eb i japin jet\u00eb dhe gjall\u00ebri, impuls dhe v\u00ebrtet\u00ebsi veprave t\u00eb tij. Ky piktor shum\u00ebdimensional i p\u00ebrket shkoll\u00ebs s\u00eb realizmit, nx\u00ebn\u00ebs i shk\u00eblqyer i piktor\u00ebve t\u00eb njohur: Guri Madhi, Foto Stomo, Sk\u00ebnder Kamberi, Vangjush Mio, Kujtim Buza dhe vazhdues n\u00eb dekada i tradit\u00ebs s\u00eb tyre, nostalgjik i Rembrandit apo i Van Gogut, tashm\u00eb ka krijuar shkoll\u00ebn e tij artistike, t\u00eb njohur p\u00ebr stilimin, p\u00ebrmbajtjen dhe fantazin\u00eb artistike. Djaloshi i ardhur nga Sh\u00ebngjini i Fanit n\u00eb Mirdit\u00eb, treva q\u00eb ka rritur mjaft figura t\u00eb artit dhe let\u00ebrsis\u00eb, ka nj\u00eb jet\u00eb t\u00eb t\u00ebr\u00eb q\u00eb nuk e l\u00ebshon penelin nga dora. I rrjedhsh\u00ebm, komunikues, emocional, t\u00eb krijon ndjesi negative, kur t\u00eb tregon v\u00ebshtir\u00ebsit\u00eb e jet\u00ebs, sakrificat q\u00eb ka kap\u00ebrcyer, p\u00ebr t\u00eb ardhur deri n\u00eb k\u00ebt\u00eb stad ku \u00ebsht\u00eb tani. Prind\u00ebrit e tij shpesh e k\u00ebshillonin t\u00eb vazhdont\u00eb shkoll\u00ebn, t\u00eb mos p\u00ebrkulej nga v\u00ebshtir\u00ebsit\u00eb, t\u00eb p\u00ebrplasej me sfidat e jet\u00ebs dhe\u00a0 t\u00eb mos frik\u00ebsohej nga pengesat. Dhe Pjetri, si nj\u00eb nx\u00ebn\u00ebs i mir\u00eb, i mbajti gjithnj\u00eb parasysh porosit\u00eb e prind\u00ebrve, prandaj sot i kujton me nostalgji dhe mall\u00eb, sepse i treguan gjithnj\u00eb rrug\u00ebn e drejt\u00eb dhe vler\u00ebn e jet\u00ebs.<\/p>\n<div id=\"attachment_27396\" style=\"width: 782px\" class=\"wp-caption alignnone\"><img data-recalc-dims=\"1\" loading=\"lazy\" decoding=\"async\" aria-describedby=\"caption-attachment-27396\" data-attachment-id=\"27396\" data-permalink=\"https:\/\/www.shqiperia.com\/blog\/pjeter-marku-nje-jete-ne-telajo\/piktori-pjeter-marku-ne-studio\/\" data-orig-file=\"https:\/\/i0.wp.com\/www.shqiperia.com\/blog\/wp-content\/uploads\/2019\/10\/Piktori-Pjeter-Marku-ne-studio..jpg?fit=960%2C720&amp;ssl=1\" data-orig-size=\"960,720\" data-comments-opened=\"1\" data-image-meta=\"{&quot;aperture&quot;:&quot;0&quot;,&quot;credit&quot;:&quot;&quot;,&quot;camera&quot;:&quot;&quot;,&quot;caption&quot;:&quot;&quot;,&quot;created_timestamp&quot;:&quot;0&quot;,&quot;copyright&quot;:&quot;&quot;,&quot;focal_length&quot;:&quot;0&quot;,&quot;iso&quot;:&quot;0&quot;,&quot;shutter_speed&quot;:&quot;0&quot;,&quot;title&quot;:&quot;&quot;,&quot;orientation&quot;:&quot;0&quot;}\" data-image-title=\"Piktori Pjeter Marku ne studio.\" data-image-description=\"\" data-image-caption=\"&lt;p&gt;Piktori Pjeter Marku ne studio.&lt;\/p&gt;\n\" data-medium-file=\"https:\/\/i0.wp.com\/www.shqiperia.com\/blog\/wp-content\/uploads\/2019\/10\/Piktori-Pjeter-Marku-ne-studio..jpg?fit=300%2C225&amp;ssl=1\" data-large-file=\"https:\/\/i0.wp.com\/www.shqiperia.com\/blog\/wp-content\/uploads\/2019\/10\/Piktori-Pjeter-Marku-ne-studio..jpg?fit=960%2C720&amp;ssl=1\" class=\" wp-image-27396\" alt=\"\" src=\"https:\/\/i0.wp.com\/www.shqiperia.com\/blog\/wp-content\/uploads\/2019\/10\/Piktori-Pjeter-Marku-ne-studio..jpg?resize=772%2C579&#038;ssl=1\" width=\"772\" height=\"579\" srcset=\"https:\/\/i0.wp.com\/www.shqiperia.com\/blog\/wp-content\/uploads\/2019\/10\/Piktori-Pjeter-Marku-ne-studio..jpg?resize=300%2C225&amp;ssl=1 300w, https:\/\/i0.wp.com\/www.shqiperia.com\/blog\/wp-content\/uploads\/2019\/10\/Piktori-Pjeter-Marku-ne-studio..jpg?resize=768%2C576&amp;ssl=1 768w, https:\/\/i0.wp.com\/www.shqiperia.com\/blog\/wp-content\/uploads\/2019\/10\/Piktori-Pjeter-Marku-ne-studio..jpg?resize=450%2C338&amp;ssl=1 450w, https:\/\/i0.wp.com\/www.shqiperia.com\/blog\/wp-content\/uploads\/2019\/10\/Piktori-Pjeter-Marku-ne-studio..jpg?resize=600%2C450&amp;ssl=1 600w, https:\/\/i0.wp.com\/www.shqiperia.com\/blog\/wp-content\/uploads\/2019\/10\/Piktori-Pjeter-Marku-ne-studio..jpg?resize=400%2C300&amp;ssl=1 400w, https:\/\/i0.wp.com\/www.shqiperia.com\/blog\/wp-content\/uploads\/2019\/10\/Piktori-Pjeter-Marku-ne-studio..jpg?w=960&amp;ssl=1 960w\" sizes=\"auto, (max-width: 772px) 100vw, 772px\" \/><p id=\"caption-attachment-27396\" class=\"wp-caption-text\">Piktori Pjeter Marku ne studio.<\/p><\/div>\n<p>Pasi mbaroi shkoll\u00ebn e mesme \u00ebndrra e tij u realizua. Fitoi t\u00eb drejt\u00ebn e studimit p\u00ebr t\u00eb vijuar n\u00eb Akademin\u00eb e Arteve, dega piktur\u00eb, pasioni p\u00ebr t\u00eb cil\u00ebn nuk i ishte shuar kurr\u00eb. Nx\u00ebn\u00ebs i urt\u00eb, i dashur, i apasionuar, krijues dhe i palodhur. Kurdoher\u00eb aktiv dhe nd\u00ebr m\u00eb t\u00eb vler\u00ebsuarit n\u00eb ekspozitat dhe aktivitetet q\u00eb organizonte Akademia. Vler\u00ebsimet p\u00ebr aktivitetin e tij dhe vepr\u00ebn artistike gjat\u00eb viteve t\u00eb paharrueshme t\u00eb studimeve nuk kan\u00eb munguar, jo vet\u00ebm nga bashk\u00ebstudent\u00ebt, por edhe nga profesor\u00ebt e tij, figura shum\u00eb t\u00eb njohura t\u00eb artit pamor. Pas studimeve t\u00eb larta em\u00ebrohet n\u00eb rrethin e Kuk\u00ebsit. Atje kryen detyra t\u00eb r\u00ebnd\u00ebsishme shtet\u00ebrore, por pa e l\u00ebn\u00eb n\u00eb harres\u00eb telajon dhe penelin. Periudha e konsiderueshme q\u00eb punoi dhe jetoi n\u00eb Kuk\u00ebs, i sh\u00ebrbeu artistit p\u00ebr t\u00eb konsoliduar sfidat e jet\u00ebs, p\u00ebr t\u00eb kalitur vullnetin dhe durimin p\u00ebr pun\u00eb dhe krijimtari. U dallua n\u00eb l\u00ebmin e krijimtaris\u00eb artistike, prandaj u zgjodh kryetar i Lidhjes s\u00eb Shkrimtar\u00ebve dhe Artist\u00ebve t\u00eb Rrethit ku nuk munguan aktivitetet artistike, promovimet, ekspozitat, jeta e gjall\u00eb artistike, bashk\u00eb me miqt\u00eb e tij t\u00eb ngusht\u00eb, Izet Duraku, Petrit Palushi dhe piktorin kuksian Hamdi Kaci. N\u00eb Kuk\u00ebs pati punuar shum\u00eb vepra, madje nga m\u00eb t\u00eb realizuarat, pati hapur nj\u00eb num\u00ebr t\u00eb konsideruar ekspozitash, t\u00eb cilat pat\u00ebn l\u00ebn\u00eb mbresa vecanta tek artdash\u00ebsit, por mjerisht shum\u00eb nga veprat e asaj periudhe kan\u00eb humbur dhe jan\u00eb d\u00ebmtuar, pasi mund\u00ebsit\u00eb p\u00ebr administrimin dhe ruajtjen e tyre ishin t\u00eb kufizuara, Nisur nga fakti se asokohe nuk siguroje dot leht\u00eb as nj\u00eb aparat fotografik, Pjetri kujton jo pa dhimbje, se p\u00ebr k\u00ebto piktura nuk ruajti dot as edhe nj\u00eb fotografi. Pas ardhjes n\u00eb Mirdit\u00eb, punon n\u00eb detyra t\u00eb ndryshme, ku u dha impuls aktiviteteve artistike dhe sportive n\u00eb qytet. Madje ngriti dhe pasuroi edhe muzeun historik dhe etnografik t\u00eb rrethit, nd\u00ebr t\u00eb rrall\u00ebt n\u00eb qarkun e Lezh\u00ebs. N\u00eb arkivin e tij artistik sot num\u00ebrohen m\u00eb shum\u00eb se 1800 vepra arti punuar n\u00eb stile dhe frym\u00eb t\u00eb ndryshme, por q\u00eb lan\u00eb mbresa t\u00eb ve\u00e7anta dhe shije artistike tek \u00e7do shikues. \u00cbsht\u00eb i konsideruesh\u00ebm numri i ekspozitave t\u00eb hapura nga piktori i njohur Pjet\u00ebr Marku dhe n\u00eb secil\u00ebn prej tyre ka patur prurje t\u00eb reja n\u00eb tematik\u00eb, stil dhe form\u00eb artistike, sepse natyra e tij prej piktori t\u00eb talentuar, ofron shum\u00eb me shijet artistike t\u00eb art\u00ebdash\u00ebsve. T\u00eb shumta jan\u00eb ekspozitat q\u00eb piktori ka hapur jasht\u00eb dhe kudo \u00ebsht\u00eb p\u00eblqyer dhe ka l\u00ebn\u00eb gjurm\u00eb n\u00eb memorjen e njer\u00ebzve t\u00eb artit. Madje nj\u00eb piktor peruan, q\u00eb kishte par\u00eb disa piktura t\u00eb tij n\u00eb kryeqytet, u shpreh me shum\u00eb emocion dhe superlative p\u00ebr krijimtarin\u00eb e piktorit Pjet\u00ebr Marku.<\/p>\n<p>Koh\u00ebt e fundit piktori ka nxjerr\u00eb nga shtypi nj\u00eb album me rreth 500 punime n\u00eb gjini dhe teknika t\u00eb ndryshme artistike. N\u00eb k\u00ebt\u00eb vep\u00ebr \u00ebsht\u00eb p\u00ebrzgjedhur krijimtaria m\u00eb e arrir\u00eb e autorit n\u00eb nj\u00eb galeri prej mijera punimesh qe disponon n\u00eb fondin e tij piktori tashm\u00eb i njohur Pjet\u00ebr Marku. Kjo vep\u00ebr mbetet unike n\u00eb llojin e vet,sepse \u00ebsht\u00eb realizuar me cil\u00ebsi dhe parametra artistik\u00eb dhe teknike mjaft t\u00eb larta.Albumi \u00ebsht\u00eb konceptuar si nj\u00eb manual q\u00eb pasqyron gjith\u00eb veprimtarin\u00eb artistike t\u00eb piktorit. Punimet n\u00eb album jan\u00eb t\u00eb ndryshme si, punime n\u00eb vaj, n\u00eb uji dhe grafik\u00eb.<\/p>\n<p>P\u00ebr realizimin e shum\u00eb punimeve, autori \u00ebsht\u00eb mb\u00ebshtetur tek realiteti, prandaj shum\u00eb vepra jan\u00eb emocionuese dhe transmetojn\u00eb tek shikuesi ndjeshm\u00ebri estetike. Nj\u00eb nga temat m\u00eb t\u00eb preferuara t\u00eb piktorit \u00ebsht\u00eb peizazhi,n\u00eb shum\u00eb prej t\u00eb cil\u00ebve, t\u00eb kujton t\u00eb mir\u00ebnjohurin Vangjush Mio, pasi personazhet e tij dallohen p\u00ebr p\u00ebrmbajtje t\u00eb thell\u00eb artistike, meditim emocionues dhe vlera komunikese. Piktori thuajs\u00eb luan me ngjyrat, \u00ebsht\u00eb mjesht\u00ebr n\u00eb shkrirjen e tyre, krijimin e nuancave dhe motivimin e kontrastit. Peizazhet e Pjet\u00ebr Markut jan\u00eb tejet emocionuese, reale dhe t\u00eb bukura, sepse edhe subjektet q\u00eb zgjedh autori jan\u00eb t\u00eb goditura, ku mbizot\u00ebron tema e fshatit, puna, jeta e p\u00ebrdit\u00ebshme q\u00eb i japin ciklit dhe albumit n\u00eb p\u00ebrgjith\u00ebsi nj\u00eb ton lirik dhe jet\u00ebsor, Kjo, p\u00ebr faktin se piktori e ka ndjer\u00eb dhe p\u00ebrjetuar bukurin\u00eb e natyr\u00ebs, jet\u00ebn e fshatit dhe veprimtarin\u00eb e p\u00ebrditshme. Kuptohet se objekt i peizazhit \u00ebsht\u00eb natyra e bukur n\u00eb malet krenare t\u00eb Mirdit\u00ebs, ku piktori ka lindur dhe \u00ebsht\u00eb rritur, prandaj peizazhi dallohet p\u00ebr koloritin e larmish\u00ebm dhe drit\u00ebn e dukshme q\u00eb t\u00eb ngjall emicione, optimiz\u00ebm dhe ndjenja tep\u00ebr pozitive.<\/p>\n<div id=\"attachment_27366\" style=\"width: 660px\" class=\"wp-caption alignnone\"><img data-recalc-dims=\"1\" loading=\"lazy\" decoding=\"async\" aria-describedby=\"caption-attachment-27366\" data-attachment-id=\"27366\" data-permalink=\"https:\/\/www.shqiperia.com\/blog\/pjeter-marku-nje-jete-ne-telajo\/piktori-pjeter-marku-2-3\/\" data-orig-file=\"https:\/\/i0.wp.com\/www.shqiperia.com\/blog\/wp-content\/uploads\/2019\/10\/Piktori-Pjeter-Marku-2-1.jpg?fit=230%2C266&amp;ssl=1\" data-orig-size=\"230,266\" data-comments-opened=\"1\" data-image-meta=\"{&quot;aperture&quot;:&quot;0&quot;,&quot;credit&quot;:&quot;&quot;,&quot;camera&quot;:&quot;&quot;,&quot;caption&quot;:&quot;&quot;,&quot;created_timestamp&quot;:&quot;0&quot;,&quot;copyright&quot;:&quot;&quot;,&quot;focal_length&quot;:&quot;0&quot;,&quot;iso&quot;:&quot;0&quot;,&quot;shutter_speed&quot;:&quot;0&quot;,&quot;title&quot;:&quot;&quot;,&quot;orientation&quot;:&quot;0&quot;}\" data-image-title=\"Piktori Pjeter Marku (2)\" data-image-description=\"\" data-image-caption=\"&lt;p&gt;Piktori Pjeter Marku&lt;\/p&gt;\n\" data-medium-file=\"https:\/\/i0.wp.com\/www.shqiperia.com\/blog\/wp-content\/uploads\/2019\/10\/Piktori-Pjeter-Marku-2-1.jpg?fit=230%2C266&amp;ssl=1\" data-large-file=\"https:\/\/i0.wp.com\/www.shqiperia.com\/blog\/wp-content\/uploads\/2019\/10\/Piktori-Pjeter-Marku-2-1.jpg?fit=230%2C266&amp;ssl=1\" class=\" wp-image-27366\" alt=\"\" src=\"https:\/\/i0.wp.com\/www.shqiperia.com\/blog\/wp-content\/uploads\/2019\/10\/Piktori-Pjeter-Marku-2-1.jpg?resize=650%2C752&#038;ssl=1\" width=\"650\" height=\"752\" \/><p id=\"caption-attachment-27366\" class=\"wp-caption-text\">Piktori Pjeter Marku<\/p><\/div>\n<p>Portreti z\u00eb vend t\u00eb duksh\u00ebm n\u00eb album. Piktori Pjet\u00ebr Marku ka gdhendur n\u00eb telajo mjaft portrete mal\u00ebsor\u00ebsh nga Mirdita, q\u00eb dallohen p\u00ebr forc\u00ebn e karakterit, vullnetin dhe besimin n\u00eb vetvete. Shumica e portreteve jan\u00eb punuar me dashuri, me ndjenj\u00eb dhe mjesht\u00ebri profesionale. Autori e p\u00ebrq\u00ebndron v\u00ebmendjen tek njeriu, karakteri dhe personaliteti i tij, duke e zb\u00ebrthyer at\u00eb n\u00eb art dhe duke e p\u00ebrjet\u00ebsuar at\u00eb n\u00eb telajo, duke nxjerr\u00eb n\u00eb pah mendimin e thell\u00eb dhe p\u00ebrjetimet e pasura shpirt\u00ebrore dhe artistike. N\u00eb p\u00ebrgjith\u00ebsi portretet kan\u00eb paraqitje artistike monumentale dhe krijojn\u00eb vizion artistik real, mb\u00ebshtetur n\u00eb tiparet m\u00eb t\u00eb q\u00ebn\u00ebsishme njer\u00ebzore t\u00eb mirditorit. Gjen aty portrete t\u00eb moshave dhe profesioneve t\u00eb ndryshme q\u00eb dallojn\u00eb p\u00ebr skalitjen artistike t\u00eb tipave njer\u00ebzor\u00eb t\u00eb dit\u00ebve tona, q\u00eb p\u00ebrmes nj\u00eb kompozimi artistik me penelata t\u00eb mesme, tone t\u00eb ngrohta dhe vizatime me shije dhe sakt\u00ebsi t\u00eb admirueshme pasqyrohen realisht dhe marrin vlera monumentale. Natyrisht, k\u00ebto portrete si t\u00ebr\u00eb krijimtaria artistike e piktorit Pjet\u00ebr Marku jan\u00eb shprehje e pun\u00ebs dhe p\u00ebrpjekjeve t\u00eb tij q\u00eb lindin si rezultat i k\u00ebrkimeve dhe talentit t\u00eb padiskutuesh\u00ebm t\u00eb piktorit, q\u00eb t\u00eb plazmuara me ndjenj\u00ebn artistike, meditimet filozofike, mendimin demokratik, krijuan k\u00ebt\u00eb galeri veprash q\u00eb jan\u00eb nj\u00eb pasuri tep\u00ebr e vyer n\u00eb fondin e kultur\u00ebs son\u00eb komb\u00ebtare dhe artsitike.<\/p>\n<p>N\u00eb krijimtarin\u00eb e tij, piktori Pjet\u00ebr Marku ka shprehur ndjenjat e tij emocionale prej nj\u00eb artisti t\u00eb v\u00ebrtet\u00eb q\u00eb t\u00ebr\u00eb jet\u00ebn luftoi me v\u00ebshtir\u00ebsit\u00eb, p\u00ebrjetoi g\u00ebzime, hidh\u00ebrime, pun\u00eb, sakrifica p\u00ebr t\u00eb mposhtur v\u00ebshtir\u00ebsit\u00eb dhe p\u00ebr t\u00eb ecur p\u00ebrpara dhe kjo krijimtari e begat\u00eb, diti t\u00eb thith\u00eb n\u00eb m\u00ebnyr\u00eb artistike\u00a0 p\u00ebrmes penelit mjeshtror, ndjenjat jet\u00ebsore t\u00eb mas\u00ebs,t\u00eb popullit,q\u00eb artisti e p\u00ebrjet\u00ebsoi n\u00eb telajo. Peizazhet,q\u00eb p\u00ebrb\u00ebjn\u00eb l\u00ebnd\u00ebn dominuese n\u00eb k\u00ebt\u00eb album,dallohen p\u00ebr koloritin,q\u00eb \u00ebsht\u00eb elementi kryesor shpreh\u00ebs ekspresiv. Bien n\u00eb sy vepra t\u00eb tilla si \u201cUra e Vash\u00ebs\u201d, \u201cGjallica\u201d, \u201cSh\u00ebngjini\u201d, \u201cKuk\u00ebsi\u201d, \u201cN\u00eb Zmej\u00eb\u201d, \u201cLugina e Fanit\u201d etj,ku autori me an\u00eb t\u00eb interpretimit individual artistik, u jep peizazheve freski dhe pamje origjinale. P\u00ebrfytytrimi i shtrir\u00eb i hap\u00ebsir\u00ebs,me ngjyra t\u00eb \u00ebmbla dhe t\u00eb fresk\u00ebta duket qartazi edhe tek veprat \u201cMali i that\u00eb\u201d, \u201cKod\u00ebr Rr\u00ebshen\u201d, \u201cPranver\u00eb n\u00eb lagjen time\u201d, \u201cQendra e Fanit\u201d, \u201cGuri i nuses\u201d ,t\u00eb ngjallin emocion sepse n\u00ebnvizimi i formave p\u00ebrmasore,b\u00ebhet q\u00eb v\u00ebllimi i tyre t\u00eb vler\u00ebsohet n\u00eb l\u00ebvizje.K\u00ebt\u00eb funksion artistic ka edhe p\u00ebrdorimi i kursyer i ngjyrave duke u dh\u00ebn\u00eb tablove vlera t\u00eb ve\u00e7anta artistike, nd\u00ebrsa tek tabloja \u201cDim\u00ebr n\u00eb Orosh\u201d, ideja se forca e njeriut mposht natyr\u00ebn, del mjaft e qarte. T\u00eb shumta jan\u00eb portretet n\u00eb album,t\u00eb cilat autori i punon me dashuri dhe mjesht\u00ebri artistike. Ngjyrat,format,hap\u00ebsira,i p\u00ebrjet\u00ebson ata n\u00eb faqet e k\u00ebsaj vepre p\u00ebr ti b\u00ebr\u00eb t\u00eb pavdekshme. Nisur nga heroi Ded\u00eb Gjoluli, bajraktari Preng Marka Prenga, Zefi i Vog\u00ebl, Gjeneral Marin Shpani, Gjok\u00eb Dod\u00eb Lleshi, Preng Markola etj, jepen me nota heroike, ku atmosfera me kalim tonesh delikate her\u00eb t\u00eb ngrohta dhe her\u00eb t\u00eb ftohta, i p\u00ebrgjigjet m\u00eb s\u00eb miri gjendjes s\u00eb tyre shpirt\u00ebrore. Koloritin e zakonsh\u00ebm me tone intensive piktori e p\u00ebrdor edhe tek tablot \u201cNuse mirditore\u201d, \u201cNan\u00eb Gjela\u201d, \u201cVajtemorja\u201d, \u201cKosovari\u201d, \u201cMirditorja\u201d etj, qe p\u00ebrshkohen nga meditimi \u00ebnd\u00ebrrimtar q\u00eb jepet p\u00ebrmes ngjyrave ku spikat dominimi p\u00ebrmes intenstitetit t\u00eb ngjyrave, nd\u00ebrsa tek portreti i poetit Ndoc Gjetja, autori derdh gjith\u00eb ndjenjat dhe talentin e tij, duke na dh\u00ebn\u00eb nj\u00eb portret t\u00eb bukur, me bot\u00eb t\u00eb brendshme shpirt\u00ebrore dhe psikologjike t\u00eb pasur dhe plot frym\u00ebzim.<\/p>\n<div id=\"attachment_27367\" style=\"width: 771px\" class=\"wp-caption alignnone\"><img data-recalc-dims=\"1\" loading=\"lazy\" decoding=\"async\" aria-describedby=\"caption-attachment-27367\" data-attachment-id=\"27367\" data-permalink=\"https:\/\/www.shqiperia.com\/blog\/pjeter-marku-nje-jete-ne-telajo\/autor-pjeter-marku-2\/\" data-orig-file=\"https:\/\/i0.wp.com\/www.shqiperia.com\/blog\/wp-content\/uploads\/2019\/10\/Autor-Pjeter-Marku-1.jpg?fit=1218%2C641&amp;ssl=1\" data-orig-size=\"1218,641\" data-comments-opened=\"1\" data-image-meta=\"{&quot;aperture&quot;:&quot;0&quot;,&quot;credit&quot;:&quot;&quot;,&quot;camera&quot;:&quot;&quot;,&quot;caption&quot;:&quot;&quot;,&quot;created_timestamp&quot;:&quot;0&quot;,&quot;copyright&quot;:&quot;&quot;,&quot;focal_length&quot;:&quot;0&quot;,&quot;iso&quot;:&quot;0&quot;,&quot;shutter_speed&quot;:&quot;0&quot;,&quot;title&quot;:&quot;&quot;,&quot;orientation&quot;:&quot;0&quot;}\" data-image-title=\"Autor Pjeter Marku\" data-image-description=\"\" data-image-caption=\"&lt;p&gt;Piktori Pjeter Marku &lt;\/p&gt;\n\" data-medium-file=\"https:\/\/i0.wp.com\/www.shqiperia.com\/blog\/wp-content\/uploads\/2019\/10\/Autor-Pjeter-Marku-1.jpg?fit=300%2C158&amp;ssl=1\" data-large-file=\"https:\/\/i0.wp.com\/www.shqiperia.com\/blog\/wp-content\/uploads\/2019\/10\/Autor-Pjeter-Marku-1.jpg?fit=1024%2C539&amp;ssl=1\" class=\" wp-image-27367\" alt=\"\" src=\"https:\/\/i0.wp.com\/www.shqiperia.com\/blog\/wp-content\/uploads\/2019\/10\/Autor-Pjeter-Marku-1.jpg?resize=761%2C401&#038;ssl=1\" width=\"761\" height=\"401\" srcset=\"https:\/\/i0.wp.com\/www.shqiperia.com\/blog\/wp-content\/uploads\/2019\/10\/Autor-Pjeter-Marku-1.jpg?resize=300%2C158&amp;ssl=1 300w, https:\/\/i0.wp.com\/www.shqiperia.com\/blog\/wp-content\/uploads\/2019\/10\/Autor-Pjeter-Marku-1.jpg?resize=768%2C404&amp;ssl=1 768w, https:\/\/i0.wp.com\/www.shqiperia.com\/blog\/wp-content\/uploads\/2019\/10\/Autor-Pjeter-Marku-1.jpg?resize=1024%2C539&amp;ssl=1 1024w, https:\/\/i0.wp.com\/www.shqiperia.com\/blog\/wp-content\/uploads\/2019\/10\/Autor-Pjeter-Marku-1.jpg?resize=450%2C237&amp;ssl=1 450w, https:\/\/i0.wp.com\/www.shqiperia.com\/blog\/wp-content\/uploads\/2019\/10\/Autor-Pjeter-Marku-1.jpg?resize=600%2C316&amp;ssl=1 600w, https:\/\/i0.wp.com\/www.shqiperia.com\/blog\/wp-content\/uploads\/2019\/10\/Autor-Pjeter-Marku-1.jpg?resize=400%2C211&amp;ssl=1 400w, https:\/\/i0.wp.com\/www.shqiperia.com\/blog\/wp-content\/uploads\/2019\/10\/Autor-Pjeter-Marku-1.jpg?w=1218&amp;ssl=1 1218w\" sizes=\"auto, (max-width: 761px) 100vw, 761px\" \/><p id=\"caption-attachment-27367\" class=\"wp-caption-text\">Piktori Pjeter Marku<\/p><\/div>\n<p>Interes t\u00eb ve\u00e7ant\u00eb paraqet edhe cikli \u201cKullat\u201d, ku autori p\u00ebrmes tyre, si objekte tradicionale, k\u00ebshtjella t\u00eb lashta t\u00eb malsis\u00eb son\u00eb, paraqet nj\u00ebher\u00ebsh historin\u00eb dhe tradit\u00ebn ton\u00eb. Kullat kan\u00eb sh\u00ebrbyer si fort\u00ebsa n\u00eb koh\u00eb lufte, kan\u00eb sh\u00ebrbyer p\u00ebr mbrotje nga armiq t\u00eb ndrysh\u00ebm dhe kan\u00eb luajtur rol vendimtar n\u00eb raste gjakmarrjesh. N\u00eb Mirdit\u00eb ata jan\u00eb tipike, prandaj edhe t\u00ebrheqin v\u00ebmendjen. Piktori i njohur Pjet\u00ebr Marku, ka skicuar me penelin e tij disa prej tyre, duke pasqyruar k\u00ebshtu realitetin historik dhe duke edukuar tek shikuesi krenarin\u00eb komb\u00ebtare. E vecant\u00eb \u00ebsht\u00eb tabloja \u201cKulla ime\u201d, ku autori sjell p\u00ebrfytyrimin e sht\u00ebpis\u00eb ku ka banuar vite m\u00eb pare n\u00eb nj\u00eb stil vetiak e me frym\u00eb komb\u00ebtare, duke i kthyer k\u00ebto objekte fortifikuese n\u00eb simbole herioizmi. M\u00ebnyra realiste e t\u00eb konceptuarit t\u00eb kull\u00ebs, drita, ngjyra, evokojn\u00eb ngjarje familjare n\u00eb intimitetin e kompleksit t\u00eb nd\u00ebrtesave dhe oborrit t\u00eb kull\u00ebs mirditore. \u00cbsht\u00eb ky kompozim q\u00eb e b\u00ebn autorin t\u00eb ndjehet krenar, p\u00ebr k\u00ebt\u00eb fortes\u00eb, atje n\u00eb lart\u00ebsin\u00eb e maleve kur jetonte n\u00eb familjen e madhe. Motive t\u00eb ve\u00e7anta dhe larmi dekorative ngjyrash p\u00ebrdor piktori edhe tek tablot\u00eb \u201cKull\u00eb n\u00eb Mirdit\u00eb\u201d, \u201cKullat e Matit\u201d apo \u201cKulla n\u00eb Mat\u201d, t\u00eb cilat jepen m\u00eb realiz\u00ebm, gdhenden n\u00eb koh\u00eb dhe me tipare tradicionale dhe historike.<\/p>\n<p>Cikli i grafikave, skicave dhe vizatimeve mbyll albumin me shum\u00eb vlera t\u00eb piktorit t\u00eb njohur Pjet\u00ebr Marku. Krijime t\u00eb bukura, me ndjeshm\u00ebri artistike, mendim t\u00eb thell\u00eb dhe nivel mjesht\u00ebror. Madje karakteri sintetik q\u00eb mbizot\u00ebron tek ky num\u00ebr i madh krijimesh, d\u00ebshmon p\u00ebr fantazi krijuese dhe krijimtari dinamike. N\u00eb k\u00ebto krijime t\u00eb bukura dominon thjesht\u00ebsia, por dallohen edhe p\u00ebr ekspresivitetin artistik. Ndonse dominojn\u00eb portretet n\u00eb k\u00ebt\u00eb cik\u00ebl, nuk mungojn\u00eb edhe pamje nga jeta e p\u00ebrditshme, q\u00eb transmetojn\u00eb tek masa fragmenete t\u00eb jet\u00ebs s\u00eb gjall\u00eb, burim i frym\u00ebzimit t\u00eb autorit drejtp\u00ebrdrejt nga mjedisi ku jeton. Ne k\u00ebto grafika, skica dhe vizatime pasqyrohen arritjet m\u00eb t\u00eb mira t\u00eb piktorit dhe dallohet prirja p\u00ebr t\u00eb m\u00ebnjanuar rutin\u00ebn dhe shabllonizmin duke nxjerr\u00eb gjithnj\u00eb e m\u00eb shum\u00eb n\u00eb pah pjekurin\u00eb artistike t\u00eb piktorit n\u00eb k\u00ebt\u00eb disiplin\u00eb.<\/p>\n<p>Albumi \u00ebsht\u00eb arritja m\u00eb e r\u00ebnd\u00ebsishme e autorit, sepse gjith\u00eb krijimtaria e tij artistike sintetizohet n\u00eb faqet e tij, tablot t\u00ebrheqin v\u00ebmendjen p\u00ebr nivelin e lart\u00eb artistik dhe prirjet e v\u00ebrteta etike dhe estetike t\u00eb punimeve. T\u00eb t\u00ebrheq v\u00ebmendjen vler\u00ebsimi i dy piktor\u00ebve t\u00eb njohur nga Kosova, t\u00eb cil\u00ebt e vler\u00ebsojn\u00eb me superlativa vepr\u00ebn. Piktori Idriz Berisha: \u201c\u2026Marku tashm\u00eb ka krijuar tashm\u00eb profilin e tij t\u00eb ve\u00e7ant\u00eb si portretist dhe piezazhist, i frym\u00ebzuar nga trajtat e pafundme natyrore t\u00eb vendlindjes s\u00eb tij Mirdit\u00eb, nga etnosi dhe bota shpirt\u00ebrore e psikoetnologjis\u00eb shqiptare, t\u00eb portretit t\u00eb \u00ebmb\u00ebl, por edhe t\u00eb ashp\u00ebr t\u00eb k\u00ebtyre an\u00ebve\u2026\u201d, nd\u00ebrsa Mr. Demush Avdimataj shprehet: \u201cKarakteristik\u00eb e k\u00ebtij krijuesi \u00ebsht\u00eb se me gjith\u00eb krijimet e tij si peizazhi, portreti dhe natyra e qet\u00eb, p\u00ebrmban paraqitje ambjenti, ngjyr\u00eb t\u00eb fuqishme, kompozim drite, ngjarje me kreativitet funksional e shprehje individuale&#8230;\u201d<\/p>\n<p>Piktori i talentuar Pjet\u00ebr Marku, z\u00eb nj\u00eb vend t\u00eb merituar n\u00eb radh\u00ebn e krijuesve m\u00eb t\u00eb mir\u00eb t\u00eb arteve t\u00eb bukura, sepse me pasion dhe shpirt krijues, na ka dhuruar mjaft vepra t\u00eb bukura, q\u00eb padyshim do t\u00eb hyjn\u00eb me dinjitet n\u00eb fondin e art\u00eb t\u00eb piktur\u00ebs son\u00eb.<\/p>\n<p>m.v.\/Shqiptarja.com<\/p>\n","protected":false},"excerpt":{"rendered":"<p>Pjet\u00ebr Marku, nj\u00eb jet\u00eb n\u00eb telajo. Ky piktor shum\u00ebdimensional i shkoll\u00ebs s\u00eb realizmit \u00ebsht\u00eb nj\u00eb nx\u00ebn\u00ebs i shk\u00eblqyer i mjesht\u00ebrve Guri Madhi, Foto Stomo, Sk\u00ebnder Kamberi, Vangjush Mio, Kujtim Buza dhe vazhdues i tradit\u00ebs s\u00eb tyre. Nostalgjik i Rembrandit apo i Van Gogut, ai tashm\u00eb ka krijuar shkoll\u00ebn e tij artistike, t\u00eb njohur p\u00ebr stilimin, [&hellip;]<\/p>\n","protected":false},"author":9,"featured_media":27364,"comment_status":"open","ping_status":"open","sticky":false,"template":"","format":"standard","meta":{"jetpack_post_was_ever_published":false,"_jetpack_newsletter_access":"","_jetpack_dont_email_post_to_subs":false,"_jetpack_newsletter_tier_id":0,"_jetpack_memberships_contains_paywalled_content":false,"_jetpack_memberships_contains_paid_content":false,"footnotes":"","jetpack_publicize_message":"","jetpack_publicize_feature_enabled":true,"jetpack_social_post_already_shared":true,"jetpack_social_options":{"image_generator_settings":{"template":"highway","default_image_id":0,"font":"","enabled":false},"version":2}},"categories":[87,27,10],"tags":[],"class_list":["post-27363","post","type-post","status-publish","format-standard","has-post-thumbnail","hentry","category-arte","category-blogu-i-udhetarit","category-kultura"],"jetpack_publicize_connections":[],"jetpack_featured_media_url":"https:\/\/i0.wp.com\/www.shqiperia.com\/blog\/wp-content\/uploads\/2019\/10\/Autor-Pjeter-Marku.jpg?fit=1218%2C641&ssl=1","jetpack_sharing_enabled":true,"jetpack_shortlink":"https:\/\/wp.me\/p5Z6wp-77l","jetpack-related-posts":[{"id":8842,"url":"https:\/\/www.shqiperia.com\/blog\/ekspozite-pikture-nje-dite-para-ditelindjes-me-piktorin-mirditas-pjeter-marku\/","url_meta":{"origin":27363,"position":0},"title":"Ekspozit\u00eb pikture nj\u00eb dit\u00eb para dit\u00eblindjes\u2026.-Me piktorin mirditas Pjet\u00ebr Marku-","author":"Kurt Farka","date":"June 19, 2018","format":false,"excerpt":"Ekspozit\u00eb pikture nj\u00eb dit\u00eb para dit\u00eblindjes\u2026.-Me piktorin mirditas Pjet\u00ebr Marku- -Nga Martin DEDAJ- Piktori mirditas 71-vje\u00e7ari Pjet\u00ebr Marku i \u00ebsht\u00eb rikthyer p\u00ebrs\u00ebri Lezh\u00ebs, teksa dit\u00eb m\u00eb par\u00eb (23 Mars 2018) n\u00eb Galerin\u00eb e Arteve t\u00eb k\u00ebtij qyteti, n\u00eb pranin\u00eb e shum\u00eb njer\u00ebzve t\u00eb artit dhe kultur\u00ebs, intelektual\u00eb e p\u00ebrfaq\u00ebsues t\u00eb\u2026","rel":"","context":"In &quot;Arte&quot;","block_context":{"text":"Arte","link":"https:\/\/www.shqiperia.com\/blog\/category\/arte\/"},"img":{"alt_text":"","src":"https:\/\/i0.wp.com\/www.shqiperia.com\/blog\/wp-content\/uploads\/2018\/06\/piktori-Pjeter-Marku.jpg?fit=1006%2C516&ssl=1&resize=350%2C200","width":350,"height":200,"srcset":"https:\/\/i0.wp.com\/www.shqiperia.com\/blog\/wp-content\/uploads\/2018\/06\/piktori-Pjeter-Marku.jpg?fit=1006%2C516&ssl=1&resize=350%2C200 1x, https:\/\/i0.wp.com\/www.shqiperia.com\/blog\/wp-content\/uploads\/2018\/06\/piktori-Pjeter-Marku.jpg?fit=1006%2C516&ssl=1&resize=525%2C300 1.5x, https:\/\/i0.wp.com\/www.shqiperia.com\/blog\/wp-content\/uploads\/2018\/06\/piktori-Pjeter-Marku.jpg?fit=1006%2C516&ssl=1&resize=700%2C400 2x"},"classes":[]},{"id":26819,"url":"https:\/\/www.shqiperia.com\/blog\/tre-breza-piktoresh-margariti-premton-muze-per-familjen-buza\/","url_meta":{"origin":27363,"position":1},"title":"Tre breza piktor\u00ebsh, &#8211; Margariti premton muze p\u00ebr familjen Buza","author":"Kurt Farka","date":"October 10, 2019","format":false,"excerpt":"Tre breza piktor\u00ebsh, - Margariti premton muze p\u00ebr familjen Buza Do t\u00eb kthehet n\u00eb muze studioja e Abdyrrahim Buz\u00ebs, themeluesit t\u00eb shkoll\u00ebs s\u00eb par\u00eb t\u00eb vizatimit n\u00eb Tiran\u00eb n\u00eb vitin 1933. Ka l\u00ebn\u00eb pas nj\u00eb fond t\u00eb pasur me rreth 500 vepra. Ministrja e Kultur\u00ebs, Elva Margariti, n\u00eb studion e\u2026","rel":"","context":"In &quot;Arte&quot;","block_context":{"text":"Arte","link":"https:\/\/www.shqiperia.com\/blog\/category\/arte\/"},"img":{"alt_text":"","src":"https:\/\/i0.wp.com\/www.shqiperia.com\/blog\/wp-content\/uploads\/2019\/10\/1570085218_12-Copy.jpg?resize=350%2C200&ssl=1","width":350,"height":200},"classes":[]},{"id":51829,"url":"https:\/\/www.shqiperia.com\/blog\/portret-artisti-skender-kamberi\/","url_meta":{"origin":27363,"position":2},"title":"Portret Artisti: Sk\u00ebnder Kamberi","author":"Kurt Farka","date":"November 29, 2021","format":false,"excerpt":"Portret Artisti: Sk\u00ebnder Kamberi Nga Ylli Drishti Sk\u00ebnder Kamberi (Vlor\u00eb 02.02.1939) Piktor. Sk\u00ebnder Kamberi \u00ebsht\u00eb nj\u00eb nga piktor\u00ebt shqiptar\u00eb m\u00eb t\u00eb r\u00ebnd\u00ebsish\u00ebm t\u00eb shekullit XX. Ai ka\u00a0 lindur n\u00eb qytetin e Vlor\u00ebs n\u00eb prag t\u00eb luft\u00ebs s\u00eb dyt\u00eb bot\u00ebrore (1939). Artisti pasi kryeu n\u00eb Tiran\u00eb Liceun Artistik \u201cJordan Misja\u201d dhe\u2026","rel":"","context":"In &quot;Arte&quot;","block_context":{"text":"Arte","link":"https:\/\/www.shqiperia.com\/blog\/category\/arte\/"},"img":{"alt_text":"","src":"https:\/\/i0.wp.com\/www.shqiperia.com\/blog\/wp-content\/uploads\/2021\/11\/Skender-Kamberi.jpg?fit=1024%2C576&ssl=1&resize=350%2C200","width":350,"height":200,"srcset":"https:\/\/i0.wp.com\/www.shqiperia.com\/blog\/wp-content\/uploads\/2021\/11\/Skender-Kamberi.jpg?fit=1024%2C576&ssl=1&resize=350%2C200 1x, https:\/\/i0.wp.com\/www.shqiperia.com\/blog\/wp-content\/uploads\/2021\/11\/Skender-Kamberi.jpg?fit=1024%2C576&ssl=1&resize=525%2C300 1.5x, https:\/\/i0.wp.com\/www.shqiperia.com\/blog\/wp-content\/uploads\/2021\/11\/Skender-Kamberi.jpg?fit=1024%2C576&ssl=1&resize=700%2C400 2x"},"classes":[]},{"id":8198,"url":"https:\/\/www.shqiperia.com\/blog\/ferdinant-paci-piktor-shkodran\/","url_meta":{"origin":27363,"position":3},"title":"Ferdinant Paci-Piktor Shkodran. &#8211;","author":"Kurt Farka","date":"June 1, 2018","format":false,"excerpt":"Ferdinant Paci-Piktor Shkodran. - E pse jetoi shum\u00eb pak, Ferdinand Paci ka l\u00ebn\u00eb pas nj\u00eb koleksion t\u00eb jasht\u00ebzakonsh\u00ebm tablosh, duke u b\u00ebr\u00eb nj\u00eb prej artist\u00ebve shqiptar\u00eb m\u00eb t\u00eb r\u00ebnd\u00ebsish\u00ebm t\u00eb gjysm\u00ebs s\u00eb dyt\u00eb shekullit t\u00eb XX-t\u00eb. \u201dKooperativistja\u201d tabloja ku gruaja ka veshur nj\u00eb bluz\u00eb t\u00eb kuqe \u00ebsht\u00eb vet\u00ebm nj\u00eb nga\u2026","rel":"","context":"In &quot;Arte&quot;","block_context":{"text":"Arte","link":"https:\/\/www.shqiperia.com\/blog\/category\/arte\/"},"img":{"alt_text":"","src":"https:\/\/i0.wp.com\/www.shqiperia.com\/blog\/wp-content\/uploads\/2018\/06\/Ferdinand-Paci.jpg?fit=489%2C295&ssl=1&resize=350%2C200","width":350,"height":200},"classes":[]},{"id":10870,"url":"https:\/\/www.shqiperia.com\/blog\/vangjush-mio-piktor-i-madh-shqiptar-i-tradites-figurative\/","url_meta":{"origin":27363,"position":4},"title":"Vangjush Mio, piktor i madh shqiptar i tradit\u00ebs figurative. &#8211;","author":"Kurt Farka","date":"August 22, 2018","format":false,"excerpt":"Vangjush Mio, piktor i madh shqiptar i tradit\u00ebs figurative. - Moikom \u00a0Zeqo Peizazhi i fundit,- dicka testamentale Peizazhi i fundit \u00a0Vangjush \u00a0Mios (3 mars 1891-30 dhjetor\u00a0 1957 ) \u00a0\u00ebsht\u00eb nj\u00eb pamje (pejsazh ) nga qyteti i lasht\u00eb i Beratit e i k\u00ebshtjell\u00ebs s\u00eb tij historike. Berati i 1001 Dritareve !\u2026","rel":"","context":"In &quot;Arte&quot;","block_context":{"text":"Arte","link":"https:\/\/www.shqiperia.com\/blog\/category\/arte\/"},"img":{"alt_text":"","src":"https:\/\/i0.wp.com\/www.shqiperia.com\/blog\/wp-content\/uploads\/2018\/08\/Malet_e_Morav%C3%ABs_nga_Vangjush_Mio.jpg?resize=350%2C200","width":350,"height":200},"classes":[]},{"id":14035,"url":"https:\/\/www.shqiperia.com\/blog\/pjeter-marku-ekspozite-pikture-ne-natyre-rreshen\/","url_meta":{"origin":27363,"position":5},"title":"Pjeter Marku-Ekspozite pikture ne natyre, Rreshen. &#8211;","author":"Kurt Farka","date":"November 23, 2018","format":false,"excerpt":"Pjeter Marku-Ekspozite pikture ne natyre, Rreshen. - Hapja e nje ekspozite ne sheshin e qytetit eshte demonstrim kulturor eshte nje menyre ndryshe komunikimi me njerezit me te thjeshte, dhe jo nje karshillek sic rebelohet ndonjeri perballe.","rel":"","context":"In &quot;Arte&quot;","block_context":{"text":"Arte","link":"https:\/\/www.shqiperia.com\/blog\/category\/arte\/"},"img":{"alt_text":"","src":"https:\/\/i0.wp.com\/www.shqiperia.com\/blog\/wp-content\/uploads\/2018\/11\/Pjeter-Marku-3-Copy.jpg?fit=808%2C429&ssl=1&resize=350%2C200","width":350,"height":200,"srcset":"https:\/\/i0.wp.com\/www.shqiperia.com\/blog\/wp-content\/uploads\/2018\/11\/Pjeter-Marku-3-Copy.jpg?fit=808%2C429&ssl=1&resize=350%2C200 1x, https:\/\/i0.wp.com\/www.shqiperia.com\/blog\/wp-content\/uploads\/2018\/11\/Pjeter-Marku-3-Copy.jpg?fit=808%2C429&ssl=1&resize=525%2C300 1.5x, https:\/\/i0.wp.com\/www.shqiperia.com\/blog\/wp-content\/uploads\/2018\/11\/Pjeter-Marku-3-Copy.jpg?fit=808%2C429&ssl=1&resize=700%2C400 2x"},"classes":[]}],"_links":{"self":[{"href":"https:\/\/www.shqiperia.com\/blog\/wp-json\/wp\/v2\/posts\/27363","targetHints":{"allow":["GET"]}}],"collection":[{"href":"https:\/\/www.shqiperia.com\/blog\/wp-json\/wp\/v2\/posts"}],"about":[{"href":"https:\/\/www.shqiperia.com\/blog\/wp-json\/wp\/v2\/types\/post"}],"author":[{"embeddable":true,"href":"https:\/\/www.shqiperia.com\/blog\/wp-json\/wp\/v2\/users\/9"}],"replies":[{"embeddable":true,"href":"https:\/\/www.shqiperia.com\/blog\/wp-json\/wp\/v2\/comments?post=27363"}],"version-history":[{"count":2,"href":"https:\/\/www.shqiperia.com\/blog\/wp-json\/wp\/v2\/posts\/27363\/revisions"}],"predecessor-version":[{"id":27397,"href":"https:\/\/www.shqiperia.com\/blog\/wp-json\/wp\/v2\/posts\/27363\/revisions\/27397"}],"wp:featuredmedia":[{"embeddable":true,"href":"https:\/\/www.shqiperia.com\/blog\/wp-json\/wp\/v2\/media\/27364"}],"wp:attachment":[{"href":"https:\/\/www.shqiperia.com\/blog\/wp-json\/wp\/v2\/media?parent=27363"}],"wp:term":[{"taxonomy":"category","embeddable":true,"href":"https:\/\/www.shqiperia.com\/blog\/wp-json\/wp\/v2\/categories?post=27363"},{"taxonomy":"post_tag","embeddable":true,"href":"https:\/\/www.shqiperia.com\/blog\/wp-json\/wp\/v2\/tags?post=27363"}],"curies":[{"name":"wp","href":"https:\/\/api.w.org\/{rel}","templated":true}]}}