{"id":27360,"date":"2019-10-27T12:41:30","date_gmt":"2019-10-27T12:41:30","guid":{"rendered":"https:\/\/www.shqiperia.com\/blog\/?p=27360"},"modified":"2019-10-27T12:41:30","modified_gmt":"2019-10-27T12:41:30","slug":"berisha-flet-per-albin-kurtin-eshte-kafshe-politike-njeri-me","status":"publish","type":"post","link":"https:\/\/www.shqiperia.com\/blog\/berisha-flet-per-albin-kurtin-eshte-kafshe-politike-njeri-me\/","title":{"rendered":"Berisha flet p\u00ebr Albin Kurtin: Esht\u00eb \u201ckafsh\u00eb politike\u201d, njeri me\u2026\u201d"},"content":{"rendered":"<p><img data-recalc-dims=\"1\" loading=\"lazy\" decoding=\"async\" data-attachment-id=\"27361\" data-permalink=\"https:\/\/www.shqiperia.com\/blog\/berisha-flet-per-albin-kurtin-eshte-kafshe-politike-njeri-me\/berisha-albin-kurti\/\" data-orig-file=\"https:\/\/i0.wp.com\/www.shqiperia.com\/blog\/wp-content\/uploads\/2019\/10\/Berisha-Albin-Kurti.png?fit=600%2C360&amp;ssl=1\" data-orig-size=\"600,360\" data-comments-opened=\"1\" data-image-meta=\"{&quot;aperture&quot;:&quot;0&quot;,&quot;credit&quot;:&quot;&quot;,&quot;camera&quot;:&quot;&quot;,&quot;caption&quot;:&quot;&quot;,&quot;created_timestamp&quot;:&quot;0&quot;,&quot;copyright&quot;:&quot;&quot;,&quot;focal_length&quot;:&quot;0&quot;,&quot;iso&quot;:&quot;0&quot;,&quot;shutter_speed&quot;:&quot;0&quot;,&quot;title&quot;:&quot;&quot;,&quot;orientation&quot;:&quot;0&quot;}\" data-image-title=\"Berisha Albin Kurti\" data-image-description=\"\" data-image-caption=\"\" data-medium-file=\"https:\/\/i0.wp.com\/www.shqiperia.com\/blog\/wp-content\/uploads\/2019\/10\/Berisha-Albin-Kurti.png?fit=300%2C180&amp;ssl=1\" data-large-file=\"https:\/\/i0.wp.com\/www.shqiperia.com\/blog\/wp-content\/uploads\/2019\/10\/Berisha-Albin-Kurti.png?fit=600%2C360&amp;ssl=1\" class=\"alignnone  wp-image-27361\" alt=\"\" src=\"https:\/\/i0.wp.com\/www.shqiperia.com\/blog\/wp-content\/uploads\/2019\/10\/Berisha-Albin-Kurti.png?resize=590%2C354&#038;ssl=1\" width=\"590\" height=\"354\" srcset=\"https:\/\/i0.wp.com\/www.shqiperia.com\/blog\/wp-content\/uploads\/2019\/10\/Berisha-Albin-Kurti.png?resize=300%2C180&amp;ssl=1 300w, https:\/\/i0.wp.com\/www.shqiperia.com\/blog\/wp-content\/uploads\/2019\/10\/Berisha-Albin-Kurti.png?w=600&amp;ssl=1 600w, https:\/\/i0.wp.com\/www.shqiperia.com\/blog\/wp-content\/uploads\/2019\/10\/Berisha-Albin-Kurti.png?resize=450%2C270&amp;ssl=1 450w, https:\/\/i0.wp.com\/www.shqiperia.com\/blog\/wp-content\/uploads\/2019\/10\/Berisha-Albin-Kurti.png?resize=400%2C240&amp;ssl=1 400w\" sizes=\"auto, (max-width: 590px) 100vw, 590px\" \/><\/p>\n<p>Berisha flet p\u00ebr Albin Kurtin: Esht\u00eb \u201ckafsh\u00eb politike\u201d, njeri me\u2026\u201d<\/p>\n<p>25 tetor 2019<\/p>\n<p>Mbr\u00ebmjen e sotme n\u00eb emisionin \u201cZon\u00eb e Lir\u00eb\u201d \u00ebsht\u00eb i ftuar Sali Berisha, i cili ka folur p\u00ebr marr\u00ebdh\u00ebnien q\u00eb ka me kreun e Vet\u00ebvendosjes, Albin Kurtin.<\/p>\n<p>\u201cUn\u00eb mendoj se n\u00eb sked\u00ebn politike shqiptare Albin Kurti \u00ebsht\u00eb nj\u00eb politikan me nj\u00eb fib\u00ebr t\u00eb fort\u00eb politike. Po t\u00eb p\u00ebrdorim nj\u00eb shprehje t\u00eb huaj, \u00ebsht\u00eb \u201ckafsh\u00eb politike\u201d, njeri me instinkte dhe k\u00ebt\u00eb e ka faktuar.<\/p>\n<p>Ka dallime mes tij dhe Tsipras, i pari \u00ebsht\u00eb rritur n\u00eb krah\u00ebt e nj\u00eb miliarderi, nd\u00ebrsa Kurti jo.<\/p>\n<p>A do ket\u00eb t\u00eb tjer\u00eb me karrier\u00ebn e tij t\u00eb gjat\u00eb politike, varet, mundet.Nuk kam asnj\u00eb marr\u00ebveshje, kemi pasur mendime t\u00eb nj\u00ebjta ndaj nj\u00eb problemi, ndaj nj\u00eb akti t\u00eb paimagjinuesh\u00ebm, t\u00eb ndryshimit e cop\u00ebtimit t\u00eb kufijve t\u00eb Kosov\u00ebs. Ky ishte takimi i par\u00eb personal me Albinin. Un\u00eb jam p\u00ebr Kosov\u00ebn e fort\u00eb, un\u00eb besoj q\u00eb Albini do t\u00eb jap\u00eb kontributin e tij t\u00eb plot\u00eb\u201d, tha Berisha.<\/p>\n<p>Ai shprehet se ka pasur simpati p\u00ebr projektin e Vet\u00ebvendosjes.<\/p>\n<p>\u201cM\u00eb vjen shum\u00eb mir\u00eb rishqyrtimi q\u00eb Albin Kurti i ka b\u00ebr\u00eb projektit. Ai pati kurajo t\u00eb mbroj\u00eb \u00ebndrr\u00ebn e bashkimit komb\u00ebtar si pjes\u00eb e planit. Projekti q\u00eb ai paraqit nuk ka ideal m\u00eb fisnik, m\u00eb sublim, se ideali i bashkimit komb\u00ebtar.<\/p>\n<p>Ky \u00ebsht\u00eb nj\u00eb proces dinamik n\u00eb ecurin\u00eb e tij, q\u00eb k\u00ebrkon rrethana si\u00e7 desh\u00ebn ta b\u00ebjn\u00eb duke ndar\u00eb Kosov\u00ebn midis Serbis\u00eb dhe Shqip\u00ebris\u00eb. Me at\u00eb nuk isha kurr\u00eb\u201d, tha Berisha.<\/p>\n","protected":false},"excerpt":{"rendered":"<p>Berisha flet p\u00ebr Albin Kurtin: Esht\u00eb \u201ckafsh\u00eb politike\u201d, njeri me\u2026\u201d 25 tetor 2019 Mbr\u00ebmjen e sotme n\u00eb emisionin \u201cZon\u00eb e Lir\u00eb\u201d \u00ebsht\u00eb i ftuar Sali Berisha, i cili ka folur p\u00ebr marr\u00ebdh\u00ebnien q\u00eb ka me kreun e Vet\u00ebvendosjes, Albin Kurtin. \u201cUn\u00eb mendoj se n\u00eb sked\u00ebn politike shqiptare Albin Kurti \u00ebsht\u00eb nj\u00eb politikan me nj\u00eb fib\u00ebr [&hellip;]<\/p>\n","protected":false},"author":9,"featured_media":27361,"comment_status":"open","ping_status":"open","sticky":false,"template":"","format":"standard","meta":{"jetpack_post_was_ever_published":false,"_jetpack_newsletter_access":"","_jetpack_dont_email_post_to_subs":false,"_jetpack_newsletter_tier_id":0,"_jetpack_memberships_contains_paywalled_content":false,"_jetpack_memberships_contains_paid_content":false,"footnotes":"","jetpack_publicize_message":"","jetpack_publicize_feature_enabled":true,"jetpack_social_post_already_shared":true,"jetpack_social_options":{"image_generator_settings":{"template":"highway","default_image_id":0,"font":"","enabled":false},"version":2}},"categories":[27,2],"tags":[],"class_list":["post-27360","post","type-post","status-publish","format-standard","has-post-thumbnail","hentry","category-blogu-i-udhetarit","category-politika"],"jetpack_publicize_connections":[],"jetpack_featured_media_url":"https:\/\/i0.wp.com\/www.shqiperia.com\/blog\/wp-content\/uploads\/2019\/10\/Berisha-Albin-Kurti.png?fit=600%2C360&ssl=1","jetpack_sharing_enabled":true,"jetpack_shortlink":"https:\/\/wp.me\/p5Z6wp-77i","jetpack-related-posts":[{"id":26864,"url":"https:\/\/www.shqiperia.com\/blog\/analisti-i-njohur-ben-deklaraten-e-forte-rama-e-ka-frike-albin-kurtin-ja-pse\/","url_meta":{"origin":27360,"position":0},"title":"Analisti i njohur b\u00ebn deklarat\u00ebn e fort\u00eb: Rama e ka frik\u00eb Albin Kurtin, ja pse","author":"Kurt Farka","date":"October 10, 2019","format":false,"excerpt":"Analisti i njohur b\u00ebn deklarat\u00ebn e fort\u00eb: Rama e ka frik\u00eb Albin Kurtin, ja pse \u00a010\/10\/2019 Analisti Armand Shkullaku i ftaur n\u00eb 'Opinion' tha se kryeministri Edi Rama frik\u00ebsohet nga fakti q\u00eb n\u00eb Kosov\u00eb zgjedhjet i fitoi Albin Kurti.Dhe kjo sipas tij, sepse shqiptar\u00ebt e Shqip\u00ebris\u00eb mor\u00ebn nj\u00eb leksion t\u00eb\u2026","rel":"","context":"In &quot;Blogu i Udh\u00ebtarit&quot;","block_context":{"text":"Blogu i Udh\u00ebtarit","link":"https:\/\/www.shqiperia.com\/blog\/category\/blogu-i-udhetarit\/"},"img":{"alt_text":"","src":"https:\/\/i0.wp.com\/www.shqiperia.com\/blog\/wp-content\/uploads\/2019\/10\/rama-dhe-kurti-960x570-300x180.jpg?resize=350%2C200&ssl=1","width":350,"height":200},"classes":[]},{"id":29539,"url":"https:\/\/www.shqiperia.com\/blog\/vjen-njeri-qe-ka-fituar-zgjedhjet-dhe-kujton-se-do-shpetoje-boten-rama-sulmon-albin-kurtin-i-them-atyre-qe-nuk-kane-bere-asnje-pune-se\/","url_meta":{"origin":27360,"position":1},"title":"\u201cVjen nj\u00ebri q\u00eb ka fituar zgjedhjet dhe kujton se do shp\u00ebtoj\u00eb bot\u00ebn\u201d- Rama sulmon Albin Kurtin: I them atyre q\u00eb nuk kan\u00eb b\u00ebr\u00eb asnj\u00eb pun\u00eb se\u2026","author":"Kurt Farka","date":"December 21, 2019","format":false,"excerpt":"\u201cVjen nj\u00ebri q\u00eb ka fituar zgjedhjet dhe kujton se do shp\u00ebtoj\u00eb bot\u00ebn\u201d- Rama sulmon Albin Kurtin: I them atyre q\u00eb nuk kan\u00eb b\u00ebr\u00eb asnj\u00eb pun\u00eb se\u2026 19 dhjetor 2019 Kryeministri Edi Rama reagoi ashp\u00ebr ndaj liderit t\u00eb Vet\u00ebvendosje, Albin Kurti, sipas t\u00eb cilit nuk ka b\u00ebr\u00eb asnj\u00eb pun\u00eb n\u00eb jet\u00eb.\u2026","rel":"","context":"In &quot;Blogu i Udh\u00ebtarit&quot;","block_context":{"text":"Blogu i Udh\u00ebtarit","link":"https:\/\/www.shqiperia.com\/blog\/category\/blogu-i-udhetarit\/"},"img":{"alt_text":"","src":"https:\/\/i0.wp.com\/www.shqiperia.com\/blog\/wp-content\/uploads\/2019\/12\/I-patitulluar.jpg?fit=1024%2C538&ssl=1&resize=350%2C200","width":350,"height":200,"srcset":"https:\/\/i0.wp.com\/www.shqiperia.com\/blog\/wp-content\/uploads\/2019\/12\/I-patitulluar.jpg?fit=1024%2C538&ssl=1&resize=350%2C200 1x, https:\/\/i0.wp.com\/www.shqiperia.com\/blog\/wp-content\/uploads\/2019\/12\/I-patitulluar.jpg?fit=1024%2C538&ssl=1&resize=525%2C300 1.5x, https:\/\/i0.wp.com\/www.shqiperia.com\/blog\/wp-content\/uploads\/2019\/12\/I-patitulluar.jpg?fit=1024%2C538&ssl=1&resize=700%2C400 2x"},"classes":[]},{"id":32544,"url":"https:\/\/www.shqiperia.com\/blog\/pse-ldk-kerkon-ta-rrezoje-albin-kurtin-cfshihet-pas-shkarkimit-te-ministrit-te-brendeshem\/","url_meta":{"origin":27360,"position":2},"title":"Pse LDK k\u00ebrkon ta rr\u00ebzoj\u00eb Albin Kurtin. \u00c7\u2019fshihet pas shkarkimit t\u00eb ministrit t\u00eb Brend\u00ebsh\u00ebm?","author":"Kurt Farka","date":"March 19, 2020","format":false,"excerpt":"Pse LDK k\u00ebrkon ta rr\u00ebzoj\u00eb Albin Kurtin. \u00c7\u2019fshihet pas shkarkimit t\u00eb ministrit t\u00eb Brend\u00ebsh\u00ebm? 17 mars 2020 (E p\u00ebrdit\u00ebsuar)\u00a0Edhe koronavirusi ka sh\u00ebrbyer p\u00ebr t\u00eb thelluar kriz\u00ebn e qeverisjes n\u00eb Kosov\u00eb ku asgj\u00eb nuk shkon vaj mes dy partner\u00ebve LDK dhe VV. Kryeministri Albin Kurti ka shkakrkuar ministrin e tij t\u00eb\u2026","rel":"","context":"In &quot;Blogu i Udh\u00ebtarit&quot;","block_context":{"text":"Blogu i Udh\u00ebtarit","link":"https:\/\/www.shqiperia.com\/blog\/category\/blogu-i-udhetarit\/"},"img":{"alt_text":"","src":"https:\/\/i0.wp.com\/www.shqiperia.com\/blog\/wp-content\/uploads\/2020\/03\/albin-agim-veli.jpg?fit=581%2C287&ssl=1&resize=350%2C200","width":350,"height":200,"srcset":"https:\/\/i0.wp.com\/www.shqiperia.com\/blog\/wp-content\/uploads\/2020\/03\/albin-agim-veli.jpg?fit=581%2C287&ssl=1&resize=350%2C200 1x, https:\/\/i0.wp.com\/www.shqiperia.com\/blog\/wp-content\/uploads\/2020\/03\/albin-agim-veli.jpg?fit=581%2C287&ssl=1&resize=525%2C300 1.5x"},"classes":[]},{"id":72600,"url":"https:\/\/www.shqiperia.com\/blog\/draft-statuti-i-rames-per-asociacionin-neritan-ceka-nese-nuk-eshte-konsultuar-me-albin-kurtin-eshte-gabim-i-kryeministrit-shqiptar\/","url_meta":{"origin":27360,"position":3},"title":"Draft-statuti i Ram\u00ebs p\u00ebr asociacionin, Neritan Ceka: &#8211; N\u00ebse nuk \u00ebsht\u00eb konsultuar me Albin Kurtin, \u00ebsht\u00eb gabim i kryeministrit shqiptar","author":"Kurt Farka","date":"July 8, 2023","format":false,"excerpt":"8 Korrik 2023 Historiani Neritan Ceka \u00ebsht\u00eb shprehur se n\u00ebse kryeministri Edi Rama nuk \u00ebsht\u00eb konsultuar me kryeministrin e Kosov\u00ebs, Albin Kurtin p\u00ebr draft-statutin p\u00ebr asociacionin e komunave me shumic\u00eb serbe n\u00eb Veri, ka b\u00ebr\u00eb gabim. Komentet Ceka i b\u00ebri n\u00eb emisionin \u201cKjo Jav\u00eb\u201d n\u00eb News24, ku foli p\u00ebr marr\u00ebdh\u00ebniet\u2026","rel":"","context":"In &quot;Blogu i Udh\u00ebtarit&quot;","block_context":{"text":"Blogu i Udh\u00ebtarit","link":"https:\/\/www.shqiperia.com\/blog\/category\/blogu-i-udhetarit\/"},"img":{"alt_text":"","src":"https:\/\/i0.wp.com\/www.shqiperia.com\/blog\/wp-content\/uploads\/2023\/07\/800-0-54685753d6b197c4a1e5f7269f455c1c.jpg?fit=800%2C455&ssl=1&resize=350%2C200","width":350,"height":200,"srcset":"https:\/\/i0.wp.com\/www.shqiperia.com\/blog\/wp-content\/uploads\/2023\/07\/800-0-54685753d6b197c4a1e5f7269f455c1c.jpg?fit=800%2C455&ssl=1&resize=350%2C200 1x, https:\/\/i0.wp.com\/www.shqiperia.com\/blog\/wp-content\/uploads\/2023\/07\/800-0-54685753d6b197c4a1e5f7269f455c1c.jpg?fit=800%2C455&ssl=1&resize=525%2C300 1.5x, https:\/\/i0.wp.com\/www.shqiperia.com\/blog\/wp-content\/uploads\/2023\/07\/800-0-54685753d6b197c4a1e5f7269f455c1c.jpg?fit=800%2C455&ssl=1&resize=700%2C400 2x"},"classes":[]},{"id":30076,"url":"https:\/\/www.shqiperia.com\/blog\/gropa-vetem-sa-po-thellohet-fatos-lubonja-duket-se-opozites-i-kane-mbaruar-fisheket-dhe-tani-po-kthehet-tek-flet-edhe-per-albin-kurtin\/","url_meta":{"origin":27360,"position":4},"title":"\u201cGropa vet\u00ebm sa po thellohet!\u201d- Fatos Lubonja: Duket se opozit\u00ebs i kan\u00eb mbaruar \u201cfishek\u00ebt\u201d dhe tani po kthehet tek\u2026 Flet edhe p\u00ebr Albin Kurtin","author":"Kurt Farka","date":"January 6, 2020","format":false,"excerpt":"\u201cGropa vet\u00ebm sa po thellohet!\u201d- Fatos Lubonja: Duket se opozit\u00ebs i kan\u00eb mbaruar \u201cfishek\u00ebt\u201d dhe tani po kthehet tek\u2026 Flet edhe p\u00ebr Albin Kurtin 6 janar 2020 Analisti Fatos Lubonja komentoi zhvillimet e fundit politike n\u00eb vend dhe p\u00ebr Albin Kurtin\u00a0 n\u00eb Kosov\u00eb. I ftuar n\u00eb rubrik\u00ebn \u201cOpinion\u201d, n\u00eb News24,\u2026","rel":"","context":"In &quot;Blogu i Udh\u00ebtarit&quot;","block_context":{"text":"Blogu i Udh\u00ebtarit","link":"https:\/\/www.shqiperia.com\/blog\/category\/blogu-i-udhetarit\/"},"img":{"alt_text":"","src":"https:\/\/i0.wp.com\/www.shqiperia.com\/blog\/wp-content\/uploads\/2020\/01\/lubonja-770x400-1.jpg?fit=770%2C400&ssl=1&resize=350%2C200","width":350,"height":200,"srcset":"https:\/\/i0.wp.com\/www.shqiperia.com\/blog\/wp-content\/uploads\/2020\/01\/lubonja-770x400-1.jpg?fit=770%2C400&ssl=1&resize=350%2C200 1x, https:\/\/i0.wp.com\/www.shqiperia.com\/blog\/wp-content\/uploads\/2020\/01\/lubonja-770x400-1.jpg?fit=770%2C400&ssl=1&resize=525%2C300 1.5x, https:\/\/i0.wp.com\/www.shqiperia.com\/blog\/wp-content\/uploads\/2020\/01\/lubonja-770x400-1.jpg?fit=770%2C400&ssl=1&resize=700%2C400 2x"},"classes":[]},{"id":60368,"url":"https:\/\/www.shqiperia.com\/blog\/shperthejne-tensionet-ne-veri-komenton-milaim-zeka-ne-cfaredo-qendrimi-apo-vendimi-te-qeverise-ndaje-serbise-une-jam-me-albin-kurtin-edhe-nese-keq-e-ka\/","url_meta":{"origin":27360,"position":5},"title":"Shp\u00ebrthejn\u00eb tensionet n\u00eb veri. Komenton Milaim Zeka: &#8211; ne \u00e7faredo qendrimi, apo vendimi te qeverise ndaje Serbise, une jam me Albin Kurtin, edhe nese keq e ka.","author":"Kurt Farka","date":"July 31, 2022","format":false,"excerpt":"31 Korrik 2022 \"Partite politike duhet me i operu inatete, edhe me qene bashke kunder Serbise dhe Viqi\u00e7it\". Serb\u00ebt n\u00eb veri kan\u00eb bllokuar disa rrug\u00eb disa or\u00eb para fillimit t\u00eb masave t\u00eb reciprocitetit me dokumente. KFOR-i ka dal\u00eb n\u00eb terren p\u00ebr t\u00eb v\u00ebzhguar situat\u00ebn nd\u00ebrsa n\u00eb komunat n\u00eb veri \u00ebsht\u00eb\u2026","rel":"","context":"In &quot;Kultura&quot;","block_context":{"text":"Kultura","link":"https:\/\/www.shqiperia.com\/blog\/category\/kultura\/"},"img":{"alt_text":"","src":"https:\/\/i0.wp.com\/www.shqiperia.com\/blog\/wp-content\/uploads\/2022\/07\/Milaim-Zeka.jpg?fit=800%2C420&ssl=1&resize=350%2C200","width":350,"height":200,"srcset":"https:\/\/i0.wp.com\/www.shqiperia.com\/blog\/wp-content\/uploads\/2022\/07\/Milaim-Zeka.jpg?fit=800%2C420&ssl=1&resize=350%2C200 1x, https:\/\/i0.wp.com\/www.shqiperia.com\/blog\/wp-content\/uploads\/2022\/07\/Milaim-Zeka.jpg?fit=800%2C420&ssl=1&resize=525%2C300 1.5x, https:\/\/i0.wp.com\/www.shqiperia.com\/blog\/wp-content\/uploads\/2022\/07\/Milaim-Zeka.jpg?fit=800%2C420&ssl=1&resize=700%2C400 2x"},"classes":[]}],"_links":{"self":[{"href":"https:\/\/www.shqiperia.com\/blog\/wp-json\/wp\/v2\/posts\/27360","targetHints":{"allow":["GET"]}}],"collection":[{"href":"https:\/\/www.shqiperia.com\/blog\/wp-json\/wp\/v2\/posts"}],"about":[{"href":"https:\/\/www.shqiperia.com\/blog\/wp-json\/wp\/v2\/types\/post"}],"author":[{"embeddable":true,"href":"https:\/\/www.shqiperia.com\/blog\/wp-json\/wp\/v2\/users\/9"}],"replies":[{"embeddable":true,"href":"https:\/\/www.shqiperia.com\/blog\/wp-json\/wp\/v2\/comments?post=27360"}],"version-history":[{"count":1,"href":"https:\/\/www.shqiperia.com\/blog\/wp-json\/wp\/v2\/posts\/27360\/revisions"}],"predecessor-version":[{"id":27362,"href":"https:\/\/www.shqiperia.com\/blog\/wp-json\/wp\/v2\/posts\/27360\/revisions\/27362"}],"wp:featuredmedia":[{"embeddable":true,"href":"https:\/\/www.shqiperia.com\/blog\/wp-json\/wp\/v2\/media\/27361"}],"wp:attachment":[{"href":"https:\/\/www.shqiperia.com\/blog\/wp-json\/wp\/v2\/media?parent=27360"}],"wp:term":[{"taxonomy":"category","embeddable":true,"href":"https:\/\/www.shqiperia.com\/blog\/wp-json\/wp\/v2\/categories?post=27360"},{"taxonomy":"post_tag","embeddable":true,"href":"https:\/\/www.shqiperia.com\/blog\/wp-json\/wp\/v2\/tags?post=27360"}],"curies":[{"name":"wp","href":"https:\/\/api.w.org\/{rel}","templated":true}]}}