{"id":27356,"date":"2019-10-27T09:29:17","date_gmt":"2019-10-27T09:29:17","guid":{"rendered":"https:\/\/www.shqiperia.com\/blog\/?p=27356"},"modified":"2019-10-27T09:29:17","modified_gmt":"2019-10-27T09:29:17","slug":"gent-cakaj-ka-performancen-e-nje-mesuesi-fshati-maksimumi-duhej-te-ishte-portier-i-ndonje-hoteli","status":"publish","type":"post","link":"https:\/\/www.shqiperia.com\/blog\/gent-cakaj-ka-performancen-e-nje-mesuesi-fshati-maksimumi-duhej-te-ishte-portier-i-ndonje-hoteli\/","title":{"rendered":"\u201cGent Cakaj? Ka performanc\u00ebn e nj\u00eb m\u00ebsuesi fshati! Maksimumi duhej t\u00eb ishte portier i ndonj\u00eb hoteli\u201d. &#8211;"},"content":{"rendered":"<p><img data-recalc-dims=\"1\" loading=\"lazy\" decoding=\"async\" data-attachment-id=\"27357\" data-permalink=\"https:\/\/www.shqiperia.com\/blog\/gent-cakaj-ka-performancen-e-nje-mesuesi-fshati-maksimumi-duhej-te-ishte-portier-i-ndonje-hoteli\/ceka-cakaj\/\" data-orig-file=\"https:\/\/i0.wp.com\/www.shqiperia.com\/blog\/wp-content\/uploads\/2019\/10\/ceka-cakaj.jpg?fit=474%2C265&amp;ssl=1\" data-orig-size=\"474,265\" data-comments-opened=\"1\" data-image-meta=\"{&quot;aperture&quot;:&quot;0&quot;,&quot;credit&quot;:&quot;&quot;,&quot;camera&quot;:&quot;&quot;,&quot;caption&quot;:&quot;&quot;,&quot;created_timestamp&quot;:&quot;0&quot;,&quot;copyright&quot;:&quot;&quot;,&quot;focal_length&quot;:&quot;0&quot;,&quot;iso&quot;:&quot;0&quot;,&quot;shutter_speed&quot;:&quot;0&quot;,&quot;title&quot;:&quot;&quot;,&quot;orientation&quot;:&quot;0&quot;}\" data-image-title=\"ceka-cakaj\" data-image-description=\"\" data-image-caption=\"\" data-medium-file=\"https:\/\/i0.wp.com\/www.shqiperia.com\/blog\/wp-content\/uploads\/2019\/10\/ceka-cakaj.jpg?fit=300%2C168&amp;ssl=1\" data-large-file=\"https:\/\/i0.wp.com\/www.shqiperia.com\/blog\/wp-content\/uploads\/2019\/10\/ceka-cakaj.jpg?fit=474%2C265&amp;ssl=1\" class=\"alignnone  wp-image-27357\" alt=\"\" src=\"https:\/\/i0.wp.com\/www.shqiperia.com\/blog\/wp-content\/uploads\/2019\/10\/ceka-cakaj.jpg?resize=643%2C360&#038;ssl=1\" width=\"643\" height=\"360\" srcset=\"https:\/\/i0.wp.com\/www.shqiperia.com\/blog\/wp-content\/uploads\/2019\/10\/ceka-cakaj.jpg?resize=300%2C168&amp;ssl=1 300w, https:\/\/i0.wp.com\/www.shqiperia.com\/blog\/wp-content\/uploads\/2019\/10\/ceka-cakaj.jpg?resize=450%2C252&amp;ssl=1 450w, https:\/\/i0.wp.com\/www.shqiperia.com\/blog\/wp-content\/uploads\/2019\/10\/ceka-cakaj.jpg?resize=400%2C224&amp;ssl=1 400w, https:\/\/i0.wp.com\/www.shqiperia.com\/blog\/wp-content\/uploads\/2019\/10\/ceka-cakaj.jpg?w=474&amp;ssl=1 474w\" sizes=\"auto, (max-width: 643px) 100vw, 643px\" \/><\/p>\n<p><strong>\u201cGent Cakaj? Ka performanc\u00ebn e nj\u00eb m\u00ebsuesi fshati! Maksimumi duhej t\u00eb ishte portier i ndonj\u00eb hoteli\u201d<\/strong><\/p>\n<p><strong>26 Tetor, 2019 <\/strong><\/p>\n<p>P\u00ebr politikanin Neritan Ceka, Shqip\u00ebria \u00ebsht\u00eb e barabart\u00eb me nj\u00eb fshat kinez, sa i p\u00ebrket numrit t\u00eb banor\u00ebve.<\/p>\n<p>I ftuar n\u00eb studion e lajmeve n\u00eb RTV Ora , Ceka tha se shqiptar\u00ebt kan\u00eb mij\u00ebra intelektual\u00eb dhe p\u00ebrfaq\u00ebsohen nga mediokriteti maksimal, nd\u00ebrsa theksoi se ministri i jasht\u00ebm, b\u00ebn performanc\u00ebn e nj\u00eb m\u00ebsuesi fshati.<\/p>\n<p><strong>Gazetarja:<\/strong>\u00a0Shikoni ndonj\u00eb lloj ng\u00ebr\u00e7i p\u00ebr m\u00ebnyr\u00ebn se si zhvillohen bisedimet me Komisionin Europian mes Shqip\u00ebris\u00eb dhe vendet e tjera? Mos ndoshta duhet t\u00eb fokusohemi tek marr\u00ebdh\u00ebniet dypal\u00ebshe, sidomos vendet skeptike sepse Komisioni Europian \u00ebsht\u00eb nj\u00eb institucion burokratik n\u00eb nj\u00eb far\u00eb m\u00ebnyre.<\/p>\n<p><strong>Neritan Ceka:<\/strong>\u00a0Normalisht duhet t\u00eb marrim Komisionin Europian q\u00eb \u00ebsht\u00eb p\u00ebrgjegj\u00ebs p\u00ebr nj\u00eb mas\u00eb gati 200 milion\u00eb njer\u00ebz. Nga ana tjet\u00ebr kemi nj\u00eb super fuqi dhe nj\u00eb Shqip\u00ebri q\u00eb \u00ebsht\u00eb e barabart\u00eb me nj\u00eb fshat kinez. Pra kemi regjistruar 4 mln banor\u00eb, 2 mln kan\u00eb ikur, jan\u00eb 1 mln p\u00ebr t\u00eb ikur dhe kjo \u00ebsht\u00eb Shqip\u00ebria q\u00eb ulet n\u00eb tryez\u00ebn e Ministrave t\u00eb k\u00ebtyre vendeve, q\u00eb vet\u00ebm nj\u00eb fshat i tyre prodhon sa gjith\u00eb Shqip\u00ebria.<\/p>\n<p><img data-recalc-dims=\"1\" loading=\"lazy\" decoding=\"async\" data-attachment-id=\"27358\" data-permalink=\"https:\/\/www.shqiperia.com\/blog\/gent-cakaj-ka-performancen-e-nje-mesuesi-fshati-maksimumi-duhej-te-ishte-portier-i-ndonje-hoteli\/ceka-cakaj-copy\/\" data-orig-file=\"https:\/\/i0.wp.com\/www.shqiperia.com\/blog\/wp-content\/uploads\/2019\/10\/ceka-cakaj-Copy.jpg?fit=474%2C331&amp;ssl=1\" data-orig-size=\"474,331\" data-comments-opened=\"1\" data-image-meta=\"{&quot;aperture&quot;:&quot;0&quot;,&quot;credit&quot;:&quot;&quot;,&quot;camera&quot;:&quot;&quot;,&quot;caption&quot;:&quot;&quot;,&quot;created_timestamp&quot;:&quot;0&quot;,&quot;copyright&quot;:&quot;&quot;,&quot;focal_length&quot;:&quot;0&quot;,&quot;iso&quot;:&quot;0&quot;,&quot;shutter_speed&quot;:&quot;0&quot;,&quot;title&quot;:&quot;&quot;,&quot;orientation&quot;:&quot;0&quot;}\" data-image-title=\"ceka-cakaj &#8211; Copy\" data-image-description=\"\" data-image-caption=\"\" data-medium-file=\"https:\/\/i0.wp.com\/www.shqiperia.com\/blog\/wp-content\/uploads\/2019\/10\/ceka-cakaj-Copy.jpg?fit=300%2C209&amp;ssl=1\" data-large-file=\"https:\/\/i0.wp.com\/www.shqiperia.com\/blog\/wp-content\/uploads\/2019\/10\/ceka-cakaj-Copy.jpg?fit=474%2C331&amp;ssl=1\" class=\"alignnone  wp-image-27358\" alt=\"\" src=\"https:\/\/i0.wp.com\/www.shqiperia.com\/blog\/wp-content\/uploads\/2019\/10\/ceka-cakaj-Copy.jpg?resize=810%2C564&#038;ssl=1\" width=\"810\" height=\"564\" srcset=\"https:\/\/i0.wp.com\/www.shqiperia.com\/blog\/wp-content\/uploads\/2019\/10\/ceka-cakaj-Copy.jpg?resize=300%2C209&amp;ssl=1 300w, https:\/\/i0.wp.com\/www.shqiperia.com\/blog\/wp-content\/uploads\/2019\/10\/ceka-cakaj-Copy.jpg?resize=450%2C314&amp;ssl=1 450w, https:\/\/i0.wp.com\/www.shqiperia.com\/blog\/wp-content\/uploads\/2019\/10\/ceka-cakaj-Copy.jpg?resize=400%2C279&amp;ssl=1 400w, https:\/\/i0.wp.com\/www.shqiperia.com\/blog\/wp-content\/uploads\/2019\/10\/ceka-cakaj-Copy.jpg?w=474&amp;ssl=1 474w\" sizes=\"auto, (max-width: 810px) 100vw, 810px\" \/><\/p>\n<p>Kemi Ministri t\u00eb Jashtme inefikase, natyrisht n\u00ebse duam t\u00eb punojm\u00eb. Po e l\u00ebm\u00eb jasht\u00eb kryeministrin, i cili \u00ebsht\u00eb pjes\u00eb e nj\u00eb folklori n\u00eb Europ\u00eb q\u00eb e trajton Shqip\u00ebrin\u00eb si ndonj\u00eb vend nga ku vijn\u00eb k\u00ebto kryetar\u00ebt e shteteve t\u00eb vendeve t\u00eb Afrik\u00ebs Qendrore me boj\u00ebra e pupla. Kjo \u00ebsht\u00eb Shqip\u00ebria q\u00eb prezantohet, etnografike. Akoma mendojn\u00eb q\u00eb shqiptar\u00ebt kan\u00eb mij\u00ebra intelektual\u00eb, p\u00ebrfaq\u00ebsohen nga mediokriteti maksimal. Ke nj\u00eb minist\u00ebr t\u00eb jasht\u00ebm q\u00eb b\u00ebn performanc\u00ebn e nj\u00eb m\u00ebsuesi fshati. Nj\u00eb njeri i till\u00eb q\u00eb mund t\u00eb ishte maksimumi portieri i nj\u00eb hoteli me 3 yje n\u00eb Tiran\u00eb na shkon si Minist\u00ebr i Jasht\u00ebm. K\u00ebto jan\u00eb karikaturat e shtetit shqiptar. Mos t\u00eb flasim pastaj p\u00ebr Parlamentin.<\/p>\n<p>Gazeta Panorama<\/p>\n","protected":false},"excerpt":{"rendered":"<p>\u201cGent Cakaj? Ka performanc\u00ebn e nj\u00eb m\u00ebsuesi fshati! Maksimumi duhej t\u00eb ishte portier i ndonj\u00eb hoteli\u201d 26 Tetor, 2019 P\u00ebr politikanin Neritan Ceka, Shqip\u00ebria \u00ebsht\u00eb e barabart\u00eb me nj\u00eb fshat kinez, sa i p\u00ebrket numrit t\u00eb banor\u00ebve. I ftuar n\u00eb studion e lajmeve n\u00eb RTV Ora , Ceka tha se shqiptar\u00ebt kan\u00eb mij\u00ebra intelektual\u00eb dhe [&hellip;]<\/p>\n","protected":false},"author":9,"featured_media":27357,"comment_status":"open","ping_status":"open","sticky":false,"template":"","format":"standard","meta":{"jetpack_post_was_ever_published":false,"_jetpack_newsletter_access":"","_jetpack_dont_email_post_to_subs":false,"_jetpack_newsletter_tier_id":0,"_jetpack_memberships_contains_paywalled_content":false,"_jetpack_memberships_contains_paid_content":false,"footnotes":"","jetpack_publicize_message":"","jetpack_publicize_feature_enabled":true,"jetpack_social_post_already_shared":true,"jetpack_social_options":{"image_generator_settings":{"template":"highway","default_image_id":0,"font":"","enabled":false},"version":2}},"categories":[27,10,35],"tags":[],"class_list":["post-27356","post","type-post","status-publish","format-standard","has-post-thumbnail","hentry","category-blogu-i-udhetarit","category-kultura","category-shoqerore"],"jetpack_publicize_connections":[],"jetpack_featured_media_url":"https:\/\/i0.wp.com\/www.shqiperia.com\/blog\/wp-content\/uploads\/2019\/10\/ceka-cakaj.jpg?fit=474%2C265&ssl=1","jetpack_sharing_enabled":true,"jetpack_shortlink":"https:\/\/wp.me\/p5Z6wp-77e","jetpack-related-posts":[{"id":24792,"url":"https:\/\/www.shqiperia.com\/blog\/diversitet-joproduktiv-te-investimeve-ne-fushen-e-trashegimine-kulturore-interviste-nga-neritan-ceka\/","url_meta":{"origin":27356,"position":0},"title":"Diversitet joproduktiv t\u00eb investimeve n\u00eb fush\u00ebn e trash\u00ebgimin\u00eb kulturore. Interviste nga Neritan Ceka","author":"Kurt Farka","date":"August 15, 2019","format":false,"excerpt":"Diversitet joproduktiv t\u00eb investimeve n\u00eb fush\u00ebn e trash\u00ebgimin\u00eb kulturore. Interviste nga Neritan Ceka 15\/08\/19 Nga mapo.al Neritan Ceka e ka kaluar t\u00ebr\u00eb jet\u00ebn n\u00eb mes t\u00eb rr\u00ebnojave arkeologjike q\u00eb kur ishte ende f\u00ebmij\u00eb dhe ndiqte t\u00eb atin, arkeologun e par\u00eb shqiptar, Hasan Ceka. Ka qen\u00eb n\u00eb krye t\u00eb g\u00ebrmimeve n\u00eb\u2026","rel":"","context":"In &quot;Blogu i Udh\u00ebtarit&quot;","block_context":{"text":"Blogu i Udh\u00ebtarit","link":"https:\/\/www.shqiperia.com\/blog\/category\/blogu-i-udhetarit\/"},"img":{"alt_text":"","src":"https:\/\/i0.wp.com\/www.shqiperia.com\/blog\/wp-content\/uploads\/2019\/08\/Neritan-Ceka.jpg?fit=1166%2C597&ssl=1&resize=350%2C200","width":350,"height":200,"srcset":"https:\/\/i0.wp.com\/www.shqiperia.com\/blog\/wp-content\/uploads\/2019\/08\/Neritan-Ceka.jpg?fit=1166%2C597&ssl=1&resize=350%2C200 1x, https:\/\/i0.wp.com\/www.shqiperia.com\/blog\/wp-content\/uploads\/2019\/08\/Neritan-Ceka.jpg?fit=1166%2C597&ssl=1&resize=525%2C300 1.5x, https:\/\/i0.wp.com\/www.shqiperia.com\/blog\/wp-content\/uploads\/2019\/08\/Neritan-Ceka.jpg?fit=1166%2C597&ssl=1&resize=700%2C400 2x, https:\/\/i0.wp.com\/www.shqiperia.com\/blog\/wp-content\/uploads\/2019\/08\/Neritan-Ceka.jpg?fit=1166%2C597&ssl=1&resize=1050%2C600 3x"},"classes":[]},{"id":17014,"url":"https:\/\/www.shqiperia.com\/blog\/cudi-diplomacie-sipas-neritan-cekes-shoferi-spiunon-gruan-e-ambasadorit\/","url_meta":{"origin":27356,"position":1},"title":"\u00c7udi \u2018diplomacie\u2019 sipas Neritan Cek\u00ebs:  &#8211; Shoferi spiunon gruan e ambasadorit. &#8211;","author":"Kurt Farka","date":"February 5, 2019","format":false,"excerpt":"\u00c7udi \u2018diplomacie\u2019 sipas Neritan Cek\u00ebs: - Shoferi spiunon gruan e ambasadorit. - \u00c7\u00ebshtja \u201cCakaj\u201d vijon t\u00eb diskutohet n\u00eb media pavar\u00ebsisht se 28-vje\u00e7ari nga Kosova tashm\u00eb ka marr\u00eb kompetencat e ministrit t\u00eb Jasht\u00ebm nga Rama. N\u00eb emisionin \u201cTempora\u201d, teksa ka komentuar \u00e7\u00ebshtjen \u201cCakaj\u201d, ish-ambasadori Neritan Ceka thot\u00eb se diplomacia shqiptare ka\u2026","rel":"","context":"In &quot;Blogu i Udh\u00ebtarit&quot;","block_context":{"text":"Blogu i Udh\u00ebtarit","link":"https:\/\/www.shqiperia.com\/blog\/category\/blogu-i-udhetarit\/"},"img":{"alt_text":"","src":"https:\/\/i0.wp.com\/www.shqiperia.com\/blog\/wp-content\/uploads\/2019\/02\/index-1-300x145.jpg?resize=350%2C200","width":350,"height":200},"classes":[]},{"id":35610,"url":"https:\/\/www.shqiperia.com\/blog\/neritan-ceka-bylisi-grek-faji-i-shoqeruesve-te-sgarbit\/","url_meta":{"origin":27356,"position":2},"title":"Neritan Ceka: &#8211; Bylisi grek? Faji i shoq\u00ebruesve t\u00eb Sgarbit","author":"Kurt Farka","date":"June 11, 2020","format":false,"excerpt":"Neritan Ceka: - Bylisi grek? Faji i shoq\u00ebruesve t\u00eb Sgarbit - 10.06.2020 Nga Fatmira Nikolli \u2013\u00a0Arkeologu i njohur, Neritan Ceka, del kund\u00ebr deklaratave t\u00eb kritikut italian Sgarbi, p\u00ebr Bylisin si qytet grek. Ai e gjen fajin te shoq\u00ebruesit shqiptar\u00eb t\u00eb tij dhe ve n\u00eb dukje origjinalitetin e Bylisit. Vizita e\u2026","rel":"","context":"In &quot;Histori&quot;","block_context":{"text":"Histori","link":"https:\/\/www.shqiperia.com\/blog\/category\/histori\/"},"img":{"alt_text":"","src":"https:\/\/i0.wp.com\/www.shqiperia.com\/blog\/wp-content\/uploads\/2020\/06\/Arkeologu-Neritan-Ceka-770x433-1.jpg?fit=770%2C433&ssl=1&resize=350%2C200","width":350,"height":200,"srcset":"https:\/\/i0.wp.com\/www.shqiperia.com\/blog\/wp-content\/uploads\/2020\/06\/Arkeologu-Neritan-Ceka-770x433-1.jpg?fit=770%2C433&ssl=1&resize=350%2C200 1x, https:\/\/i0.wp.com\/www.shqiperia.com\/blog\/wp-content\/uploads\/2020\/06\/Arkeologu-Neritan-Ceka-770x433-1.jpg?fit=770%2C433&ssl=1&resize=525%2C300 1.5x, https:\/\/i0.wp.com\/www.shqiperia.com\/blog\/wp-content\/uploads\/2020\/06\/Arkeologu-Neritan-Ceka-770x433-1.jpg?fit=770%2C433&ssl=1&resize=700%2C400 2x"},"classes":[]},{"id":87490,"url":"https:\/\/www.shqiperia.com\/blog\/neritan-ceka-privati-ka-shkelur-me-kembe-shtetin-fshirja-e-identitetit-krim-per-historine\/","url_meta":{"origin":27356,"position":3},"title":"Neritan Ceka: &#8211; Privati ka shkelur me k\u00ebmb\u00eb shtetin, fshirja e identitetit krim p\u00ebr historin\u00eb","author":"Kurt Farka","date":"December 16, 2024","format":false,"excerpt":"16 Dhjetor 2024 Arkeologu Neritan Ceka, i ftuar n\u00eb emisionin \"Odeon\", dha nj\u00eb pasqyr\u00eb t\u00eb gjendjes s\u00eb mjerueshme t\u00eb trash\u00ebgimis\u00eb kulturore n\u00eb Shqip\u00ebri, duke evidentuar shkat\u00ebrrimin sistematik t\u00eb monumenteve dhe munges\u00ebn e p\u00ebrgjegj\u00ebsis\u00eb institucionale. Sipas tij, sistemi i mbrojtjes s\u00eb monumenteve \u00ebsht\u00eb shp\u00ebrb\u00ebr\u00eb plot\u00ebsisht dhe nuk ka nj\u00eb autoritet t\u00eb\u2026","rel":"","context":"In &quot;Blogu i Udh\u00ebtarit&quot;","block_context":{"text":"Blogu i Udh\u00ebtarit","link":"https:\/\/www.shqiperia.com\/blog\/category\/blogu-i-udhetarit\/"},"img":{"alt_text":"","src":"https:\/\/i0.wp.com\/www.shqiperia.com\/blog\/wp-content\/uploads\/2024\/12\/neritan_ceka_16558.jpg?fit=640%2C400&ssl=1&resize=350%2C200","width":350,"height":200,"srcset":"https:\/\/i0.wp.com\/www.shqiperia.com\/blog\/wp-content\/uploads\/2024\/12\/neritan_ceka_16558.jpg?fit=640%2C400&ssl=1&resize=350%2C200 1x, https:\/\/i0.wp.com\/www.shqiperia.com\/blog\/wp-content\/uploads\/2024\/12\/neritan_ceka_16558.jpg?fit=640%2C400&ssl=1&resize=525%2C300 1.5x"},"classes":[]},{"id":39433,"url":"https:\/\/www.shqiperia.com\/blog\/5-mije-euro-trajtimi-neritan-ceka-mposhti-covid-19-kemi-nje-klonim-nga-kryeministri-qe-eshte-arrogant-me-qytetarin\/","url_meta":{"origin":27356,"position":4},"title":"\u201c5 mij\u00eb euro trajtimi\u201d, Neritan Ceka mposhti Covid-19: &#8211; Kemi nj\u00eb klonim nga kryeministri q\u00eb \u00ebsht\u00eb arrogant me qytetarin&#8230;","author":"Kurt Farka","date":"October 9, 2020","format":false,"excerpt":"\u201c5 mij\u00eb euro trajtimi\u201d, Neritan Ceka mposhti Covid-19: - Kemi nj\u00eb klonim nga kryeministri q\u00eb \u00ebsht\u00eb arrogant me qytetarin... \u00a09 Tetor 2020 Arkeologu dhe ish-diplomati, Neritan Ceka, ishte dit\u00ebn e sotme i ftuar n\u00eb emisionin \u201cShqip\u00ebria Live\u201d n\u00eb Top Channel, ku ka zbuluar eksperienc\u00ebn e tij me Covid-19. Gjat\u00eb lidhjes\u2026","rel":"","context":"In &quot;Blogu i Udh\u00ebtarit&quot;","block_context":{"text":"Blogu i Udh\u00ebtarit","link":"https:\/\/www.shqiperia.com\/blog\/category\/blogu-i-udhetarit\/"},"img":{"alt_text":"","src":"https:\/\/i0.wp.com\/www.shqiperia.com\/blog\/wp-content\/uploads\/2020\/10\/Neritan-Ceka.jpg?fit=619%2C321&ssl=1&resize=350%2C200","width":350,"height":200,"srcset":"https:\/\/i0.wp.com\/www.shqiperia.com\/blog\/wp-content\/uploads\/2020\/10\/Neritan-Ceka.jpg?fit=619%2C321&ssl=1&resize=350%2C200 1x, https:\/\/i0.wp.com\/www.shqiperia.com\/blog\/wp-content\/uploads\/2020\/10\/Neritan-Ceka.jpg?fit=619%2C321&ssl=1&resize=525%2C300 1.5x"},"classes":[]},{"id":39376,"url":"https:\/\/www.shqiperia.com\/blog\/bllokohen-germimet-per-eshtra-te-burgu-i-burrelit-neritan-ceka-te-gjesh-varre-me-eskavator-metode-e-papranueshme\/","url_meta":{"origin":27356,"position":5},"title":"Bllokohen g\u00ebrmimet p\u00ebr eshtra te burgu i Burrelit, Neritan Ceka: T\u00eb gjesh varre me eskavator, metod\u00eb e papranueshme.","author":"Kurt Farka","date":"October 8, 2020","format":false,"excerpt":"Bllokohen g\u00ebrmimet p\u00ebr eshtra te burgu i Burrelit, Neritan Ceka: T\u00eb gjesh varre me eskavator, metod\u00eb e papranueshme. 03 Tetor, 2020 Nga: Fatmira Nikolli G\u00ebrmimet e nisura p\u00ebr t\u00eb k\u00ebrkuar eshtrat e t\u00eb vdekurve ose pushkatuarve n\u00eb Burgun e Burrelit gjat\u00eb komunizmit, jan\u00eb nd\u00ebrprer\u00eb. Ndon\u00ebse lajmi i mir\u00eb g\u00ebzoi shum\u00ebk\u00ebnd,\u2026","rel":"","context":"In &quot;Blogu i Udh\u00ebtarit&quot;","block_context":{"text":"Blogu i Udh\u00ebtarit","link":"https:\/\/www.shqiperia.com\/blog\/category\/blogu-i-udhetarit\/"},"img":{"alt_text":"","src":"https:\/\/i0.wp.com\/www.shqiperia.com\/blog\/wp-content\/uploads\/2020\/10\/Varreza-e-Burgut-te-Burrelit.jpg?fit=768%2C384&ssl=1&resize=350%2C200","width":350,"height":200,"srcset":"https:\/\/i0.wp.com\/www.shqiperia.com\/blog\/wp-content\/uploads\/2020\/10\/Varreza-e-Burgut-te-Burrelit.jpg?fit=768%2C384&ssl=1&resize=350%2C200 1x, https:\/\/i0.wp.com\/www.shqiperia.com\/blog\/wp-content\/uploads\/2020\/10\/Varreza-e-Burgut-te-Burrelit.jpg?fit=768%2C384&ssl=1&resize=525%2C300 1.5x, https:\/\/i0.wp.com\/www.shqiperia.com\/blog\/wp-content\/uploads\/2020\/10\/Varreza-e-Burgut-te-Burrelit.jpg?fit=768%2C384&ssl=1&resize=700%2C400 2x"},"classes":[]}],"_links":{"self":[{"href":"https:\/\/www.shqiperia.com\/blog\/wp-json\/wp\/v2\/posts\/27356","targetHints":{"allow":["GET"]}}],"collection":[{"href":"https:\/\/www.shqiperia.com\/blog\/wp-json\/wp\/v2\/posts"}],"about":[{"href":"https:\/\/www.shqiperia.com\/blog\/wp-json\/wp\/v2\/types\/post"}],"author":[{"embeddable":true,"href":"https:\/\/www.shqiperia.com\/blog\/wp-json\/wp\/v2\/users\/9"}],"replies":[{"embeddable":true,"href":"https:\/\/www.shqiperia.com\/blog\/wp-json\/wp\/v2\/comments?post=27356"}],"version-history":[{"count":1,"href":"https:\/\/www.shqiperia.com\/blog\/wp-json\/wp\/v2\/posts\/27356\/revisions"}],"predecessor-version":[{"id":27359,"href":"https:\/\/www.shqiperia.com\/blog\/wp-json\/wp\/v2\/posts\/27356\/revisions\/27359"}],"wp:featuredmedia":[{"embeddable":true,"href":"https:\/\/www.shqiperia.com\/blog\/wp-json\/wp\/v2\/media\/27357"}],"wp:attachment":[{"href":"https:\/\/www.shqiperia.com\/blog\/wp-json\/wp\/v2\/media?parent=27356"}],"wp:term":[{"taxonomy":"category","embeddable":true,"href":"https:\/\/www.shqiperia.com\/blog\/wp-json\/wp\/v2\/categories?post=27356"},{"taxonomy":"post_tag","embeddable":true,"href":"https:\/\/www.shqiperia.com\/blog\/wp-json\/wp\/v2\/tags?post=27356"}],"curies":[{"name":"wp","href":"https:\/\/api.w.org\/{rel}","templated":true}]}}