{"id":27353,"date":"2019-10-27T09:13:33","date_gmt":"2019-10-27T09:13:33","guid":{"rendered":"https:\/\/www.shqiperia.com\/blog\/?p=27353"},"modified":"2019-10-27T09:13:33","modified_gmt":"2019-10-27T09:13:33","slug":"bushati-duhet-unanimitet-dhe-bashkepergjegjesi-per-integrimin","status":"publish","type":"post","link":"https:\/\/www.shqiperia.com\/blog\/bushati-duhet-unanimitet-dhe-bashkepergjegjesi-per-integrimin\/","title":{"rendered":"Bushati: Duhet unanimitet dhe bashk\u00ebp\u00ebrgjegj\u00ebsi p\u00ebr integrimin &#8230; &#8211;"},"content":{"rendered":"<p><img data-recalc-dims=\"1\" loading=\"lazy\" decoding=\"async\" data-attachment-id=\"27354\" data-permalink=\"https:\/\/www.shqiperia.com\/blog\/bushati-duhet-unanimitet-dhe-bashkepergjegjesi-per-integrimin\/ditmir-bushati\/\" data-orig-file=\"https:\/\/i0.wp.com\/www.shqiperia.com\/blog\/wp-content\/uploads\/2019\/10\/Ditmir-Bushati.jpg?fit=1280%2C684&amp;ssl=1\" data-orig-size=\"1280,684\" data-comments-opened=\"1\" data-image-meta=\"{&quot;aperture&quot;:&quot;0&quot;,&quot;credit&quot;:&quot;&quot;,&quot;camera&quot;:&quot;&quot;,&quot;caption&quot;:&quot;&quot;,&quot;created_timestamp&quot;:&quot;0&quot;,&quot;copyright&quot;:&quot;&quot;,&quot;focal_length&quot;:&quot;0&quot;,&quot;iso&quot;:&quot;0&quot;,&quot;shutter_speed&quot;:&quot;0&quot;,&quot;title&quot;:&quot;&quot;,&quot;orientation&quot;:&quot;0&quot;}\" data-image-title=\"Ditmir Bushati\" data-image-description=\"\" data-image-caption=\"\" data-medium-file=\"https:\/\/i0.wp.com\/www.shqiperia.com\/blog\/wp-content\/uploads\/2019\/10\/Ditmir-Bushati.jpg?fit=300%2C160&amp;ssl=1\" data-large-file=\"https:\/\/i0.wp.com\/www.shqiperia.com\/blog\/wp-content\/uploads\/2019\/10\/Ditmir-Bushati.jpg?fit=1024%2C547&amp;ssl=1\" class=\"alignnone  wp-image-27354\" alt=\"\" src=\"https:\/\/i0.wp.com\/www.shqiperia.com\/blog\/wp-content\/uploads\/2019\/10\/Ditmir-Bushati.jpg?resize=476%2C254&#038;ssl=1\" width=\"476\" height=\"254\" srcset=\"https:\/\/i0.wp.com\/www.shqiperia.com\/blog\/wp-content\/uploads\/2019\/10\/Ditmir-Bushati.jpg?resize=300%2C160&amp;ssl=1 300w, https:\/\/i0.wp.com\/www.shqiperia.com\/blog\/wp-content\/uploads\/2019\/10\/Ditmir-Bushati.jpg?resize=768%2C410&amp;ssl=1 768w, https:\/\/i0.wp.com\/www.shqiperia.com\/blog\/wp-content\/uploads\/2019\/10\/Ditmir-Bushati.jpg?resize=1024%2C547&amp;ssl=1 1024w, https:\/\/i0.wp.com\/www.shqiperia.com\/blog\/wp-content\/uploads\/2019\/10\/Ditmir-Bushati.jpg?resize=450%2C240&amp;ssl=1 450w, https:\/\/i0.wp.com\/www.shqiperia.com\/blog\/wp-content\/uploads\/2019\/10\/Ditmir-Bushati.jpg?resize=600%2C321&amp;ssl=1 600w, https:\/\/i0.wp.com\/www.shqiperia.com\/blog\/wp-content\/uploads\/2019\/10\/Ditmir-Bushati.jpg?resize=400%2C214&amp;ssl=1 400w, https:\/\/i0.wp.com\/www.shqiperia.com\/blog\/wp-content\/uploads\/2019\/10\/Ditmir-Bushati.jpg?w=1280&amp;ssl=1 1280w\" sizes=\"auto, (max-width: 476px) 100vw, 476px\" \/><\/p>\n<p><strong>Bushati: Duhet unanimitet dhe bashk\u00ebp\u00ebrgjegj\u00ebsi p\u00ebr integrimin<\/strong><\/p>\n<p>19\/10\/19<\/p>\n<p>Ish-ministri i Jasht\u00ebm i qeveris\u00eb Rama dhe an\u00ebtari i kryesis\u00eb s\u00eb PS, flet p\u00ebr negociatat, p\u00ebr marr\u00ebdh\u00ebniet me Ram\u00ebn, situat\u00ebn brenda mazhoranc\u00ebs, dekriminalizimin, fitoren e Albin Kurtit dhe i kthehet debatit p\u00ebr iden\u00eb e ndryshimit t\u00eb kufijve t\u00eb Kosov\u00ebs.<\/p>\n<p>N\u00eb analiz\u00ebn e ish-ministrit t\u00eb Jasht\u00ebm Ditmir Bushati \u201cmbyllja e der\u00ebs\u201d nga BE duhet par\u00eb n\u00eb disa plane; nga problemet e brendshme t\u00eb BE-s\u00eb, por dhe p\u00ebrgjegj\u00ebsit\u00eb q\u00eb vijn\u00eb nga qeveria shqiptare dhe klasa politike shqiptare n\u00eb p\u00ebrgjith\u00ebsi si bashk\u00ebp\u00ebrgjegj\u00ebse p\u00ebr polarizimin politik t\u00eb vazhduesh\u00ebm.Bushati nj\u00eb z\u00eb kritik i hapur, shum\u00eb her\u00eb i vetmuar, brenda Partis\u00eb Socialiste q\u00eb ka sot pushtetin, flet edhe p\u00ebr problemet brenda shumic\u00ebs, me element\u00ebt e inkriminuar q\u00eb jan\u00eb kandiduar n\u00eb poste t\u00eb r\u00ebnd\u00ebsishme apo jan\u00eb pran\u00eb partis\u00eb. Bushati beson se \u201ckordoni sanitar\u201d, sic e ka quajtur ai, realizohet duke i dh\u00ebn\u00eb m\u00eb shum\u00eb hap\u00ebsir\u00eb mendimit t\u00eb an\u00ebtar\u00ebsis\u00eb n\u00eb vendimarrje dhe duke mos mbajtur si partner\u00eb \u201cpersona, t\u00eb cil\u00ebt, agjenci t\u00eb specializuara apo partner\u00eb nd\u00ebrkomb\u00ebtar\u00eb, i kan\u00eb identifikuar si t\u00eb pap\u00ebrshtatsh\u00ebm\u201d.<\/p>\n<p>Edhe pse u largua si minist\u00ebr, si dhe nga drejtimi politik i qarkut t\u00eb Shkodr\u00ebs, Bushati nuk e sheh karrier\u00ebn e tij politike n\u00eb PS t\u00eb p\u00ebrfunduar duke besuar se PS-ja e ka t\u00eb nevojshme debatin e brendsh\u00ebm.<\/p>\n<p>N\u00eb lidhje me Kosov\u00ebn, Bushati beson se plani apo ideja e ndryshimit t\u00eb kufijve bie n\u00eb kund\u00ebrshtim me strategjin\u00eb komb\u00ebtare t\u00eb siguris\u00eb.\u00a0Ai duket skeptik ndaj t\u00eb ashtuquajturit \u201cShengen Ballkanik\u201d, por beson se energjia duhet kanalizuar n\u00eb krijimin e nj\u00eb hap\u00ebsire t\u00eb p\u00ebrbashk\u00ebt ekonomike me Kosov\u00ebn. Fitorja e Albin Kurtit n\u00eb Kosov\u00eb p\u00ebrsh\u00ebndetet me entuziaz\u00ebm nga Bushati, i cili e sheh k\u00ebt\u00eb si \u201ctriumf t\u00eb s\u00eb res\u00eb mbi t\u00eb vjetr\u00ebn\u201d.<\/p>\n<p>***<\/p>\n<p><strong>Intervistoi: Blerina Gjoka\u00a0<\/strong><\/p>\n<p><strong><em>Zoti Bushati, si e shikoni q\u00ebndrimin e mbajtur nga Franca p\u00ebr \u00e7eljen e negociatave me Shqip\u00ebrin\u00eb dhe reagimin e qeveris\u00eb shqiptare q\u00eb k\u00ebmb\u00ebngul q\u00eb s\u2019ka t\u00eb b\u00ebj\u00eb me ne, por \u00ebsht\u00eb \u00e7\u00ebshtje e brendshme e BE-s\u00eb?<\/em><\/strong><\/p>\n<p>Franca ka nj\u00eb q\u00ebndrim q\u00eb ka artikuluar gjat\u00eb k\u00ebsaj periudhe sipas t\u00eb cilit k\u00ebrkon t\u00eb reformohet m\u00eb tej Bashkimi Europian dhe t\u00eb thellohet procesi i integrimit brenda familjes europiane dhe m\u00eb pas t\u00eb p\u00ebrgatiten procedurat p\u00ebr hyrjen e vendeve t\u00eb reja n\u00eb BE si\u00e7 \u00ebsht\u00eb dhe rasti i Ballkanit Per\u00ebndimor. Presidenti Macron e ka lidhur n\u00eb m\u00ebnyr\u00eb figurative faktin q\u00eb nj\u00eb vend an\u00ebtar i BE \u00ebsht\u00eb n\u00eb procesin e daljes dhe ka k\u00ebrkuar m\u00eb shum\u00eb rregulla dhe m\u00eb shum\u00eb mir\u00ebkuptim brenda vet\u00eb unionit.<\/p>\n<p>N\u00eb gjykimin tim procesi i thellimit dhe reformimit t\u00eb m\u00ebtejsh\u00ebm t\u00eb BE nuk ka pse dhe nuk duhet ta pengoj\u00eb zgjerimin e tij. Sepse nisja e bisedimeve p\u00ebr an\u00ebtar\u00ebsim me Shqip\u00ebrin\u00eb do t\u00eb ishte nj\u00eb proces q\u00eb do t\u00eb zgjaste t\u00eb pakt\u00ebn nj\u00eb dekad\u00eb dhe kjo do t\u2019i krijonte mund\u00ebsin\u00eb, qoft\u00eb Shqip\u00ebris\u00eb p\u00ebr t\u00eb vijuar me procesin e an\u00ebtar\u00ebsimit n\u00eb BE, ashtu dhe vet\u00eb BE p\u00ebr t\u00eb avancuar procesin e reformave brenda vetes. Ka nj\u00eb pik\u00ebpamje t\u00eb drejt\u00eb p\u00ebr sa i p\u00ebrket nevoj\u00ebs p\u00ebr t\u00eb reformuar procedurat dhe metodologjin\u00eb e zgjerimit. N\u00eb rast se shohim procesin e an\u00ebtar\u00ebsimit t\u00eb Serbis\u00eb, Malit t\u00eb Zi, p\u00ebr t\u00eb mos folur p\u00ebr Turqin\u00eb, \u00ebsht\u00eb e qart\u00eb q\u00eb koh\u00ebzgjatja \u00ebsht\u00eb p\u00ebrtej \u00e7do imagjinate.<\/p>\n<p>Mali i Zi i ka nisur negociatat n\u00eb vitin 2012 dhe ka hapur pothuajse t\u00eb gjith\u00eb kapitujt me p\u00ebrjashtim t\u00eb nj\u00eb kapitulli dhe ka arritur t\u00eb mbyll\u00eb vet\u00ebm 3 p\u00ebrkoh\u00ebsisht. Serbia q\u00eb ka hapur 17 kapituj dhe ka mbyllur vet\u00ebm 2 p\u00ebrkoh\u00ebsisht n\u00eb nj\u00eb proces t\u00eb nisur q\u00eb n\u00eb 2014-\u00ebn. Me k\u00ebto ritme, procesi rrezikon t\u00eb b\u00ebhet i paparashikuesh\u00ebm dhe v\u00ebshtir\u00ebsisht i kuptuesh\u00ebm se kur k\u00ebto vende do t\u00eb jen\u00eb gati p\u00ebr t\u2019u an\u00ebtar\u00ebsuar n\u00eb BE. Prandaj \u201cdiagnoza\u201d e Franc\u00ebs duhet shoq\u00ebruar m\u00eb nj\u00eb plan t\u00eb qart\u00eb alternativ se si nga kjo \u201ckriz\u00eb\u201d t\u00eb krijohet nj\u00eb mund\u00ebsi q\u00eb t\u00eb reformohet paralelisht procesi i an\u00ebtar\u00ebsimit t\u00eb vendeve tona n\u00eb BE dhe nga ana tjet\u00ebr ne t\u00eb konsolidojm\u00eb procesin e reformave.<\/p>\n<p>Macron vuri theksin te numri i azilk\u00ebrkuesve shqiptar\u00eb dhe \u00ebsht\u00eb krijuar ideja se po penalizohet dhe Maqedonia e Veriut prej nesh\u2026 Procesi i liberalizimit t\u00eb vizave tradicionalisht \u00ebsht\u00eb konsideruar ve\u00e7mas nga procesi i an\u00ebtar\u00ebsimit, kujtoj k\u00ebtu rastin e 10 vendeve q\u00eb u b\u00ebn\u00eb pjes\u00eb n\u00eb 2004 n\u00eb BE apo Bullgaris\u00eb e Rumanis\u00eb e Kroacin\u00eb m\u00eb von\u00eb. Liria e l\u00ebvizjes brenda BE \u00ebsht\u00eb nj\u00eb proces i cili negociohet n\u00eb paket\u00eb si pjes\u00eb e 4 lirive kryesore t\u00eb tregut t\u00eb brendsh\u00ebm me BE, prandaj n\u00eb k\u00ebt\u00eb kontekst mendoj se BE ka ndjekur rendin e duhur dhe me Shqip\u00ebrin\u00eb.<\/p>\n<p>Ka koh\u00eb q\u00eb ekziston ky fenomen shqet\u00ebsues i azilk\u00ebrkimit nga shtetas shqiptar\u00eb n\u00eb Franc\u00eb, nj\u00eb fenomen q\u00eb u shfaq fillimisht n\u00eb Gjermani. Ne e adresuam me autoritetet gjermane. Edhe me autoritetet franceze \u00ebsht\u00eb punuar mjaft ngusht\u00eb p\u00ebr ta zbutur k\u00ebt\u00eb fenomen, por natyrisht \u00ebsht\u00eb nj\u00eb fenomen shqet\u00ebsues sepse keqp\u00ebrdorimi i liris\u00eb s\u00eb l\u00ebvizjes penalizon dhe qytetar\u00ebt e tjer\u00eb shqiptar\u00eb q\u00eb e kan\u00eb zbatuar k\u00ebt\u00eb liri t\u00eb fituar q\u00eb n\u00eb 2011.<\/p>\n<p><strong><em>\u00c7far\u00eb mendoni p\u00ebr m\u00ebnyr\u00ebn si ka reaguar qeveria, a duhet t\u00eb kishte harxhuar m\u00eb shum\u00eb energji p\u00ebr t\u00eb plot\u00ebsuar kushtet sesa p\u00ebr t\u00eb b\u00ebr\u00eb propagand\u00eb e p\u00ebr t\u00eb gjetur \u201cfajtor\u00ebt\u201d?<\/em><\/strong><\/p>\n<p>Shqip\u00ebria meritonte nisjen e bisedimeve t\u00eb pranimit q\u00eb n\u00eb 2018-\u00ebn kur edhe u zhvillua \u201cbeteja\u201d e par\u00eb nd\u00ebrmjet vendeve an\u00ebtare t\u00eb BE-se e ku m\u00eb pas u p\u00ebrcaktua nj\u00eb kalendar me afate p\u00ebr 2019, p\u00ebrfshir\u00eb organizimin e Konferenc\u00ebs s\u00eb Par\u00eb Nd\u00ebrqeveritare, q\u00eb simbolizon nisjen e k\u00ebtij procesi. Dua t\u00eb sqaroj nj\u00eb element q\u00eb \u00ebsht\u00eb thelb\u00ebsor.<\/p>\n<p>N\u00ebse kthejm\u00eb kok\u00ebn e t\u00eb shohim procesin e integrimit europian nuk gjejm\u00eb dot nj\u00eb moment q\u00eb BE t\u00eb ket\u00eb qen\u00eb 100% gati p\u00ebr t\u00eb mikpritur nj\u00eb vend dhe nga ana tjet\u00ebr \u00ebsht\u00eb shum\u00eb e v\u00ebshtir\u00eb t\u00eb gjejm\u00eb nj\u00eb rast q\u00eb nj\u00eb vend ka qen\u00eb 100 % gati p\u00ebr t\u00eb hedhur hapin e radh\u00ebs. I gjith\u00eb procesi i an\u00ebtar\u00ebsimit bazohet mbi parimin e kusht\u00ebzimit demokratik. Besoj se Shqip\u00ebria n\u00eb rast se do t\u00eb kishte nj\u00eb klim\u00eb politike m\u00eb bashk\u00ebpunuese nd\u00ebr vite sot ndoshta do t\u00eb ishte p\u00ebrpara Malit t\u00eb Zi dhe Serbis\u00eb. Kritere, kushte, standarde e detyra sht\u00ebpie do t\u00eb kemi gjithmon\u00eb.<\/p>\n<p>Nj\u00eb nga kritikat q\u00eb i b\u00ebhet procesit t\u00eb zgjerimit sot \u00ebsht\u00eb fakti q\u00eb kur t\u00eb ulemi n\u00eb tryez\u00ebn e bisedimeve, n\u00ebse do t\u00eb mbahet kjo metodologji, p\u00ebr t\u00eb p\u00ebrcaktuar kushtet q\u00eb duhen p\u00ebrmbushur nga vendi aspirant p\u00ebr hapjen e nj\u00eb kapitulli duhet t\u00eb ket\u00eb unanimitet nga t\u00eb gjitha vendet an\u00ebtare. Imagjinoni sa e ngusht\u00eb po b\u00ebhet dera, nga der\u00eb e madhe po b\u00ebhet deri\u00e7k\u00eb p\u00ebr n\u00eb BE. Kjo imponon nj\u00eb qasje krejt tjet\u00ebr dhe nj\u00eb bashk\u00ebp\u00ebrgjegj\u00ebsi m\u00eb t\u00eb madhe p\u00ebr k\u00ebt\u00eb proces.<\/p>\n<p><strong><em>Meq\u00eb po flasim p\u00ebr p\u00ebrgjegj\u00ebsin\u00eb, kryeministri Zaev e sheh moshapjen e negociatave t\u00eb lidhur me fatin e qeveris\u00eb s\u00eb tij dhe t\u00eb tij si kryeminist\u00ebr i vendit, a duhet t\u00eb vlente dhe p\u00ebr Shqip\u00ebrin\u00eb e nj\u00ebjta aksiom\u00eb?<\/em><\/strong><\/p>\n<p>Mendoj se logjika kryesore q\u00eb duhet t\u00eb orientoj\u00eb t\u00eb gjith\u00eb k\u00ebt\u00eb proces \u00ebsht\u00eb logjika e bashk\u00ebp\u00ebrgjegj\u00ebsis\u00eb. Na duhet nj\u00eb pakt komb\u00ebtar p\u00ebr reformat kryesore shtet-nd\u00ebrtuese sepse p\u00ebr Shqip\u00ebrin\u00eb dhe p\u00ebr vende t\u00eb tjera t\u00eb rajonit nuk ka alternativ\u00eb tjet\u00ebr p\u00ebrkundrejt alternativ\u00ebs s\u00eb an\u00ebtar\u00ebsimit n\u00eb BE. M\u00eb shum\u00eb se 80 % e tregtis\u00eb e vendeve t\u00eb Ballkanit Per\u00ebndimor realizohet me BE.<\/p>\n<p>Mbi 80 % e kapitalit t\u00eb bankave prezent n\u00eb vendet e Ballkanit Per\u00ebndimor \u00ebsht\u00eb gjithashtu kapital per\u00ebndimor. Po k\u00ebshtu vlerat europiane jan\u00eb model udh\u00ebrr\u00ebfyes p\u00ebr vendet e Ballkanit Per\u00ebndimor. \u00c7\u00ebshtja shtrohet a jemi t\u00eb gatsh\u00ebm p\u00ebr t\u00eb b\u00ebr\u00eb secili detyr\u00ebn n\u00eb k\u00ebt\u00eb proces? Nuk diskutohet se kur vjen fjala p\u00ebr zbatimin e reformave p\u00ebrgjegj\u00ebsin\u00eb e kemi ne q\u00eb jemi n\u00eb krye t\u00eb pun\u00ebve t\u00eb vendit. Nd\u00ebrkoh\u00eb q\u00eb p\u00ebr t\u00eb r\u00ebn\u00eb dakord p\u00ebr k\u00ebto reforma p\u00ebrgjegj\u00ebsia \u00ebsht\u00eb e p\u00ebrbashk\u00ebt. A jemi p\u00ebrkujdesur sa duhet p\u00ebrkundrejt\u00a0 nj\u00eb procesi gjithnj\u00eb e m\u00eb impenjativ teksa BE nuk \u00ebsht\u00eb n\u00eb dit\u00ebn e saj m\u00eb t\u00eb mir\u00eb?<\/p>\n<p>Zhvillimet politike t\u00eb paprecedenta, si djegia e mandateve dhe mospjes\u00ebmarrja n\u00eb zgjedhje e opozit\u00ebs, mungesa e imagjinat\u00ebs p\u00ebr t\u00eb prekur horizontin shoq\u00ebruar me munges\u00ebn kapacitetit p\u00ebr m\u00eb shum\u00eb kompromise nuk reflektojn\u00eb potencialin real t\u00eb Shqip\u00ebris\u00eb. Me t\u00eb drejt\u00eb njer\u00ebzit e lidhin k\u00ebt\u00eb proces me t\u00eb mirat dhe me reformat q\u00eb ata kan\u00eb mund\u00ebsi t\u2019i \u201cprekin\u201d, sepse njer\u00ebzit n\u00eb fund t\u00eb dit\u00ebs nuk han\u00eb kapituj, njer\u00ebzit e kan\u00eb t\u00eb lidhur procesin me zhvillimin dhe demokratizimin e jet\u00ebs n\u00eb vend.<\/p>\n<p><strong><em>Zoti Bushati, ju keni t\u00ebrhequr v\u00ebmendjen e opinionit publik p\u00ebr kritikat tuaja brenda Partis\u00eb Socialiste. \u00c7far\u00eb keni parasysh me kordon sanitar, kur i referoheni masave p\u00ebr t\u00eb mos lejuar persona t\u00eb inkriminuar n\u00eb PS?<\/em><\/strong><\/p>\n<p>Partia Socialiste \u00ebsht\u00eb nj\u00eb familje e madhe politike e socialist\u00ebve, progresist\u00ebve, demokrat\u00ebve, e njer\u00ebzve q\u00eb besojn\u00eb te vlerat e demokracis\u00eb liberale dhe socialdemokracis\u00eb. 30 vjet nga r\u00ebnia e komunizmit ne duhet t\u00eb p\u00ebrmir\u00ebsojm\u00eb sistemin e p\u00ebrfaq\u00ebsimit t\u00eb vlerave n\u00eb parti dhe n\u00eb institucionet p\u00ebrfaq\u00ebsuese. Sot, kemi nj\u00eb gjenerat\u00eb njer\u00ebzish t\u00eb shkolluar, njer\u00ebz t\u00eb spikatur n\u00eb komunitet, aty ku PS ka l\u00ebn\u00eb gjurm\u00eb t\u00eb prekshme p\u00ebr sa i p\u00ebrket administrimit t\u00eb qeverisjes n\u00eb pushtet qendror apo vendor.<\/p>\n<p>Sot, kemi njer\u00ebz q\u00eb jan\u00eb n\u00eb diaspor\u00eb e duan t\u00eb kontribuojn\u00eb p\u00ebr vendin duke qen\u00eb pjes\u00eb e PS, e mbi t\u00eb gjitha e nj\u00eb PS sa m\u00eb t\u00eb sh\u00ebndetshme dhe inspiruese p\u00ebr nga vlerat q\u00eb p\u00ebr\u00e7on. V\u00ebshtruar n\u00eb k\u00ebt\u00eb kontekst, ne duhet t\u00eb nxjerrim edhe disa m\u00ebsime nga eksperienca e hidhur me njer\u00ebz q\u00eb n\u00eb t\u00eb shkuar\u00ebn kan\u00eb pasur probleme me ligjin.<\/p>\n<p>Vijoj t\u00eb mbetem i mendimit se p\u00ebrgjegj\u00ebsia ligjore \u00ebsht\u00eb individuale, por ne si drejtues t\u00eb PS-s\u00eb na takon t\u00eb adresojm\u00eb p\u00ebrgjegj\u00ebsit\u00eb politike duke zgjeruar radh\u00ebt e vendimmarrjes n\u00eb parti, duke b\u00ebr\u00eb baz\u00ebn e partis\u00eb pjes\u00eb t\u00eb k\u00ebsaj vendimmarrje; qoft\u00eb p\u00ebr trupat p\u00ebrfaq\u00ebsuese n\u00eb nivel vendor, por dhe p\u00ebr ato n\u00eb nivel qendror dhe duke ia n\u00ebnshtruar vendimmarrjet nj\u00eb mbik\u00ebqyrjeje sa m\u00eb t\u00eb im\u00ebt nga ana e strukturave t\u00eb partis\u00eb dhe komunitetit.<\/p>\n<p><strong><em>Si i p\u00ebrgjigjeni ju kritikave, q\u00eb thon\u00eb se ju aty ishit, kur n\u00eb qeverisje erdh\u00ebn persona me t\u00eb shkuar kriminale, dhe nuk e keni ngritur z\u00ebrin?<\/em><\/strong><\/p>\n<p>\u00c7do familje, p\u00ebrfshi dhe familjen politike, \u00e7\u00ebshtje t\u00eb tilla i diskuton brenda vetes. M\u00eb pas miraton nisma q\u00eb synojn\u00eb frenimin apo parandalimin e fenomeneve t\u00eb tilla q\u00eb n\u00eb fakt g\u00ebrryejn\u00eb besimin e njer\u00ebzve tek politika dhe jeta publike n\u00eb p\u00ebrgjith\u00ebsi. N\u00eb fund t\u00eb 2014-\u00ebs miratuam nj\u00eb rezolut\u00eb n\u00eb Kuvend p\u00ebr dekriminalizimin.<\/p>\n<p>Nd\u00ebrkoh\u00eb q\u00eb n\u00eb 2015-\u00ebs rezoluta u kthye n\u00eb ligj, i cili \u00ebsht\u00eb nj\u00eb nga ligjet m\u00eb t\u00eb ashpra q\u00eb ne kemi krahasuar me vende t\u00eb tjera q\u00eb jan\u00eb prekur nga i nj\u00ebjti virus. Mir\u00ebpo, fakti q\u00eb i nj\u00ebjti fenomen na u p\u00ebrs\u00ebrit edhe n\u00eb 2019-\u00ebn tregon q\u00eb duhen m\u00eb shum\u00eb mekanizma politik\u00eb dhe nj\u00eb reformim i jet\u00ebs politike, sepse jo \u00e7do gj\u00eb mund t\u00eb zgjidhet me ligj.<\/p>\n<p><strong><em>Cila mendoni se \u00ebsht\u00eb e ardhmja juaj n\u00eb PS pas largimit q\u00eb kryeministri ju b\u00ebri nga drejtimi politik i qarkut Shkod\u00ebr? A jan\u00eb k\u00ebto t\u00eb dh\u00ebna t\u00eb mjaftueshme p\u00ebr t\u00eb kuptuar se karriera juaj n\u00eb PS \u00ebsht\u00eb mbyllur?<\/em><\/strong><\/p>\n<p>Un\u00eb jam an\u00ebtar i kryesis\u00eb s\u00eb PS, jam deputet q\u00eb n\u00eb 2009-\u00ebn, jam duke ushtruar t\u00eb gjitha p\u00ebrgjegj\u00ebsit\u00eb e mia dhe pik\u00ebpamjet q\u00eb un\u00eb kam parashtruar, qoft\u00eb n\u00eb forumet e partis\u00eb, apo n\u00eb publik, jan\u00eb pik\u00ebpamje q\u00eb un\u00eb besoj se e sh\u00ebndoshin PS-n\u00eb dhe klim\u00ebn politike brenda radh\u00ebve tona.<\/p>\n<p>N\u00eb nj\u00eb parti politike njer\u00ebzit b\u00ebhen s\u00eb bashku p\u00ebr t\u00eb dh\u00ebn\u00eb kontributin e tyre p\u00ebr \u00e7\u00ebshtje t\u00eb ndryshme. Ne kemi diskutime e debate dhe p\u00ebr fenomene t\u00eb tjera t\u00eb politik\u00ebs q\u00eb jan\u00eb normale brenda nj\u00eb familje politike. Nuk e kam konceptuar asnj\u00ebher\u00eb karrier\u00ebn time politike brenda PS t\u00eb lidhur me nj\u00eb situat\u00eb t\u00eb caktuar.<\/p>\n<p><strong><em>A ndiheni vet\u00ebm?<\/em><\/strong><\/p>\n<p>Nuk ndihem vet\u00ebm, sepse e para PS-ja pa debat dhe pa diskutime \u00ebsht\u00eb e pakonceptueshme. Nuk ndihem vet\u00ebm sepse n\u00eb rast se do t\u00eb flas\u00ebsh me strukturat e PS kudo qofshin ata nuk ka nj\u00eb an\u00ebtar t\u00eb saj q\u00eb nuk do t\u00eb d\u00ebshironte t\u00eb thoshte fjal\u00ebn e vet p\u00ebr ekipin q\u00eb do duhet ta p\u00ebrfaq\u00ebsoj\u00eb n\u00eb k\u00ebshillin bashkiak, n\u00eb bashki, n\u00eb Kuvend apo strukturat vendimmarr\u00ebse n\u00eb PS.<\/p>\n<p>N\u00eb fund t\u00eb dit\u00ebs pjes\u00ebmarrja n\u00eb nj\u00eb parti politike ka t\u00eb b\u00ebj\u00eb, jo vet\u00ebm me angazhimin, po dhe me z\u00ebrin q\u00eb ka secili prej an\u00ebtar\u00ebve n\u00eb k\u00ebt\u00eb proces. Nj\u00eb gj\u00eb t\u00eb till\u00eb e them dhe nga eksperienca ime personale n\u00eb qarkun Shkod\u00ebr ku m\u00eb shum\u00eb se sa opinionet personale t\u00eb nj\u00ebrit apo tjetrit vlen reformimi i partis\u00eb dhe plazmimi i disa proceseve, ku baza e partis\u00eb duhet t\u00eb ket\u00eb rolin kryesor n\u00eb vendimmarrje.<\/p>\n<p><strong><em>Le t\u00eb kthehemi tek nj\u00eb \u00e7\u00ebshtje q\u00eb u konsiderua nj\u00eb \u201cpatate e nxeht\u00eb\u201d n\u00eb rajon. \u00c7far\u00eb fshihej pas planeve p\u00ebr korrektim kufijsh? Sa e rrezikshme ishte kjo ide p\u00ebr Ballkanin?<\/em><\/strong><\/p>\n<p>Ne nuk kemi arsye t\u00eb humbim koh\u00eb me plane apo ide q\u00eb nuk funksionojn\u00eb dhe q\u00eb nuk jan\u00eb n\u00eb favor t\u00eb faktorit shqiptar n\u00eb rajon. Ne kemi nevoj\u00eb p\u00ebr t\u00eb \u00e7liruar energji pozitive dhe p\u00ebr t\u00eb thelluar bashk\u00ebpunimin mes Shqip\u00ebris\u00eb e Kosov\u00ebs, p\u00ebr ta transformuar hap\u00ebsir\u00ebn mes dy vendeve n\u00eb radh\u00eb t\u00eb par\u00eb n\u00eb nj\u00eb hap\u00ebsir\u00eb t\u00eb p\u00ebrbashk\u00ebt ekonomike. P\u00ebr k\u00ebt\u00eb nuk kemi pengesa as nga BE e as nga ata q\u00eb mund t\u00eb mos ia duan t\u00eb mir\u00ebn Shqip\u00ebris\u00eb e Kosov\u00ebs.<\/p>\n<p>Shpesh, pengesa n\u00eb k\u00ebt\u00eb drejtim jemi vet\u00eb ne. Pra, burokracia nga t\u00eb dyja an\u00ebt e kufirit e n\u00eb disa raste interesat e kalcifikuara q\u00eb nuk kemi arritur t\u2019i \u00e7montojm\u00eb. Ne duhet t\u00eb p\u00ebrqendrohemi n\u00eb fuqizimin ekonomik t\u00eb faktorit shqiptar n\u00eb rajon p\u00ebr t\u00eb vijuar dhe n\u00eb fusha t\u00eb tjera. Vet\u00ebm n\u00ebp\u00ebrmjet nj\u00eb procesi t\u00eb till\u00eb do t\u00eb jemi n\u00eb gjendje t\u00eb kontribuojm\u00eb m\u00eb shum\u00eb p\u00ebr stabilitetin dhe zhvillimin e rajonit.<\/p>\n<p><strong><em>Sa e ndihmon k\u00ebt\u00eb proces \u201cShengeni Ballkanik\u201d q\u00eb firmosi Rama me Vu\u00e7i\u00e7 e Zaev?\u00a0<\/em><\/strong><\/p>\n<p>Un\u00eb nuk e kam lexuar si \u201cShengen Ballkanik\u201d dhe as si marr\u00ebveshje p\u00ebrfundimtare. Por si nj\u00eb deklarat\u00eb me angazhime t\u00eb hapura dhe p\u00ebr vende t\u00eb tjera t\u00eb rajonit, Malin e Zi, Kosov\u00ebn e Bosnj\u00ebn.<\/p>\n<p><strong><em>Si i keni pritur zgjedhjet n\u00eb Kosov\u00eb?<\/em><\/strong><\/p>\n<p>\u00cbsht\u00eb fitorja e t\u00eb res\u00eb mbi rr\u00ebnojat e t\u00eb vjetr\u00ebs. Uroj q\u00eb Albini dhe Vjosa, si dy fituesit kryesor\u00eb t\u00eb k\u00ebtyre zgjedhjeve, t\u00eb shkojn\u00eb drejt nj\u00eb koalicioni t\u00eb q\u00ebndruesh\u00ebm, nj\u00eb koalicioni q\u00eb n\u00eb radh\u00eb t\u00eb par\u00eb do t\u00eb duhet t\u00eb krijoj\u00eb ndryshim jo thjesht rotacion.<\/p>\n<p>MAPO.AL\/<\/p>\n","protected":false},"excerpt":{"rendered":"<p>Bushati: Duhet unanimitet dhe bashk\u00ebp\u00ebrgjegj\u00ebsi p\u00ebr integrimin 19\/10\/19 Ish-ministri i Jasht\u00ebm i qeveris\u00eb Rama dhe an\u00ebtari i kryesis\u00eb s\u00eb PS, flet p\u00ebr negociatat, p\u00ebr marr\u00ebdh\u00ebniet me Ram\u00ebn, situat\u00ebn brenda mazhoranc\u00ebs, dekriminalizimin, fitoren e Albin Kurtit dhe i kthehet debatit p\u00ebr iden\u00eb e ndryshimit t\u00eb kufijve t\u00eb Kosov\u00ebs. N\u00eb analiz\u00ebn e ish-ministrit t\u00eb Jasht\u00ebm Ditmir Bushati [&hellip;]<\/p>\n","protected":false},"author":9,"featured_media":27354,"comment_status":"open","ping_status":"open","sticky":false,"template":"","format":"standard","meta":{"jetpack_post_was_ever_published":false,"_jetpack_newsletter_access":"","_jetpack_dont_email_post_to_subs":false,"_jetpack_newsletter_tier_id":0,"_jetpack_memberships_contains_paywalled_content":false,"_jetpack_memberships_contains_paid_content":false,"footnotes":"","jetpack_publicize_message":"","jetpack_publicize_feature_enabled":true,"jetpack_social_post_already_shared":true,"jetpack_social_options":{"image_generator_settings":{"template":"highway","default_image_id":0,"font":"","enabled":false},"version":2}},"categories":[27,2],"tags":[],"class_list":["post-27353","post","type-post","status-publish","format-standard","has-post-thumbnail","hentry","category-blogu-i-udhetarit","category-politika"],"jetpack_publicize_connections":[],"jetpack_featured_media_url":"https:\/\/i0.wp.com\/www.shqiperia.com\/blog\/wp-content\/uploads\/2019\/10\/Ditmir-Bushati.jpg?fit=1280%2C684&ssl=1","jetpack_sharing_enabled":true,"jetpack_shortlink":"https:\/\/wp.me\/p5Z6wp-77b","jetpack-related-posts":[{"id":25238,"url":"https:\/\/www.shqiperia.com\/blog\/bushati-del-nga-rreshti-ps-reforme-me-rrenje-duhet-te-kerkojme-falje\/","url_meta":{"origin":27353,"position":0},"title":"Bushati del nga rreshti: PS, reform\u00eb me rr\u00ebnj\u00eb, duhet t\u00eb k\u00ebrkojm\u00eb falje. &#8211;","author":"Kurt Farka","date":"August 29, 2019","format":false,"excerpt":"Bushati del nga rreshti: PS, reform\u00eb me rr\u00ebnj\u00eb, duhet t\u00eb k\u00ebrkojm\u00eb falje. - 28 gusht 2019 Ish-ministri i Jasht\u00ebm, Ditmir Bushati tha se gjat\u00eb mbledhjes s\u00eb kryesis\u00eb s\u00eb Partis\u00eb Socialiste \u00ebsht\u00eb diskutuar situata n\u00eb Shkod\u00ebr, e krijuar pas dor\u00ebheqjes s\u00eb kandidatit socialist p\u00ebr Bashkin\u00eb, Valdin Pjetri. \u201cMe rastin e fundit\u2026","rel":"","context":"In &quot;Kultura&quot;","block_context":{"text":"Kultura","link":"https:\/\/www.shqiperia.com\/blog\/category\/kultura\/"},"img":{"alt_text":"","src":"https:\/\/i0.wp.com\/www.shqiperia.com\/blog\/wp-content\/uploads\/2019\/08\/bushati-rama-mesi-905x450.jpeg?fit=878%2C450&ssl=1&resize=350%2C200","width":350,"height":200,"srcset":"https:\/\/i0.wp.com\/www.shqiperia.com\/blog\/wp-content\/uploads\/2019\/08\/bushati-rama-mesi-905x450.jpeg?fit=878%2C450&ssl=1&resize=350%2C200 1x, https:\/\/i0.wp.com\/www.shqiperia.com\/blog\/wp-content\/uploads\/2019\/08\/bushati-rama-mesi-905x450.jpeg?fit=878%2C450&ssl=1&resize=525%2C300 1.5x, https:\/\/i0.wp.com\/www.shqiperia.com\/blog\/wp-content\/uploads\/2019\/08\/bushati-rama-mesi-905x450.jpeg?fit=878%2C450&ssl=1&resize=700%2C400 2x"},"classes":[]},{"id":74857,"url":"https:\/\/www.shqiperia.com\/blog\/ish-ministri-i-jashtem-ditmir-bushati-u-deshen-dy-jave-per-tu-dakordesuar-me-parlamentin-e-kosoves-nderkohe-per-nje-ore-denuat-sulmit-e-hamasit-ndaj-izraelit\/","url_meta":{"origin":27353,"position":1},"title":"Ish-ministri i Jasht\u00ebm Ditmir Bushati: &#8211; U desh\u00ebn dy jav\u00eb p\u00ebr t&#8217;u dakord\u00ebsuar me parlamentin e Kosov\u00ebs, nd\u00ebrkoh\u00eb p\u00ebr nj\u00eb or\u00eb d\u00ebnuat sulmit e Hamasit ndaj Izraelit","author":"Kurt Farka","date":"October 17, 2023","format":false,"excerpt":"17 Tetor 2023 Ish-ministri i Jasht\u00ebm, Ditmir Bushati theksoi se Shqip\u00ebria duhet ta shoh\u00eb Serbin\u00eb me syt\u00eb e Kosov\u00ebs. N\u00eb lidhje me p\u00ebrplasjet mes Tiran\u00ebs dhe Prishtin\u00ebs, ai tha se duhet t\u00eb ket\u00eb nj\u00eb shtensionim dhe bashk\u00ebrendim t\u00eb marr\u00ebdh\u00ebnieve. \u201cS\u00eb pari, n\u00eb rast se i referohemi marr\u00ebdh\u00ebnieve mes Shqip\u00ebris\u00eb dhe\u2026","rel":"","context":"In &quot;Blogu i Udh\u00ebtarit&quot;","block_context":{"text":"Blogu i Udh\u00ebtarit","link":"https:\/\/www.shqiperia.com\/blog\/category\/blogu-i-udhetarit\/"},"img":{"alt_text":"","src":"https:\/\/i0.wp.com\/www.shqiperia.com\/blog\/wp-content\/uploads\/2023\/10\/800-0-652ef28a07f43.jpg?fit=800%2C456&ssl=1&resize=350%2C200","width":350,"height":200,"srcset":"https:\/\/i0.wp.com\/www.shqiperia.com\/blog\/wp-content\/uploads\/2023\/10\/800-0-652ef28a07f43.jpg?fit=800%2C456&ssl=1&resize=350%2C200 1x, https:\/\/i0.wp.com\/www.shqiperia.com\/blog\/wp-content\/uploads\/2023\/10\/800-0-652ef28a07f43.jpg?fit=800%2C456&ssl=1&resize=525%2C300 1.5x, https:\/\/i0.wp.com\/www.shqiperia.com\/blog\/wp-content\/uploads\/2023\/10\/800-0-652ef28a07f43.jpg?fit=800%2C456&ssl=1&resize=700%2C400 2x"},"classes":[]},{"id":26547,"url":"https:\/\/www.shqiperia.com\/blog\/ditmir-bushati-ndihmon-fisnikerisht-djaloshin-14-vjec-dhenderr\/","url_meta":{"origin":27353,"position":2},"title":"Ditmir Bushati ndihmon fisnikerisht &#8220;Djaloshin 14 vjec dhenderr.*","author":"Kurt Farka","date":"October 1, 2019","format":false,"excerpt":"Ditmir Bushati ndihmon fisnikerisht \"Djaloshin 14 vjec dhenderr.* Nga: Fast News. 1 tetor \u00a02019. Ish-ministri p\u00ebr Europ\u00ebn dhe Pun\u00ebt e Jashtme Ditmir Bushati ka dal\u00eb me propozime t\u00eb hapura p\u00ebrsa i p\u00ebrket procesit t\u00eb Integrimit Europian t\u00eb Shqip\u00ebris\u00eb. Bushati ka sugjeruar disa amendime n\u00eb projekt-rezolut\u00ebn e Kuvendit, e cila u\u2026","rel":"","context":"In &quot;Blogu i Udh\u00ebtarit&quot;","block_context":{"text":"Blogu i Udh\u00ebtarit","link":"https:\/\/www.shqiperia.com\/blog\/category\/blogu-i-udhetarit\/"},"img":{"alt_text":"","src":"https:\/\/i0.wp.com\/www.shqiperia.com\/blog\/wp-content\/uploads\/2019\/10\/ditmir-bushati1.jpg?fit=770%2C438&ssl=1&resize=350%2C200","width":350,"height":200,"srcset":"https:\/\/i0.wp.com\/www.shqiperia.com\/blog\/wp-content\/uploads\/2019\/10\/ditmir-bushati1.jpg?fit=770%2C438&ssl=1&resize=350%2C200 1x, https:\/\/i0.wp.com\/www.shqiperia.com\/blog\/wp-content\/uploads\/2019\/10\/ditmir-bushati1.jpg?fit=770%2C438&ssl=1&resize=525%2C300 1.5x, https:\/\/i0.wp.com\/www.shqiperia.com\/blog\/wp-content\/uploads\/2019\/10\/ditmir-bushati1.jpg?fit=770%2C438&ssl=1&resize=700%2C400 2x"},"classes":[]},{"id":16103,"url":"https:\/\/www.shqiperia.com\/blog\/diplomacia-e-shqiperise-ne-nger%d2%ab-pse-bushati-anuloi-takimin-ne-berlin\/","url_meta":{"origin":27353,"position":3},"title":"Diplomacia e Shqip\u00ebris\u00eb n\u00eb ng\u00ebr\u04ab, pse Bushati anuloi takimin n\u00eb Berlin. &#8211;","author":"Kurt Farka","date":"January 15, 2019","format":false,"excerpt":"Diplomacia e Shqip\u00ebris\u00eb n\u00eb ng\u00ebr\u04ab, pse Bushati anuloi takimin n\u00eb Berlin. - 15 janar 2019. \u00a0 Kriza institucionale e Tiran\u00ebs detyron ministrin e Jasht\u00ebm n\u00eb detyr\u00eb, Bushati t\u00eb anuloj\u00eb takimin n\u00eb Berlin me ministrin e Jasht\u00ebm gjerman Heiko Maas. Edhe takime t\u00eb r\u00ebnd\u00ebsishme p\u00ebr integrimin n\u00eb Bruksel nuk zhvillohen. Kriza\u2026","rel":"","context":"In &quot;Blogu i Udh\u00ebtarit&quot;","block_context":{"text":"Blogu i Udh\u00ebtarit","link":"https:\/\/www.shqiperia.com\/blog\/category\/blogu-i-udhetarit\/"},"img":{"alt_text":"","src":"https:\/\/i0.wp.com\/www.shqiperia.com\/blog\/wp-content\/uploads\/2019\/01\/44883911_303.jpg?fit=700%2C394&ssl=1&resize=350%2C200","width":350,"height":200,"srcset":"https:\/\/i0.wp.com\/www.shqiperia.com\/blog\/wp-content\/uploads\/2019\/01\/44883911_303.jpg?fit=700%2C394&ssl=1&resize=350%2C200 1x, https:\/\/i0.wp.com\/www.shqiperia.com\/blog\/wp-content\/uploads\/2019\/01\/44883911_303.jpg?fit=700%2C394&ssl=1&resize=525%2C300 1.5x, https:\/\/i0.wp.com\/www.shqiperia.com\/blog\/wp-content\/uploads\/2019\/01\/44883911_303.jpg?fit=700%2C394&ssl=1&resize=700%2C400 2x"},"classes":[]},{"id":47220,"url":"https:\/\/www.shqiperia.com\/blog\/hapja-e-negociatave-ditmir-bushati-ben-deklaraten-e-forte-ky-eshte-vendim-i-vonuar-duhet-qe\/","url_meta":{"origin":27353,"position":4},"title":"Hapja e negociatave. Ditmir Bushati b\u00ebn deklarat\u00ebn e FORT\u00cb: &#8211; Ky \u00ebsht\u00eb vendim i vonuar, duhet q\u00eb&#8230;","author":"Kurt Farka","date":"May 4, 2021","format":false,"excerpt":"Hapja e negociatave. Ditmir Bushati b\u00ebn deklarat\u00ebn e FORT\u00cb: - Ky \u00ebsht\u00eb vendim i vonuar, duhet q\u00eb... 4 MAJ 2021 Ish-ministri i Jasht\u00ebm Ditmir Bushati n\u00eb nj\u00eb intervist\u00eb n\u00eb \u201cGood Morning Europe\u201d tha se vendi yn\u00eb e ka marr\u00eb statusin kandidat n\u00eb 2014-\u00ebn, nd\u00ebrsa negociatat duhet t\u00eb ishin hapur n\u00eb\u2026","rel":"","context":"In &quot;Blogu i Udh\u00ebtarit&quot;","block_context":{"text":"Blogu i Udh\u00ebtarit","link":"https:\/\/www.shqiperia.com\/blog\/category\/blogu-i-udhetarit\/"},"img":{"alt_text":"","src":"https:\/\/i0.wp.com\/www.shqiperia.com\/blog\/wp-content\/uploads\/2021\/05\/Ditmir-Bushati.jpeg?fit=800%2C473&ssl=1&resize=350%2C200","width":350,"height":200,"srcset":"https:\/\/i0.wp.com\/www.shqiperia.com\/blog\/wp-content\/uploads\/2021\/05\/Ditmir-Bushati.jpeg?fit=800%2C473&ssl=1&resize=350%2C200 1x, https:\/\/i0.wp.com\/www.shqiperia.com\/blog\/wp-content\/uploads\/2021\/05\/Ditmir-Bushati.jpeg?fit=800%2C473&ssl=1&resize=525%2C300 1.5x, https:\/\/i0.wp.com\/www.shqiperia.com\/blog\/wp-content\/uploads\/2021\/05\/Ditmir-Bushati.jpeg?fit=800%2C473&ssl=1&resize=700%2C400 2x"},"classes":[]},{"id":5426,"url":"https:\/\/www.shqiperia.com\/blog\/ambasada-ruse-tallet-ministrin-ditmir-bushati\/","url_meta":{"origin":27353,"position":5},"title":"Ambasada ruse tallet me ministrin Ditmir Bushati. &#8211;","author":"Kurt Farka","date":"March 22, 2018","format":false,"excerpt":"22 Mars, 2018. - \u00a0Ambasada ruse n\u00eb Tiran\u00eb ka reaguar sot ndaj deklarat\u00ebs s\u00eb ministrit t\u00eb Jasht\u00ebm t\u00eb Shqip\u00ebris\u00eb, Ditmir Bushati lidhur me helmimin e ish spiunit rus Sergej Skripal-it dhe vajz\u00ebs s\u00eb tij Julia n\u00eb Britanin\u00eb e Madhe. Bushati tha nd\u00ebr t\u00eb tjera se Shqip\u00ebria d\u00ebnon sulmin rus, nd\u00ebrkoh\u00eb\u2026","rel":"","context":"In &quot;Politika&quot;","block_context":{"text":"Politika","link":"https:\/\/www.shqiperia.com\/blog\/category\/politika\/"},"img":{"alt_text":"","src":"https:\/\/i0.wp.com\/www.shqiperia.com\/blog\/wp-content\/uploads\/2018\/03\/ambasada-ruse-ne-Tirane-Copy.jpg?fit=480%2C397&ssl=1&resize=350%2C200","width":350,"height":200},"classes":[]}],"_links":{"self":[{"href":"https:\/\/www.shqiperia.com\/blog\/wp-json\/wp\/v2\/posts\/27353","targetHints":{"allow":["GET"]}}],"collection":[{"href":"https:\/\/www.shqiperia.com\/blog\/wp-json\/wp\/v2\/posts"}],"about":[{"href":"https:\/\/www.shqiperia.com\/blog\/wp-json\/wp\/v2\/types\/post"}],"author":[{"embeddable":true,"href":"https:\/\/www.shqiperia.com\/blog\/wp-json\/wp\/v2\/users\/9"}],"replies":[{"embeddable":true,"href":"https:\/\/www.shqiperia.com\/blog\/wp-json\/wp\/v2\/comments?post=27353"}],"version-history":[{"count":1,"href":"https:\/\/www.shqiperia.com\/blog\/wp-json\/wp\/v2\/posts\/27353\/revisions"}],"predecessor-version":[{"id":27355,"href":"https:\/\/www.shqiperia.com\/blog\/wp-json\/wp\/v2\/posts\/27353\/revisions\/27355"}],"wp:featuredmedia":[{"embeddable":true,"href":"https:\/\/www.shqiperia.com\/blog\/wp-json\/wp\/v2\/media\/27354"}],"wp:attachment":[{"href":"https:\/\/www.shqiperia.com\/blog\/wp-json\/wp\/v2\/media?parent=27353"}],"wp:term":[{"taxonomy":"category","embeddable":true,"href":"https:\/\/www.shqiperia.com\/blog\/wp-json\/wp\/v2\/categories?post=27353"},{"taxonomy":"post_tag","embeddable":true,"href":"https:\/\/www.shqiperia.com\/blog\/wp-json\/wp\/v2\/tags?post=27353"}],"curies":[{"name":"wp","href":"https:\/\/api.w.org\/{rel}","templated":true}]}}