{"id":27349,"date":"2019-10-26T19:11:18","date_gmt":"2019-10-26T19:11:18","guid":{"rendered":"https:\/\/www.shqiperia.com\/blog\/?p=27349"},"modified":"2019-10-26T19:11:18","modified_gmt":"2019-10-26T19:11:18","slug":"negociatat-presidenti-meta-permend-zaev-kerkon-reflektim-te-menjehershem-nga-rama-ideja-e-shengenit-ballkanik-e-papranueshme","status":"publish","type":"post","link":"https:\/\/www.shqiperia.com\/blog\/negociatat-presidenti-meta-permend-zaev-kerkon-reflektim-te-menjehershem-nga-rama-ideja-e-shengenit-ballkanik-e-papranueshme\/","title":{"rendered":"Negociatat\/ Presidenti Meta p\u00ebrmend Zaev, k\u00ebrkon \u201creflektim t\u00eb menj\u00ebhersh\u00ebm\u201d nga Rama. Ideja e \u2018Shengenit Ballkanik\u2019? \u201cE papranueshme\u201d"},"content":{"rendered":"<p><img data-recalc-dims=\"1\" loading=\"lazy\" decoding=\"async\" data-attachment-id=\"27350\" data-permalink=\"https:\/\/www.shqiperia.com\/blog\/negociatat-presidenti-meta-permend-zaev-kerkon-reflektim-te-menjehershem-nga-rama-ideja-e-shengenit-ballkanik-e-papranueshme\/meta-pendarovski-konferenca-2-copy\/\" data-orig-file=\"https:\/\/i0.wp.com\/www.shqiperia.com\/blog\/wp-content\/uploads\/2019\/10\/Meta-Pendarovski-konferenca-2-Copy.jpg?fit=1280%2C628&amp;ssl=1\" data-orig-size=\"1280,628\" data-comments-opened=\"1\" data-image-meta=\"{&quot;aperture&quot;:&quot;0&quot;,&quot;credit&quot;:&quot;&quot;,&quot;camera&quot;:&quot;&quot;,&quot;caption&quot;:&quot;&quot;,&quot;created_timestamp&quot;:&quot;0&quot;,&quot;copyright&quot;:&quot;&quot;,&quot;focal_length&quot;:&quot;0&quot;,&quot;iso&quot;:&quot;0&quot;,&quot;shutter_speed&quot;:&quot;0&quot;,&quot;title&quot;:&quot;&quot;,&quot;orientation&quot;:&quot;0&quot;}\" data-image-title=\"Meta-Pendarovski-konferenca-2 &#8211; Copy\" data-image-description=\"\" data-image-caption=\"\" data-medium-file=\"https:\/\/i0.wp.com\/www.shqiperia.com\/blog\/wp-content\/uploads\/2019\/10\/Meta-Pendarovski-konferenca-2-Copy.jpg?fit=300%2C147&amp;ssl=1\" data-large-file=\"https:\/\/i0.wp.com\/www.shqiperia.com\/blog\/wp-content\/uploads\/2019\/10\/Meta-Pendarovski-konferenca-2-Copy.jpg?fit=1024%2C502&amp;ssl=1\" class=\"alignnone  wp-image-27350\" alt=\"\" src=\"https:\/\/i0.wp.com\/www.shqiperia.com\/blog\/wp-content\/uploads\/2019\/10\/Meta-Pendarovski-konferenca-2-Copy.jpg?resize=488%2C239&#038;ssl=1\" width=\"488\" height=\"239\" srcset=\"https:\/\/i0.wp.com\/www.shqiperia.com\/blog\/wp-content\/uploads\/2019\/10\/Meta-Pendarovski-konferenca-2-Copy.jpg?resize=300%2C147&amp;ssl=1 300w, https:\/\/i0.wp.com\/www.shqiperia.com\/blog\/wp-content\/uploads\/2019\/10\/Meta-Pendarovski-konferenca-2-Copy.jpg?resize=768%2C377&amp;ssl=1 768w, https:\/\/i0.wp.com\/www.shqiperia.com\/blog\/wp-content\/uploads\/2019\/10\/Meta-Pendarovski-konferenca-2-Copy.jpg?resize=1024%2C502&amp;ssl=1 1024w, https:\/\/i0.wp.com\/www.shqiperia.com\/blog\/wp-content\/uploads\/2019\/10\/Meta-Pendarovski-konferenca-2-Copy.jpg?resize=450%2C221&amp;ssl=1 450w, https:\/\/i0.wp.com\/www.shqiperia.com\/blog\/wp-content\/uploads\/2019\/10\/Meta-Pendarovski-konferenca-2-Copy.jpg?resize=600%2C294&amp;ssl=1 600w, https:\/\/i0.wp.com\/www.shqiperia.com\/blog\/wp-content\/uploads\/2019\/10\/Meta-Pendarovski-konferenca-2-Copy.jpg?resize=400%2C196&amp;ssl=1 400w, https:\/\/i0.wp.com\/www.shqiperia.com\/blog\/wp-content\/uploads\/2019\/10\/Meta-Pendarovski-konferenca-2-Copy.jpg?w=1280&amp;ssl=1 1280w\" sizes=\"auto, (max-width: 488px) 100vw, 488px\" \/><\/p>\n<p>Negociatat\/ Presidenti Meta p\u00ebrmend Zaev, k\u00ebrkon \u201creflektim t\u00eb menj\u00ebhersh\u00ebm\u201d nga Rama. Ideja e \u2018Shengenit Ballkanik\u2019? \u201cE papranueshme\u201d<\/p>\n<p><em>26 tetor 2019<\/em><\/p>\n<p><strong>Duke sjelle si shembull doreheqjen e kryeministrit maqedonas Zoran Zaev ne Maqedonine e Veriut pas deshtimit me negociatat, Presidenti Ilir Meta ka kerkuar reflektim edhe ne lidershipin shqiptar ne Tirane, duke shprehur se: \u201cEdhe tek ne ka mjaft r\u00ebned\u00ebsi t\u00eb kemi nj\u00eb reflektim t\u00eb menj\u00ebhersh\u00ebm\u201d.<\/strong><\/p>\n<p>Po ashtu, ndersa nenvizon se ka rendesi qe qeveria shqiptare te permbushe dhe te tregoje vullnet per kushtet e vendosura nga Bundestagu gjerman dhe te binde vendet e tjera skeptike per procesin e negociatave, ka nenvizuar se cdo ide tjeter per vendet e Ballkanit, duke iu referuar te ashtuquajtures Shengeni ballkanik, eshte e padobishme.<\/p>\n<p><strong>Fjala e kreut te shtetit:\u00a0<\/strong><\/p>\n<p>\u201cDua ti shpreh mirenjohjen Bundestagut gjerman i cili pavar\u00ebissht nga mos d\u00ebgjimi nga ana jon\u00eb i k\u00ebshillave t\u00eb vazhdueshme sistematike t\u00eb tyre p\u00ebr t\u00eb leht\u00ebsuar edhe vendimarrjen e tyre edhe t\u00eb udh\u00ebheq\u00ebsve t\u00eb BE arrit\u00ebn t\u00eb b\u00ebjn\u00eb nj\u00eb invencion me q\u00ebndrimin zyrtar q\u00eb mbajt\u00ebn n\u00eb Bundestag p\u00ebr t\u00eb hapur rrug\u00ebn p\u00ebr t\u00eb dy vendet p\u00ebr celjen e negociatave duke b\u00ebr\u00eb dhe nj\u00eb dallim t\u00eb qart\u00eb midis progresit t\u00eb Maqedonis\u00eb se Veriut dhe progresit q\u00eb do duhet t\u00eb realizoj\u00eb Shqiperia deri n\u00eb hapjen reale t\u00eb negociatave.<\/p>\n<p>E kam theksuar se dhe vendet e tjera q\u00eb kan\u00eb nj\u00eb skepticiz\u00ebm p\u00ebr arsye t\u00eb caktuara q\u00eb skan\u00eb qen\u00eb t\u00eb panjohura p\u00ebr ne, qoft\u00eb pretendimet e Holland\u00ebs qoft\u00eb edhe t\u00eb Franc\u00ebs p\u00ebr c\u00ebshtjet e emigracionit t\u00eb paligjsh\u00ebm dhe azilk\u00ebrkuesve ti bashkohen k\u00ebsaj qasje t\u00eb Bundestagut e t\u00eb jen\u00eb t\u00eb qarta detyrimet q\u00eb ne duhet t\u00eb p\u00ebrmbushim q\u00eb ky proces t\u00eb vazhdoj\u00eb,\u00a0jemi n\u00eb kushte q\u00eb askush sdo donte nj\u00eb situat\u00eb t\u00eb till\u00eb por mesazhi yn\u00eb \u00ebsht\u00eb dhe duhet t\u00eb jet\u00eb shum\u00eb i qart\u00eb kemi nj\u00eb alternativ\u00eb, punojm\u00eb p\u00ebr k\u00ebt\u00eb an\u00ebtar\u00ebsimi i vendeve tona n\u00eb BE dhe an\u00ebtar\u00ebsimi i gjith\u00eb Ballkanit Pr\u00ebndimor n\u00eb BE.<\/p>\n<p>Kemi nje reflektim n\u00eb Maqedonine e Veriut p\u00ebrmes nj\u00eb zgjidhje t\u00eb caktuar poltike, eshte zgjedhja e ture, kjo tregon dhe pjekurin\u00eb e tyre politike e demokratike.<\/p>\n<p>Edhe tek ne ka mjaft r\u00ebned\u00ebsi t\u00eb kemi nj\u00eb reflektim t\u00eb menj\u00ebhersh\u00ebm dhe t\u00eb lexojm\u00eb me v\u00ebmendje gjith\u00eb ato detyrime q\u00eb duhet t\u2019i kishim p\u00ebrmbushur dhe duhet ti p\u00ebrmbushim, t\u00eb gjitha jan\u00eb n\u00eb rezolut\u00ebn e Bundestagut.<\/p>\n<p>T\u00eb forcojm\u00eb bashk\u00ebpunimin me vendet q\u00eb kan\u00eb qen\u00eb m\u00eb kritike, duhet ti bindim p\u00ebr seriozitetin ton\u00eb p\u00ebr t\u00eb adersuar shqet\u00ebsimet e tyre.<\/p>\n<p>S\u2019mjafton t\u00eb themi q\u00eb Franca apo Hollanda ka k\u00ebto probleme t\u00eb brendsheme po na p\u00ebrdor n\u00eb rast se ne jemi burimi i shqet\u00ebsimit t\u00eb tyre t\u00eb brendsh\u00ebm sa i takon problemit t\u00eb krimit t\u00eb organizuar, n\u00eb Holland\u00eb e c\u00ebshtjes s\u00eb azilk\u00ebruesve.<\/p>\n<p><img data-recalc-dims=\"1\" loading=\"lazy\" decoding=\"async\" data-attachment-id=\"27351\" data-permalink=\"https:\/\/www.shqiperia.com\/blog\/negociatat-presidenti-meta-permend-zaev-kerkon-reflektim-te-menjehershem-nga-rama-ideja-e-shengenit-ballkanik-e-papranueshme\/meta-pendarovski-konferenca-2\/\" data-orig-file=\"https:\/\/i0.wp.com\/www.shqiperia.com\/blog\/wp-content\/uploads\/2019\/10\/Meta-Pendarovski-konferenca-2.jpg?fit=1280%2C938&amp;ssl=1\" data-orig-size=\"1280,938\" data-comments-opened=\"1\" data-image-meta=\"{&quot;aperture&quot;:&quot;0&quot;,&quot;credit&quot;:&quot;&quot;,&quot;camera&quot;:&quot;&quot;,&quot;caption&quot;:&quot;&quot;,&quot;created_timestamp&quot;:&quot;0&quot;,&quot;copyright&quot;:&quot;&quot;,&quot;focal_length&quot;:&quot;0&quot;,&quot;iso&quot;:&quot;0&quot;,&quot;shutter_speed&quot;:&quot;0&quot;,&quot;title&quot;:&quot;&quot;,&quot;orientation&quot;:&quot;0&quot;}\" data-image-title=\"Meta-Pendarovski-konferenca-2\" data-image-description=\"\" data-image-caption=\"\" data-medium-file=\"https:\/\/i0.wp.com\/www.shqiperia.com\/blog\/wp-content\/uploads\/2019\/10\/Meta-Pendarovski-konferenca-2.jpg?fit=300%2C220&amp;ssl=1\" data-large-file=\"https:\/\/i0.wp.com\/www.shqiperia.com\/blog\/wp-content\/uploads\/2019\/10\/Meta-Pendarovski-konferenca-2.jpg?fit=1024%2C750&amp;ssl=1\" class=\"alignnone  wp-image-27351\" alt=\"\" src=\"https:\/\/i0.wp.com\/www.shqiperia.com\/blog\/wp-content\/uploads\/2019\/10\/Meta-Pendarovski-konferenca-2.jpg?resize=661%2C485&#038;ssl=1\" width=\"661\" height=\"485\" srcset=\"https:\/\/i0.wp.com\/www.shqiperia.com\/blog\/wp-content\/uploads\/2019\/10\/Meta-Pendarovski-konferenca-2.jpg?resize=300%2C220&amp;ssl=1 300w, https:\/\/i0.wp.com\/www.shqiperia.com\/blog\/wp-content\/uploads\/2019\/10\/Meta-Pendarovski-konferenca-2.jpg?resize=768%2C563&amp;ssl=1 768w, https:\/\/i0.wp.com\/www.shqiperia.com\/blog\/wp-content\/uploads\/2019\/10\/Meta-Pendarovski-konferenca-2.jpg?resize=1024%2C750&amp;ssl=1 1024w, https:\/\/i0.wp.com\/www.shqiperia.com\/blog\/wp-content\/uploads\/2019\/10\/Meta-Pendarovski-konferenca-2.jpg?resize=450%2C330&amp;ssl=1 450w, https:\/\/i0.wp.com\/www.shqiperia.com\/blog\/wp-content\/uploads\/2019\/10\/Meta-Pendarovski-konferenca-2.jpg?resize=600%2C440&amp;ssl=1 600w, https:\/\/i0.wp.com\/www.shqiperia.com\/blog\/wp-content\/uploads\/2019\/10\/Meta-Pendarovski-konferenca-2.jpg?resize=400%2C293&amp;ssl=1 400w, https:\/\/i0.wp.com\/www.shqiperia.com\/blog\/wp-content\/uploads\/2019\/10\/Meta-Pendarovski-konferenca-2.jpg?w=1280&amp;ssl=1 1280w\" sizes=\"auto, (max-width: 661px) 100vw, 661px\" \/><\/p>\n<p>Duhet t\u00eb reagojm\u00eb n\u00eb m\u00ebnyr\u00eb t\u00eb besueshme q\u00eb k\u00ebto besime t\u00eb shuhen n\u00eb jav\u00ebt dhe muajt n\u00eb vijim.<\/p>\n<p>T\u00eb b\u00ebjm\u00eb t\u00eb qart\u00eb se sa jemi t\u00eb gatsh\u00ebm t\u00eb p\u00ebrmbushim cdo detyrim n\u00eb k\u00ebt\u00eb proces, cdo ide tjet\u00ebr edhe informale qoft\u00eb p\u00ebr cdo alternative tjeter p\u00ebr vendet tona \u00ebsht\u00eb e papranueshme dhe e padobishme,\u00a0jo vet\u00ebm p\u00ebr vendet tona por edhe p\u00ebr vendet e BE\u201d, tha kreu i shtetit.<\/p>\n","protected":false},"excerpt":{"rendered":"<p>Negociatat\/ Presidenti Meta p\u00ebrmend Zaev, k\u00ebrkon \u201creflektim t\u00eb menj\u00ebhersh\u00ebm\u201d nga Rama. Ideja e \u2018Shengenit Ballkanik\u2019? \u201cE papranueshme\u201d 26 tetor 2019 Duke sjelle si shembull doreheqjen e kryeministrit maqedonas Zoran Zaev ne Maqedonine e Veriut pas deshtimit me negociatat, Presidenti Ilir Meta ka kerkuar reflektim edhe ne lidershipin shqiptar ne Tirane, duke shprehur se: \u201cEdhe tek [&hellip;]<\/p>\n","protected":false},"author":9,"featured_media":27350,"comment_status":"open","ping_status":"open","sticky":false,"template":"","format":"standard","meta":{"jetpack_post_was_ever_published":false,"_jetpack_newsletter_access":"","_jetpack_dont_email_post_to_subs":false,"_jetpack_newsletter_tier_id":0,"_jetpack_memberships_contains_paywalled_content":false,"_jetpack_memberships_contains_paid_content":false,"footnotes":"","jetpack_publicize_message":"","jetpack_publicize_feature_enabled":true,"jetpack_social_post_already_shared":true,"jetpack_social_options":{"image_generator_settings":{"template":"highway","default_image_id":0,"font":"","enabled":false},"version":2}},"categories":[27,2],"tags":[],"class_list":["post-27349","post","type-post","status-publish","format-standard","has-post-thumbnail","hentry","category-blogu-i-udhetarit","category-politika"],"jetpack_publicize_connections":[],"jetpack_featured_media_url":"https:\/\/i0.wp.com\/www.shqiperia.com\/blog\/wp-content\/uploads\/2019\/10\/Meta-Pendarovski-konferenca-2-Copy.jpg?fit=1280%2C628&ssl=1","jetpack_sharing_enabled":true,"jetpack_shortlink":"https:\/\/wp.me\/p5Z6wp-777","jetpack-related-posts":[{"id":48243,"url":"https:\/\/www.shqiperia.com\/blog\/rama-zaev-dhe-vucic-zhvilluan-takim-online-per-shengenin-ballkanik-mediat-serbe-qellimi-heqja-e-barrierave-mes-vendeve\/","url_meta":{"origin":27349,"position":0},"title":"Rama, Zaev dhe Vu\u00e7i\u00e7, zhvilluan takim online p\u00ebr Shengenin Ballkanik!  Mediat serbe: &#8211; Q\u00ebllimi, heqja e barrierave mes vendeve","author":"Kurt Farka","date":"June 29, 2021","format":false,"excerpt":"Rama, Zaev dhe Vu\u00e7i\u00e7, zhvilluan takim online p\u00ebr Shengenin Ballkanik! Mediat serbe: - Q\u00ebllimi, heqja e barrierave mes vendeve Kryeministri Edi Rama, ai i Maqedonis\u00eb s\u00eb Veriut, Zoran Zaev dhe Presidenti i Serbis\u00eb, Aleksand\u00ebr Vu\u00e7i\u00e7 zhvilluan nj\u00eb takim online n\u00eb kuad\u00ebr t\u00eb Shengenit Ballkanik. 29 Qershor, 2021 Kryeministri Edi Rama,\u2026","rel":"","context":"In &quot;Blogu i Udh\u00ebtarit&quot;","block_context":{"text":"Blogu i Udh\u00ebtarit","link":"https:\/\/www.shqiperia.com\/blog\/category\/blogu-i-udhetarit\/"},"img":{"alt_text":"","src":"https:\/\/i0.wp.com\/www.shqiperia.com\/blog\/wp-content\/uploads\/2021\/06\/1624955361_aleksvucic.jpg?fit=587%2C332&ssl=1&resize=350%2C200","width":350,"height":200,"srcset":"https:\/\/i0.wp.com\/www.shqiperia.com\/blog\/wp-content\/uploads\/2021\/06\/1624955361_aleksvucic.jpg?fit=587%2C332&ssl=1&resize=350%2C200 1x, https:\/\/i0.wp.com\/www.shqiperia.com\/blog\/wp-content\/uploads\/2021\/06\/1624955361_aleksvucic.jpg?fit=587%2C332&ssl=1&resize=525%2C300 1.5x"},"classes":[]},{"id":36897,"url":"https:\/\/www.shqiperia.com\/blog\/fotot-qe-po-qarkullojne-me-shpejtesi-pipero-del-me-liste-ne-dore-debaton-me-familjaret-e-te-prekurve-me-covid-19-reagon-ashper-ilir-meta-pamjet-shqetesuese-reflektim\/","url_meta":{"origin":27349,"position":1},"title":"Fotot q\u00eb po qarkullojn\u00eb me shpejt\u00ebsi\/ Pipero del me list\u00eb n\u00eb dor\u00eb, debaton me familjar\u00ebt e t\u00eb prekurve me COVID-19, reagon ashp\u00ebr Ilir Meta: Pamjet shqet\u00ebsuese! Reflektim","author":"Kurt Farka","date":"August 6, 2020","format":false,"excerpt":"Fotot q\u00eb po qarkullojn\u00eb me shpejt\u00ebsi\/ Pipero del me list\u00eb n\u00eb dor\u00eb, debaton me familjar\u00ebt e t\u00eb prekurve me COVID-19, reagon ashp\u00ebr Ilir Meta: Pamjet shqet\u00ebsuese! Reflektim 6 GUSHT 2020 Disa foto po qarkullojn\u00eb me shpejt\u00ebsi n\u00eb media, ku familjar\u00eb t\u00eb pacient\u00ebve q\u00eb jan\u00eb shtruar tek Infektivi\u00a0jan\u00eb fotografuar teksa mbajn\u00eb\u2026","rel":"","context":"In &quot;Blogu i Udh\u00ebtarit&quot;","block_context":{"text":"Blogu i Udh\u00ebtarit","link":"https:\/\/www.shqiperia.com\/blog\/category\/blogu-i-udhetarit\/"},"img":{"alt_text":"","src":"https:\/\/i0.wp.com\/www.shqiperia.com\/blog\/wp-content\/uploads\/2020\/08\/800-0-5f2bf99b36d04-Copy.jpg?fit=800%2C462&ssl=1&resize=350%2C200","width":350,"height":200,"srcset":"https:\/\/i0.wp.com\/www.shqiperia.com\/blog\/wp-content\/uploads\/2020\/08\/800-0-5f2bf99b36d04-Copy.jpg?fit=800%2C462&ssl=1&resize=350%2C200 1x, https:\/\/i0.wp.com\/www.shqiperia.com\/blog\/wp-content\/uploads\/2020\/08\/800-0-5f2bf99b36d04-Copy.jpg?fit=800%2C462&ssl=1&resize=525%2C300 1.5x, https:\/\/i0.wp.com\/www.shqiperia.com\/blog\/wp-content\/uploads\/2020\/08\/800-0-5f2bf99b36d04-Copy.jpg?fit=800%2C462&ssl=1&resize=700%2C400 2x"},"classes":[]},{"id":48755,"url":"https:\/\/www.shqiperia.com\/blog\/rama-dhe-vucic-dy-dite-ne-shkup-minishengeni-ballkanik-pa-kosoven\/","url_meta":{"origin":27349,"position":2},"title":"Rama dhe Vu\u00e7i\u00e7 dy dit\u00eb n\u00eb Shkup. Minishengeni ballkanik pa Kosov\u00ebn.","author":"Kurt Farka","date":"July 28, 2021","format":false,"excerpt":"Rama dhe Vu\u00e7i\u00e7 dy dit\u00eb n\u00eb Shkup. Minishengeni ballkanik pa Kosov\u00ebn. 28 KORRIK 2021 \"Ballkani i ri, europian\". Kjo \u00ebsht\u00eb nisma e tre udh\u00ebheq\u00ebsve t\u00eb shteteve t\u00eb Ballkanit Per\u00ebndimor q\u00eb synojn\u00eb v\u00ebnien n\u00eb zbatim t\u00eb \"Minishengenit\" dhe t\u00eb leht\u00ebsirave ekonomike. Kryeministri shqiptar, Edi Rama, presidenti serb Aleksandar Vu\u00e7i\u00e7 do t\u00eb\u2026","rel":"","context":"In &quot;Politika&quot;","block_context":{"text":"Politika","link":"https:\/\/www.shqiperia.com\/blog\/category\/politika\/"},"img":{"alt_text":"","src":"https:\/\/i0.wp.com\/www.shqiperia.com\/blog\/wp-content\/uploads\/2021\/07\/640-0-610131c1abe16.jpg?fit=640%2C386&ssl=1&resize=350%2C200","width":350,"height":200,"srcset":"https:\/\/i0.wp.com\/www.shqiperia.com\/blog\/wp-content\/uploads\/2021\/07\/640-0-610131c1abe16.jpg?fit=640%2C386&ssl=1&resize=350%2C200 1x, https:\/\/i0.wp.com\/www.shqiperia.com\/blog\/wp-content\/uploads\/2021\/07\/640-0-610131c1abe16.jpg?fit=640%2C386&ssl=1&resize=525%2C300 1.5x"},"classes":[]},{"id":48105,"url":"https:\/\/www.shqiperia.com\/blog\/pas-refuzimit-te-be-se-vucic-therret-ramen-e-zaev-per-minishengenin\/","url_meta":{"origin":27349,"position":3},"title":"Pas refuzimit t\u00eb BE-s\u00eb, Vu\u00e7i\u00e7 th\u00ebrret Ram\u00ebn e Zaev p\u00ebr minishengenin","author":"Kurt Farka","date":"June 25, 2021","format":false,"excerpt":"Pas refuzimit t\u00eb BE-s\u00eb, Vu\u00e7i\u00e7 th\u00ebrret Ram\u00ebn e Zaev p\u00ebr minishengenin 24 QERSHOR 2021 Presidenti i Serbis\u00eb, Aleksand\u00ebr Vu\u00e7i\u00e7 tha se m\u00eb 29 qershor do t\u00eb mbaj\u00eb nj\u00eb video-konferenc\u00eb me kryeministrat e Shqip\u00ebris\u00eb dhe Maqedonis\u00eb s\u00eb Veriut, p\u00ebr p\u00ebrmir\u00ebsimin e marr\u00ebdh\u00ebnieve brenda iniciativ\u00ebs rajonale t\u00eb mini-Shengenit. Mini-Shengeni \u00ebsht\u00eb nj\u00eb nism\u00eb\u2026","rel":"","context":"In &quot;Blogu i Udh\u00ebtarit&quot;","block_context":{"text":"Blogu i Udh\u00ebtarit","link":"https:\/\/www.shqiperia.com\/blog\/category\/blogu-i-udhetarit\/"},"img":{"alt_text":"","src":"https:\/\/i0.wp.com\/www.shqiperia.com\/blog\/wp-content\/uploads\/2021\/06\/640-0-3a232b0b3159c2f9595fd6faeee2597b.jpg?fit=640%2C360&ssl=1&resize=350%2C200","width":350,"height":200,"srcset":"https:\/\/i0.wp.com\/www.shqiperia.com\/blog\/wp-content\/uploads\/2021\/06\/640-0-3a232b0b3159c2f9595fd6faeee2597b.jpg?fit=640%2C360&ssl=1&resize=350%2C200 1x, https:\/\/i0.wp.com\/www.shqiperia.com\/blog\/wp-content\/uploads\/2021\/06\/640-0-3a232b0b3159c2f9595fd6faeee2597b.jpg?fit=640%2C360&ssl=1&resize=525%2C300 1.5x"},"classes":[]},{"id":28017,"url":"https:\/\/www.shqiperia.com\/blog\/mediat-serbe-nxjerrin-harten-e-shengenit-ballkanik-kosova-brenda-kufijve-te-serbise\/","url_meta":{"origin":27349,"position":4},"title":"Mediat serbe nxjerrin hart\u00ebn e \u201cShengenit Ballkanik\u201d, Kosova brenda kufijve t\u00eb Serbis\u00eb!","author":"Kurt Farka","date":"November 12, 2019","format":false,"excerpt":"Mediat serbe nxjerrin hart\u00ebn e \u201cShengenit Ballkanik\u201d, Kosova brenda kufijve t\u00eb Serbis\u00eb! 12 N\u00ebntor 2019 Deri n\u00eb fund t\u00eb k\u00ebtij viti, shkruan gazeta \u201cBlic\u201d, qytetar\u00ebt serb\u00eb do t\u00eb jen\u00eb n\u00eb gjendje t\u00eb udh\u00ebtojn\u00eb drejt Shqip\u00ebris\u00eb dhe Maqedonis\u00eb s\u00eb Veriut pa qen\u00eb nevoja q\u00eb t\u00eb jen\u00eb t\u00eb pajisur me pasaport\u00eb; p\u00ebr\u2026","rel":"","context":"In &quot;Blogu i Udh\u00ebtarit&quot;","block_context":{"text":"Blogu i Udh\u00ebtarit","link":"https:\/\/www.shqiperia.com\/blog\/category\/blogu-i-udhetarit\/"},"img":{"alt_text":"","src":"https:\/\/i0.wp.com\/www.shqiperia.com\/blog\/wp-content\/uploads\/2019\/11\/Mediat-serbe-nxjerrin-hart%C3%ABn-e-%E2%80%9CShengenit-Ballkanik%E2%80%9D-Kosova-brenda-kufijve-t%C3%AB-Serbis%C3%AB-2.png?fit=603%2C335&ssl=1&resize=350%2C200","width":350,"height":200,"srcset":"https:\/\/i0.wp.com\/www.shqiperia.com\/blog\/wp-content\/uploads\/2019\/11\/Mediat-serbe-nxjerrin-hart%C3%ABn-e-%E2%80%9CShengenit-Ballkanik%E2%80%9D-Kosova-brenda-kufijve-t%C3%AB-Serbis%C3%AB-2.png?fit=603%2C335&ssl=1&resize=350%2C200 1x, https:\/\/i0.wp.com\/www.shqiperia.com\/blog\/wp-content\/uploads\/2019\/11\/Mediat-serbe-nxjerrin-hart%C3%ABn-e-%E2%80%9CShengenit-Ballkanik%E2%80%9D-Kosova-brenda-kufijve-t%C3%AB-Serbis%C3%AB-2.png?fit=603%2C335&ssl=1&resize=525%2C300 1.5x"},"classes":[]},{"id":26846,"url":"https:\/\/www.shqiperia.com\/blog\/ne-vend-te-celjes-se-negociatave-me-be-shqiperia-merr-shengenin-ballkanik\/","url_meta":{"origin":27349,"position":5},"title":"N\u00eb vend t\u00eb \u00e7eljes s\u00eb negociatave me BE, Shqip\u00ebria merr \u201cShengenin Ballkanik\u201d. &#8211;","author":"Kurt Farka","date":"October 10, 2019","format":false,"excerpt":"N\u00eb vend t\u00eb \u00e7eljes s\u00eb negociatave me BE, Shqip\u00ebria merr \u201cShengenin Ballkanik\u201d 10 tetor 2019 Shumica e shqiptar\u00ebve jan\u00eb n\u00eb pritje t\u00eb hapjes s\u00eb negociatave me BE-n\u00eb, por atyre po u ofrohet tjet\u00ebr gj\u00eb, \u201cSchengeni i vog\u00ebl\u201d. N\u00eb Novi Sad t\u00eb Serbis\u00eb, kryeministri Edi Rama s\u00ebbashku me kryeministrin maqedonas, Zoran\u2026","rel":"","context":"In &quot;Politika&quot;","block_context":{"text":"Politika","link":"https:\/\/www.shqiperia.com\/blog\/category\/politika\/"},"img":{"alt_text":"","src":"https:\/\/i0.wp.com\/www.shqiperia.com\/blog\/wp-content\/uploads\/2019\/10\/RAMA-VUCIC-ZAEV-2-905x450.jpeg?fit=905%2C450&ssl=1&resize=350%2C200","width":350,"height":200,"srcset":"https:\/\/i0.wp.com\/www.shqiperia.com\/blog\/wp-content\/uploads\/2019\/10\/RAMA-VUCIC-ZAEV-2-905x450.jpeg?fit=905%2C450&ssl=1&resize=350%2C200 1x, https:\/\/i0.wp.com\/www.shqiperia.com\/blog\/wp-content\/uploads\/2019\/10\/RAMA-VUCIC-ZAEV-2-905x450.jpeg?fit=905%2C450&ssl=1&resize=525%2C300 1.5x, https:\/\/i0.wp.com\/www.shqiperia.com\/blog\/wp-content\/uploads\/2019\/10\/RAMA-VUCIC-ZAEV-2-905x450.jpeg?fit=905%2C450&ssl=1&resize=700%2C400 2x"},"classes":[]}],"_links":{"self":[{"href":"https:\/\/www.shqiperia.com\/blog\/wp-json\/wp\/v2\/posts\/27349","targetHints":{"allow":["GET"]}}],"collection":[{"href":"https:\/\/www.shqiperia.com\/blog\/wp-json\/wp\/v2\/posts"}],"about":[{"href":"https:\/\/www.shqiperia.com\/blog\/wp-json\/wp\/v2\/types\/post"}],"author":[{"embeddable":true,"href":"https:\/\/www.shqiperia.com\/blog\/wp-json\/wp\/v2\/users\/9"}],"replies":[{"embeddable":true,"href":"https:\/\/www.shqiperia.com\/blog\/wp-json\/wp\/v2\/comments?post=27349"}],"version-history":[{"count":1,"href":"https:\/\/www.shqiperia.com\/blog\/wp-json\/wp\/v2\/posts\/27349\/revisions"}],"predecessor-version":[{"id":27352,"href":"https:\/\/www.shqiperia.com\/blog\/wp-json\/wp\/v2\/posts\/27349\/revisions\/27352"}],"wp:featuredmedia":[{"embeddable":true,"href":"https:\/\/www.shqiperia.com\/blog\/wp-json\/wp\/v2\/media\/27350"}],"wp:attachment":[{"href":"https:\/\/www.shqiperia.com\/blog\/wp-json\/wp\/v2\/media?parent=27349"}],"wp:term":[{"taxonomy":"category","embeddable":true,"href":"https:\/\/www.shqiperia.com\/blog\/wp-json\/wp\/v2\/categories?post=27349"},{"taxonomy":"post_tag","embeddable":true,"href":"https:\/\/www.shqiperia.com\/blog\/wp-json\/wp\/v2\/tags?post=27349"}],"curies":[{"name":"wp","href":"https:\/\/api.w.org\/{rel}","templated":true}]}}