{"id":27346,"date":"2019-10-26T15:42:27","date_gmt":"2019-10-26T15:42:27","guid":{"rendered":"https:\/\/www.shqiperia.com\/blog\/?p=27346"},"modified":"2019-10-26T15:42:27","modified_gmt":"2019-10-26T15:42:27","slug":"neser-ndryshon-ora-akrepat-shkojne-60-minuta-para","status":"publish","type":"post","link":"https:\/\/www.shqiperia.com\/blog\/neser-ndryshon-ora-akrepat-shkojne-60-minuta-para\/","title":{"rendered":"Nes\u00ebr ndryshon ora, akrepat shkojn\u00eb 60 minuta para. &#8211;"},"content":{"rendered":"<p><img data-recalc-dims=\"1\" loading=\"lazy\" decoding=\"async\" data-attachment-id=\"27347\" data-permalink=\"https:\/\/www.shqiperia.com\/blog\/neser-ndryshon-ora-akrepat-shkojne-60-minuta-para\/te_dielen_fillon_llogaritja_ve\/\" data-orig-file=\"https:\/\/i0.wp.com\/www.shqiperia.com\/blog\/wp-content\/uploads\/2019\/10\/te_dielen_fillon_llogaritja_ve.jpg?fit=300%2C201&amp;ssl=1\" data-orig-size=\"300,201\" data-comments-opened=\"1\" data-image-meta=\"{&quot;aperture&quot;:&quot;0&quot;,&quot;credit&quot;:&quot;&quot;,&quot;camera&quot;:&quot;&quot;,&quot;caption&quot;:&quot;&quot;,&quot;created_timestamp&quot;:&quot;0&quot;,&quot;copyright&quot;:&quot;&quot;,&quot;focal_length&quot;:&quot;0&quot;,&quot;iso&quot;:&quot;0&quot;,&quot;shutter_speed&quot;:&quot;0&quot;,&quot;title&quot;:&quot;&quot;,&quot;orientation&quot;:&quot;0&quot;}\" data-image-title=\"te_dielen_fillon_llogaritja_ve\" data-image-description=\"\" data-image-caption=\"\" data-medium-file=\"https:\/\/i0.wp.com\/www.shqiperia.com\/blog\/wp-content\/uploads\/2019\/10\/te_dielen_fillon_llogaritja_ve.jpg?fit=300%2C201&amp;ssl=1\" data-large-file=\"https:\/\/i0.wp.com\/www.shqiperia.com\/blog\/wp-content\/uploads\/2019\/10\/te_dielen_fillon_llogaritja_ve.jpg?fit=300%2C201&amp;ssl=1\" class=\"alignnone  wp-image-27347\" alt=\"\" src=\"https:\/\/i0.wp.com\/www.shqiperia.com\/blog\/wp-content\/uploads\/2019\/10\/te_dielen_fillon_llogaritja_ve.jpg?resize=494%2C331&#038;ssl=1\" width=\"494\" height=\"331\" \/><\/p>\n<p><strong>Nes\u00ebr ndryshon ora, akrepat shkojn\u00eb 60 minuta para<\/strong><\/p>\n<p><strong>29\/03\/2014 <\/strong><\/p>\n<p>Dit\u00ebn e nes\u00ebrme, akrepat e or\u00ebs duhet t&#8217;i \u00e7ojm\u00eb 60 minuta para. Nd\u00ebrrimi do t\u00eb b\u00ebhet n\u00eb or\u00ebn 02:00 t\u00eb m\u00ebngjesit dhe ora do t\u00eb shkoj\u00eb 03:00. K\u00ebshtu duke filluar nga nes\u00ebr, t\u00eb gjith\u00eb do t\u00eb flem\u00eb nj\u00eb or\u00eb m\u00eb pak dhe do t\u00eb zgjohemi m\u00eb her\u00ebt p\u00ebr t\u00eb filluar aktivitetin e p\u00ebrditsh\u00ebm.<\/p>\n<p>Ky ndryshim ore do t\u2019i jap\u00eb fund periudh\u00ebs s\u00eb or\u00ebs diellore q\u00eb zgjat p\u00ebr 5 muajt e dimrit. Q\u00ebllimi i ndryshimit t\u00eb or\u00ebs \u00ebsht\u00eb t\u00eb p\u00ebrfituarit sa m\u00eb shum\u00eb nga energjia diellore dhe reduktim i konsumimit t\u00eb energjis\u00eb elektrike. Ndryshimi i or\u00ebs do t\u00eb zgjas\u00eb deri t\u00eb diel\u00ebn e fundit t\u00eb muajit Tetor, ku akrepat do t\u00eb shkojn\u00eb 1 or\u00eb m\u00eb pas.<\/p>\n<p><strong>\/Agjensia e Lajmeve Sot News\/<\/strong><\/p>\n","protected":false},"excerpt":{"rendered":"<p>Nes\u00ebr ndryshon ora, akrepat shkojn\u00eb 60 minuta para 29\/03\/2014 Dit\u00ebn e nes\u00ebrme, akrepat e or\u00ebs duhet t&#8217;i \u00e7ojm\u00eb 60 minuta para. Nd\u00ebrrimi do t\u00eb b\u00ebhet n\u00eb or\u00ebn 02:00 t\u00eb m\u00ebngjesit dhe ora do t\u00eb shkoj\u00eb 03:00. K\u00ebshtu duke filluar nga nes\u00ebr, t\u00eb gjith\u00eb do t\u00eb flem\u00eb nj\u00eb or\u00eb m\u00eb pak dhe do t\u00eb zgjohemi m\u00eb [&hellip;]<\/p>\n","protected":false},"author":9,"featured_media":27347,"comment_status":"open","ping_status":"open","sticky":false,"template":"","format":"standard","meta":{"jetpack_post_was_ever_published":false,"_jetpack_newsletter_access":"","_jetpack_dont_email_post_to_subs":false,"_jetpack_newsletter_tier_id":0,"_jetpack_memberships_contains_paywalled_content":false,"_jetpack_memberships_contains_paid_content":false,"footnotes":"","jetpack_publicize_message":"","jetpack_publicize_feature_enabled":true,"jetpack_social_post_already_shared":true,"jetpack_social_options":{"image_generator_settings":{"template":"highway","default_image_id":0,"font":"","enabled":false},"version":2}},"categories":[27,1],"tags":[],"class_list":["post-27346","post","type-post","status-publish","format-standard","has-post-thumbnail","hentry","category-blogu-i-udhetarit","category-njoftime-shtypi"],"jetpack_publicize_connections":[],"jetpack_featured_media_url":"https:\/\/i0.wp.com\/www.shqiperia.com\/blog\/wp-content\/uploads\/2019\/10\/te_dielen_fillon_llogaritja_ve.jpg?fit=300%2C201&ssl=1","jetpack_sharing_enabled":true,"jetpack_shortlink":"https:\/\/wp.me\/p5Z6wp-774","jetpack-related-posts":[{"id":27319,"url":"https:\/\/www.shqiperia.com\/blog\/perpos-gjithe-debatit-neser-pas-mesnate-akrepat-shkojne-60-minuta-pas\/","url_meta":{"origin":27346,"position":0},"title":"P\u00ebrpos gjith\u00eb debatit, nes\u00ebr pas mesnate akrepat shkojn\u00eb 60 minuta pas. &#8211;","author":"Kurt Farka","date":"October 25, 2019","format":false,"excerpt":"P\u00ebrpos gjith\u00eb debatit, nes\u00ebr pas mesnate akrepat shkojn\u00eb 60 minuta pas 25 tetor 2019 Akrepat e or\u00ebs do t\u00eb kthehen prapa, me nj\u00eb or\u00eb, ekzakt\u00ebsisht n\u00eb or\u00ebn 3 t\u00eb nat\u00ebs mes t\u00eb shtun\u00ebs, 26 tetor dhe t\u00eb diel\u00ebs, 27 tetor. Fitojm\u00eb nj\u00eb or\u00eb gjum\u00eb m\u00eb shum\u00eb, por err\u00ebsohet m\u00eb shpejt.\u2026","rel":"","context":"In &quot;Blogu i Udh\u00ebtarit&quot;","block_context":{"text":"Blogu i Udh\u00ebtarit","link":"https:\/\/www.shqiperia.com\/blog\/category\/blogu-i-udhetarit\/"},"img":{"alt_text":"","src":"https:\/\/i0.wp.com\/www.shqiperia.com\/blog\/wp-content\/uploads\/2019\/10\/Ndryshon-ora-kthehet-60-minuta-pas.jpg?fit=752%2C440&ssl=1&resize=350%2C200","width":350,"height":200,"srcset":"https:\/\/i0.wp.com\/www.shqiperia.com\/blog\/wp-content\/uploads\/2019\/10\/Ndryshon-ora-kthehet-60-minuta-pas.jpg?fit=752%2C440&ssl=1&resize=350%2C200 1x, https:\/\/i0.wp.com\/www.shqiperia.com\/blog\/wp-content\/uploads\/2019\/10\/Ndryshon-ora-kthehet-60-minuta-pas.jpg?fit=752%2C440&ssl=1&resize=525%2C300 1.5x, https:\/\/i0.wp.com\/www.shqiperia.com\/blog\/wp-content\/uploads\/2019\/10\/Ndryshon-ora-kthehet-60-minuta-pas.jpg?fit=752%2C440&ssl=1&resize=700%2C400 2x"},"classes":[]},{"id":90884,"url":"https:\/\/www.shqiperia.com\/blog\/rikthehet-ora-verore-akrepat-shkuan-60-minuta-para\/","url_meta":{"origin":27346,"position":1},"title":"Rikthehet ora verore, akrepat shkuan 60 minuta para","author":"Kurt Farka","date":"March 30, 2025","format":false,"excerpt":"30 Mars 2025 N\u00eb or\u00ebt e para t\u00eb s\u00eb diel\u00ebs, 30 mars, u nd\u00ebrrua ora. N\u00eb or\u00ebn 02:00, akrepat e or\u00ebs shkuan 60 minuta para. Q\u00ebllimi i ndryshimit t\u00eb or\u00ebs \u00ebsht\u00eb p\u00ebr t\u00eb p\u00ebrfituar sa m\u00eb shum\u00eb nga energjia diellore si dhe kursimi i energjis\u00eb elektrike. Ora verore do t\u00eb\u2026","rel":"","context":"In &quot;Blogu i Udh\u00ebtarit&quot;","block_context":{"text":"Blogu i Udh\u00ebtarit","link":"https:\/\/www.shqiperia.com\/blog\/category\/blogu-i-udhetarit\/"},"img":{"alt_text":"","src":"https:\/\/i0.wp.com\/www.shqiperia.com\/blog\/wp-content\/uploads\/2025\/03\/ora-verore.jpg?fit=663%2C377&ssl=1&resize=350%2C200","width":350,"height":200,"srcset":"https:\/\/i0.wp.com\/www.shqiperia.com\/blog\/wp-content\/uploads\/2025\/03\/ora-verore.jpg?fit=663%2C377&ssl=1&resize=350%2C200 1x, https:\/\/i0.wp.com\/www.shqiperia.com\/blog\/wp-content\/uploads\/2025\/03\/ora-verore.jpg?fit=663%2C377&ssl=1&resize=525%2C300 1.5x"},"classes":[]},{"id":70034,"url":"https:\/\/www.shqiperia.com\/blog\/kthehet-ora-pranverore-akrepat-levizin-60-minuta-para\/","url_meta":{"origin":27346,"position":2},"title":"Kthehet ora pranverore, akrepat l\u00ebvizin 60 minuta para","author":"Kurt Farka","date":"March 24, 2023","format":false,"excerpt":"24 Mars 2023 Pra do t\u00eb flini pak m\u00eb pak, por nga ana tjet\u00ebr regjimi i ri do t\u2019ju lejoj\u00eb t\u00eb p\u00ebrfitoni nga rrezet e diellit deri von\u00eb, edhe fal\u00eb zgjatjes s\u00eb dit\u00ebve q\u00eb sjell vera. Ndryshimi i akrepave \u00ebsht\u00eb nj\u00eb proces i unifikuar n\u00eb gjith\u00eb vendet e Evrop\u00ebs. Ndryshimi\u2026","rel":"","context":"In &quot;Blogu i Udh\u00ebtarit&quot;","block_context":{"text":"Blogu i Udh\u00ebtarit","link":"https:\/\/www.shqiperia.com\/blog\/category\/blogu-i-udhetarit\/"},"img":{"alt_text":"","src":"https:\/\/i0.wp.com\/www.shqiperia.com\/blog\/wp-content\/uploads\/2023\/03\/800-0-0e645dd23e04d7b70a266f768ae58cea.jpg?fit=800%2C450&ssl=1&resize=350%2C200","width":350,"height":200,"srcset":"https:\/\/i0.wp.com\/www.shqiperia.com\/blog\/wp-content\/uploads\/2023\/03\/800-0-0e645dd23e04d7b70a266f768ae58cea.jpg?fit=800%2C450&ssl=1&resize=350%2C200 1x, https:\/\/i0.wp.com\/www.shqiperia.com\/blog\/wp-content\/uploads\/2023\/03\/800-0-0e645dd23e04d7b70a266f768ae58cea.jpg?fit=800%2C450&ssl=1&resize=525%2C300 1.5x, https:\/\/i0.wp.com\/www.shqiperia.com\/blog\/wp-content\/uploads\/2023\/03\/800-0-0e645dd23e04d7b70a266f768ae58cea.jpg?fit=800%2C450&ssl=1&resize=700%2C400 2x"},"classes":[]},{"id":27537,"url":"https:\/\/www.shqiperia.com\/blog\/harxhoi-5-ore-per-te-kthyer-akrepat-60-minuta-prapa\/","url_meta":{"origin":27346,"position":3},"title":"Harxhoi 5 or\u00eb p\u00ebr t\u00eb kthyer akrepat 60 minuta prapa!","author":"Kurt Farka","date":"October 31, 2019","format":false,"excerpt":"Harxhoi 5 or\u00eb p\u00ebr t\u00eb kthyer akrepat 60 minuta prapa! Me telefonat inteligjent\u00eb apo me or\u00ebt e teknologjis\u00eb s\u00eb fundit, tashm\u00eb nuk \u00ebsht\u00eb m\u00eb e nevojshme q\u00eb me ndryshimin e or\u00ebs t\u00eb ndryshohen edhe akrepat, pasi ky veprim b\u00ebhet automatikisht. Megjithat\u00eb, ndryshimi i or\u00ebs k\u00ebt\u00eb t\u00eb diel ka qen\u00eb nj\u00eb\u2026","rel":"","context":"In &quot;Blogu i Udh\u00ebtarit&quot;","block_context":{"text":"Blogu i Udh\u00ebtarit","link":"https:\/\/www.shqiperia.com\/blog\/category\/blogu-i-udhetarit\/"},"img":{"alt_text":"","src":"https:\/\/i0.wp.com\/www.shqiperia.com\/blog\/wp-content\/uploads\/2019\/10\/b2-15-905x450.jpg?fit=905%2C450&ssl=1&resize=350%2C200","width":350,"height":200,"srcset":"https:\/\/i0.wp.com\/www.shqiperia.com\/blog\/wp-content\/uploads\/2019\/10\/b2-15-905x450.jpg?fit=905%2C450&ssl=1&resize=350%2C200 1x, https:\/\/i0.wp.com\/www.shqiperia.com\/blog\/wp-content\/uploads\/2019\/10\/b2-15-905x450.jpg?fit=905%2C450&ssl=1&resize=525%2C300 1.5x, https:\/\/i0.wp.com\/www.shqiperia.com\/blog\/wp-content\/uploads\/2019\/10\/b2-15-905x450.jpg?fit=905%2C450&ssl=1&resize=700%2C400 2x"},"classes":[]},{"id":18928,"url":"https:\/\/www.shqiperia.com\/blog\/neser-ndryshon-ora-zgjatet-dita-por-me-pak-gjume\/","url_meta":{"origin":27346,"position":4},"title":"Nes\u00ebr ndryshon ora, zgjatet dita, por m\u00eb pak gjum\u00eb. &#8211;","author":"Kurt Farka","date":"March 30, 2019","format":false,"excerpt":"Nes\u00ebr ndryshon ora, zgjatet dita, por m\u00eb pak gjum\u00eb. - Nes\u00ebr ndryshon ora. N\u00eb or\u00ebn 2:00 t\u00eb m\u00ebngjesit akrepat do t\u00eb shkojn\u00eb direkt n\u00eb or\u00ebn 3:00. Kjo do t\u00eb thot\u00eb se do t\u00eb flini m\u00eb pak gjum\u00eb, nd\u00ebrkoh\u00eb q\u00eb dita do t\u00eb zgjatet. Shum\u00eb njer\u00ebz do ndjehen mir\u00eb, pasi dita\u2026","rel":"","context":"In &quot;Njoftime Shtypi&quot;","block_context":{"text":"Njoftime Shtypi","link":"https:\/\/www.shqiperia.com\/blog\/category\/njoftime-shtypi\/"},"img":{"alt_text":"","src":"https:\/\/i0.wp.com\/www.shqiperia.com\/blog\/wp-content\/uploads\/2019\/03\/1553930072_oraa.jpg?fit=780%2C440&ssl=1&resize=350%2C200","width":350,"height":200,"srcset":"https:\/\/i0.wp.com\/www.shqiperia.com\/blog\/wp-content\/uploads\/2019\/03\/1553930072_oraa.jpg?fit=780%2C440&ssl=1&resize=350%2C200 1x, https:\/\/i0.wp.com\/www.shqiperia.com\/blog\/wp-content\/uploads\/2019\/03\/1553930072_oraa.jpg?fit=780%2C440&ssl=1&resize=525%2C300 1.5x, https:\/\/i0.wp.com\/www.shqiperia.com\/blog\/wp-content\/uploads\/2019\/03\/1553930072_oraa.jpg?fit=780%2C440&ssl=1&resize=700%2C400 2x"},"classes":[]},{"id":85031,"url":"https:\/\/www.shqiperia.com\/blog\/behuni-gati-te-fleni-me-shume-afrohet-data-kur-ndryshon-ora\/","url_meta":{"origin":27346,"position":5},"title":"B\u00ebhuni gati t\u00eb fleni m\u00eb shum\u00eb \/ Afrohet data kur ndryshon ora","author":"Kurt Farka","date":"September 26, 2024","format":false,"excerpt":"26 Shtator 2024 Vjeshta ka ardhur tashm\u00eb dhe dit\u00ebt po b\u00ebhen gjithnj\u00eb e m\u00eb t\u00eb shkurtra. Kthimi i or\u00ebs pas na mund\u00ebson t\u00eb kemi m\u00eb shum\u00eb drit\u00eb gjat\u00eb dit\u00ebs. Jo vet\u00ebm kaq, por dit\u00ebn q\u00eb ora ndryshon, kemi nj\u00eb or\u00eb m\u00eb tep\u00ebr n\u00eb shtrat, k\u00ebshtu q\u00eb nuk ankohemi. Edhe k\u00ebt\u00eb\u2026","rel":"","context":"In &quot;Blogu i Udh\u00ebtarit&quot;","block_context":{"text":"Blogu i Udh\u00ebtarit","link":"https:\/\/www.shqiperia.com\/blog\/category\/blogu-i-udhetarit\/"},"img":{"alt_text":"","src":"https:\/\/i0.wp.com\/www.shqiperia.com\/blog\/wp-content\/uploads\/2024\/09\/sahati.jpg?fit=570%2C378&ssl=1&resize=350%2C200","width":350,"height":200,"srcset":"https:\/\/i0.wp.com\/www.shqiperia.com\/blog\/wp-content\/uploads\/2024\/09\/sahati.jpg?fit=570%2C378&ssl=1&resize=350%2C200 1x, https:\/\/i0.wp.com\/www.shqiperia.com\/blog\/wp-content\/uploads\/2024\/09\/sahati.jpg?fit=570%2C378&ssl=1&resize=525%2C300 1.5x"},"classes":[]}],"_links":{"self":[{"href":"https:\/\/www.shqiperia.com\/blog\/wp-json\/wp\/v2\/posts\/27346","targetHints":{"allow":["GET"]}}],"collection":[{"href":"https:\/\/www.shqiperia.com\/blog\/wp-json\/wp\/v2\/posts"}],"about":[{"href":"https:\/\/www.shqiperia.com\/blog\/wp-json\/wp\/v2\/types\/post"}],"author":[{"embeddable":true,"href":"https:\/\/www.shqiperia.com\/blog\/wp-json\/wp\/v2\/users\/9"}],"replies":[{"embeddable":true,"href":"https:\/\/www.shqiperia.com\/blog\/wp-json\/wp\/v2\/comments?post=27346"}],"version-history":[{"count":1,"href":"https:\/\/www.shqiperia.com\/blog\/wp-json\/wp\/v2\/posts\/27346\/revisions"}],"predecessor-version":[{"id":27348,"href":"https:\/\/www.shqiperia.com\/blog\/wp-json\/wp\/v2\/posts\/27346\/revisions\/27348"}],"wp:featuredmedia":[{"embeddable":true,"href":"https:\/\/www.shqiperia.com\/blog\/wp-json\/wp\/v2\/media\/27347"}],"wp:attachment":[{"href":"https:\/\/www.shqiperia.com\/blog\/wp-json\/wp\/v2\/media?parent=27346"}],"wp:term":[{"taxonomy":"category","embeddable":true,"href":"https:\/\/www.shqiperia.com\/blog\/wp-json\/wp\/v2\/categories?post=27346"},{"taxonomy":"post_tag","embeddable":true,"href":"https:\/\/www.shqiperia.com\/blog\/wp-json\/wp\/v2\/tags?post=27346"}],"curies":[{"name":"wp","href":"https:\/\/api.w.org\/{rel}","templated":true}]}}