{"id":27242,"date":"2019-10-20T20:40:10","date_gmt":"2019-10-20T20:40:10","guid":{"rendered":"https:\/\/www.shqiperia.com\/blog\/?p=27242"},"modified":"2019-10-20T20:40:10","modified_gmt":"2019-10-20T20:40:10","slug":"foto-artistike-borocke","status":"publish","type":"post","link":"https:\/\/www.shqiperia.com\/blog\/foto-artistike-borocke\/","title":{"rendered":"Foto Artistike: Borocke. &#8211;"},"content":{"rendered":"<div id=\"attachment_27243\" style=\"width: 621px\" class=\"wp-caption alignnone\"><img data-recalc-dims=\"1\" loading=\"lazy\" decoding=\"async\" aria-describedby=\"caption-attachment-27243\" data-attachment-id=\"27243\" data-permalink=\"https:\/\/www.shqiperia.com\/blog\/foto-artistike-borocke\/borocke-foto-anesti-jance-copy\/\" data-orig-file=\"https:\/\/i0.wp.com\/www.shqiperia.com\/blog\/wp-content\/uploads\/2019\/10\/Borock%C3%AB-Foto-Anesti-Jance-Copy.jpg?fit=960%2C505&amp;ssl=1\" data-orig-size=\"960,505\" data-comments-opened=\"1\" data-image-meta=\"{&quot;aperture&quot;:&quot;0&quot;,&quot;credit&quot;:&quot;&quot;,&quot;camera&quot;:&quot;&quot;,&quot;caption&quot;:&quot;&quot;,&quot;created_timestamp&quot;:&quot;0&quot;,&quot;copyright&quot;:&quot;&quot;,&quot;focal_length&quot;:&quot;0&quot;,&quot;iso&quot;:&quot;0&quot;,&quot;shutter_speed&quot;:&quot;0&quot;,&quot;title&quot;:&quot;&quot;,&quot;orientation&quot;:&quot;0&quot;}\" data-image-title=\"Borock\u00eb &#8211; Foto Anesti Jance &#8211; Copy\" data-image-description=\"\" data-image-caption=\"&lt;p&gt;Borock\u00eb &#8211; Foto Anesti Jance &#8211; &lt;\/p&gt;\n\" data-medium-file=\"https:\/\/i0.wp.com\/www.shqiperia.com\/blog\/wp-content\/uploads\/2019\/10\/Borock%C3%AB-Foto-Anesti-Jance-Copy.jpg?fit=300%2C158&amp;ssl=1\" data-large-file=\"https:\/\/i0.wp.com\/www.shqiperia.com\/blog\/wp-content\/uploads\/2019\/10\/Borock%C3%AB-Foto-Anesti-Jance-Copy.jpg?fit=960%2C505&amp;ssl=1\" class=\" wp-image-27243\" alt=\"\" src=\"https:\/\/i0.wp.com\/www.shqiperia.com\/blog\/wp-content\/uploads\/2019\/10\/Borock%C3%AB-Foto-Anesti-Jance-Copy.jpg?resize=611%2C322&#038;ssl=1\" width=\"611\" height=\"322\" srcset=\"https:\/\/i0.wp.com\/www.shqiperia.com\/blog\/wp-content\/uploads\/2019\/10\/Borock%C3%AB-Foto-Anesti-Jance-Copy.jpg?resize=300%2C158&amp;ssl=1 300w, https:\/\/i0.wp.com\/www.shqiperia.com\/blog\/wp-content\/uploads\/2019\/10\/Borock%C3%AB-Foto-Anesti-Jance-Copy.jpg?resize=768%2C404&amp;ssl=1 768w, https:\/\/i0.wp.com\/www.shqiperia.com\/blog\/wp-content\/uploads\/2019\/10\/Borock%C3%AB-Foto-Anesti-Jance-Copy.jpg?resize=450%2C237&amp;ssl=1 450w, https:\/\/i0.wp.com\/www.shqiperia.com\/blog\/wp-content\/uploads\/2019\/10\/Borock%C3%AB-Foto-Anesti-Jance-Copy.jpg?resize=600%2C316&amp;ssl=1 600w, https:\/\/i0.wp.com\/www.shqiperia.com\/blog\/wp-content\/uploads\/2019\/10\/Borock%C3%AB-Foto-Anesti-Jance-Copy.jpg?resize=400%2C210&amp;ssl=1 400w, https:\/\/i0.wp.com\/www.shqiperia.com\/blog\/wp-content\/uploads\/2019\/10\/Borock%C3%AB-Foto-Anesti-Jance-Copy.jpg?w=960&amp;ssl=1 960w\" sizes=\"auto, (max-width: 611px) 100vw, 611px\" \/><p id=\"caption-attachment-27243\" class=\"wp-caption-text\">Borock\u00eb &#8211; Foto Anesti Jance &#8211;<\/p><\/div>\n<p>Borock\u00eb &#8211; Foto: Anesti Jance &#8211;<\/p>\n<div id=\"attachment_27244\" style=\"width: 703px\" class=\"wp-caption alignnone\"><img data-recalc-dims=\"1\" loading=\"lazy\" decoding=\"async\" aria-describedby=\"caption-attachment-27244\" data-attachment-id=\"27244\" data-permalink=\"https:\/\/www.shqiperia.com\/blog\/foto-artistike-borocke\/borocke-foto-anesti-jance\/\" data-orig-file=\"https:\/\/i0.wp.com\/www.shqiperia.com\/blog\/wp-content\/uploads\/2019\/10\/Borock%C3%AB-Foto-Anesti-Jance.jpg?fit=960%2C720&amp;ssl=1\" data-orig-size=\"960,720\" data-comments-opened=\"1\" data-image-meta=\"{&quot;aperture&quot;:&quot;0&quot;,&quot;credit&quot;:&quot;&quot;,&quot;camera&quot;:&quot;&quot;,&quot;caption&quot;:&quot;&quot;,&quot;created_timestamp&quot;:&quot;0&quot;,&quot;copyright&quot;:&quot;&quot;,&quot;focal_length&quot;:&quot;0&quot;,&quot;iso&quot;:&quot;0&quot;,&quot;shutter_speed&quot;:&quot;0&quot;,&quot;title&quot;:&quot;&quot;,&quot;orientation&quot;:&quot;0&quot;}\" data-image-title=\"Borock\u00eb &#8211; Foto Anesti Jance\" data-image-description=\"\" data-image-caption=\"&lt;p&gt;Borock\u00eb &#8211; Foto Anesti Jance &#8211; &lt;\/p&gt;\n\" data-medium-file=\"https:\/\/i0.wp.com\/www.shqiperia.com\/blog\/wp-content\/uploads\/2019\/10\/Borock%C3%AB-Foto-Anesti-Jance.jpg?fit=300%2C225&amp;ssl=1\" data-large-file=\"https:\/\/i0.wp.com\/www.shqiperia.com\/blog\/wp-content\/uploads\/2019\/10\/Borock%C3%AB-Foto-Anesti-Jance.jpg?fit=960%2C720&amp;ssl=1\" class=\" wp-image-27244\" alt=\"\" src=\"https:\/\/i0.wp.com\/www.shqiperia.com\/blog\/wp-content\/uploads\/2019\/10\/Borock%C3%AB-Foto-Anesti-Jance.jpg?resize=693%2C520&#038;ssl=1\" width=\"693\" height=\"520\" srcset=\"https:\/\/i0.wp.com\/www.shqiperia.com\/blog\/wp-content\/uploads\/2019\/10\/Borock%C3%AB-Foto-Anesti-Jance.jpg?resize=300%2C225&amp;ssl=1 300w, https:\/\/i0.wp.com\/www.shqiperia.com\/blog\/wp-content\/uploads\/2019\/10\/Borock%C3%AB-Foto-Anesti-Jance.jpg?resize=768%2C576&amp;ssl=1 768w, https:\/\/i0.wp.com\/www.shqiperia.com\/blog\/wp-content\/uploads\/2019\/10\/Borock%C3%AB-Foto-Anesti-Jance.jpg?resize=450%2C338&amp;ssl=1 450w, https:\/\/i0.wp.com\/www.shqiperia.com\/blog\/wp-content\/uploads\/2019\/10\/Borock%C3%AB-Foto-Anesti-Jance.jpg?resize=600%2C450&amp;ssl=1 600w, https:\/\/i0.wp.com\/www.shqiperia.com\/blog\/wp-content\/uploads\/2019\/10\/Borock%C3%AB-Foto-Anesti-Jance.jpg?resize=400%2C300&amp;ssl=1 400w, https:\/\/i0.wp.com\/www.shqiperia.com\/blog\/wp-content\/uploads\/2019\/10\/Borock%C3%AB-Foto-Anesti-Jance.jpg?w=960&amp;ssl=1 960w\" sizes=\"auto, (max-width: 693px) 100vw, 693px\" \/><p id=\"caption-attachment-27244\" class=\"wp-caption-text\">Borock\u00eb &#8211; Foto Anesti Jance &#8211;<\/p><\/div>\n","protected":false},"excerpt":{"rendered":"<p>Borock\u00eb &#8211; Foto: Anesti Jance &#8211;<\/p>\n","protected":false},"author":9,"featured_media":27243,"comment_status":"open","ping_status":"open","sticky":false,"template":"","format":"standard","meta":{"jetpack_post_was_ever_published":false,"_jetpack_newsletter_access":"","_jetpack_dont_email_post_to_subs":false,"_jetpack_newsletter_tier_id":0,"_jetpack_memberships_contains_paywalled_content":false,"_jetpack_memberships_contains_paid_content":false,"footnotes":"","jetpack_publicize_message":"","jetpack_publicize_feature_enabled":true,"jetpack_social_post_already_shared":true,"jetpack_social_options":{"image_generator_settings":{"template":"highway","default_image_id":0,"font":"","enabled":false},"version":2}},"categories":[87,27,86],"tags":[],"class_list":["post-27242","post","type-post","status-publish","format-standard","has-post-thumbnail","hentry","category-arte","category-blogu-i-udhetarit","category-trashegimi-kulturore"],"jetpack_publicize_connections":[],"jetpack_featured_media_url":"https:\/\/i0.wp.com\/www.shqiperia.com\/blog\/wp-content\/uploads\/2019\/10\/Borock%C3%AB-Foto-Anesti-Jance-Copy.jpg?fit=960%2C505&ssl=1","jetpack_sharing_enabled":true,"jetpack_shortlink":"https:\/\/wp.me\/p5Z6wp-75o","jetpack-related-posts":[{"id":27689,"url":"https:\/\/www.shqiperia.com\/blog\/fshati-ogdunan-permet-foto-anesti-jance\/","url_meta":{"origin":27242,"position":0},"title":"Fshati Ogdunan, Permet. &#8211; Album &#8211; Foto nga Anesti Jance. &#8211;","author":"Kurt Farka","date":"November 4, 2019","format":false,"excerpt":"Fshati Ogdunan, Permet. - Album - Foto nga Anesti Jance.","rel":"","context":"In &quot;Blogu i Udh\u00ebtarit&quot;","block_context":{"text":"Blogu i Udh\u00ebtarit","link":"https:\/\/www.shqiperia.com\/blog\/category\/blogu-i-udhetarit\/"},"img":{"alt_text":"","src":"https:\/\/i0.wp.com\/www.shqiperia.com\/blog\/wp-content\/uploads\/2019\/11\/Fshati-Ogdunan-Permet.-Foto-Anesti-Jance.jpg?fit=853%2C411&ssl=1&resize=350%2C200","width":350,"height":200,"srcset":"https:\/\/i0.wp.com\/www.shqiperia.com\/blog\/wp-content\/uploads\/2019\/11\/Fshati-Ogdunan-Permet.-Foto-Anesti-Jance.jpg?fit=853%2C411&ssl=1&resize=350%2C200 1x, https:\/\/i0.wp.com\/www.shqiperia.com\/blog\/wp-content\/uploads\/2019\/11\/Fshati-Ogdunan-Permet.-Foto-Anesti-Jance.jpg?fit=853%2C411&ssl=1&resize=525%2C300 1.5x, https:\/\/i0.wp.com\/www.shqiperia.com\/blog\/wp-content\/uploads\/2019\/11\/Fshati-Ogdunan-Permet.-Foto-Anesti-Jance.jpg?fit=853%2C411&ssl=1&resize=700%2C400 2x"},"classes":[]},{"id":55776,"url":"https:\/\/www.shqiperia.com\/blog\/ne-fshatin-senican-permet\/","url_meta":{"origin":27242,"position":1},"title":"Kendi i Fotografise &#8211; Gdhendje ne Gur: &#8211; &#8220;Kalendar Diellor&#8221; i lashte, me shume interes per qyteterimin tone.","author":"Kurt Farka","date":"March 21, 2022","format":false,"excerpt":"\"Kalendar Diellor\" i lashte (shume i lashte), me shume interes per qyteterimin tone. Ne fshatin Seni\u00e7an, Permet. Foto: Anesti Jance. Ne qender te fotos eshte koka e \"Diellit\" jo e plote, (fragment) dmth ne foton e gurit te ruajtur ka mungesa te figures monumentale grafike. - Ka mundesi te kete\u2026","rel":"","context":"In &quot;Histori&quot;","block_context":{"text":"Histori","link":"https:\/\/www.shqiperia.com\/blog\/category\/histori\/"},"img":{"alt_text":"","src":"https:\/\/i0.wp.com\/www.shqiperia.com\/blog\/wp-content\/uploads\/2022\/03\/Kalendar-Diellor-i-lasht-me-shume-interes-per-qyteterimin-tone-te-....jpg?fit=428%2C223&ssl=1&resize=350%2C200","width":350,"height":200},"classes":[]},{"id":24589,"url":"https:\/\/www.shqiperia.com\/blog\/zerec-ura-e-qirkove\/","url_meta":{"origin":27242,"position":2},"title":"Zerec, Ura e Qirkove. &#8211;","author":"Kurt Farka","date":"August 9, 2019","format":false,"excerpt":"Zerec, Ura e Qirkove. Foto Anesti Jance -","rel":"","context":"In &quot;Histori&quot;","block_context":{"text":"Histori","link":"https:\/\/www.shqiperia.com\/blog\/category\/histori\/"},"img":{"alt_text":"","src":"https:\/\/i0.wp.com\/www.shqiperia.com\/blog\/wp-content\/uploads\/2019\/08\/Zerec-Ura-e-Qirkove-Foto-Anesti-Jance-Copy.jpg?fit=720%2C422&ssl=1&resize=350%2C200","width":350,"height":200,"srcset":"https:\/\/i0.wp.com\/www.shqiperia.com\/blog\/wp-content\/uploads\/2019\/08\/Zerec-Ura-e-Qirkove-Foto-Anesti-Jance-Copy.jpg?fit=720%2C422&ssl=1&resize=350%2C200 1x, https:\/\/i0.wp.com\/www.shqiperia.com\/blog\/wp-content\/uploads\/2019\/08\/Zerec-Ura-e-Qirkove-Foto-Anesti-Jance-Copy.jpg?fit=720%2C422&ssl=1&resize=525%2C300 1.5x, https:\/\/i0.wp.com\/www.shqiperia.com\/blog\/wp-content\/uploads\/2019\/08\/Zerec-Ura-e-Qirkove-Foto-Anesti-Jance-Copy.jpg?fit=720%2C422&ssl=1&resize=700%2C400 2x"},"classes":[]},{"id":35032,"url":"https:\/\/www.shqiperia.com\/blog\/kendi-i-fotografise-fshatra-te-bukur-te-lene-shkrete-dhe-te-harruar\/","url_meta":{"origin":27242,"position":3},"title":"Kendi i Fotografise: &#8211; Fshatra te bukur, te lene shkrete dhe te harruar.","author":"Kurt Farka","date":"May 25, 2020","format":false,"excerpt":"Album foto nga Anesti Jan\u00e7e. Kendi i Fotografise: - Fshatra te bukur, te lene shkrete dhe te harruar.","rel":"","context":"In &quot;Kultura&quot;","block_context":{"text":"Kultura","link":"https:\/\/www.shqiperia.com\/blog\/category\/kultura\/"},"img":{"alt_text":"","src":"https:\/\/i0.wp.com\/www.shqiperia.com\/blog\/wp-content\/uploads\/2020\/05\/73515812_2565769893541260_5219650592070172672_n-Copy.jpg?fit=960%2C720&ssl=1&resize=350%2C200","width":350,"height":200,"srcset":"https:\/\/i0.wp.com\/www.shqiperia.com\/blog\/wp-content\/uploads\/2020\/05\/73515812_2565769893541260_5219650592070172672_n-Copy.jpg?fit=960%2C720&ssl=1&resize=350%2C200 1x, https:\/\/i0.wp.com\/www.shqiperia.com\/blog\/wp-content\/uploads\/2020\/05\/73515812_2565769893541260_5219650592070172672_n-Copy.jpg?fit=960%2C720&ssl=1&resize=525%2C300 1.5x, https:\/\/i0.wp.com\/www.shqiperia.com\/blog\/wp-content\/uploads\/2020\/05\/73515812_2565769893541260_5219650592070172672_n-Copy.jpg?fit=960%2C720&ssl=1&resize=700%2C400 2x"},"classes":[]},{"id":35343,"url":"https:\/\/www.shqiperia.com\/blog\/gdhendje-guri-sa-njemije-fjale-per-mitet-e-kultet-tona-te-lashta\/","url_meta":{"origin":27242,"position":4},"title":"Gdhendje guri sa njemije fjale per mitet e kultet tona te lashta","author":"Kurt Farka","date":"June 2, 2020","format":false,"excerpt":"Nga pasuria e Trasheguar e te Pareve Tone. Gdhendje guri sa njemije fjale per mitet e kultet tona te lashta nga fshati Seni\u00e7an, Permet.\u00a0 Foto e publikuar nga Anesti Jance.","rel":"","context":"In &quot;Histori&quot;","block_context":{"text":"Histori","link":"https:\/\/www.shqiperia.com\/blog\/category\/histori\/"},"img":{"alt_text":"","src":"https:\/\/i0.wp.com\/www.shqiperia.com\/blog\/wp-content\/uploads\/2020\/06\/Seni%C3%A7an-Permet-foto-Anesti-Jance.jpg?fit=960%2C540&ssl=1&resize=350%2C200","width":350,"height":200,"srcset":"https:\/\/i0.wp.com\/www.shqiperia.com\/blog\/wp-content\/uploads\/2020\/06\/Seni%C3%A7an-Permet-foto-Anesti-Jance.jpg?fit=960%2C540&ssl=1&resize=350%2C200 1x, https:\/\/i0.wp.com\/www.shqiperia.com\/blog\/wp-content\/uploads\/2020\/06\/Seni%C3%A7an-Permet-foto-Anesti-Jance.jpg?fit=960%2C540&ssl=1&resize=525%2C300 1.5x, https:\/\/i0.wp.com\/www.shqiperia.com\/blog\/wp-content\/uploads\/2020\/06\/Seni%C3%A7an-Permet-foto-Anesti-Jance.jpg?fit=960%2C540&ssl=1&resize=700%2C400 2x"},"classes":[]},{"id":28467,"url":"https:\/\/www.shqiperia.com\/blog\/fshatra-shqiptare-te-braktisur-lashova-leskovik-20-foto-nga-anasti-jance\/","url_meta":{"origin":27242,"position":5},"title":"Fshatra shqiptare te Braktisur &#8211; Lashova Leskovik. &#8211; 20 foto nga Anasti Jance.","author":"Kurt Farka","date":"November 23, 2019","format":false,"excerpt":"Fshatra shqiptare te Braktisur - Lashova Leskovik. - 20 foto nga Anasti Jance. Braktisja e zonave t\u00eb thella n\u00eb zon\u00ebn e Kolonj\u00ebs dhe Leskovikut ka l\u00ebn\u00eb pas vet\u00ebm rr\u00ebnoja. Si kjo nd\u00ebrtes\u00eb e vjet\u00ebr n\u00eb fshatin Lashov\u00eb, ku nuk ka mbetur k\u00ebmb\u00eb njeriu. Vizitoret e rralle, e nje nga keto\u2026","rel":"","context":"In &quot;Histori&quot;","block_context":{"text":"Histori","link":"https:\/\/www.shqiperia.com\/blog\/category\/histori\/"},"img":{"alt_text":"","src":"https:\/\/i0.wp.com\/www.shqiperia.com\/blog\/wp-content\/uploads\/2019\/11\/Lashove-Leskovik.-Foto-Anasti-Jance-18.jpg?fit=720%2C431&ssl=1&resize=350%2C200","width":350,"height":200,"srcset":"https:\/\/i0.wp.com\/www.shqiperia.com\/blog\/wp-content\/uploads\/2019\/11\/Lashove-Leskovik.-Foto-Anasti-Jance-18.jpg?fit=720%2C431&ssl=1&resize=350%2C200 1x, https:\/\/i0.wp.com\/www.shqiperia.com\/blog\/wp-content\/uploads\/2019\/11\/Lashove-Leskovik.-Foto-Anasti-Jance-18.jpg?fit=720%2C431&ssl=1&resize=525%2C300 1.5x, https:\/\/i0.wp.com\/www.shqiperia.com\/blog\/wp-content\/uploads\/2019\/11\/Lashove-Leskovik.-Foto-Anasti-Jance-18.jpg?fit=720%2C431&ssl=1&resize=700%2C400 2x"},"classes":[]}],"_links":{"self":[{"href":"https:\/\/www.shqiperia.com\/blog\/wp-json\/wp\/v2\/posts\/27242","targetHints":{"allow":["GET"]}}],"collection":[{"href":"https:\/\/www.shqiperia.com\/blog\/wp-json\/wp\/v2\/posts"}],"about":[{"href":"https:\/\/www.shqiperia.com\/blog\/wp-json\/wp\/v2\/types\/post"}],"author":[{"embeddable":true,"href":"https:\/\/www.shqiperia.com\/blog\/wp-json\/wp\/v2\/users\/9"}],"replies":[{"embeddable":true,"href":"https:\/\/www.shqiperia.com\/blog\/wp-json\/wp\/v2\/comments?post=27242"}],"version-history":[{"count":1,"href":"https:\/\/www.shqiperia.com\/blog\/wp-json\/wp\/v2\/posts\/27242\/revisions"}],"predecessor-version":[{"id":27245,"href":"https:\/\/www.shqiperia.com\/blog\/wp-json\/wp\/v2\/posts\/27242\/revisions\/27245"}],"wp:featuredmedia":[{"embeddable":true,"href":"https:\/\/www.shqiperia.com\/blog\/wp-json\/wp\/v2\/media\/27243"}],"wp:attachment":[{"href":"https:\/\/www.shqiperia.com\/blog\/wp-json\/wp\/v2\/media?parent=27242"}],"wp:term":[{"taxonomy":"category","embeddable":true,"href":"https:\/\/www.shqiperia.com\/blog\/wp-json\/wp\/v2\/categories?post=27242"},{"taxonomy":"post_tag","embeddable":true,"href":"https:\/\/www.shqiperia.com\/blog\/wp-json\/wp\/v2\/tags?post=27242"}],"curies":[{"name":"wp","href":"https:\/\/api.w.org\/{rel}","templated":true}]}}