{"id":27239,"date":"2019-10-20T19:50:25","date_gmt":"2019-10-20T19:50:25","guid":{"rendered":"https:\/\/www.shqiperia.com\/blog\/?p=27239"},"modified":"2019-10-20T19:50:25","modified_gmt":"2019-10-20T19:50:25","slug":"ne-tepelene-u-kendojne-negociatave-hapu-moj-europe-ja-edhe-teksti","status":"publish","type":"post","link":"https:\/\/www.shqiperia.com\/blog\/ne-tepelene-u-kendojne-negociatave-hapu-moj-europe-ja-edhe-teksti\/","title":{"rendered":"N\u00eb Tepelen\u00eb u k\u00ebndojn\u00eb negociatave: Hapu moj Europ\u00eb\u2026 Ja edhe Teksti \u2026."},"content":{"rendered":"<p><img data-recalc-dims=\"1\" loading=\"lazy\" decoding=\"async\" data-attachment-id=\"27240\" data-permalink=\"https:\/\/www.shqiperia.com\/blog\/ne-tepelene-u-kendojne-negociatave-hapu-moj-europe-ja-edhe-teksti\/grupi-polifonik-i-tepelenes\/\" data-orig-file=\"https:\/\/i0.wp.com\/www.shqiperia.com\/blog\/wp-content\/uploads\/2019\/10\/Grupi-Polifonik-i-Tepelenes.jpg?fit=696%2C378&amp;ssl=1\" data-orig-size=\"696,378\" data-comments-opened=\"1\" data-image-meta=\"{&quot;aperture&quot;:&quot;0&quot;,&quot;credit&quot;:&quot;User&quot;,&quot;camera&quot;:&quot;&quot;,&quot;caption&quot;:&quot;&quot;,&quot;created_timestamp&quot;:&quot;1571501632&quot;,&quot;copyright&quot;:&quot;&quot;,&quot;focal_length&quot;:&quot;0&quot;,&quot;iso&quot;:&quot;0&quot;,&quot;shutter_speed&quot;:&quot;0&quot;,&quot;title&quot;:&quot;&quot;,&quot;orientation&quot;:&quot;0&quot;}\" data-image-title=\"Grupi Polifonik i Tepelenes\" data-image-description=\"\" data-image-caption=\"\" data-medium-file=\"https:\/\/i0.wp.com\/www.shqiperia.com\/blog\/wp-content\/uploads\/2019\/10\/Grupi-Polifonik-i-Tepelenes.jpg?fit=300%2C163&amp;ssl=1\" data-large-file=\"https:\/\/i0.wp.com\/www.shqiperia.com\/blog\/wp-content\/uploads\/2019\/10\/Grupi-Polifonik-i-Tepelenes.jpg?fit=696%2C378&amp;ssl=1\" class=\"alignnone  wp-image-27240\" alt=\"\" src=\"https:\/\/i0.wp.com\/www.shqiperia.com\/blog\/wp-content\/uploads\/2019\/10\/Grupi-Polifonik-i-Tepelenes.jpg?resize=536%2C291&#038;ssl=1\" width=\"536\" height=\"291\" srcset=\"https:\/\/i0.wp.com\/www.shqiperia.com\/blog\/wp-content\/uploads\/2019\/10\/Grupi-Polifonik-i-Tepelenes.jpg?resize=300%2C163&amp;ssl=1 300w, https:\/\/i0.wp.com\/www.shqiperia.com\/blog\/wp-content\/uploads\/2019\/10\/Grupi-Polifonik-i-Tepelenes.jpg?resize=450%2C244&amp;ssl=1 450w, https:\/\/i0.wp.com\/www.shqiperia.com\/blog\/wp-content\/uploads\/2019\/10\/Grupi-Polifonik-i-Tepelenes.jpg?resize=600%2C326&amp;ssl=1 600w, https:\/\/i0.wp.com\/www.shqiperia.com\/blog\/wp-content\/uploads\/2019\/10\/Grupi-Polifonik-i-Tepelenes.jpg?resize=400%2C217&amp;ssl=1 400w, https:\/\/i0.wp.com\/www.shqiperia.com\/blog\/wp-content\/uploads\/2019\/10\/Grupi-Polifonik-i-Tepelenes.jpg?w=696&amp;ssl=1 696w\" sizes=\"auto, (max-width: 536px) 100vw, 536px\" \/><\/p>\n<p>N\u00eb Tepelen\u00eb u k\u00ebndojn\u00eb negociatave: Hapu moj Europ\u00eb\u2026 Ja edhe Teksti \u2026.<\/p>\n<p>19 Tetor, 2019.<\/p>\n<p>Grupi polifonik i Tepelen\u00ebs, pas k\u00ebng\u00ebs p\u00ebr Edi Ram\u00ebn dhe sukseset e Rilindjes, i ka kushtuar nj\u00eb beje edhe mos \u00e7eljes s\u00eb negociatave.<\/p>\n<p>P\u00ebr m\u00eb shum\u00eb ndiqni k\u00ebng\u00ebn:<\/p>\n<p>Europ\u00eb e rr\u00ebnj\u00ebs s\u2019Ilirit, e gjakut, atit e birit,<br \/>\nE Kastriot\u2019 ball\u00eb floririt pse na sheh me bisht t\u00eb syrit<br \/>\nHapu moj Europ\u00eb jeshilja,<br \/>\nUn\u00eb jam jotja ti je imja ! (Refreni)<\/p>\n<p>Hapu moj zem\u00ebr ergj\u00ebnde, sa t\u2019u gjet\u00ebm s\u2019na u gjende,<br \/>\nJo me fjal\u00eb, por me mendje, t\u00eb v\u00ebsh dor\u00eb mbi plag\u00ebn t\u00ebnde.<\/p>\n<p>Ngrehu dhe pritna te porta, jemi q\u00eb ku lindi bota,<br \/>\nPo na ndat\u00eb si ndahet torta, nj\u00eb cop\u00eb thel\u00eb n\u00eb 7 copa.<\/p>\n<p>Ngrehu moj Europ\u00eb e shpres\u00ebs, t\u2019i jap\u00e7 bes\u00eb vendit t\u00eb bes\u00ebs,<br \/>\nSe na le n\u00eb teh t\u00eb pres\u00ebs, eja mjalto lulen e ves\u00ebs.<\/p>\n<p>Ngrehu dhe thuaj t\u00eb v\u00ebrtet\u00ebn, t\u2019ju themi mir\u00eb se ju gjet\u00ebm.<br \/>\nSa heronj p\u00ebr ty dhan\u00eb jet\u00ebn, gjysm\u00ebn e kombit e tret\u00ebm.<\/p>\n<p>Ngrehu moj Europ\u00eb bujare, hiq t\u00eb shkuar\u00ebn m\u00ebkatare,<br \/>\nJa u b\u00eb gjith\u00eb shqiptare, se pa ne s\u2019do ishit fare.<\/p>\n<p>Nga Gazeta: Koha e Jone<\/p>\n","protected":false},"excerpt":{"rendered":"<p>N\u00eb Tepelen\u00eb u k\u00ebndojn\u00eb negociatave: Hapu moj Europ\u00eb\u2026 Ja edhe Teksti \u2026. 19 Tetor, 2019. Grupi polifonik i Tepelen\u00ebs, pas k\u00ebng\u00ebs p\u00ebr Edi Ram\u00ebn dhe sukseset e Rilindjes, i ka kushtuar nj\u00eb beje edhe mos \u00e7eljes s\u00eb negociatave. P\u00ebr m\u00eb shum\u00eb ndiqni k\u00ebng\u00ebn: Europ\u00eb e rr\u00ebnj\u00ebs s\u2019Ilirit, e gjakut, atit e birit, E Kastriot\u2019 ball\u00eb [&hellip;]<\/p>\n","protected":false},"author":9,"featured_media":27240,"comment_status":"open","ping_status":"open","sticky":false,"template":"","format":"standard","meta":{"jetpack_post_was_ever_published":false,"_jetpack_newsletter_access":"","_jetpack_dont_email_post_to_subs":false,"_jetpack_newsletter_tier_id":0,"_jetpack_memberships_contains_paywalled_content":false,"_jetpack_memberships_contains_paid_content":false,"footnotes":"","jetpack_publicize_message":"","jetpack_publicize_feature_enabled":true,"jetpack_social_post_already_shared":true,"jetpack_social_options":{"image_generator_settings":{"template":"highway","default_image_id":0,"font":"","enabled":false},"version":2}},"categories":[27,10,2],"tags":[],"class_list":["post-27239","post","type-post","status-publish","format-standard","has-post-thumbnail","hentry","category-blogu-i-udhetarit","category-kultura","category-politika"],"jetpack_publicize_connections":[],"jetpack_featured_media_url":"https:\/\/i0.wp.com\/www.shqiperia.com\/blog\/wp-content\/uploads\/2019\/10\/Grupi-Polifonik-i-Tepelenes.jpg?fit=696%2C378&ssl=1","jetpack_sharing_enabled":true,"jetpack_shortlink":"https:\/\/wp.me\/p5Z6wp-75l","jetpack-related-posts":[{"id":9264,"url":"https:\/\/www.shqiperia.com\/blog\/pse-po-feston-kryeministri-per-moshapjen-e-negociatave\/","url_meta":{"origin":27239,"position":0},"title":"Pse po feston kryeministri p\u00ebr moshapjen e negociatave. &#8211;","author":"Kurt Farka","date":"June 29, 2018","format":false,"excerpt":"Pse po feston kryeministri p\u00ebr moshapjen e negociatave Nga MARK MARKU Ia dol\u00ebm!, \u2013 th\u00ebrriti Kryeministri, pik\u00ebrisht dit\u00ebn e djeshme pas mbledhjes s\u00eb ministrave t\u00eb Jasht\u00ebm t\u00eb BE-s\u00eb n\u00eb Luksemburg p\u00ebr hapjen e negociatave. P\u00ebr mua q\u00eb isha n\u00eb makin\u00eb dhe thirrjen entuziaste t\u00eb Kryeministrit po e ndiqja nga mikrofonat\u2026","rel":"","context":"In &quot;Blogu i Udh\u00ebtarit&quot;","block_context":{"text":"Blogu i Udh\u00ebtarit","link":"https:\/\/www.shqiperia.com\/blog\/category\/blogu-i-udhetarit\/"},"img":{"alt_text":"","src":"https:\/\/i0.wp.com\/www.shqiperia.com\/blog\/wp-content\/uploads\/2018\/06\/Rama-640-2.jpg?fit=640%2C443&ssl=1&resize=350%2C200","width":350,"height":200,"srcset":"https:\/\/i0.wp.com\/www.shqiperia.com\/blog\/wp-content\/uploads\/2018\/06\/Rama-640-2.jpg?fit=640%2C443&ssl=1&resize=350%2C200 1x, https:\/\/i0.wp.com\/www.shqiperia.com\/blog\/wp-content\/uploads\/2018\/06\/Rama-640-2.jpg?fit=640%2C443&ssl=1&resize=525%2C300 1.5x"},"classes":[]},{"id":41487,"url":"https:\/\/www.shqiperia.com\/blog\/sa-shume-etje-kemi-per-llume-dhe-kellire\/","url_meta":{"origin":27239,"position":1},"title":"Sa shum\u00eb etje kemi p\u00ebr \u201cllum\u00eb\u201d dhe \u201ck\u00ebllir\u00eb\u201d","author":"Kurt Farka","date":"December 3, 2020","format":false,"excerpt":"Sa shum\u00eb etje kemi p\u00ebr \u201cllum\u00eb\u201d dhe \u201ck\u00ebllir\u00eb\u201d 2 dhjetor 2020 Nga: Mentor Kikia Ndoqa nj\u00eb pjes\u00eb t\u00eb emisionit \u201cOpen\u201d. U diskutua p\u00ebr \u00e7\u00ebshtjen e mos-hapjes s\u00eb negociatave, n\u00eb at\u00eb pjes\u00eb q\u00eb pash\u00eb un\u00eb. Sot po shikoja lajme n\u00eb media online q\u00eb i referoheshin k\u00ebtij emisioni: \u201cPlasi sherri mes Grida\u2026","rel":"","context":"In &quot;Blogu i Udh\u00ebtarit&quot;","block_context":{"text":"Blogu i Udh\u00ebtarit","link":"https:\/\/www.shqiperia.com\/blog\/category\/blogu-i-udhetarit\/"},"img":{"alt_text":"","src":"https:\/\/i0.wp.com\/www.shqiperia.com\/blog\/wp-content\/uploads\/2020\/12\/129012547_2803689443218780_7224957320430431382_n.jpg?fit=700%2C363&ssl=1&resize=350%2C200","width":350,"height":200,"srcset":"https:\/\/i0.wp.com\/www.shqiperia.com\/blog\/wp-content\/uploads\/2020\/12\/129012547_2803689443218780_7224957320430431382_n.jpg?fit=700%2C363&ssl=1&resize=350%2C200 1x, https:\/\/i0.wp.com\/www.shqiperia.com\/blog\/wp-content\/uploads\/2020\/12\/129012547_2803689443218780_7224957320430431382_n.jpg?fit=700%2C363&ssl=1&resize=525%2C300 1.5x, https:\/\/i0.wp.com\/www.shqiperia.com\/blog\/wp-content\/uploads\/2020\/12\/129012547_2803689443218780_7224957320430431382_n.jpg?fit=700%2C363&ssl=1&resize=700%2C400 2x"},"classes":[]},{"id":33014,"url":"https:\/\/www.shqiperia.com\/blog\/nje-grusht-dhe-ne-pale-te-flamurit-kendojne-artistet-por-edhe-kete-grusht-dheu-kerkon-te-na-e-mohoje-edi-rama\/","url_meta":{"origin":27239,"position":2},"title":"\u201cNje Grusht dhe ne pale te Flamurit, \u2026\u201d- kendojne artistet, por edhe kete grusht dheu kerkon te na e mohoje Edi Rama.","author":"Kurt Farka","date":"April 3, 2020","format":false,"excerpt":"\u201cNje Grusht dhe ne pale te Flamurit, \u2026\u201d- kendojne artistet, por edhe kete grusht dheu kerkon te na e mohoje Edi Rama. Po degjojme me kenaqesi kengen e Artisteve Shqiptare te bashkuar pothuajse nga gjithe kontinentet, i falenderojme dhe mirnjohje. Cfare thote kjo kenge: \u201c\u2026 Nje grusht dhe, se nuk\u2026","rel":"","context":"In &quot;Blogu i Udh\u00ebtarit&quot;","block_context":{"text":"Blogu i Udh\u00ebtarit","link":"https:\/\/www.shqiperia.com\/blog\/category\/blogu-i-udhetarit\/"},"img":{"alt_text":"","src":"https:\/\/i0.wp.com\/www.shqiperia.com\/blog\/wp-content\/uploads\/2020\/04\/Flamuri-Kombetar.jpg?fit=900%2C507&ssl=1&resize=350%2C200","width":350,"height":200,"srcset":"https:\/\/i0.wp.com\/www.shqiperia.com\/blog\/wp-content\/uploads\/2020\/04\/Flamuri-Kombetar.jpg?fit=900%2C507&ssl=1&resize=350%2C200 1x, https:\/\/i0.wp.com\/www.shqiperia.com\/blog\/wp-content\/uploads\/2020\/04\/Flamuri-Kombetar.jpg?fit=900%2C507&ssl=1&resize=525%2C300 1.5x, https:\/\/i0.wp.com\/www.shqiperia.com\/blog\/wp-content\/uploads\/2020\/04\/Flamuri-Kombetar.jpg?fit=900%2C507&ssl=1&resize=700%2C400 2x"},"classes":[]},{"id":62837,"url":"https:\/\/www.shqiperia.com\/blog\/vezhgim-askush-nuk-eshte-kujtuar-te-hartoje-nje-liste-te-lahutareve-qe-jetojne-e-kendojne-eposin-shqiptare\/","url_meta":{"origin":27239,"position":3},"title":"Vezhgim: &#8211; Askush nuk eshte kujtuar te hartoje nje liste te lahutareve qe jetojne e kendojne Eposin Shqiptare.","author":"Kurt Farka","date":"October 1, 2022","format":false,"excerpt":"Ky eshte Lahutari Gjelosh Alia. 1 Tetor 2022 - Na erdhi mire qe u zvillu ne Koplik Takimi i Lahutareve, nje veprimtari shume e vlefshme ne drejtim te Trahegimise tone. - Por u habita kur thuhej se kane mbetur vetem 20 lahutare ne truallin shqiptar. Ja ketu po jap edhe\u2026","rel":"","context":"In &quot;Arte&quot;","block_context":{"text":"Arte","link":"https:\/\/www.shqiperia.com\/blog\/category\/arte\/"},"img":{"alt_text":"","src":"https:\/\/i0.wp.com\/www.shqiperia.com\/blog\/wp-content\/uploads\/2022\/10\/Lahutari-Gjelosh-Alia-nga-fshati-Dardhe-Puke.jpg?fit=1200%2C738&ssl=1&resize=350%2C200","width":350,"height":200,"srcset":"https:\/\/i0.wp.com\/www.shqiperia.com\/blog\/wp-content\/uploads\/2022\/10\/Lahutari-Gjelosh-Alia-nga-fshati-Dardhe-Puke.jpg?fit=1200%2C738&ssl=1&resize=350%2C200 1x, https:\/\/i0.wp.com\/www.shqiperia.com\/blog\/wp-content\/uploads\/2022\/10\/Lahutari-Gjelosh-Alia-nga-fshati-Dardhe-Puke.jpg?fit=1200%2C738&ssl=1&resize=525%2C300 1.5x, https:\/\/i0.wp.com\/www.shqiperia.com\/blog\/wp-content\/uploads\/2022\/10\/Lahutari-Gjelosh-Alia-nga-fshati-Dardhe-Puke.jpg?fit=1200%2C738&ssl=1&resize=700%2C400 2x, https:\/\/i0.wp.com\/www.shqiperia.com\/blog\/wp-content\/uploads\/2022\/10\/Lahutari-Gjelosh-Alia-nga-fshati-Dardhe-Puke.jpg?fit=1200%2C738&ssl=1&resize=1050%2C600 3x"},"classes":[]},{"id":27029,"url":"https:\/\/www.shqiperia.com\/blog\/bllokada-franceze-ja-cndodhi-sot-dhe-skenari-i-shpreses-se-fundit\/","url_meta":{"origin":27239,"position":4},"title":"Bllokada franceze: &#8211; Ja \u00e7\u2019ndodhi sot dhe skenari i shpres\u00ebs s\u00eb fundit. &#8211;","author":"Kurt Farka","date":"October 15, 2019","format":false,"excerpt":"Bllokada franceze: - Ja \u00e7\u2019ndodhi sot dhe skenari i shpres\u00ebs s\u00eb fundit 15.10.19 Nga: mapo.al Franca bllokoi t\u00eb mart\u00ebn nj\u00eb p\u00ebrpjekje t\u00eb Bashkimit Europian p\u00ebr t\u00eb miratuar nisjen e negociatave t\u00eb an\u00ebtar\u00ebsimit me Shqip\u00ebrin\u00eb dhe Maqedonin\u00eb e Veriut, raporton agjencia Bloomberg. Takimi i ministrave t\u00eb Jasht\u00ebm t\u00eb BE p\u00ebrfundoi pa\u2026","rel":"","context":"In &quot;Blogu i Udh\u00ebtarit&quot;","block_context":{"text":"Blogu i Udh\u00ebtarit","link":"https:\/\/www.shqiperia.com\/blog\/category\/blogu-i-udhetarit\/"},"img":{"alt_text":"","src":"https:\/\/i0.wp.com\/www.shqiperia.com\/blog\/wp-content\/uploads\/2019\/10\/EU.jpg?fit=1200%2C574&ssl=1&resize=350%2C200","width":350,"height":200,"srcset":"https:\/\/i0.wp.com\/www.shqiperia.com\/blog\/wp-content\/uploads\/2019\/10\/EU.jpg?fit=1200%2C574&ssl=1&resize=350%2C200 1x, https:\/\/i0.wp.com\/www.shqiperia.com\/blog\/wp-content\/uploads\/2019\/10\/EU.jpg?fit=1200%2C574&ssl=1&resize=525%2C300 1.5x, https:\/\/i0.wp.com\/www.shqiperia.com\/blog\/wp-content\/uploads\/2019\/10\/EU.jpg?fit=1200%2C574&ssl=1&resize=700%2C400 2x, https:\/\/i0.wp.com\/www.shqiperia.com\/blog\/wp-content\/uploads\/2019\/10\/EU.jpg?fit=1200%2C574&ssl=1&resize=1050%2C600 3x"},"classes":[]},{"id":47220,"url":"https:\/\/www.shqiperia.com\/blog\/hapja-e-negociatave-ditmir-bushati-ben-deklaraten-e-forte-ky-eshte-vendim-i-vonuar-duhet-qe\/","url_meta":{"origin":27239,"position":5},"title":"Hapja e negociatave. Ditmir Bushati b\u00ebn deklarat\u00ebn e FORT\u00cb: &#8211; Ky \u00ebsht\u00eb vendim i vonuar, duhet q\u00eb&#8230;","author":"Kurt Farka","date":"May 4, 2021","format":false,"excerpt":"Hapja e negociatave. Ditmir Bushati b\u00ebn deklarat\u00ebn e FORT\u00cb: - Ky \u00ebsht\u00eb vendim i vonuar, duhet q\u00eb... 4 MAJ 2021 Ish-ministri i Jasht\u00ebm Ditmir Bushati n\u00eb nj\u00eb intervist\u00eb n\u00eb \u201cGood Morning Europe\u201d tha se vendi yn\u00eb e ka marr\u00eb statusin kandidat n\u00eb 2014-\u00ebn, nd\u00ebrsa negociatat duhet t\u00eb ishin hapur n\u00eb\u2026","rel":"","context":"In &quot;Blogu i Udh\u00ebtarit&quot;","block_context":{"text":"Blogu i Udh\u00ebtarit","link":"https:\/\/www.shqiperia.com\/blog\/category\/blogu-i-udhetarit\/"},"img":{"alt_text":"","src":"https:\/\/i0.wp.com\/www.shqiperia.com\/blog\/wp-content\/uploads\/2021\/05\/Ditmir-Bushati.jpeg?fit=800%2C473&ssl=1&resize=350%2C200","width":350,"height":200,"srcset":"https:\/\/i0.wp.com\/www.shqiperia.com\/blog\/wp-content\/uploads\/2021\/05\/Ditmir-Bushati.jpeg?fit=800%2C473&ssl=1&resize=350%2C200 1x, https:\/\/i0.wp.com\/www.shqiperia.com\/blog\/wp-content\/uploads\/2021\/05\/Ditmir-Bushati.jpeg?fit=800%2C473&ssl=1&resize=525%2C300 1.5x, https:\/\/i0.wp.com\/www.shqiperia.com\/blog\/wp-content\/uploads\/2021\/05\/Ditmir-Bushati.jpeg?fit=800%2C473&ssl=1&resize=700%2C400 2x"},"classes":[]}],"_links":{"self":[{"href":"https:\/\/www.shqiperia.com\/blog\/wp-json\/wp\/v2\/posts\/27239","targetHints":{"allow":["GET"]}}],"collection":[{"href":"https:\/\/www.shqiperia.com\/blog\/wp-json\/wp\/v2\/posts"}],"about":[{"href":"https:\/\/www.shqiperia.com\/blog\/wp-json\/wp\/v2\/types\/post"}],"author":[{"embeddable":true,"href":"https:\/\/www.shqiperia.com\/blog\/wp-json\/wp\/v2\/users\/9"}],"replies":[{"embeddable":true,"href":"https:\/\/www.shqiperia.com\/blog\/wp-json\/wp\/v2\/comments?post=27239"}],"version-history":[{"count":1,"href":"https:\/\/www.shqiperia.com\/blog\/wp-json\/wp\/v2\/posts\/27239\/revisions"}],"predecessor-version":[{"id":27241,"href":"https:\/\/www.shqiperia.com\/blog\/wp-json\/wp\/v2\/posts\/27239\/revisions\/27241"}],"wp:featuredmedia":[{"embeddable":true,"href":"https:\/\/www.shqiperia.com\/blog\/wp-json\/wp\/v2\/media\/27240"}],"wp:attachment":[{"href":"https:\/\/www.shqiperia.com\/blog\/wp-json\/wp\/v2\/media?parent=27239"}],"wp:term":[{"taxonomy":"category","embeddable":true,"href":"https:\/\/www.shqiperia.com\/blog\/wp-json\/wp\/v2\/categories?post=27239"},{"taxonomy":"post_tag","embeddable":true,"href":"https:\/\/www.shqiperia.com\/blog\/wp-json\/wp\/v2\/tags?post=27239"}],"curies":[{"name":"wp","href":"https:\/\/api.w.org\/{rel}","templated":true}]}}