{"id":27098,"date":"2019-10-18T06:28:06","date_gmt":"2019-10-18T06:28:06","guid":{"rendered":"https:\/\/www.shqiperia.com\/blog\/?p=27098"},"modified":"2019-10-18T06:28:06","modified_gmt":"2019-10-18T06:28:06","slug":"as-jugosllavia-dhe-as-rama-nuk-rilindin-dot","status":"publish","type":"post","link":"https:\/\/www.shqiperia.com\/blog\/as-jugosllavia-dhe-as-rama-nuk-rilindin-dot\/","title":{"rendered":"As Jugosllavia dhe as Rama nuk rilindin dot. &#8211;"},"content":{"rendered":"<p><strong><img data-recalc-dims=\"1\" loading=\"lazy\" decoding=\"async\" data-attachment-id=\"27099\" data-permalink=\"https:\/\/www.shqiperia.com\/blog\/as-jugosllavia-dhe-as-rama-nuk-rilindin-dot\/6-copy-4\/\" data-orig-file=\"https:\/\/i0.wp.com\/www.shqiperia.com\/blog\/wp-content\/uploads\/2019\/10\/6-Copy.jpg?fit=530%2C281&amp;ssl=1\" data-orig-size=\"530,281\" data-comments-opened=\"1\" data-image-meta=\"{&quot;aperture&quot;:&quot;0&quot;,&quot;credit&quot;:&quot;&quot;,&quot;camera&quot;:&quot;&quot;,&quot;caption&quot;:&quot;&quot;,&quot;created_timestamp&quot;:&quot;0&quot;,&quot;copyright&quot;:&quot;&quot;,&quot;focal_length&quot;:&quot;0&quot;,&quot;iso&quot;:&quot;0&quot;,&quot;shutter_speed&quot;:&quot;0&quot;,&quot;title&quot;:&quot;&quot;,&quot;orientation&quot;:&quot;0&quot;}\" data-image-title=\"6- Copy\" data-image-description=\"\" data-image-caption=\"\" data-medium-file=\"https:\/\/i0.wp.com\/www.shqiperia.com\/blog\/wp-content\/uploads\/2019\/10\/6-Copy.jpg?fit=300%2C159&amp;ssl=1\" data-large-file=\"https:\/\/i0.wp.com\/www.shqiperia.com\/blog\/wp-content\/uploads\/2019\/10\/6-Copy.jpg?fit=530%2C281&amp;ssl=1\" class=\"alignnone  wp-image-27099\" alt=\"\" src=\"https:\/\/i0.wp.com\/www.shqiperia.com\/blog\/wp-content\/uploads\/2019\/10\/6-Copy.jpg?resize=657%2C348&#038;ssl=1\" width=\"657\" height=\"348\" srcset=\"https:\/\/i0.wp.com\/www.shqiperia.com\/blog\/wp-content\/uploads\/2019\/10\/6-Copy.jpg?resize=300%2C159&amp;ssl=1 300w, https:\/\/i0.wp.com\/www.shqiperia.com\/blog\/wp-content\/uploads\/2019\/10\/6-Copy.jpg?resize=450%2C239&amp;ssl=1 450w, https:\/\/i0.wp.com\/www.shqiperia.com\/blog\/wp-content\/uploads\/2019\/10\/6-Copy.jpg?w=530&amp;ssl=1 530w, https:\/\/i0.wp.com\/www.shqiperia.com\/blog\/wp-content\/uploads\/2019\/10\/6-Copy.jpg?resize=400%2C212&amp;ssl=1 400w\" sizes=\"auto, (max-width: 657px) 100vw, 657px\" \/><\/strong><\/p>\n<p><strong>As Jugosllavia dhe as Rama nuk rilindin dot<\/strong><\/p>\n<p>&#8211; 11\/10\/19.<\/p>\n<p><strong>Nga Gentian Gaba<\/strong><\/p>\n<p>Kur t\u00eb gjith\u00eb shqiptar\u00ebt jan\u00eb sy e vesh nga kryeqyteti i Bashkimit Europian, Brukseli, lajmet p\u00ebr vendin ton\u00eb vijn\u00eb nga Novi Sadi. Aty ku kryeministri i Shqip\u00ebris\u00eb u takua me Presidentin e Serbis\u00eb dhe homologun e tij nga Maqedonia e Veriut, p\u00ebr t\u00eb sigluar nj\u00eb marr\u00ebveshje q\u00eb sipas n\u00ebnshkruesve do t\u2019i jap\u00eb jet\u00eb nj\u00eb \u2018mini Schengeni\u2019.<\/p>\n<p>Reagimet e menj\u00ebhershme dhe t\u00eb shumanshme, sidomos t\u00eb bot\u00ebs shqiptare, prodhuan nj\u00eb em\u00ebrtim aspak europian p\u00ebr produktin e Novi Sadit, Jugosllavi e re. Nd\u00ebrkallja e k\u00ebsaj sip\u00ebrmarrjeje me ish-federat\u00ebn, nuk \u00ebsht\u00eb vet\u00ebm pasoj\u00eb e reminishencave t\u00eb s\u00eb shkuar\u00ebs, por edhe i q\u00ebndrimeve dhe ambicieve aspak t\u00eb fshehta t\u00eb presidentit serb Vu\u00e7i\u00e7; i cili tre vite m\u00eb par\u00eb ka deklaruar se \u2018duam t\u00eb rikrijojm\u00eb nj\u00eb Jugosllavi t\u00eb Titos me ish-republikat e saj dikurshme plus(+) Shqip\u00ebrin\u00eb\u2019.<\/p>\n<p>Ndon\u00ebse Rama nuk ka si t\u00eb mos jet\u00eb i nd\u00ebrgjegjsh\u00ebm p\u00ebr rrezikun q\u00eb kjo nism\u00eb mbart nga pik\u00ebpamja e marr\u00ebdh\u00ebnieve nd\u00ebrkomb\u00ebtare, sidomos duke pasur parasysh imputin q\u00eb mund t\u00eb jap\u00eb vendi yn\u00eb n\u00eb instaurimin e hegjemonis\u00eb serbe n\u00eb rajon, kryeministri shqiptar ka vendosur t\u00eb \u2018luaj\u00eb\u2019 n\u00eb \u2018lagjen ballkanike\u2019 p\u00ebr t\u00eb kompensuar d\u00ebshtimet e brendshme dhe ato me Per\u00ebndimin.<\/p>\n<p>Sepse pavar\u00ebsisht se si do t\u00eb p\u00ebrpiqen ta shesin, angazhimi n\u00eb k\u00ebt\u00eb nism\u00eb \u00ebsht\u00eb produkt i refuzimit t\u00eb p\u00ebrvitsh\u00ebm q\u00eb qeveris\u00eb po i b\u00ebhet nga BE-ja, kryesisht si pasoj\u00eb e d\u00ebshtimeve n\u00eb luft\u00ebn kund\u00ebr korrupsionit dhe krimit t\u00eb organizuar. Nj\u00eb orvatje p\u00ebr t\u2019i treguar elektoratit shqiptar se kryeministri g\u00ebzon nj\u00eb rol t\u00eb r\u00ebnd\u00ebsish\u00ebm n\u00eb rajon. Se pavar\u00ebsisht d\u00ebshtimit t\u00eb reformave, ekonomis\u00eb n\u00eb v\u00ebshtir\u00ebsi apo shtimit t\u00eb numrit t\u00eb azilk\u00ebrkuesve n\u00eb vendet e an\u00ebtare, do t\u00eb mjaftoj\u00eb t\u00eb imitojn\u00eb et\u00ebrit themelues t\u00eb BE-s\u00eb, t\u00eb cil\u00ebt e nis\u00ebn projektin europian me k\u00ebsi bashk\u00ebpunimesh dhe \u00e7do gj\u00eb do t\u00eb shkoj\u00eb mbroth.<\/p>\n<p>Por, kjo nuk mund t\u00eb jet\u00eb as e v\u00ebrtet\u00eb dhe as e d\u00ebshirueshme, pasi politikat e jashtme t\u00eb nj\u00eb kombi dhe interesat strategjike, nuk ecin me m\u00ebditje, e mbi t\u00eb gjitha nuk nd\u00ebrtohen ekskluzivisht p\u00ebr t\u00eb zgjatur jet\u00ebn politike t\u00eb nj\u00eb kryeministri.<\/p>\n<p>Ky ndryshim i beft\u00eb prioritetesh, pra kalimi nga BE-ja te \u2018rilindja\u2019 e Jugosllavis\u00eb, nuk prodhon paqart\u00ebsi vet\u00ebm n\u00eb Shqip\u00ebri, por edhe n\u00eb Kosov\u00eb. Kjo e fundit \u00ebsht\u00eb ndoshta m\u00eb e k\u00ebrc\u00ebnuara nga produkti i Novi Sadit. Nisja e k\u00ebsaj tryeze pa u betuar qeveria e re dhe pa u realizuar normalizimi i marr\u00ebdh\u00ebnieve midis Beogradit dhe Prishtin\u00ebs, i vendos shqiptar\u00ebt matan\u00eb kufirit n\u00ebn nj\u00eb presionin t\u00eb shtuar dhe Vu\u00e7i\u00e7 n\u00eb pozitat e atij q\u00eb p\u00ebrcakton rregullat e loj\u00ebs. Nd\u00ebrsa Rama, n\u00eb k\u00ebrkim t\u00eb \u2018rilindjes\u2019 t\u00eb lidershipit t\u00eb tij n\u00eb hap\u00ebsir\u00ebn shqiptare, b\u00ebhet p\u00ebrgjegj\u00ebs p\u00ebr defaktorizimin e Kosov\u00ebs. Nj\u00eb \u2018hile\u2019 e pafalshme, sidomos duke njohur q\u00ebndrimet p\u00ebr dialogun me Serbin\u00eb e mazhoranc\u00ebs t\u00eb votuar pak dit\u00eb m\u00eb par\u00eb, dhe duke ditur se \u00ebsht\u00eb n\u00eb interesin e Vu\u00e7i\u00e7 t\u00eb pasurit Tiran\u00ebn si interlokutore. P\u00ebr m\u00eb tep\u00ebr kur p\u00ebrfaq\u00ebsuesi i saj cil\u00ebsonte gomar, cilindo q\u00eb vendosej kund\u00ebr Tha\u00e7it dhe planit p\u00ebr ndarjen e Kosov\u00ebs.<\/p>\n<p>Gomarin, si metafor\u00eb, kryeministri shqiptar e p\u00ebrdori edhe n\u00eb fjal\u00ebn p\u00ebrmbyll\u00ebse n\u00eb Novi Sad, duke th\u00ebn\u00eb: \u2018I zoti e nxjerr gomarin nga balta\u2019. Pa sqaruar cili \u00ebsht\u00eb i zoti i gomarit, dhe arsyet pse ai ndodhet n\u00eb balt\u00eb. Nj\u00eb zgjedhje e varf\u00ebr fjal\u00ebsh, t\u00eb cilat tregojn\u00eb qart\u00eb gjith\u00eb v\u00ebshtir\u00ebsit\u00eb e Ram\u00ebs. Megjithat\u00eb, n\u00ebse do ta kontekstualizonim fjal\u00ebn e urt\u00eb t\u00eb p\u00ebrdorur nga kryeministri, do t\u00eb mund t\u00eb thuhej se i zoti q\u00eb nxjerr gomarin nga balta nuk \u00ebsht\u00eb lideri, fajtor p\u00ebr gjendjen e integrimit europian, por populli.<\/p>\n<p><img data-recalc-dims=\"1\" loading=\"lazy\" decoding=\"async\" data-attachment-id=\"27100\" data-permalink=\"https:\/\/www.shqiperia.com\/blog\/as-jugosllavia-dhe-as-rama-nuk-rilindin-dot\/74522906_10215697095523952_1117760200787361792_n\/\" data-orig-file=\"https:\/\/i0.wp.com\/www.shqiperia.com\/blog\/wp-content\/uploads\/2019\/10\/74522906_10215697095523952_1117760200787361792_n.jpg?fit=960%2C923&amp;ssl=1\" data-orig-size=\"960,923\" data-comments-opened=\"1\" data-image-meta=\"{&quot;aperture&quot;:&quot;0&quot;,&quot;credit&quot;:&quot;&quot;,&quot;camera&quot;:&quot;&quot;,&quot;caption&quot;:&quot;&quot;,&quot;created_timestamp&quot;:&quot;0&quot;,&quot;copyright&quot;:&quot;&quot;,&quot;focal_length&quot;:&quot;0&quot;,&quot;iso&quot;:&quot;0&quot;,&quot;shutter_speed&quot;:&quot;0&quot;,&quot;title&quot;:&quot;&quot;,&quot;orientation&quot;:&quot;0&quot;}\" data-image-title=\"74522906_10215697095523952_1117760200787361792_n\" data-image-description=\"\" data-image-caption=\"\" data-medium-file=\"https:\/\/i0.wp.com\/www.shqiperia.com\/blog\/wp-content\/uploads\/2019\/10\/74522906_10215697095523952_1117760200787361792_n.jpg?fit=300%2C288&amp;ssl=1\" data-large-file=\"https:\/\/i0.wp.com\/www.shqiperia.com\/blog\/wp-content\/uploads\/2019\/10\/74522906_10215697095523952_1117760200787361792_n.jpg?fit=960%2C923&amp;ssl=1\" class=\"alignnone  wp-image-27100\" alt=\"\" src=\"https:\/\/i0.wp.com\/www.shqiperia.com\/blog\/wp-content\/uploads\/2019\/10\/74522906_10215697095523952_1117760200787361792_n.jpg?resize=666%2C639&#038;ssl=1\" width=\"666\" height=\"639\" srcset=\"https:\/\/i0.wp.com\/www.shqiperia.com\/blog\/wp-content\/uploads\/2019\/10\/74522906_10215697095523952_1117760200787361792_n.jpg?resize=300%2C288&amp;ssl=1 300w, https:\/\/i0.wp.com\/www.shqiperia.com\/blog\/wp-content\/uploads\/2019\/10\/74522906_10215697095523952_1117760200787361792_n.jpg?resize=768%2C738&amp;ssl=1 768w, https:\/\/i0.wp.com\/www.shqiperia.com\/blog\/wp-content\/uploads\/2019\/10\/74522906_10215697095523952_1117760200787361792_n.jpg?resize=450%2C433&amp;ssl=1 450w, https:\/\/i0.wp.com\/www.shqiperia.com\/blog\/wp-content\/uploads\/2019\/10\/74522906_10215697095523952_1117760200787361792_n.jpg?resize=600%2C577&amp;ssl=1 600w, https:\/\/i0.wp.com\/www.shqiperia.com\/blog\/wp-content\/uploads\/2019\/10\/74522906_10215697095523952_1117760200787361792_n.jpg?resize=400%2C385&amp;ssl=1 400w, https:\/\/i0.wp.com\/www.shqiperia.com\/blog\/wp-content\/uploads\/2019\/10\/74522906_10215697095523952_1117760200787361792_n.jpg?w=960&amp;ssl=1 960w\" sizes=\"auto, (max-width: 666px) 100vw, 666px\" \/><\/p>\n<p>N\u00eb fakt, ky i fundit as nuk \u00ebsht\u00eb konsultuar dhe as nuk ka dh\u00ebn\u00eb p\u00eblqimin p\u00ebr implementimin e nj\u00eb \u2018Jugosllavie t\u00eb re\u2019. Ndoshta, n\u00eb vendin ton\u00eb, ka qen\u00eb pik\u00ebrisht mungesa e vot\u00ebs q\u00eb ka \u00e7uar kaq larg k\u00ebt\u00eb \u2018vrapin e gomarit\u2019 t\u00eb nj\u00eb projekti n\u00eb d\u00ebm t\u00eb shqiptar\u00ebve.<\/p>\n<p>Ata q\u00eb pat\u00ebn mund\u00ebsi t\u00eb votonin, shqiptar\u00ebt e Kosov\u00ebs, hodh\u00ebn posht\u00eb \u00e7do projekt t\u00eb mb\u00ebshtetur nga kryeministri yn\u00eb dhe ithtar\u00ebt e pazareve me Serbin\u00eb. P\u00ebr k\u00ebt\u00eb arsye, vota e t\u00eb diel\u00ebs q\u00eb shkoi duhet t\u00eb jet\u00eb kuti mat\u00ebs p\u00ebr orientimin strategjik t\u00eb Shqip\u00ebris\u00eb, e cila nuk mund t\u00eb luaj\u00eb n\u00eb Ballkan pa pasur n\u00eb konsiderat\u00eb interesat e Kosov\u00ebs. N\u00ebse ndodh kjo, \u00ebsht\u00eb m\u00eb se e qart\u00eb se Jugosllavia nuk rilind dot, dhe bashk\u00eb me t\u00eb nuk \u2018rilind\u2019 dot as Rama, tashm\u00eb kampion n\u00eb d\u00ebshtimet e tij nd\u00ebrkomb\u00ebtare.<\/p>\n<p>Gazeta Mapo<\/p>\n<p>GG<\/p>\n","protected":false},"excerpt":{"rendered":"<p>As Jugosllavia dhe as Rama nuk rilindin dot &#8211; 11\/10\/19. Nga Gentian Gaba Kur t\u00eb gjith\u00eb shqiptar\u00ebt jan\u00eb sy e vesh nga kryeqyteti i Bashkimit Europian, Brukseli, lajmet p\u00ebr vendin ton\u00eb vijn\u00eb nga Novi Sadi. Aty ku kryeministri i Shqip\u00ebris\u00eb u takua me Presidentin e Serbis\u00eb dhe homologun e tij nga Maqedonia e Veriut, p\u00ebr [&hellip;]<\/p>\n","protected":false},"author":9,"featured_media":27099,"comment_status":"open","ping_status":"open","sticky":false,"template":"","format":"standard","meta":{"jetpack_post_was_ever_published":false,"_jetpack_newsletter_access":"","_jetpack_dont_email_post_to_subs":false,"_jetpack_newsletter_tier_id":0,"_jetpack_memberships_contains_paywalled_content":false,"_jetpack_memberships_contains_paid_content":false,"footnotes":"","jetpack_publicize_message":"","jetpack_publicize_feature_enabled":true,"jetpack_social_post_already_shared":true,"jetpack_social_options":{"image_generator_settings":{"template":"highway","default_image_id":0,"font":"","enabled":false},"version":2}},"categories":[27,2,35],"tags":[],"class_list":["post-27098","post","type-post","status-publish","format-standard","has-post-thumbnail","hentry","category-blogu-i-udhetarit","category-politika","category-shoqerore"],"jetpack_publicize_connections":[],"jetpack_featured_media_url":"https:\/\/i0.wp.com\/www.shqiperia.com\/blog\/wp-content\/uploads\/2019\/10\/6-Copy.jpg?fit=530%2C281&ssl=1","jetpack_sharing_enabled":true,"jetpack_shortlink":"https:\/\/wp.me\/p5Z6wp-734","jetpack-related-posts":[{"id":26836,"url":"https:\/\/www.shqiperia.com\/blog\/novi-sad-takim-per-mini-shengenin-e-kundershtuar-nga-kosova\/","url_meta":{"origin":27098,"position":0},"title":"Novi Sad, takim p\u00ebr \u201cmini Shengenin\u201d e kund\u00ebrshtuar nga Kosova","author":"Kurt Farka","date":"October 10, 2019","format":false,"excerpt":"Novi Sad, takim p\u00ebr \u201cmini Shengenin\u201d e kund\u00ebrshtuar nga Kosova 9 tetor \u00a02019 Sipas mediave af\u00ebr qeveris\u00eb nj\u00eb dark\u00eb zyrtare mbahet sot n\u00eb Novi Sad midis kryeministrave t\u00eb Shqip\u00ebris\u00eb, Serbis\u00eb dhe Maqedonis\u00eb s\u00eb Veriut. Kryeministrave Ana Brnabic, Edi Rama dhe Zoran Zaev iu bashkua edhe presidenti serb Aleksand\u00ebr Vucic. Pritet\u2026","rel":"","context":"In &quot;Blogu i Udh\u00ebtarit&quot;","block_context":{"text":"Blogu i Udh\u00ebtarit","link":"https:\/\/www.shqiperia.com\/blog\/category\/blogu-i-udhetarit\/"},"img":{"alt_text":"","src":"https:\/\/i0.wp.com\/www.shqiperia.com\/blog\/wp-content\/uploads\/2019\/10\/5d9e17c63619erama-1-905x450.jpg?fit=905%2C450&ssl=1&resize=350%2C200","width":350,"height":200,"srcset":"https:\/\/i0.wp.com\/www.shqiperia.com\/blog\/wp-content\/uploads\/2019\/10\/5d9e17c63619erama-1-905x450.jpg?fit=905%2C450&ssl=1&resize=350%2C200 1x, https:\/\/i0.wp.com\/www.shqiperia.com\/blog\/wp-content\/uploads\/2019\/10\/5d9e17c63619erama-1-905x450.jpg?fit=905%2C450&ssl=1&resize=525%2C300 1.5x, https:\/\/i0.wp.com\/www.shqiperia.com\/blog\/wp-content\/uploads\/2019\/10\/5d9e17c63619erama-1-905x450.jpg?fit=905%2C450&ssl=1&resize=700%2C400 2x"},"classes":[]},{"id":48079,"url":"https:\/\/www.shqiperia.com\/blog\/rama-bashkimi-europian-ka-deshtuar-serish-te-mbaje-premtimin-keta-njerez-i-fryjne-ketij-absurditeti-ose-nuk\/","url_meta":{"origin":27098,"position":1},"title":"Rama: &#8211; Bashkimi Europian ka d\u00ebshtuar s\u00ebrish t\u00eb mbaj\u00eb premtimin! K\u00ebta nj\u00ebr\u00ebz i fryjn\u00eb k\u00ebtij absurditeti ose nuk\u2026","author":"Kurt Farka","date":"June 23, 2021","format":false,"excerpt":"Rama: - Bashkimi Europian ka d\u00ebshtuar s\u00ebrish t\u00eb mbaj\u00eb premtimin! K\u00ebta nj\u00ebr\u00ebz i fryjn\u00eb k\u00ebtij absurditeti ose nuk\u2026 23 qershor 2021 Nj\u00eb dit\u00eb pasi Bullgaria \u201cbllokoi\u201d negociatat p\u00ebr Shqip\u00ebrin\u00eb dhe Maqedonin\u00eb e Veriut p\u00ebr procesin e integrimit europian, kryeministri Edi Rama deklaroi se Bashkimi Europian ka\u00a0d\u00ebshtuar s\u00ebrish t\u00eb mbaj\u00eb premtimin\u2026","rel":"","context":"In &quot;Blogu i Udh\u00ebtarit&quot;","block_context":{"text":"Blogu i Udh\u00ebtarit","link":"https:\/\/www.shqiperia.com\/blog\/category\/blogu-i-udhetarit\/"},"img":{"alt_text":"","src":"https:\/\/i0.wp.com\/www.shqiperia.com\/blog\/wp-content\/uploads\/2021\/06\/Edi-Rama.png?fit=640%2C377&ssl=1&resize=350%2C200","width":350,"height":200,"srcset":"https:\/\/i0.wp.com\/www.shqiperia.com\/blog\/wp-content\/uploads\/2021\/06\/Edi-Rama.png?fit=640%2C377&ssl=1&resize=350%2C200 1x, https:\/\/i0.wp.com\/www.shqiperia.com\/blog\/wp-content\/uploads\/2021\/06\/Edi-Rama.png?fit=640%2C377&ssl=1&resize=525%2C300 1.5x"},"classes":[]},{"id":27180,"url":"https:\/\/www.shqiperia.com\/blog\/marreveshja-false-zogu-pashic-dhe-realizimi-i-pikave-te-saj-nga-enver-hoxha\/","url_meta":{"origin":27098,"position":2},"title":"Marr\u00ebveshja false \u201cZogu-Pashi\u00e7\u201d dhe realizimi i pikave t\u00eb saj nga Enver Hoxha. &#8211;","author":"Kurt Farka","date":"October 20, 2019","format":false,"excerpt":"Marr\u00ebveshja false \u201cZogu-Pashi\u00e7\u201d dhe realizimi i pikave t\u00eb saj nga Enver Hoxha. - 13 tetor 2019 17:59 Nga Kastriot Dervishi Rreth n\u00ebntorit 1924, jugosllav\u00ebt (Jugosllavia deri n\u00eb vitin 1929 quhej Mbret\u00ebria Serbo-Kroato-Sllovene) n\u00eb m\u00ebnyr\u00eb t\u00eb fsheht\u00eb p\u00ebrhap\u00ebn nj\u00eb tekst t\u00eb p\u00ebrpiluar nga nj\u00eb diplomat i tyre, sikur ishte arritur nj\u00eb\u2026","rel":"","context":"In &quot;Blogu i Udh\u00ebtarit&quot;","block_context":{"text":"Blogu i Udh\u00ebtarit","link":"https:\/\/www.shqiperia.com\/blog\/category\/blogu-i-udhetarit\/"},"img":{"alt_text":"","src":"https:\/\/i0.wp.com\/www.shqiperia.com\/blog\/wp-content\/uploads\/2019\/10\/1262e0a93fd2d783003df01ede9d45f6_XL.jpg?fit=800%2C451&ssl=1&resize=350%2C200","width":350,"height":200,"srcset":"https:\/\/i0.wp.com\/www.shqiperia.com\/blog\/wp-content\/uploads\/2019\/10\/1262e0a93fd2d783003df01ede9d45f6_XL.jpg?fit=800%2C451&ssl=1&resize=350%2C200 1x, https:\/\/i0.wp.com\/www.shqiperia.com\/blog\/wp-content\/uploads\/2019\/10\/1262e0a93fd2d783003df01ede9d45f6_XL.jpg?fit=800%2C451&ssl=1&resize=525%2C300 1.5x, https:\/\/i0.wp.com\/www.shqiperia.com\/blog\/wp-content\/uploads\/2019\/10\/1262e0a93fd2d783003df01ede9d45f6_XL.jpg?fit=800%2C451&ssl=1&resize=700%2C400 2x"},"classes":[]},{"id":26846,"url":"https:\/\/www.shqiperia.com\/blog\/ne-vend-te-celjes-se-negociatave-me-be-shqiperia-merr-shengenin-ballkanik\/","url_meta":{"origin":27098,"position":3},"title":"N\u00eb vend t\u00eb \u00e7eljes s\u00eb negociatave me BE, Shqip\u00ebria merr \u201cShengenin Ballkanik\u201d. &#8211;","author":"Kurt Farka","date":"October 10, 2019","format":false,"excerpt":"N\u00eb vend t\u00eb \u00e7eljes s\u00eb negociatave me BE, Shqip\u00ebria merr \u201cShengenin Ballkanik\u201d 10 tetor 2019 Shumica e shqiptar\u00ebve jan\u00eb n\u00eb pritje t\u00eb hapjes s\u00eb negociatave me BE-n\u00eb, por atyre po u ofrohet tjet\u00ebr gj\u00eb, \u201cSchengeni i vog\u00ebl\u201d. N\u00eb Novi Sad t\u00eb Serbis\u00eb, kryeministri Edi Rama s\u00ebbashku me kryeministrin maqedonas, Zoran\u2026","rel":"","context":"In &quot;Politika&quot;","block_context":{"text":"Politika","link":"https:\/\/www.shqiperia.com\/blog\/category\/politika\/"},"img":{"alt_text":"","src":"https:\/\/i0.wp.com\/www.shqiperia.com\/blog\/wp-content\/uploads\/2019\/10\/RAMA-VUCIC-ZAEV-2-905x450.jpeg?fit=905%2C450&ssl=1&resize=350%2C200","width":350,"height":200,"srcset":"https:\/\/i0.wp.com\/www.shqiperia.com\/blog\/wp-content\/uploads\/2019\/10\/RAMA-VUCIC-ZAEV-2-905x450.jpeg?fit=905%2C450&ssl=1&resize=350%2C200 1x, https:\/\/i0.wp.com\/www.shqiperia.com\/blog\/wp-content\/uploads\/2019\/10\/RAMA-VUCIC-ZAEV-2-905x450.jpeg?fit=905%2C450&ssl=1&resize=525%2C300 1.5x, https:\/\/i0.wp.com\/www.shqiperia.com\/blog\/wp-content\/uploads\/2019\/10\/RAMA-VUCIC-ZAEV-2-905x450.jpeg?fit=905%2C450&ssl=1&resize=700%2C400 2x"},"classes":[]},{"id":26575,"url":"https:\/\/www.shqiperia.com\/blog\/cmendet-edi-rama-sot-asnje-vend-i-be-se-nuk-do-te-futej-dot-ne-be\/","url_meta":{"origin":27098,"position":4},"title":"\u201c\u00c7mendet\u201d Edi Rama: Sot asnj\u00eb vend i BE-s\u00eb nuk do t\u00eb futej dot n\u00eb BE\u2026","author":"Kurt Farka","date":"October 3, 2019","format":false,"excerpt":"\u201c\u00c7mendet\u201d Edi Rama: Sot asnj\u00eb vend i BE-s\u00eb nuk do t\u00eb futej dot n\u00eb BE\u2026 3 Tetor, 2019 Kryeministri Edi Rama, ka mbajtur nj\u00eb fjalim plot mllef ndaj Bashkimit Europian, duke akuzuar disa vende an\u00ebtare, se po e penalizojn\u00eb Shqip\u00ebrin\u00eb, p\u00ebr shkak t\u00eb problemeve t\u00eb tyre t\u00eb brendshme. Sipas Ram\u00ebs,\u2026","rel":"","context":"In &quot;Kultura&quot;","block_context":{"text":"Kultura","link":"https:\/\/www.shqiperia.com\/blog\/category\/kultura\/"},"img":{"alt_text":"","src":"https:\/\/i0.wp.com\/www.shqiperia.com\/blog\/wp-content\/uploads\/2019\/10\/Edi-Rama.jpeg?fit=848%2C442&ssl=1&resize=350%2C200","width":350,"height":200,"srcset":"https:\/\/i0.wp.com\/www.shqiperia.com\/blog\/wp-content\/uploads\/2019\/10\/Edi-Rama.jpeg?fit=848%2C442&ssl=1&resize=350%2C200 1x, https:\/\/i0.wp.com\/www.shqiperia.com\/blog\/wp-content\/uploads\/2019\/10\/Edi-Rama.jpeg?fit=848%2C442&ssl=1&resize=525%2C300 1.5x, https:\/\/i0.wp.com\/www.shqiperia.com\/blog\/wp-content\/uploads\/2019\/10\/Edi-Rama.jpeg?fit=848%2C442&ssl=1&resize=700%2C400 2x"},"classes":[]},{"id":26883,"url":"https:\/\/www.shqiperia.com\/blog\/shqiptaret-duan-te-integrohen-ne-be-rama-te-marre-familjen-e-tij-dhe-te-integrohet-ne-ballkan\/","url_meta":{"origin":27098,"position":5},"title":"Shqiptar\u00ebt duan t\u00eb integrohen n\u00eb BE, Rama t\u00eb marr\u00eb familjen e tij dhe t\u00eb \u201cintegrohet\u201d n\u00eb Ballkan. &#8211;","author":"Kurt Farka","date":"October 11, 2019","format":false,"excerpt":"Shqiptar\u00ebt duan t\u00eb integrohen n\u00eb BE, Rama t\u00eb marr\u00eb familjen e tij dhe t\u00eb \u201cintegrohet\u201d n\u00eb Ballkan. - 10 Tetor, 2019 Nga Pano Soko Kjo puna e Shengenit Ballkanik m\u00eb kujton nj\u00eb shprehje popullore \u201cT\u00eb zinjt\u00eb kolonjar\u00eb, van\u00eb p\u00ebr bar, e mor\u00ebn trar\u00eb..\u201d Po pavar\u00ebsisht t\u00eb gjithave. Hajde p\u00ebr nj\u00eb\u2026","rel":"","context":"In &quot;Blogu i Udh\u00ebtarit&quot;","block_context":{"text":"Blogu i Udh\u00ebtarit","link":"https:\/\/www.shqiperia.com\/blog\/category\/blogu-i-udhetarit\/"},"img":{"alt_text":"","src":"https:\/\/i0.wp.com\/www.shqiperia.com\/blog\/wp-content\/uploads\/2019\/10\/pano-Sako-dhe-Edi-rama-.jpg?fit=800%2C416&ssl=1&resize=350%2C200","width":350,"height":200,"srcset":"https:\/\/i0.wp.com\/www.shqiperia.com\/blog\/wp-content\/uploads\/2019\/10\/pano-Sako-dhe-Edi-rama-.jpg?fit=800%2C416&ssl=1&resize=350%2C200 1x, https:\/\/i0.wp.com\/www.shqiperia.com\/blog\/wp-content\/uploads\/2019\/10\/pano-Sako-dhe-Edi-rama-.jpg?fit=800%2C416&ssl=1&resize=525%2C300 1.5x, https:\/\/i0.wp.com\/www.shqiperia.com\/blog\/wp-content\/uploads\/2019\/10\/pano-Sako-dhe-Edi-rama-.jpg?fit=800%2C416&ssl=1&resize=700%2C400 2x"},"classes":[]}],"_links":{"self":[{"href":"https:\/\/www.shqiperia.com\/blog\/wp-json\/wp\/v2\/posts\/27098","targetHints":{"allow":["GET"]}}],"collection":[{"href":"https:\/\/www.shqiperia.com\/blog\/wp-json\/wp\/v2\/posts"}],"about":[{"href":"https:\/\/www.shqiperia.com\/blog\/wp-json\/wp\/v2\/types\/post"}],"author":[{"embeddable":true,"href":"https:\/\/www.shqiperia.com\/blog\/wp-json\/wp\/v2\/users\/9"}],"replies":[{"embeddable":true,"href":"https:\/\/www.shqiperia.com\/blog\/wp-json\/wp\/v2\/comments?post=27098"}],"version-history":[{"count":1,"href":"https:\/\/www.shqiperia.com\/blog\/wp-json\/wp\/v2\/posts\/27098\/revisions"}],"predecessor-version":[{"id":27101,"href":"https:\/\/www.shqiperia.com\/blog\/wp-json\/wp\/v2\/posts\/27098\/revisions\/27101"}],"wp:featuredmedia":[{"embeddable":true,"href":"https:\/\/www.shqiperia.com\/blog\/wp-json\/wp\/v2\/media\/27099"}],"wp:attachment":[{"href":"https:\/\/www.shqiperia.com\/blog\/wp-json\/wp\/v2\/media?parent=27098"}],"wp:term":[{"taxonomy":"category","embeddable":true,"href":"https:\/\/www.shqiperia.com\/blog\/wp-json\/wp\/v2\/categories?post=27098"},{"taxonomy":"post_tag","embeddable":true,"href":"https:\/\/www.shqiperia.com\/blog\/wp-json\/wp\/v2\/tags?post=27098"}],"curies":[{"name":"wp","href":"https:\/\/api.w.org\/{rel}","templated":true}]}}