{"id":27095,"date":"2019-10-18T06:14:42","date_gmt":"2019-10-18T06:14:42","guid":{"rendered":"https:\/\/www.shqiperia.com\/blog\/?p=27095"},"modified":"2019-10-18T06:14:42","modified_gmt":"2019-10-18T06:14:42","slug":"butrinti-me-koncesion-neritan-ceka-po-grabitet-pasuria-po-sillen-si-gadafi-ministrja-genjen-genjen-genjen","status":"publish","type":"post","link":"https:\/\/www.shqiperia.com\/blog\/butrinti-me-koncesion-neritan-ceka-po-grabitet-pasuria-po-sillen-si-gadafi-ministrja-genjen-genjen-genjen\/","title":{"rendered":"\u201cButrinti me koncesion\u201d\/ Neritan Ceka: Po grabitet pasuria, po sillen si Gadafi, ministrja g\u00ebnjen, g\u00ebnjen, g\u00ebnjen &#8230;"},"content":{"rendered":"<div id=\"attachment_27096\" style=\"width: 567px\" class=\"wp-caption alignnone\"><img data-recalc-dims=\"1\" loading=\"lazy\" decoding=\"async\" aria-describedby=\"caption-attachment-27096\" data-attachment-id=\"27096\" data-permalink=\"https:\/\/www.shqiperia.com\/blog\/butrinti-me-koncesion-neritan-ceka-po-grabitet-pasuria-po-sillen-si-gadafi-ministrja-genjen-genjen-genjen\/nerian-ceka\/\" data-orig-file=\"https:\/\/i0.wp.com\/www.shqiperia.com\/blog\/wp-content\/uploads\/2019\/10\/nerian-ceka-.jpg?fit=770%2C407&amp;ssl=1\" data-orig-size=\"770,407\" data-comments-opened=\"1\" data-image-meta=\"{&quot;aperture&quot;:&quot;0&quot;,&quot;credit&quot;:&quot;&quot;,&quot;camera&quot;:&quot;&quot;,&quot;caption&quot;:&quot;&quot;,&quot;created_timestamp&quot;:&quot;0&quot;,&quot;copyright&quot;:&quot;&quot;,&quot;focal_length&quot;:&quot;0&quot;,&quot;iso&quot;:&quot;0&quot;,&quot;shutter_speed&quot;:&quot;0&quot;,&quot;title&quot;:&quot;&quot;,&quot;orientation&quot;:&quot;0&quot;}\" data-image-title=\"nerian ceka-\" data-image-description=\"\" data-image-caption=\"&lt;p&gt;nerian ceka-&lt;\/p&gt;\n\" data-medium-file=\"https:\/\/i0.wp.com\/www.shqiperia.com\/blog\/wp-content\/uploads\/2019\/10\/nerian-ceka-.jpg?fit=300%2C159&amp;ssl=1\" data-large-file=\"https:\/\/i0.wp.com\/www.shqiperia.com\/blog\/wp-content\/uploads\/2019\/10\/nerian-ceka-.jpg?fit=770%2C407&amp;ssl=1\" class=\" wp-image-27096\" alt=\"\" src=\"https:\/\/i0.wp.com\/www.shqiperia.com\/blog\/wp-content\/uploads\/2019\/10\/nerian-ceka-.jpg?resize=557%2C295&#038;ssl=1\" width=\"557\" height=\"295\" srcset=\"https:\/\/i0.wp.com\/www.shqiperia.com\/blog\/wp-content\/uploads\/2019\/10\/nerian-ceka-.jpg?resize=300%2C159&amp;ssl=1 300w, https:\/\/i0.wp.com\/www.shqiperia.com\/blog\/wp-content\/uploads\/2019\/10\/nerian-ceka-.jpg?resize=768%2C406&amp;ssl=1 768w, https:\/\/i0.wp.com\/www.shqiperia.com\/blog\/wp-content\/uploads\/2019\/10\/nerian-ceka-.jpg?resize=450%2C238&amp;ssl=1 450w, https:\/\/i0.wp.com\/www.shqiperia.com\/blog\/wp-content\/uploads\/2019\/10\/nerian-ceka-.jpg?resize=600%2C317&amp;ssl=1 600w, https:\/\/i0.wp.com\/www.shqiperia.com\/blog\/wp-content\/uploads\/2019\/10\/nerian-ceka-.jpg?resize=400%2C211&amp;ssl=1 400w, https:\/\/i0.wp.com\/www.shqiperia.com\/blog\/wp-content\/uploads\/2019\/10\/nerian-ceka-.jpg?w=770&amp;ssl=1 770w\" sizes=\"auto, (max-width: 557px) 100vw, 557px\" \/><p id=\"caption-attachment-27096\" class=\"wp-caption-text\">nerian ceka-<\/p><\/div>\n<p><strong>\u201cButrinti me koncesion\u201d\/ Neritan Ceka: Po grabitet pasuria, po sillen si Gadafi, ministrja g\u00ebnjen, g\u00ebnjen, g\u00ebnjen<\/strong><\/p>\n<p><strong>Nga: Fatmira Nikolli\u00a0<\/strong><\/p>\n<p>Profesor Neritan Ceka reagon ashp\u00ebr p\u00ebr \u00e7\u00ebshtjen e Butrintit. Dy dit\u00eb m\u00eb par\u00eb n\u00eb Ministrin\u00eb e Kultur\u00ebs u dor\u00ebzua nga shefi i bordit Fondi Shqiptaro- Amerikan p\u00ebr Zhvillim\u201d, Michael Granoff, \u201cPlani i menaxhimit t\u00eb integruar t\u00eb Butrintit\u201d. Me \u00e7\u2019rast ministrja Elva Margariti dhe Granoff fol\u00ebn p\u00ebr draftin n\u00eb p\u00ebrgjith\u00ebsi duke u ndalur tek an\u00ebt pozitive sipas tyre.<br \/>\nN\u00eb intervist\u00ebn e tij p\u00ebr \u201cGazeta Shqiptare\u201d, profesor Neritan Ceka, arkeolog i njohur analizon draftin dhe m\u00ebnyr\u00ebn si do funksionoj\u00eb Butrinti p\u00ebr \u00e7ka ka shum\u00eb kritika si p\u00ebr ministrin\u00eb edhe p\u00ebr Fondin.<br \/>\nSi njoh\u00ebs i mir\u00eb i trash\u00ebgimis\u00eb ai nuk e sheh me vend at\u00eb q\u00eb po b\u00ebhet.<\/p>\n<p><strong>\u2013 Profesor \u00ebsht\u00eb dor\u00ebzuar n\u00eb Ministrin\u00eb e Kultur\u00ebs nga Fondacioni Amerikan i Zhvillimit, nj\u00eb draft i Menaxhimit t\u00eb Integruar t\u00eb Parkut t\u00eb Butrintit. Ju si specialist i fush\u00ebs, a jeni thirrur n\u00eb ndonj\u00eb konsultim me pal\u00ebt?<\/strong><br \/>\nAbsolutisht asnj\u00ebher\u00eb. As un\u00eb q\u00eb kam qen\u00eb drejtor i k\u00ebrkimeve n\u00eb Butrint n\u00eb vitet 1970-1980, kur kam drejtuar krijimin e parkut arkeologjik t\u00eb Butrintit dhe kur u restaurua teatri, gjimnazi, nymfeu, si dhe nj\u00eb pjes\u00eb e murit rrethues. Pastaj kam drejtuar k\u00ebrkimet arkeologjike n\u00eb Butrint n\u00eb vitet 2004-2005 dhe kam disa botime p\u00ebr Butrintin. Nuk \u00ebsht\u00eb thirrur as Auron Tare q\u00eb \u00ebsht\u00eb krijuesi i parkut n\u00eb form\u00ebn q\u00eb ka marr\u00eb sot. Ve\u00e7 k\u00ebsaj, ai \u00ebsht\u00eb edhe an\u00ebtar i K\u00ebshillit t\u00eb UNESCO n\u00eb Paris, ku p\u00ebrfaq\u00ebson pasurit\u00eb bot\u00ebrore t\u00eb Shqip\u00ebris\u00eb, pra edhe Butrintin. Kur tre vjet m\u00eb par\u00eb nga Ministria e Kultur\u00ebs u b\u00eb shpallja e k\u00ebtij projekti n\u00eb Muzeun Historik Komb\u00ebtar, ai deshi t\u00eb fliste dhe nuk e lan\u00eb. Nuk \u00ebsht\u00eb thirrur as Instituti i Arkeologjis\u00eb q\u00eb vazhdon k\u00ebrkimet pa nd\u00ebrprerje, q\u00eb nga viti 1970 me Dhimosten Budin\u00ebn, Kosta Lakon, Richard Hodges dhe m\u00eb grupin q\u00eb punon tani nga Instituti i Arkeologjis\u00eb dhe nga Universiteti i Macerat\u00ebs. Jan\u00eb miliona euro q\u00eb jan\u00eb investuar nga ekipet shkencore n\u00eb Butrint dhe asnj\u00ebri prej k\u00ebtyre nuk \u00ebsht\u00eb thirrur. Pra, e gjith\u00eb kjo \u00ebsht\u00eb nj\u00eb loj\u00eb dhe habitem se si m\u00eb n\u00eb fund n\u00ebndet\u00ebsja pirate e Ministris\u00eb s\u00eb Kultur\u00ebs doli mbi uj\u00eb p\u00ebr t\u00eb grabitur frutet e k\u00ebsaj pune 100 vje\u00e7are.<\/p>\n<p><strong>\u2013 Dje ministrja p\u00ebrmendi ministrit\u00eb e linj\u00ebs dhe agjencit\u00eb n\u00eb var\u00ebsi, meqen\u00ebse Butrinti p\u00ebrfshin liqenin, etj. Dini gj\u00eb ju, n\u00ebse ndonj\u00eb specialist trash\u00ebgimie ka qen\u00eb pjes\u00eb e grupit t\u00eb pun\u00ebs?<\/strong><br \/>\nKy projekt nuk ka t\u00eb b\u00ebj\u00eb fare me liqenin. B\u00ebhet fjal\u00eb p\u00ebr Parkun Arkeologjik, pjes\u00eb e parkut natyror, q\u00eb \u00ebsht\u00eb shum\u00eb m\u00eb i gjer\u00eb. P\u00ebrderisa prezantohet nga Ministria e Kultur\u00ebs, ky projekt ka t\u00eb b\u00ebj\u00eb vet\u00ebm me Parkun Arkeologjik dhe jo me at\u00eb natyror. P\u00ebr cil\u00ebt specialist\u00eb trash\u00ebgimie e keni fjal\u00ebn, sepse Ministria e Kultur\u00ebs nuk ka sot asnj\u00eb specialist? Ministria e Kultur\u00ebs ka vet\u00ebm zyrtar\u00eb t\u00eb em\u00ebruar nga hi\u00e7i, duke filluar nga drejtoresha e Institutit t\u00eb Monumenteve t\u00eb Kultur\u00ebs, me drejtorit\u00eb rajonale q\u00eb nuk jan\u00eb specialist\u00eb. Ka nj\u00eb sistem prej gati 100 vet\u00ebsh dhe nuk ka asnj\u00eb doktor shkencash, nuk ka asnj\u00eb q\u00eb b\u00ebn tema, nuk ka asnj\u00eb q\u00eb shkruan artikuj.<\/p>\n<p>Kjo shitet shum\u00eb leht\u00eb tani n\u00eb sitet e k\u00ebtyre institucioneve, ku paraqiten p\u00ebrfaq\u00ebsues t\u00eb Fondacionit Amerikan Shqiptar, q\u00eb e paraqesin projektin e tyre para asaj drejtoreshe dhe tre personave q\u00eb nuk i njeh askush t\u00eb jen\u00eb marr\u00eb ndonj\u00ebher\u00eb me arkeologjin\u00eb, pa l\u00ebre me Butrintin. \u00cbsht\u00eb e turpshme kjo sken\u00eb q\u00eb na diskrediton para gjith\u00eb atyre q\u00eb prej dekadash kan\u00eb punuar n\u00eb Butrint, duke p\u00ebrfshir\u00eb edhe koleg\u00ebt anglez\u00eb dhe italian\u00eb. P\u00ebr m\u00eb tep\u00ebr draft projekti i \u00ebsht\u00eb dh\u00ebn\u00eb nj\u00eb studioje q\u00eb quhet \u201cPrince + Pearce\u201d, e cila deri tani ka b\u00ebr\u00eb vet\u00ebm nj\u00eb projekt p\u00ebr Volorek\u00ebn. P\u00ebr t\u00eb th\u00ebn\u00eb se sa bujar\u00eb jan\u00eb, e vendosin vet\u00eb \u00e7mimin n\u00eb 250 mij\u00eb dollar\u00eb. Dhe e vendos ai q\u00eb do ta marr\u00eb si koncesion dhe kjo \u00ebsht\u00eb n\u00eb kund\u00ebrshtim me ligjin. Kjo quhet nj\u00eb ofert\u00eb e pak\u00ebrkuar dhe ky \u00ebsht\u00eb nj\u00eb objekt p\u00ebr prokurorin\u00eb. Ajo zonja ministre, q\u00eb del e flet me kaq kompetenc\u00eb, un\u00eb kam frik\u00eb se do t\u00eb p\u00ebrfundoj\u00eb n\u00eb prokurori k\u00ebto dit\u00eb.<\/p>\n<p><strong>\u2013 Profesor, ju parimisht si e shihni q\u00eb nj\u00eb fondacion bashk\u00eb me ministrin\u00eb, t\u00eb menaxhoj\u00eb Butrintin?<\/strong><br \/>\nUn\u00eb d\u00ebgjova ministren dhe them se ajo g\u00ebnjen n\u00eb m\u00ebnyr\u00ebn m\u00eb t\u00eb paturpshme. Nuk \u00ebsht\u00eb mir\u00eb q\u00eb nj\u00eb zonje, t\u2019i thuash se g\u00ebnjen, por g\u00ebnjen, g\u00ebnjen, g\u00ebnjen! Krahasimi q\u00eb ajo b\u00ebn me British Heritage, q\u00eb kuron Stonehnege, \u00ebsht\u00eb nj\u00eb model krejt tjet\u00ebr. Fondacioni atje \u00ebsht\u00eb 100% shtet\u00ebror. Fondacion British Heritage q\u00eb menaxhon q\u00eb nga Stonehenge dhe deri n\u00eb Buckingham Palace, \u00ebsht\u00eb shtet\u00ebror. N\u00eb fillim \u00ebsht\u00eb financuar 90% nga shteti sot financohet 14%. Dhe vet\u00ebm me sistemin q\u00eb ka krijuar, pra me biletat, me aktivitetet, librat etj, ka arritur q\u00eb t\u00eb mbuloj\u00eb t\u00eb gjith\u00eb kujdesin p\u00ebr monumentet n\u00eb Angli. Mjafton t\u00eb klikoni tek \u201cBritish Heritage\u201d dhe do t\u00eb shikoni q\u00eb \u00ebsht\u00eb nj\u00eb struktur\u00eb e ngritur nga dashuria p\u00ebr arkitektur\u00ebn dhe artin, nga p\u00ebrgjegj\u00ebsia p\u00ebr ta b\u00ebr\u00eb at\u00eb pron\u00eb t\u00eb miliona anglez\u00ebve, por edhe turist\u00ebve t\u00eb huaj, dhe jo nga d\u00ebshira banditeske p\u00ebr t\u00eb grabitur nj\u00eb pasuri t\u00eb krijuar nga breza arkeolog\u00ebsh e restaurator\u00ebsh. Do t\u00eb shikoni q\u00eb vet\u00ebm \u201cStonehenge Environmental Improvements Programme\u201d po mb\u00ebshtetet nga dhjet\u00ebra donator\u00eb si : The Heritage Lottery Fund, The Monument Trust, The Wolfson Foundation, Fidelity UK Foundation, The Linbury Trust, The Headley Trust, Garfield Weston Foundation, etj.<br \/>\nImagjinoni se \u00e7far\u00eb monumentesh ka Anglia dhe t\u00eb gjitha jan\u00eb n\u00eb gjendjen m\u00eb t\u00eb mir\u00eb t\u00eb mundshme dhe t\u00eb integruara n\u00eb itineraret turistike. K\u00ebt\u00eb nuk mund ta b\u00ebjn\u00eb privat\u00ebt, sepse parimi kryesor i tyre \u00ebsht\u00eb fitimi me sa m\u00eb pak investime. Kjo q\u00eb b\u00ebjn\u00eb \u00ebsht\u00eb nj\u00eb bandititiz\u00ebm. Pra, zot\u00ebrinjt\u00eb marrin vesh q\u00eb vet\u00ebm nga biletat Butrinti ka fitim 1 milion euro n\u00eb vit. Marrin vesh q\u00eb \u00ebsht\u00eb edhe rrumpall\u00eb, sepse vet\u00ebm nga vjedhjet e biletave jan\u00eb b\u00ebr\u00eb me sht\u00ebpi disa gjenerata drejtor\u00ebsh t\u00eb em\u00ebruar nga ministrat e kultur\u00ebs. Pra, eja t\u00eb krijojm\u00eb nj\u00eb fondacion me emrin e madh Amerikan Shqiptar (jo shqiptar-amerikan!), sepse n\u00eb fakt aty vet\u00ebm M.Granoff \u00ebsht\u00eb Amerikan, t\u00eb gjith\u00eb t\u00eb tjer\u00ebt jan\u00eb klient\u00ebt e qeveris\u00eb dhe i kan\u00eb gati studiot dhe kompanit\u00eb q\u00eb di t\u00eb vijn\u00eb t\u00eb marrin parat\u00eb. Pra, ky \u00ebsht\u00eb nj\u00eb fondacion fantazm\u00eb, kjo \u00ebsht\u00eb n\u00ebndet\u00ebsja pirate me flamurin e zi, me kafk\u00ebn edhe me kockat p\u00ebr arkeologjin\u00eb dhe p\u00ebr trash\u00ebgimin\u00eb shqiptare. \u00cbsht\u00eb nj\u00eb turp q\u00eb po b\u00ebhet kjo gj\u00eb, n\u00eb vend q\u00eb t\u00eb b\u00ebhet nj\u00eb Albanian Hertage, 100 % shtet\u00ebror, ku drejtori i fondacionit em\u00ebrohet nga ministri i Kultur\u00ebs, por bordi b\u00ebhet nga specialist\u00eb, jo nga zyrtare, jo nga rrog\u00ebtar\u00eb, jo nga t\u00eb ashtuquajturat \u201cinstitucione\u201d ku nuk ka m\u00eb asnj\u00eb profesor, asnj\u00eb doktor shkencash. \u00c7far\u00eb institucionesh kan\u00eb n\u00eb var\u00ebsi? I em\u00ebrojn\u00eb vet\u00eb dhe i b\u00ebjn\u00eb pjes\u00eb t\u00eb rrjet\u00ebs s\u00eb biznesit t\u00eb tyre. A e dini ju q\u00eb n\u00eb Durr\u00ebs, \u00ebsht\u00eb em\u00ebruar drejtor i Trash\u00ebgimis\u00eb, ai q\u00eb ka qen\u00eb drejtor i spitalit. Kjo \u00ebsht\u00eb nj\u00eb katastrof\u00eb. As n\u00eb koh\u00ebn e Sulltan Hamitit nuk ka qen\u00eb k\u00ebshtu gjendja e monumenteve n\u00eb Shqip\u00ebri. Me ardhjen e k\u00ebtyre dy zonjave i kan\u00eb v\u00ebn\u00eb ferr\u00ebn t\u00ebr\u00ebsisht trash\u00ebgimis\u00eb kulturore.<\/p>\n<p><strong>\u2013 Profesor, ideja p\u00ebr nj\u00eb menaxhim me fondacion n\u00eb Butrintit, ka nisur shum\u00eb her\u00ebt\u2026<\/strong><br \/>\nKa nisur tre vjet m\u00eb par\u00eb vjet dhe \u00ebsht\u00eb plan mafioz, nga nj\u00eb Fondacion Amerikan Shqiptar, q\u00eb ka l\u00ebn\u00eb nam n\u00eb Gjirokast\u00ebr. Demek sikur restauruan Pazarin e Gjirokastr\u00ebs me fondet e tyre. Kam par\u00eb dhe dokumentuar me foto dhe film m\u00ebnyr\u00ebn se si punonin me mjete me zinxhir mbi kalldr\u00ebmet e qytetit. Se si shkat\u00ebrronin me ekskavator kanalizimet dhe nd\u00ebrtesat e shek XVI-XVII q\u00eb ruheshin n\u00ebn ato kalldr\u00ebme. Sipas ligjit k\u00ebto punime duhet t\u00eb miratoheshin nga K\u00ebshilli Komb\u00ebtar i Arkeologjis\u00eb dhe duhet t\u00eb ndiqeshin nga arkeolog\u00ebt e fondacionit dhe t\u00eb Drejtoris\u00eb rajonale. Askush prej tyre! Sepse z.Granoff, mik i t\u00eb gjith\u00eb kryeministrave, ministrave e deputet\u00ebve, preokupimin m\u00eb t\u00eb vog\u00ebl ka ligjin shqiptar. E shkel, e nd\u00ebrron si dhe kur i do qejfi. Dhe n\u00eb fund, a e dini \u00e7far\u00eb ndodhi? P\u00ebr her\u00eb t\u00eb par\u00eb n\u00eb kaq shekuj u p\u00ebrmbyt pazari i Gjirokastr\u00ebs. N\u00eb \u00e7do vend t\u00eb qytet\u00ebruar, me nj\u00eb tradit\u00eb t\u00eb gjat\u00eb t\u00eb kujdesit p\u00ebr trash\u00ebgimin\u00eb kulturor, ky fondacion do t\u00eb ishte mbyllur dhe jo t\u2019i jepet Butrinti.<\/p>\n<p><strong>\u2013 Kreu i bordit t\u00eb Fondacionit Michael Granoff tha para mediave t\u00eb mart\u00ebn se \u201ckuptuam q\u00eb nuk duheshin hedhur m\u00eb shum\u00eb para, por duhej nj\u00eb ide t\u00ebr\u00ebsisht e re, e kjo na \u00e7oi tek nj\u00eb ligj i ri q\u00eb do ta b\u00ebnte t\u00eb mundur nj\u00eb plan t\u00eb till\u00eb menaxhimi\u201d. Ai shtoi se, \u201cnuk di t\u00eb ket\u00eb shum\u00eb organizata t\u00eb tjera q\u00eb kan\u00eb aft\u00ebsin\u00eb q\u00eb t\u00eb ken\u00eb nj\u00eb partneritet kaq t\u00eb mir\u00eb me ministrin\u00eb dhe me qeverin\u00eb p\u00ebr t\u00eb krijuar nj\u00eb ligj t\u00eb ri q\u00eb ofron arkitektur\u00ebn dhe mund\u00ebsin\u00eb e organizimit dhe menaxhimit t\u00eb Butrintit n\u00eb m\u00ebnyr\u00ebn m\u00eb t\u00eb mir\u00eb p\u00ebr Shqip\u00ebrin\u00eb\u201d\u2026Pra, ka nisur ideja m\u00eb her\u00ebt?<\/strong><br \/>\nNuk po e komentoj fraz\u00ebn, sepse \u00ebsht\u00eb nj\u00eb p\u00ebr\u00e7artje n\u00eb nj\u00eb fush\u00eb q\u00eb zot\u00ebria nuk ja ka iden\u00eb, pale t\u00eb propozoj\u00eb modele t\u00eb reja menaxhimi. Pse nuk e shpjegoi, se \u00e7far\u00eb organizate ka ai? \u00c7\u2019\u00ebsht\u00eb kjo organizat\u00eb bamir\u00ebse q\u00eb vjen dhe na merr 1 milion euro n\u00eb vit? Un\u00eb do t\u00eb pyesja p\u00ebrse nuk e shpall\u00ebn p\u00ebr tender p\u00ebrmes Ministris\u00eb s\u00eb Kultur\u00ebs planin e menaxhimit t\u00eb Butrintit. Pse 250 000 dhe jo 150 000, apo 300 000 dollar\u00eb? Po t\u00eb klikoni te Parku Arkeologjik i Pompeit, e keni gati planin e menaxhimit t\u00eb tij p\u00ebr 10 vjet, t\u00eb miratuar nga UNESCO, q\u00eb \u00ebsht\u00eb nj\u00ebsoj si Butrinti. Dua t\u00eb theksoj me k\u00ebt\u00eb rast q\u00eb arkeologjia n\u00eb Shqip\u00ebri festoi 100-vjetorin e fillimeve n\u00eb Apolloni, nd\u00ebrsa Butrinti 90-vjetorin. Butrinti \u00ebsht\u00eb vep\u00ebr e pes\u00eb gjeneratave dhe \u00ebsht\u00eb qesharake q\u00eb nj\u00eb plan i menaxhimit t\u00eb tij t\u00eb b\u00ebhet nga nj\u00eb Fondacion diletant\u00ebsh, pa kurrikula, pa libra, pa vepra shkencore. Kultura q\u00eb kemi krijuar ne k\u00ebtu \u00ebsht\u00eb e pakrahasueshme me \u00e7ik\u00ebrrimat q\u00eb b\u00ebn ai fondacion. Rregullon pazaret dhe vjen t\u00eb marr\u00eb Butrintin. Kjo \u00ebsht\u00eb puna e atij kova\u00e7it q\u00eb nxirrte dh\u00ebmb\u00ebt n\u00eb fshat meq\u00eb kishte nj\u00eb dar\u00eb. E pastaj t\u2019i japim t\u00eb b\u00ebj\u00eb nj\u00eb operacion zemre? Kjo \u00ebsht\u00eb nj\u00eb turp. Ajo q\u00eb ka b\u00ebr\u00eb ky Fondacion, q\u00eb korrigjon ligjin, \u201cpaguan\u201d studio joprofesionale dhe pastaj merr p\u00ebrsip\u00ebr menaxhimin, kjo vet\u00ebm n\u00eb Shqip\u00ebri, edhe n\u00eb ndonj\u00eb vend t\u00eb thell\u00eb t\u00eb Afrik\u00ebs, mund t\u00eb ndodh\u00eb. Pse nuk e b\u00ebn zot\u00ebria n\u00eb Angli, p\u00ebr shembull, n\u00eb Franc\u00eb, e n\u00eb Itali? Dhe krenohet se e ndryshoi ligjin nga q\u00eb ka marr\u00ebdh\u00ebnie t\u00eb mira me kryeministrin. N\u00eb se \u00ebsht\u00eb serioz dhe do t\u00eb ndihmoj\u00eb Butrintin, t\u00eb b\u00ebj\u00eb at\u00eb q\u00eb b\u00ebn\u00eb Lord Rothschild dhe Lord Sainsbury, q\u00eb themeluan Butrint Foundation n\u00eb vitin e v\u00ebshtir\u00eb 1993, me arkeolog\u00ebt m\u00eb t\u00eb shquar anglez\u00eb e shqiptar\u00eb, me rezultate t\u00eb shk\u00eblqyera shkencore e muzeale.<\/p>\n<p>Kjo \u00ebsht\u00eb turp, p\u00ebr nj\u00eb vend q\u00eb gjendet para dyerve t\u00eb BE, por ku vepron ende praktika Mobutut, apo Gedafi. Deri n\u00eb ardhjen e zonjave bionde n\u00eb krye t\u00eb Ministris\u00eb s\u00eb Kultur\u00ebs kishim nj\u00eb institucion modern n\u00eb krye t\u00eb trash\u00ebgimis\u00eb kulturore, por q\u00eb u shkat\u00ebrrua, p\u00ebr t\u2019i hapur rrug\u00ebn grabitjes. Ishte Instituti i Monumenteve t\u00eb Kultur\u00ebs, q\u00eb drejtohej nga gjigant\u00eb t\u00eb shkencave t\u00eb restaurimit si dhe historis\u00eb s\u00eb artit e arkitektur\u00ebs, si Gani Strazimiri, Emin Riza, Aleksand\u00ebr Meksi, Gjerak Karaiskaj, Hasan Nallbani, Apollon Ba\u00e7e, Pirro Thomo, etj. N\u00eb krahasim me ata, zyrtar\u00ebt e em\u00ebruar nga ministret bionde dhe partner\u00ebt e tyre t\u00eb Fondacionit jan\u00eb pupla q\u00eb do t\u00eb shp\u00ebrndahen nga era e drejt\u00ebsis\u00eb.<\/p>\n<p><strong>GAZETA SHQIPTARE<\/strong><\/p>\n","protected":false},"excerpt":{"rendered":"<p>\u201cButrinti me koncesion\u201d\/ Neritan Ceka: Po grabitet pasuria, po sillen si Gadafi, ministrja g\u00ebnjen, g\u00ebnjen, g\u00ebnjen Nga: Fatmira Nikolli\u00a0 Profesor Neritan Ceka reagon ashp\u00ebr p\u00ebr \u00e7\u00ebshtjen e Butrintit. Dy dit\u00eb m\u00eb par\u00eb n\u00eb Ministrin\u00eb e Kultur\u00ebs u dor\u00ebzua nga shefi i bordit Fondi Shqiptaro- Amerikan p\u00ebr Zhvillim\u201d, Michael Granoff, \u201cPlani i menaxhimit t\u00eb integruar t\u00eb [&hellip;]<\/p>\n","protected":false},"author":9,"featured_media":27096,"comment_status":"open","ping_status":"open","sticky":false,"template":"","format":"standard","meta":{"jetpack_post_was_ever_published":false,"_jetpack_newsletter_access":"","_jetpack_dont_email_post_to_subs":false,"_jetpack_newsletter_tier_id":0,"_jetpack_memberships_contains_paywalled_content":false,"_jetpack_memberships_contains_paid_content":false,"footnotes":"","jetpack_publicize_message":"","jetpack_publicize_feature_enabled":true,"jetpack_social_post_already_shared":true,"jetpack_social_options":{"image_generator_settings":{"template":"highway","default_image_id":0,"font":"","enabled":false},"version":2}},"categories":[10,2,86],"tags":[],"class_list":["post-27095","post","type-post","status-publish","format-standard","has-post-thumbnail","hentry","category-kultura","category-politika","category-trashegimi-kulturore"],"jetpack_publicize_connections":[],"jetpack_featured_media_url":"https:\/\/i0.wp.com\/www.shqiperia.com\/blog\/wp-content\/uploads\/2019\/10\/nerian-ceka-.jpg?fit=770%2C407&ssl=1","jetpack_sharing_enabled":true,"jetpack_shortlink":"https:\/\/wp.me\/p5Z6wp-731","jetpack-related-posts":[{"id":57323,"url":"https:\/\/www.shqiperia.com\/blog\/parku-i-butrintit-sot-nxjerr-1-mln-euro-ne-vit-arkeologui-plani-i-ri-kerkon-nje-ekspertize-te-mire\/","url_meta":{"origin":27095,"position":0},"title":"&#8220;Parku i Butrintit sot nxjerr 1 mln euro n\u00eb vit\u201d. Arkeologui: &#8211; Plani i ri k\u00ebrkon nj\u00eb ekspertiz\u00eb t\u00eb mir\u00eb","author":"Kurt Farka","date":"April 29, 2022","format":false,"excerpt":"\u201cParku i Butrintit sot nxjerr 1 mln euro n\u00eb vit\u201d. Arkeologui: - Plani i ri k\u00ebrkon nj\u00eb ekspertiz\u00eb t\u00eb mir\u00eb 28 Prill, 2022 \u2026 \u201c Shpikin gj\u00ebra q\u00eb e diskretitojn\u00eb k\u00ebt\u00eb form\u00eb. Menaxhimi do t\u00eb b\u00ebhet nga njer\u00ebz q\u00eb nuk jan\u00eb arkeolog\u00eb, nuk ka njer\u00ebz q\u00eb u dhimbset Butrinti\u201d. Historiani\u2026","rel":"","context":"In &quot;Kultura&quot;","block_context":{"text":"Kultura","link":"https:\/\/www.shqiperia.com\/blog\/category\/kultura\/"},"img":{"alt_text":"","src":"https:\/\/i0.wp.com\/www.shqiperia.com\/blog\/wp-content\/uploads\/2022\/04\/Neritan-Ceka.jpg?fit=711%2C397&ssl=1&resize=350%2C200","width":350,"height":200,"srcset":"https:\/\/i0.wp.com\/www.shqiperia.com\/blog\/wp-content\/uploads\/2022\/04\/Neritan-Ceka.jpg?fit=711%2C397&ssl=1&resize=350%2C200 1x, https:\/\/i0.wp.com\/www.shqiperia.com\/blog\/wp-content\/uploads\/2022\/04\/Neritan-Ceka.jpg?fit=711%2C397&ssl=1&resize=525%2C300 1.5x, https:\/\/i0.wp.com\/www.shqiperia.com\/blog\/wp-content\/uploads\/2022\/04\/Neritan-Ceka.jpg?fit=711%2C397&ssl=1&resize=700%2C400 2x"},"classes":[]},{"id":30126,"url":"https:\/\/www.shqiperia.com\/blog\/neritan-ceka-si-u-be-grek-nga-ministria-e-kultures-tirane-butrinti-i-prasaibeve-kaoneve-dhe-epiroteve\/","url_meta":{"origin":27095,"position":1},"title":"NERITAN CEKA: -Si u b\u00eb grek nga Ministria e Kultures, Tirane Butrinti i prasaib\u00ebve, kaon\u00ebve dhe epirot\u00ebve","author":"Kurt Farka","date":"January 8, 2020","format":false,"excerpt":"NERITAN CEKA: -Si u b\u00eb grek nga Ministria e Kultures, Tirane Butrinti i prasaib\u00ebve, kaon\u00ebve dhe epirot\u00ebve 06.01.20 Gazeta Shqiptare (N. Ceka: -\u2026 n\u00eb se Ministria e Kultures, Tirane mendon se epirot\u00ebt ishin grek\u00eb, le ta d\u00ebshmoj\u00eb, se vet\u00eb grek\u00ebt nuk kan\u00eb arritur\u2026). Kan\u00eb qen\u00eb disa v\u00ebrejtjet q\u00eb profesor Neritan\u2026","rel":"","context":"In &quot;Histori&quot;","block_context":{"text":"Histori","link":"https:\/\/www.shqiperia.com\/blog\/category\/histori\/"},"img":{"alt_text":"","src":"https:\/\/i0.wp.com\/www.shqiperia.com\/blog\/wp-content\/uploads\/2020\/01\/Arkeologu-Neritan-Ceka.jpg?fit=770%2C433&ssl=1&resize=350%2C200","width":350,"height":200,"srcset":"https:\/\/i0.wp.com\/www.shqiperia.com\/blog\/wp-content\/uploads\/2020\/01\/Arkeologu-Neritan-Ceka.jpg?fit=770%2C433&ssl=1&resize=350%2C200 1x, https:\/\/i0.wp.com\/www.shqiperia.com\/blog\/wp-content\/uploads\/2020\/01\/Arkeologu-Neritan-Ceka.jpg?fit=770%2C433&ssl=1&resize=525%2C300 1.5x, https:\/\/i0.wp.com\/www.shqiperia.com\/blog\/wp-content\/uploads\/2020\/01\/Arkeologu-Neritan-Ceka.jpg?fit=770%2C433&ssl=1&resize=700%2C400 2x"},"classes":[]},{"id":28199,"url":"https:\/\/www.shqiperia.com\/blog\/plani-i-menaxhimit-te-butrintit-specialistet-nje-poshterim-per-te-gjithe-studiuesit-shqiptare-materiali-mohon-punen-e-tyre\/","url_meta":{"origin":27095,"position":2},"title":"Plani i menaxhimit t\u00eb Butrintit, specialist\u00ebt: &#8211; Nj\u00eb posht\u00ebrim p\u00ebr t\u00eb gjith\u00eb studiuesit shqiptar\u00eb, materiali mohon pun\u00ebn e tyre. &#8211;","author":"Kurt Farka","date":"November 17, 2019","format":false,"excerpt":"Plani i menaxhimit t\u00eb Butrintit, specialist\u00ebt: - Nj\u00eb posht\u00ebrim p\u00ebr t\u00eb gjith\u00eb studiuesit shqiptar\u00eb, materiali mohon pun\u00ebn e tyre. - 16\/11\/2019 - Plani i menaxhimit t\u00eb integruar i parkut komb\u00ebtar t\u00eb Butrintit solli p\u00ebrplasjen e ministres s\u00eb Kultur\u00ebs Elva Margariti me specialist\u00ebt e trash\u00ebgimis\u00eb kulturore. Nd\u00ebrsa nga ministrja e Kultur\u00ebs\u2026","rel":"","context":"In &quot;Histori&quot;","block_context":{"text":"Histori","link":"https:\/\/www.shqiperia.com\/blog\/category\/histori\/"},"img":{"alt_text":"","src":"https:\/\/i0.wp.com\/www.shqiperia.com\/blog\/wp-content\/uploads\/2019\/11\/download-1.jpg?resize=350%2C200&ssl=1","width":350,"height":200,"srcset":"https:\/\/i0.wp.com\/www.shqiperia.com\/blog\/wp-content\/uploads\/2019\/11\/download-1.jpg?resize=350%2C200&ssl=1 1x, https:\/\/i0.wp.com\/www.shqiperia.com\/blog\/wp-content\/uploads\/2019\/11\/download-1.jpg?resize=525%2C300&ssl=1 1.5x"},"classes":[]},{"id":53733,"url":"https:\/\/www.shqiperia.com\/blog\/plas-skandali-me-butrintin-grek-neritan-ceka-hedh-drite-ministria-e-kultures-e-ka-futur-ne-dokumente-zyrtare-nuk-mbron-dot-identitetin-kombetar\/","url_meta":{"origin":27095,"position":3},"title":"Plas skandali me \u201cButrintin grek\u201d, Neritan Ceka hedh drit\u00eb: Ministria e Kultur\u00ebs e ka futur n\u00eb dokumente zyrtare, nuk mbron dot identitetin komb\u00ebtar","author":"Kurt Farka","date":"February 4, 2022","format":false,"excerpt":"Plas skandali me \u201cButrintin grek\u201d, Neritan Ceka hedh drit\u00eb: Ministria e Kultur\u00ebs e ka futur n\u00eb dokumente zyrtare, nuk mbron dot identitetin komb\u00ebtar 3 SHKURT 2022 Butrinti, \u00ebsht\u00eb perla e pasuris\u00eb son\u00eb arkeologjike, shprehet prof. dr. Neritan Ceka. \u00c7\u00ebshtja e Butrintit ka sjell\u00eb k\u00ebto dit\u00eb reagime t\u00eb arkeolog\u00ebve t\u00eb ndrysh\u00ebm,\u2026","rel":"","context":"In &quot;Histori&quot;","block_context":{"text":"Histori","link":"https:\/\/www.shqiperia.com\/blog\/category\/histori\/"},"img":{"alt_text":"","src":"https:\/\/i0.wp.com\/www.shqiperia.com\/blog\/wp-content\/uploads\/2022\/02\/Neritan-Ceka.jpg?fit=800%2C455&ssl=1&resize=350%2C200","width":350,"height":200,"srcset":"https:\/\/i0.wp.com\/www.shqiperia.com\/blog\/wp-content\/uploads\/2022\/02\/Neritan-Ceka.jpg?fit=800%2C455&ssl=1&resize=350%2C200 1x, https:\/\/i0.wp.com\/www.shqiperia.com\/blog\/wp-content\/uploads\/2022\/02\/Neritan-Ceka.jpg?fit=800%2C455&ssl=1&resize=525%2C300 1.5x, https:\/\/i0.wp.com\/www.shqiperia.com\/blog\/wp-content\/uploads\/2022\/02\/Neritan-Ceka.jpg?fit=800%2C455&ssl=1&resize=700%2C400 2x"},"classes":[]},{"id":35610,"url":"https:\/\/www.shqiperia.com\/blog\/neritan-ceka-bylisi-grek-faji-i-shoqeruesve-te-sgarbit\/","url_meta":{"origin":27095,"position":4},"title":"Neritan Ceka: &#8211; Bylisi grek? Faji i shoq\u00ebruesve t\u00eb Sgarbit","author":"Kurt Farka","date":"June 11, 2020","format":false,"excerpt":"Neritan Ceka: - Bylisi grek? Faji i shoq\u00ebruesve t\u00eb Sgarbit - 10.06.2020 Nga Fatmira Nikolli \u2013\u00a0Arkeologu i njohur, Neritan Ceka, del kund\u00ebr deklaratave t\u00eb kritikut italian Sgarbi, p\u00ebr Bylisin si qytet grek. Ai e gjen fajin te shoq\u00ebruesit shqiptar\u00eb t\u00eb tij dhe ve n\u00eb dukje origjinalitetin e Bylisit. Vizita e\u2026","rel":"","context":"In &quot;Histori&quot;","block_context":{"text":"Histori","link":"https:\/\/www.shqiperia.com\/blog\/category\/histori\/"},"img":{"alt_text":"","src":"https:\/\/i0.wp.com\/www.shqiperia.com\/blog\/wp-content\/uploads\/2020\/06\/Arkeologu-Neritan-Ceka-770x433-1.jpg?fit=770%2C433&ssl=1&resize=350%2C200","width":350,"height":200,"srcset":"https:\/\/i0.wp.com\/www.shqiperia.com\/blog\/wp-content\/uploads\/2020\/06\/Arkeologu-Neritan-Ceka-770x433-1.jpg?fit=770%2C433&ssl=1&resize=350%2C200 1x, https:\/\/i0.wp.com\/www.shqiperia.com\/blog\/wp-content\/uploads\/2020\/06\/Arkeologu-Neritan-Ceka-770x433-1.jpg?fit=770%2C433&ssl=1&resize=525%2C300 1.5x, https:\/\/i0.wp.com\/www.shqiperia.com\/blog\/wp-content\/uploads\/2020\/06\/Arkeologu-Neritan-Ceka-770x433-1.jpg?fit=770%2C433&ssl=1&resize=700%2C400 2x"},"classes":[]},{"id":16727,"url":"https:\/\/www.shqiperia.com\/blog\/hec-i-ne-holte-flet-neritan-ceka-ta-zgjidh-pokuroria-ministri-klosi-nuk-eshte-i-sinqerte-po-mbron-dike-atje\/","url_meta":{"origin":27095,"position":5},"title":"HEC-i n\u00eb Holt\u00eb, flet Neritan Ceka: &#8211; Ta zgjidh POKURORIA. Ministri Klosi nuk \u00ebsht\u00eb i SINQERT\u00cb, po mbron dik\u00eb atje. &#8211;","author":"Kurt Farka","date":"January 29, 2019","format":false,"excerpt":"HEC-i n\u00eb Holt\u00eb, flet Neritan Ceka: - Ta zgjidh POKURORIA. Ministri Klosi nuk \u00ebsht\u00eb i SINQERT\u00cb, po mbron dik\u00eb atje. - 22:04 28- Ish-politikan dhe an\u00ebtari i Forumit t\u00eb Trashgimis\u00eb Kolturore, Neritan Ceka, ka th\u00ebn\u00eb mbr\u00ebmjen e sotme se \u00e7\u00ebshtjen p\u00ebr nd\u00ebrtimin e HEC-it n\u00eb kanionit e Holt\u00ebs duhet ta\u2026","rel":"","context":"In &quot;Kultura&quot;","block_context":{"text":"Kultura","link":"https:\/\/www.shqiperia.com\/blog\/category\/kultura\/"},"img":{"alt_text":"","src":"https:\/\/i0.wp.com\/www.shqiperia.com\/blog\/wp-content\/uploads\/2019\/01\/Neritan-Ceka.jpg?fit=700%2C364&ssl=1&resize=350%2C200","width":350,"height":200,"srcset":"https:\/\/i0.wp.com\/www.shqiperia.com\/blog\/wp-content\/uploads\/2019\/01\/Neritan-Ceka.jpg?fit=700%2C364&ssl=1&resize=350%2C200 1x, https:\/\/i0.wp.com\/www.shqiperia.com\/blog\/wp-content\/uploads\/2019\/01\/Neritan-Ceka.jpg?fit=700%2C364&ssl=1&resize=525%2C300 1.5x, https:\/\/i0.wp.com\/www.shqiperia.com\/blog\/wp-content\/uploads\/2019\/01\/Neritan-Ceka.jpg?fit=700%2C364&ssl=1&resize=700%2C400 2x"},"classes":[]}],"_links":{"self":[{"href":"https:\/\/www.shqiperia.com\/blog\/wp-json\/wp\/v2\/posts\/27095","targetHints":{"allow":["GET"]}}],"collection":[{"href":"https:\/\/www.shqiperia.com\/blog\/wp-json\/wp\/v2\/posts"}],"about":[{"href":"https:\/\/www.shqiperia.com\/blog\/wp-json\/wp\/v2\/types\/post"}],"author":[{"embeddable":true,"href":"https:\/\/www.shqiperia.com\/blog\/wp-json\/wp\/v2\/users\/9"}],"replies":[{"embeddable":true,"href":"https:\/\/www.shqiperia.com\/blog\/wp-json\/wp\/v2\/comments?post=27095"}],"version-history":[{"count":1,"href":"https:\/\/www.shqiperia.com\/blog\/wp-json\/wp\/v2\/posts\/27095\/revisions"}],"predecessor-version":[{"id":27097,"href":"https:\/\/www.shqiperia.com\/blog\/wp-json\/wp\/v2\/posts\/27095\/revisions\/27097"}],"wp:featuredmedia":[{"embeddable":true,"href":"https:\/\/www.shqiperia.com\/blog\/wp-json\/wp\/v2\/media\/27096"}],"wp:attachment":[{"href":"https:\/\/www.shqiperia.com\/blog\/wp-json\/wp\/v2\/media?parent=27095"}],"wp:term":[{"taxonomy":"category","embeddable":true,"href":"https:\/\/www.shqiperia.com\/blog\/wp-json\/wp\/v2\/categories?post=27095"},{"taxonomy":"post_tag","embeddable":true,"href":"https:\/\/www.shqiperia.com\/blog\/wp-json\/wp\/v2\/tags?post=27095"}],"curies":[{"name":"wp","href":"https:\/\/api.w.org\/{rel}","templated":true}]}}