{"id":27084,"date":"2019-10-18T05:51:37","date_gmt":"2019-10-18T05:51:37","guid":{"rendered":"https:\/\/www.shqiperia.com\/blog\/?p=27084"},"modified":"2019-10-18T05:51:37","modified_gmt":"2019-10-18T05:51:37","slug":"fshatrat-shqiptare-qyteza-e-ulez","status":"publish","type":"post","link":"https:\/\/www.shqiperia.com\/blog\/fshatrat-shqiptare-qyteza-e-ulez\/","title":{"rendered":"Fshatrat Shqiptare &#8211; Qyteza e Ulez."},"content":{"rendered":"<p><img data-recalc-dims=\"1\" loading=\"lazy\" decoding=\"async\" data-attachment-id=\"27086\" data-permalink=\"https:\/\/www.shqiperia.com\/blog\/fshatrat-shqiptare-qyteza-e-ulez\/uleza-2\/\" data-orig-file=\"https:\/\/i0.wp.com\/www.shqiperia.com\/blog\/wp-content\/uploads\/2019\/10\/Uleza-2.png?fit=661%2C340&amp;ssl=1\" data-orig-size=\"661,340\" data-comments-opened=\"1\" data-image-meta=\"{&quot;aperture&quot;:&quot;0&quot;,&quot;credit&quot;:&quot;&quot;,&quot;camera&quot;:&quot;&quot;,&quot;caption&quot;:&quot;&quot;,&quot;created_timestamp&quot;:&quot;0&quot;,&quot;copyright&quot;:&quot;&quot;,&quot;focal_length&quot;:&quot;0&quot;,&quot;iso&quot;:&quot;0&quot;,&quot;shutter_speed&quot;:&quot;0&quot;,&quot;title&quot;:&quot;&quot;,&quot;orientation&quot;:&quot;0&quot;}\" data-image-title=\"Uleza-2\" data-image-description=\"\" data-image-caption=\"\" data-medium-file=\"https:\/\/i0.wp.com\/www.shqiperia.com\/blog\/wp-content\/uploads\/2019\/10\/Uleza-2.png?fit=300%2C154&amp;ssl=1\" data-large-file=\"https:\/\/i0.wp.com\/www.shqiperia.com\/blog\/wp-content\/uploads\/2019\/10\/Uleza-2.png?fit=661%2C340&amp;ssl=1\" class=\"alignnone  wp-image-27086\" alt=\"\" src=\"https:\/\/i0.wp.com\/www.shqiperia.com\/blog\/wp-content\/uploads\/2019\/10\/Uleza-2.png?resize=553%2C284&#038;ssl=1\" width=\"553\" height=\"284\" srcset=\"https:\/\/i0.wp.com\/www.shqiperia.com\/blog\/wp-content\/uploads\/2019\/10\/Uleza-2.png?resize=300%2C154&amp;ssl=1 300w, https:\/\/i0.wp.com\/www.shqiperia.com\/blog\/wp-content\/uploads\/2019\/10\/Uleza-2.png?resize=450%2C231&amp;ssl=1 450w, https:\/\/i0.wp.com\/www.shqiperia.com\/blog\/wp-content\/uploads\/2019\/10\/Uleza-2.png?resize=600%2C309&amp;ssl=1 600w, https:\/\/i0.wp.com\/www.shqiperia.com\/blog\/wp-content\/uploads\/2019\/10\/Uleza-2.png?resize=400%2C206&amp;ssl=1 400w, https:\/\/i0.wp.com\/www.shqiperia.com\/blog\/wp-content\/uploads\/2019\/10\/Uleza-2.png?w=661&amp;ssl=1 661w\" sizes=\"auto, (max-width: 553px) 100vw, 553px\" \/><\/p>\n<p>Fshatrat Shqiptare &#8211; Qyteza e Ulez.<\/p>\n<p><strong>Nj\u00ebsia administrative Ul\u00ebz<\/strong>\u00a0\u00ebsht\u00eb nj\u00eb\u00a0<a href=\"https:\/\/www.wikiwand.com\/sq\/Komun%C3%AB\">qytez\u00eb<\/a>\u00a0n\u00eb\u00a0<a href=\"https:\/\/www.wikiwand.com\/sq\/Rrethin_e_Matit\">Bashkin\u00eb e Matit<\/a>\u00a0n\u00eb\u00a0<a href=\"https:\/\/www.wikiwand.com\/sq\/Shqip%C3%ABri\">Shqip\u00ebri<\/a>.<sup><a href=\"https:\/\/www.wikiwand.com\/sq\/Nj%C3%ABsia_administrative_Ul%C3%ABz#citenote1\">[1]<\/a><\/sup>\u00a0Qyteza u nd\u00ebrtuar n\u00eb vitet 1950 pas fillimit t\u00eb punimeve p\u00ebr nd\u00ebrtimin e hidrocentralit t\u00eb Ulz\u00ebs, me nj\u00eb stil sovjetik t\u00eb viteve &#8217;50. Qyteza kishte kinema e qend\u00ebr kulturore, dhe num\u00ebronte 2000 banor\u00eb n\u00eb kulmin e saj. Ne vitet e para banor\u00ebt u soll\u00ebn nga rrethe t\u00eb ndrysh\u00ebm t\u00eb Republik\u00ebs Socialiste t\u00eb Shqip\u00ebris\u00eb, si nga Berati, Skrapari e Kor\u00e7a.<\/p>\n<p><img data-recalc-dims=\"1\" loading=\"lazy\" decoding=\"async\" data-attachment-id=\"27087\" data-permalink=\"https:\/\/www.shqiperia.com\/blog\/fshatrat-shqiptare-qyteza-e-ulez\/qyteza-ulez-4\/\" data-orig-file=\"https:\/\/i0.wp.com\/www.shqiperia.com\/blog\/wp-content\/uploads\/2019\/10\/Qyteza-Ulez-4.jpg?fit=700%2C364&amp;ssl=1\" data-orig-size=\"700,364\" data-comments-opened=\"1\" data-image-meta=\"{&quot;aperture&quot;:&quot;0&quot;,&quot;credit&quot;:&quot;&quot;,&quot;camera&quot;:&quot;&quot;,&quot;caption&quot;:&quot;&quot;,&quot;created_timestamp&quot;:&quot;0&quot;,&quot;copyright&quot;:&quot;&quot;,&quot;focal_length&quot;:&quot;0&quot;,&quot;iso&quot;:&quot;0&quot;,&quot;shutter_speed&quot;:&quot;0&quot;,&quot;title&quot;:&quot;&quot;,&quot;orientation&quot;:&quot;0&quot;}\" data-image-title=\"Qyteza Ulez (4)\" data-image-description=\"\" data-image-caption=\"\" data-medium-file=\"https:\/\/i0.wp.com\/www.shqiperia.com\/blog\/wp-content\/uploads\/2019\/10\/Qyteza-Ulez-4.jpg?fit=300%2C156&amp;ssl=1\" data-large-file=\"https:\/\/i0.wp.com\/www.shqiperia.com\/blog\/wp-content\/uploads\/2019\/10\/Qyteza-Ulez-4.jpg?fit=700%2C364&amp;ssl=1\" class=\"alignnone  wp-image-27087\" alt=\"\" src=\"https:\/\/i0.wp.com\/www.shqiperia.com\/blog\/wp-content\/uploads\/2019\/10\/Qyteza-Ulez-4.jpg?resize=562%2C292&#038;ssl=1\" width=\"562\" height=\"292\" srcset=\"https:\/\/i0.wp.com\/www.shqiperia.com\/blog\/wp-content\/uploads\/2019\/10\/Qyteza-Ulez-4.jpg?resize=300%2C156&amp;ssl=1 300w, https:\/\/i0.wp.com\/www.shqiperia.com\/blog\/wp-content\/uploads\/2019\/10\/Qyteza-Ulez-4.jpg?resize=450%2C234&amp;ssl=1 450w, https:\/\/i0.wp.com\/www.shqiperia.com\/blog\/wp-content\/uploads\/2019\/10\/Qyteza-Ulez-4.jpg?resize=600%2C312&amp;ssl=1 600w, https:\/\/i0.wp.com\/www.shqiperia.com\/blog\/wp-content\/uploads\/2019\/10\/Qyteza-Ulez-4.jpg?resize=400%2C208&amp;ssl=1 400w, https:\/\/i0.wp.com\/www.shqiperia.com\/blog\/wp-content\/uploads\/2019\/10\/Qyteza-Ulez-4.jpg?w=700&amp;ssl=1 700w\" sizes=\"auto, (max-width: 562px) 100vw, 562px\" \/><\/p>\n<p><em>Ulza e ndodhur vet\u00ebm 76 kilomet\u00ebr larg Tiran\u00ebs mir\u00ebpret turist\u00ebt me pamje t\u00eb mrekullueshme me dy kurora t\u00eb gjelb\u00ebrta si dhe me dy liqenet.<\/em>\u00a0Shqip\u00ebria ofron mund\u00ebsi t\u00eb shumta p\u00ebr pushuesit, qoft\u00eb n\u00eb bregdet, turiz\u00ebm kulturor por dhe malor. Nj\u00eb nga mund\u00ebsit\u00eb m\u00eb t\u00eb mira \u00ebsht\u00eb dhe qyteza e Ulz\u00ebs, e cila ofron mrekullin\u00eb e pyjeve dhe t\u00eb liqenit. E ndodhur 75 kilomet\u00ebr larg kryeqytetit, zona ofron pamje p\u00ebrrallore dhe shlodh\u00ebze. Synimi mbetet ofrimi i nj\u00eb turizmi t\u00eb q\u00ebndruesh\u00ebm, nd\u00ebrsa si park i vet\u00ebm rajonal mbetet nj\u00eb mund\u00ebsi unike. Qyteza e Ulz\u00ebs ka nj\u00eb sip\u00ebrfaqe prej 200 kilomet\u00ebr katror ku p\u00ebrfshihen me dy kurorat e gjelb\u00ebrta t\u00eb liqenit t\u00eb Ulz\u00ebs dhe t\u00eb Shkopetit. N\u00eb 5 fshatrat jetojn\u00eb 1836 banor\u00eb.\u00a0 Nd\u00ebrsa me ndarjen e re administrative zona \u00ebsht\u00eb n\u00eb administrimin e bashkis\u00eb s\u00eb Burrelit.<\/p>\n<div id=\"attachment_27088\" style=\"width: 608px\" class=\"wp-caption alignnone\"><img data-recalc-dims=\"1\" loading=\"lazy\" decoding=\"async\" aria-describedby=\"caption-attachment-27088\" data-attachment-id=\"27088\" data-permalink=\"https:\/\/www.shqiperia.com\/blog\/fshatrat-shqiptare-qyteza-e-ulez\/qyteza-ulez-5\/\" data-orig-file=\"https:\/\/i0.wp.com\/www.shqiperia.com\/blog\/wp-content\/uploads\/2019\/10\/Qyteza-Ulez-5.jpg?fit=960%2C621&amp;ssl=1\" data-orig-size=\"960,621\" data-comments-opened=\"1\" data-image-meta=\"{&quot;aperture&quot;:&quot;0&quot;,&quot;credit&quot;:&quot;&quot;,&quot;camera&quot;:&quot;&quot;,&quot;caption&quot;:&quot;&quot;,&quot;created_timestamp&quot;:&quot;0&quot;,&quot;copyright&quot;:&quot;&quot;,&quot;focal_length&quot;:&quot;0&quot;,&quot;iso&quot;:&quot;0&quot;,&quot;shutter_speed&quot;:&quot;0&quot;,&quot;title&quot;:&quot;&quot;,&quot;orientation&quot;:&quot;0&quot;}\" data-image-title=\"Qyteza Ulez (5)\" data-image-description=\"\" data-image-caption=\"&lt;p&gt;Qyteza Ulez&lt;\/p&gt;\n\" data-medium-file=\"https:\/\/i0.wp.com\/www.shqiperia.com\/blog\/wp-content\/uploads\/2019\/10\/Qyteza-Ulez-5.jpg?fit=300%2C194&amp;ssl=1\" data-large-file=\"https:\/\/i0.wp.com\/www.shqiperia.com\/blog\/wp-content\/uploads\/2019\/10\/Qyteza-Ulez-5.jpg?fit=960%2C621&amp;ssl=1\" class=\" wp-image-27088\" alt=\"\" src=\"https:\/\/i0.wp.com\/www.shqiperia.com\/blog\/wp-content\/uploads\/2019\/10\/Qyteza-Ulez-5.jpg?resize=598%2C387&#038;ssl=1\" width=\"598\" height=\"387\" srcset=\"https:\/\/i0.wp.com\/www.shqiperia.com\/blog\/wp-content\/uploads\/2019\/10\/Qyteza-Ulez-5.jpg?resize=300%2C194&amp;ssl=1 300w, https:\/\/i0.wp.com\/www.shqiperia.com\/blog\/wp-content\/uploads\/2019\/10\/Qyteza-Ulez-5.jpg?resize=768%2C497&amp;ssl=1 768w, https:\/\/i0.wp.com\/www.shqiperia.com\/blog\/wp-content\/uploads\/2019\/10\/Qyteza-Ulez-5.jpg?resize=450%2C291&amp;ssl=1 450w, https:\/\/i0.wp.com\/www.shqiperia.com\/blog\/wp-content\/uploads\/2019\/10\/Qyteza-Ulez-5.jpg?resize=600%2C388&amp;ssl=1 600w, https:\/\/i0.wp.com\/www.shqiperia.com\/blog\/wp-content\/uploads\/2019\/10\/Qyteza-Ulez-5.jpg?resize=400%2C259&amp;ssl=1 400w, https:\/\/i0.wp.com\/www.shqiperia.com\/blog\/wp-content\/uploads\/2019\/10\/Qyteza-Ulez-5.jpg?w=960&amp;ssl=1 960w\" sizes=\"auto, (max-width: 598px) 100vw, 598px\" \/><p id=\"caption-attachment-27088\" class=\"wp-caption-text\">Qyteza Ulez<\/p><\/div>\n<p><img data-recalc-dims=\"1\" loading=\"lazy\" decoding=\"async\" data-attachment-id=\"27089\" data-permalink=\"https:\/\/www.shqiperia.com\/blog\/fshatrat-shqiptare-qyteza-e-ulez\/qyteza-ulez\/\" data-orig-file=\"https:\/\/i0.wp.com\/www.shqiperia.com\/blog\/wp-content\/uploads\/2019\/10\/Qyteza-Ulez.jpg?fit=300%2C168&amp;ssl=1\" data-orig-size=\"300,168\" data-comments-opened=\"1\" data-image-meta=\"{&quot;aperture&quot;:&quot;0&quot;,&quot;credit&quot;:&quot;&quot;,&quot;camera&quot;:&quot;&quot;,&quot;caption&quot;:&quot;&quot;,&quot;created_timestamp&quot;:&quot;0&quot;,&quot;copyright&quot;:&quot;&quot;,&quot;focal_length&quot;:&quot;0&quot;,&quot;iso&quot;:&quot;0&quot;,&quot;shutter_speed&quot;:&quot;0&quot;,&quot;title&quot;:&quot;&quot;,&quot;orientation&quot;:&quot;0&quot;}\" data-image-title=\"Qyteza Ulez\" data-image-description=\"\" data-image-caption=\"\" data-medium-file=\"https:\/\/i0.wp.com\/www.shqiperia.com\/blog\/wp-content\/uploads\/2019\/10\/Qyteza-Ulez.jpg?fit=300%2C168&amp;ssl=1\" data-large-file=\"https:\/\/i0.wp.com\/www.shqiperia.com\/blog\/wp-content\/uploads\/2019\/10\/Qyteza-Ulez.jpg?fit=300%2C168&amp;ssl=1\" class=\"alignnone  wp-image-27089\" alt=\"\" src=\"https:\/\/i0.wp.com\/www.shqiperia.com\/blog\/wp-content\/uploads\/2019\/10\/Qyteza-Ulez.jpg?resize=620%2C347&#038;ssl=1\" width=\"620\" height=\"347\" \/> <img data-recalc-dims=\"1\" loading=\"lazy\" decoding=\"async\" data-attachment-id=\"27090\" data-permalink=\"https:\/\/www.shqiperia.com\/blog\/fshatrat-shqiptare-qyteza-e-ulez\/_liqeni-ulzes\/\" data-orig-file=\"https:\/\/i0.wp.com\/www.shqiperia.com\/blog\/wp-content\/uploads\/2019\/10\/Liqeni-Ulzes.jpg?fit=900%2C558&amp;ssl=1\" data-orig-size=\"900,558\" data-comments-opened=\"1\" data-image-meta=\"{&quot;aperture&quot;:&quot;0&quot;,&quot;credit&quot;:&quot;&quot;,&quot;camera&quot;:&quot;&quot;,&quot;caption&quot;:&quot;&quot;,&quot;created_timestamp&quot;:&quot;0&quot;,&quot;copyright&quot;:&quot;&quot;,&quot;focal_length&quot;:&quot;0&quot;,&quot;iso&quot;:&quot;0&quot;,&quot;shutter_speed&quot;:&quot;0&quot;,&quot;title&quot;:&quot;&quot;,&quot;orientation&quot;:&quot;0&quot;}\" data-image-title=\"_Liqeni Ulzes\" data-image-description=\"\" data-image-caption=\"\" data-medium-file=\"https:\/\/i0.wp.com\/www.shqiperia.com\/blog\/wp-content\/uploads\/2019\/10\/Liqeni-Ulzes.jpg?fit=300%2C186&amp;ssl=1\" data-large-file=\"https:\/\/i0.wp.com\/www.shqiperia.com\/blog\/wp-content\/uploads\/2019\/10\/Liqeni-Ulzes.jpg?fit=900%2C558&amp;ssl=1\" class=\"alignnone  wp-image-27090\" alt=\"\" src=\"https:\/\/i0.wp.com\/www.shqiperia.com\/blog\/wp-content\/uploads\/2019\/10\/Liqeni-Ulzes.jpg?resize=600%2C372&#038;ssl=1\" width=\"600\" height=\"372\" srcset=\"https:\/\/i0.wp.com\/www.shqiperia.com\/blog\/wp-content\/uploads\/2019\/10\/Liqeni-Ulzes.jpg?resize=300%2C186&amp;ssl=1 300w, https:\/\/i0.wp.com\/www.shqiperia.com\/blog\/wp-content\/uploads\/2019\/10\/Liqeni-Ulzes.jpg?resize=768%2C476&amp;ssl=1 768w, https:\/\/i0.wp.com\/www.shqiperia.com\/blog\/wp-content\/uploads\/2019\/10\/Liqeni-Ulzes.jpg?resize=450%2C279&amp;ssl=1 450w, https:\/\/i0.wp.com\/www.shqiperia.com\/blog\/wp-content\/uploads\/2019\/10\/Liqeni-Ulzes.jpg?resize=600%2C372&amp;ssl=1 600w, https:\/\/i0.wp.com\/www.shqiperia.com\/blog\/wp-content\/uploads\/2019\/10\/Liqeni-Ulzes.jpg?resize=400%2C248&amp;ssl=1 400w, https:\/\/i0.wp.com\/www.shqiperia.com\/blog\/wp-content\/uploads\/2019\/10\/Liqeni-Ulzes.jpg?w=900&amp;ssl=1 900w\" sizes=\"auto, (max-width: 600px) 100vw, 600px\" \/> <img data-recalc-dims=\"1\" loading=\"lazy\" decoding=\"async\" data-attachment-id=\"27091\" data-permalink=\"https:\/\/www.shqiperia.com\/blog\/fshatrat-shqiptare-qyteza-e-ulez\/maxresdefault-32\/\" data-orig-file=\"https:\/\/i0.wp.com\/www.shqiperia.com\/blog\/wp-content\/uploads\/2019\/10\/maxresdefault-1.jpg?fit=1280%2C720&amp;ssl=1\" data-orig-size=\"1280,720\" data-comments-opened=\"1\" data-image-meta=\"{&quot;aperture&quot;:&quot;0&quot;,&quot;credit&quot;:&quot;&quot;,&quot;camera&quot;:&quot;&quot;,&quot;caption&quot;:&quot;&quot;,&quot;created_timestamp&quot;:&quot;0&quot;,&quot;copyright&quot;:&quot;&quot;,&quot;focal_length&quot;:&quot;0&quot;,&quot;iso&quot;:&quot;0&quot;,&quot;shutter_speed&quot;:&quot;0&quot;,&quot;title&quot;:&quot;&quot;,&quot;orientation&quot;:&quot;0&quot;}\" data-image-title=\"maxresdefault\" data-image-description=\"\" data-image-caption=\"\" data-medium-file=\"https:\/\/i0.wp.com\/www.shqiperia.com\/blog\/wp-content\/uploads\/2019\/10\/maxresdefault-1.jpg?fit=300%2C169&amp;ssl=1\" data-large-file=\"https:\/\/i0.wp.com\/www.shqiperia.com\/blog\/wp-content\/uploads\/2019\/10\/maxresdefault-1.jpg?fit=1024%2C576&amp;ssl=1\" class=\"alignnone  wp-image-27091\" alt=\"\" src=\"https:\/\/i0.wp.com\/www.shqiperia.com\/blog\/wp-content\/uploads\/2019\/10\/maxresdefault-1.jpg?resize=586%2C330&#038;ssl=1\" width=\"586\" height=\"330\" srcset=\"https:\/\/i0.wp.com\/www.shqiperia.com\/blog\/wp-content\/uploads\/2019\/10\/maxresdefault-1.jpg?resize=300%2C169&amp;ssl=1 300w, https:\/\/i0.wp.com\/www.shqiperia.com\/blog\/wp-content\/uploads\/2019\/10\/maxresdefault-1.jpg?resize=768%2C432&amp;ssl=1 768w, https:\/\/i0.wp.com\/www.shqiperia.com\/blog\/wp-content\/uploads\/2019\/10\/maxresdefault-1.jpg?resize=1024%2C576&amp;ssl=1 1024w, https:\/\/i0.wp.com\/www.shqiperia.com\/blog\/wp-content\/uploads\/2019\/10\/maxresdefault-1.jpg?resize=450%2C253&amp;ssl=1 450w, https:\/\/i0.wp.com\/www.shqiperia.com\/blog\/wp-content\/uploads\/2019\/10\/maxresdefault-1.jpg?resize=600%2C338&amp;ssl=1 600w, https:\/\/i0.wp.com\/www.shqiperia.com\/blog\/wp-content\/uploads\/2019\/10\/maxresdefault-1.jpg?resize=400%2C225&amp;ssl=1 400w, https:\/\/i0.wp.com\/www.shqiperia.com\/blog\/wp-content\/uploads\/2019\/10\/maxresdefault-1.jpg?w=1280&amp;ssl=1 1280w\" sizes=\"auto, (max-width: 586px) 100vw, 586px\" \/> <img data-recalc-dims=\"1\" loading=\"lazy\" decoding=\"async\" data-attachment-id=\"27092\" data-permalink=\"https:\/\/www.shqiperia.com\/blog\/fshatrat-shqiptare-qyteza-e-ulez\/qyteza-ulez-2\/\" data-orig-file=\"https:\/\/i0.wp.com\/www.shqiperia.com\/blog\/wp-content\/uploads\/2019\/10\/Qyteza-Ulez-2.jpg?fit=960%2C720&amp;ssl=1\" data-orig-size=\"960,720\" data-comments-opened=\"1\" data-image-meta=\"{&quot;aperture&quot;:&quot;0&quot;,&quot;credit&quot;:&quot;&quot;,&quot;camera&quot;:&quot;&quot;,&quot;caption&quot;:&quot;&quot;,&quot;created_timestamp&quot;:&quot;0&quot;,&quot;copyright&quot;:&quot;&quot;,&quot;focal_length&quot;:&quot;0&quot;,&quot;iso&quot;:&quot;0&quot;,&quot;shutter_speed&quot;:&quot;0&quot;,&quot;title&quot;:&quot;&quot;,&quot;orientation&quot;:&quot;0&quot;}\" data-image-title=\"Qyteza Ulez (2)\" data-image-description=\"\" data-image-caption=\"\" data-medium-file=\"https:\/\/i0.wp.com\/www.shqiperia.com\/blog\/wp-content\/uploads\/2019\/10\/Qyteza-Ulez-2.jpg?fit=300%2C225&amp;ssl=1\" data-large-file=\"https:\/\/i0.wp.com\/www.shqiperia.com\/blog\/wp-content\/uploads\/2019\/10\/Qyteza-Ulez-2.jpg?fit=960%2C720&amp;ssl=1\" class=\"alignnone  wp-image-27092\" alt=\"\" src=\"https:\/\/i0.wp.com\/www.shqiperia.com\/blog\/wp-content\/uploads\/2019\/10\/Qyteza-Ulez-2.jpg?resize=533%2C400&#038;ssl=1\" width=\"533\" height=\"400\" srcset=\"https:\/\/i0.wp.com\/www.shqiperia.com\/blog\/wp-content\/uploads\/2019\/10\/Qyteza-Ulez-2.jpg?resize=300%2C225&amp;ssl=1 300w, https:\/\/i0.wp.com\/www.shqiperia.com\/blog\/wp-content\/uploads\/2019\/10\/Qyteza-Ulez-2.jpg?resize=768%2C576&amp;ssl=1 768w, https:\/\/i0.wp.com\/www.shqiperia.com\/blog\/wp-content\/uploads\/2019\/10\/Qyteza-Ulez-2.jpg?resize=450%2C338&amp;ssl=1 450w, https:\/\/i0.wp.com\/www.shqiperia.com\/blog\/wp-content\/uploads\/2019\/10\/Qyteza-Ulez-2.jpg?resize=600%2C450&amp;ssl=1 600w, https:\/\/i0.wp.com\/www.shqiperia.com\/blog\/wp-content\/uploads\/2019\/10\/Qyteza-Ulez-2.jpg?resize=400%2C300&amp;ssl=1 400w, https:\/\/i0.wp.com\/www.shqiperia.com\/blog\/wp-content\/uploads\/2019\/10\/Qyteza-Ulez-2.jpg?w=960&amp;ssl=1 960w\" sizes=\"auto, (max-width: 533px) 100vw, 533px\" \/> <img data-recalc-dims=\"1\" loading=\"lazy\" decoding=\"async\" data-attachment-id=\"27093\" data-permalink=\"https:\/\/www.shqiperia.com\/blog\/fshatrat-shqiptare-qyteza-e-ulez\/qyteza-ulez-3\/\" data-orig-file=\"https:\/\/i0.wp.com\/www.shqiperia.com\/blog\/wp-content\/uploads\/2019\/10\/Qyteza-Ulez-3.jpg?fit=480%2C360&amp;ssl=1\" data-orig-size=\"480,360\" data-comments-opened=\"1\" data-image-meta=\"{&quot;aperture&quot;:&quot;0&quot;,&quot;credit&quot;:&quot;&quot;,&quot;camera&quot;:&quot;&quot;,&quot;caption&quot;:&quot;&quot;,&quot;created_timestamp&quot;:&quot;0&quot;,&quot;copyright&quot;:&quot;&quot;,&quot;focal_length&quot;:&quot;0&quot;,&quot;iso&quot;:&quot;0&quot;,&quot;shutter_speed&quot;:&quot;0&quot;,&quot;title&quot;:&quot;&quot;,&quot;orientation&quot;:&quot;0&quot;}\" data-image-title=\"Qyteza Ulez (3)\" data-image-description=\"\" data-image-caption=\"\" data-medium-file=\"https:\/\/i0.wp.com\/www.shqiperia.com\/blog\/wp-content\/uploads\/2019\/10\/Qyteza-Ulez-3.jpg?fit=300%2C225&amp;ssl=1\" data-large-file=\"https:\/\/i0.wp.com\/www.shqiperia.com\/blog\/wp-content\/uploads\/2019\/10\/Qyteza-Ulez-3.jpg?fit=480%2C360&amp;ssl=1\" class=\"alignnone  wp-image-27093\" alt=\"\" src=\"https:\/\/i0.wp.com\/www.shqiperia.com\/blog\/wp-content\/uploads\/2019\/10\/Qyteza-Ulez-3.jpg?resize=593%2C445&#038;ssl=1\" width=\"593\" height=\"445\" srcset=\"https:\/\/i0.wp.com\/www.shqiperia.com\/blog\/wp-content\/uploads\/2019\/10\/Qyteza-Ulez-3.jpg?resize=300%2C225&amp;ssl=1 300w, https:\/\/i0.wp.com\/www.shqiperia.com\/blog\/wp-content\/uploads\/2019\/10\/Qyteza-Ulez-3.jpg?resize=450%2C338&amp;ssl=1 450w, https:\/\/i0.wp.com\/www.shqiperia.com\/blog\/wp-content\/uploads\/2019\/10\/Qyteza-Ulez-3.jpg?resize=400%2C300&amp;ssl=1 400w, https:\/\/i0.wp.com\/www.shqiperia.com\/blog\/wp-content\/uploads\/2019\/10\/Qyteza-Ulez-3.jpg?w=480&amp;ssl=1 480w\" sizes=\"auto, (max-width: 593px) 100vw, 593px\" \/><\/p>\n","protected":false},"excerpt":{"rendered":"<p>Fshatrat Shqiptare &#8211; Qyteza e Ulez. Nj\u00ebsia administrative Ul\u00ebz\u00a0\u00ebsht\u00eb nj\u00eb\u00a0qytez\u00eb\u00a0n\u00eb\u00a0Bashkin\u00eb e Matit\u00a0n\u00eb\u00a0Shqip\u00ebri.[1]\u00a0Qyteza u nd\u00ebrtuar n\u00eb vitet 1950 pas fillimit t\u00eb punimeve p\u00ebr nd\u00ebrtimin e hidrocentralit t\u00eb Ulz\u00ebs, me nj\u00eb stil sovjetik t\u00eb viteve &#8217;50. Qyteza kishte kinema e qend\u00ebr kulturore, dhe num\u00ebronte 2000 banor\u00eb n\u00eb kulmin e saj. Ne vitet e para banor\u00ebt u soll\u00ebn [&hellip;]<\/p>\n","protected":false},"author":9,"featured_media":27086,"comment_status":"open","ping_status":"open","sticky":false,"template":"","format":"standard","meta":{"jetpack_post_was_ever_published":false,"_jetpack_newsletter_access":"","_jetpack_dont_email_post_to_subs":false,"_jetpack_newsletter_tier_id":0,"_jetpack_memberships_contains_paywalled_content":false,"_jetpack_memberships_contains_paid_content":false,"footnotes":"","jetpack_publicize_message":"","jetpack_publicize_feature_enabled":true,"jetpack_social_post_already_shared":true,"jetpack_social_options":{"image_generator_settings":{"template":"highway","default_image_id":0,"font":"","enabled":false},"version":2}},"categories":[27,85],"tags":[],"class_list":["post-27084","post","type-post","status-publish","format-standard","has-post-thumbnail","hentry","category-blogu-i-udhetarit","category-histori"],"jetpack_publicize_connections":[],"jetpack_featured_media_url":"https:\/\/i0.wp.com\/www.shqiperia.com\/blog\/wp-content\/uploads\/2019\/10\/Uleza-2.png?fit=661%2C340&ssl=1","jetpack_sharing_enabled":true,"jetpack_shortlink":"https:\/\/wp.me\/p5Z6wp-72Q","jetpack-related-posts":[{"id":25887,"url":"https:\/\/www.shqiperia.com\/blog\/agjenti-007-ndiqet-nga-armiqte-dhe-qyteza-fiton-12-milione-euro\/","url_meta":{"origin":27084,"position":0},"title":"Agjenti 007 ndiqet nga armiqt\u00eb dhe qyteza fiton 12 milion\u00eb euro.","author":"Kurt Farka","date":"September 14, 2019","format":false,"excerpt":"Agjenti 007 ndiqet nga armiqt\u00eb dhe qyteza fiton 12 milion\u00eb euro. September\u00a0 2019. N\u00ebp\u00ebr rrug\u00ebt e nj\u00eb qyteti t\u00eb vog\u00ebl n\u00eb Itali, Matera, kriminel\u00eb t\u00eb rreziksh\u00ebm po u japin makinave me shpejt\u00ebsi, me siguri q\u00eb p\u00ebr t\u00eb vrar\u00eb agjentin 007, dhe kjo s\u2019ka si t\u00eb jet\u00eb m\u00eb mir\u00eb p\u00ebr banor\u00ebt.\u2026","rel":"","context":"In &quot;Press Releases&quot;","block_context":{"text":"Press Releases","link":"https:\/\/www.shqiperia.com\/blog\/category\/press-releases\/"},"img":{"alt_text":"","src":"https:\/\/i0.wp.com\/www.shqiperia.com\/blog\/wp-content\/uploads\/2019\/09\/matera-Itali.jpg?fit=905%2C450&ssl=1&resize=350%2C200","width":350,"height":200,"srcset":"https:\/\/i0.wp.com\/www.shqiperia.com\/blog\/wp-content\/uploads\/2019\/09\/matera-Itali.jpg?fit=905%2C450&ssl=1&resize=350%2C200 1x, https:\/\/i0.wp.com\/www.shqiperia.com\/blog\/wp-content\/uploads\/2019\/09\/matera-Itali.jpg?fit=905%2C450&ssl=1&resize=525%2C300 1.5x, https:\/\/i0.wp.com\/www.shqiperia.com\/blog\/wp-content\/uploads\/2019\/09\/matera-Itali.jpg?fit=905%2C450&ssl=1&resize=700%2C400 2x"},"classes":[]},{"id":10559,"url":"https:\/\/www.shqiperia.com\/blog\/qyteza-italiane-nxjerr-ne-shitje-shtepite-per-1-euro-ja-arsyeja-foto\/","url_meta":{"origin":27084,"position":1},"title":"Qyteza italiane nxjerr n\u00eb shitje sht\u00ebpit\u00eb p\u00ebr 1 Euro, ja arsyeja (foto). &#8211;","author":"Kurt Farka","date":"August 6, 2018","format":false,"excerpt":"Qyteza italiane nxjerr n\u00eb shitje sht\u00ebpit\u00eb p\u00ebr 1 Euro, ja arsyeja (foto). - K\u00ebshilli i qytetit italian t\u00eb San Piero Patti n\u00eb Si\u00e7ili, mori vendimin q\u00eb sht\u00ebpit\u00eb e braktisura t\u00eb shiten me nj\u00eb \u00e7mim prej 1 euro, n\u00eb m\u00ebnyr\u00eb q\u00eb t\u00eb t\u00ebrheq\u00eb banor\u00ebt n\u00eb k\u00ebt\u00eb vend malor t\u00eb braktisur. Qyteza\u2026","rel":"","context":"In &quot;Blogu i Udh\u00ebtarit&quot;","block_context":{"text":"Blogu i Udh\u00ebtarit","link":"https:\/\/www.shqiperia.com\/blog\/category\/blogu-i-udhetarit\/"},"img":{"alt_text":"","src":"https:\/\/i0.wp.com\/www.shqiperia.com\/blog\/wp-content\/uploads\/2018\/08\/Qyteza-e-San-Piero-s.jpg?fit=765%2C510&ssl=1&resize=350%2C200","width":350,"height":200,"srcset":"https:\/\/i0.wp.com\/www.shqiperia.com\/blog\/wp-content\/uploads\/2018\/08\/Qyteza-e-San-Piero-s.jpg?fit=765%2C510&ssl=1&resize=350%2C200 1x, https:\/\/i0.wp.com\/www.shqiperia.com\/blog\/wp-content\/uploads\/2018\/08\/Qyteza-e-San-Piero-s.jpg?fit=765%2C510&ssl=1&resize=525%2C300 1.5x, https:\/\/i0.wp.com\/www.shqiperia.com\/blog\/wp-content\/uploads\/2018\/08\/Qyteza-e-San-Piero-s.jpg?fit=765%2C510&ssl=1&resize=700%2C400 2x"},"classes":[]},{"id":29932,"url":"https:\/\/www.shqiperia.com\/blog\/qyteza-ku-ende-perdoret-aramaishtja-gjuha-te-cilen-e-fliste-jezu-krishti\/","url_meta":{"origin":27084,"position":2},"title":"Qyteza ku ende p\u00ebrdoret aramaishtja \u2013 gjuha t\u00eb cil\u00ebn e fliste Jezu Krishti!\u00a0","author":"Kurt Farka","date":"January 1, 2020","format":false,"excerpt":"Qyteza ku ende p\u00ebrdoret aramaishtja \u2013 gjuha t\u00eb cil\u00ebn e fliste Jezu Krishti!\u00a0 Maaloula \u00ebsht\u00eb qytez\u00eb e vog\u00ebl n\u00eb verilindje t\u00eb Damaskut n\u00eb Siri. Bashk\u00eb me fshatrat e vogla Jubb\u2019adin dhe Bakhah, \u00ebsht\u00eb i treti vend ku ende flitet aramaishtja per\u00ebndimore. Gjuha aramaike ka dominuar Lindjen deri n\u00eb koh\u00ebn e\u2026","rel":"","context":"In &quot;Blogu i Udh\u00ebtarit&quot;","block_context":{"text":"Blogu i Udh\u00ebtarit","link":"https:\/\/www.shqiperia.com\/blog\/category\/blogu-i-udhetarit\/"},"img":{"alt_text":"","src":"https:\/\/i0.wp.com\/www.shqiperia.com\/blog\/wp-content\/uploads\/2020\/01\/Maaloula.jpg?fit=720%2C390&ssl=1&resize=350%2C200","width":350,"height":200,"srcset":"https:\/\/i0.wp.com\/www.shqiperia.com\/blog\/wp-content\/uploads\/2020\/01\/Maaloula.jpg?fit=720%2C390&ssl=1&resize=350%2C200 1x, https:\/\/i0.wp.com\/www.shqiperia.com\/blog\/wp-content\/uploads\/2020\/01\/Maaloula.jpg?fit=720%2C390&ssl=1&resize=525%2C300 1.5x, https:\/\/i0.wp.com\/www.shqiperia.com\/blog\/wp-content\/uploads\/2020\/01\/Maaloula.jpg?fit=720%2C390&ssl=1&resize=700%2C400 2x"},"classes":[]},{"id":90296,"url":"https:\/\/www.shqiperia.com\/blog\/qyteza-romake-qe-jetoi-me-gjate-se-vete-perandoria\/","url_meta":{"origin":27084,"position":3},"title":"Qyteza romake q\u00eb jetoi m\u00eb gjat\u00eb se vet\u00eb perandoria","author":"Kurt Farka","date":"March 11, 2025","format":false,"excerpt":"11 Mars 2025 G\u00ebrmimi i Interamna Lirenas ka p\u00ebrmbysur besimet e m\u00ebparshme mbi r\u00ebnien e saj, duke zbuluar se kjo qytez\u00eb n\u00eb Italin\u00eb qendrore lul\u00ebzoi p\u00ebr shekuj p\u00ebrtej r\u00ebnies s\u00eb supozuar t\u00eb Perandoris\u00eb Romake. Nj\u00eb studim i fundit mbi urbanizmin romak n\u00eb Itali tregon se infrastruktura mbres\u00ebl\u00ebn\u00ebse e qytetit e\u2026","rel":"","context":"In &quot;Histori&quot;","block_context":{"text":"Histori","link":"https:\/\/www.shqiperia.com\/blog\/category\/histori\/"},"img":{"alt_text":"","src":"https:\/\/i0.wp.com\/www.shqiperia.com\/blog\/wp-content\/uploads\/2025\/03\/forum_romanum_april_05.jpg?fit=1200%2C800&ssl=1&resize=350%2C200","width":350,"height":200,"srcset":"https:\/\/i0.wp.com\/www.shqiperia.com\/blog\/wp-content\/uploads\/2025\/03\/forum_romanum_april_05.jpg?fit=1200%2C800&ssl=1&resize=350%2C200 1x, https:\/\/i0.wp.com\/www.shqiperia.com\/blog\/wp-content\/uploads\/2025\/03\/forum_romanum_april_05.jpg?fit=1200%2C800&ssl=1&resize=525%2C300 1.5x, https:\/\/i0.wp.com\/www.shqiperia.com\/blog\/wp-content\/uploads\/2025\/03\/forum_romanum_april_05.jpg?fit=1200%2C800&ssl=1&resize=700%2C400 2x, https:\/\/i0.wp.com\/www.shqiperia.com\/blog\/wp-content\/uploads\/2025\/03\/forum_romanum_april_05.jpg?fit=1200%2C800&ssl=1&resize=1050%2C600 3x"},"classes":[]},{"id":20152,"url":"https:\/\/www.shqiperia.com\/blog\/pashket-me-te-bukura-nder-arbereshet-e-italise\/","url_meta":{"origin":27084,"position":4},"title":"Pashk\u00ebt, m\u00eb t\u00eb bukura nd\u00ebr arber\u00ebsh\u00ebt e Italise.-","author":"Kurt Farka","date":"April 24, 2019","format":false,"excerpt":"Pashk\u00ebt, m\u00eb t\u00eb bukura nd\u00ebr arber\u00ebsh\u00ebt e Italise.- N\u00ebse do duam t\u00eb shikojm\u00eb traditat shqiptare t\u00eb ruajtuara me p\u00ebrpikm\u00ebri, Hora e Arb\u00ebresh\u00ebvet\u00a0\u00ebsht\u00eb qyteza ideale. E njohur si nj\u00eb nga\u00a0qendrat m\u00eb t\u00eb r\u00ebnd\u00ebsishme dhe m\u00eb t\u00eb populluara t\u00eb arb\u00ebresh\u00ebve t\u00eb Sicilis\u00eb, ajo ka ruajtur shum\u00eb elemente etnike t\u00eb kultur\u00ebs shqiptare, ve\u00e7antit\u00eb\u00a0\u2026","rel":"","context":"In &quot;Histori&quot;","block_context":{"text":"Histori","link":"https:\/\/www.shqiperia.com\/blog\/category\/histori\/"},"img":{"alt_text":"","src":"https:\/\/i0.wp.com\/www.shqiperia.com\/blog\/wp-content\/uploads\/2019\/04\/Kostume-Arberesheve-te-Italise.jpg?fit=900%2C457&ssl=1&resize=350%2C200","width":350,"height":200,"srcset":"https:\/\/i0.wp.com\/www.shqiperia.com\/blog\/wp-content\/uploads\/2019\/04\/Kostume-Arberesheve-te-Italise.jpg?fit=900%2C457&ssl=1&resize=350%2C200 1x, https:\/\/i0.wp.com\/www.shqiperia.com\/blog\/wp-content\/uploads\/2019\/04\/Kostume-Arberesheve-te-Italise.jpg?fit=900%2C457&ssl=1&resize=525%2C300 1.5x, https:\/\/i0.wp.com\/www.shqiperia.com\/blog\/wp-content\/uploads\/2019\/04\/Kostume-Arberesheve-te-Italise.jpg?fit=900%2C457&ssl=1&resize=700%2C400 2x"},"classes":[]},{"id":36367,"url":"https:\/\/www.shqiperia.com\/blog\/lajm-arkiv-por-aktual-nje-apel-nga-aleksander-cipa\/","url_meta":{"origin":27084,"position":5},"title":"Lajm Arkiv por Aktual: &#8211; Nj\u00eb Apel nga Aleksand\u00ebr \u00c7ipa","author":"Kurt Farka","date":"July 16, 2020","format":false,"excerpt":"Lajm Arkiv por Aktual: - Nj\u00eb Apel nga Aleksand\u00ebr \u00c7ipa Nj\u00eb apel koleg\u00ebve dhe gjith\u00eb mediave vizive, fonike dhe t\u00eb shkruara t\u00eb atdheut tim: Lutem, n\u00eb em\u00ebr t\u00eb Atit, t\u00eb Birit e t\u00eb Shpirtit t\u00eb Shenjt\u00eb Arb\u00ebror! Lutem n\u00eb em\u00ebr te ligjit dhe Kushtetut\u00ebs s\u00eb Atdheut tim! Lutem n\u00eb em\u00ebr\u2026","rel":"","context":"In &quot;Histori&quot;","block_context":{"text":"Histori","link":"https:\/\/www.shqiperia.com\/blog\/category\/histori\/"},"img":{"alt_text":"","src":"https:\/\/i0.wp.com\/www.shqiperia.com\/blog\/wp-content\/uploads\/2020\/07\/hqdefault.jpg?fit=480%2C248&ssl=1&resize=350%2C200","width":350,"height":200},"classes":[]}],"_links":{"self":[{"href":"https:\/\/www.shqiperia.com\/blog\/wp-json\/wp\/v2\/posts\/27084","targetHints":{"allow":["GET"]}}],"collection":[{"href":"https:\/\/www.shqiperia.com\/blog\/wp-json\/wp\/v2\/posts"}],"about":[{"href":"https:\/\/www.shqiperia.com\/blog\/wp-json\/wp\/v2\/types\/post"}],"author":[{"embeddable":true,"href":"https:\/\/www.shqiperia.com\/blog\/wp-json\/wp\/v2\/users\/9"}],"replies":[{"embeddable":true,"href":"https:\/\/www.shqiperia.com\/blog\/wp-json\/wp\/v2\/comments?post=27084"}],"version-history":[{"count":1,"href":"https:\/\/www.shqiperia.com\/blog\/wp-json\/wp\/v2\/posts\/27084\/revisions"}],"predecessor-version":[{"id":27094,"href":"https:\/\/www.shqiperia.com\/blog\/wp-json\/wp\/v2\/posts\/27084\/revisions\/27094"}],"wp:featuredmedia":[{"embeddable":true,"href":"https:\/\/www.shqiperia.com\/blog\/wp-json\/wp\/v2\/media\/27086"}],"wp:attachment":[{"href":"https:\/\/www.shqiperia.com\/blog\/wp-json\/wp\/v2\/media?parent=27084"}],"wp:term":[{"taxonomy":"category","embeddable":true,"href":"https:\/\/www.shqiperia.com\/blog\/wp-json\/wp\/v2\/categories?post=27084"},{"taxonomy":"post_tag","embeddable":true,"href":"https:\/\/www.shqiperia.com\/blog\/wp-json\/wp\/v2\/tags?post=27084"}],"curies":[{"name":"wp","href":"https:\/\/api.w.org\/{rel}","templated":true}]}}