{"id":26751,"date":"2019-10-06T08:34:03","date_gmt":"2019-10-06T08:34:03","guid":{"rendered":"https:\/\/www.shqiperia.com\/blog\/?p=26751"},"modified":"2019-10-06T08:34:03","modified_gmt":"2019-10-06T08:34:03","slug":"monaco-vendos-te-zgjerohet-ne-det-milioneret-skane-vend-per-ndertimin-e-vilave","status":"publish","type":"post","link":"https:\/\/www.shqiperia.com\/blog\/monaco-vendos-te-zgjerohet-ne-det-milioneret-skane-vend-per-ndertimin-e-vilave\/","title":{"rendered":"Monaco vendos t\u00eb zgjerohet n\u00eb det, milioner\u00ebt s\u2019kan\u00eb vend p\u00ebr nd\u00ebrtimin e vilave. &#8211;"},"content":{"rendered":"<p><img data-recalc-dims=\"1\" loading=\"lazy\" decoding=\"async\" data-attachment-id=\"26752\" data-permalink=\"https:\/\/www.shqiperia.com\/blog\/monaco-vendos-te-zgjerohet-ne-det-milioneret-skane-vend-per-ndertimin-e-vilave\/bb-905x450\/\" data-orig-file=\"https:\/\/i0.wp.com\/www.shqiperia.com\/blog\/wp-content\/uploads\/2019\/10\/bb-905x450.jpg?fit=905%2C450&amp;ssl=1\" data-orig-size=\"905,450\" data-comments-opened=\"1\" data-image-meta=\"{&quot;aperture&quot;:&quot;0&quot;,&quot;credit&quot;:&quot;&quot;,&quot;camera&quot;:&quot;&quot;,&quot;caption&quot;:&quot;&quot;,&quot;created_timestamp&quot;:&quot;0&quot;,&quot;copyright&quot;:&quot;&quot;,&quot;focal_length&quot;:&quot;0&quot;,&quot;iso&quot;:&quot;0&quot;,&quot;shutter_speed&quot;:&quot;0&quot;,&quot;title&quot;:&quot;&quot;,&quot;orientation&quot;:&quot;0&quot;}\" data-image-title=\"bb-905&#215;450\" data-image-description=\"\" data-image-caption=\"\" data-medium-file=\"https:\/\/i0.wp.com\/www.shqiperia.com\/blog\/wp-content\/uploads\/2019\/10\/bb-905x450.jpg?fit=300%2C149&amp;ssl=1\" data-large-file=\"https:\/\/i0.wp.com\/www.shqiperia.com\/blog\/wp-content\/uploads\/2019\/10\/bb-905x450.jpg?fit=905%2C450&amp;ssl=1\" class=\"alignnone  wp-image-26752\" alt=\"\" src=\"https:\/\/i0.wp.com\/www.shqiperia.com\/blog\/wp-content\/uploads\/2019\/10\/bb-905x450.jpg?resize=540%2C268&#038;ssl=1\" width=\"540\" height=\"268\" srcset=\"https:\/\/i0.wp.com\/www.shqiperia.com\/blog\/wp-content\/uploads\/2019\/10\/bb-905x450.jpg?resize=300%2C149&amp;ssl=1 300w, https:\/\/i0.wp.com\/www.shqiperia.com\/blog\/wp-content\/uploads\/2019\/10\/bb-905x450.jpg?resize=768%2C382&amp;ssl=1 768w, https:\/\/i0.wp.com\/www.shqiperia.com\/blog\/wp-content\/uploads\/2019\/10\/bb-905x450.jpg?resize=450%2C224&amp;ssl=1 450w, https:\/\/i0.wp.com\/www.shqiperia.com\/blog\/wp-content\/uploads\/2019\/10\/bb-905x450.jpg?resize=600%2C298&amp;ssl=1 600w, https:\/\/i0.wp.com\/www.shqiperia.com\/blog\/wp-content\/uploads\/2019\/10\/bb-905x450.jpg?resize=400%2C199&amp;ssl=1 400w, https:\/\/i0.wp.com\/www.shqiperia.com\/blog\/wp-content\/uploads\/2019\/10\/bb-905x450.jpg?resize=905%2C450&amp;ssl=1 905w\" sizes=\"auto, (max-width: 540px) 100vw, 540px\" \/><\/p>\n<p><strong>Monaco vendos t\u00eb zgjerohet n\u00eb det, milioner\u00ebt s\u2019kan\u00eb vend p\u00ebr nd\u00ebrtimin e vilave. &#8211;<\/strong><\/p>\n<p>Monaco \u00ebsht\u00eb shteti i dyt\u00eb m\u00eb i vog\u00ebl n\u00eb bot\u00eb p\u00ebr nga madh\u00ebsia, por \u00ebsht\u00eb nj\u00eb nga vendet m\u00eb t\u00eb pasura n\u00eb bot\u00eb.<\/p>\n<p>Megjithat\u00eb, n\u00eb nj\u00eb hap\u00ebsir\u00eb prej dy kilometra katror\u00eb jetojn\u00eb shum\u00eb njer\u00ebz, e pik\u00ebrisht p\u00ebr k\u00ebt\u00eb konsiderohet si i mbipopulluar edhe pse \u00a0ka vet\u00ebm 39 mij\u00eb banor\u00eb.<\/p>\n<p>Hap\u00ebsirat p\u00ebr sht\u00ebpi dhe apartamente t\u00eb reja mungojn\u00eb, e sht\u00ebpit\u00eb e nd\u00ebrtuara n\u00ebp\u00ebr shk\u00ebmbinj jan\u00eb zgjidhje e p\u00ebrkohshme q\u00eb banor\u00ebt e k\u00ebtij vendi nuk e praktikojn\u00eb edhe aq shum\u00eb.<\/p>\n<p>P\u00ebr k\u00ebt\u00eb princi Albert II i ka dh\u00ebn\u00eb drit\u00ebn e gjelb\u00ebr projektit q\u00eb do ta zgjeronte bregun.<\/p>\n<p>Projekti parashikon q\u00eb portit Kouv t\u2019i shtohen gjasht\u00eb hektar\u00eb n\u00eb hap\u00ebsir\u00ebn ekzistuese. N\u00eb k\u00ebt\u00eb hap\u00ebsir\u00eb do t\u00eb mund t\u00eb nd\u00ebrtohen 120 sht\u00ebpi luksoze.<\/p>\n<p>Punimet tashm\u00eb kan\u00eb filluar, duke hedhur r\u00ebr\u00eb n\u00eb det dhe nd\u00ebrtuar blloqe t\u00eb betonit p\u00ebr ta zgjeruar bregun dhe nd\u00ebrtuar prona t\u00eb reja private.<\/p>\n<p>N\u00eb vitit 2025, porti Kouv pritet t\u00eb duket krejt\u00ebsisht ndryshe, e n\u00eb af\u00ebrsi t\u00eb k\u00ebtij vendi gjendet kazinoja e njohur ku shum\u00eb filma t\u00eb James Bondit jan\u00eb incizuar.<\/p>\n<p>Aty do t\u00eb jen\u00eb t\u00eb disponueshme apartamentet dhe vilat, e \u00e7mimet aktuale t\u00eb nj\u00eb prone t\u00eb paluajtshme n\u00eb Monako fillojn\u00eb nga 45 mij\u00eb euro p\u00ebr met\u00ebr katror, e duke marr\u00eb parasysh se ka munges\u00eb t\u00eb hap\u00ebsir\u00ebs p\u00ebr nd\u00ebrtim \u00e7mimi mund t\u00eb shkoj n\u00eb 90 mij\u00eb euro.<\/p>\n<p>N\u00ebse dikush shpreh interesim q\u00eb t\u00eb jetoj\u00eb n\u00eb Monako, duhet t\u00eb posedoj\u00eb lejen p\u00ebr banim, t\u00eb hap\u00eb llogari bankare n\u00eb Monako dhe t\u00eb depozitoj\u00eb t\u00eb pakt\u00ebn 500 mij\u00eb euro dhe do t\u00eb detyrohet t\u00eb q\u00ebndroj\u00eb n\u00eb Monako p\u00ebr t\u00eb pakt\u00ebn 6 muaj n\u00eb vit.<\/p>\n<p><em>j.l.\/ dita<\/em><\/p>\n","protected":false},"excerpt":{"rendered":"<p>Monaco vendos t\u00eb zgjerohet n\u00eb det, milioner\u00ebt s\u2019kan\u00eb vend p\u00ebr nd\u00ebrtimin e vilave. &#8211; Monaco \u00ebsht\u00eb shteti i dyt\u00eb m\u00eb i vog\u00ebl n\u00eb bot\u00eb p\u00ebr nga madh\u00ebsia, por \u00ebsht\u00eb nj\u00eb nga vendet m\u00eb t\u00eb pasura n\u00eb bot\u00eb. Megjithat\u00eb, n\u00eb nj\u00eb hap\u00ebsir\u00eb prej dy kilometra katror\u00eb jetojn\u00eb shum\u00eb njer\u00ebz, e pik\u00ebrisht p\u00ebr k\u00ebt\u00eb konsiderohet si i [&hellip;]<\/p>\n","protected":false},"author":9,"featured_media":26752,"comment_status":"open","ping_status":"open","sticky":false,"template":"","format":"standard","meta":{"jetpack_post_was_ever_published":false,"_jetpack_newsletter_access":"","_jetpack_dont_email_post_to_subs":false,"_jetpack_newsletter_tier_id":0,"_jetpack_memberships_contains_paywalled_content":false,"_jetpack_memberships_contains_paid_content":false,"footnotes":"","jetpack_publicize_message":"","jetpack_publicize_feature_enabled":true,"jetpack_social_post_already_shared":true,"jetpack_social_options":{"image_generator_settings":{"template":"highway","default_image_id":0,"font":"","enabled":false},"version":2}},"categories":[27,14],"tags":[],"class_list":["post-26751","post","type-post","status-publish","format-standard","has-post-thumbnail","hentry","category-blogu-i-udhetarit","category-press-releases"],"jetpack_publicize_connections":[],"jetpack_featured_media_url":"https:\/\/i0.wp.com\/www.shqiperia.com\/blog\/wp-content\/uploads\/2019\/10\/bb-905x450.jpg?fit=905%2C450&ssl=1","jetpack_sharing_enabled":true,"jetpack_shortlink":"https:\/\/wp.me\/p5Z6wp-6Xt","jetpack-related-posts":[{"id":31211,"url":"https:\/\/www.shqiperia.com\/blog\/skandali-kryebashkiaku-i-nderton-shtepi-gjyshes-me-fondet-e-termetit\/","url_meta":{"origin":26751,"position":0},"title":"Skandali\/ Kryebashkiaku i nd\u00ebrton sht\u00ebpi gjyshes me fondet e t\u00ebrmetit\u00a0","author":"Kurt Farka","date":"February 6, 2020","format":false,"excerpt":"Skandali\/ Kryebashkiaku i nd\u00ebrton sht\u00ebpi gjyshes me fondet e t\u00ebrmetit 6 SHKURT 2020 T\u00ebrmeti i 1 qershorit 2019, i cili preku disa fshatra t\u00eb rrethit Devoll, d\u00ebmtoi shum\u00eb banesa n\u00eb fshatin Vidohov\u00eb. N\u00eb k\u00ebt\u00eb fshat u rind\u00ebrtuan disa banesa nga fillimi, nd\u00ebrsa disa t\u00eb tjera u rikonstruktuan. Nj\u00eb nder banesat\u2026","rel":"","context":"In &quot;Blogu i Udh\u00ebtarit&quot;","block_context":{"text":"Blogu i Udh\u00ebtarit","link":"https:\/\/www.shqiperia.com\/blog\/category\/blogu-i-udhetarit\/"},"img":{"alt_text":"","src":"https:\/\/i0.wp.com\/www.shqiperia.com\/blog\/wp-content\/uploads\/2020\/02\/800-0-5e3c833f0406b.jpg?fit=800%2C480&ssl=1&resize=350%2C200","width":350,"height":200,"srcset":"https:\/\/i0.wp.com\/www.shqiperia.com\/blog\/wp-content\/uploads\/2020\/02\/800-0-5e3c833f0406b.jpg?fit=800%2C480&ssl=1&resize=350%2C200 1x, https:\/\/i0.wp.com\/www.shqiperia.com\/blog\/wp-content\/uploads\/2020\/02\/800-0-5e3c833f0406b.jpg?fit=800%2C480&ssl=1&resize=525%2C300 1.5x, https:\/\/i0.wp.com\/www.shqiperia.com\/blog\/wp-content\/uploads\/2020\/02\/800-0-5e3c833f0406b.jpg?fit=800%2C480&ssl=1&resize=700%2C400 2x"},"classes":[]},{"id":67289,"url":"https:\/\/www.shqiperia.com\/blog\/shtepia-me-e-vetmuar-ne-bote-e-kujt-dhe-si-shkohet-aty\/","url_meta":{"origin":26751,"position":1},"title":"Sht\u00ebpia m\u00eb e vetmuar n\u00eb bot\u00eb: e kujt dhe si shkohet aty?","author":"Kurt Farka","date":"February 3, 2023","format":false,"excerpt":"3 Shkurt 2023 Edhe pse zbraz\u00ebtia sundon k\u00ebt\u00eb sht\u00ebpi t\u00eb braktisur prej 100 vitesh, ende nuk \u00ebsht\u00eb zgjidhur misteri i origjin\u00ebs s\u00eb saj n\u00eb shk\u00ebmb. N\u00eb nj\u00eb lart\u00ebsi prej mbi 2700 metrash n\u00eb mes t\u00eb Dolomiteve t\u00eb m\u00ebdha italiane, kjo sht\u00ebpi e pabesueshme \u00ebsht\u00eb nd\u00ebrtuar n\u00eb faqen e shk\u00ebmbit. Nd\u00ebrsa\u2026","rel":"","context":"In &quot;Blogu i Udh\u00ebtarit&quot;","block_context":{"text":"Blogu i Udh\u00ebtarit","link":"https:\/\/www.shqiperia.com\/blog\/category\/blogu-i-udhetarit\/"},"img":{"alt_text":"","src":"https:\/\/i0.wp.com\/www.shqiperia.com\/blog\/wp-content\/uploads\/2023\/02\/najusamljenija-kuca-italija.jpg?fit=871%2C540&ssl=1&resize=350%2C200","width":350,"height":200,"srcset":"https:\/\/i0.wp.com\/www.shqiperia.com\/blog\/wp-content\/uploads\/2023\/02\/najusamljenija-kuca-italija.jpg?fit=871%2C540&ssl=1&resize=350%2C200 1x, https:\/\/i0.wp.com\/www.shqiperia.com\/blog\/wp-content\/uploads\/2023\/02\/najusamljenija-kuca-italija.jpg?fit=871%2C540&ssl=1&resize=525%2C300 1.5x, https:\/\/i0.wp.com\/www.shqiperia.com\/blog\/wp-content\/uploads\/2023\/02\/najusamljenija-kuca-italija.jpg?fit=871%2C540&ssl=1&resize=700%2C400 2x"},"classes":[]},{"id":94079,"url":"https:\/\/www.shqiperia.com\/blog\/synimi-yne-te-mbajme-te-rinjte-te-studiojne-ne-shtepi-rama-me-diellen-po-projektojme-te-ardhmen\/","url_meta":{"origin":26751,"position":2},"title":"\u201cSynimi yn\u00eb, t\u00eb mbajm\u00eb t\u00eb rinjt\u00eb t\u00eb studiojn\u00eb n\u00eb sht\u00ebpi\u201d, Rama: &#8211; Me Diell\u00ebn po projektojm\u00eb t\u00eb ardhmen","author":"Kurt Farka","date":"September 30, 2025","format":false,"excerpt":"30 Shtator 2025 Kryeministri Edi Rama deklaroi se q\u00ebllimi i k\u00ebsaj qeverie \u00ebsht\u00eb q\u00eb t\u2019i ofroj\u00eb t\u00eb rinjve mund\u00ebsin\u00eb q\u00eb t\u00eb studiojn\u00eb dhe t\u00eb thellohen n\u00eb k\u00ebrkimet shkencore, n\u00eb vendin ton\u00eb. I pranish\u00ebm n\u00eb Kongresin Nd\u00ebrkomb\u00ebtar t\u00eb Nanoteknologjis\u00eb, Rama theksoi se vizioni \u00ebsht\u00eb i qart\u00eb; do t\u00eb k\u00ebrkohet partneritet dhe\u2026","rel":"","context":"In &quot;Blogu i Udh\u00ebtarit&quot;","block_context":{"text":"Blogu i Udh\u00ebtarit","link":"https:\/\/www.shqiperia.com\/blog\/category\/blogu-i-udhetarit\/"},"img":{"alt_text":"","src":"https:\/\/i0.wp.com\/www.shqiperia.com\/blog\/wp-content\/uploads\/2025\/09\/Edi-Rama1-720x392-1.png?fit=720%2C392&ssl=1&resize=350%2C200","width":350,"height":200,"srcset":"https:\/\/i0.wp.com\/www.shqiperia.com\/blog\/wp-content\/uploads\/2025\/09\/Edi-Rama1-720x392-1.png?fit=720%2C392&ssl=1&resize=350%2C200 1x, https:\/\/i0.wp.com\/www.shqiperia.com\/blog\/wp-content\/uploads\/2025\/09\/Edi-Rama1-720x392-1.png?fit=720%2C392&ssl=1&resize=525%2C300 1.5x, https:\/\/i0.wp.com\/www.shqiperia.com\/blog\/wp-content\/uploads\/2025\/09\/Edi-Rama1-720x392-1.png?fit=720%2C392&ssl=1&resize=700%2C400 2x"},"classes":[]},{"id":98884,"url":"https:\/\/www.shqiperia.com\/blog\/spiropali-flet-per-perplasjen-me-ramen-ajo-qe-ndodhi-nuk-eshte-thjesht-ceshtje-personale-por-model-qe-po-zgjerohet-frika\/","url_meta":{"origin":26751,"position":3},"title":"Spiropali flet p\u00ebr p\u00ebrplasjen me Ram\u00ebn: &#8211; Ajo q\u00eb ndodhi nuk \u00ebsht\u00eb thjesht \u00e7\u00ebshtje personale, por model q\u00eb po zgjerohet! Frika?","author":"Kurt Farka","date":"March 31, 2026","format":false,"excerpt":"31 Mars 2026 Ish-ministrja e Jashtme,\u00a0nj\u00ebher\u00ebsh deputetja e PS, Elisa Spiropali\u00a0ka reaguar p\u00ebr her\u00eb t\u00eb par\u00eb pas p\u00ebrplasjes q\u00eb ndodhi me kryeministrin Edi Rama gjat\u00eb mbledhjes s\u00eb me dyer t\u00eb mbyllura t\u00eb Grupit Parlamentar t\u00eb PS. Gjat\u00eb k\u00ebsaj mbledhje me tone t\u00eb larta, Rama i \u00ebsht\u00eb drejtuar Spiropalit q\u00eb t\u00eb\u2026","rel":"","context":"In &quot;Blogu i Udh\u00ebtarit&quot;","block_context":{"text":"Blogu i Udh\u00ebtarit","link":"https:\/\/www.shqiperia.com\/blog\/category\/blogu-i-udhetarit\/"},"img":{"alt_text":"","src":"https:\/\/i0.wp.com\/www.shqiperia.com\/blog\/wp-content\/uploads\/2026\/03\/rama-spiropali.jpg?fit=634%2C364&ssl=1&resize=350%2C200","width":350,"height":200,"srcset":"https:\/\/i0.wp.com\/www.shqiperia.com\/blog\/wp-content\/uploads\/2026\/03\/rama-spiropali.jpg?fit=634%2C364&ssl=1&resize=350%2C200 1x, https:\/\/i0.wp.com\/www.shqiperia.com\/blog\/wp-content\/uploads\/2026\/03\/rama-spiropali.jpg?fit=634%2C364&ssl=1&resize=525%2C300 1.5x"},"classes":[]},{"id":9786,"url":"https:\/\/www.shqiperia.com\/blog\/studim-zhytja-ne-det-relakson-trurin-nga-perditshmeria-kaotike\/","url_meta":{"origin":26751,"position":4},"title":"Studim\/ Zhytja n\u00eb det relakson trurin nga p\u00ebrditshm\u00ebria kaotike.-","author":"Kurt Farka","date":"July 17, 2018","format":false,"excerpt":"Studim\/ Zhytja n\u00eb det relakson trurin nga p\u00ebrditshm\u00ebria kaotike.- T\u00eb kalosh nj\u00eb dit\u00eb n\u00ebn uj\u00eb mund t\u2019ju b\u00ebj\u00eb t\u00eb ndiheni m\u00eb t\u00eb relaksuar, t\u00eb \u00e7lodhur dhe me energji t\u00eb p\u00ebrt\u00ebritura. Ky \u00ebsht\u00eb konkluzioni i nj\u00eb studimi t\u00eb kryer nga k\u00ebrkuesit e Universitetit Curtin dhe publikuar n\u00eb revist\u00ebn Health Psicology.Ja \u00e7far\u00eb\u2026","rel":"","context":"In &quot;Blogu i Udh\u00ebtarit&quot;","block_context":{"text":"Blogu i Udh\u00ebtarit","link":"https:\/\/www.shqiperia.com\/blog\/category\/blogu-i-udhetarit\/"},"img":{"alt_text":"","src":"https:\/\/i0.wp.com\/www.shqiperia.com\/blog\/wp-content\/uploads\/2018\/07\/1531270394_21.15studimezhytjanujheqstresin800x445.jpg?resize=350%2C200","width":350,"height":200},"classes":[]},{"id":35752,"url":"https:\/\/www.shqiperia.com\/blog\/zef-deda-arti-po-degradon-tirana-pa-teater-e-shtepi-kulture-ne-krye-te-ministrise-se-kultures-emerohen-njerez-qe-skane-lexuar-nje-liber\/","url_meta":{"origin":26751,"position":5},"title":"Zef Deda: &#8211; Arti po degradon, Tirana pa teat\u00ebr e sht\u00ebpi kulture, n\u00eb krye t\u00eb Ministris\u00eb s\u00eb Kultur\u00ebs em\u00ebrohen njer\u00ebz q\u00eb s\u2019kan\u00eb lexuar nj\u00eb lib\u00ebr","author":"Kurt Farka","date":"June 16, 2020","format":false,"excerpt":"Zef Deda: - Arti po degradon, Tirana pa teat\u00ebr e sht\u00ebpi kulture, n\u00eb krye t\u00eb Ministris\u00eb s\u00eb Kultur\u00ebs em\u00ebrohen njer\u00ebz q\u00eb s\u2019kan\u00eb lexuar nj\u00eb lib\u00ebr 15 QERSHOR 2020 P\u00ebr artin dhe kultur\u00ebn duhet alarm nga institucionet, sepse nuk po vler\u00ebsohen dhe njer\u00ebzit q\u00eb japin p\u00ebr t\u00eb. K\u00ebshtu shprehet aktori i\u2026","rel":"","context":"In &quot;Kultura&quot;","block_context":{"text":"Kultura","link":"https:\/\/www.shqiperia.com\/blog\/category\/kultura\/"},"img":{"alt_text":"","src":"https:\/\/i0.wp.com\/www.shqiperia.com\/blog\/wp-content\/uploads\/2020\/06\/Zef-Deda.jpg?fit=640%2C384&ssl=1&resize=350%2C200","width":350,"height":200,"srcset":"https:\/\/i0.wp.com\/www.shqiperia.com\/blog\/wp-content\/uploads\/2020\/06\/Zef-Deda.jpg?fit=640%2C384&ssl=1&resize=350%2C200 1x, https:\/\/i0.wp.com\/www.shqiperia.com\/blog\/wp-content\/uploads\/2020\/06\/Zef-Deda.jpg?fit=640%2C384&ssl=1&resize=525%2C300 1.5x"},"classes":[]}],"_links":{"self":[{"href":"https:\/\/www.shqiperia.com\/blog\/wp-json\/wp\/v2\/posts\/26751","targetHints":{"allow":["GET"]}}],"collection":[{"href":"https:\/\/www.shqiperia.com\/blog\/wp-json\/wp\/v2\/posts"}],"about":[{"href":"https:\/\/www.shqiperia.com\/blog\/wp-json\/wp\/v2\/types\/post"}],"author":[{"embeddable":true,"href":"https:\/\/www.shqiperia.com\/blog\/wp-json\/wp\/v2\/users\/9"}],"replies":[{"embeddable":true,"href":"https:\/\/www.shqiperia.com\/blog\/wp-json\/wp\/v2\/comments?post=26751"}],"version-history":[{"count":1,"href":"https:\/\/www.shqiperia.com\/blog\/wp-json\/wp\/v2\/posts\/26751\/revisions"}],"predecessor-version":[{"id":26753,"href":"https:\/\/www.shqiperia.com\/blog\/wp-json\/wp\/v2\/posts\/26751\/revisions\/26753"}],"wp:featuredmedia":[{"embeddable":true,"href":"https:\/\/www.shqiperia.com\/blog\/wp-json\/wp\/v2\/media\/26752"}],"wp:attachment":[{"href":"https:\/\/www.shqiperia.com\/blog\/wp-json\/wp\/v2\/media?parent=26751"}],"wp:term":[{"taxonomy":"category","embeddable":true,"href":"https:\/\/www.shqiperia.com\/blog\/wp-json\/wp\/v2\/categories?post=26751"},{"taxonomy":"post_tag","embeddable":true,"href":"https:\/\/www.shqiperia.com\/blog\/wp-json\/wp\/v2\/tags?post=26751"}],"curies":[{"name":"wp","href":"https:\/\/api.w.org\/{rel}","templated":true}]}}