{"id":26318,"date":"2019-09-27T00:46:44","date_gmt":"2019-09-27T00:46:44","guid":{"rendered":"https:\/\/www.shqiperia.com\/blog\/?p=26318"},"modified":"2019-09-27T00:46:44","modified_gmt":"2019-09-27T00:46:44","slug":"nuk-do-ta-besoni-dot-cfare-fshihet-ne-kete-ishull-te-pazakonte-te-norvegjise","status":"publish","type":"post","link":"https:\/\/www.shqiperia.com\/blog\/nuk-do-ta-besoni-dot-cfare-fshihet-ne-kete-ishull-te-pazakonte-te-norvegjise\/","title":{"rendered":"Nuk do ta besoni dot \u00e7far\u00eb \u201cfshihet\u201d n\u00eb k\u00ebt\u00eb ishull t\u00eb pazakont\u00eb t\u00eb Norvegjis\u00eb"},"content":{"rendered":"<p><img data-recalc-dims=\"1\" loading=\"lazy\" decoding=\"async\" data-attachment-id=\"26319\" data-permalink=\"https:\/\/www.shqiperia.com\/blog\/nuk-do-ta-besoni-dot-cfare-fshihet-ne-kete-ishull-te-pazakonte-te-norvegjise\/svalbard-1-905x450\/\" data-orig-file=\"https:\/\/i0.wp.com\/www.shqiperia.com\/blog\/wp-content\/uploads\/2019\/09\/svalbard-1-905x450.jpg?fit=905%2C450&amp;ssl=1\" data-orig-size=\"905,450\" data-comments-opened=\"1\" data-image-meta=\"{&quot;aperture&quot;:&quot;0&quot;,&quot;credit&quot;:&quot;&quot;,&quot;camera&quot;:&quot;&quot;,&quot;caption&quot;:&quot;&quot;,&quot;created_timestamp&quot;:&quot;0&quot;,&quot;copyright&quot;:&quot;&quot;,&quot;focal_length&quot;:&quot;0&quot;,&quot;iso&quot;:&quot;0&quot;,&quot;shutter_speed&quot;:&quot;0&quot;,&quot;title&quot;:&quot;&quot;,&quot;orientation&quot;:&quot;0&quot;}\" data-image-title=\"svalbard-1-905&#215;450\" data-image-description=\"\" data-image-caption=\"\" data-medium-file=\"https:\/\/i0.wp.com\/www.shqiperia.com\/blog\/wp-content\/uploads\/2019\/09\/svalbard-1-905x450.jpg?fit=300%2C149&amp;ssl=1\" data-large-file=\"https:\/\/i0.wp.com\/www.shqiperia.com\/blog\/wp-content\/uploads\/2019\/09\/svalbard-1-905x450.jpg?fit=905%2C450&amp;ssl=1\" class=\"alignnone  wp-image-26319\" alt=\"\" src=\"https:\/\/i0.wp.com\/www.shqiperia.com\/blog\/wp-content\/uploads\/2019\/09\/svalbard-1-905x450.jpg?resize=501%2C249&#038;ssl=1\" width=\"501\" height=\"249\" srcset=\"https:\/\/i0.wp.com\/www.shqiperia.com\/blog\/wp-content\/uploads\/2019\/09\/svalbard-1-905x450.jpg?resize=300%2C149&amp;ssl=1 300w, https:\/\/i0.wp.com\/www.shqiperia.com\/blog\/wp-content\/uploads\/2019\/09\/svalbard-1-905x450.jpg?resize=768%2C382&amp;ssl=1 768w, https:\/\/i0.wp.com\/www.shqiperia.com\/blog\/wp-content\/uploads\/2019\/09\/svalbard-1-905x450.jpg?resize=450%2C224&amp;ssl=1 450w, https:\/\/i0.wp.com\/www.shqiperia.com\/blog\/wp-content\/uploads\/2019\/09\/svalbard-1-905x450.jpg?resize=600%2C298&amp;ssl=1 600w, https:\/\/i0.wp.com\/www.shqiperia.com\/blog\/wp-content\/uploads\/2019\/09\/svalbard-1-905x450.jpg?resize=400%2C199&amp;ssl=1 400w, https:\/\/i0.wp.com\/www.shqiperia.com\/blog\/wp-content\/uploads\/2019\/09\/svalbard-1-905x450.jpg?resize=905%2C450&amp;ssl=1 905w\" sizes=\"auto, (max-width: 501px) 100vw, 501px\" \/><\/p>\n<p><strong>Nuk do ta besoni dot \u00e7far\u00eb \u201cfshihet\u201d n\u00eb k\u00ebt\u00eb ishull t\u00eb pazakont\u00eb t\u00eb Norvegjis\u00eb<\/strong><\/p>\n<p>N\u00eb veri t\u00eb planetit, pik\u00ebrisht n\u00eb Longyearbyen t\u00eb Norvegjis\u00eb, gjendet nj\u00eb magazin\u00eb e v\u00ebrtet\u00eb, n\u00eb t\u00eb cil\u00ebn ruhen 400 milion\u00eb fara, praktikisht i gjith\u00eb biodiversiteti i bot\u00ebs, i mbrojtur nga k\u00ebrc\u00ebnimi b\u00ebrthamor, t\u00ebrmetet dhe sulmet terroriste.<\/p>\n<p>N\u00eb fillim, ideja e nj\u00eb magazine t\u00eb till\u00eb n\u00eb zon\u00ebn e Arktikut dukej si e dal\u00eb nga nj\u00eb film fantashkenc\u00eb.<\/p>\n<p>Por tet\u00eb vjet pas inaugurimit, Svalbard Global Seed Vault ka marr\u00eb nga Siria k\u00ebrkes\u00ebn e par\u00eb p\u00ebr t\u00ebrheqjen e farave.<\/p>\n<p>Svalbard ndodhet n\u00eb zon\u00ebn ku kalon paraleli i 78, nj\u00ebmij\u00eb km nga Poli i Veriut.<\/p>\n<p>\u00cbsht\u00eb nj\u00eb grumbull ishujsh q\u00eb shpesh nuk figurojn\u00eb as n\u00eb hart\u00eb.<\/p>\n<p>Zona \u00ebsht\u00eb nj\u00eb hap\u00ebsir\u00eb pa pem\u00eb dhe pa insekte, ku dielli nuk per\u00ebndon nga prilli n\u00eb gusht dhe dimri zgjat 155 dit\u00eb, pa par\u00eb drit\u00ebn e diellit.<\/p>\n<p>Dymij\u00eb banor\u00ebt e zon\u00ebs l\u00ebvizin t\u00eb armatosur, nj\u00eb mas\u00eb kjo e p\u00ebrcaktuar me ligj, p\u00ebr t\u2019u mbrojtur nga arinjt\u00eb polar\u00eb.<\/p>\n<p>T\u00eb gjitha vendet e bot\u00ebs kan\u00eb d\u00ebrguar k\u00ebtu fara t\u00eb bim\u00ebve q\u00eb rriten n\u00eb vendet e tyre, nga Koreja e Veriut te SHBA-t\u00eb, nga Mongolia te Gjermania.<\/p>\n<p>T\u00eb fundit n\u00eb rendin kronologjik jan\u00eb delegacionet e Perus\u00eb dhe Kosta Rik\u00ebs.<\/p>\n<p>Tashm\u00eb shifrat e magazin\u00ebs norvegjeze mund t\u00eb habisin shum\u00eb njer\u00ebz.<\/p>\n<p>Jan\u00eb mbi 850 mij\u00eb varietete farash, 500 ekzemplar\u00eb p\u00ebr secil\u00ebn, t\u00eb cilat ruhen n\u00eb temperatur\u00ebn minus 18 grad\u00eb.<\/p>\n<p><strong>n.s. \/ dita<\/strong><\/p>\n","protected":false},"excerpt":{"rendered":"<p>Nuk do ta besoni dot \u00e7far\u00eb \u201cfshihet\u201d n\u00eb k\u00ebt\u00eb ishull t\u00eb pazakont\u00eb t\u00eb Norvegjis\u00eb N\u00eb veri t\u00eb planetit, pik\u00ebrisht n\u00eb Longyearbyen t\u00eb Norvegjis\u00eb, gjendet nj\u00eb magazin\u00eb e v\u00ebrtet\u00eb, n\u00eb t\u00eb cil\u00ebn ruhen 400 milion\u00eb fara, praktikisht i gjith\u00eb biodiversiteti i bot\u00ebs, i mbrojtur nga k\u00ebrc\u00ebnimi b\u00ebrthamor, t\u00ebrmetet dhe sulmet terroriste. N\u00eb fillim, ideja e nj\u00eb [&hellip;]<\/p>\n","protected":false},"author":9,"featured_media":26319,"comment_status":"open","ping_status":"open","sticky":false,"template":"","format":"standard","meta":{"jetpack_post_was_ever_published":false,"_jetpack_newsletter_access":"","_jetpack_dont_email_post_to_subs":false,"_jetpack_newsletter_tier_id":0,"_jetpack_memberships_contains_paywalled_content":false,"_jetpack_memberships_contains_paid_content":false,"footnotes":"","jetpack_publicize_message":"","jetpack_publicize_feature_enabled":true,"jetpack_social_post_already_shared":true,"jetpack_social_options":{"image_generator_settings":{"template":"highway","default_image_id":0,"font":"","enabled":false},"version":2}},"categories":[27,14],"tags":[],"class_list":["post-26318","post","type-post","status-publish","format-standard","has-post-thumbnail","hentry","category-blogu-i-udhetarit","category-press-releases"],"jetpack_publicize_connections":[],"jetpack_featured_media_url":"https:\/\/i0.wp.com\/www.shqiperia.com\/blog\/wp-content\/uploads\/2019\/09\/svalbard-1-905x450.jpg?fit=905%2C450&ssl=1","jetpack_sharing_enabled":true,"jetpack_shortlink":"https:\/\/wp.me\/p5Z6wp-6Qu","jetpack-related-posts":[{"id":87066,"url":"https:\/\/www.shqiperia.com\/blog\/ishulli-arktik-me-20-njerez-dhe-nje-milion-zogj\/","url_meta":{"origin":26318,"position":0},"title":"Ishulli Arktik me 20 njer\u00ebz dhe nj\u00eb milion zogj","author":"Kurt Farka","date":"December 4, 2024","format":false,"excerpt":"4 Dhjetor 2024 E vendosur rreth 40 km larg bregut verior t\u00eb Island\u00ebs, kjo cop\u00ebza e rr\u00ebmbyer nga era \u00ebsht\u00eb sht\u00ebpia e nj\u00eb prej vendbanimeve m\u00eb t\u00eb larg\u00ebta t\u00eb Evrop\u00ebs dhe nj\u00eb popullsie e lul\u00ebzuar e shpend\u00ebve detar\u00eb. Edhe n\u00eb nj\u00eb dit\u00eb me diell n\u00eb fund t\u00eb gushtit, era n\u00eb\u2026","rel":"","context":"In &quot;Blogu i Udh\u00ebtarit&quot;","block_context":{"text":"Blogu i Udh\u00ebtarit","link":"https:\/\/www.shqiperia.com\/blog\/category\/blogu-i-udhetarit\/"},"img":{"alt_text":"","src":"https:\/\/i0.wp.com\/www.shqiperia.com\/blog\/wp-content\/uploads\/2024\/12\/640-0-gdhjdgjhdgjgjj-1733302296.jpg?fit=640%2C350&ssl=1&resize=350%2C200","width":350,"height":200,"srcset":"https:\/\/i0.wp.com\/www.shqiperia.com\/blog\/wp-content\/uploads\/2024\/12\/640-0-gdhjdgjhdgjgjj-1733302296.jpg?fit=640%2C350&ssl=1&resize=350%2C200 1x, https:\/\/i0.wp.com\/www.shqiperia.com\/blog\/wp-content\/uploads\/2024\/12\/640-0-gdhjdgjhdgjgjj-1733302296.jpg?fit=640%2C350&ssl=1&resize=525%2C300 1.5x"},"classes":[]},{"id":49687,"url":"https:\/\/www.shqiperia.com\/blog\/te-fshehtat-e-marreveshjes-se-detit-me-greqine-top-news-publikon-hartat-sekrete-te-cia-s\/","url_meta":{"origin":26318,"position":1},"title":"T\u00eb fshehtat e marr\u00ebveshjes s\u00eb detit me Greqin\u00eb\/ Top News publikon Hartat Sekrete t\u00eb CIA-s","author":"Kurt Farka","date":"September 7, 2021","format":false,"excerpt":"T\u00eb fshehtat e marr\u00ebveshjes s\u00eb detit me Greqin\u00eb\/ Top News publikon Hartat Sekrete t\u00eb CIA-s 7 SHTATOR 2021 N\u00eb emisionin e sot\u00ebm Zona Zero t\u00eb drejtuar nga Thimi Samarxhi n\u00eb Top News, u diskutua p\u00ebr marr\u00ebveshjen e detit mes Shqip\u00ebris\u00eb dhe Greqis\u00eb. Gjat\u00eb diskutimit n\u00eb studio u publikuan edhe disa\u2026","rel":"","context":"In &quot;Blogu i Udh\u00ebtarit&quot;","block_context":{"text":"Blogu i Udh\u00ebtarit","link":"https:\/\/www.shqiperia.com\/blog\/category\/blogu-i-udhetarit\/"},"img":{"alt_text":"","src":"https:\/\/i0.wp.com\/www.shqiperia.com\/blog\/wp-content\/uploads\/2021\/09\/640-0-6137750383b59-Copy.png?fit=640%2C426&ssl=1&resize=350%2C200","width":350,"height":200,"srcset":"https:\/\/i0.wp.com\/www.shqiperia.com\/blog\/wp-content\/uploads\/2021\/09\/640-0-6137750383b59-Copy.png?fit=640%2C426&ssl=1&resize=350%2C200 1x, https:\/\/i0.wp.com\/www.shqiperia.com\/blog\/wp-content\/uploads\/2021\/09\/640-0-6137750383b59-Copy.png?fit=640%2C426&ssl=1&resize=525%2C300 1.5x"},"classes":[]},{"id":60751,"url":"https:\/\/www.shqiperia.com\/blog\/prifti-rreh-besimtarin-ne-mes-te-rruges-nuk-do-ta-besoni-arsyen\/","url_meta":{"origin":26318,"position":2},"title":"Prifti rreh besimtarin n\u00eb mes t\u00eb rrug\u00ebs, nuk do ta besoni arsyen","author":"Kurt Farka","date":"August 6, 2022","format":false,"excerpt":"27 Korrik 2022 Nj\u00eb ngjarje e pazakont\u00eb ka ndodhur m\u00ebngjesin e t\u00eb mart\u00ebs n\u00eb Casetra t\u00eb Italis\u00eb, ku nj\u00eb prift ka sulmuar nj\u00eb besimtar pasi ky i fundit la vet\u00ebm 25 euro n\u00eb nj\u00eb funeral t\u00eb mbajtur nga prifti. Sipas mediave vendase n\u00eb fund t\u00eb nj\u00eb funerali, nj\u00eb i af\u00ebrm\u2026","rel":"","context":"In &quot;Blogu i Udh\u00ebtarit&quot;","block_context":{"text":"Blogu i Udh\u00ebtarit","link":"https:\/\/www.shqiperia.com\/blog\/category\/blogu-i-udhetarit\/"},"img":{"alt_text":"","src":"https:\/\/i0.wp.com\/www.shqiperia.com\/blog\/wp-content\/uploads\/2022\/08\/Prifti-rreh-besimtarin-ne-mes-te-rruges.jpg?fit=800%2C450&ssl=1&resize=350%2C200","width":350,"height":200,"srcset":"https:\/\/i0.wp.com\/www.shqiperia.com\/blog\/wp-content\/uploads\/2022\/08\/Prifti-rreh-besimtarin-ne-mes-te-rruges.jpg?fit=800%2C450&ssl=1&resize=350%2C200 1x, https:\/\/i0.wp.com\/www.shqiperia.com\/blog\/wp-content\/uploads\/2022\/08\/Prifti-rreh-besimtarin-ne-mes-te-rruges.jpg?fit=800%2C450&ssl=1&resize=525%2C300 1.5x, https:\/\/i0.wp.com\/www.shqiperia.com\/blog\/wp-content\/uploads\/2022\/08\/Prifti-rreh-besimtarin-ne-mes-te-rruges.jpg?fit=800%2C450&ssl=1&resize=700%2C400 2x"},"classes":[]},{"id":47643,"url":"https:\/\/www.shqiperia.com\/blog\/petrit-vasili-cila-eshte-marreveshja-politike-me-greqine-dhe-pse-fshihet-ajo-nga-rama\/","url_meta":{"origin":26318,"position":3},"title":"Petrit Vasili: &#8211; Cila \u00ebsht\u00eb marr\u00ebveshja politike me Greqin\u00eb dhe pse fshihet ajo nga Rama?","author":"Kurt Farka","date":"June 6, 2021","format":false,"excerpt":"Petrit Vasili: - Cila \u00ebsht\u00eb marr\u00ebveshja politike me Greqin\u00eb dhe pse fshihet ajo nga Rama? - 05.06.21 N\u00ebnkryetari i LSI Petrit Vasili ka reaguar pas deklaratave t\u00eb Ministrit t\u00eb Jasht\u00ebm t\u00eb Greqis\u00eb Dendias, se ka arritur nj\u00eb marr\u00ebveshje politike me Shqip\u00ebrin\u00eb p\u00ebr detin. N\u00eb postimin e tij n\u00eb Facebook, Vasali\u2026","rel":"","context":"In &quot;Blogu i Udh\u00ebtarit&quot;","block_context":{"text":"Blogu i Udh\u00ebtarit","link":"https:\/\/www.shqiperia.com\/blog\/category\/blogu-i-udhetarit\/"},"img":{"alt_text":"","src":"https:\/\/i0.wp.com\/www.shqiperia.com\/blog\/wp-content\/uploads\/2021\/06\/auto_unnamed-11622918703-1-770x433-1.jpg?fit=770%2C433&ssl=1&resize=350%2C200","width":350,"height":200,"srcset":"https:\/\/i0.wp.com\/www.shqiperia.com\/blog\/wp-content\/uploads\/2021\/06\/auto_unnamed-11622918703-1-770x433-1.jpg?fit=770%2C433&ssl=1&resize=350%2C200 1x, https:\/\/i0.wp.com\/www.shqiperia.com\/blog\/wp-content\/uploads\/2021\/06\/auto_unnamed-11622918703-1-770x433-1.jpg?fit=770%2C433&ssl=1&resize=525%2C300 1.5x, https:\/\/i0.wp.com\/www.shqiperia.com\/blog\/wp-content\/uploads\/2021\/06\/auto_unnamed-11622918703-1-770x433-1.jpg?fit=770%2C433&ssl=1&resize=700%2C400 2x"},"classes":[]},{"id":82342,"url":"https:\/\/www.shqiperia.com\/blog\/parada-e-krenarise-ministrja-e-norvegjise-u-nxjerr-gjoksin-te-pranishmeve-pas-marrjes-se-cmimit\/","url_meta":{"origin":26318,"position":4},"title":"Parada e Krenaris\u00eb. &#8211;  Ministrja e Norvegjis\u00eb u nxjerr gjoksin t\u00eb pranishm\u00ebve pas marrjes s\u00eb \u00e7mimit","author":"Kurt Farka","date":"June 30, 2024","format":false,"excerpt":"30 Qershor 2024 N\u00eb Norvegji, Oslo Pride u zhvillua dit\u00ebt e fundit me shum\u00eb ngjarje n\u00eb qend\u00ebr t\u00eb kryeqytetit. Aktiviteti vendosi t\u00eb shp\u00ebrblej\u00eb ministren e Kultur\u00ebs dhe Barazis\u00eb, Lubna Jaffery. Ministrja e re q\u00eb mori detyr\u00ebn nj\u00eb vit m\u00eb par\u00eb, mori \u00e7mimin \u201cGay Mom 2024\u201d. \"Mama\" \u00ebsht\u00eb nj\u00eb em\u00ebrtim q\u00eb\u2026","rel":"","context":"In &quot;Blogu i Udh\u00ebtarit&quot;","block_context":{"text":"Blogu i Udh\u00ebtarit","link":"https:\/\/www.shqiperia.com\/blog\/category\/blogu-i-udhetarit\/"},"img":{"alt_text":"","src":"https:\/\/i0.wp.com\/www.shqiperia.com\/blog\/wp-content\/uploads\/2024\/06\/640-0-f7fe92d0f58241542678412d6ba40369.jpg?fit=640%2C336&ssl=1&resize=350%2C200","width":350,"height":200,"srcset":"https:\/\/i0.wp.com\/www.shqiperia.com\/blog\/wp-content\/uploads\/2024\/06\/640-0-f7fe92d0f58241542678412d6ba40369.jpg?fit=640%2C336&ssl=1&resize=350%2C200 1x, https:\/\/i0.wp.com\/www.shqiperia.com\/blog\/wp-content\/uploads\/2024\/06\/640-0-f7fe92d0f58241542678412d6ba40369.jpg?fit=640%2C336&ssl=1&resize=525%2C300 1.5x"},"classes":[]},{"id":93423,"url":"https:\/\/www.shqiperia.com\/blog\/nuk-do-ta-besoni-dot-ku-ndodhet-biblioteka-me-e-paarritshme-ne-bote\/","url_meta":{"origin":26318,"position":5},"title":"Nuk do ta besoni dot ku ndodhet biblioteka m\u00eb e paarritshme n\u00eb bot\u00eb&#8230;","author":"Kurt Farka","date":"August 31, 2025","format":false,"excerpt":"31 Gusht 2025 Biblioteka Mianhua, e ndodhur pran\u00eb fshatit Mianhua, n\u00eb Provinc\u00ebn Guanxi t\u00eb Kin\u00ebs, \u00ebsht\u00eb nj\u00eb bibliotek\u00eb unike e vendosur n\u00eb nj\u00eb shpell\u00eb t\u00eb madhe, n\u00eb faqen e nj\u00eb shk\u00ebmbi. Q\u00eb kur u hap n\u00eb maj t\u00eb k\u00ebtij viti, Biblioteka Mianhua \u00ebsht\u00eb b\u00ebr\u00eb virale n\u00eb mediat sociale kineze. Bibliotekat\u00a0zakonisht\u2026","rel":"","context":"In &quot;Blogu i Udh\u00ebtarit&quot;","block_context":{"text":"Blogu i Udh\u00ebtarit","link":"https:\/\/www.shqiperia.com\/blog\/category\/blogu-i-udhetarit\/"},"img":{"alt_text":"","src":"https:\/\/i0.wp.com\/www.shqiperia.com\/blog\/wp-content\/uploads\/2025\/08\/640-0-834af037cfd36125f3c6df34cfa62175.jpg?fit=640%2C360&ssl=1&resize=350%2C200","width":350,"height":200,"srcset":"https:\/\/i0.wp.com\/www.shqiperia.com\/blog\/wp-content\/uploads\/2025\/08\/640-0-834af037cfd36125f3c6df34cfa62175.jpg?fit=640%2C360&ssl=1&resize=350%2C200 1x, https:\/\/i0.wp.com\/www.shqiperia.com\/blog\/wp-content\/uploads\/2025\/08\/640-0-834af037cfd36125f3c6df34cfa62175.jpg?fit=640%2C360&ssl=1&resize=525%2C300 1.5x"},"classes":[]}],"_links":{"self":[{"href":"https:\/\/www.shqiperia.com\/blog\/wp-json\/wp\/v2\/posts\/26318","targetHints":{"allow":["GET"]}}],"collection":[{"href":"https:\/\/www.shqiperia.com\/blog\/wp-json\/wp\/v2\/posts"}],"about":[{"href":"https:\/\/www.shqiperia.com\/blog\/wp-json\/wp\/v2\/types\/post"}],"author":[{"embeddable":true,"href":"https:\/\/www.shqiperia.com\/blog\/wp-json\/wp\/v2\/users\/9"}],"replies":[{"embeddable":true,"href":"https:\/\/www.shqiperia.com\/blog\/wp-json\/wp\/v2\/comments?post=26318"}],"version-history":[{"count":1,"href":"https:\/\/www.shqiperia.com\/blog\/wp-json\/wp\/v2\/posts\/26318\/revisions"}],"predecessor-version":[{"id":26320,"href":"https:\/\/www.shqiperia.com\/blog\/wp-json\/wp\/v2\/posts\/26318\/revisions\/26320"}],"wp:featuredmedia":[{"embeddable":true,"href":"https:\/\/www.shqiperia.com\/blog\/wp-json\/wp\/v2\/media\/26319"}],"wp:attachment":[{"href":"https:\/\/www.shqiperia.com\/blog\/wp-json\/wp\/v2\/media?parent=26318"}],"wp:term":[{"taxonomy":"category","embeddable":true,"href":"https:\/\/www.shqiperia.com\/blog\/wp-json\/wp\/v2\/categories?post=26318"},{"taxonomy":"post_tag","embeddable":true,"href":"https:\/\/www.shqiperia.com\/blog\/wp-json\/wp\/v2\/tags?post=26318"}],"curies":[{"name":"wp","href":"https:\/\/api.w.org\/{rel}","templated":true}]}}