{"id":26313,"date":"2019-09-26T18:40:05","date_gmt":"2019-09-26T18:40:05","guid":{"rendered":"https:\/\/www.shqiperia.com\/blog\/?p=26313"},"modified":"2019-09-26T18:41:11","modified_gmt":"2019-09-26T18:41:11","slug":"artisti-pukjan-me-nje-nisme-te-vecante-nga-lezha-ne-puke-ne-kembe-per-nje-qellim","status":"publish","type":"post","link":"https:\/\/www.shqiperia.com\/blog\/artisti-pukjan-me-nje-nisme-te-vecante-nga-lezha-ne-puke-ne-kembe-per-nje-qellim\/","title":{"rendered":"Artisti pukjan me nj\u00eb nism\u00eb t\u00eb ve\u00e7ant\u00eb, nga Lezha n\u00eb Puk\u00eb n\u00eb k\u00ebmb\u00eb p\u00ebr nj\u00eb q\u00ebllim. &#8211;"},"content":{"rendered":"<p><strong><img data-recalc-dims=\"1\" loading=\"lazy\" decoding=\"async\" data-attachment-id=\"26314\" data-permalink=\"https:\/\/www.shqiperia.com\/blog\/artisti-pukjan-me-nje-nisme-te-vecante-nga-lezha-ne-puke-ne-kembe-per-nje-qellim\/gjovalin-dushaj\/\" data-orig-file=\"https:\/\/i0.wp.com\/www.shqiperia.com\/blog\/wp-content\/uploads\/2019\/09\/Gjovalin-Dushaj.jpg?fit=557%2C388&amp;ssl=1\" data-orig-size=\"557,388\" data-comments-opened=\"1\" data-image-meta=\"{&quot;aperture&quot;:&quot;0&quot;,&quot;credit&quot;:&quot;&quot;,&quot;camera&quot;:&quot;&quot;,&quot;caption&quot;:&quot;&quot;,&quot;created_timestamp&quot;:&quot;0&quot;,&quot;copyright&quot;:&quot;&quot;,&quot;focal_length&quot;:&quot;0&quot;,&quot;iso&quot;:&quot;0&quot;,&quot;shutter_speed&quot;:&quot;0&quot;,&quot;title&quot;:&quot;&quot;,&quot;orientation&quot;:&quot;0&quot;}\" data-image-title=\"Gjovalin Dushaj\" data-image-description=\"\" data-image-caption=\"\" data-medium-file=\"https:\/\/i0.wp.com\/www.shqiperia.com\/blog\/wp-content\/uploads\/2019\/09\/Gjovalin-Dushaj.jpg?fit=300%2C209&amp;ssl=1\" data-large-file=\"https:\/\/i0.wp.com\/www.shqiperia.com\/blog\/wp-content\/uploads\/2019\/09\/Gjovalin-Dushaj.jpg?fit=557%2C388&amp;ssl=1\" class=\"alignnone wp-image-26314\" alt=\"\" src=\"https:\/\/i0.wp.com\/www.shqiperia.com\/blog\/wp-content\/uploads\/2019\/09\/Gjovalin-Dushaj.jpg?resize=415%2C289&#038;ssl=1\" width=\"415\" height=\"289\" srcset=\"https:\/\/i0.wp.com\/www.shqiperia.com\/blog\/wp-content\/uploads\/2019\/09\/Gjovalin-Dushaj.jpg?resize=300%2C209&amp;ssl=1 300w, https:\/\/i0.wp.com\/www.shqiperia.com\/blog\/wp-content\/uploads\/2019\/09\/Gjovalin-Dushaj.jpg?resize=450%2C313&amp;ssl=1 450w, https:\/\/i0.wp.com\/www.shqiperia.com\/blog\/wp-content\/uploads\/2019\/09\/Gjovalin-Dushaj.jpg?resize=400%2C279&amp;ssl=1 400w, https:\/\/i0.wp.com\/www.shqiperia.com\/blog\/wp-content\/uploads\/2019\/09\/Gjovalin-Dushaj.jpg?w=557&amp;ssl=1 557w\" sizes=\"auto, (max-width: 415px) 100vw, 415px\" \/><\/strong><\/p>\n<p><strong>Artisti pukjan me nj\u00eb nism\u00eb t\u00eb ve\u00e7ant\u00eb, nga Lezha n\u00eb Puk\u00eb n\u00eb k\u00ebmb\u00eb p\u00ebr nj\u00eb q\u00ebllim<\/strong><\/p>\n<p><strong>Nga: Armir Mehaj.\u00a0\u00a0<\/strong><\/p>\n<p>08 Shtator, 2019<\/p>\n<p>Edhe pse 62 vje\u00e7, asgj\u00eb nuk e ka penguar artistin Gjovalin Dushaj q\u00eb krejt i vet\u00ebm t\u00eb nd\u00ebrmarr nj\u00eb nism\u00eb sensibilizuese me q\u00ebllim ndihm\u00ebn ndaj personave me aft\u00ebsi ndryshe.<\/p>\n<p>Pas nj\u00eb periudhe intensive st\u00ebrvitore p\u00ebr t\u00eb p\u00ebrballuar sfid\u00ebn q\u00eb i ka vendosur vetes, ai ka nd\u00ebrmarr\u00eb udh\u00ebtimin n\u00eb k\u00ebmb\u00eb nga Lezha ku jeton prej vitesh drejt vendlindjes se tij n\u00eb Puk\u00eb, duke p\u00ebrshkruar rreth 70 kilomet\u00ebr rrug\u00eb.<\/p>\n<p>Pas mb\u00ebrritjes, ai i ka dor\u00ebzuar t\u00eb gjith\u00eb t\u00eb ardhurat e mbledhura nga nisma e tij kryetarit t\u00eb Shoqat\u00ebs s\u00eb para dhe tetra-plegjik\u00ebve pukjane, Mark Bardhoshi.<\/p>\n<p>Gjovalin Dushaj, \u00ebsht\u00eb artist me p\u00ebrmasat komb\u00ebtare dhe ka nj\u00eb kontribut t\u00eb vyer n\u00eb tekste k\u00ebng\u00ebsh, regji, komedi. Autor i disa librave, skenograf i shum\u00eb eventeve. Edhe pse i larguar nga vendlindja ai nuk e ka nd\u00ebrprer\u00eb kontributin p\u00ebr Puk\u00ebn p\u00ebr asnj\u00eb \u00e7ast teksa gjithnj\u00eb thot\u00eb se jeton n\u00eb Lezhe por kok\u00ebn e mban ende andej nga ka ardhur.<\/p>\n<div id=\"attachment_26315\" style=\"width: 414px\" class=\"wp-caption alignnone\"><img data-recalc-dims=\"1\" loading=\"lazy\" decoding=\"async\" aria-describedby=\"caption-attachment-26315\" data-attachment-id=\"26315\" data-permalink=\"https:\/\/www.shqiperia.com\/blog\/artisti-pukjan-me-nje-nisme-te-vecante-nga-lezha-ne-puke-ne-kembe-per-nje-qellim\/gjovalin-dushaj-2\/\" data-orig-file=\"https:\/\/i0.wp.com\/www.shqiperia.com\/blog\/wp-content\/uploads\/2019\/09\/Gjovalin-Dushaj-2.jpg?fit=557%2C694&amp;ssl=1\" data-orig-size=\"557,694\" data-comments-opened=\"1\" data-image-meta=\"{&quot;aperture&quot;:&quot;0&quot;,&quot;credit&quot;:&quot;&quot;,&quot;camera&quot;:&quot;&quot;,&quot;caption&quot;:&quot;&quot;,&quot;created_timestamp&quot;:&quot;0&quot;,&quot;copyright&quot;:&quot;&quot;,&quot;focal_length&quot;:&quot;0&quot;,&quot;iso&quot;:&quot;0&quot;,&quot;shutter_speed&quot;:&quot;0&quot;,&quot;title&quot;:&quot;&quot;,&quot;orientation&quot;:&quot;0&quot;}\" data-image-title=\"Gjovalin Dushaj\" data-image-description=\"\" data-image-caption=\"&lt;p&gt;Gjovalin Dushaj&lt;\/p&gt;\n\" data-medium-file=\"https:\/\/i0.wp.com\/www.shqiperia.com\/blog\/wp-content\/uploads\/2019\/09\/Gjovalin-Dushaj-2.jpg?fit=241%2C300&amp;ssl=1\" data-large-file=\"https:\/\/i0.wp.com\/www.shqiperia.com\/blog\/wp-content\/uploads\/2019\/09\/Gjovalin-Dushaj-2.jpg?fit=557%2C694&amp;ssl=1\" class=\" wp-image-26315\" alt=\"\" src=\"https:\/\/i0.wp.com\/www.shqiperia.com\/blog\/wp-content\/uploads\/2019\/09\/Gjovalin-Dushaj-2.jpg?resize=404%2C503&#038;ssl=1\" width=\"404\" height=\"503\" srcset=\"https:\/\/i0.wp.com\/www.shqiperia.com\/blog\/wp-content\/uploads\/2019\/09\/Gjovalin-Dushaj-2.jpg?resize=241%2C300&amp;ssl=1 241w, https:\/\/i0.wp.com\/www.shqiperia.com\/blog\/wp-content\/uploads\/2019\/09\/Gjovalin-Dushaj-2.jpg?resize=450%2C561&amp;ssl=1 450w, https:\/\/i0.wp.com\/www.shqiperia.com\/blog\/wp-content\/uploads\/2019\/09\/Gjovalin-Dushaj-2.jpg?resize=400%2C498&amp;ssl=1 400w, https:\/\/i0.wp.com\/www.shqiperia.com\/blog\/wp-content\/uploads\/2019\/09\/Gjovalin-Dushaj-2.jpg?w=557&amp;ssl=1 557w\" sizes=\"auto, (max-width: 404px) 100vw, 404px\" \/><p id=\"caption-attachment-26315\" class=\"wp-caption-text\">Gjovalin Dushaj<\/p><\/div>\n<p><strong>(BalkanWeb)<\/strong><\/p>\n","protected":false},"excerpt":{"rendered":"<p>Artisti pukjan me nj\u00eb nism\u00eb t\u00eb ve\u00e7ant\u00eb, nga Lezha n\u00eb Puk\u00eb n\u00eb k\u00ebmb\u00eb p\u00ebr nj\u00eb q\u00ebllim Nga: Armir Mehaj.\u00a0\u00a0 08 Shtator, 2019 Edhe pse 62 vje\u00e7, asgj\u00eb nuk e ka penguar artistin Gjovalin Dushaj q\u00eb krejt i vet\u00ebm t\u00eb nd\u00ebrmarr nj\u00eb nism\u00eb sensibilizuese me q\u00ebllim ndihm\u00ebn ndaj personave me aft\u00ebsi ndryshe. Pas nj\u00eb periudhe intensive [&hellip;]<\/p>\n","protected":false},"author":9,"featured_media":26314,"comment_status":"open","ping_status":"open","sticky":false,"template":"","format":"standard","meta":{"jetpack_post_was_ever_published":false,"_jetpack_newsletter_access":"","_jetpack_dont_email_post_to_subs":false,"_jetpack_newsletter_tier_id":0,"_jetpack_memberships_contains_paywalled_content":false,"_jetpack_memberships_contains_paid_content":false,"footnotes":"","jetpack_publicize_message":"","jetpack_publicize_feature_enabled":true,"jetpack_social_post_already_shared":true,"jetpack_social_options":{"image_generator_settings":{"template":"highway","default_image_id":0,"font":"","enabled":false},"version":2}},"categories":[27,1],"tags":[],"class_list":["post-26313","post","type-post","status-publish","format-standard","has-post-thumbnail","hentry","category-blogu-i-udhetarit","category-njoftime-shtypi"],"jetpack_publicize_connections":[],"jetpack_featured_media_url":"https:\/\/i0.wp.com\/www.shqiperia.com\/blog\/wp-content\/uploads\/2019\/09\/Gjovalin-Dushaj.jpg?fit=557%2C388&ssl=1","jetpack_sharing_enabled":true,"jetpack_shortlink":"https:\/\/wp.me\/p5Z6wp-6Qp","jetpack-related-posts":[{"id":32775,"url":"https:\/\/www.shqiperia.com\/blog\/tonin-haxhia\/","url_meta":{"origin":26313,"position":0},"title":"Tonin HAXHIA","author":"Kurt Farka","date":"March 26, 2020","format":false,"excerpt":"Tonin Frrok HAXHIA Gjat\u00eb karieres se tij artistike Tonini si poli-instrumentist, perve\u00e7 skenave te Shqiperise, ka\u00a0 debutuar ne skenat e disa qyteteve europiane te Italise, Frances, Zvicres, Maqedonise, Luksemburgut etj, duke u njohur nga afer, drejtpersedrejti me kultura muzikore nga m\u00eb t\u00eb ndryshmet. Ka lindur me 07.04.1964 ne Gjegjan te\u2026","rel":"","context":"In &quot;Arte&quot;","block_context":{"text":"Arte","link":"https:\/\/www.shqiperia.com\/blog\/category\/arte\/"},"img":{"alt_text":"","src":"https:\/\/i0.wp.com\/www.shqiperia.com\/blog\/wp-content\/uploads\/2020\/03\/Frrok-dhe-Tonin-Haxhia.jpg?fit=495%2C315&ssl=1&resize=350%2C200","width":350,"height":200},"classes":[]},{"id":39754,"url":"https:\/\/www.shqiperia.com\/blog\/perse-rama-u-cua-ne-kembe-dhe-po-kercente-nga-belaja-ne-opinion\/","url_meta":{"origin":26313,"position":1},"title":"P\u00ebrse Rama u \u00e7ua n\u00eb k\u00ebmb\u00eb dhe po k\u00ebrcente nga belaja n\u00eb \u201cOpinion\u201d","author":"Kurt Farka","date":"October 17, 2020","format":false,"excerpt":"P\u00ebrse Rama u \u00e7ua n\u00eb k\u00ebmb\u00eb dhe po k\u00ebrcente nga belaja n\u00eb \u201cOpinion\u201d 16 Tetor, 2020 Nga Andi Bushati Vet\u00ebm nj\u00eb hall i madh mund ta detyronte kryeministrin e vendit t\u00eb linte kolltukun n\u00eb studion e Opinion dhe t\u00eb ngrihej n\u00eb k\u00ebmb\u00eb si showmen. Ose nj\u00eb hall i madh..ose nj\u00eb\u2026","rel":"","context":"In &quot;Blogu i Udh\u00ebtarit&quot;","block_context":{"text":"Blogu i Udh\u00ebtarit","link":"https:\/\/www.shqiperia.com\/blog\/category\/blogu-i-udhetarit\/"},"img":{"alt_text":"","src":"https:\/\/i0.wp.com\/www.shqiperia.com\/blog\/wp-content\/uploads\/2020\/10\/121619812_975831776253355_3104023421459478094_n.jpg?fit=640%2C332&ssl=1&resize=350%2C200","width":350,"height":200,"srcset":"https:\/\/i0.wp.com\/www.shqiperia.com\/blog\/wp-content\/uploads\/2020\/10\/121619812_975831776253355_3104023421459478094_n.jpg?fit=640%2C332&ssl=1&resize=350%2C200 1x, https:\/\/i0.wp.com\/www.shqiperia.com\/blog\/wp-content\/uploads\/2020\/10\/121619812_975831776253355_3104023421459478094_n.jpg?fit=640%2C332&ssl=1&resize=525%2C300 1.5x"},"classes":[]},{"id":14764,"url":"https:\/\/www.shqiperia.com\/blog\/po-ndodh-tani-shiu-nuk-i-ndal-studentet-e-rretheve-ne-kembe-drejt-tiranes-pasdite-ka-protesta-te-banorve-ne-disa-qytete\/","url_meta":{"origin":26313,"position":2},"title":"Po ndodh tani. &#8211; Shiu nuk i ndal, student\u00ebt e rretheve n\u00eb k\u00ebmb\u00eb drejt Tiran\u00ebs. Pasdite ka Protesta te banorve  ne disa qytete.","author":"Kurt Farka","date":"December 14, 2018","format":false,"excerpt":"Po ndodh tani. - Shiu nuk i ndal, student\u00ebt e rretheve n\u00eb k\u00ebmb\u00eb drejt Tiran\u00ebs. Pasdite ka Protesta te banorve\u00a0 ne disa qytete. 14 Dhjetor, 2018 P\u00ebr gati 10 dit\u00eb me radh\u00eb student\u00ebt e rretheve iu jan\u00eb bashkuar protest\u00ebs s\u00eb moshatar\u00ebve t\u00eb tyre n\u00eb universitetet publike n\u00eb Tiran\u00eb. \u2018BalkanWeb\u2019 m\u00ebson\u2026","rel":"","context":"In &quot;Blogu i Udh\u00ebtarit&quot;","block_context":{"text":"Blogu i Udh\u00ebtarit","link":"https:\/\/www.shqiperia.com\/blog\/category\/blogu-i-udhetarit\/"},"img":{"alt_text":"","src":"https:\/\/i0.wp.com\/www.shqiperia.com\/blog\/wp-content\/uploads\/2018\/12\/milot-leshe-protesta-600x450.jpg?fit=471%2C238&ssl=1&resize=350%2C200","width":350,"height":200},"classes":[]},{"id":9200,"url":"https:\/\/www.shqiperia.com\/blog\/ambasadorja-vllahutin-ne-puke-me-ftese-te-kryetar-gjonajt\/","url_meta":{"origin":26313,"position":3},"title":"Ambasadorja  Vllahutin  ne Puke me ftese te Kryetar Gjonajt. &#8211;","author":"Kurt Farka","date":"June 28, 2018","format":false,"excerpt":"Ambasadorja\u00a0 Vllahutin\u00a0 ne Puke me ftese te Kryetar Gjonajt. - Vet\u00ebm pak dit\u00eb pas ftes\u00ebs q\u00eb kryebashkiaku Gjonaj I b\u00ebri ambasadores s\u00eb Bashkimit Evropian gjat\u00eb takimit q\u00eb pati n\u00eb Gjegjan, diplomatja evropiane ashtu si\u00e7 premtoi, mb\u00ebrriti sot n\u00eb bashkin\u00eb e Puk\u00ebs, ku u prit nga kryebashkiaku Gjonaj dhe administrata e\u2026","rel":"","context":"In &quot;Blogu i Udh\u00ebtarit&quot;","block_context":{"text":"Blogu i Udh\u00ebtarit","link":"https:\/\/www.shqiperia.com\/blog\/category\/blogu-i-udhetarit\/"},"img":{"alt_text":"","src":"https:\/\/i0.wp.com\/www.shqiperia.com\/blog\/wp-content\/uploads\/2018\/06\/Kryetari-i-Bashkise-Puke-Gjonaj-dhe-Ambasadorja-Vllahutin..jpg?fit=960%2C640&ssl=1&resize=350%2C200","width":350,"height":200,"srcset":"https:\/\/i0.wp.com\/www.shqiperia.com\/blog\/wp-content\/uploads\/2018\/06\/Kryetari-i-Bashkise-Puke-Gjonaj-dhe-Ambasadorja-Vllahutin..jpg?fit=960%2C640&ssl=1&resize=350%2C200 1x, https:\/\/i0.wp.com\/www.shqiperia.com\/blog\/wp-content\/uploads\/2018\/06\/Kryetari-i-Bashkise-Puke-Gjonaj-dhe-Ambasadorja-Vllahutin..jpg?fit=960%2C640&ssl=1&resize=525%2C300 1.5x, https:\/\/i0.wp.com\/www.shqiperia.com\/blog\/wp-content\/uploads\/2018\/06\/Kryetari-i-Bashkise-Puke-Gjonaj-dhe-Ambasadorja-Vllahutin..jpg?fit=960%2C640&ssl=1&resize=700%2C400 2x"},"classes":[]},{"id":12383,"url":"https:\/\/www.shqiperia.com\/blog\/dasma-e-lin-delise-nga-italia-ne-shkoder-artisti-genti-tavanxhiu-vepra-ka-vlera-te-vecanta-2\/","url_meta":{"origin":26313,"position":4},"title":"\u201cDasma\u201d e Lin Delis\u00eb nga Italia n\u00eb Shkod\u00ebr, artisti Genti Tavanxhiu: Vepra ka vlera t\u00eb ve\u00e7anta. &#8211;","author":"Kurt Farka","date":"October 7, 2018","format":false,"excerpt":"\u201cDasma\u201d e Lin Delis\u00eb nga Italia n\u00eb Shkod\u00ebr, artisti Genti Tavanxhiu: Vepra ka vlera t\u00eb ve\u00e7anta. - \u201cDasma\u201d vep\u00ebr e autorit Lin Delija pritet t\u00eb ekspozohet p\u00ebr her\u00eb t\u00eb par\u00eb n\u00eb qytetin e Shkodr\u00ebs. Artisti dhe kuratori Genti Tavanxhiu pohon se p\u00ebr t\u00eb sjell vepr\u00ebn e artistit Lin Delija kishte\u2026","rel":"","context":"In &quot;Arte&quot;","block_context":{"text":"Arte","link":"https:\/\/www.shqiperia.com\/blog\/category\/arte\/"},"img":{"alt_text":"","src":"https:\/\/i0.wp.com\/www.shqiperia.com\/blog\/wp-content\/uploads\/2018\/10\/Lin-Delija-3-Copy.jpg?fit=431%2C221&ssl=1&resize=350%2C200","width":350,"height":200},"classes":[]},{"id":47057,"url":"https:\/\/www.shqiperia.com\/blog\/mjeshtri-pukian-i-instrumenteve-frymore-gjovalin-ndreca-ne-lezhe-u-bie-7-veglave-e-nisi-karrieren-12-vjec-kam-marre-57-dekorata\/","url_meta":{"origin":26313,"position":5},"title":"Mjeshtri pukian i instrumenteve frymore Gjovalin Ndreca ne Lezhe u bie 7 veglave, e nisi karrier\u00ebn 12 vje\u00e7: Kam marr\u00eb 57 dekorata","author":"Kurt Farka","date":"April 29, 2021","format":false,"excerpt":"Mjeshtri pukian i instrumenteve frymore Gjovalin Ndreca ne Lezhe u bie 7 veglave, e nisi karrier\u00ebn 12 vje\u00e7: Kam marr\u00eb 57 dekorata Gjovalin Ndreca \u00ebsht\u00eb nga ato personazhet e rrall\u00eb n\u00eb vendin ton\u00eb, i cili nisi karrier\u00ebn artistike 12 vje\u00e7\u00a0dhe ka marr\u00eb 57 \u00e7mime. 62 vjecari me origjin\u00eb nga Puka,\u2026","rel":"","context":"In &quot;Arte&quot;","block_context":{"text":"Arte","link":"https:\/\/www.shqiperia.com\/blog\/category\/arte\/"},"img":{"alt_text":"","src":"https:\/\/i0.wp.com\/www.shqiperia.com\/blog\/wp-content\/uploads\/2021\/04\/x1080.jpg?fit=1200%2C675&ssl=1&resize=350%2C200","width":350,"height":200,"srcset":"https:\/\/i0.wp.com\/www.shqiperia.com\/blog\/wp-content\/uploads\/2021\/04\/x1080.jpg?fit=1200%2C675&ssl=1&resize=350%2C200 1x, https:\/\/i0.wp.com\/www.shqiperia.com\/blog\/wp-content\/uploads\/2021\/04\/x1080.jpg?fit=1200%2C675&ssl=1&resize=525%2C300 1.5x, https:\/\/i0.wp.com\/www.shqiperia.com\/blog\/wp-content\/uploads\/2021\/04\/x1080.jpg?fit=1200%2C675&ssl=1&resize=700%2C400 2x, https:\/\/i0.wp.com\/www.shqiperia.com\/blog\/wp-content\/uploads\/2021\/04\/x1080.jpg?fit=1200%2C675&ssl=1&resize=1050%2C600 3x"},"classes":[]}],"_links":{"self":[{"href":"https:\/\/www.shqiperia.com\/blog\/wp-json\/wp\/v2\/posts\/26313","targetHints":{"allow":["GET"]}}],"collection":[{"href":"https:\/\/www.shqiperia.com\/blog\/wp-json\/wp\/v2\/posts"}],"about":[{"href":"https:\/\/www.shqiperia.com\/blog\/wp-json\/wp\/v2\/types\/post"}],"author":[{"embeddable":true,"href":"https:\/\/www.shqiperia.com\/blog\/wp-json\/wp\/v2\/users\/9"}],"replies":[{"embeddable":true,"href":"https:\/\/www.shqiperia.com\/blog\/wp-json\/wp\/v2\/comments?post=26313"}],"version-history":[{"count":2,"href":"https:\/\/www.shqiperia.com\/blog\/wp-json\/wp\/v2\/posts\/26313\/revisions"}],"predecessor-version":[{"id":26317,"href":"https:\/\/www.shqiperia.com\/blog\/wp-json\/wp\/v2\/posts\/26313\/revisions\/26317"}],"wp:featuredmedia":[{"embeddable":true,"href":"https:\/\/www.shqiperia.com\/blog\/wp-json\/wp\/v2\/media\/26314"}],"wp:attachment":[{"href":"https:\/\/www.shqiperia.com\/blog\/wp-json\/wp\/v2\/media?parent=26313"}],"wp:term":[{"taxonomy":"category","embeddable":true,"href":"https:\/\/www.shqiperia.com\/blog\/wp-json\/wp\/v2\/categories?post=26313"},{"taxonomy":"post_tag","embeddable":true,"href":"https:\/\/www.shqiperia.com\/blog\/wp-json\/wp\/v2\/tags?post=26313"}],"curies":[{"name":"wp","href":"https:\/\/api.w.org\/{rel}","templated":true}]}}