{"id":26145,"date":"2019-09-21T20:22:41","date_gmt":"2019-09-21T20:22:41","guid":{"rendered":"https:\/\/www.shqiperia.com\/blog\/?p=26145"},"modified":"2019-09-21T20:22:41","modified_gmt":"2019-09-21T20:22:41","slug":"sheshi-i-teatrit-kombetar-eshte-sot-sheshi-me-i-sigurte-ne-tirane","status":"publish","type":"post","link":"https:\/\/www.shqiperia.com\/blog\/sheshi-i-teatrit-kombetar-eshte-sot-sheshi-me-i-sigurte-ne-tirane\/","title":{"rendered":"Sheshi i Teatrit Komb\u00ebtar \u00ebsht\u00eb sot sheshi m\u00eb i sigurt\u00eb n\u00eb Tiran\u00eb."},"content":{"rendered":"<p><img data-recalc-dims=\"1\" loading=\"lazy\" decoding=\"async\" data-attachment-id=\"26146\" data-permalink=\"https:\/\/www.shqiperia.com\/blog\/sheshi-i-teatrit-kombetar-eshte-sot-sheshi-me-i-sigurte-ne-tirane\/sheshi-i-teatrit-kombetar-eshte-sot-sheshi-me-i-sigurte-ne-tirane\/\" data-orig-file=\"https:\/\/i0.wp.com\/www.shqiperia.com\/blog\/wp-content\/uploads\/2019\/09\/Sheshi-i-Teatrit-Komb%C3%ABtar-%C3%ABsht%C3%AB-sot-sheshi-m%C3%AB-i-sigurt%C3%AB-n%C3%AB-Tiran%C3%AB..jpg?fit=960%2C513&amp;ssl=1\" data-orig-size=\"960,513\" data-comments-opened=\"1\" data-image-meta=\"{&quot;aperture&quot;:&quot;0&quot;,&quot;credit&quot;:&quot;&quot;,&quot;camera&quot;:&quot;&quot;,&quot;caption&quot;:&quot;&quot;,&quot;created_timestamp&quot;:&quot;0&quot;,&quot;copyright&quot;:&quot;&quot;,&quot;focal_length&quot;:&quot;0&quot;,&quot;iso&quot;:&quot;0&quot;,&quot;shutter_speed&quot;:&quot;0&quot;,&quot;title&quot;:&quot;&quot;,&quot;orientation&quot;:&quot;0&quot;}\" data-image-title=\"Sheshi i Teatrit Komb\u00ebtar \u00ebsht\u00eb sot sheshi m\u00eb i sigurt\u00eb n\u00eb Tiran\u00eb.\" data-image-description=\"\" data-image-caption=\"\" data-medium-file=\"https:\/\/i0.wp.com\/www.shqiperia.com\/blog\/wp-content\/uploads\/2019\/09\/Sheshi-i-Teatrit-Komb%C3%ABtar-%C3%ABsht%C3%AB-sot-sheshi-m%C3%AB-i-sigurt%C3%AB-n%C3%AB-Tiran%C3%AB..jpg?fit=300%2C160&amp;ssl=1\" data-large-file=\"https:\/\/i0.wp.com\/www.shqiperia.com\/blog\/wp-content\/uploads\/2019\/09\/Sheshi-i-Teatrit-Komb%C3%ABtar-%C3%ABsht%C3%AB-sot-sheshi-m%C3%AB-i-sigurt%C3%AB-n%C3%AB-Tiran%C3%AB..jpg?fit=960%2C513&amp;ssl=1\" class=\"alignnone  wp-image-26146\" alt=\"\" src=\"https:\/\/i0.wp.com\/www.shqiperia.com\/blog\/wp-content\/uploads\/2019\/09\/Sheshi-i-Teatrit-Komb%C3%ABtar-%C3%ABsht%C3%AB-sot-sheshi-m%C3%AB-i-sigurt%C3%AB-n%C3%AB-Tiran%C3%AB..jpg?resize=474%2C253&#038;ssl=1\" width=\"474\" height=\"253\" srcset=\"https:\/\/i0.wp.com\/www.shqiperia.com\/blog\/wp-content\/uploads\/2019\/09\/Sheshi-i-Teatrit-Komb%C3%ABtar-%C3%ABsht%C3%AB-sot-sheshi-m%C3%AB-i-sigurt%C3%AB-n%C3%AB-Tiran%C3%AB..jpg?resize=300%2C160&amp;ssl=1 300w, https:\/\/i0.wp.com\/www.shqiperia.com\/blog\/wp-content\/uploads\/2019\/09\/Sheshi-i-Teatrit-Komb%C3%ABtar-%C3%ABsht%C3%AB-sot-sheshi-m%C3%AB-i-sigurt%C3%AB-n%C3%AB-Tiran%C3%AB..jpg?resize=768%2C410&amp;ssl=1 768w, https:\/\/i0.wp.com\/www.shqiperia.com\/blog\/wp-content\/uploads\/2019\/09\/Sheshi-i-Teatrit-Komb%C3%ABtar-%C3%ABsht%C3%AB-sot-sheshi-m%C3%AB-i-sigurt%C3%AB-n%C3%AB-Tiran%C3%AB..jpg?resize=450%2C240&amp;ssl=1 450w, https:\/\/i0.wp.com\/www.shqiperia.com\/blog\/wp-content\/uploads\/2019\/09\/Sheshi-i-Teatrit-Komb%C3%ABtar-%C3%ABsht%C3%AB-sot-sheshi-m%C3%AB-i-sigurt%C3%AB-n%C3%AB-Tiran%C3%AB..jpg?resize=600%2C321&amp;ssl=1 600w, https:\/\/i0.wp.com\/www.shqiperia.com\/blog\/wp-content\/uploads\/2019\/09\/Sheshi-i-Teatrit-Komb%C3%ABtar-%C3%ABsht%C3%AB-sot-sheshi-m%C3%AB-i-sigurt%C3%AB-n%C3%AB-Tiran%C3%AB..jpg?resize=400%2C214&amp;ssl=1 400w, https:\/\/i0.wp.com\/www.shqiperia.com\/blog\/wp-content\/uploads\/2019\/09\/Sheshi-i-Teatrit-Komb%C3%ABtar-%C3%ABsht%C3%AB-sot-sheshi-m%C3%AB-i-sigurt%C3%AB-n%C3%AB-Tiran%C3%AB..jpg?w=960&amp;ssl=1 960w\" sizes=\"auto, (max-width: 474px) 100vw, 474px\" \/><\/p>\n<p>Jo vet\u00ebm q\u00eb i rezistoi p\u00ebr mrekulli t\u00ebrmetit pa asnj\u00eb d\u00ebmtim, por sheshi i Teatrit Komb\u00ebtar \u00ebsht\u00eb sot sheshi m\u00eb i sigurt\u00eb n\u00eb Tiran\u00eb.<\/p>\n<div id=\"attachment_26147\" style=\"width: 825px\" class=\"wp-caption alignnone\"><img data-recalc-dims=\"1\" loading=\"lazy\" decoding=\"async\" aria-describedby=\"caption-attachment-26147\" data-attachment-id=\"26147\" data-permalink=\"https:\/\/www.shqiperia.com\/blog\/sheshi-i-teatrit-kombetar-eshte-sot-sheshi-me-i-sigurte-ne-tirane\/sheshi-i-teatrit-kombetar-eshte-sot-sheshi-me-i-sigurte-ne-tirane-2\/\" data-orig-file=\"https:\/\/i0.wp.com\/www.shqiperia.com\/blog\/wp-content\/uploads\/2019\/09\/Sheshi-i-Teatrit-Komb%C3%ABtar-%C3%ABsht%C3%AB-sot-sheshi-m%C3%AB-i-sigurt%C3%AB-n%C3%AB-Tiran%C3%AB.-2.jpg?fit=960%2C720&amp;ssl=1\" data-orig-size=\"960,720\" data-comments-opened=\"1\" data-image-meta=\"{&quot;aperture&quot;:&quot;0&quot;,&quot;credit&quot;:&quot;&quot;,&quot;camera&quot;:&quot;&quot;,&quot;caption&quot;:&quot;&quot;,&quot;created_timestamp&quot;:&quot;0&quot;,&quot;copyright&quot;:&quot;&quot;,&quot;focal_length&quot;:&quot;0&quot;,&quot;iso&quot;:&quot;0&quot;,&quot;shutter_speed&quot;:&quot;0&quot;,&quot;title&quot;:&quot;&quot;,&quot;orientation&quot;:&quot;0&quot;}\" data-image-title=\"Sheshi i Teatrit Komb\u00ebtar \u00ebsht\u00eb sot sheshi m\u00eb i sigurt\u00eb n\u00eb Tiran\u00eb. (2)\" data-image-description=\"\" data-image-caption=\"&lt;p&gt;Sheshi i Teatrit Komb\u00ebtar \u00ebsht\u00eb sot sheshi m\u00eb i sigurt\u00eb n\u00eb Tiran\u00eb.&lt;\/p&gt;\n\" data-medium-file=\"https:\/\/i0.wp.com\/www.shqiperia.com\/blog\/wp-content\/uploads\/2019\/09\/Sheshi-i-Teatrit-Komb%C3%ABtar-%C3%ABsht%C3%AB-sot-sheshi-m%C3%AB-i-sigurt%C3%AB-n%C3%AB-Tiran%C3%AB.-2.jpg?fit=300%2C225&amp;ssl=1\" data-large-file=\"https:\/\/i0.wp.com\/www.shqiperia.com\/blog\/wp-content\/uploads\/2019\/09\/Sheshi-i-Teatrit-Komb%C3%ABtar-%C3%ABsht%C3%AB-sot-sheshi-m%C3%AB-i-sigurt%C3%AB-n%C3%AB-Tiran%C3%AB.-2.jpg?fit=960%2C720&amp;ssl=1\" class=\" wp-image-26147\" alt=\"\" src=\"https:\/\/i0.wp.com\/www.shqiperia.com\/blog\/wp-content\/uploads\/2019\/09\/Sheshi-i-Teatrit-Komb%C3%ABtar-%C3%ABsht%C3%AB-sot-sheshi-m%C3%AB-i-sigurt%C3%AB-n%C3%AB-Tiran%C3%AB.-2.jpg?resize=815%2C611&#038;ssl=1\" width=\"815\" height=\"611\" srcset=\"https:\/\/i0.wp.com\/www.shqiperia.com\/blog\/wp-content\/uploads\/2019\/09\/Sheshi-i-Teatrit-Komb%C3%ABtar-%C3%ABsht%C3%AB-sot-sheshi-m%C3%AB-i-sigurt%C3%AB-n%C3%AB-Tiran%C3%AB.-2.jpg?resize=300%2C225&amp;ssl=1 300w, https:\/\/i0.wp.com\/www.shqiperia.com\/blog\/wp-content\/uploads\/2019\/09\/Sheshi-i-Teatrit-Komb%C3%ABtar-%C3%ABsht%C3%AB-sot-sheshi-m%C3%AB-i-sigurt%C3%AB-n%C3%AB-Tiran%C3%AB.-2.jpg?resize=768%2C576&amp;ssl=1 768w, https:\/\/i0.wp.com\/www.shqiperia.com\/blog\/wp-content\/uploads\/2019\/09\/Sheshi-i-Teatrit-Komb%C3%ABtar-%C3%ABsht%C3%AB-sot-sheshi-m%C3%AB-i-sigurt%C3%AB-n%C3%AB-Tiran%C3%AB.-2.jpg?resize=450%2C338&amp;ssl=1 450w, https:\/\/i0.wp.com\/www.shqiperia.com\/blog\/wp-content\/uploads\/2019\/09\/Sheshi-i-Teatrit-Komb%C3%ABtar-%C3%ABsht%C3%AB-sot-sheshi-m%C3%AB-i-sigurt%C3%AB-n%C3%AB-Tiran%C3%AB.-2.jpg?resize=600%2C450&amp;ssl=1 600w, https:\/\/i0.wp.com\/www.shqiperia.com\/blog\/wp-content\/uploads\/2019\/09\/Sheshi-i-Teatrit-Komb%C3%ABtar-%C3%ABsht%C3%AB-sot-sheshi-m%C3%AB-i-sigurt%C3%AB-n%C3%AB-Tiran%C3%AB.-2.jpg?resize=400%2C300&amp;ssl=1 400w, https:\/\/i0.wp.com\/www.shqiperia.com\/blog\/wp-content\/uploads\/2019\/09\/Sheshi-i-Teatrit-Komb%C3%ABtar-%C3%ABsht%C3%AB-sot-sheshi-m%C3%AB-i-sigurt%C3%AB-n%C3%AB-Tiran%C3%AB.-2.jpg?w=960&amp;ssl=1 960w\" sizes=\"auto, (max-width: 815px) 100vw, 815px\" \/><p id=\"caption-attachment-26147\" class=\"wp-caption-text\">Sheshi i Teatrit Komb\u00ebtar \u00ebsht\u00eb sot sheshi m\u00eb i sigurt\u00eb n\u00eb Tiran\u00eb.<\/p><\/div>\n<p>Nga: <a href=\"https:\/\/www.facebook.com\/hashtag\/mbroteatrin?source=feed_text&amp;epa=HASHTAG&amp;__xts__%5B0%5D=68.ARBt0ZFx84mRwPjjk--8iufxEKzQLFhBScJA4uV1pfrcXDOo9uFOyK5EeVqeZS2au2-OJw6R4mG4fkg7oCukVIG-zSfIXyq1GzExoW2vvgPUUSA4A4NyyeWxR9scz3LqfYt7CS92OMXgZiO3LGNJ_duWr66tegdyMZr63rTSfmG-V9aYEqsKy8if8OXTo32-Y9zrZn-1mwEjj_1NpJszfo39BHj0GcQTZ7gxP7tMAFWPne2_mRYhcfLAt8fM2t-KHg1OcVLfRF2-3OfsgDm6kd0LMOGcJygr77IV2dTa9YBINkEyxb0nI7lHeRR1cXf2r5dijpo74S7MvTX2r7Qfzw5xoXX2NxRZTv1ID7fBgSQdFDx1hk1UJd4FvfIjCmJcvLdlwOKbCdflbWDTSkouEAxnvY-GqXtkrD7i_K9vZEBLtUSQgSALn5RRkhoO6gC0z3WOx8xipc6dXjet9_26YPKDB50Crtm30_CC7vOqFFxIEM4&amp;__tn__=%2ANKH-R\"><span>#<\/span><span>MbroTeatrin<\/span><\/a><\/p>\n","protected":false},"excerpt":{"rendered":"<p>Jo vet\u00ebm q\u00eb i rezistoi p\u00ebr mrekulli t\u00ebrmetit pa asnj\u00eb d\u00ebmtim, por sheshi i Teatrit Komb\u00ebtar \u00ebsht\u00eb sot sheshi m\u00eb i sigurt\u00eb n\u00eb Tiran\u00eb. Nga: #MbroTeatrin<\/p>\n","protected":false},"author":9,"featured_media":26146,"comment_status":"open","ping_status":"open","sticky":false,"template":"","format":"standard","meta":{"jetpack_post_was_ever_published":false,"_jetpack_newsletter_access":"","_jetpack_dont_email_post_to_subs":false,"_jetpack_newsletter_tier_id":0,"_jetpack_memberships_contains_paywalled_content":false,"_jetpack_memberships_contains_paid_content":false,"footnotes":"","jetpack_publicize_message":"","jetpack_publicize_feature_enabled":true,"jetpack_social_post_already_shared":true,"jetpack_social_options":{"image_generator_settings":{"template":"highway","default_image_id":0,"font":"","enabled":false},"version":2}},"categories":[27,2,86],"tags":[],"class_list":["post-26145","post","type-post","status-publish","format-standard","has-post-thumbnail","hentry","category-blogu-i-udhetarit","category-politika","category-trashegimi-kulturore"],"jetpack_publicize_connections":[],"jetpack_featured_media_url":"https:\/\/i0.wp.com\/www.shqiperia.com\/blog\/wp-content\/uploads\/2019\/09\/Sheshi-i-Teatrit-Komb%C3%ABtar-%C3%ABsht%C3%AB-sot-sheshi-m%C3%AB-i-sigurt%C3%AB-n%C3%AB-Tiran%C3%AB..jpg?fit=960%2C513&ssl=1","jetpack_sharing_enabled":true,"jetpack_shortlink":"https:\/\/wp.me\/p5Z6wp-6NH","jetpack-related-posts":[{"id":23451,"url":"https:\/\/www.shqiperia.com\/blog\/ik-shporru-sharlatan-qytetaret-perzene-deputetin-shkoi-me-makine-luksi-dhe-kostum-te-sheshi-i-teatrit-kombetar\/","url_meta":{"origin":26145,"position":0},"title":"\u2018\u2019Ik shporru, sharlatan\u201d, qytetar\u00ebt p\u00ebrz\u00ebn\u00eb deputetin. Shkoi me makin\u00eb luksi dhe kostum te sheshi i Teatrit Komb\u00ebtar. &#8211;","author":"Kurt Farka","date":"July 23, 2019","format":false,"excerpt":"\u2018\u2019Ik shporru, sharlatan\u201d, qytetar\u00ebt p\u00ebrz\u00ebn\u00eb deputetin. Shkoi me makin\u00eb luksi dhe kostum te sheshi i Teatrit Komb\u00ebtar. - Nga\u00a0Gazeta Telegraf 23 Korrik, 2019 \u2018\u2019- Shporru, sharlatan, ik\u2026 \u2018\u2019, k\u00ebto ishin disa nga thirrjet n\u00eb or\u00ebt e para t\u00eb m\u00ebngjesit t\u00eb sot\u00ebm ndaj deputetit Kujtim Gjuzi. Ky i fundit ka shkuar\u2026","rel":"","context":"In &quot;Blogu i Udh\u00ebtarit&quot;","block_context":{"text":"Blogu i Udh\u00ebtarit","link":"https:\/\/www.shqiperia.com\/blog\/category\/blogu-i-udhetarit\/"},"img":{"alt_text":"","src":"https:\/\/i0.wp.com\/www.shqiperia.com\/blog\/wp-content\/uploads\/2019\/07\/k4.jpg?fit=836%2C449&ssl=1&resize=350%2C200","width":350,"height":200,"srcset":"https:\/\/i0.wp.com\/www.shqiperia.com\/blog\/wp-content\/uploads\/2019\/07\/k4.jpg?fit=836%2C449&ssl=1&resize=350%2C200 1x, https:\/\/i0.wp.com\/www.shqiperia.com\/blog\/wp-content\/uploads\/2019\/07\/k4.jpg?fit=836%2C449&ssl=1&resize=525%2C300 1.5x, https:\/\/i0.wp.com\/www.shqiperia.com\/blog\/wp-content\/uploads\/2019\/07\/k4.jpg?fit=836%2C449&ssl=1&resize=700%2C400 2x"},"classes":[]},{"id":79925,"url":"https:\/\/www.shqiperia.com\/blog\/sheshi-eshte-me-burra-e-gra-me-kurajo-ilir-alimehmeti-kane-mbyllur-deren-e-bashkise-se-tiranes-keshtu-ndihen-te-sigurte-por\/","url_meta":{"origin":26145,"position":1},"title":"\u201cSheshi \u00ebsht\u00eb me burra e gra me kurajo\u201d- Ilir Alimehmeti: Kan\u00eb mbyllur der\u00ebn e Bashkis\u00eb s\u00eb Tiran\u00ebs, k\u00ebshtu ndihen t\u00eb sigurt\u00eb, por\u2026","author":"Kurt Farka","date":"April 5, 2024","format":false,"excerpt":"5 Prill 2024 K\u00ebshilltari i Partis\u00eb Demokratike n\u00eb Bashkin\u00eb e Tiran\u00ebs, Ilir Alimehmeti\u00a0 gjat\u00eb fjal\u00ebs s\u00eb tij \u00a0n\u00eb protest\u00ebn q\u00eb po zhvillohet para bashkis\u00eb, nd\u00ebr t\u00eb tjera \u00ebsht\u00eb shprehur\u00a0 se sheshi \u00ebsht\u00eb me burra dhe gra me kurajo p\u00ebr t\u00eb th\u00ebn\u00eb t\u00eb v\u00ebrtet\u00ebn. Alimehmeti shton se dera e Bashkis\u00eb \u00ebsht\u00eb\u2026","rel":"","context":"In &quot;Blogu i Udh\u00ebtarit&quot;","block_context":{"text":"Blogu i Udh\u00ebtarit","link":"https:\/\/www.shqiperia.com\/blog\/category\/blogu-i-udhetarit\/"},"img":{"alt_text":"","src":"https:\/\/i0.wp.com\/www.shqiperia.com\/blog\/wp-content\/uploads\/2024\/04\/600-388-screenshot-1-1712313199.jpg?fit=600%2C387&ssl=1&resize=350%2C200","width":350,"height":200,"srcset":"https:\/\/i0.wp.com\/www.shqiperia.com\/blog\/wp-content\/uploads\/2024\/04\/600-388-screenshot-1-1712313199.jpg?fit=600%2C387&ssl=1&resize=350%2C200 1x, https:\/\/i0.wp.com\/www.shqiperia.com\/blog\/wp-content\/uploads\/2024\/04\/600-388-screenshot-1-1712313199.jpg?fit=600%2C387&ssl=1&resize=525%2C300 1.5x"},"classes":[]},{"id":12261,"url":"https:\/\/www.shqiperia.com\/blog\/kur-sheshi-skenderbej-ishte-ende-nje-grope-pa-emer-foto-historike\/","url_meta":{"origin":26145,"position":2},"title":"Kur Sheshi Sk\u00ebnderbej ishte ende nj\u00eb grop\u00eb pa em\u00ebr &#8211; Foto historike. &#8211;","author":"Kurt Farka","date":"October 5, 2018","format":false,"excerpt":"Kur Sheshi Sk\u00ebnderbej ishte ende nj\u00eb grop\u00eb pa em\u00ebr - Foto historike. - Sheshi Sk\u00ebnderbej \u00ebsht\u00eb sheshi n\u00eb qend\u00ebr t\u00eb Tiran\u00ebs. Sipas shifrave t\u00eb fundit ai \u00ebsht\u00eb af\u00ebrsisht 40 000 m\u00b2 dhe \u00ebsht\u00eb sheshi m\u00eb i madh i Shqip\u00ebris\u00eb. Kjo foto e rall\u00eb\u00a0 tregon sheshin Sk\u00ebnderbej n\u00eb fillimet e tij,\u2026","rel":"","context":"In &quot;Blogu i Udh\u00ebtarit&quot;","block_context":{"text":"Blogu i Udh\u00ebtarit","link":"https:\/\/www.shqiperia.com\/blog\/category\/blogu-i-udhetarit\/"},"img":{"alt_text":"","src":"https:\/\/i0.wp.com\/www.shqiperia.com\/blog\/wp-content\/uploads\/2018\/10\/Sheshi-i-Tiranes-Skenderbeu.jpg?fit=905%2C450&ssl=1&resize=350%2C200","width":350,"height":200,"srcset":"https:\/\/i0.wp.com\/www.shqiperia.com\/blog\/wp-content\/uploads\/2018\/10\/Sheshi-i-Tiranes-Skenderbeu.jpg?fit=905%2C450&ssl=1&resize=350%2C200 1x, https:\/\/i0.wp.com\/www.shqiperia.com\/blog\/wp-content\/uploads\/2018\/10\/Sheshi-i-Tiranes-Skenderbeu.jpg?fit=905%2C450&ssl=1&resize=525%2C300 1.5x, https:\/\/i0.wp.com\/www.shqiperia.com\/blog\/wp-content\/uploads\/2018\/10\/Sheshi-i-Tiranes-Skenderbeu.jpg?fit=905%2C450&ssl=1&resize=700%2C400 2x"},"classes":[]},{"id":34758,"url":"https:\/\/www.shqiperia.com\/blog\/artistet-kosovare-protestojne-ne-prishtine-per-prishjen-e-teatrit-kombetar\/","url_meta":{"origin":26145,"position":3},"title":"Artist\u00ebt kosovar\u00eb protestojn\u00eb n\u00eb Prishtin\u00eb p\u00ebr prishjen e Teatrit Komb\u00ebtar","author":"Kurt Farka","date":"May 18, 2020","format":false,"excerpt":"Artist\u00ebt kosovar\u00eb protestojn\u00eb n\u00eb Prishtin\u00eb p\u00ebr prishjen e Teatrit Komb\u00ebtar 17 Maj 2020 Artist\u00ebt kosovar\u00eb kan\u00eb dal\u00eb n\u00eb protest\u00eb para Teatrit Komb\u00ebtar t\u00eb Kosov\u00ebs n\u00eb shenj\u00eb solidariteti me protestat n\u00eb Tiran\u00eb. Reagimi vjen pas shembjes s\u00eb sotme t\u00eb Teatrit Komb\u00ebtar n\u00eb Shqip\u00ebri n\u00eb or\u00ebt e para t\u00eb m\u00ebngjesit t\u00eb sot\u00ebm.\u2026","rel":"","context":"In &quot;Kultura&quot;","block_context":{"text":"Kultura","link":"https:\/\/www.shqiperia.com\/blog\/category\/kultura\/"},"img":{"alt_text":"","src":"https:\/\/i0.wp.com\/www.shqiperia.com\/blog\/wp-content\/uploads\/2020\/05\/prishtineee.jpg?fit=724%2C400&ssl=1&resize=350%2C200","width":350,"height":200,"srcset":"https:\/\/i0.wp.com\/www.shqiperia.com\/blog\/wp-content\/uploads\/2020\/05\/prishtineee.jpg?fit=724%2C400&ssl=1&resize=350%2C200 1x, https:\/\/i0.wp.com\/www.shqiperia.com\/blog\/wp-content\/uploads\/2020\/05\/prishtineee.jpg?fit=724%2C400&ssl=1&resize=525%2C300 1.5x, https:\/\/i0.wp.com\/www.shqiperia.com\/blog\/wp-content\/uploads\/2020\/05\/prishtineee.jpg?fit=724%2C400&ssl=1&resize=700%2C400 2x"},"classes":[]},{"id":9830,"url":"https:\/\/www.shqiperia.com\/blog\/maks-velo-teatri-restaurohet-shume-bukur-ve-jeten-time-si-garanci\/","url_meta":{"origin":26145,"position":4},"title":"Maks Velo: Teatri restaurohet shum\u00eb bukur, v\u00eb jet\u00ebn time si garanci. &#8211;","author":"Kurt Farka","date":"July 17, 2018","format":false,"excerpt":"Maks Velo: Teatri restaurohet shum\u00eb bukur, v\u00eb jet\u00ebn time si garanci. - 17\/07\/2018. Vazhdon protesta e artist\u00ebve dhe qytetar\u00ebve kund\u00ebr shembjes s\u00eb Teatrit Komb\u00ebtar. Arkitekti\u00a0Maks Velo, ka marr\u00eb fjal\u00ebn mbr\u00ebmjen e sotme duke th\u00ebn\u00eb se debati duhet ngushtuar vet\u00ebm n\u00eb mbrojtjen e Teatrit dhe t\u00eb mos merren me problemet e\u2026","rel":"","context":"In &quot;Blogu i Udh\u00ebtarit&quot;","block_context":{"text":"Blogu i Udh\u00ebtarit","link":"https:\/\/www.shqiperia.com\/blog\/category\/blogu-i-udhetarit\/"},"img":{"alt_text":"","src":"https:\/\/i0.wp.com\/www.shqiperia.com\/blog\/wp-content\/uploads\/2018\/07\/Maks-Velo-1-300x250.jpg?resize=350%2C200","width":350,"height":200},"classes":[]},{"id":34732,"url":"https:\/\/www.shqiperia.com\/blog\/shkrimtari-i-njohur-shqiptar-ismail-kadare-ne-lidhje-me-shembjen-teatrit-kombetar-sot-ne-tirane-nuk-kam-mundesi-se-nuk-jam-ndjere-mire\/","url_meta":{"origin":26145,"position":5},"title":"Shkrimtari i njohur shqiptar Ismail Kadare n\u00eb lidhje me shembjen Teatrit Komb\u00ebtar sot n\u00eb Tiran\u00eb: &#8211; &#8220;Nuk kam mund\u00ebsi se nuk jam ndjer\u00eb mir\u00eb &#8230;&#8221; .","author":"Kurt Farka","date":"May 17, 2020","format":false,"excerpt":"Shkrimtari i njohur shqiptar Ismail Kadare n\u00eb lidhje me shembjen Teatrit Komb\u00ebtar sot n\u00eb Tiran\u00eb: - \"Nuk kam mund\u00ebsi se nuk jam ndjer\u00eb mir\u00eb ...\" . Kadare ka th\u00ebn\u00eb se nuk d\u00ebshiron t\u00eb p\u00ebrzihet n\u00eb k\u00ebt\u00eb \u00e7\u00ebshtje duke mos dh\u00ebn\u00eb shum\u00eb shpjegime p\u00ebr k\u00ebt\u00eb, pasi nuk \u00ebsht\u00eb n\u00eb dijeni t\u00eb\u2026","rel":"","context":"In &quot;Blogu i Udh\u00ebtarit&quot;","block_context":{"text":"Blogu i Udh\u00ebtarit","link":"https:\/\/www.shqiperia.com\/blog\/category\/blogu-i-udhetarit\/"},"img":{"alt_text":"","src":"https:\/\/i0.wp.com\/www.shqiperia.com\/blog\/wp-content\/uploads\/2020\/05\/ismail-kadare2015.jpg?fit=435%2C318&ssl=1&resize=350%2C200","width":350,"height":200},"classes":[]}],"_links":{"self":[{"href":"https:\/\/www.shqiperia.com\/blog\/wp-json\/wp\/v2\/posts\/26145","targetHints":{"allow":["GET"]}}],"collection":[{"href":"https:\/\/www.shqiperia.com\/blog\/wp-json\/wp\/v2\/posts"}],"about":[{"href":"https:\/\/www.shqiperia.com\/blog\/wp-json\/wp\/v2\/types\/post"}],"author":[{"embeddable":true,"href":"https:\/\/www.shqiperia.com\/blog\/wp-json\/wp\/v2\/users\/9"}],"replies":[{"embeddable":true,"href":"https:\/\/www.shqiperia.com\/blog\/wp-json\/wp\/v2\/comments?post=26145"}],"version-history":[{"count":1,"href":"https:\/\/www.shqiperia.com\/blog\/wp-json\/wp\/v2\/posts\/26145\/revisions"}],"predecessor-version":[{"id":26148,"href":"https:\/\/www.shqiperia.com\/blog\/wp-json\/wp\/v2\/posts\/26145\/revisions\/26148"}],"wp:featuredmedia":[{"embeddable":true,"href":"https:\/\/www.shqiperia.com\/blog\/wp-json\/wp\/v2\/media\/26146"}],"wp:attachment":[{"href":"https:\/\/www.shqiperia.com\/blog\/wp-json\/wp\/v2\/media?parent=26145"}],"wp:term":[{"taxonomy":"category","embeddable":true,"href":"https:\/\/www.shqiperia.com\/blog\/wp-json\/wp\/v2\/categories?post=26145"},{"taxonomy":"post_tag","embeddable":true,"href":"https:\/\/www.shqiperia.com\/blog\/wp-json\/wp\/v2\/tags?post=26145"}],"curies":[{"name":"wp","href":"https:\/\/api.w.org\/{rel}","templated":true}]}}