{"id":25371,"date":"2019-09-02T19:23:10","date_gmt":"2019-09-02T19:23:10","guid":{"rendered":"https:\/\/www.shqiperia.com\/blog\/?p=25371"},"modified":"2019-09-03T14:00:29","modified_gmt":"2019-09-03T14:00:29","slug":"ura-e-brarit-foto","status":"publish","type":"post","link":"https:\/\/www.shqiperia.com\/blog\/ura-e-brarit-foto\/","title":{"rendered":"Ura e Brarit, foto"},"content":{"rendered":"<p><img data-recalc-dims=\"1\" loading=\"lazy\" decoding=\"async\" data-attachment-id=\"25372\" data-permalink=\"https:\/\/www.shqiperia.com\/blog\/ura-e-brarit-foto\/ura-e-brarit\/\" data-orig-file=\"https:\/\/i0.wp.com\/www.shqiperia.com\/blog\/wp-content\/uploads\/2019\/09\/Ura-e-Brarit.jpg?fit=719%2C590&amp;ssl=1\" data-orig-size=\"719,590\" data-comments-opened=\"1\" data-image-meta=\"{&quot;aperture&quot;:&quot;0&quot;,&quot;credit&quot;:&quot;&quot;,&quot;camera&quot;:&quot;&quot;,&quot;caption&quot;:&quot;&quot;,&quot;created_timestamp&quot;:&quot;0&quot;,&quot;copyright&quot;:&quot;&quot;,&quot;focal_length&quot;:&quot;0&quot;,&quot;iso&quot;:&quot;0&quot;,&quot;shutter_speed&quot;:&quot;0&quot;,&quot;title&quot;:&quot;&quot;,&quot;orientation&quot;:&quot;0&quot;}\" data-image-title=\"Ura e Brarit\" data-image-description=\"\" data-image-caption=\"\" data-medium-file=\"https:\/\/i0.wp.com\/www.shqiperia.com\/blog\/wp-content\/uploads\/2019\/09\/Ura-e-Brarit.jpg?fit=300%2C246&amp;ssl=1\" data-large-file=\"https:\/\/i0.wp.com\/www.shqiperia.com\/blog\/wp-content\/uploads\/2019\/09\/Ura-e-Brarit.jpg?fit=719%2C590&amp;ssl=1\" class=\"alignnone wp-image-25372\" alt=\"\" src=\"https:\/\/i0.wp.com\/www.shqiperia.com\/blog\/wp-content\/uploads\/2019\/09\/Ura-e-Brarit.jpg?resize=485%2C398&#038;ssl=1\" width=\"485\" height=\"398\" srcset=\"https:\/\/i0.wp.com\/www.shqiperia.com\/blog\/wp-content\/uploads\/2019\/09\/Ura-e-Brarit.jpg?resize=300%2C246&amp;ssl=1 300w, https:\/\/i0.wp.com\/www.shqiperia.com\/blog\/wp-content\/uploads\/2019\/09\/Ura-e-Brarit.jpg?resize=450%2C369&amp;ssl=1 450w, https:\/\/i0.wp.com\/www.shqiperia.com\/blog\/wp-content\/uploads\/2019\/09\/Ura-e-Brarit.jpg?resize=600%2C492&amp;ssl=1 600w, https:\/\/i0.wp.com\/www.shqiperia.com\/blog\/wp-content\/uploads\/2019\/09\/Ura-e-Brarit.jpg?resize=400%2C328&amp;ssl=1 400w, https:\/\/i0.wp.com\/www.shqiperia.com\/blog\/wp-content\/uploads\/2019\/09\/Ura-e-Brarit.jpg?w=719&amp;ssl=1 719w\" sizes=\"auto, (max-width: 485px) 100vw, 485px\" \/><\/p>\n<p><strong>Ura e Brarit, foto: <a href=\"https:\/\/www.facebook.com\/shkelqim.beqo.5?__tn__=%2CdlC-R-R&amp;eid=ARBHxjAnAb8WtU6TQdpQqmE17ntBIBCb8HPD-_5X1w45CDghAmBsvuYDLK76rr_RXu8tfd58ggllBvYj&amp;hc_ref=ART_hhApxznb-1zXsivkOPCI_EfkHO0zt5gnNP4mueUuB1fJfZFX9n0NkiyJf8aSDOU\">Shkelqim Beqo.<\/a><\/strong><\/p>\n<p><img data-recalc-dims=\"1\" loading=\"lazy\" decoding=\"async\" data-attachment-id=\"25375\" data-permalink=\"https:\/\/www.shqiperia.com\/blog\/ura-e-brarit-foto\/ura-e-brarit-2\/\" data-orig-file=\"https:\/\/i0.wp.com\/www.shqiperia.com\/blog\/wp-content\/uploads\/2019\/09\/Ura-e-Brarit-1.jpg?fit=719%2C790&amp;ssl=1\" data-orig-size=\"719,790\" data-comments-opened=\"1\" data-image-meta=\"{&quot;aperture&quot;:&quot;0&quot;,&quot;credit&quot;:&quot;&quot;,&quot;camera&quot;:&quot;&quot;,&quot;caption&quot;:&quot;&quot;,&quot;created_timestamp&quot;:&quot;0&quot;,&quot;copyright&quot;:&quot;&quot;,&quot;focal_length&quot;:&quot;0&quot;,&quot;iso&quot;:&quot;0&quot;,&quot;shutter_speed&quot;:&quot;0&quot;,&quot;title&quot;:&quot;&quot;,&quot;orientation&quot;:&quot;0&quot;}\" data-image-title=\"Ura e Brarit\" data-image-description=\"\" data-image-caption=\"\" data-medium-file=\"https:\/\/i0.wp.com\/www.shqiperia.com\/blog\/wp-content\/uploads\/2019\/09\/Ura-e-Brarit-1.jpg?fit=273%2C300&amp;ssl=1\" data-large-file=\"https:\/\/i0.wp.com\/www.shqiperia.com\/blog\/wp-content\/uploads\/2019\/09\/Ura-e-Brarit-1.jpg?fit=719%2C790&amp;ssl=1\" class=\"alignnone wp-image-25375\" alt=\"\" src=\"https:\/\/i0.wp.com\/www.shqiperia.com\/blog\/wp-content\/uploads\/2019\/09\/Ura-e-Brarit-1.jpg?resize=776%2C853&#038;ssl=1\" width=\"776\" height=\"853\" srcset=\"https:\/\/i0.wp.com\/www.shqiperia.com\/blog\/wp-content\/uploads\/2019\/09\/Ura-e-Brarit-1.jpg?resize=273%2C300&amp;ssl=1 273w, https:\/\/i0.wp.com\/www.shqiperia.com\/blog\/wp-content\/uploads\/2019\/09\/Ura-e-Brarit-1.jpg?resize=450%2C494&amp;ssl=1 450w, https:\/\/i0.wp.com\/www.shqiperia.com\/blog\/wp-content\/uploads\/2019\/09\/Ura-e-Brarit-1.jpg?resize=600%2C659&amp;ssl=1 600w, https:\/\/i0.wp.com\/www.shqiperia.com\/blog\/wp-content\/uploads\/2019\/09\/Ura-e-Brarit-1.jpg?resize=400%2C439&amp;ssl=1 400w, https:\/\/i0.wp.com\/www.shqiperia.com\/blog\/wp-content\/uploads\/2019\/09\/Ura-e-Brarit-1.jpg?w=719&amp;ssl=1 719w\" sizes=\"auto, (max-width: 776px) 100vw, 776px\" \/><\/p>\n","protected":false},"excerpt":{"rendered":"<p>Ura e Brarit, foto: Shkelqim Beqo.<\/p>\n","protected":false},"author":9,"featured_media":25372,"comment_status":"open","ping_status":"open","sticky":false,"template":"","format":"standard","meta":{"jetpack_post_was_ever_published":false,"_jetpack_newsletter_access":"","_jetpack_dont_email_post_to_subs":false,"_jetpack_newsletter_tier_id":0,"_jetpack_memberships_contains_paywalled_content":false,"_jetpack_memberships_contains_paid_content":false,"footnotes":"","jetpack_publicize_message":"","jetpack_publicize_feature_enabled":true,"jetpack_social_post_already_shared":true,"jetpack_social_options":{"image_generator_settings":{"template":"highway","default_image_id":0,"font":"","enabled":false},"version":2}},"categories":[27,10,86],"tags":[],"class_list":["post-25371","post","type-post","status-publish","format-standard","has-post-thumbnail","hentry","category-blogu-i-udhetarit","category-kultura","category-trashegimi-kulturore"],"jetpack_publicize_connections":[],"jetpack_featured_media_url":"https:\/\/i0.wp.com\/www.shqiperia.com\/blog\/wp-content\/uploads\/2019\/09\/Ura-e-Brarit.jpg?fit=719%2C590&ssl=1","jetpack_sharing_enabled":true,"jetpack_shortlink":"https:\/\/wp.me\/p5Z6wp-6Bd","jetpack-related-posts":[{"id":48974,"url":"https:\/\/www.shqiperia.com\/blog\/arte-figurative-album-foto-burhan-tabaku-monumente-ne-art-i\/","url_meta":{"origin":25371,"position":0},"title":"Arte Figurative- Album Foto.  Burhan Tabaku &#8211; Monumente ne Art (I).","author":"Kurt Farka","date":"August 9, 2021","format":false,"excerpt":"Arte Figurative- Album Foto. Burhan Tabaku - Monumente ne Art. Albumi eshte me disa prej krijimeve te krijuesit Burhan Tabaku, ku kemi te pikturuara mjedise arkitekturore, banesa dhe monumente. Shumica e tyre ne ditet tona nuk ekzistojne. Ky album eshte me vepra arti, por me vlere edhe per dokumentimin e\u2026","rel":"","context":"In &quot;Arte&quot;","block_context":{"text":"Arte","link":"https:\/\/www.shqiperia.com\/blog\/category\/arte\/"},"img":{"alt_text":"","src":"https:\/\/i0.wp.com\/www.shqiperia.com\/blog\/wp-content\/uploads\/2021\/08\/Rrapi-dhe-shtepite-e-Tabakeve-ne-1935-vaj..jpg?fit=960%2C593&ssl=1&resize=350%2C200","width":350,"height":200,"srcset":"https:\/\/i0.wp.com\/www.shqiperia.com\/blog\/wp-content\/uploads\/2021\/08\/Rrapi-dhe-shtepite-e-Tabakeve-ne-1935-vaj..jpg?fit=960%2C593&ssl=1&resize=350%2C200 1x, https:\/\/i0.wp.com\/www.shqiperia.com\/blog\/wp-content\/uploads\/2021\/08\/Rrapi-dhe-shtepite-e-Tabakeve-ne-1935-vaj..jpg?fit=960%2C593&ssl=1&resize=525%2C300 1.5x, https:\/\/i0.wp.com\/www.shqiperia.com\/blog\/wp-content\/uploads\/2021\/08\/Rrapi-dhe-shtepite-e-Tabakeve-ne-1935-vaj..jpg?fit=960%2C593&ssl=1&resize=700%2C400 2x"},"classes":[]},{"id":24589,"url":"https:\/\/www.shqiperia.com\/blog\/zerec-ura-e-qirkove\/","url_meta":{"origin":25371,"position":1},"title":"Zerec, Ura e Qirkove. &#8211;","author":"Kurt Farka","date":"August 9, 2019","format":false,"excerpt":"Zerec, Ura e Qirkove. Foto Anesti Jance -","rel":"","context":"In &quot;Histori&quot;","block_context":{"text":"Histori","link":"https:\/\/www.shqiperia.com\/blog\/category\/histori\/"},"img":{"alt_text":"","src":"https:\/\/i0.wp.com\/www.shqiperia.com\/blog\/wp-content\/uploads\/2019\/08\/Zerec-Ura-e-Qirkove-Foto-Anesti-Jance-Copy.jpg?fit=720%2C422&ssl=1&resize=350%2C200","width":350,"height":200,"srcset":"https:\/\/i0.wp.com\/www.shqiperia.com\/blog\/wp-content\/uploads\/2019\/08\/Zerec-Ura-e-Qirkove-Foto-Anesti-Jance-Copy.jpg?fit=720%2C422&ssl=1&resize=350%2C200 1x, https:\/\/i0.wp.com\/www.shqiperia.com\/blog\/wp-content\/uploads\/2019\/08\/Zerec-Ura-e-Qirkove-Foto-Anesti-Jance-Copy.jpg?fit=720%2C422&ssl=1&resize=525%2C300 1.5x, https:\/\/i0.wp.com\/www.shqiperia.com\/blog\/wp-content\/uploads\/2019\/08\/Zerec-Ura-e-Qirkove-Foto-Anesti-Jance-Copy.jpg?fit=720%2C422&ssl=1&resize=700%2C400 2x"},"classes":[]},{"id":98477,"url":"https:\/\/www.shqiperia.com\/blog\/ura-e-nivanit-monument-me-histori-dhe-arkitekture-te-vecante\/","url_meta":{"origin":25371,"position":2},"title":"Ura e Nivanit, monument me histori dhe arkitektur\u00eb t\u00eb ve\u00e7ant\u00eb","author":"Kurt Farka","date":"March 18, 2026","format":false,"excerpt":"10 Mars 2026 Ura e Nivanit, n\u00eb Zagori, \u00ebsht\u00eb Monument Kulture me vlera t\u00eb r\u00ebnd\u00ebsishme historike dhe arkitekturore. Kjo ur\u00eb i dha jet\u00eb komunikimit jo vet\u00ebm tregtar, por edhe shpirt\u00ebror mes Gjirokastr\u00ebs dhe P\u00ebrmetit. Karvanet kalonin mbi ur\u00ebn e Nivanit ndaleshin m\u00eb pas n\u00eb Manastirin e Nivanit, vijonin n\u00eb Sheper\u2026","rel":"","context":"In &quot;Blogu i Udh\u00ebtarit&quot;","block_context":{"text":"Blogu i Udh\u00ebtarit","link":"https:\/\/www.shqiperia.com\/blog\/category\/blogu-i-udhetarit\/"},"img":{"alt_text":"","src":"https:\/\/i0.wp.com\/www.shqiperia.com\/blog\/wp-content\/uploads\/2026\/03\/Ura-e-Nivanit.jpg?fit=640%2C360&ssl=1&resize=350%2C200","width":350,"height":200,"srcset":"https:\/\/i0.wp.com\/www.shqiperia.com\/blog\/wp-content\/uploads\/2026\/03\/Ura-e-Nivanit.jpg?fit=640%2C360&ssl=1&resize=350%2C200 1x, https:\/\/i0.wp.com\/www.shqiperia.com\/blog\/wp-content\/uploads\/2026\/03\/Ura-e-Nivanit.jpg?fit=640%2C360&ssl=1&resize=525%2C300 1.5x"},"classes":[]},{"id":13059,"url":"https:\/\/www.shqiperia.com\/blog\/monument-ura-e-slapit-vlore\/","url_meta":{"origin":25371,"position":3},"title":"Monument &#8211; Ura e Slapit- Vlore. \u2013","author":"Kurt Farka","date":"October 26, 2018","format":false,"excerpt":"Ura e Slapit -Vlore. - Koha e ndertimit- Datohet ne shek. XVIII Ndodhet midis fshatrave Drashovice e Mavrove Ndertuar mbi perroin e Slapit. Eshte ure guri me hark te ndertuar me qemer te dyfishte. Parametrat e ures:- Gjatesia e ures eshte 16 m. Gjeresia e ures, 1.4 m. Thellesia maximale\u2026","rel":"","context":"In &quot;Histori&quot;","block_context":{"text":"Histori","link":"https:\/\/www.shqiperia.com\/blog\/category\/histori\/"},"img":{"alt_text":"","src":"https:\/\/i0.wp.com\/www.shqiperia.com\/blog\/wp-content\/uploads\/2018\/10\/Ura-e-Slapit-Vlore-2.jpg?fit=960%2C483&ssl=1&resize=350%2C200","width":350,"height":200,"srcset":"https:\/\/i0.wp.com\/www.shqiperia.com\/blog\/wp-content\/uploads\/2018\/10\/Ura-e-Slapit-Vlore-2.jpg?fit=960%2C483&ssl=1&resize=350%2C200 1x, https:\/\/i0.wp.com\/www.shqiperia.com\/blog\/wp-content\/uploads\/2018\/10\/Ura-e-Slapit-Vlore-2.jpg?fit=960%2C483&ssl=1&resize=525%2C300 1.5x, https:\/\/i0.wp.com\/www.shqiperia.com\/blog\/wp-content\/uploads\/2018\/10\/Ura-e-Slapit-Vlore-2.jpg?fit=960%2C483&ssl=1&resize=700%2C400 2x"},"classes":[]},{"id":95926,"url":"https:\/\/www.shqiperia.com\/blog\/ura-e-kasabashit-e-shek-xvii\/","url_meta":{"origin":25371,"position":4},"title":"Ura e Kasabashit e shek. XVII.","author":"Kurt Farka","date":"December 24, 2025","format":false,"excerpt":"24 Dhjetor 2025 Ura e Kasabashit \u00ebsht\u00eb nj\u00eb monument kulture i periudh\u00ebs osmane t\u00eb shekullit XVII (rreth vitit 1640), nd\u00ebrtuar nga arkitekti Kasemi (Reis Mimar Kas\u00ebm), i origjin\u00ebs nga Gremshi i Tomorric\u00ebs. Ura ka vlera arkitekturore t\u00eb rralla dhe teknik\u00eb inxhinierike t\u00eb lart\u00eb p\u00ebr koh\u00ebn. Ajo \u00ebsht\u00eb nd\u00ebrtuar n\u00eb nj\u00eb\u2026","rel":"","context":"In &quot;Histori&quot;","block_context":{"text":"Histori","link":"https:\/\/www.shqiperia.com\/blog\/category\/histori\/"},"img":{"alt_text":"","src":"https:\/\/i0.wp.com\/www.shqiperia.com\/blog\/wp-content\/uploads\/2025\/12\/Ura-e-Kasabashit.jpg?fit=600%2C338&ssl=1&resize=350%2C200","width":350,"height":200,"srcset":"https:\/\/i0.wp.com\/www.shqiperia.com\/blog\/wp-content\/uploads\/2025\/12\/Ura-e-Kasabashit.jpg?fit=600%2C338&ssl=1&resize=350%2C200 1x, https:\/\/i0.wp.com\/www.shqiperia.com\/blog\/wp-content\/uploads\/2025\/12\/Ura-e-Kasabashit.jpg?fit=600%2C338&ssl=1&resize=525%2C300 1.5x"},"classes":[]},{"id":95086,"url":"https:\/\/www.shqiperia.com\/blog\/restaurohet-nje-nder-shtepite-me-te-bukura-gjirokastrite\/","url_meta":{"origin":25371,"position":5},"title":"Restaurohet nj\u00eb nd\u00ebr sht\u00ebpit\u00eb m\u00eb t\u00eb bukura gjirokastrite","author":"Kurt Farka","date":"November 22, 2025","format":false,"excerpt":"22 Nentor 2025 N\u00eb banes\u00ebn Fico, nj\u00eb prej objekteve m\u00eb piktoreske t\u00eb Gjirokastr\u00ebs, ka p\u00ebrfunduar faz\u00ebn e nd\u00ebrhyrjeve emergjente t\u00eb restaurimit, duke respektuar plot\u00ebsisht vlerat historike t\u00eb objektit dhe duke ruajtur origjinalitetin e tij, pa cenuar integritetin arkitektonik. Ministri i Turizmit, Kultur\u00ebs dhe Sportit, Blendi Gonxhja, shp\u00ebrndau n\u00eb rrjetet sociale,\u2026","rel":"","context":"In &quot;Blogu i Udh\u00ebtarit&quot;","block_context":{"text":"Blogu i Udh\u00ebtarit","link":"https:\/\/www.shqiperia.com\/blog\/category\/blogu-i-udhetarit\/"},"img":{"alt_text":"","src":"https:\/\/i0.wp.com\/www.shqiperia.com\/blog\/wp-content\/uploads\/2025\/11\/Banesa-e-familjes-Fico-Gjirokaster-2.jpg?fit=640%2C481&ssl=1&resize=350%2C200","width":350,"height":200,"srcset":"https:\/\/i0.wp.com\/www.shqiperia.com\/blog\/wp-content\/uploads\/2025\/11\/Banesa-e-familjes-Fico-Gjirokaster-2.jpg?fit=640%2C481&ssl=1&resize=350%2C200 1x, https:\/\/i0.wp.com\/www.shqiperia.com\/blog\/wp-content\/uploads\/2025\/11\/Banesa-e-familjes-Fico-Gjirokaster-2.jpg?fit=640%2C481&ssl=1&resize=525%2C300 1.5x"},"classes":[]}],"_links":{"self":[{"href":"https:\/\/www.shqiperia.com\/blog\/wp-json\/wp\/v2\/posts\/25371","targetHints":{"allow":["GET"]}}],"collection":[{"href":"https:\/\/www.shqiperia.com\/blog\/wp-json\/wp\/v2\/posts"}],"about":[{"href":"https:\/\/www.shqiperia.com\/blog\/wp-json\/wp\/v2\/types\/post"}],"author":[{"embeddable":true,"href":"https:\/\/www.shqiperia.com\/blog\/wp-json\/wp\/v2\/users\/9"}],"replies":[{"embeddable":true,"href":"https:\/\/www.shqiperia.com\/blog\/wp-json\/wp\/v2\/comments?post=25371"}],"version-history":[{"count":3,"href":"https:\/\/www.shqiperia.com\/blog\/wp-json\/wp\/v2\/posts\/25371\/revisions"}],"predecessor-version":[{"id":25376,"href":"https:\/\/www.shqiperia.com\/blog\/wp-json\/wp\/v2\/posts\/25371\/revisions\/25376"}],"wp:featuredmedia":[{"embeddable":true,"href":"https:\/\/www.shqiperia.com\/blog\/wp-json\/wp\/v2\/media\/25372"}],"wp:attachment":[{"href":"https:\/\/www.shqiperia.com\/blog\/wp-json\/wp\/v2\/media?parent=25371"}],"wp:term":[{"taxonomy":"category","embeddable":true,"href":"https:\/\/www.shqiperia.com\/blog\/wp-json\/wp\/v2\/categories?post=25371"},{"taxonomy":"post_tag","embeddable":true,"href":"https:\/\/www.shqiperia.com\/blog\/wp-json\/wp\/v2\/tags?post=25371"}],"curies":[{"name":"wp","href":"https:\/\/api.w.org\/{rel}","templated":true}]}}