{"id":25278,"date":"2019-08-30T08:05:52","date_gmt":"2019-08-30T08:05:52","guid":{"rendered":"https:\/\/www.shqiperia.com\/blog\/?p=25278"},"modified":"2019-08-30T08:16:02","modified_gmt":"2019-08-30T08:16:02","slug":"perla-turistike-e-shqiperise-jepet-me-qira-sa-nje-kioske","status":"publish","type":"post","link":"https:\/\/www.shqiperia.com\/blog\/perla-turistike-e-shqiperise-jepet-me-qira-sa-nje-kioske\/","title":{"rendered":"Perla turistike e Shqip\u00ebris\u00eb jepet me qira sa nj\u00eb kiosk\u00eb"},"content":{"rendered":"<div id=\"attachment_25287\" style=\"width: 489px\" class=\"wp-caption alignnone\"><img data-recalc-dims=\"1\" loading=\"lazy\" decoding=\"async\" aria-describedby=\"caption-attachment-25287\" data-attachment-id=\"25287\" data-permalink=\"https:\/\/www.shqiperia.com\/blog\/perla-turistike-e-shqiperise-jepet-me-qira-sa-nje-kioske\/dgdywtsxcami13f-696x522-copy-2\/\" data-orig-file=\"https:\/\/i0.wp.com\/www.shqiperia.com\/blog\/wp-content\/uploads\/2019\/08\/DGDywtsXcAMi13F-696x522-Copy-1.jpg?fit=696%2C391&amp;ssl=1\" data-orig-size=\"696,391\" data-comments-opened=\"1\" data-image-meta=\"{&quot;aperture&quot;:&quot;0&quot;,&quot;credit&quot;:&quot;&quot;,&quot;camera&quot;:&quot;&quot;,&quot;caption&quot;:&quot;?????????????????????????????????????????????????????????&quot;,&quot;created_timestamp&quot;:&quot;0&quot;,&quot;copyright&quot;:&quot;&quot;,&quot;focal_length&quot;:&quot;0&quot;,&quot;iso&quot;:&quot;0&quot;,&quot;shutter_speed&quot;:&quot;0&quot;,&quot;title&quot;:&quot;&quot;,&quot;orientation&quot;:&quot;0&quot;}\" data-image-title=\"DGDywtsXcAMi13F-696&#215;522 &#8211; Copy\" data-image-description=\"\" data-image-caption=\"&lt;p&gt;Driloni&lt;\/p&gt;\n\" data-medium-file=\"https:\/\/i0.wp.com\/www.shqiperia.com\/blog\/wp-content\/uploads\/2019\/08\/DGDywtsXcAMi13F-696x522-Copy-1.jpg?fit=300%2C169&amp;ssl=1\" data-large-file=\"https:\/\/i0.wp.com\/www.shqiperia.com\/blog\/wp-content\/uploads\/2019\/08\/DGDywtsXcAMi13F-696x522-Copy-1.jpg?fit=696%2C391&amp;ssl=1\" class=\" wp-image-25287\" alt=\"\" src=\"https:\/\/i0.wp.com\/www.shqiperia.com\/blog\/wp-content\/uploads\/2019\/08\/DGDywtsXcAMi13F-696x522-Copy-1.jpg?resize=479%2C270&#038;ssl=1\" width=\"479\" height=\"270\" srcset=\"https:\/\/i0.wp.com\/www.shqiperia.com\/blog\/wp-content\/uploads\/2019\/08\/DGDywtsXcAMi13F-696x522-Copy-1.jpg?resize=300%2C169&amp;ssl=1 300w, https:\/\/i0.wp.com\/www.shqiperia.com\/blog\/wp-content\/uploads\/2019\/08\/DGDywtsXcAMi13F-696x522-Copy-1.jpg?resize=450%2C253&amp;ssl=1 450w, https:\/\/i0.wp.com\/www.shqiperia.com\/blog\/wp-content\/uploads\/2019\/08\/DGDywtsXcAMi13F-696x522-Copy-1.jpg?resize=600%2C337&amp;ssl=1 600w, https:\/\/i0.wp.com\/www.shqiperia.com\/blog\/wp-content\/uploads\/2019\/08\/DGDywtsXcAMi13F-696x522-Copy-1.jpg?resize=400%2C225&amp;ssl=1 400w, https:\/\/i0.wp.com\/www.shqiperia.com\/blog\/wp-content\/uploads\/2019\/08\/DGDywtsXcAMi13F-696x522-Copy-1.jpg?w=696&amp;ssl=1 696w\" sizes=\"auto, (max-width: 479px) 100vw, 479px\" \/><p id=\"caption-attachment-25287\" class=\"wp-caption-text\">Driloni<\/p><\/div>\n<p>Perla turistike e Shqip\u00ebris\u00eb jepet me qira sa nj\u00eb kiosk\u00eb<\/p>\n<p>Nga Gazeta Telegraf<\/p>\n<p>27 Gusht, 2019<\/p>\n<p>Qeveria vendosi q\u00eb Drilonin e famsh\u00ebm n\u00eb Pogradec t\u2019ia jap\u00eb me qira privatit p\u00ebr 170 mij\u00eb lek\u00eb n\u00eb muaj. Pas votimeve t\u00eb 30 qershorit, pushtetar\u00ebt e rinj lokal\u00eb, ata qendror\u00eb dhe oligrak\u00ebt e tyre po zhvatin \u00e7do gj\u00eb q\u00eb u del p\u00ebrpara. Edhe pse FMN k\u00ebshillon qeverin\u00eb t\u2019i jap\u00eb fund PPP-ve, kjo e fundit nuk ndalet n\u00eb bab\u00ebzin\u00eb e vet<\/p>\n<p><strong>Koncesioni, pas votimeve t\u00eb 30 qershorit: Hapet gara p\u00ebr dh\u00ebnien e Drilonit me qira, 170 mij\u00eb lek\u00eb n\u00eb muaj.<\/strong><\/p>\n<div id=\"attachment_25288\" style=\"width: 750px\" class=\"wp-caption alignnone\"><img data-recalc-dims=\"1\" loading=\"lazy\" decoding=\"async\" aria-describedby=\"caption-attachment-25288\" data-attachment-id=\"25288\" data-permalink=\"https:\/\/www.shqiperia.com\/blog\/perla-turistike-e-shqiperise-jepet-me-qira-sa-nje-kioske\/driloni-2-3\/\" data-orig-file=\"https:\/\/i0.wp.com\/www.shqiperia.com\/blog\/wp-content\/uploads\/2019\/08\/Driloni-2-1.jpg?fit=1024%2C682&amp;ssl=1\" data-orig-size=\"1024,682\" data-comments-opened=\"1\" data-image-meta=\"{&quot;aperture&quot;:&quot;0&quot;,&quot;credit&quot;:&quot;&quot;,&quot;camera&quot;:&quot;&quot;,&quot;caption&quot;:&quot;&quot;,&quot;created_timestamp&quot;:&quot;0&quot;,&quot;copyright&quot;:&quot;&quot;,&quot;focal_length&quot;:&quot;0&quot;,&quot;iso&quot;:&quot;0&quot;,&quot;shutter_speed&quot;:&quot;0&quot;,&quot;title&quot;:&quot;&quot;,&quot;orientation&quot;:&quot;0&quot;}\" data-image-title=\"Driloni (2)\" data-image-description=\"\" data-image-caption=\"&lt;p&gt;Driloni&lt;\/p&gt;\n\" data-medium-file=\"https:\/\/i0.wp.com\/www.shqiperia.com\/blog\/wp-content\/uploads\/2019\/08\/Driloni-2-1.jpg?fit=300%2C200&amp;ssl=1\" data-large-file=\"https:\/\/i0.wp.com\/www.shqiperia.com\/blog\/wp-content\/uploads\/2019\/08\/Driloni-2-1.jpg?fit=1024%2C682&amp;ssl=1\" class=\" wp-image-25288\" alt=\"\" src=\"https:\/\/i0.wp.com\/www.shqiperia.com\/blog\/wp-content\/uploads\/2019\/08\/Driloni-2-1.jpg?resize=740%2C493&#038;ssl=1\" width=\"740\" height=\"493\" srcset=\"https:\/\/i0.wp.com\/www.shqiperia.com\/blog\/wp-content\/uploads\/2019\/08\/Driloni-2-1.jpg?resize=300%2C200&amp;ssl=1 300w, https:\/\/i0.wp.com\/www.shqiperia.com\/blog\/wp-content\/uploads\/2019\/08\/Driloni-2-1.jpg?resize=768%2C512&amp;ssl=1 768w, https:\/\/i0.wp.com\/www.shqiperia.com\/blog\/wp-content\/uploads\/2019\/08\/Driloni-2-1.jpg?w=1024&amp;ssl=1 1024w, https:\/\/i0.wp.com\/www.shqiperia.com\/blog\/wp-content\/uploads\/2019\/08\/Driloni-2-1.jpg?resize=600%2C400&amp;ssl=1 600w, https:\/\/i0.wp.com\/www.shqiperia.com\/blog\/wp-content\/uploads\/2019\/08\/Driloni-2-1.jpg?resize=450%2C300&amp;ssl=1 450w, https:\/\/i0.wp.com\/www.shqiperia.com\/blog\/wp-content\/uploads\/2019\/08\/Driloni-2-1.jpg?resize=400%2C266&amp;ssl=1 400w\" sizes=\"auto, (max-width: 740px) 100vw, 740px\" \/><p id=\"caption-attachment-25288\" class=\"wp-caption-text\">Driloni<\/p><\/div>\n<p><strong>Resorti m\u00eb turistik i Shqip\u00ebris\u00eb jepet me qira sa nj\u00eb kiosk\u00eb<\/strong><\/p>\n<p>Kur kryeministri Rama u k\u00ebrkoi shqiptar\u00ebve, q\u00eb n\u00eb 2017 PS-ja ta kishte e vetme Timonin e qeverisjes, n\u00eb t\u00eb v\u00ebrtet\u00eb, nuk e k\u00ebrkoi vot\u00ebbesimin, q\u00eb t\u00eb mir\u00eb-qeveriste, por q\u00eb Tepsin\u00eb e t\u00eb mirave materiale t\u00eb Shqip\u00ebris\u00eb ta administronte i vet\u00ebm. Nd\u00ebrkoh\u00eb, q\u00eb si\u00e7 thot\u00eb populli, oreksi vjen duke ngr\u00ebn\u00eb, qeveria e Rilindjes, n\u00eb 3 vitet e fundit, ka dh\u00ebn\u00eb me koncesion gjith\u00eb pasurin\u00eb e Shqip\u00ebris\u00eb n\u00eb nivel qendror, ku, sipas t\u00eb dh\u00ebnave t\u00eb BB, FMN dhe INSTAT, faturat e PPP-v\u00eb shkojn\u00eb deri n\u00eb 2 miliard\u00eb euro, nd\u00ebrkoh\u00eb q\u00eb borxhi i Shqip\u00ebris\u00eb po t\u00eb llogaritet edhe fatura e PPP-ve shkon mbi 83 %. Kryeministri Rama zhvilloi votimet p\u00ebr bashkit\u00eb n\u00eb 30 qershor, pa opozit\u00eb, n\u00eb kund\u00ebrshtim me Dekretin e Presidentit, i cili e shfuqizoi 30 qershorin si dat\u00eb t\u00eb zgjedhjeve, pik\u00ebrisht, q\u00eb \u201cTepsin\u00eb\u201d e Pushtetit Vendor ta administronte i vet\u00ebm, sikurse ka edhe \u201cTepsin\u00eb\u201d e pushtetit qendror.<\/p>\n<div id=\"attachment_25289\" style=\"width: 793px\" class=\"wp-caption alignnone\"><img data-recalc-dims=\"1\" loading=\"lazy\" decoding=\"async\" aria-describedby=\"caption-attachment-25289\" data-attachment-id=\"25289\" data-permalink=\"https:\/\/www.shqiperia.com\/blog\/perla-turistike-e-shqiperise-jepet-me-qira-sa-nje-kioske\/driloni-3\/\" data-orig-file=\"https:\/\/i0.wp.com\/www.shqiperia.com\/blog\/wp-content\/uploads\/2019\/08\/Driloni-3.jpg?fit=696%2C522&amp;ssl=1\" data-orig-size=\"696,522\" data-comments-opened=\"1\" data-image-meta=\"{&quot;aperture&quot;:&quot;0&quot;,&quot;credit&quot;:&quot;&quot;,&quot;camera&quot;:&quot;&quot;,&quot;caption&quot;:&quot;&quot;,&quot;created_timestamp&quot;:&quot;0&quot;,&quot;copyright&quot;:&quot;&quot;,&quot;focal_length&quot;:&quot;0&quot;,&quot;iso&quot;:&quot;0&quot;,&quot;shutter_speed&quot;:&quot;0&quot;,&quot;title&quot;:&quot;&quot;,&quot;orientation&quot;:&quot;0&quot;}\" data-image-title=\"Driloni\" data-image-description=\"\" data-image-caption=\"&lt;p&gt;Driloni&lt;\/p&gt;\n\" data-medium-file=\"https:\/\/i0.wp.com\/www.shqiperia.com\/blog\/wp-content\/uploads\/2019\/08\/Driloni-3.jpg?fit=300%2C225&amp;ssl=1\" data-large-file=\"https:\/\/i0.wp.com\/www.shqiperia.com\/blog\/wp-content\/uploads\/2019\/08\/Driloni-3.jpg?fit=696%2C522&amp;ssl=1\" class=\" wp-image-25289\" alt=\"\" src=\"https:\/\/i0.wp.com\/www.shqiperia.com\/blog\/wp-content\/uploads\/2019\/08\/Driloni-3.jpg?resize=783%2C587&#038;ssl=1\" width=\"783\" height=\"587\" srcset=\"https:\/\/i0.wp.com\/www.shqiperia.com\/blog\/wp-content\/uploads\/2019\/08\/Driloni-3.jpg?resize=300%2C225&amp;ssl=1 300w, https:\/\/i0.wp.com\/www.shqiperia.com\/blog\/wp-content\/uploads\/2019\/08\/Driloni-3.jpg?resize=450%2C338&amp;ssl=1 450w, https:\/\/i0.wp.com\/www.shqiperia.com\/blog\/wp-content\/uploads\/2019\/08\/Driloni-3.jpg?resize=600%2C450&amp;ssl=1 600w, https:\/\/i0.wp.com\/www.shqiperia.com\/blog\/wp-content\/uploads\/2019\/08\/Driloni-3.jpg?resize=400%2C300&amp;ssl=1 400w, https:\/\/i0.wp.com\/www.shqiperia.com\/blog\/wp-content\/uploads\/2019\/08\/Driloni-3.jpg?w=696&amp;ssl=1 696w\" sizes=\"auto, (max-width: 783px) 100vw, 783px\" \/><p id=\"caption-attachment-25289\" class=\"wp-caption-text\">Driloni<\/p><\/div>\n<p><strong>Edhe bashkit\u00eb e fillojn\u00eb pun\u00ebn me \u2026koncesionet<\/strong><\/p>\n<p>Bashkia e re e Pogradecit, e 30 qershorit, e fillon pun\u00ebn e re, pik\u00ebrisht me koncesion, duke dashur t\u00eb jap\u00eb me koncesion 10 vje\u00e7ar nj\u00eb nga resortet turistike m\u00eb t\u00eb lakmuara t\u00eb Shqip\u00ebris\u00eb, Drilonin, me \u00e7mim qesharak prej 170 mij\u00eb lek\u00eb n\u00eb muaj. Albturist ka hapur gar\u00ebn p\u00ebr dh\u00ebnien me qira t\u00eb Drilonit, pik\u00ebs turistike n\u00eb Tushemisht t\u00eb Pogradecit. Lajmi u b\u00eb i ditur n\u00eb buletinin e prokurimeve publike ku \u00ebsht\u00eb njoftuar hapja e ankandit p\u00ebr dh\u00ebnien me qira t\u00eb \u201cDrilon 2\u201d me sip\u00ebrfaqe t\u00eb p\u00ebrgjithshme 2500 m\u00b2 , nga t\u00eb cilat 605 m\u00b2 n\u00ebn objekt dhe 1895 m\u00b2 sip\u00ebrfaqe funksionale, n\u00eb administrim t\u00eb shoq\u00ebris\u00eb \u201cAlbturist T.O\u201d sha, n\u00eb Tushemisht, Pogradec. Sipas njoftimit n\u00eb APP, dh\u00ebnia me qira e pasuris\u00eb b\u00ebhet me q\u00ebllim p\u00ebrdorim t\u00eb saj p\u00ebr ushtrimin e aktiviteteve ekonomike, t\u00eb cilat gjenerojn\u00eb t\u00eb ardhura p\u00ebr shoq\u00ebrin\u00eb dhe nxisin rritjen e pun\u00ebsimit dhe investimit. Vlera dysheme p\u00ebr detyrimin e qiras\u00eb, p\u00ebr fillimin e konkurrimit, \u00ebsht\u00eb 172 600 (nj\u00ebqind e shtat\u00ebdhjet\u00eb e dymij\u00eb e gjasht\u00ebqind) lek\u00eb n\u00eb muaj. Konkurrimi do t\u00eb zhvillohet m\u00eb dat\u00ebn 9 shtator, n\u00eb or\u00ebn 10:00, n\u00eb Ministrin\u00eb e Financave dhe Ekonomis\u00eb dhe afati i dh\u00ebnies me qira t\u00eb k\u00ebsaj pasurie \u00ebsht\u00eb 10 (dhjet\u00eb) vjet. Shoq\u00ebria \u201cAlbturist T.O\u201d sha, n\u00eb cil\u00ebsin\u00eb e nj\u00ebsis\u00eb administruese t\u00eb pron\u00ebs, ka vendosur kritere shtes\u00eb t\u00eb tilla, q\u00eb objekti mund t\u00eb jepet me qira vet\u00ebm duke ruajtur destinacionin e tij fillestar, q\u00eb \u00ebsht\u00eb ushtrimi i veprimtaris\u00eb turistike n\u00eb fush\u00ebn e akomodimit turistik. N\u00eb ngarkim t\u00eb \u201cQiramarr\u00ebsit\u201d jan\u00eb t\u00eb gjitha tatimet dhe detyrimet q\u00eb r\u00ebndojn\u00eb, mbi pron\u00ebn e dh\u00ebn\u00eb me qira sipas legjislacionit n\u00eb fuqi.<\/p>\n","protected":false},"excerpt":{"rendered":"<p>Perla turistike e Shqip\u00ebris\u00eb jepet me qira sa nj\u00eb kiosk\u00eb Nga Gazeta Telegraf 27 Gusht, 2019 Qeveria vendosi q\u00eb Drilonin e famsh\u00ebm n\u00eb Pogradec t\u2019ia jap\u00eb me qira privatit p\u00ebr 170 mij\u00eb lek\u00eb n\u00eb muaj. Pas votimeve t\u00eb 30 qershorit, pushtetar\u00ebt e rinj lokal\u00eb, ata qendror\u00eb dhe oligrak\u00ebt e tyre po zhvatin \u00e7do gj\u00eb q\u00eb [&hellip;]<\/p>\n","protected":false},"author":9,"featured_media":25279,"comment_status":"open","ping_status":"open","sticky":false,"template":"","format":"standard","meta":{"jetpack_post_was_ever_published":false,"_jetpack_newsletter_access":"","_jetpack_dont_email_post_to_subs":false,"_jetpack_newsletter_tier_id":0,"_jetpack_memberships_contains_paywalled_content":false,"_jetpack_memberships_contains_paid_content":false,"footnotes":"","jetpack_publicize_message":"","jetpack_publicize_feature_enabled":true,"jetpack_social_post_already_shared":true,"jetpack_social_options":{"image_generator_settings":{"template":"highway","default_image_id":0,"font":"","enabled":false},"version":2}},"categories":[27,2,35],"tags":[],"class_list":["post-25278","post","type-post","status-publish","format-standard","has-post-thumbnail","hentry","category-blogu-i-udhetarit","category-politika","category-shoqerore"],"jetpack_publicize_connections":[],"jetpack_featured_media_url":"https:\/\/i0.wp.com\/www.shqiperia.com\/blog\/wp-content\/uploads\/2019\/08\/DGDywtsXcAMi13F-696x522-Copy.jpg?fit=696%2C391&ssl=1","jetpack_sharing_enabled":true,"jetpack_shortlink":"https:\/\/wp.me\/p5Z6wp-6zI","jetpack-related-posts":[{"id":30612,"url":"https:\/\/www.shqiperia.com\/blog\/jo-vetem-butrinti-42-kala-e-monumente-kulturore-me-ppp-40-vjecare\/","url_meta":{"origin":25278,"position":0},"title":"Jo vet\u00ebm Butrinti, 42 kala e monumente kulturore me PPP 40-vje\u00e7are","author":"Kurt Farka","date":"January 23, 2020","format":false,"excerpt":"Jo vet\u00ebm Butrinti, 42 kala e monumente kulturore me PPP 40-vje\u00e7are Teksa qeveria ndodhet n\u00eb kulmin e kriz\u00ebs sociale, ekonomike e financiare, p\u00ebr shkak t\u00eb d\u00ebmeve dhe pasojave kolosale q\u00eb la pas t\u00ebrmeti, ku m\u00eb shum\u00eb se 30 mij\u00eb mbet\u00ebn t\u00eb pastreh\u00eb, nd\u00ebrsa rreth 8 mij\u00eb banesa u d\u00ebmtuan, kryeministri\u2026","rel":"","context":"In &quot;Histori&quot;","block_context":{"text":"Histori","link":"https:\/\/www.shqiperia.com\/blog\/category\/histori\/"},"img":{"alt_text":"","src":"https:\/\/i0.wp.com\/www.shqiperia.com\/blog\/wp-content\/uploads\/2020\/01\/kalaja-rozafes-1-905x450-1.jpg?fit=905%2C450&ssl=1&resize=350%2C200","width":350,"height":200,"srcset":"https:\/\/i0.wp.com\/www.shqiperia.com\/blog\/wp-content\/uploads\/2020\/01\/kalaja-rozafes-1-905x450-1.jpg?fit=905%2C450&ssl=1&resize=350%2C200 1x, https:\/\/i0.wp.com\/www.shqiperia.com\/blog\/wp-content\/uploads\/2020\/01\/kalaja-rozafes-1-905x450-1.jpg?fit=905%2C450&ssl=1&resize=525%2C300 1.5x, https:\/\/i0.wp.com\/www.shqiperia.com\/blog\/wp-content\/uploads\/2020\/01\/kalaja-rozafes-1-905x450-1.jpg?fit=905%2C450&ssl=1&resize=700%2C400 2x"},"classes":[]},{"id":75623,"url":"https:\/\/www.shqiperia.com\/blog\/spartak-ngjela-rama-mendon-meqe-eshte-kryeminister-e-ka-prone-te-tij-shqiperine\/","url_meta":{"origin":25278,"position":1},"title":"Spartak Ngjela: &#8211; Rama mendon meq\u00eb \u00ebsht\u00eb kryeminist\u00ebr, e ka pron\u00eb t\u00eb tij Shqip\u00ebrin\u00eb","author":"Kurt Farka","date":"November 16, 2023","format":false,"excerpt":"16 Nentor 2023 Marr\u00ebveshja mes kryeministrit Edi Rama dhe homologes s\u00eb tij italiane Georgia Meloni p\u00ebr sjelljen e emigrant\u00ebve t\u00eb paligjsh\u00ebm n\u00eb Lezh\u00eb. Avokati Spartak Ngjela ka deklaruar n\u00eb Euronews Albania se kjo marr\u00ebveshje nuk do t\u00eb b\u00ebhej n\u00ebse Shqip\u00ebria do t\u00eb merrte qira nga Italia p\u00ebr territorin q\u00eb do\u2026","rel":"","context":"In &quot;Blogu i Udh\u00ebtarit&quot;","block_context":{"text":"Blogu i Udh\u00ebtarit","link":"https:\/\/www.shqiperia.com\/blog\/category\/blogu-i-udhetarit\/"},"img":{"alt_text":"","src":"https:\/\/i0.wp.com\/www.shqiperia.com\/blog\/wp-content\/uploads\/2023\/11\/ngjela-770x433-1.jpg?fit=770%2C433&ssl=1&resize=350%2C200","width":350,"height":200,"srcset":"https:\/\/i0.wp.com\/www.shqiperia.com\/blog\/wp-content\/uploads\/2023\/11\/ngjela-770x433-1.jpg?fit=770%2C433&ssl=1&resize=350%2C200 1x, https:\/\/i0.wp.com\/www.shqiperia.com\/blog\/wp-content\/uploads\/2023\/11\/ngjela-770x433-1.jpg?fit=770%2C433&ssl=1&resize=525%2C300 1.5x, https:\/\/i0.wp.com\/www.shqiperia.com\/blog\/wp-content\/uploads\/2023\/11\/ngjela-770x433-1.jpg?fit=770%2C433&ssl=1&resize=700%2C400 2x"},"classes":[]},{"id":48321,"url":"https:\/\/www.shqiperia.com\/blog\/qe-nga-muaj-maji-i-ketij-viti-20-deputete-kane-hequr-dore-ne-menyre-te-befasishme-nga-perfitimi-i-rimbursimit-te-qirase-deputetet-kishin-paraqitur-kontrata-sikur-jetonin-me-qira-ne-tirane-pasi-moren\/","url_meta":{"origin":25278,"position":2},"title":"Q\u00eb nga muaj maji i k\u00ebtij viti 20 deputet\u00eb kan\u00eb hequr dor\u00eb n\u00eb m\u00ebnyr\u00eb t\u00eb befasishme nga p\u00ebrfitimi i rimbursimit t\u00eb qiras\u00eb. Deputet\u00ebt kishin paraqitur kontrata sikur jetonin me qira n\u00eb Tiran\u00eb pasi mor\u00ebn mandatin. Disa prej tyre kan\u00eb banuar n\u00eb kryeqytet para se t\u00eb b\u00ebheshin pjes\u00eb e Kuvendit. Kishin n\u00eb pron\u00ebsi disa pasuri t\u00eb paluajtshme","author":"Kurt Farka","date":"July 7, 2021","format":false,"excerpt":"Q\u00eb nga muaj maji i k\u00ebtij viti 20 deputet\u00eb kan\u00eb hequr dor\u00eb n\u00eb m\u00ebnyr\u00eb t\u00eb befasishme nga p\u00ebrfitimi i rimbursimit t\u00eb qiras\u00eb. Deputet\u00ebt kishin paraqitur kontrata sikur jetonin me qira n\u00eb Tiran\u00eb pasi mor\u00ebn mandatin. Disa prej tyre kan\u00eb banuar n\u00eb kryeqytet para se t\u00eb b\u00ebheshin pjes\u00eb e Kuvendit. Kishin\u2026","rel":"","context":"In &quot;Blogu i Udh\u00ebtarit&quot;","block_context":{"text":"Blogu i Udh\u00ebtarit","link":"https:\/\/www.shqiperia.com\/blog\/category\/blogu-i-udhetarit\/"},"img":{"alt_text":"","src":"https:\/\/i0.wp.com\/www.shqiperia.com\/blog\/wp-content\/uploads\/2021\/07\/1625584851_Screenshot1.jpg?fit=780%2C440&ssl=1&resize=350%2C200","width":350,"height":200,"srcset":"https:\/\/i0.wp.com\/www.shqiperia.com\/blog\/wp-content\/uploads\/2021\/07\/1625584851_Screenshot1.jpg?fit=780%2C440&ssl=1&resize=350%2C200 1x, https:\/\/i0.wp.com\/www.shqiperia.com\/blog\/wp-content\/uploads\/2021\/07\/1625584851_Screenshot1.jpg?fit=780%2C440&ssl=1&resize=525%2C300 1.5x, https:\/\/i0.wp.com\/www.shqiperia.com\/blog\/wp-content\/uploads\/2021\/07\/1625584851_Screenshot1.jpg?fit=780%2C440&ssl=1&resize=700%2C400 2x"},"classes":[]},{"id":31604,"url":"https:\/\/www.shqiperia.com\/blog\/foto-nga-hotelet-ne-rrenoja\/","url_meta":{"origin":25278,"position":3},"title":"FOTO: Nga hotelet, n\u00eb rr\u00ebnoja","author":"Kurt Farka","date":"February 20, 2020","format":false,"excerpt":"FOTO: Nga hotelet, n\u00eb rr\u00ebnoja 18 shkurt \u00a02020 Nga Eriola Azizolli Dhjetra banor\u00eb t\u00eb qytetit t\u00eb Durr\u00ebsit jan\u00eb kthyer n\u00eb pallatet e pabanueshme, nd\u00ebrsa varf\u00ebria dhe burokracit\u00eb ua kan\u00eb pamund\u00ebsuar gjetjen e banesave me qira. Dera e apartamentit t\u00eb Rakip dhe Dile Rek\u00ebs q\u00ebndron gjithmon\u00eb hapur. \u00c7ifti jeton n\u00eb katin\u2026","rel":"","context":"In &quot;Blogu i Udh\u00ebtarit&quot;","block_context":{"text":"Blogu i Udh\u00ebtarit","link":"https:\/\/www.shqiperia.com\/blog\/category\/blogu-i-udhetarit\/"},"img":{"alt_text":"","src":"https:\/\/i0.wp.com\/www.shqiperia.com\/blog\/wp-content\/uploads\/2020\/02\/Jodina-Kajana-duke-folur-p%C3%ABr-BIRN-600x338-1.jpg?fit=600%2C338&ssl=1&resize=350%2C200","width":350,"height":200,"srcset":"https:\/\/i0.wp.com\/www.shqiperia.com\/blog\/wp-content\/uploads\/2020\/02\/Jodina-Kajana-duke-folur-p%C3%ABr-BIRN-600x338-1.jpg?fit=600%2C338&ssl=1&resize=350%2C200 1x, https:\/\/i0.wp.com\/www.shqiperia.com\/blog\/wp-content\/uploads\/2020\/02\/Jodina-Kajana-duke-folur-p%C3%ABr-BIRN-600x338-1.jpg?fit=600%2C338&ssl=1&resize=525%2C300 1.5x"},"classes":[]},{"id":96471,"url":"https:\/\/www.shqiperia.com\/blog\/delina-ibrahimaj-zgjuar-per-festa-jep-me-1-euro-52-mije-m2-ne-porto-romano\/","url_meta":{"origin":25278,"position":4},"title":"Delina Ibrahimaj zgjuar p\u00ebr festa, jep me 1 euro, 52 mij\u00eb m2 n\u00eb Porto Romano","author":"Kurt Farka","date":"January 10, 2026","format":false,"excerpt":"10 Janar 2026 Nd\u00ebrkoh\u00eb q\u00eb shqiptar\u00ebt p\u00ebrgatiteshin p\u00ebr Vitin e Ri 2026, me nj\u00eb vendim t\u00eb qeveris\u00eb t\u00eb dat\u00ebs 30 dhjetor t\u00eb vitit 2025 jan\u00eb dh\u00ebn\u00eb plot 52 mij\u00eb metra katror\u00eb truall me qira p\u00ebr 1 euro n\u00eb Porto Romano. CNA prej disa dit\u00ebsh \u00ebsht\u00eb p\u00ebrpjekur t\u00eb b\u00ebj\u00eb nj\u00eb investigim\u2026","rel":"","context":"In &quot;Blogu i Udh\u00ebtarit&quot;","block_context":{"text":"Blogu i Udh\u00ebtarit","link":"https:\/\/www.shqiperia.com\/blog\/category\/blogu-i-udhetarit\/"},"img":{"alt_text":"","src":"https:\/\/i0.wp.com\/www.shqiperia.com\/blog\/wp-content\/uploads\/2026\/01\/Delina-Brahimaj.png?fit=640%2C336&ssl=1&resize=350%2C200","width":350,"height":200,"srcset":"https:\/\/i0.wp.com\/www.shqiperia.com\/blog\/wp-content\/uploads\/2026\/01\/Delina-Brahimaj.png?fit=640%2C336&ssl=1&resize=350%2C200 1x, https:\/\/i0.wp.com\/www.shqiperia.com\/blog\/wp-content\/uploads\/2026\/01\/Delina-Brahimaj.png?fit=640%2C336&ssl=1&resize=525%2C300 1.5x"},"classes":[]},{"id":98474,"url":"https:\/\/www.shqiperia.com\/blog\/lista-deputetet-mashtrojne-me-qirate-karburantin-dhe-dietat-kuvendi-paguan-miliona-euro-per-140-baballaret-e-kombit\/","url_meta":{"origin":25278,"position":5},"title":"LISTA\/ \u201cDeputet\u00ebt mashtrojn\u00eb me qirat\u00eb, karburantin dhe dietat\u201d &#8211; Kuvendi paguan miliona euro p\u00ebr 140 \u201cbaballar\u00ebt e kombit\u201d","author":"Kurt Farka","date":"March 18, 2026","format":false,"excerpt":"18 Mars 2026 Paraja nuk ka ngjyr\u00eb, aq m\u00eb tep\u00ebr n\u00eb politik\u00eb! Ligjv\u00ebn\u00ebsit shqiptar\u00eb, pavar\u00ebsisht se kujt partie i p\u00ebrkasin, mazhoranc\u00ebs, opozit\u00ebs apo edhe partit\u00eb e vogla, shfryt\u00ebzojn\u00eb \u00e7do nen t\u00eb ligjit p\u00ebr \u201cstatusin e deputetit\u201d p\u00ebr t\u00eb marr\u00eb edhe qindarkat. Por, sa paguhen dhe \u00e7far\u00eb p\u00ebrfitimesh kan\u00eb deputet\u00ebt n\u00eb\u2026","rel":"","context":"In &quot;Blogu i Udh\u00ebtarit&quot;","block_context":{"text":"Blogu i Udh\u00ebtarit","link":"https:\/\/www.shqiperia.com\/blog\/category\/blogu-i-udhetarit\/"},"img":{"alt_text":"","src":"https:\/\/i0.wp.com\/www.shqiperia.com\/blog\/wp-content\/uploads\/2026\/03\/640-0-356263d90414b43d88982ab1db4513a4.jpg?fit=640%2C360&ssl=1&resize=350%2C200","width":350,"height":200,"srcset":"https:\/\/i0.wp.com\/www.shqiperia.com\/blog\/wp-content\/uploads\/2026\/03\/640-0-356263d90414b43d88982ab1db4513a4.jpg?fit=640%2C360&ssl=1&resize=350%2C200 1x, https:\/\/i0.wp.com\/www.shqiperia.com\/blog\/wp-content\/uploads\/2026\/03\/640-0-356263d90414b43d88982ab1db4513a4.jpg?fit=640%2C360&ssl=1&resize=525%2C300 1.5x"},"classes":[]}],"_links":{"self":[{"href":"https:\/\/www.shqiperia.com\/blog\/wp-json\/wp\/v2\/posts\/25278","targetHints":{"allow":["GET"]}}],"collection":[{"href":"https:\/\/www.shqiperia.com\/blog\/wp-json\/wp\/v2\/posts"}],"about":[{"href":"https:\/\/www.shqiperia.com\/blog\/wp-json\/wp\/v2\/types\/post"}],"author":[{"embeddable":true,"href":"https:\/\/www.shqiperia.com\/blog\/wp-json\/wp\/v2\/users\/9"}],"replies":[{"embeddable":true,"href":"https:\/\/www.shqiperia.com\/blog\/wp-json\/wp\/v2\/comments?post=25278"}],"version-history":[{"count":5,"href":"https:\/\/www.shqiperia.com\/blog\/wp-json\/wp\/v2\/posts\/25278\/revisions"}],"predecessor-version":[{"id":25290,"href":"https:\/\/www.shqiperia.com\/blog\/wp-json\/wp\/v2\/posts\/25278\/revisions\/25290"}],"wp:featuredmedia":[{"embeddable":true,"href":"https:\/\/www.shqiperia.com\/blog\/wp-json\/wp\/v2\/media\/25279"}],"wp:attachment":[{"href":"https:\/\/www.shqiperia.com\/blog\/wp-json\/wp\/v2\/media?parent=25278"}],"wp:term":[{"taxonomy":"category","embeddable":true,"href":"https:\/\/www.shqiperia.com\/blog\/wp-json\/wp\/v2\/categories?post=25278"},{"taxonomy":"post_tag","embeddable":true,"href":"https:\/\/www.shqiperia.com\/blog\/wp-json\/wp\/v2\/tags?post=25278"}],"curies":[{"name":"wp","href":"https:\/\/api.w.org\/{rel}","templated":true}]}}