{"id":25270,"date":"2019-08-30T07:14:54","date_gmt":"2019-08-30T07:14:54","guid":{"rendered":"https:\/\/www.shqiperia.com\/blog\/?p=25270"},"modified":"2019-08-30T07:17:10","modified_gmt":"2019-08-30T07:17:10","slug":"obsh-ngre-alarmin-shqiperia-mes-kater-shteteve-me-problematike-ku-po-perhapet-fruthi","status":"publish","type":"post","link":"https:\/\/www.shqiperia.com\/blog\/obsh-ngre-alarmin-shqiperia-mes-kater-shteteve-me-problematike-ku-po-perhapet-fruthi\/","title":{"rendered":"OBSH ngre alarmin: Shqip\u00ebria mes kat\u00ebr shteteve m\u00eb problematike ku po p\u00ebrhapet fruthi. &#8211;"},"content":{"rendered":"<p><img data-recalc-dims=\"1\" loading=\"lazy\" decoding=\"async\" data-attachment-id=\"25271\" data-permalink=\"https:\/\/www.shqiperia.com\/blog\/obsh-ngre-alarmin-shqiperia-mes-kater-shteteve-me-problematike-ku-po-perhapet-fruthi\/fruthi-700x467\/\" data-orig-file=\"https:\/\/i0.wp.com\/www.shqiperia.com\/blog\/wp-content\/uploads\/2019\/08\/FRUTHI-700x467.jpg?fit=700%2C467&amp;ssl=1\" data-orig-size=\"700,467\" data-comments-opened=\"1\" data-image-meta=\"{&quot;aperture&quot;:&quot;0&quot;,&quot;credit&quot;:&quot;&quot;,&quot;camera&quot;:&quot;&quot;,&quot;caption&quot;:&quot;&quot;,&quot;created_timestamp&quot;:&quot;0&quot;,&quot;copyright&quot;:&quot;&quot;,&quot;focal_length&quot;:&quot;0&quot;,&quot;iso&quot;:&quot;0&quot;,&quot;shutter_speed&quot;:&quot;0&quot;,&quot;title&quot;:&quot;&quot;,&quot;orientation&quot;:&quot;0&quot;}\" data-image-title=\"FRUTHI-700&#215;467\" data-image-description=\"\" data-image-caption=\"\" data-medium-file=\"https:\/\/i0.wp.com\/www.shqiperia.com\/blog\/wp-content\/uploads\/2019\/08\/FRUTHI-700x467.jpg?fit=300%2C200&amp;ssl=1\" data-large-file=\"https:\/\/i0.wp.com\/www.shqiperia.com\/blog\/wp-content\/uploads\/2019\/08\/FRUTHI-700x467.jpg?fit=700%2C467&amp;ssl=1\" class=\"alignnone wp-image-25271\" alt=\"\" src=\"https:\/\/i0.wp.com\/www.shqiperia.com\/blog\/wp-content\/uploads\/2019\/08\/FRUTHI-700x467.jpg?resize=464%2C309&#038;ssl=1\" width=\"464\" height=\"309\" srcset=\"https:\/\/i0.wp.com\/www.shqiperia.com\/blog\/wp-content\/uploads\/2019\/08\/FRUTHI-700x467.jpg?resize=300%2C200&amp;ssl=1 300w, https:\/\/i0.wp.com\/www.shqiperia.com\/blog\/wp-content\/uploads\/2019\/08\/FRUTHI-700x467.jpg?resize=600%2C400&amp;ssl=1 600w, https:\/\/i0.wp.com\/www.shqiperia.com\/blog\/wp-content\/uploads\/2019\/08\/FRUTHI-700x467.jpg?resize=450%2C300&amp;ssl=1 450w, https:\/\/i0.wp.com\/www.shqiperia.com\/blog\/wp-content\/uploads\/2019\/08\/FRUTHI-700x467.jpg?resize=400%2C267&amp;ssl=1 400w, https:\/\/i0.wp.com\/www.shqiperia.com\/blog\/wp-content\/uploads\/2019\/08\/FRUTHI-700x467.jpg?resize=700%2C467&amp;ssl=1 700w\" sizes=\"auto, (max-width: 464px) 100vw, 464px\" \/><\/p>\n<p><strong>OBSH ngre alarmin: Shqip\u00ebria mes kat\u00ebr shteteve m\u00eb problematike ku po p\u00ebrhapet fruthi. &#8211;<\/strong><\/p>\n<ul>\n<li><strong>29 Gusht 2019.<\/strong><\/li>\n<\/ul>\n<p><strong>OBSH ngre alarmin se n\u00eb 4 vende t\u00eb Evrop\u00ebs, mes tyre Shqip\u00ebria, \u00ebsht\u00eb duke u p\u00ebrhapur fruthi.<\/strong><\/p>\n<p>Lajmi b\u00ebhet me dije n\u00eb faqen zyrtare t\u00eb Organizat\u00ebs Bot\u00ebrore t\u00eb Sh\u00ebndet\u00ebsis\u00eb, e cila i referohet nj\u00eb studimi t\u00eb kryer Komisionit Evropian t\u00eb Verifikimit t\u00eb eleminimit t\u00eb Fruthit dhe Rubeol\u00ebs (RVC).<\/p>\n<p>\u201cPas disa vitesh ku u sh\u00ebnua p\u00ebrparim i vazhduesh\u00ebm drejt eliminimit t\u00eb fruthit n\u00eb Rajonin Evropian, numri i vendeve q\u00eb kan\u00eb arritur ose eleminuar q\u00ebndrueshm\u00ebrin\u00eb e s\u00ebmundjes ka r\u00ebn\u00eb\u201d, ishte konkluzioni i RVC, bazuar n\u00eb nj\u00eb vler\u00ebsim t\u00eb azhurnimeve t\u00eb statusit vjetor p\u00ebr vitin 2018 t\u00eb paraqitur nga 53 Shtetet An\u00ebtare t\u00eb Rajonit.<\/p>\n<p>RVC p\u00ebrcaktoi q\u00eb p\u00ebr her\u00eb t\u00eb par\u00eb q\u00eb nga fillimi i procesit t\u00eb verifikimit n\u00eb Rajon n\u00eb vitin 2012, 4 vende (Shqip\u00ebria, Czechekia, Greqia dhe Mbret\u00ebria e Bashkuar) humb\u00ebn statusin e tyre t\u00eb eleminimit t\u00eb fruthit.<\/p>\n<p>\u201cRikthimi i p\u00ebrhapjes s\u00eb fruthit \u00ebsht\u00eb shqet\u00ebsues. N\u00ebse mbulimi me vaksina nuk arrihet dhe nuk mbahet n\u00eb \u00e7do komunitet, edhe f\u00ebmij\u00ebt, rdhe t\u00eb rriturit do t\u00eb preken dhe madhe rrezikojn\u00eb t\u00eb humbin edhe jet\u00ebn\u201d, thot\u00eb Dr G\u00fcnter Pfaff, Kryetar i RVC.<\/p>\n","protected":false},"excerpt":{"rendered":"<p>OBSH ngre alarmin: Shqip\u00ebria mes kat\u00ebr shteteve m\u00eb problematike ku po p\u00ebrhapet fruthi. &#8211; 29 Gusht 2019. OBSH ngre alarmin se n\u00eb 4 vende t\u00eb Evrop\u00ebs, mes tyre Shqip\u00ebria, \u00ebsht\u00eb duke u p\u00ebrhapur fruthi. Lajmi b\u00ebhet me dije n\u00eb faqen zyrtare t\u00eb Organizat\u00ebs Bot\u00ebrore t\u00eb Sh\u00ebndet\u00ebsis\u00eb, e cila i referohet nj\u00eb studimi t\u00eb kryer Komisionit [&hellip;]<\/p>\n","protected":false},"author":9,"featured_media":25271,"comment_status":"open","ping_status":"open","sticky":false,"template":"","format":"standard","meta":{"jetpack_post_was_ever_published":false,"_jetpack_newsletter_access":"","_jetpack_dont_email_post_to_subs":false,"_jetpack_newsletter_tier_id":0,"_jetpack_memberships_contains_paywalled_content":false,"_jetpack_memberships_contains_paid_content":false,"footnotes":"","jetpack_publicize_message":"","jetpack_publicize_feature_enabled":true,"jetpack_social_post_already_shared":true,"jetpack_social_options":{"image_generator_settings":{"template":"highway","default_image_id":0,"font":"","enabled":false},"version":2}},"categories":[27,1,35],"tags":[],"class_list":["post-25270","post","type-post","status-publish","format-standard","has-post-thumbnail","hentry","category-blogu-i-udhetarit","category-njoftime-shtypi","category-shoqerore"],"jetpack_publicize_connections":[],"jetpack_featured_media_url":"https:\/\/i0.wp.com\/www.shqiperia.com\/blog\/wp-content\/uploads\/2019\/08\/FRUTHI-700x467.jpg?fit=700%2C467&ssl=1","jetpack_sharing_enabled":true,"jetpack_shortlink":"https:\/\/wp.me\/p5Z6wp-6zA","jetpack-related-posts":[{"id":90217,"url":"https:\/\/www.shqiperia.com\/blog\/epidemi-fruthi-ne-shba-qindra-te-infektuar-dhe-dy-viktima-cdc-ve-alarmin-priten-me-shume-raste\/","url_meta":{"origin":25270,"position":0},"title":"Epidemi fruthi n\u00eb SHBA, qindra t\u00eb infektuar dhe dy viktima, CDC v\u00eb alarmin: Priten m\u00eb shum\u00eb raste!","author":"Kurt Farka","date":"March 8, 2025","format":false,"excerpt":"8 Mars 2025 Epidemia e fruthit q\u00eb ka shp\u00ebrthyer n\u00eb jugper\u00ebndim t\u00eb Shteteve t\u00eb Bashkuara ka marr\u00eb jet\u00ebn e dy personave, nd\u00ebrsa rastet tashm\u00eb kan\u00eb arritur n\u00eb afro 230, sipas t\u00eb dh\u00ebnave t\u00eb fundit t\u00eb publikuara, duke detyruar autoritetet sh\u00ebndet\u00ebsore t\u00eb l\u00ebshojn\u00eb nj\u00eb paralajm\u00ebrim p\u00ebr udh\u00ebtar\u00ebt dhe profesionist\u00ebt sh\u00ebndet\u00ebsor\u00eb. Teksasi\u2026","rel":"","context":"In &quot;Blogu i Udh\u00ebtarit&quot;","block_context":{"text":"Blogu i Udh\u00ebtarit","link":"https:\/\/www.shqiperia.com\/blog\/category\/blogu-i-udhetarit\/"},"img":{"alt_text":"","src":"https:\/\/i0.wp.com\/www.shqiperia.com\/blog\/wp-content\/uploads\/2025\/03\/ilara09s.jpg?fit=782%2C440&ssl=1&resize=350%2C200","width":350,"height":200,"srcset":"https:\/\/i0.wp.com\/www.shqiperia.com\/blog\/wp-content\/uploads\/2025\/03\/ilara09s.jpg?fit=782%2C440&ssl=1&resize=350%2C200 1x, https:\/\/i0.wp.com\/www.shqiperia.com\/blog\/wp-content\/uploads\/2025\/03\/ilara09s.jpg?fit=782%2C440&ssl=1&resize=525%2C300 1.5x, https:\/\/i0.wp.com\/www.shqiperia.com\/blog\/wp-content\/uploads\/2025\/03\/ilara09s.jpg?fit=782%2C440&ssl=1&resize=700%2C400 2x"},"classes":[]},{"id":41380,"url":"https:\/\/www.shqiperia.com\/blog\/obsh-ngre-alarmin-per-nje-tjeter-virus\/","url_meta":{"origin":25270,"position":1},"title":"OBSH ngre alarmin p\u00ebr nj\u00eb tjet\u00ebr virus \u2026","author":"Kurt Farka","date":"November 30, 2020","format":false,"excerpt":"OBSH ngre alarmin p\u00ebr nj\u00eb tjet\u00ebr virus \u2026 30 N\u00cbNTOR 2020 N\u00eb nj\u00eb moment q\u00eb e gjith\u00eb v\u00ebmendja e shteteve \u00ebsht\u00eb p\u00ebrq\u00ebndruar tek pandemia e Covid-19, OBSH ngre alarmin p\u00ebr nj\u00eb tjet\u00ebr virus q\u00eb po merr p\u00ebrmasa t\u00eb frikshme, duke mos u kapur n\u00eb koh\u00ebn e duhur. Virusi HIV po\u2026","rel":"","context":"In &quot;Blogu i Udh\u00ebtarit&quot;","block_context":{"text":"Blogu i Udh\u00ebtarit","link":"https:\/\/www.shqiperia.com\/blog\/category\/blogu-i-udhetarit\/"},"img":{"alt_text":"","src":"https:\/\/i0.wp.com\/www.shqiperia.com\/blog\/wp-content\/uploads\/2020\/11\/640-0-5fc4a54c88d00.jpg?fit=640%2C355&ssl=1&resize=350%2C200","width":350,"height":200,"srcset":"https:\/\/i0.wp.com\/www.shqiperia.com\/blog\/wp-content\/uploads\/2020\/11\/640-0-5fc4a54c88d00.jpg?fit=640%2C355&ssl=1&resize=350%2C200 1x, https:\/\/i0.wp.com\/www.shqiperia.com\/blog\/wp-content\/uploads\/2020\/11\/640-0-5fc4a54c88d00.jpg?fit=640%2C355&ssl=1&resize=525%2C300 1.5x"},"classes":[]},{"id":44699,"url":"https:\/\/www.shqiperia.com\/blog\/obsh-ngre-alarmin-10-e-pacienteve-me-covid-19-simptoma-serioze-edhe-12-jave-pas-infektimit\/","url_meta":{"origin":25270,"position":2},"title":"OBSH ngre alarmin: 10 % e pacient\u00ebve me COVID-19, simptoma serioze edhe 12 jav\u00eb pas infektimit","author":"Kurt Farka","date":"February 27, 2021","format":false,"excerpt":"OBSH ngre alarmin: 10 % e pacient\u00ebve me COVID-19, simptoma serioze edhe 12 jav\u00eb pas infektimit 25 SHKURT 2021 Mij\u00ebra pacient\u00eb me COVID-19 vazhdojn\u00eb t\u00eb vuajn\u00eb simptoma serioze dhe t\u00eb zgjatura shum\u00eb muaj pas periudh\u00ebs s\u00eb tyre fillestare t\u00eb infeksionit, me pasoja t\u00eb m\u00ebdha sociale, sh\u00ebndet\u00ebsore dhe ekonomike, than\u00eb t\u00eb\u2026","rel":"","context":"In &quot;Blogu i Udh\u00ebtarit&quot;","block_context":{"text":"Blogu i Udh\u00ebtarit","link":"https:\/\/www.shqiperia.com\/blog\/category\/blogu-i-udhetarit\/"},"img":{"alt_text":"","src":"https:\/\/i0.wp.com\/www.shqiperia.com\/blog\/wp-content\/uploads\/2021\/02\/covid19.jpg?fit=632%2C350&ssl=1&resize=350%2C200","width":350,"height":200,"srcset":"https:\/\/i0.wp.com\/www.shqiperia.com\/blog\/wp-content\/uploads\/2021\/02\/covid19.jpg?fit=632%2C350&ssl=1&resize=350%2C200 1x, https:\/\/i0.wp.com\/www.shqiperia.com\/blog\/wp-content\/uploads\/2021\/02\/covid19.jpg?fit=632%2C350&ssl=1&resize=525%2C300 1.5x"},"classes":[]},{"id":76725,"url":"https:\/\/www.shqiperia.com\/blog\/obsh-ngre-alarmin-popullsia-e-gazes-eshte-ne-rrezik-te-madh\/","url_meta":{"origin":25270,"position":3},"title":"OBSH ngre alarmin: &#8211; Popullsia e Gaz\u00ebs \u00ebsht\u00eb n\u00eb rrezik t\u00eb madh","author":"Kurt Farka","date":"December 28, 2023","format":false,"excerpt":"28 Dhjetor 2023 Popullsia e Gaz\u00ebs \u00ebsht\u00eb \u201cn\u00eb rrezik t\u00eb madh\u201d paralajm\u00ebroi m\u00eb 27 dhjetor kreu i Organizat\u00ebs Bot\u00ebrore t\u00eb Sh\u00ebndet\u00ebsis\u00eb (OBSH), duke p\u00ebrmendur urin\u00eb akute dhe d\u00ebshp\u00ebrimin e p\u00ebrhapur n\u00eb mbar\u00eb territorin e shkat\u00ebrruar nga lufta. OBSH-ja tha se nj\u00eb dit\u00eb m\u00eb her\u00ebt ka d\u00ebrguar furnizime n\u00eb dy spitale\u2026","rel":"","context":"In &quot;Blogu i Udh\u00ebtarit&quot;","block_context":{"text":"Blogu i Udh\u00ebtarit","link":"https:\/\/www.shqiperia.com\/blog\/category\/blogu-i-udhetarit\/"},"img":{"alt_text":"","src":"https:\/\/i0.wp.com\/www.shqiperia.com\/blog\/wp-content\/uploads\/2023\/12\/800-0-658c96b27fd8e.jpg?fit=800%2C450&ssl=1&resize=350%2C200","width":350,"height":200,"srcset":"https:\/\/i0.wp.com\/www.shqiperia.com\/blog\/wp-content\/uploads\/2023\/12\/800-0-658c96b27fd8e.jpg?fit=800%2C450&ssl=1&resize=350%2C200 1x, https:\/\/i0.wp.com\/www.shqiperia.com\/blog\/wp-content\/uploads\/2023\/12\/800-0-658c96b27fd8e.jpg?fit=800%2C450&ssl=1&resize=525%2C300 1.5x, https:\/\/i0.wp.com\/www.shqiperia.com\/blog\/wp-content\/uploads\/2023\/12\/800-0-658c96b27fd8e.jpg?fit=800%2C450&ssl=1&resize=700%2C400 2x"},"classes":[]},{"id":34694,"url":"https:\/\/www.shqiperia.com\/blog\/beni-gati-spitalet-per-valen-e-dyte-paralajmerimi-trondites-i-zyrtarit-me-te-larte-te-obsh-jo-koha-per-festime-ne-vjeshte\/","url_meta":{"origin":25270,"position":4},"title":"\u201cB\u00ebni gati spitalet p\u00ebr val\u00ebn e dyt\u00eb\u201d\/ Paralajm\u00ebrimi trondit\u00ebs i zyrtarit m\u00eb t\u00eb lart\u00eb t\u00eb OBSH: Jo koha p\u00ebr festime, n\u00eb vjesht\u00eb\u2026","author":"Kurt Farka","date":"May 16, 2020","format":false,"excerpt":"\u201cB\u00ebni gati spitalet p\u00ebr val\u00ebn e dyt\u00eb\u201d\/ Paralajm\u00ebrimi trondit\u00ebs i zyrtarit m\u00eb t\u00eb lart\u00eb t\u00eb OBSH: Jo koha p\u00ebr festime, n\u00eb vjesht\u00eb\u2026 15 maji 2020 Nj\u00eb val\u00eb e dyt\u00eb e koronavirusit edhe m\u00eb vdekjeprur\u00ebse do \u201ct\u00eb godas\u00eb Evrop\u00ebn k\u00ebt\u00eb dim\u00ebr\u201d. Paralajm\u00ebrimi vjen nga zyrtari m\u00eb i lart\u00eb i OBSH-s\u00eb p\u00ebr\u2026","rel":"","context":"In &quot;Blogu i Udh\u00ebtarit&quot;","block_context":{"text":"Blogu i Udh\u00ebtarit","link":"https:\/\/www.shqiperia.com\/blog\/category\/blogu-i-udhetarit\/"},"img":{"alt_text":"","src":"https:\/\/i0.wp.com\/www.shqiperia.com\/blog\/wp-content\/uploads\/2020\/05\/MAJOR-NEWS-WINTER-CORONA_portal_trans_NvBQzQNjv4BqqVzuuqpFlyLIwiB6NTmJwfSM8Sv5nIxQonD2k-JCC_U.jpg?fit=960%2C600&ssl=1&resize=350%2C200","width":350,"height":200,"srcset":"https:\/\/i0.wp.com\/www.shqiperia.com\/blog\/wp-content\/uploads\/2020\/05\/MAJOR-NEWS-WINTER-CORONA_portal_trans_NvBQzQNjv4BqqVzuuqpFlyLIwiB6NTmJwfSM8Sv5nIxQonD2k-JCC_U.jpg?fit=960%2C600&ssl=1&resize=350%2C200 1x, https:\/\/i0.wp.com\/www.shqiperia.com\/blog\/wp-content\/uploads\/2020\/05\/MAJOR-NEWS-WINTER-CORONA_portal_trans_NvBQzQNjv4BqqVzuuqpFlyLIwiB6NTmJwfSM8Sv5nIxQonD2k-JCC_U.jpg?fit=960%2C600&ssl=1&resize=525%2C300 1.5x, https:\/\/i0.wp.com\/www.shqiperia.com\/blog\/wp-content\/uploads\/2020\/05\/MAJOR-NEWS-WINTER-CORONA_portal_trans_NvBQzQNjv4BqqVzuuqpFlyLIwiB6NTmJwfSM8Sv5nIxQonD2k-JCC_U.jpg?fit=960%2C600&ssl=1&resize=700%2C400 2x"},"classes":[]},{"id":81896,"url":"https:\/\/www.shqiperia.com\/blog\/antibiotiket-nuk-po-funksionojne-obsh-jep-alarmin-per-rrezikun\/","url_meta":{"origin":25270,"position":5},"title":"Antibiotik\u00ebt nuk po funksionojn\u00eb, OBSH jep alarmin p\u00ebr rrezikun","author":"Kurt Farka","date":"June 17, 2024","format":false,"excerpt":"17 Qershor 2024 Organizata bot\u00ebrore e sh\u00ebndet\u00ebsis\u00eb jep alarmin edhe nj\u00eb her\u00eb p\u00ebr rezistenc\u00ebn ndaj antibiotik\u00ebve. 32 lloje antibiotiku jan\u00eb aktualisht n\u00eb faz\u00eb zhvillimi n\u00eb t\u00eb gjith\u00eb bot\u00ebn dhe vet\u00ebm 12 prej tyre mund t\u00eb konsiderohen risi. Vet\u00ebm 4 jan\u00eb aktiv\u00eb kund\u00ebr nj\u00eb patogjeni \u201ckritik\u201d t\u00eb renditur nga OBSH n\u00eb\u2026","rel":"","context":"In &quot;Blogu i Udh\u00ebtarit&quot;","block_context":{"text":"Blogu i Udh\u00ebtarit","link":"https:\/\/www.shqiperia.com\/blog\/category\/blogu-i-udhetarit\/"},"img":{"alt_text":"","src":"https:\/\/i0.wp.com\/www.shqiperia.com\/blog\/wp-content\/uploads\/2024\/06\/800-0-77dcae81b62498a5cbefe5f1c00879f5.jpg?fit=800%2C473&ssl=1&resize=350%2C200","width":350,"height":200,"srcset":"https:\/\/i0.wp.com\/www.shqiperia.com\/blog\/wp-content\/uploads\/2024\/06\/800-0-77dcae81b62498a5cbefe5f1c00879f5.jpg?fit=800%2C473&ssl=1&resize=350%2C200 1x, https:\/\/i0.wp.com\/www.shqiperia.com\/blog\/wp-content\/uploads\/2024\/06\/800-0-77dcae81b62498a5cbefe5f1c00879f5.jpg?fit=800%2C473&ssl=1&resize=525%2C300 1.5x, https:\/\/i0.wp.com\/www.shqiperia.com\/blog\/wp-content\/uploads\/2024\/06\/800-0-77dcae81b62498a5cbefe5f1c00879f5.jpg?fit=800%2C473&ssl=1&resize=700%2C400 2x"},"classes":[]}],"_links":{"self":[{"href":"https:\/\/www.shqiperia.com\/blog\/wp-json\/wp\/v2\/posts\/25270","targetHints":{"allow":["GET"]}}],"collection":[{"href":"https:\/\/www.shqiperia.com\/blog\/wp-json\/wp\/v2\/posts"}],"about":[{"href":"https:\/\/www.shqiperia.com\/blog\/wp-json\/wp\/v2\/types\/post"}],"author":[{"embeddable":true,"href":"https:\/\/www.shqiperia.com\/blog\/wp-json\/wp\/v2\/users\/9"}],"replies":[{"embeddable":true,"href":"https:\/\/www.shqiperia.com\/blog\/wp-json\/wp\/v2\/comments?post=25270"}],"version-history":[{"count":2,"href":"https:\/\/www.shqiperia.com\/blog\/wp-json\/wp\/v2\/posts\/25270\/revisions"}],"predecessor-version":[{"id":25273,"href":"https:\/\/www.shqiperia.com\/blog\/wp-json\/wp\/v2\/posts\/25270\/revisions\/25273"}],"wp:featuredmedia":[{"embeddable":true,"href":"https:\/\/www.shqiperia.com\/blog\/wp-json\/wp\/v2\/media\/25271"}],"wp:attachment":[{"href":"https:\/\/www.shqiperia.com\/blog\/wp-json\/wp\/v2\/media?parent=25270"}],"wp:term":[{"taxonomy":"category","embeddable":true,"href":"https:\/\/www.shqiperia.com\/blog\/wp-json\/wp\/v2\/categories?post=25270"},{"taxonomy":"post_tag","embeddable":true,"href":"https:\/\/www.shqiperia.com\/blog\/wp-json\/wp\/v2\/tags?post=25270"}],"curies":[{"name":"wp","href":"https:\/\/api.w.org\/{rel}","templated":true}]}}