{"id":25267,"date":"2019-08-30T06:51:58","date_gmt":"2019-08-30T06:51:58","guid":{"rendered":"https:\/\/www.shqiperia.com\/blog\/?p=25267"},"modified":"2019-08-30T06:52:17","modified_gmt":"2019-08-30T06:52:17","slug":"po-rama-pse-nuk-ja-le-vendin-nje-gruaje","status":"publish","type":"post","link":"https:\/\/www.shqiperia.com\/blog\/po-rama-pse-nuk-ja-le-vendin-nje-gruaje\/","title":{"rendered":"Po Rama pse nuk ja l\u00eb vendin nj\u00eb gruaje?!"},"content":{"rendered":"<p><img data-recalc-dims=\"1\" loading=\"lazy\" decoding=\"async\" data-attachment-id=\"25268\" data-permalink=\"https:\/\/www.shqiperia.com\/blog\/po-rama-pse-nuk-ja-le-vendin-nje-gruaje\/6-copy\/\" data-orig-file=\"https:\/\/i0.wp.com\/www.shqiperia.com\/blog\/wp-content\/uploads\/2019\/08\/6-Copy.jpg?fit=530%2C281&amp;ssl=1\" data-orig-size=\"530,281\" data-comments-opened=\"1\" data-image-meta=\"{&quot;aperture&quot;:&quot;0&quot;,&quot;credit&quot;:&quot;&quot;,&quot;camera&quot;:&quot;&quot;,&quot;caption&quot;:&quot;&quot;,&quot;created_timestamp&quot;:&quot;0&quot;,&quot;copyright&quot;:&quot;&quot;,&quot;focal_length&quot;:&quot;0&quot;,&quot;iso&quot;:&quot;0&quot;,&quot;shutter_speed&quot;:&quot;0&quot;,&quot;title&quot;:&quot;&quot;,&quot;orientation&quot;:&quot;0&quot;}\" data-image-title=\"6- Copy\" data-image-description=\"\" data-image-caption=\"\" data-medium-file=\"https:\/\/i0.wp.com\/www.shqiperia.com\/blog\/wp-content\/uploads\/2019\/08\/6-Copy.jpg?fit=300%2C159&amp;ssl=1\" data-large-file=\"https:\/\/i0.wp.com\/www.shqiperia.com\/blog\/wp-content\/uploads\/2019\/08\/6-Copy.jpg?fit=530%2C281&amp;ssl=1\" class=\"alignnone wp-image-25268\" alt=\"\" src=\"https:\/\/i0.wp.com\/www.shqiperia.com\/blog\/wp-content\/uploads\/2019\/08\/6-Copy.jpg?resize=674%2C357&#038;ssl=1\" width=\"674\" height=\"357\" srcset=\"https:\/\/i0.wp.com\/www.shqiperia.com\/blog\/wp-content\/uploads\/2019\/08\/6-Copy.jpg?resize=300%2C159&amp;ssl=1 300w, https:\/\/i0.wp.com\/www.shqiperia.com\/blog\/wp-content\/uploads\/2019\/08\/6-Copy.jpg?resize=450%2C239&amp;ssl=1 450w, https:\/\/i0.wp.com\/www.shqiperia.com\/blog\/wp-content\/uploads\/2019\/08\/6-Copy.jpg?w=530&amp;ssl=1 530w, https:\/\/i0.wp.com\/www.shqiperia.com\/blog\/wp-content\/uploads\/2019\/08\/6-Copy.jpg?resize=400%2C212&amp;ssl=1 400w\" sizes=\"auto, (max-width: 674px) 100vw, 674px\" \/><\/p>\n<p><strong>Po Rama pse nuk ja l\u00eb vendin nj\u00eb gruaje?!<\/strong><\/p>\n<ul>\n<li><strong>Nga Denis Dyrnjaja<\/strong><\/li>\n<\/ul>\n<p>29 Gusht, 2019<\/p>\n<p>Kryeministri gjat\u00eb gjith\u00eb fushat\u00ebs elektorale, por edhe n\u00eb vijim\u00ebsi, promovoi dhe vazhdon t\u00eb theksoj\u00eb, me nj\u00eb gjuh\u00eb gati diskriminuese ndaj burrave, iden\u00eb e angazhimit t\u00eb grave n\u00eb administrim dhe n\u00eb politik\u00eb.<\/p>\n<p>Madje idea basardoi deri n\u00eb humorin se edhe \u00e7ertifikatat e pron\u00ebsis\u00eb p\u00ebr legalizimet, kur i shp\u00ebrndante, d\u00ebshironte t\u2019ua jepte grave, pasi burrat, sipas tij, jan\u00eb nj\u00eb lloj qenieje me probleme brenda familjes dhe shoq\u00ebris\u00eb.<\/p>\n<p>A ka burra t\u00eb till\u00eb? Sa t\u00eb duash! A jan\u00eb t\u00eb gjith\u00eb t\u00eb till\u00eb? Absolitisht jo! Po pse at\u00ebher\u00eb Kryeministri sa vjen e shton doz\u00ebn se grat\u00eb jan\u00eb p\u00ebr pun\u00eb e burrat jo. Grat\u00eb jan\u00eb m\u00eb t\u00eb afta e burrat jo. Pse kjo frym\u00eb ndasie q\u00eb n\u00eb \u00e7do rast n\u00eb nj\u00ebrin krah krijon diskriminim.<\/p>\n<p>Besoj se nuk ka ndonj\u00eb grua q\u00eb mendon se duhet promovuar nj\u00eb grua e paaft\u00eb vet\u00ebm p\u00ebr shkak se \u00ebsht\u00eb grua. Ndaj kjo teza seksiste e Ram\u00ebs \u00ebsht\u00eb po aq diskriminuese sa mohimi i \u00e7do gruaje q\u00eb duhet t\u00eb ket\u00eb vendin e saj p\u00ebr kontributin e saj, sipas meritave t\u00eb saj n\u00eb \u00e7do detyr\u00eb, familje apo shoq\u00ebri.<\/p>\n<p>Se ky varianti q\u00eb pun\u00ebt shkojn\u00eb keq vet\u00ebm pse jan\u00eb burrat ngjan i \u00e7al\u00eb, ose n\u00ebse \u00ebsht\u00eb kaq real dhe beson kaq fort te ajo q\u00eb promovon, Kryeministri t\u2019ja l\u00ebre detyr\u00ebn nj\u00eb gruaje. Ky v\u00ebrtet\u00eb do ishte nj\u00eb hap i madh emancipimi, q\u00eb nuk mbetet vet\u00ebm n\u00eb angazhim propagandistik dhe konjuktural.<\/p>\n<p>Me at\u00eb rast do t\u00eb zgjidhej dhe kjo \u201ckriza e tjerr\u00eb\u201d politike e pambarimt\u00eb q\u00eb buron prej burrash- sipas tez\u00ebs s\u00eb Ram\u00ebs.<strong><em>\/CNA.al<\/em><\/strong><\/p>\n","protected":false},"excerpt":{"rendered":"<p>Po Rama pse nuk ja l\u00eb vendin nj\u00eb gruaje?! Nga Denis Dyrnjaja 29 Gusht, 2019 Kryeministri gjat\u00eb gjith\u00eb fushat\u00ebs elektorale, por edhe n\u00eb vijim\u00ebsi, promovoi dhe vazhdon t\u00eb theksoj\u00eb, me nj\u00eb gjuh\u00eb gati diskriminuese ndaj burrave, iden\u00eb e angazhimit t\u00eb grave n\u00eb administrim dhe n\u00eb politik\u00eb. Madje idea basardoi deri n\u00eb humorin se edhe \u00e7ertifikatat [&hellip;]<\/p>\n","protected":false},"author":9,"featured_media":25268,"comment_status":"open","ping_status":"open","sticky":false,"template":"","format":"standard","meta":{"jetpack_post_was_ever_published":false,"_jetpack_newsletter_access":"","_jetpack_dont_email_post_to_subs":false,"_jetpack_newsletter_tier_id":0,"_jetpack_memberships_contains_paywalled_content":false,"_jetpack_memberships_contains_paid_content":false,"footnotes":"","jetpack_publicize_message":"","jetpack_publicize_feature_enabled":true,"jetpack_social_post_already_shared":true,"jetpack_social_options":{"image_generator_settings":{"template":"highway","default_image_id":0,"font":"","enabled":false},"version":2}},"categories":[27,2],"tags":[],"class_list":["post-25267","post","type-post","status-publish","format-standard","has-post-thumbnail","hentry","category-blogu-i-udhetarit","category-politika"],"jetpack_publicize_connections":[],"jetpack_featured_media_url":"https:\/\/i0.wp.com\/www.shqiperia.com\/blog\/wp-content\/uploads\/2019\/08\/6-Copy.jpg?fit=530%2C281&ssl=1","jetpack_sharing_enabled":true,"jetpack_shortlink":"https:\/\/wp.me\/p5Z6wp-6zx","jetpack-related-posts":[{"id":91780,"url":"https:\/\/www.shqiperia.com\/blog\/edi-rama-negociatat-me-be-i-mbylli-vetem-une-me-ps-ne\/","url_meta":{"origin":25267,"position":0},"title":"Edi Rama: &#8211; Negociatat me BE i mbylli vet\u00ebm un\u00eb me PS-n\u00eb\u201d,","author":"Kurt Farka","date":"April 22, 2025","format":false,"excerpt":"23 Prill 2025 Kryeministri Edi Rama apeloi sot nga Gjirokastra p\u00ebr nj\u00eb vot masive p\u00ebrtej t\u00eb majt\u00ebs dhe t\u00eb djatht\u00ebs, me q\u00ebllimin e vet\u00ebm an\u00ebtar\u00ebsimin n\u00eb BE dhe kapjen e afateve p\u00ebr negociatave, pasi \u201cdera e hapur e BE mund t\u00eb mbyllet me k\u00ebnet\u00ebn\u201d. Kryesocialisti theksoi se \u201cvet\u00ebm PS dhe\u2026","rel":"","context":"In &quot;Blogu i Udh\u00ebtarit&quot;","block_context":{"text":"Blogu i Udh\u00ebtarit","link":"https:\/\/www.shqiperia.com\/blog\/category\/blogu-i-udhetarit\/"},"img":{"alt_text":"","src":"https:\/\/i0.wp.com\/www.shqiperia.com\/blog\/wp-content\/uploads\/2025\/04\/275621995_3251343735088907_6225533238005875657_n.jpg?fit=573%2C357&ssl=1&resize=350%2C200","width":350,"height":200,"srcset":"https:\/\/i0.wp.com\/www.shqiperia.com\/blog\/wp-content\/uploads\/2025\/04\/275621995_3251343735088907_6225533238005875657_n.jpg?fit=573%2C357&ssl=1&resize=350%2C200 1x, https:\/\/i0.wp.com\/www.shqiperia.com\/blog\/wp-content\/uploads\/2025\/04\/275621995_3251343735088907_6225533238005875657_n.jpg?fit=573%2C357&ssl=1&resize=525%2C300 1.5x"},"classes":[]},{"id":90208,"url":"https:\/\/www.shqiperia.com\/blog\/berisha-rama-eshte-kryeministri-me-mizogjen-ne-histori-zhduku-60-milione-euro-qe-dha-qeveria-franceze-per-grate\/","url_meta":{"origin":25267,"position":1},"title":"Berisha: &#8211; Rama \u00ebsht\u00eb kryeministri m\u00eb mizogjen n\u00eb histori! Zhduku 60 milion\u00eb euro q\u00eb dha qeveria franceze p\u00ebr grat\u00eb","author":"Kurt Farka","date":"March 8, 2025","format":false,"excerpt":"8 Marts 2025 Sali Berisha, prezantoi k\u00ebt\u00eb 8 Mars, n\u00eb dit\u00ebn Nd\u00ebrkomb\u00ebtare t\u00eb Gruas, programin e qeverisjes \u2018Fuqizimi i grave dhe vajzave\u2019. Kryedemokrati tha se gruaja shqiptare ndodhet n\u00eb vitet nd\u00ebr m\u00eb t\u00eb v\u00ebshtirat e saj. Sipas Berish\u00ebs, shkak p\u00ebr k\u00ebt\u00eb \u00ebsht\u00eb kryeministri Rama, i cili zhduku 60 milion\u00eb euro\u2026","rel":"","context":"In &quot;Politika&quot;","block_context":{"text":"Politika","link":"https:\/\/www.shqiperia.com\/blog\/category\/politika\/"},"img":{"alt_text":"","src":"https:\/\/i0.wp.com\/www.shqiperia.com\/blog\/wp-content\/uploads\/2025\/03\/auto_69ee718c-dd09-4468-aadc-2b08b1f9c2251741434849.jpg?fit=900%2C600&ssl=1&resize=350%2C200","width":350,"height":200,"srcset":"https:\/\/i0.wp.com\/www.shqiperia.com\/blog\/wp-content\/uploads\/2025\/03\/auto_69ee718c-dd09-4468-aadc-2b08b1f9c2251741434849.jpg?fit=900%2C600&ssl=1&resize=350%2C200 1x, https:\/\/i0.wp.com\/www.shqiperia.com\/blog\/wp-content\/uploads\/2025\/03\/auto_69ee718c-dd09-4468-aadc-2b08b1f9c2251741434849.jpg?fit=900%2C600&ssl=1&resize=525%2C300 1.5x, https:\/\/i0.wp.com\/www.shqiperia.com\/blog\/wp-content\/uploads\/2025\/03\/auto_69ee718c-dd09-4468-aadc-2b08b1f9c2251741434849.jpg?fit=900%2C600&ssl=1&resize=700%2C400 2x"},"classes":[]},{"id":71244,"url":"https:\/\/www.shqiperia.com\/blog\/kryeministri-edi-rama-i-ka-kerkuar-grave-qe-i-kane-burrat-demokrate-qe-te-mos-i-lejojne-te-dalin-nga-shtepia-per-te-votuar-ne-14-maj\/","url_meta":{"origin":25267,"position":2},"title":"Kryeministri Edi Rama i ka k\u00ebrkuar grave q\u00eb i kan\u00eb burrat demokrat\u00eb, q\u00eb t\u00eb mos i lejojn\u00eb t\u00eb dalin nga sht\u00ebpia p\u00ebr t\u00eb votuar n\u00eb 14 maj.","author":"Kurt Farka","date":"May 8, 2023","format":false,"excerpt":"8 Maji 2023 \"Ju h\u00ebngsha zemr\u00ebn e kuqe flak\u201d, u shpreh Rama. Komentet Rama i b\u00ebri gjat\u00eb nj\u00eb takimi me simpatizant\u00eb n\u00eb Berat, ku tha se n\u00eb 14 maj burrat demokrat\u00eb t\u00eb rrin\u00eb sht\u00ebpi dhe t\u00eb lajn\u00eb xhamat e t\u00eb b\u00ebjn\u00eb byrek. Ai nuk ngurroi t\u00eb b\u00ebnte edhe krahasime p\u00ebr\u2026","rel":"","context":"In &quot;Blogu i Udh\u00ebtarit&quot;","block_context":{"text":"Blogu i Udh\u00ebtarit","link":"https:\/\/www.shqiperia.com\/blog\/category\/blogu-i-udhetarit\/"},"img":{"alt_text":"","src":"https:\/\/i0.wp.com\/www.shqiperia.com\/blog\/wp-content\/uploads\/2023\/05\/640-0-6259a2902922e-Copy.jpg?fit=640%2C425&ssl=1&resize=350%2C200","width":350,"height":200,"srcset":"https:\/\/i0.wp.com\/www.shqiperia.com\/blog\/wp-content\/uploads\/2023\/05\/640-0-6259a2902922e-Copy.jpg?fit=640%2C425&ssl=1&resize=350%2C200 1x, https:\/\/i0.wp.com\/www.shqiperia.com\/blog\/wp-content\/uploads\/2023\/05\/640-0-6259a2902922e-Copy.jpg?fit=640%2C425&ssl=1&resize=525%2C300 1.5x"},"classes":[]},{"id":91724,"url":"https:\/\/www.shqiperia.com\/blog\/edi-rama-edhe-une-jam-cyryk-nese-nga-76-deputet-e-uli-shifren-do-marrim-71\/","url_meta":{"origin":25267,"position":3},"title":"Edi Rama: &#8211; Edhe un\u00eb jam \u00e7yryk n\u00ebse\u2026 Nga 76 deputet, e uli shifren; &#8211; Do marrim 71.","author":"Kurt Farka","date":"April 21, 2025","format":false,"excerpt":"21 Prill 2025 Kryeministri Edi Rama, nga Durr\u00ebsi, ka deklaruar se burrat q\u00eb nuk kuptojn\u00eb pse zhvillon takime vet\u00ebm me gra dhe vajza, jan\u00eb gjysmak\u00eb. ... \u201cNe e dim\u00eb q\u00eb i marrim 71 mandatet, edhe duke b\u00ebr\u00eb vet\u00ebm at\u00eb q\u00eb kemi b\u00ebr\u00eb gjithmon\u00eb \u2013 shum\u00eb pun\u00eb. Por tani na duhet\u2026","rel":"","context":"In &quot;Blogu i Udh\u00ebtarit&quot;","block_context":{"text":"Blogu i Udh\u00ebtarit","link":"https:\/\/www.shqiperia.com\/blog\/category\/blogu-i-udhetarit\/"},"img":{"alt_text":"","src":"https:\/\/i0.wp.com\/www.shqiperia.com\/blog\/wp-content\/uploads\/2025\/04\/Edi-Rama-18-1.jpg?fit=685%2C450&ssl=1&resize=350%2C200","width":350,"height":200,"srcset":"https:\/\/i0.wp.com\/www.shqiperia.com\/blog\/wp-content\/uploads\/2025\/04\/Edi-Rama-18-1.jpg?fit=685%2C450&ssl=1&resize=350%2C200 1x, https:\/\/i0.wp.com\/www.shqiperia.com\/blog\/wp-content\/uploads\/2025\/04\/Edi-Rama-18-1.jpg?fit=685%2C450&ssl=1&resize=525%2C300 1.5x"},"classes":[]},{"id":75852,"url":"https:\/\/www.shqiperia.com\/blog\/kjo-eshte-arsyeja-pse-burrat-vdesin-me-heret-se-grate\/","url_meta":{"origin":25267,"position":4},"title":"Kjo \u00ebsht\u00eb arsyeja pse burrat vdesin m\u00eb her\u00ebt se grat\u00eb","author":"Kurt Farka","date":"November 27, 2023","format":false,"excerpt":"27 Nentor 2023 Askush nuk do t\u00eb jetoj\u00eb p\u00ebrgjithmon\u00eb. Q\u00ebndrimi yn\u00eb n\u00eb tok\u00eb do t\u00eb p\u00ebrfundoj\u00eb n\u00eb nj\u00eb moment, ne thjesht nuk e dim\u00eb se kur. Ajo q\u00eb dim\u00eb \u00ebsht\u00eb se, mesatarisht, grat\u00eb jetojn\u00eb m\u00eb gjat\u00eb se burrat. \u00c7far\u00eb e arsyeton k\u00ebt\u00eb ndryshim?\u00a0M\u00eb posht\u00eb do t\u00eb shohim arsyet. Hormonet Nj\u00eb\u2026","rel":"","context":"In &quot;Blogu i Udh\u00ebtarit&quot;","block_context":{"text":"Blogu i Udh\u00ebtarit","link":"https:\/\/www.shqiperia.com\/blog\/category\/blogu-i-udhetarit\/"},"img":{"alt_text":"","src":"https:\/\/i0.wp.com\/www.shqiperia.com\/blog\/wp-content\/uploads\/2023\/11\/9D3991B5-3F5F-4A27-82A8-9950DD7037DC.jpeg?fit=665%2C400&ssl=1&resize=350%2C200","width":350,"height":200,"srcset":"https:\/\/i0.wp.com\/www.shqiperia.com\/blog\/wp-content\/uploads\/2023\/11\/9D3991B5-3F5F-4A27-82A8-9950DD7037DC.jpeg?fit=665%2C400&ssl=1&resize=350%2C200 1x, https:\/\/i0.wp.com\/www.shqiperia.com\/blog\/wp-content\/uploads\/2023\/11\/9D3991B5-3F5F-4A27-82A8-9950DD7037DC.jpeg?fit=665%2C400&ssl=1&resize=525%2C300 1.5x"},"classes":[]},{"id":49695,"url":"https:\/\/www.shqiperia.com\/blog\/te-kujt-jane-keta-indiane-neper-tirane\/","url_meta":{"origin":25267,"position":5},"title":"T\u00eb kujt jan\u00eb k\u00ebta indian\u00eb n\u00ebp\u00ebr Tiran\u00eb?","author":"Kurt Farka","date":"September 7, 2021","format":false,"excerpt":"T\u00eb kujt jan\u00eb k\u00ebta indian\u00eb n\u00ebp\u00ebr Tiran\u00eb? Nga Alfred Lela 6 SHTATOR 2021 I shihja tek m\u00ebrzenin n\u00eb stolat para nj\u00eb hoteli af\u00ebr banes\u00ebs sime. \u00c7do dit\u00eb parakalonte nj\u00eb tuf\u00eb e re q\u00eb t\u00ebrhiqte zhag bagazhet n\u00ebp\u00ebr pllakat e saposhtruara nga \u2018pun\u00ebmbaruarit\u2019 e lali Erit. Pak m\u00eb von\u00eb t\u00eb kapte\u2026","rel":"","context":"In &quot;Blogu i Udh\u00ebtarit&quot;","block_context":{"text":"Blogu i Udh\u00ebtarit","link":"https:\/\/www.shqiperia.com\/blog\/category\/blogu-i-udhetarit\/"},"img":{"alt_text":"","src":"https:\/\/i0.wp.com\/www.shqiperia.com\/blog\/wp-content\/uploads\/2021\/09\/240972489_800121583988840_1331691532151266731_n.jpg?fit=800%2C450&ssl=1&resize=350%2C200","width":350,"height":200,"srcset":"https:\/\/i0.wp.com\/www.shqiperia.com\/blog\/wp-content\/uploads\/2021\/09\/240972489_800121583988840_1331691532151266731_n.jpg?fit=800%2C450&ssl=1&resize=350%2C200 1x, https:\/\/i0.wp.com\/www.shqiperia.com\/blog\/wp-content\/uploads\/2021\/09\/240972489_800121583988840_1331691532151266731_n.jpg?fit=800%2C450&ssl=1&resize=525%2C300 1.5x, https:\/\/i0.wp.com\/www.shqiperia.com\/blog\/wp-content\/uploads\/2021\/09\/240972489_800121583988840_1331691532151266731_n.jpg?fit=800%2C450&ssl=1&resize=700%2C400 2x"},"classes":[]}],"_links":{"self":[{"href":"https:\/\/www.shqiperia.com\/blog\/wp-json\/wp\/v2\/posts\/25267","targetHints":{"allow":["GET"]}}],"collection":[{"href":"https:\/\/www.shqiperia.com\/blog\/wp-json\/wp\/v2\/posts"}],"about":[{"href":"https:\/\/www.shqiperia.com\/blog\/wp-json\/wp\/v2\/types\/post"}],"author":[{"embeddable":true,"href":"https:\/\/www.shqiperia.com\/blog\/wp-json\/wp\/v2\/users\/9"}],"replies":[{"embeddable":true,"href":"https:\/\/www.shqiperia.com\/blog\/wp-json\/wp\/v2\/comments?post=25267"}],"version-history":[{"count":1,"href":"https:\/\/www.shqiperia.com\/blog\/wp-json\/wp\/v2\/posts\/25267\/revisions"}],"predecessor-version":[{"id":25269,"href":"https:\/\/www.shqiperia.com\/blog\/wp-json\/wp\/v2\/posts\/25267\/revisions\/25269"}],"wp:featuredmedia":[{"embeddable":true,"href":"https:\/\/www.shqiperia.com\/blog\/wp-json\/wp\/v2\/media\/25268"}],"wp:attachment":[{"href":"https:\/\/www.shqiperia.com\/blog\/wp-json\/wp\/v2\/media?parent=25267"}],"wp:term":[{"taxonomy":"category","embeddable":true,"href":"https:\/\/www.shqiperia.com\/blog\/wp-json\/wp\/v2\/categories?post=25267"},{"taxonomy":"post_tag","embeddable":true,"href":"https:\/\/www.shqiperia.com\/blog\/wp-json\/wp\/v2\/tags?post=25267"}],"curies":[{"name":"wp","href":"https:\/\/api.w.org\/{rel}","templated":true}]}}