{"id":25263,"date":"2019-08-29T21:59:48","date_gmt":"2019-08-29T21:59:48","guid":{"rendered":"https:\/\/www.shqiperia.com\/blog\/?p=25263"},"modified":"2019-08-29T22:00:07","modified_gmt":"2019-08-29T22:00:07","slug":"pas-krastes-dhe-rakipit-rama-zevendeson-bashkim-hoxhen-alo-edi","status":"publish","type":"post","link":"https:\/\/www.shqiperia.com\/blog\/pas-krastes-dhe-rakipit-rama-zevendeson-bashkim-hoxhen-alo-edi\/","title":{"rendered":"Pas Krast\u00ebs dhe Rakipit, Rama z\u00ebvend\u00ebson Bashkim Hoxhen &#8211; : \u201c Alo Edi \u2026 \u201c"},"content":{"rendered":"<p><img data-recalc-dims=\"1\" loading=\"lazy\" decoding=\"async\" data-attachment-id=\"25264\" data-permalink=\"https:\/\/www.shqiperia.com\/blog\/pas-krastes-dhe-rakipit-rama-zevendeson-bashkim-hoxhen-alo-edi\/auto_69422902_10217877205233561_4412311832660803584_o1567103694\/\" data-orig-file=\"https:\/\/i0.wp.com\/www.shqiperia.com\/blog\/wp-content\/uploads\/2019\/08\/auto_69422902_10217877205233561_4412311832660803584_o1567103694.jpg?fit=900%2C506&amp;ssl=1\" data-orig-size=\"900,506\" data-comments-opened=\"1\" data-image-meta=\"{&quot;aperture&quot;:&quot;0&quot;,&quot;credit&quot;:&quot;&quot;,&quot;camera&quot;:&quot;&quot;,&quot;caption&quot;:&quot;&quot;,&quot;created_timestamp&quot;:&quot;0&quot;,&quot;copyright&quot;:&quot;&quot;,&quot;focal_length&quot;:&quot;0&quot;,&quot;iso&quot;:&quot;0&quot;,&quot;shutter_speed&quot;:&quot;0&quot;,&quot;title&quot;:&quot;&quot;,&quot;orientation&quot;:&quot;0&quot;}\" data-image-title=\"auto_69422902_10217877205233561_4412311832660803584_o1567103694\" data-image-description=\"\" data-image-caption=\"\" data-medium-file=\"https:\/\/i0.wp.com\/www.shqiperia.com\/blog\/wp-content\/uploads\/2019\/08\/auto_69422902_10217877205233561_4412311832660803584_o1567103694.jpg?fit=300%2C169&amp;ssl=1\" data-large-file=\"https:\/\/i0.wp.com\/www.shqiperia.com\/blog\/wp-content\/uploads\/2019\/08\/auto_69422902_10217877205233561_4412311832660803584_o1567103694.jpg?fit=900%2C506&amp;ssl=1\" class=\"alignnone wp-image-25264\" alt=\"\" src=\"https:\/\/i0.wp.com\/www.shqiperia.com\/blog\/wp-content\/uploads\/2019\/08\/auto_69422902_10217877205233561_4412311832660803584_o1567103694.jpg?resize=707%2C398&#038;ssl=1\" width=\"707\" height=\"398\" srcset=\"https:\/\/i0.wp.com\/www.shqiperia.com\/blog\/wp-content\/uploads\/2019\/08\/auto_69422902_10217877205233561_4412311832660803584_o1567103694.jpg?resize=300%2C169&amp;ssl=1 300w, https:\/\/i0.wp.com\/www.shqiperia.com\/blog\/wp-content\/uploads\/2019\/08\/auto_69422902_10217877205233561_4412311832660803584_o1567103694.jpg?resize=768%2C432&amp;ssl=1 768w, https:\/\/i0.wp.com\/www.shqiperia.com\/blog\/wp-content\/uploads\/2019\/08\/auto_69422902_10217877205233561_4412311832660803584_o1567103694.jpg?resize=450%2C253&amp;ssl=1 450w, https:\/\/i0.wp.com\/www.shqiperia.com\/blog\/wp-content\/uploads\/2019\/08\/auto_69422902_10217877205233561_4412311832660803584_o1567103694.jpg?resize=600%2C337&amp;ssl=1 600w, https:\/\/i0.wp.com\/www.shqiperia.com\/blog\/wp-content\/uploads\/2019\/08\/auto_69422902_10217877205233561_4412311832660803584_o1567103694.jpg?resize=400%2C225&amp;ssl=1 400w, https:\/\/i0.wp.com\/www.shqiperia.com\/blog\/wp-content\/uploads\/2019\/08\/auto_69422902_10217877205233561_4412311832660803584_o1567103694.jpg?w=900&amp;ssl=1 900w\" sizes=\"auto, (max-width: 707px) 100vw, 707px\" \/><\/p>\n<p>Pas Krast\u00ebs dhe Rakipit, Rama z\u00ebvend\u00ebson Bashkim Hoxhen &#8211; : \u201c Alo Edi \u2026 \u201c<\/p>\n<p>29\/08\/2019<\/p>\n<p>Mbyllja e dy emisioneve n\u00eb News 24, \u201cA-Show\u201d dhe \u201cT\u00eb paekspozuarit\u201d, pas nd\u00ebrhyrjeve dhe k\u00ebrc\u00ebnimeve t\u00eb kryeministrit Edi Rama dhe kryebashkiakut t\u00eb Tiran\u00ebs Erion Veliaj, kan\u00eb sjell\u00eb shum\u00eb reagime mes gazetar\u00ebve dhe opinionit publik.<\/p>\n<p>Ata e shohin k\u00ebt\u00eb akt si nj\u00eb sulm ndaj fjal\u00ebs s\u00eb lir\u00eb, duke patur parasysh q\u00eb dy moderator\u00ebt e tyre, Adi Krasta dhe Ylli Rakipi kan\u00eb qen\u00eb kritik ndaj qeverises Rama.<\/p>\n<p>Por ka mes tyre q\u00eb protestojn\u00eb edhe p\u00ebrmes sarakzm\u00ebs.<\/p>\n<p>Nj\u00eb prej tyre \u00ebsht\u00eb Genc Sejko, i cili \u201cparashikon\u201d edhe mbylljen e emisonit t\u00eb m\u00ebngjesit \u201cKoha p\u00ebr tu zgjuar\u201d, e drejtuar nga Bashkim Hoxha.<\/p>\n<p>\u201cE h\u00ebngri edhe Bashkimi\u201d, shkruan Sejko mbi memen e rradh\u00ebs. \/<strong>Syri.net<\/strong><\/p>\n<p><img data-recalc-dims=\"1\" loading=\"lazy\" decoding=\"async\" data-attachment-id=\"25265\" data-permalink=\"https:\/\/www.shqiperia.com\/blog\/pas-krastes-dhe-rakipit-rama-zevendeson-bashkim-hoxhen-alo-edi\/auto_screenshot_151567103702\/\" data-orig-file=\"https:\/\/i0.wp.com\/www.shqiperia.com\/blog\/wp-content\/uploads\/2019\/08\/auto_Screenshot_151567103702.jpg?fit=900%2C730&amp;ssl=1\" data-orig-size=\"900,730\" data-comments-opened=\"1\" data-image-meta=\"{&quot;aperture&quot;:&quot;0&quot;,&quot;credit&quot;:&quot;&quot;,&quot;camera&quot;:&quot;&quot;,&quot;caption&quot;:&quot;&quot;,&quot;created_timestamp&quot;:&quot;0&quot;,&quot;copyright&quot;:&quot;&quot;,&quot;focal_length&quot;:&quot;0&quot;,&quot;iso&quot;:&quot;0&quot;,&quot;shutter_speed&quot;:&quot;0&quot;,&quot;title&quot;:&quot;&quot;,&quot;orientation&quot;:&quot;0&quot;}\" data-image-title=\"auto_Screenshot_151567103702\" data-image-description=\"\" data-image-caption=\"\" data-medium-file=\"https:\/\/i0.wp.com\/www.shqiperia.com\/blog\/wp-content\/uploads\/2019\/08\/auto_Screenshot_151567103702.jpg?fit=300%2C243&amp;ssl=1\" data-large-file=\"https:\/\/i0.wp.com\/www.shqiperia.com\/blog\/wp-content\/uploads\/2019\/08\/auto_Screenshot_151567103702.jpg?fit=900%2C730&amp;ssl=1\" class=\"alignnone wp-image-25265\" alt=\"\" src=\"https:\/\/i0.wp.com\/www.shqiperia.com\/blog\/wp-content\/uploads\/2019\/08\/auto_Screenshot_151567103702.jpg?resize=798%2C646&#038;ssl=1\" width=\"798\" height=\"646\" srcset=\"https:\/\/i0.wp.com\/www.shqiperia.com\/blog\/wp-content\/uploads\/2019\/08\/auto_Screenshot_151567103702.jpg?resize=300%2C243&amp;ssl=1 300w, https:\/\/i0.wp.com\/www.shqiperia.com\/blog\/wp-content\/uploads\/2019\/08\/auto_Screenshot_151567103702.jpg?resize=768%2C623&amp;ssl=1 768w, https:\/\/i0.wp.com\/www.shqiperia.com\/blog\/wp-content\/uploads\/2019\/08\/auto_Screenshot_151567103702.jpg?resize=450%2C365&amp;ssl=1 450w, https:\/\/i0.wp.com\/www.shqiperia.com\/blog\/wp-content\/uploads\/2019\/08\/auto_Screenshot_151567103702.jpg?resize=600%2C487&amp;ssl=1 600w, https:\/\/i0.wp.com\/www.shqiperia.com\/blog\/wp-content\/uploads\/2019\/08\/auto_Screenshot_151567103702.jpg?resize=400%2C324&amp;ssl=1 400w, https:\/\/i0.wp.com\/www.shqiperia.com\/blog\/wp-content\/uploads\/2019\/08\/auto_Screenshot_151567103702.jpg?w=900&amp;ssl=1 900w\" sizes=\"auto, (max-width: 798px) 100vw, 798px\" \/><\/p>\n<p>\u00a9 SYRI.net<\/p>\n","protected":false},"excerpt":{"rendered":"<p>Pas Krast\u00ebs dhe Rakipit, Rama z\u00ebvend\u00ebson Bashkim Hoxhen &#8211; : \u201c Alo Edi \u2026 \u201c 29\/08\/2019 Mbyllja e dy emisioneve n\u00eb News 24, \u201cA-Show\u201d dhe \u201cT\u00eb paekspozuarit\u201d, pas nd\u00ebrhyrjeve dhe k\u00ebrc\u00ebnimeve t\u00eb kryeministrit Edi Rama dhe kryebashkiakut t\u00eb Tiran\u00ebs Erion Veliaj, kan\u00eb sjell\u00eb shum\u00eb reagime mes gazetar\u00ebve dhe opinionit publik. Ata e shohin k\u00ebt\u00eb akt [&hellip;]<\/p>\n","protected":false},"author":9,"featured_media":25264,"comment_status":"open","ping_status":"open","sticky":false,"template":"","format":"standard","meta":{"jetpack_post_was_ever_published":false,"_jetpack_newsletter_access":"","_jetpack_dont_email_post_to_subs":false,"_jetpack_newsletter_tier_id":0,"_jetpack_memberships_contains_paywalled_content":false,"_jetpack_memberships_contains_paid_content":false,"footnotes":"","jetpack_publicize_message":"","jetpack_publicize_feature_enabled":true,"jetpack_social_post_already_shared":true,"jetpack_social_options":{"image_generator_settings":{"template":"highway","default_image_id":0,"font":"","enabled":false},"version":2}},"categories":[27,10,14],"tags":[],"class_list":["post-25263","post","type-post","status-publish","format-standard","has-post-thumbnail","hentry","category-blogu-i-udhetarit","category-kultura","category-press-releases"],"jetpack_publicize_connections":[],"jetpack_featured_media_url":"https:\/\/i0.wp.com\/www.shqiperia.com\/blog\/wp-content\/uploads\/2019\/08\/auto_69422902_10217877205233561_4412311832660803584_o1567103694.jpg?fit=900%2C506&ssl=1","jetpack_sharing_enabled":true,"jetpack_shortlink":"https:\/\/wp.me\/p5Z6wp-6zt","jetpack-related-posts":[{"id":71252,"url":"https:\/\/www.shqiperia.com\/blog\/taksat-tona-i-ben-rrush-e-kumbulla-ste-vjen-zor-rama-terbohet-ne-studion-e-ylli-rakipit-te-kesh-dy-nje-ta-mbash-dhe-nje-ta-cash\/","url_meta":{"origin":25263,"position":0},"title":"\u201cTaksat tona i b\u00ebn rrush e kumbulla. S\u2019t\u00eb vjen zor?!\u201d Rama t\u00ebrbohet n\u00eb studion e Ylli Rakipit: &#8211; T\u00eb kesh dy, nj\u00eb ta mbash dhe nj\u00eb ta \u00e7ash","author":"Kurt Farka","date":"May 8, 2023","format":false,"excerpt":"8 Maji 2023 Kryeministri Edi Rama ka debatuar me analistin Enton Abilekaj n\u00eb emisionin \"T\u00eb Paekspozuarit\", lidhur me artist\u00ebt q\u00eb mb\u00ebshtet\u00ebn n\u00eb fushat\u00eb Erion Veliajn, nd\u00ebrkoh\u00eb q\u00eb shum\u00eb prej tyre ishin paguar nga Bashkia e Tiran\u00ebs p\u00ebr koncerte dhe aktivitete t\u00eb ndryshme. Rama e quajti nj\u00eb praktik\u00eb normale q\u00eb ndodh\u2026","rel":"","context":"In &quot;Blogu i Udh\u00ebtarit&quot;","block_context":{"text":"Blogu i Udh\u00ebtarit","link":"https:\/\/www.shqiperia.com\/blog\/category\/blogu-i-udhetarit\/"},"img":{"alt_text":"","src":"https:\/\/i0.wp.com\/www.shqiperia.com\/blog\/wp-content\/uploads\/2023\/05\/800-0-4c9377d832a695f50b90ecd18f63f31f.jpg?fit=800%2C420&ssl=1&resize=350%2C200","width":350,"height":200,"srcset":"https:\/\/i0.wp.com\/www.shqiperia.com\/blog\/wp-content\/uploads\/2023\/05\/800-0-4c9377d832a695f50b90ecd18f63f31f.jpg?fit=800%2C420&ssl=1&resize=350%2C200 1x, https:\/\/i0.wp.com\/www.shqiperia.com\/blog\/wp-content\/uploads\/2023\/05\/800-0-4c9377d832a695f50b90ecd18f63f31f.jpg?fit=800%2C420&ssl=1&resize=525%2C300 1.5x, https:\/\/i0.wp.com\/www.shqiperia.com\/blog\/wp-content\/uploads\/2023\/05\/800-0-4c9377d832a695f50b90ecd18f63f31f.jpg?fit=800%2C420&ssl=1&resize=700%2C400 2x"},"classes":[]},{"id":98807,"url":"https:\/\/www.shqiperia.com\/blog\/rama-kritikon-deputetet-e-shkodres-mos-mbroni-banoret-e-rrjollit-nuk-jane-pronare\/","url_meta":{"origin":25263,"position":1},"title":"Rama kritikon deputet\u00ebt e Shkodr\u00ebs: &#8211; Mos mbroni banor\u00ebt e Rrjollit, nuk jan\u00eb pronar\u00eb","author":"Kurt Farka","date":"March 29, 2026","format":false,"excerpt":"29 Mars 2026 Zbulohen detaje t\u00eb reja nga ajo \u00e7far\u00eb prodhoi mbledhja e zgjeruar mes Grupit Parlamentar t\u00eb PS dhe ministrave t\u00eb kabinetit qeveritar. Tch shkruan se, Rama ka p\u00ebrcjell\u00eb nj\u00eb mesazh kritikues p\u00ebr deputet\u00ebt socialist\u00eb t\u00eb qarkut, Shkod\u00ebr n\u00eb lidhje me protest\u00ebn e banor\u00ebve t\u00eb Rrjolit. E nd\u00ebrsa drejtoresha\u2026","rel":"","context":"In &quot;Blogu i Udh\u00ebtarit&quot;","block_context":{"text":"Blogu i Udh\u00ebtarit","link":"https:\/\/www.shqiperia.com\/blog\/category\/blogu-i-udhetarit\/"},"img":{"alt_text":"","src":"https:\/\/i0.wp.com\/www.shqiperia.com\/blog\/wp-content\/uploads\/2026\/03\/900-0-1734554382xrama-ulaj-918-860x544-1-1536x1192-1.jpg?fit=1200%2C750&ssl=1&resize=350%2C200","width":350,"height":200,"srcset":"https:\/\/i0.wp.com\/www.shqiperia.com\/blog\/wp-content\/uploads\/2026\/03\/900-0-1734554382xrama-ulaj-918-860x544-1-1536x1192-1.jpg?fit=1200%2C750&ssl=1&resize=350%2C200 1x, https:\/\/i0.wp.com\/www.shqiperia.com\/blog\/wp-content\/uploads\/2026\/03\/900-0-1734554382xrama-ulaj-918-860x544-1-1536x1192-1.jpg?fit=1200%2C750&ssl=1&resize=525%2C300 1.5x, https:\/\/i0.wp.com\/www.shqiperia.com\/blog\/wp-content\/uploads\/2026\/03\/900-0-1734554382xrama-ulaj-918-860x544-1-1536x1192-1.jpg?fit=1200%2C750&ssl=1&resize=700%2C400 2x, https:\/\/i0.wp.com\/www.shqiperia.com\/blog\/wp-content\/uploads\/2026\/03\/900-0-1734554382xrama-ulaj-918-860x544-1-1536x1192-1.jpg?fit=1200%2C750&ssl=1&resize=1050%2C600 3x"},"classes":[]},{"id":98252,"url":"https:\/\/www.shqiperia.com\/blog\/rama-sot-i-beri-karshillek-shba-se-per-porto-romanon-poli-hoxha-kane-nisur-hetimet-spak-do-kerkoje-pezullimin-e-kryeministrit-kompania-offshore-fillon-ne-greqi-e-perfundon-ne-r\/","url_meta":{"origin":25263,"position":2},"title":"\u201cRama sot i b\u00ebri karshill\u00ebk SHBA-s\u00eb p\u00ebr Porto Romanon\u201d- Poli Hoxha: &#8211; Kan\u00eb nisur hetimet, SPAK do k\u00ebrkoj\u00eb pezullimin e kryeministrit! Kompania offshore fillon n\u00eb Greqi e p\u00ebrfundon n\u00eb Rusi","author":"Kurt Farka","date":"March 10, 2026","format":false,"excerpt":"10 Mars 2026 Gazetari Poli Hoxha ishte mbr\u00ebmjen e sotme n\u00eb Studio24, teksa foli mbi \u00e7\u00ebshtjen e pezullimit t\u00eb Belinda Ballukut, p\u00ebr t\u00eb cil\u00ebn PS mbajtiu nj\u00eb qendim t\u00eb qart\u00eb q\u00eb nuk do i heq\u00eb imunitetin pavar\u00ebsisht k\u00ebrkes\u00ebs s\u00eb SPAK. M\u00eb tej, Hoxha u ndal edhe te ajo q\u00eb e\u2026","rel":"","context":"In &quot;Blogu i Udh\u00ebtarit&quot;","block_context":{"text":"Blogu i Udh\u00ebtarit","link":"https:\/\/www.shqiperia.com\/blog\/category\/blogu-i-udhetarit\/"},"img":{"alt_text":"","src":"https:\/\/i0.wp.com\/www.shqiperia.com\/blog\/wp-content\/uploads\/2026\/03\/poli-hoxha.jpg?fit=1103%2C775&ssl=1&resize=350%2C200","width":350,"height":200,"srcset":"https:\/\/i0.wp.com\/www.shqiperia.com\/blog\/wp-content\/uploads\/2026\/03\/poli-hoxha.jpg?fit=1103%2C775&ssl=1&resize=350%2C200 1x, https:\/\/i0.wp.com\/www.shqiperia.com\/blog\/wp-content\/uploads\/2026\/03\/poli-hoxha.jpg?fit=1103%2C775&ssl=1&resize=525%2C300 1.5x, https:\/\/i0.wp.com\/www.shqiperia.com\/blog\/wp-content\/uploads\/2026\/03\/poli-hoxha.jpg?fit=1103%2C775&ssl=1&resize=700%2C400 2x, https:\/\/i0.wp.com\/www.shqiperia.com\/blog\/wp-content\/uploads\/2026\/03\/poli-hoxha.jpg?fit=1103%2C775&ssl=1&resize=1050%2C600 3x"},"classes":[]},{"id":61713,"url":"https:\/\/www.shqiperia.com\/blog\/vucic-kujton-takimin-e-pare-te-rames-pas-70-viteve-te-takimit-te-titos-me-enver-hoxhen\/","url_meta":{"origin":25263,"position":3},"title":"Vu\u00e7i\u00e7 kujton takimin e par\u00eb t\u00eb Ram\u00ebs pas 70 viteve t\u00eb takimit t\u00eb Titos me Enver Hoxh\u00ebn","author":"Kurt Farka","date":"September 2, 2022","format":false,"excerpt":"2 Shtator 2022 Presidenti serb Aleksand\u00ebr Vu\u00e7i\u00e7 kujtoi takimin e par\u00eb t\u00eb tij me Edi Ram\u00ebn 70 vite pas takimit t\u00eb Titos me Enver Hoxh\u00ebn. \u201cM\u00eb kujtohet takimi i par\u00eb pas 70 vjet\u00ebsh, pas takimit t\u00eb Titos dhe Enver Hoxh\u00ebs, kur u takuam un\u00eb dhe Rama. Ishte nj\u00eb takim me\u2026","rel":"","context":"In &quot;Blogu i Udh\u00ebtarit&quot;","block_context":{"text":"Blogu i Udh\u00ebtarit","link":"https:\/\/www.shqiperia.com\/blog\/category\/blogu-i-udhetarit\/"},"img":{"alt_text":"","src":"https:\/\/i0.wp.com\/www.shqiperia.com\/blog\/wp-content\/uploads\/2022\/09\/edi-rama-aleksandar-vucic.jpg?fit=1200%2C675&ssl=1&resize=350%2C200","width":350,"height":200,"srcset":"https:\/\/i0.wp.com\/www.shqiperia.com\/blog\/wp-content\/uploads\/2022\/09\/edi-rama-aleksandar-vucic.jpg?fit=1200%2C675&ssl=1&resize=350%2C200 1x, https:\/\/i0.wp.com\/www.shqiperia.com\/blog\/wp-content\/uploads\/2022\/09\/edi-rama-aleksandar-vucic.jpg?fit=1200%2C675&ssl=1&resize=525%2C300 1.5x, https:\/\/i0.wp.com\/www.shqiperia.com\/blog\/wp-content\/uploads\/2022\/09\/edi-rama-aleksandar-vucic.jpg?fit=1200%2C675&ssl=1&resize=700%2C400 2x, https:\/\/i0.wp.com\/www.shqiperia.com\/blog\/wp-content\/uploads\/2022\/09\/edi-rama-aleksandar-vucic.jpg?fit=1200%2C675&ssl=1&resize=1050%2C600 3x"},"classes":[]},{"id":56628,"url":"https:\/\/www.shqiperia.com\/blog\/doshi-dako-rakipi-treshja-e-non-gratave-qe-hapen-rubinetin-e-votave-per-mandatin-e-trete-te-edi-rames\/","url_meta":{"origin":25263,"position":4},"title":"Doshi-Dako-Rakipi: &#8211; Treshja e \u201cnon-gratave\u201d q\u00eb hap\u00ebn rubinetin e votave p\u00ebr mandatin e tret\u00eb t\u00eb Edi Ram\u00ebs","author":"Kurt Farka","date":"April 12, 2022","format":false,"excerpt":"Doshi-Dako-Rakipi: - Treshja e \u201cnon-gratave\u201d q\u00eb hap\u00ebn rubinetin e votave p\u00ebr mandatin e tret\u00eb t\u00eb Edi Ram\u00ebs - 12.04.22 Me k\u00ebt\u00eb fraz\u00eb standard, Edi Rama i lan duart si Ponc Pilati sa her\u00eb q\u00eb t\u00eb zgjedhurit e tij akuzohen p\u00ebr afera e korrupsion. K\u00ebt\u00eb p\u00ebrgjigje dha kur u arrestua Alqi\u2026","rel":"","context":"In &quot;Blogu i Udh\u00ebtarit&quot;","block_context":{"text":"Blogu i Udh\u00ebtarit","link":"https:\/\/www.shqiperia.com\/blog\/category\/blogu-i-udhetarit\/"},"img":{"alt_text":"","src":"https:\/\/i0.wp.com\/www.shqiperia.com\/blog\/wp-content\/uploads\/2022\/04\/doshi-rakipi-dako-770x433-1.png?fit=770%2C433&ssl=1&resize=350%2C200","width":350,"height":200,"srcset":"https:\/\/i0.wp.com\/www.shqiperia.com\/blog\/wp-content\/uploads\/2022\/04\/doshi-rakipi-dako-770x433-1.png?fit=770%2C433&ssl=1&resize=350%2C200 1x, https:\/\/i0.wp.com\/www.shqiperia.com\/blog\/wp-content\/uploads\/2022\/04\/doshi-rakipi-dako-770x433-1.png?fit=770%2C433&ssl=1&resize=525%2C300 1.5x, https:\/\/i0.wp.com\/www.shqiperia.com\/blog\/wp-content\/uploads\/2022\/04\/doshi-rakipi-dako-770x433-1.png?fit=770%2C433&ssl=1&resize=700%2C400 2x"},"classes":[]},{"id":96037,"url":"https:\/\/www.shqiperia.com\/blog\/rama-pushteti-dhe-ps\/","url_meta":{"origin":25263,"position":5},"title":"Rama Pushteti dhe PS","author":"Kurt Farka","date":"December 26, 2025","format":false,"excerpt":"26 Dhjetor 2025 Nj\u00eb sondazh i publikuar s\u00eb fundmi n\u00eb ABC News, i realizuar nga Eduard Zaloshnja, nxjerr n\u00eb pah nj\u00eb realitet politik dometh\u00ebn\u00ebs: Edi Rama nuk perceptohet m\u00eb si lideri i padiskutuesh\u00ebm i s\u00eb majt\u00ebs shqiptare. Edhe pse, n\u00eb munges\u00eb t\u00eb nj\u00eb opozite t\u00eb besueshme, Rama vijon t\u00eb mbaj\u00eb\u2026","rel":"","context":"In &quot;Blogu i Udh\u00ebtarit&quot;","block_context":{"text":"Blogu i Udh\u00ebtarit","link":"https:\/\/www.shqiperia.com\/blog\/category\/blogu-i-udhetarit\/"},"img":{"alt_text":"","src":"https:\/\/i0.wp.com\/www.shqiperia.com\/blog\/wp-content\/uploads\/2025\/12\/IMG-20251226-WA0003-860x1217-1.jpg?fit=657%2C471&ssl=1&resize=350%2C200","width":350,"height":200,"srcset":"https:\/\/i0.wp.com\/www.shqiperia.com\/blog\/wp-content\/uploads\/2025\/12\/IMG-20251226-WA0003-860x1217-1.jpg?fit=657%2C471&ssl=1&resize=350%2C200 1x, https:\/\/i0.wp.com\/www.shqiperia.com\/blog\/wp-content\/uploads\/2025\/12\/IMG-20251226-WA0003-860x1217-1.jpg?fit=657%2C471&ssl=1&resize=525%2C300 1.5x"},"classes":[]}],"_links":{"self":[{"href":"https:\/\/www.shqiperia.com\/blog\/wp-json\/wp\/v2\/posts\/25263","targetHints":{"allow":["GET"]}}],"collection":[{"href":"https:\/\/www.shqiperia.com\/blog\/wp-json\/wp\/v2\/posts"}],"about":[{"href":"https:\/\/www.shqiperia.com\/blog\/wp-json\/wp\/v2\/types\/post"}],"author":[{"embeddable":true,"href":"https:\/\/www.shqiperia.com\/blog\/wp-json\/wp\/v2\/users\/9"}],"replies":[{"embeddable":true,"href":"https:\/\/www.shqiperia.com\/blog\/wp-json\/wp\/v2\/comments?post=25263"}],"version-history":[{"count":1,"href":"https:\/\/www.shqiperia.com\/blog\/wp-json\/wp\/v2\/posts\/25263\/revisions"}],"predecessor-version":[{"id":25266,"href":"https:\/\/www.shqiperia.com\/blog\/wp-json\/wp\/v2\/posts\/25263\/revisions\/25266"}],"wp:featuredmedia":[{"embeddable":true,"href":"https:\/\/www.shqiperia.com\/blog\/wp-json\/wp\/v2\/media\/25264"}],"wp:attachment":[{"href":"https:\/\/www.shqiperia.com\/blog\/wp-json\/wp\/v2\/media?parent=25263"}],"wp:term":[{"taxonomy":"category","embeddable":true,"href":"https:\/\/www.shqiperia.com\/blog\/wp-json\/wp\/v2\/categories?post=25263"},{"taxonomy":"post_tag","embeddable":true,"href":"https:\/\/www.shqiperia.com\/blog\/wp-json\/wp\/v2\/tags?post=25263"}],"curies":[{"name":"wp","href":"https:\/\/api.w.org\/{rel}","templated":true}]}}