{"id":25253,"date":"2019-08-29T15:55:32","date_gmt":"2019-08-29T15:55:32","guid":{"rendered":"https:\/\/www.shqiperia.com\/blog\/?p=25253"},"modified":"2019-08-29T15:55:32","modified_gmt":"2019-08-29T15:55:32","slug":"mes-akullit-dhe-zjarrit-njihuni-me-jeten-e-pabesueshme-te-fisit-te-eger-ne-rusi-fotot","status":"publish","type":"post","link":"https:\/\/www.shqiperia.com\/blog\/mes-akullit-dhe-zjarrit-njihuni-me-jeten-e-pabesueshme-te-fisit-te-eger-ne-rusi-fotot\/","title":{"rendered":"Mes akullit dhe zjarrit, njihuni me jet\u00ebn e pabesueshme t\u00eb fisit t\u00eb \u201ceg\u00ebr\u201d n\u00eb Rusi (Fotot)"},"content":{"rendered":"<p><img data-recalc-dims=\"1\" loading=\"lazy\" decoding=\"async\" data-attachment-id=\"25254\" data-permalink=\"https:\/\/www.shqiperia.com\/blog\/mes-akullit-dhe-zjarrit-njihuni-me-jeten-e-pabesueshme-te-fisit-te-eger-ne-rusi-fotot\/nenet-1-copy\/\" data-orig-file=\"https:\/\/i0.wp.com\/www.shqiperia.com\/blog\/wp-content\/uploads\/2019\/08\/nenet-1-Copy.jpg?fit=782%2C418&amp;ssl=1\" data-orig-size=\"782,418\" data-comments-opened=\"1\" data-image-meta=\"{&quot;aperture&quot;:&quot;0&quot;,&quot;credit&quot;:&quot;&quot;,&quot;camera&quot;:&quot;&quot;,&quot;caption&quot;:&quot;&quot;,&quot;created_timestamp&quot;:&quot;0&quot;,&quot;copyright&quot;:&quot;&quot;,&quot;focal_length&quot;:&quot;0&quot;,&quot;iso&quot;:&quot;0&quot;,&quot;shutter_speed&quot;:&quot;0&quot;,&quot;title&quot;:&quot;&quot;,&quot;orientation&quot;:&quot;0&quot;}\" data-image-title=\"nenet-1 &#8211; Copy\" data-image-description=\"\" data-image-caption=\"\" data-medium-file=\"https:\/\/i0.wp.com\/www.shqiperia.com\/blog\/wp-content\/uploads\/2019\/08\/nenet-1-Copy.jpg?fit=300%2C160&amp;ssl=1\" data-large-file=\"https:\/\/i0.wp.com\/www.shqiperia.com\/blog\/wp-content\/uploads\/2019\/08\/nenet-1-Copy.jpg?fit=782%2C418&amp;ssl=1\" class=\"alignnone  wp-image-25254\" alt=\"\" src=\"https:\/\/i0.wp.com\/www.shqiperia.com\/blog\/wp-content\/uploads\/2019\/08\/nenet-1-Copy.jpg?resize=533%2C284&#038;ssl=1\" width=\"533\" height=\"284\" srcset=\"https:\/\/i0.wp.com\/www.shqiperia.com\/blog\/wp-content\/uploads\/2019\/08\/nenet-1-Copy.jpg?resize=300%2C160&amp;ssl=1 300w, https:\/\/i0.wp.com\/www.shqiperia.com\/blog\/wp-content\/uploads\/2019\/08\/nenet-1-Copy.jpg?resize=768%2C411&amp;ssl=1 768w, https:\/\/i0.wp.com\/www.shqiperia.com\/blog\/wp-content\/uploads\/2019\/08\/nenet-1-Copy.jpg?resize=450%2C241&amp;ssl=1 450w, https:\/\/i0.wp.com\/www.shqiperia.com\/blog\/wp-content\/uploads\/2019\/08\/nenet-1-Copy.jpg?resize=600%2C321&amp;ssl=1 600w, https:\/\/i0.wp.com\/www.shqiperia.com\/blog\/wp-content\/uploads\/2019\/08\/nenet-1-Copy.jpg?resize=400%2C214&amp;ssl=1 400w, https:\/\/i0.wp.com\/www.shqiperia.com\/blog\/wp-content\/uploads\/2019\/08\/nenet-1-Copy.jpg?w=782&amp;ssl=1 782w\" sizes=\"auto, (max-width: 533px) 100vw, 533px\" \/><\/p>\n<p><strong>Mes akullit dhe zjarrit, njihuni me jet\u00ebn e pabesueshme t\u00eb fisit t\u00eb \u201ceg\u00ebr\u201d n\u00eb Rusi (Fotot)<\/strong><\/p>\n<p>P\u00ebr mij\u00ebra vite, nenet\u00ebt kan\u00eb migruar me drer\u00ebt e tyre n\u00eb gadishullin Yamal n\u00eb pjes\u00ebn ruse t\u00eb Arktikut.<\/p>\n<p><img data-recalc-dims=\"1\" loading=\"lazy\" decoding=\"async\" data-attachment-id=\"25255\" data-permalink=\"https:\/\/www.shqiperia.com\/blog\/mes-akullit-dhe-zjarrit-njihuni-me-jeten-e-pabesueshme-te-fisit-te-eger-ne-rusi-fotot\/nenet-8-1024x614\/\" data-orig-file=\"https:\/\/i0.wp.com\/www.shqiperia.com\/blog\/wp-content\/uploads\/2019\/08\/nenet-8-1024x614.jpg?fit=1024%2C614&amp;ssl=1\" data-orig-size=\"1024,614\" data-comments-opened=\"1\" data-image-meta=\"{&quot;aperture&quot;:&quot;0&quot;,&quot;credit&quot;:&quot;&quot;,&quot;camera&quot;:&quot;&quot;,&quot;caption&quot;:&quot;&quot;,&quot;created_timestamp&quot;:&quot;0&quot;,&quot;copyright&quot;:&quot;&quot;,&quot;focal_length&quot;:&quot;0&quot;,&quot;iso&quot;:&quot;0&quot;,&quot;shutter_speed&quot;:&quot;0&quot;,&quot;title&quot;:&quot;&quot;,&quot;orientation&quot;:&quot;0&quot;}\" data-image-title=\"nenet-8-1024&#215;614\" data-image-description=\"\" data-image-caption=\"\" data-medium-file=\"https:\/\/i0.wp.com\/www.shqiperia.com\/blog\/wp-content\/uploads\/2019\/08\/nenet-8-1024x614.jpg?fit=300%2C180&amp;ssl=1\" data-large-file=\"https:\/\/i0.wp.com\/www.shqiperia.com\/blog\/wp-content\/uploads\/2019\/08\/nenet-8-1024x614.jpg?fit=1024%2C614&amp;ssl=1\" class=\"alignnone  wp-image-25255\" alt=\"\" src=\"https:\/\/i0.wp.com\/www.shqiperia.com\/blog\/wp-content\/uploads\/2019\/08\/nenet-8-1024x614.jpg?resize=648%2C389&#038;ssl=1\" width=\"648\" height=\"389\" srcset=\"https:\/\/i0.wp.com\/www.shqiperia.com\/blog\/wp-content\/uploads\/2019\/08\/nenet-8-1024x614.jpg?resize=300%2C180&amp;ssl=1 300w, https:\/\/i0.wp.com\/www.shqiperia.com\/blog\/wp-content\/uploads\/2019\/08\/nenet-8-1024x614.jpg?resize=768%2C461&amp;ssl=1 768w, https:\/\/i0.wp.com\/www.shqiperia.com\/blog\/wp-content\/uploads\/2019\/08\/nenet-8-1024x614.jpg?resize=1024%2C614&amp;ssl=1 1024w, https:\/\/i0.wp.com\/www.shqiperia.com\/blog\/wp-content\/uploads\/2019\/08\/nenet-8-1024x614.jpg?resize=450%2C270&amp;ssl=1 450w, https:\/\/i0.wp.com\/www.shqiperia.com\/blog\/wp-content\/uploads\/2019\/08\/nenet-8-1024x614.jpg?resize=600%2C360&amp;ssl=1 600w, https:\/\/i0.wp.com\/www.shqiperia.com\/blog\/wp-content\/uploads\/2019\/08\/nenet-8-1024x614.jpg?resize=400%2C240&amp;ssl=1 400w\" sizes=\"auto, (max-width: 648px) 100vw, 648px\" \/><\/p>\n<p>Jeta e tyre ka vet\u00ebm dy element\u00eb bazik\u00eb, akullin dhe zjarrin. Megjithat\u00eb, ata kan\u00eb ditur t\u2019i p\u00ebrshtaten m\u00eb s\u00eb miri terrenit t\u00eb ashp\u00ebr dhe sot mendohet se numri i tyre \u00ebsht\u00eb mbi 44 000 individ\u00eb.<\/p>\n<p>I vetmi kontakt i detyruar me pjes\u00ebn tjet\u00ebr t\u00eb Rusis\u00eb \u00ebsht\u00eb kur femrat shtatz\u00ebn\u00eb duhet t\u00eb lindin, pasi me ligj duhet ta b\u00ebjn\u00eb k\u00ebt\u00eb n\u00eb nj\u00eb spital, ku merren me avion dhe d\u00ebrgohen n\u00eb zonat e banuara.<\/p>\n<p><img data-recalc-dims=\"1\" loading=\"lazy\" decoding=\"async\" data-attachment-id=\"25257\" data-permalink=\"https:\/\/www.shqiperia.com\/blog\/mes-akullit-dhe-zjarrit-njihuni-me-jeten-e-pabesueshme-te-fisit-te-eger-ne-rusi-fotot\/nenet-3\/\" data-orig-file=\"https:\/\/i0.wp.com\/www.shqiperia.com\/blog\/wp-content\/uploads\/2019\/08\/nenet-3.jpg?fit=1000%2C667&amp;ssl=1\" data-orig-size=\"1000,667\" data-comments-opened=\"1\" data-image-meta=\"{&quot;aperture&quot;:&quot;0&quot;,&quot;credit&quot;:&quot;&quot;,&quot;camera&quot;:&quot;&quot;,&quot;caption&quot;:&quot;&quot;,&quot;created_timestamp&quot;:&quot;0&quot;,&quot;copyright&quot;:&quot;&quot;,&quot;focal_length&quot;:&quot;0&quot;,&quot;iso&quot;:&quot;0&quot;,&quot;shutter_speed&quot;:&quot;0&quot;,&quot;title&quot;:&quot;&quot;,&quot;orientation&quot;:&quot;0&quot;}\" data-image-title=\"nenet-3\" data-image-description=\"\" data-image-caption=\"\" data-medium-file=\"https:\/\/i0.wp.com\/www.shqiperia.com\/blog\/wp-content\/uploads\/2019\/08\/nenet-3.jpg?fit=300%2C200&amp;ssl=1\" data-large-file=\"https:\/\/i0.wp.com\/www.shqiperia.com\/blog\/wp-content\/uploads\/2019\/08\/nenet-3.jpg?fit=1000%2C667&amp;ssl=1\" class=\"alignnone  wp-image-25257\" alt=\"\" src=\"https:\/\/i0.wp.com\/www.shqiperia.com\/blog\/wp-content\/uploads\/2019\/08\/nenet-3.jpg?resize=722%2C481&#038;ssl=1\" width=\"722\" height=\"481\" srcset=\"https:\/\/i0.wp.com\/www.shqiperia.com\/blog\/wp-content\/uploads\/2019\/08\/nenet-3.jpg?resize=300%2C200&amp;ssl=1 300w, https:\/\/i0.wp.com\/www.shqiperia.com\/blog\/wp-content\/uploads\/2019\/08\/nenet-3.jpg?resize=768%2C512&amp;ssl=1 768w, https:\/\/i0.wp.com\/www.shqiperia.com\/blog\/wp-content\/uploads\/2019\/08\/nenet-3.jpg?resize=600%2C400&amp;ssl=1 600w, https:\/\/i0.wp.com\/www.shqiperia.com\/blog\/wp-content\/uploads\/2019\/08\/nenet-3.jpg?resize=450%2C300&amp;ssl=1 450w, https:\/\/i0.wp.com\/www.shqiperia.com\/blog\/wp-content\/uploads\/2019\/08\/nenet-3.jpg?resize=400%2C267&amp;ssl=1 400w, https:\/\/i0.wp.com\/www.shqiperia.com\/blog\/wp-content\/uploads\/2019\/08\/nenet-3.jpg?w=1000&amp;ssl=1 1000w\" sizes=\"auto, (max-width: 722px) 100vw, 722px\" \/> <img data-recalc-dims=\"1\" loading=\"lazy\" decoding=\"async\" data-attachment-id=\"25258\" data-permalink=\"https:\/\/www.shqiperia.com\/blog\/mes-akullit-dhe-zjarrit-njihuni-me-jeten-e-pabesueshme-te-fisit-te-eger-ne-rusi-fotot\/nenet-4\/\" data-orig-file=\"https:\/\/i0.wp.com\/www.shqiperia.com\/blog\/wp-content\/uploads\/2019\/08\/nenet-4.jpg?fit=1000%2C667&amp;ssl=1\" data-orig-size=\"1000,667\" data-comments-opened=\"1\" data-image-meta=\"{&quot;aperture&quot;:&quot;0&quot;,&quot;credit&quot;:&quot;&quot;,&quot;camera&quot;:&quot;&quot;,&quot;caption&quot;:&quot;&quot;,&quot;created_timestamp&quot;:&quot;0&quot;,&quot;copyright&quot;:&quot;&quot;,&quot;focal_length&quot;:&quot;0&quot;,&quot;iso&quot;:&quot;0&quot;,&quot;shutter_speed&quot;:&quot;0&quot;,&quot;title&quot;:&quot;&quot;,&quot;orientation&quot;:&quot;0&quot;}\" data-image-title=\"nenet-4\" data-image-description=\"\" data-image-caption=\"\" data-medium-file=\"https:\/\/i0.wp.com\/www.shqiperia.com\/blog\/wp-content\/uploads\/2019\/08\/nenet-4.jpg?fit=300%2C200&amp;ssl=1\" data-large-file=\"https:\/\/i0.wp.com\/www.shqiperia.com\/blog\/wp-content\/uploads\/2019\/08\/nenet-4.jpg?fit=1000%2C667&amp;ssl=1\" class=\"alignnone  wp-image-25258\" alt=\"\" src=\"https:\/\/i0.wp.com\/www.shqiperia.com\/blog\/wp-content\/uploads\/2019\/08\/nenet-4.jpg?resize=716%2C477&#038;ssl=1\" width=\"716\" height=\"477\" srcset=\"https:\/\/i0.wp.com\/www.shqiperia.com\/blog\/wp-content\/uploads\/2019\/08\/nenet-4.jpg?resize=300%2C200&amp;ssl=1 300w, https:\/\/i0.wp.com\/www.shqiperia.com\/blog\/wp-content\/uploads\/2019\/08\/nenet-4.jpg?resize=768%2C512&amp;ssl=1 768w, https:\/\/i0.wp.com\/www.shqiperia.com\/blog\/wp-content\/uploads\/2019\/08\/nenet-4.jpg?resize=600%2C400&amp;ssl=1 600w, https:\/\/i0.wp.com\/www.shqiperia.com\/blog\/wp-content\/uploads\/2019\/08\/nenet-4.jpg?resize=450%2C300&amp;ssl=1 450w, https:\/\/i0.wp.com\/www.shqiperia.com\/blog\/wp-content\/uploads\/2019\/08\/nenet-4.jpg?resize=400%2C267&amp;ssl=1 400w, https:\/\/i0.wp.com\/www.shqiperia.com\/blog\/wp-content\/uploads\/2019\/08\/nenet-4.jpg?w=1000&amp;ssl=1 1000w\" sizes=\"auto, (max-width: 716px) 100vw, 716px\" \/> <img data-recalc-dims=\"1\" loading=\"lazy\" decoding=\"async\" data-attachment-id=\"25259\" data-permalink=\"https:\/\/www.shqiperia.com\/blog\/mes-akullit-dhe-zjarrit-njihuni-me-jeten-e-pabesueshme-te-fisit-te-eger-ne-rusi-fotot\/nenet-8-1024x614-2\/\" data-orig-file=\"https:\/\/i0.wp.com\/www.shqiperia.com\/blog\/wp-content\/uploads\/2019\/08\/nenet-8-1024x614-1.jpg?fit=1024%2C614&amp;ssl=1\" data-orig-size=\"1024,614\" data-comments-opened=\"1\" data-image-meta=\"{&quot;aperture&quot;:&quot;0&quot;,&quot;credit&quot;:&quot;&quot;,&quot;camera&quot;:&quot;&quot;,&quot;caption&quot;:&quot;&quot;,&quot;created_timestamp&quot;:&quot;0&quot;,&quot;copyright&quot;:&quot;&quot;,&quot;focal_length&quot;:&quot;0&quot;,&quot;iso&quot;:&quot;0&quot;,&quot;shutter_speed&quot;:&quot;0&quot;,&quot;title&quot;:&quot;&quot;,&quot;orientation&quot;:&quot;0&quot;}\" data-image-title=\"nenet-8-1024&#215;614\" data-image-description=\"\" data-image-caption=\"\" data-medium-file=\"https:\/\/i0.wp.com\/www.shqiperia.com\/blog\/wp-content\/uploads\/2019\/08\/nenet-8-1024x614-1.jpg?fit=300%2C180&amp;ssl=1\" data-large-file=\"https:\/\/i0.wp.com\/www.shqiperia.com\/blog\/wp-content\/uploads\/2019\/08\/nenet-8-1024x614-1.jpg?fit=1024%2C614&amp;ssl=1\" class=\"alignnone  wp-image-25259\" alt=\"\" src=\"https:\/\/i0.wp.com\/www.shqiperia.com\/blog\/wp-content\/uploads\/2019\/08\/nenet-8-1024x614-1.jpg?resize=722%2C433&#038;ssl=1\" width=\"722\" height=\"433\" srcset=\"https:\/\/i0.wp.com\/www.shqiperia.com\/blog\/wp-content\/uploads\/2019\/08\/nenet-8-1024x614-1.jpg?resize=300%2C180&amp;ssl=1 300w, https:\/\/i0.wp.com\/www.shqiperia.com\/blog\/wp-content\/uploads\/2019\/08\/nenet-8-1024x614-1.jpg?resize=768%2C461&amp;ssl=1 768w, https:\/\/i0.wp.com\/www.shqiperia.com\/blog\/wp-content\/uploads\/2019\/08\/nenet-8-1024x614-1.jpg?w=1024&amp;ssl=1 1024w, https:\/\/i0.wp.com\/www.shqiperia.com\/blog\/wp-content\/uploads\/2019\/08\/nenet-8-1024x614-1.jpg?resize=450%2C270&amp;ssl=1 450w, https:\/\/i0.wp.com\/www.shqiperia.com\/blog\/wp-content\/uploads\/2019\/08\/nenet-8-1024x614-1.jpg?resize=600%2C360&amp;ssl=1 600w, https:\/\/i0.wp.com\/www.shqiperia.com\/blog\/wp-content\/uploads\/2019\/08\/nenet-8-1024x614-1.jpg?resize=400%2C240&amp;ssl=1 400w\" sizes=\"auto, (max-width: 722px) 100vw, 722px\" \/> <img data-recalc-dims=\"1\" loading=\"lazy\" decoding=\"async\" data-attachment-id=\"25260\" data-permalink=\"https:\/\/www.shqiperia.com\/blog\/mes-akullit-dhe-zjarrit-njihuni-me-jeten-e-pabesueshme-te-fisit-te-eger-ne-rusi-fotot\/nenet-10\/\" data-orig-file=\"https:\/\/i0.wp.com\/www.shqiperia.com\/blog\/wp-content\/uploads\/2019\/08\/nenet-10.jpg?fit=1000%2C667&amp;ssl=1\" data-orig-size=\"1000,667\" data-comments-opened=\"1\" data-image-meta=\"{&quot;aperture&quot;:&quot;0&quot;,&quot;credit&quot;:&quot;&quot;,&quot;camera&quot;:&quot;&quot;,&quot;caption&quot;:&quot;&quot;,&quot;created_timestamp&quot;:&quot;0&quot;,&quot;copyright&quot;:&quot;&quot;,&quot;focal_length&quot;:&quot;0&quot;,&quot;iso&quot;:&quot;0&quot;,&quot;shutter_speed&quot;:&quot;0&quot;,&quot;title&quot;:&quot;&quot;,&quot;orientation&quot;:&quot;0&quot;}\" data-image-title=\"nenet-10\" data-image-description=\"\" data-image-caption=\"\" data-medium-file=\"https:\/\/i0.wp.com\/www.shqiperia.com\/blog\/wp-content\/uploads\/2019\/08\/nenet-10.jpg?fit=300%2C200&amp;ssl=1\" data-large-file=\"https:\/\/i0.wp.com\/www.shqiperia.com\/blog\/wp-content\/uploads\/2019\/08\/nenet-10.jpg?fit=1000%2C667&amp;ssl=1\" class=\"alignnone  wp-image-25260\" alt=\"\" src=\"https:\/\/i0.wp.com\/www.shqiperia.com\/blog\/wp-content\/uploads\/2019\/08\/nenet-10.jpg?resize=713%2C475&#038;ssl=1\" width=\"713\" height=\"475\" srcset=\"https:\/\/i0.wp.com\/www.shqiperia.com\/blog\/wp-content\/uploads\/2019\/08\/nenet-10.jpg?resize=300%2C200&amp;ssl=1 300w, https:\/\/i0.wp.com\/www.shqiperia.com\/blog\/wp-content\/uploads\/2019\/08\/nenet-10.jpg?resize=768%2C512&amp;ssl=1 768w, https:\/\/i0.wp.com\/www.shqiperia.com\/blog\/wp-content\/uploads\/2019\/08\/nenet-10.jpg?resize=600%2C400&amp;ssl=1 600w, https:\/\/i0.wp.com\/www.shqiperia.com\/blog\/wp-content\/uploads\/2019\/08\/nenet-10.jpg?resize=450%2C300&amp;ssl=1 450w, https:\/\/i0.wp.com\/www.shqiperia.com\/blog\/wp-content\/uploads\/2019\/08\/nenet-10.jpg?resize=400%2C267&amp;ssl=1 400w, https:\/\/i0.wp.com\/www.shqiperia.com\/blog\/wp-content\/uploads\/2019\/08\/nenet-10.jpg?w=1000&amp;ssl=1 1000w\" sizes=\"auto, (max-width: 713px) 100vw, 713px\" \/> <img data-recalc-dims=\"1\" loading=\"lazy\" decoding=\"async\" data-attachment-id=\"25261\" data-permalink=\"https:\/\/www.shqiperia.com\/blog\/mes-akullit-dhe-zjarrit-njihuni-me-jeten-e-pabesueshme-te-fisit-te-eger-ne-rusi-fotot\/nenet-13\/\" data-orig-file=\"https:\/\/i0.wp.com\/www.shqiperia.com\/blog\/wp-content\/uploads\/2019\/08\/nenet-13.jpg?fit=1000%2C667&amp;ssl=1\" data-orig-size=\"1000,667\" data-comments-opened=\"1\" data-image-meta=\"{&quot;aperture&quot;:&quot;0&quot;,&quot;credit&quot;:&quot;&quot;,&quot;camera&quot;:&quot;&quot;,&quot;caption&quot;:&quot;&quot;,&quot;created_timestamp&quot;:&quot;0&quot;,&quot;copyright&quot;:&quot;&quot;,&quot;focal_length&quot;:&quot;0&quot;,&quot;iso&quot;:&quot;0&quot;,&quot;shutter_speed&quot;:&quot;0&quot;,&quot;title&quot;:&quot;&quot;,&quot;orientation&quot;:&quot;0&quot;}\" data-image-title=\"nenet-13\" data-image-description=\"\" data-image-caption=\"\" data-medium-file=\"https:\/\/i0.wp.com\/www.shqiperia.com\/blog\/wp-content\/uploads\/2019\/08\/nenet-13.jpg?fit=300%2C200&amp;ssl=1\" data-large-file=\"https:\/\/i0.wp.com\/www.shqiperia.com\/blog\/wp-content\/uploads\/2019\/08\/nenet-13.jpg?fit=1000%2C667&amp;ssl=1\" class=\"alignnone  wp-image-25261\" alt=\"\" src=\"https:\/\/i0.wp.com\/www.shqiperia.com\/blog\/wp-content\/uploads\/2019\/08\/nenet-13.jpg?resize=722%2C481&#038;ssl=1\" width=\"722\" height=\"481\" srcset=\"https:\/\/i0.wp.com\/www.shqiperia.com\/blog\/wp-content\/uploads\/2019\/08\/nenet-13.jpg?resize=300%2C200&amp;ssl=1 300w, https:\/\/i0.wp.com\/www.shqiperia.com\/blog\/wp-content\/uploads\/2019\/08\/nenet-13.jpg?resize=768%2C512&amp;ssl=1 768w, https:\/\/i0.wp.com\/www.shqiperia.com\/blog\/wp-content\/uploads\/2019\/08\/nenet-13.jpg?resize=600%2C400&amp;ssl=1 600w, https:\/\/i0.wp.com\/www.shqiperia.com\/blog\/wp-content\/uploads\/2019\/08\/nenet-13.jpg?resize=450%2C300&amp;ssl=1 450w, https:\/\/i0.wp.com\/www.shqiperia.com\/blog\/wp-content\/uploads\/2019\/08\/nenet-13.jpg?resize=400%2C267&amp;ssl=1 400w, https:\/\/i0.wp.com\/www.shqiperia.com\/blog\/wp-content\/uploads\/2019\/08\/nenet-13.jpg?w=1000&amp;ssl=1 1000w\" sizes=\"auto, (max-width: 722px) 100vw, 722px\" \/><\/p>\n<p><img data-recalc-dims=\"1\" loading=\"lazy\" decoding=\"async\" data-attachment-id=\"25254\" data-permalink=\"https:\/\/www.shqiperia.com\/blog\/mes-akullit-dhe-zjarrit-njihuni-me-jeten-e-pabesueshme-te-fisit-te-eger-ne-rusi-fotot\/nenet-1-copy\/\" data-orig-file=\"https:\/\/i0.wp.com\/www.shqiperia.com\/blog\/wp-content\/uploads\/2019\/08\/nenet-1-Copy.jpg?fit=782%2C418&amp;ssl=1\" data-orig-size=\"782,418\" data-comments-opened=\"1\" data-image-meta=\"{&quot;aperture&quot;:&quot;0&quot;,&quot;credit&quot;:&quot;&quot;,&quot;camera&quot;:&quot;&quot;,&quot;caption&quot;:&quot;&quot;,&quot;created_timestamp&quot;:&quot;0&quot;,&quot;copyright&quot;:&quot;&quot;,&quot;focal_length&quot;:&quot;0&quot;,&quot;iso&quot;:&quot;0&quot;,&quot;shutter_speed&quot;:&quot;0&quot;,&quot;title&quot;:&quot;&quot;,&quot;orientation&quot;:&quot;0&quot;}\" data-image-title=\"nenet-1 &#8211; Copy\" data-image-description=\"\" data-image-caption=\"\" data-medium-file=\"https:\/\/i0.wp.com\/www.shqiperia.com\/blog\/wp-content\/uploads\/2019\/08\/nenet-1-Copy.jpg?fit=300%2C160&amp;ssl=1\" data-large-file=\"https:\/\/i0.wp.com\/www.shqiperia.com\/blog\/wp-content\/uploads\/2019\/08\/nenet-1-Copy.jpg?fit=782%2C418&amp;ssl=1\" class=\"alignnone  wp-image-25254\" alt=\"\" src=\"https:\/\/i0.wp.com\/www.shqiperia.com\/blog\/wp-content\/uploads\/2019\/08\/nenet-1-Copy.jpg?resize=784%2C418&#038;ssl=1\" width=\"784\" height=\"418\" srcset=\"https:\/\/i0.wp.com\/www.shqiperia.com\/blog\/wp-content\/uploads\/2019\/08\/nenet-1-Copy.jpg?resize=300%2C160&amp;ssl=1 300w, https:\/\/i0.wp.com\/www.shqiperia.com\/blog\/wp-content\/uploads\/2019\/08\/nenet-1-Copy.jpg?resize=450%2C241&amp;ssl=1 450w, https:\/\/i0.wp.com\/www.shqiperia.com\/blog\/wp-content\/uploads\/2019\/08\/nenet-1-Copy.jpg?resize=600%2C321&amp;ssl=1 600w, https:\/\/i0.wp.com\/www.shqiperia.com\/blog\/wp-content\/uploads\/2019\/08\/nenet-1-Copy.jpg?resize=400%2C214&amp;ssl=1 400w, https:\/\/i0.wp.com\/www.shqiperia.com\/blog\/wp-content\/uploads\/2019\/08\/nenet-1-Copy.jpg?w=782&amp;ssl=1 782w\" sizes=\"auto, (max-width: 784px) 100vw, 784px\" \/><\/p>\n","protected":false},"excerpt":{"rendered":"<p>Mes akullit dhe zjarrit, njihuni me jet\u00ebn e pabesueshme t\u00eb fisit t\u00eb \u201ceg\u00ebr\u201d n\u00eb Rusi (Fotot) P\u00ebr mij\u00ebra vite, nenet\u00ebt kan\u00eb migruar me drer\u00ebt e tyre n\u00eb gadishullin Yamal n\u00eb pjes\u00ebn ruse t\u00eb Arktikut. Jeta e tyre ka vet\u00ebm dy element\u00eb bazik\u00eb, akullin dhe zjarrin. Megjithat\u00eb, ata kan\u00eb ditur t\u2019i p\u00ebrshtaten m\u00eb s\u00eb miri terrenit [&hellip;]<\/p>\n","protected":false},"author":9,"featured_media":25254,"comment_status":"open","ping_status":"open","sticky":false,"template":"","format":"standard","meta":{"jetpack_post_was_ever_published":false,"_jetpack_newsletter_access":"","_jetpack_dont_email_post_to_subs":false,"_jetpack_newsletter_tier_id":0,"_jetpack_memberships_contains_paywalled_content":false,"_jetpack_memberships_contains_paid_content":false,"footnotes":"","jetpack_publicize_message":"","jetpack_publicize_feature_enabled":true,"jetpack_social_post_already_shared":true,"jetpack_social_options":{"image_generator_settings":{"template":"highway","default_image_id":0,"font":"","enabled":false},"version":2}},"categories":[27,35],"tags":[],"class_list":["post-25253","post","type-post","status-publish","format-standard","has-post-thumbnail","hentry","category-blogu-i-udhetarit","category-shoqerore"],"jetpack_publicize_connections":[],"jetpack_featured_media_url":"https:\/\/i0.wp.com\/www.shqiperia.com\/blog\/wp-content\/uploads\/2019\/08\/nenet-1-Copy.jpg?fit=782%2C418&ssl=1","jetpack_sharing_enabled":true,"jetpack_shortlink":"https:\/\/wp.me\/p5Z6wp-6zj","jetpack-related-posts":[{"id":91998,"url":"https:\/\/www.shqiperia.com\/blog\/zoterimi-i-zjarrit-ne-epoken-e-akullit-si-njerezit-e-hershem-shfrytezuan-piroteknologjine-e-sofistikuar\/","url_meta":{"origin":25253,"position":0},"title":"Zot\u00ebrimi i zjarrit n\u00eb Epok\u00ebn e Akullit\/ Si njer\u00ebzit e hersh\u00ebm shfryt\u00ebzuan piroteknologjin\u00eb e sofistikuar","author":"Kurt Farka","date":"April 29, 2025","format":false,"excerpt":"29 Prill 2025 Nj\u00eb studim novator i udh\u00ebhequr nga studiues nga Universiteti i Algarve dhe Universiteti i Vjen\u00ebs ka zbuluar njohuri t\u00eb reja mbi zot\u00ebrimin e piroteknologjis\u00eb gjat\u00eb Epok\u00ebs s\u00eb Akullit. Studimi, i botuar n\u00eb Geoarchaeology , fokusohet n\u00eb tre vatra prehistorike t\u00eb zbuluara n\u00eb Ukrain\u00eb, duke ofruar d\u00ebshmi se\u2026","rel":"","context":"In &quot;Blogu i Udh\u00ebtarit&quot;","block_context":{"text":"Blogu i Udh\u00ebtarit","link":"https:\/\/www.shqiperia.com\/blog\/category\/blogu-i-udhetarit\/"},"img":{"alt_text":"","src":"https:\/\/i0.wp.com\/www.shqiperia.com\/blog\/wp-content\/uploads\/2025\/04\/640-0-31b3d308a9ec6e8968c6f2528b0192d4.jpg?fit=640%2C388&ssl=1&resize=350%2C200","width":350,"height":200,"srcset":"https:\/\/i0.wp.com\/www.shqiperia.com\/blog\/wp-content\/uploads\/2025\/04\/640-0-31b3d308a9ec6e8968c6f2528b0192d4.jpg?fit=640%2C388&ssl=1&resize=350%2C200 1x, https:\/\/i0.wp.com\/www.shqiperia.com\/blog\/wp-content\/uploads\/2025\/04\/640-0-31b3d308a9ec6e8968c6f2528b0192d4.jpg?fit=640%2C388&ssl=1&resize=525%2C300 1.5x"},"classes":[]},{"id":30484,"url":"https:\/\/www.shqiperia.com\/blog\/album-foto-te-pandare-nga-lopet-jeta-e-vecante-e-fisit-sudanez\/","url_meta":{"origin":25253,"position":1},"title":"Album Foto: &#8211; T\u00cb PANDAR\u00cb NGA LOP\u00cbT, JETA E VE\u00c7ANT\u00cb E FISIT SUDANEZ.","author":"Kurt Farka","date":"January 20, 2020","format":false,"excerpt":"Album Foto: - T\u00cb PANDAR\u00cb NGA LOP\u00cbT, JETA E VE\u00c7ANT\u00cb E FISIT SUDANEZ. Pamjet nga jeta e p\u00ebrditshme e fisit Mundari n\u00eb Sudanin e Jugut tregohen nga fotografi Mario Gerth, i cili ka jetuar tre muaj pran\u00eb tyre. Pjes\u00ebtar\u00ebt e fisit nomad i kalojn\u00eb dit\u00ebt rreth kullotave t\u00eb rajonit Sahel\u2026","rel":"","context":"In &quot;Blogu i Udh\u00ebtarit&quot;","block_context":{"text":"Blogu i Udh\u00ebtarit","link":"https:\/\/www.shqiperia.com\/blog\/category\/blogu-i-udhetarit\/"},"img":{"alt_text":"","src":"https:\/\/i0.wp.com\/www.shqiperia.com\/blog\/wp-content\/uploads\/2020\/01\/23471052-7894141-image-a-86_1579168699902.jpg?fit=962%2C642&ssl=1&resize=350%2C200","width":350,"height":200,"srcset":"https:\/\/i0.wp.com\/www.shqiperia.com\/blog\/wp-content\/uploads\/2020\/01\/23471052-7894141-image-a-86_1579168699902.jpg?fit=962%2C642&ssl=1&resize=350%2C200 1x, https:\/\/i0.wp.com\/www.shqiperia.com\/blog\/wp-content\/uploads\/2020\/01\/23471052-7894141-image-a-86_1579168699902.jpg?fit=962%2C642&ssl=1&resize=525%2C300 1.5x, https:\/\/i0.wp.com\/www.shqiperia.com\/blog\/wp-content\/uploads\/2020\/01\/23471052-7894141-image-a-86_1579168699902.jpg?fit=962%2C642&ssl=1&resize=700%2C400 2x"},"classes":[]},{"id":54801,"url":"https:\/\/www.shqiperia.com\/blog\/ne-rusi-nuk-kursen-as-femijet-shoqerohen-ne-polici-bashke-me-prinderit-deri-tani-7-mije-te-arrestuar-ja-pankartat-qe-mbajne-ne-duar-vogelushet\/","url_meta":{"origin":25253,"position":2},"title":"Ne Rusi nuk kursen as f\u00ebmij\u00ebt, shoq\u00ebrohen n\u00eb Polici bashk\u00eb me prind\u00ebrit. &#8211; Deri tani 7 mij\u00eb t\u00eb arrestuar. Ja pankartat q\u00eb mbajn\u00eb n\u00eb duar vog\u00eblush\u00ebt","author":"Kurt Farka","date":"March 2, 2022","format":false,"excerpt":"Ne Rusi nuk kursen as f\u00ebmij\u00ebt, shoq\u00ebrohen n\u00eb Polici bashk\u00eb me prind\u00ebrit. - Deri tani 7 mij\u00eb t\u00eb arrestuar. Ja pankartat q\u00eb mbajn\u00eb n\u00eb duar vog\u00eblush\u00ebt 2 Mars 2022 Protestuesit n\u00eb Rusi kan\u00eb sfiduar Mosk\u00ebn dhe kan\u00eb dal\u00eb n\u00eb rrug\u00eb kund\u00ebr luft\u00ebs q\u00eb ka nisur Presidenti Vladimir Putin n\u00eb Ukrain\u00eb,\u2026","rel":"","context":"In &quot;Blogu i Udh\u00ebtarit&quot;","block_context":{"text":"Blogu i Udh\u00ebtarit","link":"https:\/\/www.shqiperia.com\/blog\/category\/blogu-i-udhetarit\/"},"img":{"alt_text":"","src":"https:\/\/i0.wp.com\/www.shqiperia.com\/blog\/wp-content\/uploads\/2022\/03\/Femije-te-Arrestuar-Rusi-2-Copy.jpg?fit=959%2C610&ssl=1&resize=350%2C200","width":350,"height":200,"srcset":"https:\/\/i0.wp.com\/www.shqiperia.com\/blog\/wp-content\/uploads\/2022\/03\/Femije-te-Arrestuar-Rusi-2-Copy.jpg?fit=959%2C610&ssl=1&resize=350%2C200 1x, https:\/\/i0.wp.com\/www.shqiperia.com\/blog\/wp-content\/uploads\/2022\/03\/Femije-te-Arrestuar-Rusi-2-Copy.jpg?fit=959%2C610&ssl=1&resize=525%2C300 1.5x, https:\/\/i0.wp.com\/www.shqiperia.com\/blog\/wp-content\/uploads\/2022\/03\/Femije-te-Arrestuar-Rusi-2-Copy.jpg?fit=959%2C610&ssl=1&resize=700%2C400 2x"},"classes":[]},{"id":29517,"url":"https:\/\/www.shqiperia.com\/blog\/pasuri-miliarda-dollare-njihuni-me-5-nga-10-pikturat-me-te-kerkuara-ne-bote-fotot\/","url_meta":{"origin":25253,"position":3},"title":"Pasuri miliarda dollar\u00eb, njihuni me 5 nga 10 pikturat m\u00eb t\u00eb k\u00ebrkuara n\u00eb bot\u00eb (Fotot)","author":"Kurt Farka","date":"December 20, 2019","format":false,"excerpt":"Pasuri miliarda dollar\u00eb, njihuni me 5 nga 10 pikturat m\u00eb t\u00eb k\u00ebrkuara n\u00eb bot\u00eb (Fotot) \u00c7do vit, vepra arti q\u00eb bashk\u00eb vlejn\u00eb miliarda dollar\u00eb kalojn\u00eb n\u00ebp\u00ebr sht\u00ebpit\u00eb e ankandeve n\u00eb mbar\u00eb bot\u00ebn, nd\u00ebrsa muzet\u00eb m\u00eb t\u00eb r\u00ebnd\u00ebsish\u00ebm mbajn\u00eb dhjet\u00ebra mij\u00ebra \u2013 madje qindra mij\u00ebra \u2013 vepra arti n\u00eb koleksionet e\u2026","rel":"","context":"In &quot;Arte&quot;","block_context":{"text":"Arte","link":"https:\/\/www.shqiperia.com\/blog\/category\/arte\/"},"img":{"alt_text":"","src":"https:\/\/i0.wp.com\/www.shqiperia.com\/blog\/wp-content\/uploads\/2019\/12\/iulooiloiloi-1-1.jpg?fit=780%2C439&ssl=1&resize=350%2C200","width":350,"height":200,"srcset":"https:\/\/i0.wp.com\/www.shqiperia.com\/blog\/wp-content\/uploads\/2019\/12\/iulooiloiloi-1-1.jpg?fit=780%2C439&ssl=1&resize=350%2C200 1x, https:\/\/i0.wp.com\/www.shqiperia.com\/blog\/wp-content\/uploads\/2019\/12\/iulooiloiloi-1-1.jpg?fit=780%2C439&ssl=1&resize=525%2C300 1.5x, https:\/\/i0.wp.com\/www.shqiperia.com\/blog\/wp-content\/uploads\/2019\/12\/iulooiloiloi-1-1.jpg?fit=780%2C439&ssl=1&resize=700%2C400 2x"},"classes":[]},{"id":41626,"url":"https:\/\/www.shqiperia.com\/blog\/forcon-imunitetin-lufton-diabetin-largon-kollen-e-sheron-fytin-njihuni-me-perfitimet-e-pabesueshme-shendetesore-te-kesaj-bime-qe-gjendet-lehtesisht-ne-shqiperi\/","url_meta":{"origin":25253,"position":4},"title":"Forcon imunitetin, lufton diabetin, largon koll\u00ebn e sh\u00ebron fytin, njihuni me p\u00ebrfitimet e pabesueshme sh\u00ebndet\u00ebsore t\u00eb k\u00ebsaj bime q\u00eb gjendet leht\u00ebsisht n\u00eb Shqip\u00ebri","author":"Kurt Farka","date":"December 7, 2020","format":false,"excerpt":"Forcon imunitetin, lufton diabetin, largon koll\u00ebn e sh\u00ebron fytin, njihuni me p\u00ebrfitimet e pabesueshme sh\u00ebndet\u00ebsore t\u00eb k\u00ebsaj bime q\u00eb gjendet leht\u00ebsisht n\u00eb Shqip\u00ebri 6 DHJETOR 2020 Halat e fresk\u00ebta t\u00eb bredhit l\u00ebshojn\u00eb nj\u00eb l\u00ebng t\u00eb leht\u00eb me shije t\u00eb ngjashme me at\u00eb t\u00eb limonit, nd\u00ebrsa ato t\u00eb bredhit t\u00eb vjet\u00ebr\u2026","rel":"","context":"In &quot;Blogu i Udh\u00ebtarit&quot;","block_context":{"text":"Blogu i Udh\u00ebtarit","link":"https:\/\/www.shqiperia.com\/blog\/category\/blogu-i-udhetarit\/"},"img":{"alt_text":"","src":"https:\/\/i0.wp.com\/www.shqiperia.com\/blog\/wp-content\/uploads\/2020\/12\/800-0-5fcc9f2e213cb-Copy.jpg?fit=800%2C437&ssl=1&resize=350%2C200","width":350,"height":200,"srcset":"https:\/\/i0.wp.com\/www.shqiperia.com\/blog\/wp-content\/uploads\/2020\/12\/800-0-5fcc9f2e213cb-Copy.jpg?fit=800%2C437&ssl=1&resize=350%2C200 1x, https:\/\/i0.wp.com\/www.shqiperia.com\/blog\/wp-content\/uploads\/2020\/12\/800-0-5fcc9f2e213cb-Copy.jpg?fit=800%2C437&ssl=1&resize=525%2C300 1.5x, https:\/\/i0.wp.com\/www.shqiperia.com\/blog\/wp-content\/uploads\/2020\/12\/800-0-5fcc9f2e213cb-Copy.jpg?fit=800%2C437&ssl=1&resize=700%2C400 2x"},"classes":[]},{"id":68625,"url":"https:\/\/www.shqiperia.com\/blog\/shkence-niveli-i-deteve-do-te-rritet-me-shume-nga-sa-pritet-pasojat-e-tmerrshme-mund-te-parandalohen-vetem-nese-bota\/","url_meta":{"origin":25253,"position":5},"title":"Shkenc\u00eb\/ Niveli i deteve do t\u00eb rritet m\u00eb shum\u00eb nga sa pritet. &#8211; Pasojat e tmerrshme mund t\u00eb parandalohen vet\u00ebm n\u00ebse bota\u2026","author":"Kurt Farka","date":"February 25, 2023","format":false,"excerpt":"25 Shkurt 2023 Nj\u00eb studim i botuar n\u00eb Nature Communications nga nj\u00eb grup nd\u00ebrkomb\u00ebtar shkenc\u00ebtar\u00ebsh tregon se nj\u00eb humbje e pakthyeshme e shtresave t\u00eb akullit t\u00eb Antarktid\u00ebs Per\u00ebndimore dhe Grenland\u00ebs, dhe nj\u00eb p\u00ebrshpejtim respektiv i shpejt\u00eb n\u00eb ngritjen e nivelit t\u00eb detit, mund t\u00eb jen\u00eb t\u00eb pashmangshme n\u00ebse nuk arrijm\u00eb\u2026","rel":"","context":"In &quot;Blogu i Udh\u00ebtarit&quot;","block_context":{"text":"Blogu i Udh\u00ebtarit","link":"https:\/\/www.shqiperia.com\/blog\/category\/blogu-i-udhetarit\/"},"img":{"alt_text":"","src":"https:\/\/i0.wp.com\/www.shqiperia.com\/blog\/wp-content\/uploads\/2023\/02\/det-akullnaja-770x428-1.jpeg?fit=770%2C428&ssl=1&resize=350%2C200","width":350,"height":200,"srcset":"https:\/\/i0.wp.com\/www.shqiperia.com\/blog\/wp-content\/uploads\/2023\/02\/det-akullnaja-770x428-1.jpeg?fit=770%2C428&ssl=1&resize=350%2C200 1x, https:\/\/i0.wp.com\/www.shqiperia.com\/blog\/wp-content\/uploads\/2023\/02\/det-akullnaja-770x428-1.jpeg?fit=770%2C428&ssl=1&resize=525%2C300 1.5x, https:\/\/i0.wp.com\/www.shqiperia.com\/blog\/wp-content\/uploads\/2023\/02\/det-akullnaja-770x428-1.jpeg?fit=770%2C428&ssl=1&resize=700%2C400 2x"},"classes":[]}],"_links":{"self":[{"href":"https:\/\/www.shqiperia.com\/blog\/wp-json\/wp\/v2\/posts\/25253","targetHints":{"allow":["GET"]}}],"collection":[{"href":"https:\/\/www.shqiperia.com\/blog\/wp-json\/wp\/v2\/posts"}],"about":[{"href":"https:\/\/www.shqiperia.com\/blog\/wp-json\/wp\/v2\/types\/post"}],"author":[{"embeddable":true,"href":"https:\/\/www.shqiperia.com\/blog\/wp-json\/wp\/v2\/users\/9"}],"replies":[{"embeddable":true,"href":"https:\/\/www.shqiperia.com\/blog\/wp-json\/wp\/v2\/comments?post=25253"}],"version-history":[{"count":1,"href":"https:\/\/www.shqiperia.com\/blog\/wp-json\/wp\/v2\/posts\/25253\/revisions"}],"predecessor-version":[{"id":25262,"href":"https:\/\/www.shqiperia.com\/blog\/wp-json\/wp\/v2\/posts\/25253\/revisions\/25262"}],"wp:featuredmedia":[{"embeddable":true,"href":"https:\/\/www.shqiperia.com\/blog\/wp-json\/wp\/v2\/media\/25254"}],"wp:attachment":[{"href":"https:\/\/www.shqiperia.com\/blog\/wp-json\/wp\/v2\/media?parent=25253"}],"wp:term":[{"taxonomy":"category","embeddable":true,"href":"https:\/\/www.shqiperia.com\/blog\/wp-json\/wp\/v2\/categories?post=25253"},{"taxonomy":"post_tag","embeddable":true,"href":"https:\/\/www.shqiperia.com\/blog\/wp-json\/wp\/v2\/tags?post=25253"}],"curies":[{"name":"wp","href":"https:\/\/api.w.org\/{rel}","templated":true}]}}