{"id":25248,"date":"2019-08-29T12:09:58","date_gmt":"2019-08-29T12:09:58","guid":{"rendered":"https:\/\/www.shqiperia.com\/blog\/?p=25248"},"modified":"2019-08-29T12:10:14","modified_gmt":"2019-08-29T12:10:14","slug":"boset-e-urbaneve-qe-lobuan-per-rritjen-e-cmimit-ne-pranga-per-falsifikim-biletash","status":"publish","type":"post","link":"https:\/\/www.shqiperia.com\/blog\/boset-e-urbaneve-qe-lobuan-per-rritjen-e-cmimit-ne-pranga-per-falsifikim-biletash\/","title":{"rendered":"Bos\u00ebt e Urban\u00ebve q\u00eb lobuan p\u00ebr rritjen e \u00e7mimit, n\u00eb pranga p\u00ebr falsifikim biletash"},"content":{"rendered":"<p><img data-recalc-dims=\"1\" loading=\"lazy\" decoding=\"async\" data-attachment-id=\"25249\" data-permalink=\"https:\/\/www.shqiperia.com\/blog\/boset-e-urbaneve-qe-lobuan-per-rritjen-e-cmimit-ne-pranga-per-falsifikim-biletash\/screenshot_8-29-696x345\/\" data-orig-file=\"https:\/\/i0.wp.com\/www.shqiperia.com\/blog\/wp-content\/uploads\/2019\/08\/Screenshot_8-29-696x345.png?fit=696%2C345&amp;ssl=1\" data-orig-size=\"696,345\" data-comments-opened=\"1\" data-image-meta=\"{&quot;aperture&quot;:&quot;0&quot;,&quot;credit&quot;:&quot;&quot;,&quot;camera&quot;:&quot;&quot;,&quot;caption&quot;:&quot;&quot;,&quot;created_timestamp&quot;:&quot;0&quot;,&quot;copyright&quot;:&quot;&quot;,&quot;focal_length&quot;:&quot;0&quot;,&quot;iso&quot;:&quot;0&quot;,&quot;shutter_speed&quot;:&quot;0&quot;,&quot;title&quot;:&quot;&quot;,&quot;orientation&quot;:&quot;0&quot;}\" data-image-title=\"Screenshot_8-29-696&#215;345\" data-image-description=\"\" data-image-caption=\"\" data-medium-file=\"https:\/\/i0.wp.com\/www.shqiperia.com\/blog\/wp-content\/uploads\/2019\/08\/Screenshot_8-29-696x345.png?fit=300%2C149&amp;ssl=1\" data-large-file=\"https:\/\/i0.wp.com\/www.shqiperia.com\/blog\/wp-content\/uploads\/2019\/08\/Screenshot_8-29-696x345.png?fit=696%2C345&amp;ssl=1\" class=\"alignnone wp-image-25249\" alt=\"\" src=\"https:\/\/i0.wp.com\/www.shqiperia.com\/blog\/wp-content\/uploads\/2019\/08\/Screenshot_8-29-696x345.png?resize=453%2C225&#038;ssl=1\" width=\"453\" height=\"225\" srcset=\"https:\/\/i0.wp.com\/www.shqiperia.com\/blog\/wp-content\/uploads\/2019\/08\/Screenshot_8-29-696x345.png?resize=300%2C149&amp;ssl=1 300w, https:\/\/i0.wp.com\/www.shqiperia.com\/blog\/wp-content\/uploads\/2019\/08\/Screenshot_8-29-696x345.png?resize=450%2C223&amp;ssl=1 450w, https:\/\/i0.wp.com\/www.shqiperia.com\/blog\/wp-content\/uploads\/2019\/08\/Screenshot_8-29-696x345.png?resize=600%2C297&amp;ssl=1 600w, https:\/\/i0.wp.com\/www.shqiperia.com\/blog\/wp-content\/uploads\/2019\/08\/Screenshot_8-29-696x345.png?resize=400%2C198&amp;ssl=1 400w, https:\/\/i0.wp.com\/www.shqiperia.com\/blog\/wp-content\/uploads\/2019\/08\/Screenshot_8-29-696x345.png?resize=696%2C345&amp;ssl=1 696w\" sizes=\"auto, (max-width: 453px) 100vw, 453px\" \/><\/p>\n<p>Bos\u00ebt e Urban\u00ebve q\u00eb lobuan p\u00ebr rritjen e \u00e7mimit, n\u00eb pranga p\u00ebr falsifikim biletash<\/p>\n<p>Gusht 28, 2019<\/p>\n<p>Nga\u00a0<strong>Boldnews.al<\/strong><\/p>\n<p>Tre vjet m\u00eb par\u00eb, Ferdinand Ibrahimi dhe shoqata e drejtuar prej tij e Transportit Urban t\u00eb Tiran\u00ebs, iu bashkua nism\u00ebs s\u00eb Erion Veliajt p\u00ebr t\u00eb rritur \u00e7mimin e biletave p\u00ebr udh\u00ebtar\u00ebt kryeqytetas.<\/p>\n<p>Sot, bosi i linj\u00ebs urbane t\u00eb Unaz\u00ebs, s\u00eb bashku me drejtuesit e linj\u00ebs s\u00eb Tiran\u00ebs s\u00eb Re dhe t\u00eb Porcelanit, p\u00ebrfunduan n\u00eb pranga, pasi dyshohet se kan\u00eb falsifikuar bileta dhe abone, megjith\u00ebse \u00e7mimi u rrit sipas k\u00ebrkes\u00ebs s\u00eb tyre.<\/p>\n<p>N\u00ebn nxitjen e kryebashkiakut t\u00eb Tiran\u00ebs, Ibrahimi propozoi rritjen dyfish t\u00eb bilet\u00ebs p\u00ebr nj\u00eb udh\u00ebtim, nga 30 lek\u00eb t\u00eb reja n\u00eb 70 lek\u00eb.<\/p>\n<p>Ky propozim ndihmoi Veliajn q\u00eb t\u00eb prezantohej n\u00eb publik si \u201cmbrojt\u00ebs i interesit qytetar\u201d. Kryebashkiaku, n\u00ebn reagimin e fort\u00eb qytetar, vuri \u201cveton\u201d e tij dhe vendosi se \u00e7mimi i bilet\u00ebs do t\u00eb rritej vet\u00ebm me 10 lek\u00eb t\u00eb reja, duke shkuar n\u00eb 40.<\/p>\n<p>N\u00eb k\u00ebt\u00eb m\u00ebnyr\u00eb, Erion Veliaj, i cili sapo kishte marr\u00eb detyr\u00ebn e kryebashkiakun, synoi q\u00eb t\u00eb realizonte q\u00ebllimin e tij, p\u00ebr rritjen e \u00e7mimit, e konvertuar n\u00eb rritje t\u00eb ardhurash nga taksat e urban\u00ebve. Nga ana tjet\u00ebr, ai u prezantua si \u201cm\u00ebshiruesi\u201d, i cili mendon p\u00ebr xhepat e qytetar\u00ebve t\u00eb thjesht\u00eb t\u00eb Tiran\u00ebs, t\u00eb cil\u00ebt kan\u00eb autobus\u00ebt urban si mjetin e vet\u00ebm t\u00eb transportit.<\/p>\n<p>Por, nga ai moment i \u201caleanc\u00ebs\u201d s\u00eb Veliajt me drejtuesit e linjave t\u00eb autobus\u00ebve, duket se di\u00e7ka nuk ka shkuar mir\u00eb. Sh\u00ebrbimi urban nuk ka p\u00ebrmir\u00ebsime t\u00eb dukshme dhe qytetar\u00ebt, sidomos n\u00eb periudh\u00eb t\u00eb nxeht\u00eb, ankohen p\u00ebr cil\u00ebsin\u00eb e ul\u00ebt.<\/p>\n<p>P\u00ebrgjegj\u00ebsia, natyrisht q\u00eb k\u00ebrkohet tek Veliaj, i cili dha premtimin publik se rritja e \u00e7mimit do t\u00eb shnd\u00ebrrohej n\u00eb rritje cil\u00ebsie. P\u00ebr cil\u00ebsin\u00eb e lart\u00eb, ai vet\u00eb do t\u00eb dilte garant.<\/p>\n<p>N\u00eb fakt, garancia e Erion Veliajt p\u00ebr sh\u00ebrbimin jo vet\u00ebm q\u00eb ra, por, p\u00ebr m\u00eb tep\u00ebr, drejtuesit e tij, \u201cish-aleat\u00ebt\u201d e rritjes s\u00eb \u00e7mimit t\u00eb bilet\u00ebs, tashm\u00eb jan\u00eb n\u00eb pranga, pasi dyshohet se jan\u00eb p\u00ebrfshir\u00eb n\u00eb skem\u00eb mashtrimi dhe falsifikimi.<\/p>\n<p><strong>Kush jan\u00eb \u201cbos\u00ebt\u201d e arrestuar<\/strong><br \/>\n<strong><em>Ferdinand Ibrahimi<\/em><\/strong>, kryetar i Shoqat\u00ebs s\u00eb Sh\u00ebrbimit Urban \u00ebsht\u00eb personazhi m\u00eb publik n\u00eb list\u00ebn e t\u00eb arrestuarve. Prej 15 vitesh ai \u00ebsht\u00eb pronar i linj\u00ebs s\u00eb autobus\u00ebve t\u00eb Unaz\u00ebs. Ibrahimi, pronar i kompanis\u00eb s\u00eb pjes\u00ebve t\u00eb k\u00ebmbimit \u201cFerlut\u201d fitoi n\u00eb vitin 2004 tenderin e zhvilluar nga qeveria \u201cNano\u201d p\u00ebr transportin urban n\u00eb linj\u00ebn e Unaz\u00ebs s\u00eb kryeqytetit.<\/p>\n<p>Vite m\u00eb par\u00eb, ai ka qen\u00eb botues i gazet\u00ebs s\u00eb p\u00ebrditshme \u201cBallkan\u201d.<\/p>\n<p>Ferdinand Ibrahimi rezulton bashk\u00ebpronar n\u00eb kompanin\u00eb \u201cTirana Ticket\u201d, e themeluar n\u00eb Prill 2019, aksioner n\u00eb t\u00eb cil\u00ebn \u00ebsht\u00eb edhe nj\u00eb prej t\u00eb arrestuarve t\u00eb tjer\u00eb t\u00eb s\u00eb m\u00ebrkur\u00ebs, Fatos Vrapi.<\/p>\n<p>S\u00eb bashku me Ferdinand Ibrahimin, u arrestua edhe djali i tij 20-vje\u00e7ar,\u00a0<strong><em>Anastas Ibrahimi<\/em><\/strong>. Emri i Anastasit \u00ebsht\u00eb p\u00ebrdorur nga i ati i tij p\u00ebr t\u2019i dh\u00ebn\u00eb emrin kompanis\u00eb \u201cAnas\u201d, e cila \u00ebsht\u00eb distributori kryesor i automjeteve \u201cFiat\u201d n\u00eb Shqip\u00ebris\u00eb.<\/p>\n<p><strong><em>Fatos Vrapi<\/em><\/strong>\u00a0dhe bashk\u00ebshortja e tij,\u00a0<strong><em>Albana Vrapi<\/em><\/strong>, t\u00eb dy t\u00eb arrestuar, jan\u00eb pronar\u00ebt dhe administrator\u00ebt e kompanis\u00eb \u201cAlba-Trans\u201d. Kjo kompani operon me autobus\u00ebt e saj urban\u00eb n\u00eb linj\u00ebn e Tiran\u00ebs s\u00eb Re, Qend\u00ebr-Uzina Autotraktor dhe Qend\u00ebr Tufin\u00eb, sipas t\u00eb dh\u00ebnave t\u00eb publikuara n\u00eb faqen zyrtare t\u00eb Shoqat\u00ebs Komb\u00ebtare t\u00eb Transportit Qytet\u00ebs.<\/p>\n<p>Kompania \u201cAlba-Trans\u201d e bashk\u00ebshort\u00ebve Vrapi \u00ebsht\u00eb krijuar n\u00eb vitin 2003 dhe, si objekt t\u00eb aktivitetit t\u00eb saj ka sh\u00ebrbim transporti udh\u00ebtar\u00ebsh urban\u00eb, interurban\u00eb dhe nd\u00ebrkomb\u00ebtar.<\/p>\n<p>Fatos Vrapi \u00ebsht\u00eb p\u00ebrfshir\u00eb, p\u00ebrkoh\u00ebsisht, edhe n\u00eb nj\u00eb projekt mediatik. Ai rezulton si bashk\u00ebpronar i kompanis\u00eb \u201cLibertas media group\u201d me 25% t\u00eb aksioneve, aq sa ka edhe Blendi Gonxhja, nj\u00eb personazh i af\u00ebrt me kryeministrin Edi Rama.<\/p>\n<p>Kompania \u201cLibertas\u201d, e themeluar n\u00eb vitin 2008, \u00ebsht\u00eb aktualisht n\u00eb likujdim e sip\u00ebr.<\/p>\n<p>Fatos Vrapi \u00ebsht\u00eb zgjedhur s\u00eb fundmi edhe an\u00ebtar i K\u00ebshillit Bashkiak, p\u00ebrfaq\u00ebsues i Partis\u00eb Demokracia Sociale t\u00eb drejtuar nga Paskal Milo.<\/p>\n<p>S\u00eb bashku me Ibrahimin, Fatos Vrapi \u00ebsht\u00eb nj\u00eb prej aksioner\u00ebve kryesor\u00eb t\u00eb \u201cTirana Ticket\u201d, e krijuar n\u00eb Prill 2019, me objekt \u201cShitjen e Biletave dhe aboneve p\u00ebr Udh\u00ebtar\u00ebt q\u00eb p\u00ebrdorin transportit qytetas, sh\u00ebrbim konsulence lidhur me transportin qytetas dhe shoq\u00ebrit\u00eb e transportit qytetas, organizim t\u00eb trajnimeve dhe seminareve informuese mbi transportin qytetas\u201d.<\/p>\n<p>Praktikisht, \u201cTirana ticket\u201d \u00ebsht\u00eb kompania p\u00ebrgjegj\u00ebse p\u00ebr prodhimin e shp\u00ebrndarjen e biletave dhe aboneve t\u00eb transportit urban t\u00eb kryeqytetit.<\/p>\n<p>Dhe, pik\u00ebrisht n\u00eb k\u00ebt\u00eb proces, pra n\u00eb prodhimin dhe shp\u00ebrndarjen e biletave dhe aboneve, k\u00ebta persona dyshohet se kan\u00eb kryer falsifikime.<\/p>\n<p>Sipas t\u00eb dh\u00ebnave hetimore t\u00eb publikuara deri m\u00eb tani, personat e arrestuar, n\u00eb bashk\u00ebpunim me nj\u00ebri-tjetrin, kan\u00eb falsifikuar bileta t\u00eb transportit urban n\u00eb koh\u00eb dhe periudha t\u00eb ndryshme, me q\u00ebllim shmangien e detyrimeve tatimore dhe p\u00ebrfitim financiar t\u00eb disa shoq\u00ebrive operatore n\u00eb transportin urban n\u00eb qarkun Tiran\u00eb.<\/p>\n<p>Ata p\u00ebrdornin bileta urbani t\u00eb falsifikuara dhe jo t\u00eb prodhura n\u00eb Shtypshkronj\u00ebn e Letrave me Vler\u00eb, t\u00eb cilat i kishin hedhur n\u00eb qarkullim, duke p\u00ebrfituar shuma t\u00eb konsiderueshme monetare.<\/p>\n<p>N\u00ebp\u00ebrmjet k\u00ebtyre veprimeve i kan\u00eb shkaktuar shtetit nj\u00eb d\u00ebm t\u00eb madh ekonomik, i cili do t\u00eb p\u00ebrllogaritet n\u00eb vazhdim\u00ebsi nga strukturat e Drejtoris\u00eb s\u00eb P\u00ebrgjithshme t\u00eb Tatimeve. Gjat\u00eb arrestimit jan\u00eb sekuestruar edhe 150 000 bileta urbani t\u00eb falsifikuara, v\u00ebnia n\u00eb p\u00ebrdorim e t\u00eb cilave kap vler\u00ebn 6 000 000 lek\u00eb t\u00eb reja.<\/p>\n<p>N\u00eb t\u00eb nj\u00ebjt\u00ebn skem\u00eb dyshohet se \u00ebsht\u00eb p\u00ebrfshir\u00eb edhe\u00a0<strong><em>Erisa Vora<\/em><\/strong>, administratore e \u201cTirana-Urban-Trans\u201d, kompani e cila operon n\u00eb linj\u00ebn \u201cTiran\u00eb-Porcelan\u201d. Vora \u00ebsht\u00eb arrestuar gjithashtu paraditen e s\u00eb m\u00ebrkur\u00ebs.<\/p>\n<p>\u201cTirana-Urban-Trans\u201d \u00ebsht\u00eb nj\u00eb kompani e krijuar n\u00eb vitin 2001. Ajo \u00ebsht\u00eb shoq\u00ebri aksionere, ku ortaku kryesor \u00ebsht\u00eb Hazbi Parllaku, me 50% t\u00eb aksioneve.<\/p>\n<p>Parllaku, p\u00ebr t\u00eb cilin nuk ka dyshime, t\u00eb pakt\u00ebn deri m\u00eb tani, p\u00ebr p\u00ebrfshirje n\u00eb skem\u00ebn e falsifikimit t\u00eb biletave, \u00ebsht\u00eb gjithashtu aksioner n\u00eb \u201cTirana Ticket\u201d, s\u00eb bashku me Ferdinand Ibrahimin dhe Fatos Vrapin.<\/p>\n<p>Edhe Parllaku, ashtu si dy koleg\u00ebt e tij, dikur ka qen\u00eb pjes\u00eb e investimit n\u00eb projekte mediatike. N\u00eb vitin 2008, Hazbi Parllaku rezulton bashk\u00ebpronar n\u00eb kompanin\u00eb \u201ceco-nd\u00ebrtimi\u201d, e cila, si objekt t\u00eb saj, nd\u00ebr t\u00eb tjera kishte edhe \u201cVeprimtari ne fushen e telekomunikacionit (Radio,Televizion,Telefoni,internet, etj)\u201d.<\/p>\n","protected":false},"excerpt":{"rendered":"<p>Bos\u00ebt e Urban\u00ebve q\u00eb lobuan p\u00ebr rritjen e \u00e7mimit, n\u00eb pranga p\u00ebr falsifikim biletash Gusht 28, 2019 Nga\u00a0Boldnews.al Tre vjet m\u00eb par\u00eb, Ferdinand Ibrahimi dhe shoqata e drejtuar prej tij e Transportit Urban t\u00eb Tiran\u00ebs, iu bashkua nism\u00ebs s\u00eb Erion Veliajt p\u00ebr t\u00eb rritur \u00e7mimin e biletave p\u00ebr udh\u00ebtar\u00ebt kryeqytetas. Sot, bosi i linj\u00ebs urbane [&hellip;]<\/p>\n","protected":false},"author":9,"featured_media":25249,"comment_status":"open","ping_status":"open","sticky":false,"template":"","format":"standard","meta":{"jetpack_post_was_ever_published":false,"_jetpack_newsletter_access":"","_jetpack_dont_email_post_to_subs":false,"_jetpack_newsletter_tier_id":0,"_jetpack_memberships_contains_paywalled_content":false,"_jetpack_memberships_contains_paid_content":false,"footnotes":"","jetpack_publicize_message":"","jetpack_publicize_feature_enabled":true,"jetpack_social_post_already_shared":true,"jetpack_social_options":{"image_generator_settings":{"template":"highway","default_image_id":0,"font":"","enabled":false},"version":2}},"categories":[27,35],"tags":[],"class_list":["post-25248","post","type-post","status-publish","format-standard","has-post-thumbnail","hentry","category-blogu-i-udhetarit","category-shoqerore"],"jetpack_publicize_connections":[],"jetpack_featured_media_url":"https:\/\/i0.wp.com\/www.shqiperia.com\/blog\/wp-content\/uploads\/2019\/08\/Screenshot_8-29-696x345.png?fit=696%2C345&ssl=1","jetpack_sharing_enabled":true,"jetpack_shortlink":"https:\/\/wp.me\/p5Z6wp-6ze","jetpack-related-posts":[{"id":94536,"url":"https:\/\/www.shqiperia.com\/blog\/vendimi-i-paparalajmeruar-rritet-cmimi-i-transportit-publik-bileta-50-leke-aboneja-1400-leke\/","url_meta":{"origin":25248,"position":0},"title":"Vendimi i paparalajm\u00ebruar! Rritet \u00e7mimi i transportit publik: Bileta 50 lek\u00eb, aboneja 1400 lek\u00eb","author":"Kurt Farka","date":"October 31, 2025","format":false,"excerpt":"31 Tetor 2025 Nga data 1 n\u00ebntor, qytetar\u00ebt q\u00eb p\u00ebrdorin linj\u00ebn e transportit urban Kam\u00ebz\u2013Tiran\u00eb do t\u00eb p\u00ebrballen me rritje t\u00eb \u00e7mimit t\u00eb bilet\u00ebs dhe abones\u00eb mujore. M\u00ebsohet se duke filluar nga nes\u00ebr, bileta e transportit publik do t\u00eb kushtoj\u00eb 50 lek\u00eb, nga 40 lek\u00eb q\u00eb kushtonte deri m\u00eb sot,\u2026","rel":"","context":"In &quot;Blogu i Udh\u00ebtarit&quot;","block_context":{"text":"Blogu i Udh\u00ebtarit","link":"https:\/\/www.shqiperia.com\/blog\/category\/blogu-i-udhetarit\/"},"img":{"alt_text":"","src":"https:\/\/i0.wp.com\/www.shqiperia.com\/blog\/wp-content\/uploads\/2025\/10\/640-0-3fd5d47f68a4d68043c652782d10c41e.jpg?fit=640%2C336&ssl=1&resize=350%2C200","width":350,"height":200,"srcset":"https:\/\/i0.wp.com\/www.shqiperia.com\/blog\/wp-content\/uploads\/2025\/10\/640-0-3fd5d47f68a4d68043c652782d10c41e.jpg?fit=640%2C336&ssl=1&resize=350%2C200 1x, https:\/\/i0.wp.com\/www.shqiperia.com\/blog\/wp-content\/uploads\/2025\/10\/640-0-3fd5d47f68a4d68043c652782d10c41e.jpg?fit=640%2C336&ssl=1&resize=525%2C300 1.5x"},"classes":[]},{"id":55137,"url":"https:\/\/www.shqiperia.com\/blog\/rritja-e-cmimit-te-naftes-pas-tiranes-durresit-dhe-shkodres-ngrihet-ne-proteste-edhe-berati\/","url_meta":{"origin":25248,"position":1},"title":"Rritja e \u00e7mimit t\u00eb naft\u00ebs. &#8211; Pas Tiran\u00ebs, Durr\u00ebsit dhe Shkodr\u00ebs ngrihet n\u00eb protest\u00eb edhe Berati","author":"Kurt Farka","date":"March 10, 2022","format":false,"excerpt":"Rritja e \u00e7mimit t\u00eb naft\u00ebs. - Pas Tiran\u00ebs, Durr\u00ebsit dhe Shkodr\u00ebs ngrihet n\u00eb protest\u00eb edhe Berati 10Mars 2022 Rritja e \u00e7mimit t\u00eb naft\u00ebs ka b\u00ebr\u00eb q\u00eb qytetar\u00ebt t\u00eb fillojn\u00eb protestat. Pas Tiran\u00ebs,\u00a0 Durr\u00ebsit dhe Shkodr\u00ebs edhe Berati do t\u00eb ngrihet n\u00eb protest\u00eb p\u00ebr t\u00eb kund\u00ebrshtuar rritjen e menj\u00ebhershme t\u00eb \u00e7mimeve.\u2026","rel":"","context":"In &quot;Blogu i Udh\u00ebtarit&quot;","block_context":{"text":"Blogu i Udh\u00ebtarit","link":"https:\/\/www.shqiperia.com\/blog\/category\/blogu-i-udhetarit\/"},"img":{"alt_text":"","src":"https:\/\/i0.wp.com\/www.shqiperia.com\/blog\/wp-content\/uploads\/2022\/03\/protesta3.jpg?fit=658%2C317&ssl=1&resize=350%2C200","width":350,"height":200,"srcset":"https:\/\/i0.wp.com\/www.shqiperia.com\/blog\/wp-content\/uploads\/2022\/03\/protesta3.jpg?fit=658%2C317&ssl=1&resize=350%2C200 1x, https:\/\/i0.wp.com\/www.shqiperia.com\/blog\/wp-content\/uploads\/2022\/03\/protesta3.jpg?fit=658%2C317&ssl=1&resize=525%2C300 1.5x"},"classes":[]},{"id":92441,"url":"https:\/\/www.shqiperia.com\/blog\/zakoni-i-preferuar-i-shqiptareve-nis-rritja-e-cmimit-te-kafese-4-7-me-shume-qe-ne-prill\/","url_meta":{"origin":25248,"position":2},"title":"Zakoni i preferuar i shqiptar\u00ebve\/ Nis rritja e \u00e7mimit t\u00eb kafes\u00eb, 4.7% m\u00eb shum\u00eb qe n\u00eb prill","author":"Kurt Farka","date":"May 9, 2025","format":false,"excerpt":"9 Maji 2025 Kafeja, zakoni i preferuar i Shqiptar\u00ebve, po rrezikon t\u00eb kthehet n\u00eb produkt luksi m\u00eb rritjen e shpejt\u00eb t\u00eb \u00e7mimeve. T\u00eb dh\u00ebnat mbi inflacionin treguan se \u00e7mimi i kafes\u00eb dhe kakaos p\u00ebsoi rritje vjetore me 4.7 p\u00ebr qind n\u00eb prill. Ky ishte niveli m\u00eb i lart\u00eb i rritjes\u2026","rel":"","context":"In &quot;Blogu i Udh\u00ebtarit&quot;","block_context":{"text":"Blogu i Udh\u00ebtarit","link":"https:\/\/www.shqiperia.com\/blog\/category\/blogu-i-udhetarit\/"},"img":{"alt_text":"","src":"https:\/\/i0.wp.com\/www.shqiperia.com\/blog\/wp-content\/uploads\/2025\/05\/kafe.jpeg?fit=840%2C560&ssl=1&resize=350%2C200","width":350,"height":200,"srcset":"https:\/\/i0.wp.com\/www.shqiperia.com\/blog\/wp-content\/uploads\/2025\/05\/kafe.jpeg?fit=840%2C560&ssl=1&resize=350%2C200 1x, https:\/\/i0.wp.com\/www.shqiperia.com\/blog\/wp-content\/uploads\/2025\/05\/kafe.jpeg?fit=840%2C560&ssl=1&resize=525%2C300 1.5x, https:\/\/i0.wp.com\/www.shqiperia.com\/blog\/wp-content\/uploads\/2025\/05\/kafe.jpeg?fit=840%2C560&ssl=1&resize=700%2C400 2x"},"classes":[]},{"id":16321,"url":"https:\/\/www.shqiperia.com\/blog\/rikthehen-abuzimet-me-barnat-e-rimbursuara-35-paciente-te-vdekur-moren-ilace\/","url_meta":{"origin":25248,"position":3},"title":"Rikthehen abuzimet me barnat e rimbursuara, 35 pacient\u00eb t\u00eb vdekur &#8220;mor\u00ebn&#8221; ila\u00e7e. &#8211;","author":"Kurt Farka","date":"January 18, 2019","format":false,"excerpt":"Rikthehet skema fiktive e rimbursimit me pacient\u00ebt. Prokuroria v\u00eb n\u00ebn hetim 3 farmaci. Hetohen dy persona. Nd\u00ebrkoh\u00eb q\u00eb mbi 40 pacient\u00eb jan\u00eb b\u00ebr\u00eb pjes\u00eb e skem\u00ebs dhe k\u00ebto farmaci kan\u00eb p\u00ebrfituar miliona lek\u00eb p\u00ebr 3 muaj 18 Janar, 2019 Nga: Arsen Rusta. Pa u mbushur dy vite nga mashtrimi me\u2026","rel":"","context":"In &quot;Blogu i Udh\u00ebtarit&quot;","block_context":{"text":"Blogu i Udh\u00ebtarit","link":"https:\/\/www.shqiperia.com\/blog\/category\/blogu-i-udhetarit\/"},"img":{"alt_text":"","src":"https:\/\/i0.wp.com\/www.shqiperia.com\/blog\/wp-content\/uploads\/2019\/01\/auto_auto_kufoma_114999662041502176668.jpg?fit=850%2C456&ssl=1&resize=350%2C200","width":350,"height":200,"srcset":"https:\/\/i0.wp.com\/www.shqiperia.com\/blog\/wp-content\/uploads\/2019\/01\/auto_auto_kufoma_114999662041502176668.jpg?fit=850%2C456&ssl=1&resize=350%2C200 1x, https:\/\/i0.wp.com\/www.shqiperia.com\/blog\/wp-content\/uploads\/2019\/01\/auto_auto_kufoma_114999662041502176668.jpg?fit=850%2C456&ssl=1&resize=525%2C300 1.5x, https:\/\/i0.wp.com\/www.shqiperia.com\/blog\/wp-content\/uploads\/2019\/01\/auto_auto_kufoma_114999662041502176668.jpg?fit=850%2C456&ssl=1&resize=700%2C400 2x"},"classes":[]},{"id":29773,"url":"https:\/\/www.shqiperia.com\/blog\/ska-me-cmime-100-leke-rriten-biletat-e-muzeve-e-parqeve-arkeologjike-kategorite-qe-perfitojne-hyrje-falas\/","url_meta":{"origin":25248,"position":4},"title":"S\u2019ka m\u00eb \u00e7mime 100 lek\u00eb, rriten biletat e muzeve e parqeve arkeologjike. Kategorit\u00eb q\u00eb p\u00ebrfitojn\u00eb hyrje falas. &#8211;","author":"Kurt Farka","date":"December 27, 2019","format":false,"excerpt":"S\u2019ka m\u00eb \u00e7mime 100 lek\u00eb, rriten biletat e muzeve e parqeve arkeologjike. Kategorit\u00eb q\u00eb p\u00ebrfitojn\u00eb hyrje falas 27 dhjetor 2019. Prej janarit t\u00eb vitit 2020 ndryshojn\u00eb \u00e7mimet e biletave p\u00ebr t\u00eb vizituar muzet\u00eb komb\u00ebtar\u00eb, monumentet e kultur\u00ebs dhe parqet arkeologjike, n\u00eb var\u00ebsi t\u00eb Ministris\u00eb s\u00eb Kultur\u00ebs.\u00a0 Ministrja e Kultur\u00ebs, Elva\u2026","rel":"","context":"In &quot;Blogu i Udh\u00ebtarit&quot;","block_context":{"text":"Blogu i Udh\u00ebtarit","link":"https:\/\/www.shqiperia.com\/blog\/category\/blogu-i-udhetarit\/"},"img":{"alt_text":"","src":"https:\/\/i0.wp.com\/www.shqiperia.com\/blog\/wp-content\/uploads\/2019\/12\/margariti.jpg?fit=1200%2C619&ssl=1&resize=350%2C200","width":350,"height":200,"srcset":"https:\/\/i0.wp.com\/www.shqiperia.com\/blog\/wp-content\/uploads\/2019\/12\/margariti.jpg?fit=1200%2C619&ssl=1&resize=350%2C200 1x, https:\/\/i0.wp.com\/www.shqiperia.com\/blog\/wp-content\/uploads\/2019\/12\/margariti.jpg?fit=1200%2C619&ssl=1&resize=525%2C300 1.5x, https:\/\/i0.wp.com\/www.shqiperia.com\/blog\/wp-content\/uploads\/2019\/12\/margariti.jpg?fit=1200%2C619&ssl=1&resize=700%2C400 2x, https:\/\/i0.wp.com\/www.shqiperia.com\/blog\/wp-content\/uploads\/2019\/12\/margariti.jpg?fit=1200%2C619&ssl=1&resize=1050%2C600 3x"},"classes":[]},{"id":63701,"url":"https:\/\/www.shqiperia.com\/blog\/rama-do-rrisim-ndjeshem-edhe-gjobat-per-konfirmon-rritjen-e-cmimit-te-energjise-elektrike\/","url_meta":{"origin":25248,"position":5},"title":"Rama: -Do rrisim ndjesh\u00ebm edhe gjobat p\u00ebr\u2026 &#8211; Konfirmon rritjen e \u00e7mimit t\u00eb energjis\u00eb elektrike","author":"Kurt Farka","date":"October 28, 2022","format":false,"excerpt":"28 Tetor 2022 Kryeministri Edi Rama ka konfirmuar rritjen e energjis\u00eb elektrike, vendim i cili u mor sot nga ERE. Nga Bulqiza, kreu i qeveris\u00eb u shpreh se pavar\u00ebsisht k\u00ebsaj, qeveria do vazhdoj\u00eb me mburoj\u00eb financiare. Rama u shpreh se ERE ka rritur \u00e7mimin nga 42 lek\u00eb n\u00eb 44, nj\u00eb\u2026","rel":"","context":"In &quot;Blogu i Udh\u00ebtarit&quot;","block_context":{"text":"Blogu i Udh\u00ebtarit","link":"https:\/\/www.shqiperia.com\/blog\/category\/blogu-i-udhetarit\/"},"img":{"alt_text":"","src":"https:\/\/i0.wp.com\/www.shqiperia.com\/blog\/wp-content\/uploads\/2022\/10\/ilir-meta-tedi-blushi-edi-rama-Copy.jpg?resize=350%2C200&ssl=1","width":350,"height":200},"classes":[]}],"_links":{"self":[{"href":"https:\/\/www.shqiperia.com\/blog\/wp-json\/wp\/v2\/posts\/25248","targetHints":{"allow":["GET"]}}],"collection":[{"href":"https:\/\/www.shqiperia.com\/blog\/wp-json\/wp\/v2\/posts"}],"about":[{"href":"https:\/\/www.shqiperia.com\/blog\/wp-json\/wp\/v2\/types\/post"}],"author":[{"embeddable":true,"href":"https:\/\/www.shqiperia.com\/blog\/wp-json\/wp\/v2\/users\/9"}],"replies":[{"embeddable":true,"href":"https:\/\/www.shqiperia.com\/blog\/wp-json\/wp\/v2\/comments?post=25248"}],"version-history":[{"count":1,"href":"https:\/\/www.shqiperia.com\/blog\/wp-json\/wp\/v2\/posts\/25248\/revisions"}],"predecessor-version":[{"id":25250,"href":"https:\/\/www.shqiperia.com\/blog\/wp-json\/wp\/v2\/posts\/25248\/revisions\/25250"}],"wp:featuredmedia":[{"embeddable":true,"href":"https:\/\/www.shqiperia.com\/blog\/wp-json\/wp\/v2\/media\/25249"}],"wp:attachment":[{"href":"https:\/\/www.shqiperia.com\/blog\/wp-json\/wp\/v2\/media?parent=25248"}],"wp:term":[{"taxonomy":"category","embeddable":true,"href":"https:\/\/www.shqiperia.com\/blog\/wp-json\/wp\/v2\/categories?post=25248"},{"taxonomy":"post_tag","embeddable":true,"href":"https:\/\/www.shqiperia.com\/blog\/wp-json\/wp\/v2\/tags?post=25248"}],"curies":[{"name":"wp","href":"https:\/\/api.w.org\/{rel}","templated":true}]}}