{"id":25244,"date":"2019-08-29T11:20:44","date_gmt":"2019-08-29T11:20:44","guid":{"rendered":"https:\/\/www.shqiperia.com\/blog\/?p=25244"},"modified":"2019-08-29T11:21:06","modified_gmt":"2019-08-29T11:21:06","slug":"deshifrimi-i-piktogrames-se-gjetur-ne-gjugje-te-mirdites","status":"publish","type":"post","link":"https:\/\/www.shqiperia.com\/blog\/deshifrimi-i-piktogrames-se-gjetur-ne-gjugje-te-mirdites\/","title":{"rendered":"Deshifrimi i piktogram\u00ebs s\u00eb gjetur n\u00eb Gjugje te Mirdites\u2026-"},"content":{"rendered":"<p><img data-recalc-dims=\"1\" loading=\"lazy\" decoding=\"async\" data-attachment-id=\"25245\" data-permalink=\"https:\/\/www.shqiperia.com\/blog\/deshifrimi-i-piktogrames-se-gjetur-ne-gjugje-te-mirdites\/guri-i-zbuluar-ne-gjugje-te-mirdites\/\" data-orig-file=\"https:\/\/i0.wp.com\/www.shqiperia.com\/blog\/wp-content\/uploads\/2019\/08\/Guri-i-Zbuluar-ne-Gjugje-te-Mirdites.jpg?fit=960%2C462&amp;ssl=1\" data-orig-size=\"960,462\" data-comments-opened=\"1\" data-image-meta=\"{&quot;aperture&quot;:&quot;0&quot;,&quot;credit&quot;:&quot;EDMOND PRIFTI&quot;,&quot;camera&quot;:&quot;&quot;,&quot;caption&quot;:&quot;&quot;,&quot;created_timestamp&quot;:&quot;0&quot;,&quot;copyright&quot;:&quot;EDMOND PRIFTI PHOTOGRAPHY&quot;,&quot;focal_length&quot;:&quot;0&quot;,&quot;iso&quot;:&quot;0&quot;,&quot;shutter_speed&quot;:&quot;0&quot;,&quot;title&quot;:&quot;&quot;,&quot;orientation&quot;:&quot;1&quot;}\" data-image-title=\"Guri i Zbuluar ne Gjugje te Mirdites\" data-image-description=\"\" data-image-caption=\"\" data-medium-file=\"https:\/\/i0.wp.com\/www.shqiperia.com\/blog\/wp-content\/uploads\/2019\/08\/Guri-i-Zbuluar-ne-Gjugje-te-Mirdites.jpg?fit=300%2C144&amp;ssl=1\" data-large-file=\"https:\/\/i0.wp.com\/www.shqiperia.com\/blog\/wp-content\/uploads\/2019\/08\/Guri-i-Zbuluar-ne-Gjugje-te-Mirdites.jpg?fit=960%2C462&amp;ssl=1\" class=\"alignnone wp-image-25245\" alt=\"\" src=\"https:\/\/i0.wp.com\/www.shqiperia.com\/blog\/wp-content\/uploads\/2019\/08\/Guri-i-Zbuluar-ne-Gjugje-te-Mirdites.jpg?resize=535%2C257&#038;ssl=1\" width=\"535\" height=\"257\" srcset=\"https:\/\/i0.wp.com\/www.shqiperia.com\/blog\/wp-content\/uploads\/2019\/08\/Guri-i-Zbuluar-ne-Gjugje-te-Mirdites.jpg?resize=300%2C144&amp;ssl=1 300w, https:\/\/i0.wp.com\/www.shqiperia.com\/blog\/wp-content\/uploads\/2019\/08\/Guri-i-Zbuluar-ne-Gjugje-te-Mirdites.jpg?resize=768%2C370&amp;ssl=1 768w, https:\/\/i0.wp.com\/www.shqiperia.com\/blog\/wp-content\/uploads\/2019\/08\/Guri-i-Zbuluar-ne-Gjugje-te-Mirdites.jpg?resize=450%2C217&amp;ssl=1 450w, https:\/\/i0.wp.com\/www.shqiperia.com\/blog\/wp-content\/uploads\/2019\/08\/Guri-i-Zbuluar-ne-Gjugje-te-Mirdites.jpg?resize=600%2C289&amp;ssl=1 600w, https:\/\/i0.wp.com\/www.shqiperia.com\/blog\/wp-content\/uploads\/2019\/08\/Guri-i-Zbuluar-ne-Gjugje-te-Mirdites.jpg?resize=400%2C193&amp;ssl=1 400w, https:\/\/i0.wp.com\/www.shqiperia.com\/blog\/wp-content\/uploads\/2019\/08\/Guri-i-Zbuluar-ne-Gjugje-te-Mirdites.jpg?w=960&amp;ssl=1 960w\" sizes=\"auto, (max-width: 535px) 100vw, 535px\" \/><\/p>\n<p>Deshifrimi i piktogram\u00ebs s\u00eb gjetur n\u00eb Gjugje te Mirdites\u2026-<\/p>\n<p>Nga: <a href=\"https:\/\/www.facebook.com\/albertnikolla?__tn__=%2CdCH-R-R&amp;eid=ARBtN6T8zg2iq7QtPUTss1XFKDjvHOs56g_XQbWOD5gYJSCmhmr35DQkI0IjLYHHXTzuViIngLLYLBYr&amp;hc_ref=ARRziSFsftN6cppJk8EnX7umm8JQtRdP3K1R78SZ6JebXMOsgpsemhETipGag_Wiizo&amp;fref=nf\"><strong>Albert Nikollay<\/strong><\/a><\/p>\n<p><a href=\"https:\/\/www.facebook.com\/photo.php?fbid=10217941869670799&amp;set=a.2402418412302&amp;type=3\">27 gusht<\/a> 2019<\/p>\n<p>Deshifrimi i piktogram\u00ebs s\u00eb gjetur n\u00eb Gjugja, \u00ebsht\u00eb shum\u00eb i thjesht\u00eb\u2026 le t\u00eb marrim element\u00ebt q\u00eb shohim, nj\u00eb p\u00ebr nj\u00eb, bazuar mbi logjik\u00ebn primitive, q\u00eb \u00ebsht\u00eb akoma e aplikuar n\u00eb formulat e jetes\u00eb s\u00eb popullsis\u00eb s\u00eb zon\u00ebs. Popullsia e lasht\u00eb prejhistorike quheshin n\u00eb aspektin e besimit fetar \u00ab Pellazg\u00eb \u00bb, sepse ata besonin ne Mish\u00ebrimin e perendis\u00eb Aes t\u00eb Kelt\u00ebve tek \u00ab Pela \u00bb, femra e kalit. P\u00ebr k\u00ebt\u00eb shkak ata quheshin \u00ab pellazg\u00eb \u00bb. Aq i fort\u00eb ishte ky besim sa edhe sot e k\u00ebsaj dit\u00eb banor\u00ebt e Mirdit\u00ebs (Mirmidon\u00ebt pasardh\u00ebs t\u00eb Akilit) nj\u00eb popullsi katolike n\u00eb shqip\u00ebrin\u00eb veriore, nuk e kosumojn\u00eb Mishin e kalit, ashtu si Hindus\u00ebt nuk kosumojn\u00eb mishin e Lop\u00ebs pasi e kosiderojn\u00eb t\u00eb shenjt\u00eb\u2026 madje edhe sot e k\u00ebsaj dite kalit n\u00eb k\u00ebt\u00eb zon i thirrin \u00ab At =Baba \u00bb me respekt. (Megjith\u00ebse kjo tradit\u00eb po humbet me hyrjen e modernitetit&#8230;) Si tribu kelte t\u00eb ballkanit, pellazg\u00ebt dhe pasardh\u00ebsit e tyre Ilir\u00ebt, mendonin zotat e tyre te misheruar ne kafshe\u2026 Ta zam\u00eb dhit\u00eb e vjetra tek pellag\u00ebt ishin \u00ab Zana\u00bb tek pellazg\u00ebt, ilir\u00ebt dhe shqiptar\u00ebt, dhe nga ket\u00ebt thirreshin \u00ab Dana \u00bb<br \/>\nPiktograma e fanit n\u00eb fakt \u00ebsht\u00eb Kult i Perendis\u00eb Kelte Aes, q\u00eb fillimisht ishte Perendia e Gjahut, e q\u00eb kaloi n\u00eb Ares, tek grek\u00ebt e vjet\u00ebr duke u sh\u00ebnd\u00ebrruar n\u00eb perendi t\u00eb Luf\u00ebs. Vendi ku u gjet quhet Gju-Gja q\u00eb do t\u00eb thot\u00eb n\u00eb gjuh\u00ebn gege \u00ab Gjuaj gjah \u00bb. N\u00eb krye t\u00eb piktogram\u00ebs \u00ebsht\u00eb nj\u00eb Kal\u00eb, q\u00eb \u00ebsht\u00eb Perendia AES\u2026 me posht\u00eb, kemi nj\u00eb njeri q\u00eb i lutet h\u00ebn\u00ebs, dhe yjeve, pastaj kemi tok\u00ebn q\u00eb simbolizohet me nj\u00eb pem\u00eb n\u00eb rreth, kemi shenjat e disa diejve (pellag\u00ebt mendonin se dielli i ver\u00ebs, ishte i ndrysh\u00ebm nga dielli i vjesht\u00ebs, ai i vjesht\u00ebs me ndryshe nga dilli i dimrit, dhe dilli i dimrit i ndrysh\u00ebm nga ai i pranver\u00ebs) par\u00eb q\u00eb ngrohnin me intesitete t\u00eb ndryshme. Pra n\u00eb piktogram\u00eb kemi kat\u00ebr figura dielli\u2026 n\u00eb fundt kemi disa katrore, t\u00eb cil\u00ebt simbolizojn\u00eb boll\u00ebkun e gjahut, pra \u00ebsht\u00eb sistemi i par\u00eb i num\u00ebrimit.<\/p>\n<div id=\"attachment_25246\" style=\"width: 645px\" class=\"wp-caption alignnone\"><img data-recalc-dims=\"1\" loading=\"lazy\" decoding=\"async\" aria-describedby=\"caption-attachment-25246\" data-attachment-id=\"25246\" data-permalink=\"https:\/\/www.shqiperia.com\/blog\/deshifrimi-i-piktogrames-se-gjetur-ne-gjugje-te-mirdites\/alert-nikollay\/\" data-orig-file=\"https:\/\/i0.wp.com\/www.shqiperia.com\/blog\/wp-content\/uploads\/2019\/08\/Alert-Nikollay.jpg?fit=300%2C300&amp;ssl=1\" data-orig-size=\"300,300\" data-comments-opened=\"1\" data-image-meta=\"{&quot;aperture&quot;:&quot;0&quot;,&quot;credit&quot;:&quot;&quot;,&quot;camera&quot;:&quot;&quot;,&quot;caption&quot;:&quot;&quot;,&quot;created_timestamp&quot;:&quot;0&quot;,&quot;copyright&quot;:&quot;&quot;,&quot;focal_length&quot;:&quot;0&quot;,&quot;iso&quot;:&quot;0&quot;,&quot;shutter_speed&quot;:&quot;0&quot;,&quot;title&quot;:&quot;&quot;,&quot;orientation&quot;:&quot;0&quot;}\" data-image-title=\"Alert Nikollay\" data-image-description=\"\" data-image-caption=\"&lt;p&gt;Alert Nikollay&lt;\/p&gt;\n\" data-medium-file=\"https:\/\/i0.wp.com\/www.shqiperia.com\/blog\/wp-content\/uploads\/2019\/08\/Alert-Nikollay.jpg?fit=300%2C300&amp;ssl=1\" data-large-file=\"https:\/\/i0.wp.com\/www.shqiperia.com\/blog\/wp-content\/uploads\/2019\/08\/Alert-Nikollay.jpg?fit=300%2C300&amp;ssl=1\" class=\" wp-image-25246\" alt=\"\" src=\"https:\/\/i0.wp.com\/www.shqiperia.com\/blog\/wp-content\/uploads\/2019\/08\/Alert-Nikollay.jpg?resize=635%2C635&#038;ssl=1\" width=\"635\" height=\"635\" srcset=\"https:\/\/i0.wp.com\/www.shqiperia.com\/blog\/wp-content\/uploads\/2019\/08\/Alert-Nikollay.jpg?w=300&amp;ssl=1 300w, https:\/\/i0.wp.com\/www.shqiperia.com\/blog\/wp-content\/uploads\/2019\/08\/Alert-Nikollay.jpg?resize=150%2C150&amp;ssl=1 150w, https:\/\/i0.wp.com\/www.shqiperia.com\/blog\/wp-content\/uploads\/2019\/08\/Alert-Nikollay.jpg?resize=65%2C65&amp;ssl=1 65w, https:\/\/i0.wp.com\/www.shqiperia.com\/blog\/wp-content\/uploads\/2019\/08\/Alert-Nikollay.jpg?resize=50%2C50&amp;ssl=1 50w\" sizes=\"auto, (max-width: 635px) 100vw, 635px\" \/><p id=\"caption-attachment-25246\" class=\"wp-caption-text\">Alert Nikollay<\/p><\/div>\n<p>Kali simbolizon= perendia Ae=aes=ares . Lexohet : AE (\u00ebsht\u00eb, pra zoti)<br \/>\nMbi = MI<br \/>\nFigura e njeriut simbolizon= njeriun q\u00eb lutet, Simbolizon : RO (Rob= njeri)<br \/>\nGjysm\u00ebrrethi mbi kok\u00ebn e lut\u00ebsit simbolizon Han\u00ebn : AN (An=Han)<br \/>\nUjet mbi qiell simbolisoj ujet : EL (ell, nj\u00ebjsi , EllA=Yjet = ELLADHA = DHE I YJEVE)<br \/>\nPema e rrethuar, me shenj\u00ebn e ujit anash simolizon tok\u00ebn: TO (To-ka =vend I pasur)<br \/>\nKat\u00ebr diejt, simbolizojn\u00eb Diellin n\u00eb kat\u00ebr sezone, lexohen: DI (Di-die =di-ell)<br \/>\nDy katroret e para simbolizojn\u00eb gjahun :GA (gjah)<br \/>\nDhe katroret e djera simbolizojn\u00eb Boll : BO (Bo, boll. Hiperboll)<br \/>\nShkelqimi : AL (All \u2013yll q\u00eb shkelqen all )<br \/>\nMbar\u00ebsi :MA (ma, marr, martes)<br \/>\nShum\u00eb: SU (Sumere= shum\u00eb t\u00eb mir\u00eb)<br \/>\nDuke qen\u00eb se shqiptar\u00ebt e quajn\u00eb krijuesin Pereni , (Pe-re-ni= baba mbi re na d\u00ebgjo), ceremonia e faljes para kultit te Aes \u00ebsht\u00eb k\u00ebshtu : Gjahtar\u00ebt para se te futen ne pyll, krynin rintin e lutjes&#8230; &#8220;AE PE -RE -NI&#8230;RO (Ae at degjo lutjen Robit ), TI-KI-IE MY TO, MI-DI, TI-KI-BA-AN \u2013YA-AL, NA-BA-MA-GA-BO-SU, (ti qe je mbi tok\u00eb, mbi deill mbi hane e yje qe shkelqejne, na sill gjak shum).<\/p>\n<p>Huazuar nga FB: Albert Nikollay<\/p>\n","protected":false},"excerpt":{"rendered":"<p>Deshifrimi i piktogram\u00ebs s\u00eb gjetur n\u00eb Gjugje te Mirdites\u2026- Nga: Albert Nikollay 27 gusht 2019 Deshifrimi i piktogram\u00ebs s\u00eb gjetur n\u00eb Gjugja, \u00ebsht\u00eb shum\u00eb i thjesht\u00eb\u2026 le t\u00eb marrim element\u00ebt q\u00eb shohim, nj\u00eb p\u00ebr nj\u00eb, bazuar mbi logjik\u00ebn primitive, q\u00eb \u00ebsht\u00eb akoma e aplikuar n\u00eb formulat e jetes\u00eb s\u00eb popullsis\u00eb s\u00eb zon\u00ebs. Popullsia e lasht\u00eb [&hellip;]<\/p>\n","protected":false},"author":9,"featured_media":25245,"comment_status":"open","ping_status":"open","sticky":false,"template":"","format":"standard","meta":{"jetpack_post_was_ever_published":false,"_jetpack_newsletter_access":"","_jetpack_dont_email_post_to_subs":false,"_jetpack_newsletter_tier_id":0,"_jetpack_memberships_contains_paywalled_content":false,"_jetpack_memberships_contains_paid_content":false,"footnotes":"","jetpack_publicize_message":"","jetpack_publicize_feature_enabled":true,"jetpack_social_post_already_shared":true,"jetpack_social_options":{"image_generator_settings":{"template":"highway","default_image_id":0,"font":"","enabled":false},"version":2}},"categories":[85,10,86],"tags":[],"class_list":["post-25244","post","type-post","status-publish","format-standard","has-post-thumbnail","hentry","category-histori","category-kultura","category-trashegimi-kulturore"],"jetpack_publicize_connections":[],"jetpack_featured_media_url":"https:\/\/i0.wp.com\/www.shqiperia.com\/blog\/wp-content\/uploads\/2019\/08\/Guri-i-Zbuluar-ne-Gjugje-te-Mirdites.jpg?fit=960%2C462&ssl=1","jetpack_sharing_enabled":true,"jetpack_shortlink":"https:\/\/wp.me\/p5Z6wp-6za","jetpack-related-posts":[{"id":24803,"url":"https:\/\/www.shqiperia.com\/blog\/foto-deshifrohet-papirusi-misterioz\/","url_meta":{"origin":25244,"position":0},"title":"FOTO: Deshifrohet papirusi misterioz","author":"Kurt Farka","date":"August 15, 2019","format":false,"excerpt":"FOTO: Deshifrohet papirusi misterioz I quajtur papirusi i Baselit daton para 2000 vjet\u00ebsh. T\u00eb gjitha studimet kan\u00eb p\u00ebrcaktuar si autor Galenon, mjekun m\u00eb t\u00eb famshm\u00ebm t\u00eb historis\u00eb pas Hipokratit. Deri m\u00eb tani askush nuk kishte mundur ta deshifronte p\u00ebrmbajtjen e tij, por nj\u00eb k\u00ebrkim i realizuar nga ekipi i universitetit\u2026","rel":"","context":"In &quot;Blogu i Udh\u00ebtarit&quot;","block_context":{"text":"Blogu i Udh\u00ebtarit","link":"https:\/\/www.shqiperia.com\/blog\/category\/blogu-i-udhetarit\/"},"img":{"alt_text":"","src":"https:\/\/i0.wp.com\/www.shqiperia.com\/blog\/wp-content\/uploads\/2019\/08\/papairus-Copy.jpg?fit=567%2C342&ssl=1&resize=350%2C200","width":350,"height":200,"srcset":"https:\/\/i0.wp.com\/www.shqiperia.com\/blog\/wp-content\/uploads\/2019\/08\/papairus-Copy.jpg?fit=567%2C342&ssl=1&resize=350%2C200 1x, https:\/\/i0.wp.com\/www.shqiperia.com\/blog\/wp-content\/uploads\/2019\/08\/papairus-Copy.jpg?fit=567%2C342&ssl=1&resize=525%2C300 1.5x"},"classes":[]},{"id":11491,"url":"https:\/\/www.shqiperia.com\/blog\/deshifrohet-papirusi-misterioz\/","url_meta":{"origin":25244,"position":1},"title":"Deshifrohet papirusi misterioz.-","author":"Kurt Farka","date":"September 13, 2018","format":false,"excerpt":"Deshifrohet papirusi misterioz.- I quajtur papirusi i Baselit daton para 2000 vjet\u00ebsh. T\u00eb gjitha studimet kan\u00eb p\u00ebrcaktuar si autor Galenon, mjekun m\u00eb t\u00eb famshm\u00ebm t\u00eb historis\u00eb pas Hipokratit. Deri m\u00eb tani askush nuk kishte mundur ta deshifronte p\u00ebrmbajtjen e tij, por nj\u00eb k\u00ebrkim i realizuar nga ekipi i universitetit t\u00eb\u2026","rel":"","context":"In &quot;Blogu i Udh\u00ebtarit&quot;","block_context":{"text":"Blogu i Udh\u00ebtarit","link":"https:\/\/www.shqiperia.com\/blog\/category\/blogu-i-udhetarit\/"},"img":{"alt_text":"","src":"https:\/\/i0.wp.com\/www.shqiperia.com\/blog\/wp-content\/uploads\/2018\/09\/papairus.jpg?fit=565%2C303&ssl=1&resize=350%2C200","width":350,"height":200,"srcset":"https:\/\/i0.wp.com\/www.shqiperia.com\/blog\/wp-content\/uploads\/2018\/09\/papairus.jpg?fit=565%2C303&ssl=1&resize=350%2C200 1x, https:\/\/i0.wp.com\/www.shqiperia.com\/blog\/wp-content\/uploads\/2018\/09\/papairus.jpg?fit=565%2C303&ssl=1&resize=525%2C300 1.5x"},"classes":[]},{"id":24851,"url":"https:\/\/www.shqiperia.com\/blog\/guri-prehistorik-i-zbuluar-ne-fan-te-mirdites-strehohet-ne-muzeun-kombetar\/","url_meta":{"origin":25244,"position":2},"title":"Guri prehistorik i zbuluar n\u00eb Fan t\u00eb Mirdit\u00ebs strehohet n\u00eb Muzeun Komb\u00ebtar","author":"shqiperia","date":"August 18, 2019","format":false,"excerpt":"Dhurata Hamzai 16 Gusht \/ Shqiptarja Guri i gjetur rreth dy jav\u00eb m\u00eb par\u00eb n\u00eb zon\u00ebn e Fanit t\u00eb Mirdit\u00ebs mb\u00ebrriti sot n\u00eb Muzeun Historik Komb\u00ebtar. Flet arkeologu Rudenc Ruka: Zbulimi me r\u00ebnd\u00ebsi. L\u00ebvizja nga Mirdita, nj\u00eb vendim i drejt\u00eb institucional p\u00ebr mbrojtjen e vepr\u00ebs arkeologjike TIRANE - Pas negociatave\u2026","rel":"","context":"In &quot;Kultura&quot;","block_context":{"text":"Kultura","link":"https:\/\/www.shqiperia.com\/blog\/category\/kultura\/"},"img":{"alt_text":"","src":"https:\/\/i0.wp.com\/www.shqiperia.com\/blog\/wp-content\/uploads\/2019\/08\/guri_i_mirdites_fan_historik.jpg?fit=1200%2C583&ssl=1&resize=350%2C200","width":350,"height":200,"srcset":"https:\/\/i0.wp.com\/www.shqiperia.com\/blog\/wp-content\/uploads\/2019\/08\/guri_i_mirdites_fan_historik.jpg?fit=1200%2C583&ssl=1&resize=350%2C200 1x, https:\/\/i0.wp.com\/www.shqiperia.com\/blog\/wp-content\/uploads\/2019\/08\/guri_i_mirdites_fan_historik.jpg?fit=1200%2C583&ssl=1&resize=525%2C300 1.5x, https:\/\/i0.wp.com\/www.shqiperia.com\/blog\/wp-content\/uploads\/2019\/08\/guri_i_mirdites_fan_historik.jpg?fit=1200%2C583&ssl=1&resize=700%2C400 2x, https:\/\/i0.wp.com\/www.shqiperia.com\/blog\/wp-content\/uploads\/2019\/08\/guri_i_mirdites_fan_historik.jpg?fit=1200%2C583&ssl=1&resize=1050%2C600 3x"},"classes":[]},{"id":25023,"url":"https:\/\/www.shqiperia.com\/blog\/kerkese-lutje-publike-per-djemt-e-mirdites-3\/","url_meta":{"origin":25244,"position":3},"title":"KERKESE (LUTJE) PUBLIKE per DJEMT e MIRDITES.","author":"Kurt Farka","date":"August 22, 2019","format":false,"excerpt":"Edhe nje here per Gurin e Gjugjes.\u00a0 Kerkese (Lutje) publike per Djemt e Mirdites. Nga informacionet e pakta qe kemi, po kuptome qe nuk i eshte bere asnje kqyrje territorit ku u zbulua ky gur, prandaj edhe nje here: KERKESE (LUTJE) PUBLIKE per DJEMT e MIRDITES. - Te mos e\u2026","rel":"","context":"In &quot;Blogu i Udh\u00ebtarit&quot;","block_context":{"text":"Blogu i Udh\u00ebtarit","link":"https:\/\/www.shqiperia.com\/blog\/category\/blogu-i-udhetarit\/"},"img":{"alt_text":"","src":"https:\/\/i0.wp.com\/www.shqiperia.com\/blog\/wp-content\/uploads\/2019\/08\/67632480_10217405363878092_1352528344456888320_o.jpg?fit=675%2C491&ssl=1&resize=350%2C200","width":350,"height":200,"srcset":"https:\/\/i0.wp.com\/www.shqiperia.com\/blog\/wp-content\/uploads\/2019\/08\/67632480_10217405363878092_1352528344456888320_o.jpg?fit=675%2C491&ssl=1&resize=350%2C200 1x, https:\/\/i0.wp.com\/www.shqiperia.com\/blog\/wp-content\/uploads\/2019\/08\/67632480_10217405363878092_1352528344456888320_o.jpg?fit=675%2C491&ssl=1&resize=525%2C300 1.5x"},"classes":[]},{"id":70650,"url":"https:\/\/www.shqiperia.com\/blog\/guri-prehistorik-i-gjetur-ne-xhuxhe-te-mirdites-ne-meshire-te-fatit-studiuesit-akuza-institucioneve-po-zhdukin-historine\/","url_meta":{"origin":25244,"position":4},"title":"Guri prehistorik i gjetur n\u00eb Xhuxh\u00eb t\u00eb Mirdit\u00ebs\u00a0 n\u00eb m\u00ebshir\u00eb t\u00eb fatit.- Studiuesit akuza institucioneve: &#8211; Po zhdukin historin\u00eb","author":"Kurt Farka","date":"April 11, 2023","format":false,"excerpt":"11 Prill 2023 Ky \u00ebsht\u00eb Guri i Xhuxh\u00ebs, i cili ndodhet prej afro pes\u00eb vitesh jasht\u00eb ambienteve t\u00eb Muzeut Komb\u00ebtar i mb\u00ebshtjell\u00eb me plastmas. Guri, i cili ka dhe shkrime, mendohet se i p\u00ebrket nj\u00eb periudhe prej rreth 35 mij\u00eb viteve m\u00eb par\u00eb. L\u00ebnia n\u00eb m\u00ebshir\u00eb t\u00eb fatit dhe jo\u2026","rel":"","context":"In &quot;Blogu i Udh\u00ebtarit&quot;","block_context":{"text":"Blogu i Udh\u00ebtarit","link":"https:\/\/www.shqiperia.com\/blog\/category\/blogu-i-udhetarit\/"},"img":{"alt_text":"","src":"https:\/\/i0.wp.com\/www.shqiperia.com\/blog\/wp-content\/uploads\/2023\/04\/68496954_2908413429233185_708572803867082752_n.jpg?fit=720%2C540&ssl=1&resize=350%2C200","width":350,"height":200,"srcset":"https:\/\/i0.wp.com\/www.shqiperia.com\/blog\/wp-content\/uploads\/2023\/04\/68496954_2908413429233185_708572803867082752_n.jpg?fit=720%2C540&ssl=1&resize=350%2C200 1x, https:\/\/i0.wp.com\/www.shqiperia.com\/blog\/wp-content\/uploads\/2023\/04\/68496954_2908413429233185_708572803867082752_n.jpg?fit=720%2C540&ssl=1&resize=525%2C300 1.5x, https:\/\/i0.wp.com\/www.shqiperia.com\/blog\/wp-content\/uploads\/2023\/04\/68496954_2908413429233185_708572803867082752_n.jpg?fit=720%2C540&ssl=1&resize=700%2C400 2x"},"classes":[]},{"id":24158,"url":"https:\/\/www.shqiperia.com\/blog\/kerkese-lutje-publike-per-djemt-e-mirdites\/","url_meta":{"origin":25244,"position":5},"title":"Kerkese (Lutje) publike per Djemt e Mirdites.","author":"Kurt Farka","date":"August 2, 2019","format":false,"excerpt":"Kerkese (Lutje) publike per Djemt e Mirdites. Te mos e humbim Orientimin e \u201cLeximit\u201d te Gurit te Mirdites. E para: A eshte gjetur ne\u00a0 kete pozicion, apo duhet rrotulluar rreth boshtit 180 grade, sepse mua me duket nga veshtrimi i fotove, qe simbolet (shkrimet piktografike) jane me koke poshe. Me\u2026","rel":"","context":"In &quot;Blogu i Udh\u00ebtarit&quot;","block_context":{"text":"Blogu i Udh\u00ebtarit","link":"https:\/\/www.shqiperia.com\/blog\/category\/blogu-i-udhetarit\/"},"img":{"alt_text":"","src":"https:\/\/i0.wp.com\/www.shqiperia.com\/blog\/wp-content\/uploads\/2019\/08\/010819_PIKTOGRAMI_12_2.jpg?fit=712%2C369&ssl=1&resize=350%2C200","width":350,"height":200,"srcset":"https:\/\/i0.wp.com\/www.shqiperia.com\/blog\/wp-content\/uploads\/2019\/08\/010819_PIKTOGRAMI_12_2.jpg?fit=712%2C369&ssl=1&resize=350%2C200 1x, https:\/\/i0.wp.com\/www.shqiperia.com\/blog\/wp-content\/uploads\/2019\/08\/010819_PIKTOGRAMI_12_2.jpg?fit=712%2C369&ssl=1&resize=525%2C300 1.5x, https:\/\/i0.wp.com\/www.shqiperia.com\/blog\/wp-content\/uploads\/2019\/08\/010819_PIKTOGRAMI_12_2.jpg?fit=712%2C369&ssl=1&resize=700%2C400 2x"},"classes":[]}],"_links":{"self":[{"href":"https:\/\/www.shqiperia.com\/blog\/wp-json\/wp\/v2\/posts\/25244","targetHints":{"allow":["GET"]}}],"collection":[{"href":"https:\/\/www.shqiperia.com\/blog\/wp-json\/wp\/v2\/posts"}],"about":[{"href":"https:\/\/www.shqiperia.com\/blog\/wp-json\/wp\/v2\/types\/post"}],"author":[{"embeddable":true,"href":"https:\/\/www.shqiperia.com\/blog\/wp-json\/wp\/v2\/users\/9"}],"replies":[{"embeddable":true,"href":"https:\/\/www.shqiperia.com\/blog\/wp-json\/wp\/v2\/comments?post=25244"}],"version-history":[{"count":1,"href":"https:\/\/www.shqiperia.com\/blog\/wp-json\/wp\/v2\/posts\/25244\/revisions"}],"predecessor-version":[{"id":25247,"href":"https:\/\/www.shqiperia.com\/blog\/wp-json\/wp\/v2\/posts\/25244\/revisions\/25247"}],"wp:featuredmedia":[{"embeddable":true,"href":"https:\/\/www.shqiperia.com\/blog\/wp-json\/wp\/v2\/media\/25245"}],"wp:attachment":[{"href":"https:\/\/www.shqiperia.com\/blog\/wp-json\/wp\/v2\/media?parent=25244"}],"wp:term":[{"taxonomy":"category","embeddable":true,"href":"https:\/\/www.shqiperia.com\/blog\/wp-json\/wp\/v2\/categories?post=25244"},{"taxonomy":"post_tag","embeddable":true,"href":"https:\/\/www.shqiperia.com\/blog\/wp-json\/wp\/v2\/tags?post=25244"}],"curies":[{"name":"wp","href":"https:\/\/api.w.org\/{rel}","templated":true}]}}