{"id":25241,"date":"2019-08-29T10:49:58","date_gmt":"2019-08-29T10:49:58","guid":{"rendered":"https:\/\/www.shqiperia.com\/blog\/?p=25241"},"modified":"2019-08-29T10:49:58","modified_gmt":"2019-08-29T10:49:58","slug":"vijne-ne-shqiperi-350-mije-dokumente-te-perandorise-osmane","status":"publish","type":"post","link":"https:\/\/www.shqiperia.com\/blog\/vijne-ne-shqiperi-350-mije-dokumente-te-perandorise-osmane\/","title":{"rendered":"Vijn\u00eb n\u00eb Shqip\u00ebri 350 mij\u00eb dokumente t\u00eb Perandoris\u00eb Osmane"},"content":{"rendered":"<p><img data-recalc-dims=\"1\" loading=\"lazy\" decoding=\"async\" data-attachment-id=\"25242\" data-permalink=\"https:\/\/www.shqiperia.com\/blog\/vijne-ne-shqiperi-350-mije-dokumente-te-perandorise-osmane\/fundi-i-turqve-ne-shqiperi-pjesa-1-ok-10-905x450\/\" data-orig-file=\"https:\/\/i0.wp.com\/www.shqiperia.com\/blog\/wp-content\/uploads\/2019\/08\/Fundi-i-turqve-ne-Shqiperi-pjesa-1-ok-10-905x450.jpg?fit=905%2C450&amp;ssl=1\" data-orig-size=\"905,450\" data-comments-opened=\"1\" data-image-meta=\"{&quot;aperture&quot;:&quot;0&quot;,&quot;credit&quot;:&quot;&quot;,&quot;camera&quot;:&quot;&quot;,&quot;caption&quot;:&quot;&quot;,&quot;created_timestamp&quot;:&quot;0&quot;,&quot;copyright&quot;:&quot;&quot;,&quot;focal_length&quot;:&quot;0&quot;,&quot;iso&quot;:&quot;0&quot;,&quot;shutter_speed&quot;:&quot;0&quot;,&quot;title&quot;:&quot;&quot;,&quot;orientation&quot;:&quot;0&quot;}\" data-image-title=\"Fundi-i-turqve-ne-Shqiperi-pjesa-1-ok-10-905&#215;450\" data-image-description=\"\" data-image-caption=\"\" data-medium-file=\"https:\/\/i0.wp.com\/www.shqiperia.com\/blog\/wp-content\/uploads\/2019\/08\/Fundi-i-turqve-ne-Shqiperi-pjesa-1-ok-10-905x450.jpg?fit=300%2C149&amp;ssl=1\" data-large-file=\"https:\/\/i0.wp.com\/www.shqiperia.com\/blog\/wp-content\/uploads\/2019\/08\/Fundi-i-turqve-ne-Shqiperi-pjesa-1-ok-10-905x450.jpg?fit=905%2C450&amp;ssl=1\" class=\"alignnone  wp-image-25242\" alt=\"\" src=\"https:\/\/i0.wp.com\/www.shqiperia.com\/blog\/wp-content\/uploads\/2019\/08\/Fundi-i-turqve-ne-Shqiperi-pjesa-1-ok-10-905x450.jpg?resize=471%2C234&#038;ssl=1\" width=\"471\" height=\"234\" srcset=\"https:\/\/i0.wp.com\/www.shqiperia.com\/blog\/wp-content\/uploads\/2019\/08\/Fundi-i-turqve-ne-Shqiperi-pjesa-1-ok-10-905x450.jpg?resize=300%2C149&amp;ssl=1 300w, https:\/\/i0.wp.com\/www.shqiperia.com\/blog\/wp-content\/uploads\/2019\/08\/Fundi-i-turqve-ne-Shqiperi-pjesa-1-ok-10-905x450.jpg?resize=768%2C382&amp;ssl=1 768w, https:\/\/i0.wp.com\/www.shqiperia.com\/blog\/wp-content\/uploads\/2019\/08\/Fundi-i-turqve-ne-Shqiperi-pjesa-1-ok-10-905x450.jpg?resize=450%2C224&amp;ssl=1 450w, https:\/\/i0.wp.com\/www.shqiperia.com\/blog\/wp-content\/uploads\/2019\/08\/Fundi-i-turqve-ne-Shqiperi-pjesa-1-ok-10-905x450.jpg?resize=600%2C298&amp;ssl=1 600w, https:\/\/i0.wp.com\/www.shqiperia.com\/blog\/wp-content\/uploads\/2019\/08\/Fundi-i-turqve-ne-Shqiperi-pjesa-1-ok-10-905x450.jpg?resize=400%2C199&amp;ssl=1 400w, https:\/\/i0.wp.com\/www.shqiperia.com\/blog\/wp-content\/uploads\/2019\/08\/Fundi-i-turqve-ne-Shqiperi-pjesa-1-ok-10-905x450.jpg?resize=905%2C450&amp;ssl=1 905w\" sizes=\"auto, (max-width: 471px) 100vw, 471px\" \/><\/p>\n<p><strong>Vijn\u00eb n\u00eb Shqip\u00ebri 350 mij\u00eb dokumente t\u00eb Perandoris\u00eb Osmane<\/strong><\/p>\n<p>29 gusht \u00a02019<\/p>\n<p>Rreth 350 mij\u00eb dokumente t\u00eb Arkiv\u00ebs Turke q\u00eb i p\u00ebrkasin periudh\u00ebs osmane jan\u00eb sjell\u00eb k\u00ebto dit\u00eb n\u00eb Shqip\u00ebri.<\/p>\n<p>Sipas Arkiv\u00ebs n\u00eb Tiran\u00eb k\u00ebto dokumente jan\u00eb shum\u00eb t\u00eb r\u00ebnd\u00ebsishme, pasi hedhin drit\u00eb mbi historin\u00eb e panjohur t\u00eb pushtimit osman n\u00eb Shqip\u00ebri.<\/p>\n<p>N\u00eb vazhdim do t\u00eb vijn\u00eb nga Stambolli t\u00eb tjera dokumente t\u00eb k\u00ebsaj periudhe \u2013 njofton kjo drejtori.<\/p>\n<p>Dokumentet datojn\u00eb nga shekulli XV-XX.<\/p>\n<p>Ky \u00ebsht\u00eb paneli m\u00eb i madh me dokumente ardhur n\u00eb Tiran\u00eb nga nj\u00eb arkiv\u00eb e huaj.<\/p>\n<p>Gjat\u00eb vitit 2016 u soll\u00ebn nga Turqia rreth 5 mij\u00eb dokumente t\u00eb tjer\u00eb.<\/p>\n<p>o.j\/dita<\/p>\n","protected":false},"excerpt":{"rendered":"<p>Vijn\u00eb n\u00eb Shqip\u00ebri 350 mij\u00eb dokumente t\u00eb Perandoris\u00eb Osmane 29 gusht \u00a02019 Rreth 350 mij\u00eb dokumente t\u00eb Arkiv\u00ebs Turke q\u00eb i p\u00ebrkasin periudh\u00ebs osmane jan\u00eb sjell\u00eb k\u00ebto dit\u00eb n\u00eb Shqip\u00ebri. Sipas Arkiv\u00ebs n\u00eb Tiran\u00eb k\u00ebto dokumente jan\u00eb shum\u00eb t\u00eb r\u00ebnd\u00ebsishme, pasi hedhin drit\u00eb mbi historin\u00eb e panjohur t\u00eb pushtimit osman n\u00eb Shqip\u00ebri. N\u00eb vazhdim do [&hellip;]<\/p>\n","protected":false},"author":9,"featured_media":25242,"comment_status":"open","ping_status":"open","sticky":false,"template":"","format":"standard","meta":{"jetpack_post_was_ever_published":false,"_jetpack_newsletter_access":"","_jetpack_dont_email_post_to_subs":false,"_jetpack_newsletter_tier_id":0,"_jetpack_memberships_contains_paywalled_content":false,"_jetpack_memberships_contains_paid_content":false,"footnotes":"","jetpack_publicize_message":"","jetpack_publicize_feature_enabled":true,"jetpack_social_post_already_shared":true,"jetpack_social_options":{"image_generator_settings":{"template":"highway","default_image_id":0,"font":"","enabled":false},"version":2}},"categories":[85,10,1],"tags":[],"class_list":["post-25241","post","type-post","status-publish","format-standard","has-post-thumbnail","hentry","category-histori","category-kultura","category-njoftime-shtypi"],"jetpack_publicize_connections":[],"jetpack_featured_media_url":"https:\/\/i0.wp.com\/www.shqiperia.com\/blog\/wp-content\/uploads\/2019\/08\/Fundi-i-turqve-ne-Shqiperi-pjesa-1-ok-10-905x450.jpg?fit=905%2C450&ssl=1","jetpack_sharing_enabled":true,"jetpack_shortlink":"https:\/\/wp.me\/p5Z6wp-6z7","jetpack-related-posts":[{"id":28573,"url":"https:\/\/www.shqiperia.com\/blog\/rreth-800-mije-dokumente-dhe-doreshkrime-te-shekullit-te-16-18-te-klerit-katolik-shqiptar-qe-ne-arkivin-e-shtetit-do-te-dixhitalizohen\/","url_meta":{"origin":25241,"position":0},"title":"Rreth 800 mije dokumente dhe dor\u00ebshkrime t\u00eb shekullit t\u00eb 16-18 t\u00eb klerit katolik shqiptar qe n\u00eb arkivin e shtetit do t\u00eb dixhitalizohen.","author":"Kurt Farka","date":"November 25, 2019","format":false,"excerpt":"Rreth 800 mije dokumente dhe dor\u00ebshkrime t\u00eb shekullit t\u00eb 16-18 t\u00eb klerit katolik shqiptar t\u00eb cilat ruhen n\u00eb arkivin e shtetit do t\u00eb dixhitalizohen. Dom Gjergj Meta thot\u00eb se k\u00ebto dokumente do t\u00eb sh\u00ebrbejn\u00eb p\u00ebr t\u00eb qart\u00ebsuar edhe disa data historike. \u00a0 M\u00eb mire von\u00eb se kurr\u00eb , k\u00ebshtu e\u2026","rel":"","context":"In &quot;Blogu i Udh\u00ebtarit&quot;","block_context":{"text":"Blogu i Udh\u00ebtarit","link":"https:\/\/www.shqiperia.com\/blog\/category\/blogu-i-udhetarit\/"},"img":{"alt_text":"","src":"https:\/\/i0.wp.com\/www.shqiperia.com\/blog\/wp-content\/uploads\/2019\/11\/kleri-katolik.jpg?fit=1200%2C635&ssl=1&resize=350%2C200","width":350,"height":200,"srcset":"https:\/\/i0.wp.com\/www.shqiperia.com\/blog\/wp-content\/uploads\/2019\/11\/kleri-katolik.jpg?fit=1200%2C635&ssl=1&resize=350%2C200 1x, https:\/\/i0.wp.com\/www.shqiperia.com\/blog\/wp-content\/uploads\/2019\/11\/kleri-katolik.jpg?fit=1200%2C635&ssl=1&resize=525%2C300 1.5x, https:\/\/i0.wp.com\/www.shqiperia.com\/blog\/wp-content\/uploads\/2019\/11\/kleri-katolik.jpg?fit=1200%2C635&ssl=1&resize=700%2C400 2x, https:\/\/i0.wp.com\/www.shqiperia.com\/blog\/wp-content\/uploads\/2019\/11\/kleri-katolik.jpg?fit=1200%2C635&ssl=1&resize=1050%2C600 3x"},"classes":[]},{"id":37716,"url":"https:\/\/www.shqiperia.com\/blog\/rilindja-perze-shqiptaret-por-merr-sirianet-dhe-afganet\/","url_meta":{"origin":25241,"position":1},"title":"Rilindja p\u00ebrz\u00eb shqiptar\u00ebt, por merr sirian\u00ebt dhe afgan\u00ebt","author":"Kurt Farka","date":"August 27, 2020","format":false,"excerpt":"Rilindja p\u00ebrz\u00eb shqiptar\u00ebt, por merr sirian\u00ebt dhe afgan\u00ebt 22\/08\/2020 Instituti i Statistikave publikoi dje t\u00eb dh\u00ebnat p\u00ebr personat q\u00eb kan\u00eb k\u00ebrkuar azil n\u00eb Shqip\u00ebri gjat\u00eb vitit 2019. Shifrat e institucioneve shtet\u00ebrore tregojn\u00eb se gjat\u00eb vitit q\u00eb lam\u00eb pas 6 567 qytetar\u00eb t\u00eb huaj kan\u00eb aplikuar n\u00eb Ministrin\u00eb e Brendshme p\u00ebr\u2026","rel":"","context":"In &quot;Blogu i Udh\u00ebtarit&quot;","block_context":{"text":"Blogu i Udh\u00ebtarit","link":"https:\/\/www.shqiperia.com\/blog\/category\/blogu-i-udhetarit\/"},"img":{"alt_text":"","src":"https:\/\/i0.wp.com\/www.shqiperia.com\/blog\/wp-content\/uploads\/2020\/08\/siriane-693x450-1-693x375-1.jpg?fit=693%2C375&ssl=1&resize=350%2C200","width":350,"height":200,"srcset":"https:\/\/i0.wp.com\/www.shqiperia.com\/blog\/wp-content\/uploads\/2020\/08\/siriane-693x450-1-693x375-1.jpg?fit=693%2C375&ssl=1&resize=350%2C200 1x, https:\/\/i0.wp.com\/www.shqiperia.com\/blog\/wp-content\/uploads\/2020\/08\/siriane-693x450-1-693x375-1.jpg?fit=693%2C375&ssl=1&resize=525%2C300 1.5x"},"classes":[]},{"id":79689,"url":"https:\/\/www.shqiperia.com\/blog\/dokumente-te-reja-arkivore-ne-sanaxhakun-e-nishit-ka-pasur-716-vendbanime-me-shqiptare-gjithcka-nga-intervista-me-studiuesin-jusuf-osmani\/","url_meta":{"origin":25241,"position":2},"title":"Dokumente t\u00eb reja arkivore: &#8211; N\u00eb Sanaxhakun e Nishit ka pasur 716 vendbanime me shqiptar\u00eb \u2013 gjith\u00e7ka nga intervista me studiuesin Jusuf Osmani","author":"Kurt Farka","date":"March 28, 2024","format":false,"excerpt":"28 Mars 2024 N\u00eb emisionin \u201cP\u00ebrballje\u201d n\u00eb Telegrafi.com \u00ebsht\u00eb diskutuar p\u00ebr veprat lidhur me shqiptar\u00ebt nga Sanxhaku i Nishit, nd\u00ebrkaq ka folur studiuesi i arkivistik\u00ebs Jusuf Osmani, i cili ka publikuar shtat\u00eb veprat \u201cShqiptar\u00ebt e Sanxhakut t\u00eb Nishit \u2013 Muhaxhir\u00ebt\u201d n\u00eb 7 v\u00ebllime. N\u00eb k\u00ebt\u00eb intervist\u00eb \u00ebsht\u00eb Osmani ka treguar\u2026","rel":"","context":"In &quot;Blogu i Udh\u00ebtarit&quot;","block_context":{"text":"Blogu i Udh\u00ebtarit","link":"https:\/\/www.shqiperia.com\/blog\/category\/blogu-i-udhetarit\/"},"img":{"alt_text":"","src":"https:\/\/i0.wp.com\/www.shqiperia.com\/blog\/wp-content\/uploads\/2024\/03\/perballje-780x439-1.jpg?fit=777%2C439&ssl=1&resize=350%2C200","width":350,"height":200,"srcset":"https:\/\/i0.wp.com\/www.shqiperia.com\/blog\/wp-content\/uploads\/2024\/03\/perballje-780x439-1.jpg?fit=777%2C439&ssl=1&resize=350%2C200 1x, https:\/\/i0.wp.com\/www.shqiperia.com\/blog\/wp-content\/uploads\/2024\/03\/perballje-780x439-1.jpg?fit=777%2C439&ssl=1&resize=525%2C300 1.5x, https:\/\/i0.wp.com\/www.shqiperia.com\/blog\/wp-content\/uploads\/2024\/03\/perballje-780x439-1.jpg?fit=777%2C439&ssl=1&resize=700%2C400 2x"},"classes":[]},{"id":69354,"url":"https:\/\/www.shqiperia.com\/blog\/gazetarja-lala-jep-detaje-nga-aksioni-i-bkh-ne-banesen-e-ish-bashkeshortes-se-ish-zvkryeministrit-jane-marre-dokumente-qe-vleresohen-te-rendesishme-per-hetimet\/","url_meta":{"origin":25241,"position":3},"title":"Gazetarja Lala jep detaje nga aksioni i BKH: &#8211; N\u00eb banes\u00ebn e ish-bashk\u00ebshortes se ish\u00a0 ZvKryeministrit jan\u00eb marr\u00eb  dokumente q\u00eb vler\u00ebsohen t\u00eb r\u00ebnd\u00ebsishme p\u00ebr hetimet.","author":"Kurt Farka","date":"March 10, 2023","format":false,"excerpt":"10 Mars 2023 Gazetarja Klodiana Lala ka dh\u00ebn\u00eb detaje lidhur me zbarkimin e Byros\u00eb Komb\u00ebtare t\u00eb Hetimit n\u00eb banes\u00ebn e partneres aktuale t\u00eb Arben Ahmetajt, dhe banes\u00ebn e ish-bashk\u00ebshortes s\u00eb tij. N\u00eb nj\u00eb lidhje \u201cSkype\u201d me emisionin \u201cOpen\u201d Lala tha se n\u00eb vil\u00ebn e partneres s\u00eb ish- z\u00ebvend\u00ebs kryeministrit jan\u00eb\u2026","rel":"","context":"In &quot;Blogu i Udh\u00ebtarit&quot;","block_context":{"text":"Blogu i Udh\u00ebtarit","link":"https:\/\/www.shqiperia.com\/blog\/category\/blogu-i-udhetarit\/"},"img":{"alt_text":"","src":"https:\/\/i0.wp.com\/www.shqiperia.com\/blog\/wp-content\/uploads\/2023\/03\/ahmetaj-3.jpg?fit=1200%2C637&ssl=1&resize=350%2C200","width":350,"height":200,"srcset":"https:\/\/i0.wp.com\/www.shqiperia.com\/blog\/wp-content\/uploads\/2023\/03\/ahmetaj-3.jpg?fit=1200%2C637&ssl=1&resize=350%2C200 1x, https:\/\/i0.wp.com\/www.shqiperia.com\/blog\/wp-content\/uploads\/2023\/03\/ahmetaj-3.jpg?fit=1200%2C637&ssl=1&resize=525%2C300 1.5x, https:\/\/i0.wp.com\/www.shqiperia.com\/blog\/wp-content\/uploads\/2023\/03\/ahmetaj-3.jpg?fit=1200%2C637&ssl=1&resize=700%2C400 2x, https:\/\/i0.wp.com\/www.shqiperia.com\/blog\/wp-content\/uploads\/2023\/03\/ahmetaj-3.jpg?fit=1200%2C637&ssl=1&resize=1050%2C600 3x"},"classes":[]},{"id":62194,"url":"https:\/\/www.shqiperia.com\/blog\/zbulohet-ne-tirane-dosja-e-ibrahim-rugoves-20-vite-ne-pergjim-nga-sigurimi-i-shtetit-shqiptar\/","url_meta":{"origin":25241,"position":4},"title":"Zbulohet ne Tirane dosja e Ibrahim Rugov\u00ebs, &#8211; 20 vite n\u00eb p\u00ebrgjim nga Sigurimi i Shtetit Shqiptar","author":"Kurt Farka","date":"September 13, 2022","format":false,"excerpt":"13 Shtator 2022 Ish-presidenti i Kosov\u00ebs \u00ebsht\u00eb ndjekur p\u00ebr 20 vite nga ish-Sigurimi i Shtetit. Sipas gazetarit Blendi Fevziu, Sigurimi i Shtetit p\u00ebr 20 vite ka p\u00ebrgjuar ish-presidentin e Kosov\u00ebs Ibrahim Rugova, edhe pse ky i fundit deri n\u00eb at\u00eb koh\u00eb kishte b\u00ebr\u00eb vet\u00ebm dy vizita n\u00eb Shqip\u00ebri. Gazetari Blendi\u2026","rel":"","context":"In &quot;Blogu i Udh\u00ebtarit&quot;","block_context":{"text":"Blogu i Udh\u00ebtarit","link":"https:\/\/www.shqiperia.com\/blog\/category\/blogu-i-udhetarit\/"},"img":{"alt_text":"","src":"https:\/\/i0.wp.com\/www.shqiperia.com\/blog\/wp-content\/uploads\/2022\/09\/Ish-presidenti-i-Kosoves-eshte-ndjekur-per-20-vite-nga-ish-Sigurimi-i-Shtetit..png?fit=770%2C433&ssl=1&resize=350%2C200","width":350,"height":200,"srcset":"https:\/\/i0.wp.com\/www.shqiperia.com\/blog\/wp-content\/uploads\/2022\/09\/Ish-presidenti-i-Kosoves-eshte-ndjekur-per-20-vite-nga-ish-Sigurimi-i-Shtetit..png?fit=770%2C433&ssl=1&resize=350%2C200 1x, https:\/\/i0.wp.com\/www.shqiperia.com\/blog\/wp-content\/uploads\/2022\/09\/Ish-presidenti-i-Kosoves-eshte-ndjekur-per-20-vite-nga-ish-Sigurimi-i-Shtetit..png?fit=770%2C433&ssl=1&resize=525%2C300 1.5x, https:\/\/i0.wp.com\/www.shqiperia.com\/blog\/wp-content\/uploads\/2022\/09\/Ish-presidenti-i-Kosoves-eshte-ndjekur-per-20-vite-nga-ish-Sigurimi-i-Shtetit..png?fit=770%2C433&ssl=1&resize=700%2C400 2x"},"classes":[]},{"id":94129,"url":"https:\/\/www.shqiperia.com\/blog\/arkivi-qendror-falsifikoi-dokumentet-per-llogari-te-mafies-se-pronave-cakrani-as-enver-hoxha-sarriti-ne-keto-nivele\/","url_meta":{"origin":25241,"position":5},"title":"\u2018Arkivi Qendror falsifikoi dokumentet p\u00ebr llogari t\u00eb mafies s\u00eb pronave\u2019\/ Cakrani: &#8211; As Enver Hoxha s\u2019arriti n\u00eb k\u00ebto nivele&#8230;","author":"Kurt Farka","date":"October 6, 2025","format":false,"excerpt":"6 Tetor 2025 \u2018Edhe Enver Hoxha nuk arriti n\u00eb k\u00ebto nivele q\u00eb arriti Edi Rama, t\u00eb fuste dokumente t\u00eb falsifikuara n\u00eb Arkivin e Shtetit\u2019. Kjo ishte deklarata e avokatit Kujtim Cakrani n\u00eb emisionin \u2018Kafe Shqeto\u2019 n\u00eb Syri Tv, teksa akuzoi ligjv\u00ebn\u00ebsin e ri socialist, Ardit Bido, ish-drejtor i Arkivit Qendror,\u2026","rel":"","context":"In &quot;Histori&quot;","block_context":{"text":"Histori","link":"https:\/\/www.shqiperia.com\/blog\/category\/histori\/"},"img":{"alt_text":"","src":"https:\/\/i0.wp.com\/www.shqiperia.com\/blog\/wp-content\/uploads\/2025\/10\/1B8A9D0B-375B-47A6-AB67-F5332699EE71.webp?fit=535%2C329&ssl=1&resize=350%2C200","width":350,"height":200,"srcset":"https:\/\/i0.wp.com\/www.shqiperia.com\/blog\/wp-content\/uploads\/2025\/10\/1B8A9D0B-375B-47A6-AB67-F5332699EE71.webp?fit=535%2C329&ssl=1&resize=350%2C200 1x, https:\/\/i0.wp.com\/www.shqiperia.com\/blog\/wp-content\/uploads\/2025\/10\/1B8A9D0B-375B-47A6-AB67-F5332699EE71.webp?fit=535%2C329&ssl=1&resize=525%2C300 1.5x"},"classes":[]}],"_links":{"self":[{"href":"https:\/\/www.shqiperia.com\/blog\/wp-json\/wp\/v2\/posts\/25241","targetHints":{"allow":["GET"]}}],"collection":[{"href":"https:\/\/www.shqiperia.com\/blog\/wp-json\/wp\/v2\/posts"}],"about":[{"href":"https:\/\/www.shqiperia.com\/blog\/wp-json\/wp\/v2\/types\/post"}],"author":[{"embeddable":true,"href":"https:\/\/www.shqiperia.com\/blog\/wp-json\/wp\/v2\/users\/9"}],"replies":[{"embeddable":true,"href":"https:\/\/www.shqiperia.com\/blog\/wp-json\/wp\/v2\/comments?post=25241"}],"version-history":[{"count":1,"href":"https:\/\/www.shqiperia.com\/blog\/wp-json\/wp\/v2\/posts\/25241\/revisions"}],"predecessor-version":[{"id":25243,"href":"https:\/\/www.shqiperia.com\/blog\/wp-json\/wp\/v2\/posts\/25241\/revisions\/25243"}],"wp:featuredmedia":[{"embeddable":true,"href":"https:\/\/www.shqiperia.com\/blog\/wp-json\/wp\/v2\/media\/25242"}],"wp:attachment":[{"href":"https:\/\/www.shqiperia.com\/blog\/wp-json\/wp\/v2\/media?parent=25241"}],"wp:term":[{"taxonomy":"category","embeddable":true,"href":"https:\/\/www.shqiperia.com\/blog\/wp-json\/wp\/v2\/categories?post=25241"},{"taxonomy":"post_tag","embeddable":true,"href":"https:\/\/www.shqiperia.com\/blog\/wp-json\/wp\/v2\/tags?post=25241"}],"curies":[{"name":"wp","href":"https:\/\/api.w.org\/{rel}","templated":true}]}}