{"id":25238,"date":"2019-08-29T09:36:14","date_gmt":"2019-08-29T09:36:14","guid":{"rendered":"https:\/\/www.shqiperia.com\/blog\/?p=25238"},"modified":"2019-08-29T09:36:14","modified_gmt":"2019-08-29T09:36:14","slug":"bushati-del-nga-rreshti-ps-reforme-me-rrenje-duhet-te-kerkojme-falje","status":"publish","type":"post","link":"https:\/\/www.shqiperia.com\/blog\/bushati-del-nga-rreshti-ps-reforme-me-rrenje-duhet-te-kerkojme-falje\/","title":{"rendered":"Bushati del nga rreshti: PS, reform\u00eb me rr\u00ebnj\u00eb, duhet t\u00eb k\u00ebrkojm\u00eb falje. &#8211;"},"content":{"rendered":"<p><img data-recalc-dims=\"1\" loading=\"lazy\" decoding=\"async\" data-attachment-id=\"25239\" data-permalink=\"https:\/\/www.shqiperia.com\/blog\/bushati-del-nga-rreshti-ps-reforme-me-rrenje-duhet-te-kerkojme-falje\/bushati-rama-mesi-905x450\/\" data-orig-file=\"https:\/\/i0.wp.com\/www.shqiperia.com\/blog\/wp-content\/uploads\/2019\/08\/bushati-rama-mesi-905x450.jpeg?fit=878%2C450&amp;ssl=1\" data-orig-size=\"878,450\" data-comments-opened=\"1\" data-image-meta=\"{&quot;aperture&quot;:&quot;0&quot;,&quot;credit&quot;:&quot;&quot;,&quot;camera&quot;:&quot;&quot;,&quot;caption&quot;:&quot;&quot;,&quot;created_timestamp&quot;:&quot;0&quot;,&quot;copyright&quot;:&quot;&quot;,&quot;focal_length&quot;:&quot;0&quot;,&quot;iso&quot;:&quot;0&quot;,&quot;shutter_speed&quot;:&quot;0&quot;,&quot;title&quot;:&quot;&quot;,&quot;orientation&quot;:&quot;0&quot;}\" data-image-title=\"bushati-rama-mesi-905&#215;450\" data-image-description=\"\" data-image-caption=\"\" data-medium-file=\"https:\/\/i0.wp.com\/www.shqiperia.com\/blog\/wp-content\/uploads\/2019\/08\/bushati-rama-mesi-905x450.jpeg?fit=300%2C154&amp;ssl=1\" data-large-file=\"https:\/\/i0.wp.com\/www.shqiperia.com\/blog\/wp-content\/uploads\/2019\/08\/bushati-rama-mesi-905x450.jpeg?fit=878%2C450&amp;ssl=1\" class=\"alignnone  wp-image-25239\" alt=\"\" src=\"https:\/\/i0.wp.com\/www.shqiperia.com\/blog\/wp-content\/uploads\/2019\/08\/bushati-rama-mesi-905x450.jpeg?resize=469%2C241&#038;ssl=1\" width=\"469\" height=\"241\" srcset=\"https:\/\/i0.wp.com\/www.shqiperia.com\/blog\/wp-content\/uploads\/2019\/08\/bushati-rama-mesi-905x450.jpeg?resize=300%2C154&amp;ssl=1 300w, https:\/\/i0.wp.com\/www.shqiperia.com\/blog\/wp-content\/uploads\/2019\/08\/bushati-rama-mesi-905x450.jpeg?resize=768%2C394&amp;ssl=1 768w, https:\/\/i0.wp.com\/www.shqiperia.com\/blog\/wp-content\/uploads\/2019\/08\/bushati-rama-mesi-905x450.jpeg?resize=450%2C231&amp;ssl=1 450w, https:\/\/i0.wp.com\/www.shqiperia.com\/blog\/wp-content\/uploads\/2019\/08\/bushati-rama-mesi-905x450.jpeg?resize=600%2C308&amp;ssl=1 600w, https:\/\/i0.wp.com\/www.shqiperia.com\/blog\/wp-content\/uploads\/2019\/08\/bushati-rama-mesi-905x450.jpeg?resize=400%2C205&amp;ssl=1 400w, https:\/\/i0.wp.com\/www.shqiperia.com\/blog\/wp-content\/uploads\/2019\/08\/bushati-rama-mesi-905x450.jpeg?w=878&amp;ssl=1 878w\" sizes=\"auto, (max-width: 469px) 100vw, 469px\" \/><\/p>\n<p><strong>Bushati del nga rreshti: PS, reform\u00eb me rr\u00ebnj\u00eb, duhet t\u00eb k\u00ebrkojm\u00eb falje. &#8211;<\/strong><\/p>\n<p>28 gusht 2019<\/p>\n<p>Ish-ministri i Jasht\u00ebm, Ditmir Bushati tha se gjat\u00eb mbledhjes s\u00eb kryesis\u00eb s\u00eb Partis\u00eb Socialiste \u00ebsht\u00eb diskutuar situata n\u00eb Shkod\u00ebr, e krijuar pas dor\u00ebheqjes s\u00eb kandidatit socialist p\u00ebr Bashkin\u00eb, Valdin Pjetri.<\/p>\n<p><em>\u201cMe rastin e fundit n\u00eb Shkod\u00ebr kemi pik\u00ebn e derdhjes. 30 vjet pas r\u00ebnies s\u00eb komunizmit, ka shum\u00eb mund\u00ebsi q\u00eb PS dhe t\u00eb gjitha partit\u00eb t\u2019i ofrojn\u00eb njer\u00ebzve p\u00ebrfaq\u00ebsues m\u00eb t\u00eb mir\u00eb. Kjo nuk trajtohet me zhvendosje v\u00ebmendjeje me shkarkime n\u00eb mas\u00eb q\u00eb nuk kan\u00eb asnj\u00eb lidhje me \u00e7\u00ebshtjen\u201d,<\/em>\u00a0tha Bushati.<\/p>\n<p><em>\u201cMendoj q\u00eb tanim\u00eb, kjo \u00ebsht\u00eb nj\u00eb \u00e7\u00ebshtje q\u00eb shkon p\u00ebrtej mureve t\u00eb k\u00ebsaj organizate. Ne jemi politikan\u00eb, jo gjyqtar\u00eb, por kemi p\u00ebrgjegj\u00ebsin\u00eb p\u00ebr t\u00eb hapur nj\u00eb debat dhe trajtuar rr\u00ebnj\u00ebt e k\u00ebtij fenomeni. Q\u00eb kan\u00eb lidhje me nevoj\u00ebn p\u00ebr reform\u00eb politike brenda familjeve politike.<\/em><\/p>\n<p><em>PS \u00ebsht\u00eb dhe duhet t\u00eb jet\u00eb partia e intelektit, progresit dhe komuniteteve. P\u00ebrgjegj\u00ebsia p\u00ebr t\u00eb kaluar\u00ebn e gjithsecilit \u00ebsht\u00eb p\u00ebrgjegj\u00ebsi individuale, ne na takon t\u00eb themi edhe \u201cna falni\u201d p\u00ebr rastet n\u00eb fjal\u00eb dhe p\u00ebr komunitetet e caktuara dhe t\u00eb propozojm\u00eb reforma politike q\u00eb nd\u00ebrtojn\u00eb sisteme imunitare p\u00ebr nj\u00eb jet\u00eb tjet\u00ebr politike. Kemi p\u00ebrgjegj\u00ebsin\u00eb e madhe p\u00ebr t\u00eb shfarosur k\u00ebt\u00eb fenomen\u201d,\u00a0<\/em>shtoi ai.<\/p>\n<p><em>j.l.\/ dita<\/em><\/p>\n","protected":false},"excerpt":{"rendered":"<p>Bushati del nga rreshti: PS, reform\u00eb me rr\u00ebnj\u00eb, duhet t\u00eb k\u00ebrkojm\u00eb falje. &#8211; 28 gusht 2019 Ish-ministri i Jasht\u00ebm, Ditmir Bushati tha se gjat\u00eb mbledhjes s\u00eb kryesis\u00eb s\u00eb Partis\u00eb Socialiste \u00ebsht\u00eb diskutuar situata n\u00eb Shkod\u00ebr, e krijuar pas dor\u00ebheqjes s\u00eb kandidatit socialist p\u00ebr Bashkin\u00eb, Valdin Pjetri. \u201cMe rastin e fundit n\u00eb Shkod\u00ebr kemi pik\u00ebn e [&hellip;]<\/p>\n","protected":false},"author":9,"featured_media":25239,"comment_status":"open","ping_status":"open","sticky":false,"template":"","format":"standard","meta":{"jetpack_post_was_ever_published":false,"_jetpack_newsletter_access":"","_jetpack_dont_email_post_to_subs":false,"_jetpack_newsletter_tier_id":0,"_jetpack_memberships_contains_paywalled_content":false,"_jetpack_memberships_contains_paid_content":false,"footnotes":"","jetpack_publicize_message":"","jetpack_publicize_feature_enabled":true,"jetpack_social_post_already_shared":true,"jetpack_social_options":{"image_generator_settings":{"template":"highway","default_image_id":0,"font":"","enabled":false},"version":2}},"categories":[10],"tags":[],"class_list":["post-25238","post","type-post","status-publish","format-standard","has-post-thumbnail","hentry","category-kultura"],"jetpack_publicize_connections":[],"jetpack_featured_media_url":"https:\/\/i0.wp.com\/www.shqiperia.com\/blog\/wp-content\/uploads\/2019\/08\/bushati-rama-mesi-905x450.jpeg?fit=878%2C450&ssl=1","jetpack_sharing_enabled":true,"jetpack_shortlink":"https:\/\/wp.me\/p5Z6wp-6z4","jetpack-related-posts":[{"id":34086,"url":"https:\/\/www.shqiperia.com\/blog\/ditmir-bushati-si-asnjehere-me-pare-mesazh-te-forte-per-socialistet-ngre-tonet-ne-kuvend-per-lidhjet-e-qeverise-me-oligarket-premtuam-ne-2013-qe-do-te-anulojme\/","url_meta":{"origin":25238,"position":0},"title":"Ditmir Bushati si asnj\u00ebher\u00eb m\u00eb par\u00eb, mesazh t\u00eb fort\u00eb p\u00ebr socialist\u00ebt, ngre tonet n\u00eb Kuvend p\u00ebr lidhjet e qeveris\u00eb me oligark\u00ebt: Premtuam n\u00eb 2013 q\u00eb do t\u00eb anulojm\u00eb&#8230;","author":"Kurt Farka","date":"April 30, 2020","format":false,"excerpt":"Ditmir Bushati si asnj\u00ebher\u00eb m\u00eb par\u00eb, mesazh t\u00eb fort\u00eb p\u00ebr socialist\u00ebt, ngre tonet n\u00eb Kuvend p\u00ebr lidhjet e qeveris\u00eb me oligark\u00ebt: Premtuam n\u00eb 2013 q\u00eb do t\u00eb anulojm\u00eb... 30 PRILL 2020 Duke u nisur nga shqyrtimi i nj\u00eb projekti n\u00eb Kuvend, ku parashikohet nj\u00eb koncesion n\u00eb portin e Durr\u00ebsit, ish-ministri\u2026","rel":"","context":"In &quot;Blogu i Udh\u00ebtarit&quot;","block_context":{"text":"Blogu i Udh\u00ebtarit","link":"https:\/\/www.shqiperia.com\/blog\/category\/blogu-i-udhetarit\/"},"img":{"alt_text":"","src":"https:\/\/i0.wp.com\/www.shqiperia.com\/blog\/wp-content\/uploads\/2020\/04\/800-0-5eaaae6b0e7cd.jpg?fit=528%2C299&ssl=1&resize=350%2C200","width":350,"height":200,"srcset":"https:\/\/i0.wp.com\/www.shqiperia.com\/blog\/wp-content\/uploads\/2020\/04\/800-0-5eaaae6b0e7cd.jpg?fit=528%2C299&ssl=1&resize=350%2C200 1x, https:\/\/i0.wp.com\/www.shqiperia.com\/blog\/wp-content\/uploads\/2020\/04\/800-0-5eaaae6b0e7cd.jpg?fit=528%2C299&ssl=1&resize=525%2C300 1.5x"},"classes":[]},{"id":31547,"url":"https:\/\/www.shqiperia.com\/blog\/ps-ka-alergji-nga-akademiket-bushati-ne-kemi-pune-vetem-me-krimin-angjeli-largohet-nga-komisioni\/","url_meta":{"origin":25238,"position":1},"title":"PS ka alergji nga akademik\u00ebt. Bushati: \u201cNe kemi pun\u00eb vet\u00ebm me krimin\u201d. Angjeli largohet nga komisioni.","author":"Kurt Farka","date":"February 15, 2020","format":false,"excerpt":"PS ka alergji nga akademik\u00ebt. Bushati: \u201cNe kemi pun\u00eb vet\u00ebm me krimin\u201d. Angjeli largohet nga komisioni. 14\/02\/2020 Nj\u00eb debat jo i zakont\u00eb \u00ebsht\u00eb zhvilluar sot (14 shkurt) n\u00eb Komisionin e Ekonomis\u00eb mes deputet\u00ebve socialist\u00eb, gjat\u00eb diskutimeve p\u00ebr ligjin e pasurive t\u00eb sekuestruara. Deputeti i PS-s\u00eb, Ervin Bushati i ardhur n\u00eb\u2026","rel":"","context":"In &quot;Blogu i Udh\u00ebtarit&quot;","block_context":{"text":"Blogu i Udh\u00ebtarit","link":"https:\/\/www.shqiperia.com\/blog\/category\/blogu-i-udhetarit\/"},"img":{"alt_text":"","src":"https:\/\/i0.wp.com\/www.shqiperia.com\/blog\/wp-content\/uploads\/2020\/02\/Ervin-Bushati-750x375-1.jpg?fit=750%2C375&ssl=1&resize=350%2C200","width":350,"height":200,"srcset":"https:\/\/i0.wp.com\/www.shqiperia.com\/blog\/wp-content\/uploads\/2020\/02\/Ervin-Bushati-750x375-1.jpg?fit=750%2C375&ssl=1&resize=350%2C200 1x, https:\/\/i0.wp.com\/www.shqiperia.com\/blog\/wp-content\/uploads\/2020\/02\/Ervin-Bushati-750x375-1.jpg?fit=750%2C375&ssl=1&resize=525%2C300 1.5x, https:\/\/i0.wp.com\/www.shqiperia.com\/blog\/wp-content\/uploads\/2020\/02\/Ervin-Bushati-750x375-1.jpg?fit=750%2C375&ssl=1&resize=700%2C400 2x"},"classes":[]},{"id":45124,"url":"https:\/\/www.shqiperia.com\/blog\/levizjet-e-fundit-brenda-ps-kodheli-majko-dhe-xhafaj-te-pakenaqur-mesazhi-qe-bushati-i-dha-kryeministrit-rama\/","url_meta":{"origin":25238,"position":2},"title":"L\u00ebvizjet e fundit brenda PS: &#8211; Kodheli, Majko dhe Xhafaj t\u00eb pak\u00ebnaqur. Mesazhi q\u00eb Bushati i dha kryeministrit Rama","author":"Kurt Farka","date":"March 9, 2021","format":false,"excerpt":"L\u00ebvizjet e fundit brenda PS: - Kodheli, Majko dhe Xhafaj t\u00eb pak\u00ebnaqur. Mesazhi q\u00eb Bushati i dha kryeministrit Rama - 09.03.21 N\u00eb nj\u00eb lidhje direkte p\u00ebr studion e lajmeve n\u00eb \u201cNews 24\u201d, gazetari Arestir Lumezi komentoi l\u00ebvizjet e or\u00ebve t\u00eb fundit n\u00eb kampin socialist, pak\u00ebnaq\u00ebsit\u00eb dhe debatet e ndodhura. Sipas\u2026","rel":"","context":"In &quot;Blogu i Udh\u00ebtarit&quot;","block_context":{"text":"Blogu i Udh\u00ebtarit","link":"https:\/\/www.shqiperia.com\/blog\/category\/blogu-i-udhetarit\/"},"img":{"alt_text":"","src":"https:\/\/i0.wp.com\/www.shqiperia.com\/blog\/wp-content\/uploads\/2021\/03\/b8ae0d1fa1f646de97b62345f454ab1d.jpeg?fit=1200%2C692&ssl=1&resize=350%2C200","width":350,"height":200,"srcset":"https:\/\/i0.wp.com\/www.shqiperia.com\/blog\/wp-content\/uploads\/2021\/03\/b8ae0d1fa1f646de97b62345f454ab1d.jpeg?fit=1200%2C692&ssl=1&resize=350%2C200 1x, https:\/\/i0.wp.com\/www.shqiperia.com\/blog\/wp-content\/uploads\/2021\/03\/b8ae0d1fa1f646de97b62345f454ab1d.jpeg?fit=1200%2C692&ssl=1&resize=525%2C300 1.5x, https:\/\/i0.wp.com\/www.shqiperia.com\/blog\/wp-content\/uploads\/2021\/03\/b8ae0d1fa1f646de97b62345f454ab1d.jpeg?fit=1200%2C692&ssl=1&resize=700%2C400 2x, https:\/\/i0.wp.com\/www.shqiperia.com\/blog\/wp-content\/uploads\/2021\/03\/b8ae0d1fa1f646de97b62345f454ab1d.jpeg?fit=1200%2C692&ssl=1&resize=1050%2C600 3x"},"classes":[]},{"id":27353,"url":"https:\/\/www.shqiperia.com\/blog\/bushati-duhet-unanimitet-dhe-bashkepergjegjesi-per-integrimin\/","url_meta":{"origin":25238,"position":3},"title":"Bushati: Duhet unanimitet dhe bashk\u00ebp\u00ebrgjegj\u00ebsi p\u00ebr integrimin &#8230; &#8211;","author":"Kurt Farka","date":"October 27, 2019","format":false,"excerpt":"Bushati: Duhet unanimitet dhe bashk\u00ebp\u00ebrgjegj\u00ebsi p\u00ebr integrimin 19\/10\/19 Ish-ministri i Jasht\u00ebm i qeveris\u00eb Rama dhe an\u00ebtari i kryesis\u00eb s\u00eb PS, flet p\u00ebr negociatat, p\u00ebr marr\u00ebdh\u00ebniet me Ram\u00ebn, situat\u00ebn brenda mazhoranc\u00ebs, dekriminalizimin, fitoren e Albin Kurtit dhe i kthehet debatit p\u00ebr iden\u00eb e ndryshimit t\u00eb kufijve t\u00eb Kosov\u00ebs. N\u00eb analiz\u00ebn e\u2026","rel":"","context":"In &quot;Blogu i Udh\u00ebtarit&quot;","block_context":{"text":"Blogu i Udh\u00ebtarit","link":"https:\/\/www.shqiperia.com\/blog\/category\/blogu-i-udhetarit\/"},"img":{"alt_text":"","src":"https:\/\/i0.wp.com\/www.shqiperia.com\/blog\/wp-content\/uploads\/2019\/10\/Ditmir-Bushati.jpg?fit=1200%2C641&ssl=1&resize=350%2C200","width":350,"height":200,"srcset":"https:\/\/i0.wp.com\/www.shqiperia.com\/blog\/wp-content\/uploads\/2019\/10\/Ditmir-Bushati.jpg?fit=1200%2C641&ssl=1&resize=350%2C200 1x, https:\/\/i0.wp.com\/www.shqiperia.com\/blog\/wp-content\/uploads\/2019\/10\/Ditmir-Bushati.jpg?fit=1200%2C641&ssl=1&resize=525%2C300 1.5x, https:\/\/i0.wp.com\/www.shqiperia.com\/blog\/wp-content\/uploads\/2019\/10\/Ditmir-Bushati.jpg?fit=1200%2C641&ssl=1&resize=700%2C400 2x, https:\/\/i0.wp.com\/www.shqiperia.com\/blog\/wp-content\/uploads\/2019\/10\/Ditmir-Bushati.jpg?fit=1200%2C641&ssl=1&resize=1050%2C600 3x"},"classes":[]},{"id":47220,"url":"https:\/\/www.shqiperia.com\/blog\/hapja-e-negociatave-ditmir-bushati-ben-deklaraten-e-forte-ky-eshte-vendim-i-vonuar-duhet-qe\/","url_meta":{"origin":25238,"position":4},"title":"Hapja e negociatave. Ditmir Bushati b\u00ebn deklarat\u00ebn e FORT\u00cb: &#8211; Ky \u00ebsht\u00eb vendim i vonuar, duhet q\u00eb&#8230;","author":"Kurt Farka","date":"May 4, 2021","format":false,"excerpt":"Hapja e negociatave. Ditmir Bushati b\u00ebn deklarat\u00ebn e FORT\u00cb: - Ky \u00ebsht\u00eb vendim i vonuar, duhet q\u00eb... 4 MAJ 2021 Ish-ministri i Jasht\u00ebm Ditmir Bushati n\u00eb nj\u00eb intervist\u00eb n\u00eb \u201cGood Morning Europe\u201d tha se vendi yn\u00eb e ka marr\u00eb statusin kandidat n\u00eb 2014-\u00ebn, nd\u00ebrsa negociatat duhet t\u00eb ishin hapur n\u00eb\u2026","rel":"","context":"In &quot;Blogu i Udh\u00ebtarit&quot;","block_context":{"text":"Blogu i Udh\u00ebtarit","link":"https:\/\/www.shqiperia.com\/blog\/category\/blogu-i-udhetarit\/"},"img":{"alt_text":"","src":"https:\/\/i0.wp.com\/www.shqiperia.com\/blog\/wp-content\/uploads\/2021\/05\/Ditmir-Bushati.jpeg?fit=800%2C473&ssl=1&resize=350%2C200","width":350,"height":200,"srcset":"https:\/\/i0.wp.com\/www.shqiperia.com\/blog\/wp-content\/uploads\/2021\/05\/Ditmir-Bushati.jpeg?fit=800%2C473&ssl=1&resize=350%2C200 1x, https:\/\/i0.wp.com\/www.shqiperia.com\/blog\/wp-content\/uploads\/2021\/05\/Ditmir-Bushati.jpeg?fit=800%2C473&ssl=1&resize=525%2C300 1.5x, https:\/\/i0.wp.com\/www.shqiperia.com\/blog\/wp-content\/uploads\/2021\/05\/Ditmir-Bushati.jpeg?fit=800%2C473&ssl=1&resize=700%2C400 2x"},"classes":[]},{"id":42720,"url":"https:\/\/www.shqiperia.com\/blog\/bushati-mund-te-jete-korrier-rama-po-ben-te-bindurin-e-erdoganit-dhe-te-pelqyerin-e-greqise\/","url_meta":{"origin":25238,"position":5},"title":"Bushati: &#8211; &#8220;Mund t\u00eb jet\u00eb korrier&#8230;&#8221;. Rama po b\u00ebn t\u00eb bindurin e Erdoganit dhe t\u00eb p\u00eblqyerin e Greqis\u00eb.","author":"Kurt Farka","date":"January 8, 2021","format":false,"excerpt":"Bushati: - \"Mund t\u00eb jet\u00eb korrier...\". Rama po b\u00ebn t\u00eb bindurin e Erdoganit dhe t\u00eb p\u00eblqyerin e Greqis\u00eb. 7 JANAR 2021\u00a0 P\u00ebr analistin Andi Bushati, kryeministri Edi Rama po p\u00ebrpiqet q\u00eb t\u00eb b\u00ebj\u00eb t\u00eb p\u00eblqyerin e Mitsotaqis dhe t\u00eb bindurin e Erdoganit. Bushati tha se nuk beson se kryeministri \u00ebsht\u00eb\u2026","rel":"","context":"In &quot;Blogu i Udh\u00ebtarit&quot;","block_context":{"text":"Blogu i Udh\u00ebtarit","link":"https:\/\/www.shqiperia.com\/blog\/category\/blogu-i-udhetarit\/"},"img":{"alt_text":"","src":"https:\/\/i0.wp.com\/www.shqiperia.com\/blog\/wp-content\/uploads\/2021\/01\/640-0-5ff77265a643f.jpg?fit=640%2C373&ssl=1&resize=350%2C200","width":350,"height":200,"srcset":"https:\/\/i0.wp.com\/www.shqiperia.com\/blog\/wp-content\/uploads\/2021\/01\/640-0-5ff77265a643f.jpg?fit=640%2C373&ssl=1&resize=350%2C200 1x, https:\/\/i0.wp.com\/www.shqiperia.com\/blog\/wp-content\/uploads\/2021\/01\/640-0-5ff77265a643f.jpg?fit=640%2C373&ssl=1&resize=525%2C300 1.5x"},"classes":[]}],"_links":{"self":[{"href":"https:\/\/www.shqiperia.com\/blog\/wp-json\/wp\/v2\/posts\/25238","targetHints":{"allow":["GET"]}}],"collection":[{"href":"https:\/\/www.shqiperia.com\/blog\/wp-json\/wp\/v2\/posts"}],"about":[{"href":"https:\/\/www.shqiperia.com\/blog\/wp-json\/wp\/v2\/types\/post"}],"author":[{"embeddable":true,"href":"https:\/\/www.shqiperia.com\/blog\/wp-json\/wp\/v2\/users\/9"}],"replies":[{"embeddable":true,"href":"https:\/\/www.shqiperia.com\/blog\/wp-json\/wp\/v2\/comments?post=25238"}],"version-history":[{"count":1,"href":"https:\/\/www.shqiperia.com\/blog\/wp-json\/wp\/v2\/posts\/25238\/revisions"}],"predecessor-version":[{"id":25240,"href":"https:\/\/www.shqiperia.com\/blog\/wp-json\/wp\/v2\/posts\/25238\/revisions\/25240"}],"wp:featuredmedia":[{"embeddable":true,"href":"https:\/\/www.shqiperia.com\/blog\/wp-json\/wp\/v2\/media\/25239"}],"wp:attachment":[{"href":"https:\/\/www.shqiperia.com\/blog\/wp-json\/wp\/v2\/media?parent=25238"}],"wp:term":[{"taxonomy":"category","embeddable":true,"href":"https:\/\/www.shqiperia.com\/blog\/wp-json\/wp\/v2\/categories?post=25238"},{"taxonomy":"post_tag","embeddable":true,"href":"https:\/\/www.shqiperia.com\/blog\/wp-json\/wp\/v2\/tags?post=25238"}],"curies":[{"name":"wp","href":"https:\/\/api.w.org\/{rel}","templated":true}]}}