{"id":25234,"date":"2019-08-29T09:18:35","date_gmt":"2019-08-29T09:18:35","guid":{"rendered":"https:\/\/www.shqiperia.com\/blog\/?p=25234"},"modified":"2019-08-30T07:32:50","modified_gmt":"2019-08-30T07:32:50","slug":"guret-qe-flasin-dhe-ne-shurrdhmemecet-qe-nuk-i-degjojme","status":"publish","type":"post","link":"https:\/\/www.shqiperia.com\/blog\/guret-qe-flasin-dhe-ne-shurrdhmemecet-qe-nuk-i-degjojme\/","title":{"rendered":"Guret qe flasin dhe ne shurrdhmemecet qe nuk i \u00a0degjojme."},"content":{"rendered":"<p><img data-recalc-dims=\"1\" loading=\"lazy\" decoding=\"async\" data-attachment-id=\"25235\" data-permalink=\"https:\/\/www.shqiperia.com\/blog\/guret-qe-flasin-dhe-ne-shurrdhmemecet-qe-nuk-i-degjojme\/guret-qe-flasin\/\" data-orig-file=\"https:\/\/i0.wp.com\/www.shqiperia.com\/blog\/wp-content\/uploads\/2019\/08\/Guret-qe-Flasin.jpg?fit=802%2C428&amp;ssl=1\" data-orig-size=\"802,428\" data-comments-opened=\"1\" data-image-meta=\"{&quot;aperture&quot;:&quot;0&quot;,&quot;credit&quot;:&quot;&quot;,&quot;camera&quot;:&quot;&quot;,&quot;caption&quot;:&quot;&quot;,&quot;created_timestamp&quot;:&quot;0&quot;,&quot;copyright&quot;:&quot;&quot;,&quot;focal_length&quot;:&quot;0&quot;,&quot;iso&quot;:&quot;0&quot;,&quot;shutter_speed&quot;:&quot;0&quot;,&quot;title&quot;:&quot;&quot;,&quot;orientation&quot;:&quot;0&quot;}\" data-image-title=\"Guret qe Flasin\" data-image-description=\"\" data-image-caption=\"\" data-medium-file=\"https:\/\/i0.wp.com\/www.shqiperia.com\/blog\/wp-content\/uploads\/2019\/08\/Guret-qe-Flasin.jpg?fit=300%2C160&amp;ssl=1\" data-large-file=\"https:\/\/i0.wp.com\/www.shqiperia.com\/blog\/wp-content\/uploads\/2019\/08\/Guret-qe-Flasin.jpg?fit=802%2C428&amp;ssl=1\" class=\"alignnone wp-image-25235\" alt=\"\" src=\"https:\/\/i0.wp.com\/www.shqiperia.com\/blog\/wp-content\/uploads\/2019\/08\/Guret-qe-Flasin.jpg?resize=563%2C300&#038;ssl=1\" width=\"563\" height=\"300\" srcset=\"https:\/\/i0.wp.com\/www.shqiperia.com\/blog\/wp-content\/uploads\/2019\/08\/Guret-qe-Flasin.jpg?resize=300%2C160&amp;ssl=1 300w, https:\/\/i0.wp.com\/www.shqiperia.com\/blog\/wp-content\/uploads\/2019\/08\/Guret-qe-Flasin.jpg?resize=768%2C410&amp;ssl=1 768w, https:\/\/i0.wp.com\/www.shqiperia.com\/blog\/wp-content\/uploads\/2019\/08\/Guret-qe-Flasin.jpg?resize=450%2C240&amp;ssl=1 450w, https:\/\/i0.wp.com\/www.shqiperia.com\/blog\/wp-content\/uploads\/2019\/08\/Guret-qe-Flasin.jpg?resize=600%2C320&amp;ssl=1 600w, https:\/\/i0.wp.com\/www.shqiperia.com\/blog\/wp-content\/uploads\/2019\/08\/Guret-qe-Flasin.jpg?resize=400%2C213&amp;ssl=1 400w, https:\/\/i0.wp.com\/www.shqiperia.com\/blog\/wp-content\/uploads\/2019\/08\/Guret-qe-Flasin.jpg?w=802&amp;ssl=1 802w\" sizes=\"auto, (max-width: 563px) 100vw, 563px\" \/><\/p>\n<p>Guret qe flasin dhe ne shurrdhmemecet qe nuk I \u00a0degjojme.<\/p>\n<p>Para pak ditesh ne Gjugje te Fanit u zbulua nje gur i lashte me simbole te shkruara ne gur. Potere e zhurme, pse cvendoset. Te dy palet kishin te drejte, por kryesorja, asnje mendim per konsulta, dhe me sa duket nuk eshte bere asgje per te shikuar e dokumentuar gjurmet arkeologjike te mjedisit ku u gjet ky gur me peshe per lashtesine e banimit ne keto zona.<\/p>\n<p><img data-recalc-dims=\"1\" loading=\"lazy\" decoding=\"async\" data-attachment-id=\"25236\" data-permalink=\"https:\/\/www.shqiperia.com\/blog\/guret-qe-flasin-dhe-ne-shurrdhmemecet-qe-nuk-i-degjojme\/guret-qe-flasin-2\/\" data-orig-file=\"https:\/\/i0.wp.com\/www.shqiperia.com\/blog\/wp-content\/uploads\/2019\/08\/Guret-qe-Flasin-2.jpg?fit=683%2C327&amp;ssl=1\" data-orig-size=\"683,327\" data-comments-opened=\"1\" data-image-meta=\"{&quot;aperture&quot;:&quot;0&quot;,&quot;credit&quot;:&quot;&quot;,&quot;camera&quot;:&quot;&quot;,&quot;caption&quot;:&quot;&quot;,&quot;created_timestamp&quot;:&quot;0&quot;,&quot;copyright&quot;:&quot;&quot;,&quot;focal_length&quot;:&quot;0&quot;,&quot;iso&quot;:&quot;0&quot;,&quot;shutter_speed&quot;:&quot;0&quot;,&quot;title&quot;:&quot;&quot;,&quot;orientation&quot;:&quot;0&quot;}\" data-image-title=\"Guret qe Flasin (2)\" data-image-description=\"\" data-image-caption=\"\" data-medium-file=\"https:\/\/i0.wp.com\/www.shqiperia.com\/blog\/wp-content\/uploads\/2019\/08\/Guret-qe-Flasin-2.jpg?fit=300%2C144&amp;ssl=1\" data-large-file=\"https:\/\/i0.wp.com\/www.shqiperia.com\/blog\/wp-content\/uploads\/2019\/08\/Guret-qe-Flasin-2.jpg?fit=683%2C327&amp;ssl=1\" class=\"alignnone wp-image-25236\" alt=\"\" src=\"https:\/\/i0.wp.com\/www.shqiperia.com\/blog\/wp-content\/uploads\/2019\/08\/Guret-qe-Flasin-2.jpg?resize=631%2C303&#038;ssl=1\" width=\"631\" height=\"303\" srcset=\"https:\/\/i0.wp.com\/www.shqiperia.com\/blog\/wp-content\/uploads\/2019\/08\/Guret-qe-Flasin-2.jpg?resize=300%2C144&amp;ssl=1 300w, https:\/\/i0.wp.com\/www.shqiperia.com\/blog\/wp-content\/uploads\/2019\/08\/Guret-qe-Flasin-2.jpg?resize=450%2C215&amp;ssl=1 450w, https:\/\/i0.wp.com\/www.shqiperia.com\/blog\/wp-content\/uploads\/2019\/08\/Guret-qe-Flasin-2.jpg?resize=600%2C287&amp;ssl=1 600w, https:\/\/i0.wp.com\/www.shqiperia.com\/blog\/wp-content\/uploads\/2019\/08\/Guret-qe-Flasin-2.jpg?resize=400%2C192&amp;ssl=1 400w, https:\/\/i0.wp.com\/www.shqiperia.com\/blog\/wp-content\/uploads\/2019\/08\/Guret-qe-Flasin-2.jpg?w=683&amp;ssl=1 683w\" sizes=\"auto, (max-width: 631px) 100vw, 631px\" \/><\/p>\n<p>Dikush tha se ne nje maje kodre afer ku u gjet guri ka nje mur, dikush se aty pari ruhet nje tempull, nje tjeter se aty ka nje rrenoje kishe. Gjithkush jepte mendime te prera se si shpjegohen shenjat (simbolet). U arrit qe vemendja te terhiqet tek veprimi I Ministrise se Kultures qe e cvendosi \u00a0Gurin drejt Tiranes, natyrisht per ta mbrojtur.<\/p>\n<p>Askush nuk tha se si mundet te dokumentohen, ruhen e popullarizohen Monumente te kesaj natyre, qe ruhen e njihen ne te gjithe territorin e vendit tone. Kjo eshte pasuri qe e kemi trashegim nga te Paret, qofte edhe prej mijra vitesh. Kjo duhet te jete tema kryesore dhe prokupim per studiuesit dhe nepunesit e shtetit te ketij profili.<\/p>\n<p>Shenim nga J. B.<\/p>\n","protected":false},"excerpt":{"rendered":"<p>Guret qe flasin dhe ne shurrdhmemecet qe nuk I \u00a0degjojme. Para pak ditesh ne Gjugje te Fanit u zbulua nje gur i lashte me simbole te shkruara ne gur. Potere e zhurme, pse cvendoset. Te dy palet kishin te drejte, por kryesorja, asnje mendim per konsulta, dhe me sa duket nuk eshte bere asgje per [&hellip;]<\/p>\n","protected":false},"author":9,"featured_media":25235,"comment_status":"open","ping_status":"open","sticky":false,"template":"","format":"standard","meta":{"jetpack_post_was_ever_published":false,"_jetpack_newsletter_access":"","_jetpack_dont_email_post_to_subs":false,"_jetpack_newsletter_tier_id":0,"_jetpack_memberships_contains_paywalled_content":false,"_jetpack_memberships_contains_paid_content":false,"footnotes":"","jetpack_publicize_message":"","jetpack_publicize_feature_enabled":true,"jetpack_social_post_already_shared":true,"jetpack_social_options":{"image_generator_settings":{"template":"highway","default_image_id":0,"font":"","enabled":false},"version":2}},"categories":[27,10,86],"tags":[],"class_list":["post-25234","post","type-post","status-publish","format-standard","has-post-thumbnail","hentry","category-blogu-i-udhetarit","category-kultura","category-trashegimi-kulturore"],"jetpack_publicize_connections":[],"jetpack_featured_media_url":"https:\/\/i0.wp.com\/www.shqiperia.com\/blog\/wp-content\/uploads\/2019\/08\/Guret-qe-Flasin.jpg?fit=802%2C428&ssl=1","jetpack_sharing_enabled":true,"jetpack_shortlink":"https:\/\/wp.me\/p5Z6wp-6z0","jetpack-related-posts":[{"id":95899,"url":"https:\/\/www.shqiperia.com\/blog\/ja-guret-e-cmuar-qe-nxirren-nga-galerite-e-mirdites-shqiperia-nuk-fiton-asgje\/","url_meta":{"origin":25234,"position":0},"title":"Ja gur\u00ebt e \u00e7muar q\u00eb nxirren nga galerit\u00eb e Mirdit\u00ebs. Shqip\u00ebria nuk fiton asgj\u00eb","author":"Kurt Farka","date":"December 23, 2025","format":false,"excerpt":"23 Dhjetor 2025 Ndodhemi n\u00eb fshatin Letitna t\u00eb Mirdit\u00ebs. N\u00eb k\u00ebt\u00eb galeri n\u00ebntok\u00eb ndahen Gurth 1 dhe Gurth 3 ku b\u00ebhen k\u00ebrkimet p\u00ebr bak\u00ebr. Inside Story ka siguruar material t\u00eb marr\u00eb n\u00eb galerit\u00eb Gurth 3 t\u00eb cil\u00ebt q\u00eb n\u00eb pamje t\u00eb par\u00eb tregojn\u00eb se vlerat e tyre jan\u00eb t\u00eb m\u00ebdha.\u2026","rel":"","context":"In &quot;Blogu i Udh\u00ebtarit&quot;","block_context":{"text":"Blogu i Udh\u00ebtarit","link":"https:\/\/www.shqiperia.com\/blog\/category\/blogu-i-udhetarit\/"},"img":{"alt_text":"","src":"https:\/\/i0.wp.com\/www.shqiperia.com\/blog\/wp-content\/uploads\/2025\/12\/guriiii_sd.jpg?fit=1200%2C675&ssl=1&resize=350%2C200","width":350,"height":200,"srcset":"https:\/\/i0.wp.com\/www.shqiperia.com\/blog\/wp-content\/uploads\/2025\/12\/guriiii_sd.jpg?fit=1200%2C675&ssl=1&resize=350%2C200 1x, https:\/\/i0.wp.com\/www.shqiperia.com\/blog\/wp-content\/uploads\/2025\/12\/guriiii_sd.jpg?fit=1200%2C675&ssl=1&resize=525%2C300 1.5x, https:\/\/i0.wp.com\/www.shqiperia.com\/blog\/wp-content\/uploads\/2025\/12\/guriiii_sd.jpg?fit=1200%2C675&ssl=1&resize=700%2C400 2x, https:\/\/i0.wp.com\/www.shqiperia.com\/blog\/wp-content\/uploads\/2025\/12\/guriiii_sd.jpg?fit=1200%2C675&ssl=1&resize=1050%2C600 3x"},"classes":[]},{"id":25101,"url":"https:\/\/www.shqiperia.com\/blog\/guri-prehistorik-i-xhuxhes-dhe-shteti-si-shpetimtar\/","url_meta":{"origin":25234,"position":1},"title":"GURI PREHISTORIK i XHUXH\u00cbS DHE SHTETI SI \u201cSHP\u00cbTIMTAR\u201d. &#8211;","author":"Kurt Farka","date":"August 25, 2019","format":false,"excerpt":"GURI PREHISTORIK I XHUXH\u00cbS DHE SHTETI SI \u201cSHP\u00cbTIMTAR\u201d Nga: Ndue Dedaj U zbulua krejt rast\u00ebsisht dhe, si\u00e7 ndodh me \u00e7do gj\u00eb kur hyn n\u00eb loj\u00eb shteti duke b\u00ebr\u00eb t\u00eb \u201cfortin\u201d, u ndez debati publik n\u00eb rrjetet sociale, q\u00eb ende nuk ka p\u00ebrfunduar. Nj\u00eb grup pun\u00ebtor\u00ebsh po nxirrnin gur, n\u00eb fshatin\u2026","rel":"","context":"In &quot;Blogu i Udh\u00ebtarit&quot;","block_context":{"text":"Blogu i Udh\u00ebtarit","link":"https:\/\/www.shqiperia.com\/blog\/category\/blogu-i-udhetarit\/"},"img":{"alt_text":"","src":"https:\/\/i0.wp.com\/www.shqiperia.com\/blog\/wp-content\/uploads\/2019\/08\/Guri-i-Gjugjes.jpg?fit=709%2C773&ssl=1&resize=350%2C200","width":350,"height":200,"srcset":"https:\/\/i0.wp.com\/www.shqiperia.com\/blog\/wp-content\/uploads\/2019\/08\/Guri-i-Gjugjes.jpg?fit=709%2C773&ssl=1&resize=350%2C200 1x, https:\/\/i0.wp.com\/www.shqiperia.com\/blog\/wp-content\/uploads\/2019\/08\/Guri-i-Gjugjes.jpg?fit=709%2C773&ssl=1&resize=525%2C300 1.5x, https:\/\/i0.wp.com\/www.shqiperia.com\/blog\/wp-content\/uploads\/2019\/08\/Guri-i-Gjugjes.jpg?fit=709%2C773&ssl=1&resize=700%2C400 2x"},"classes":[]},{"id":32257,"url":"https:\/\/www.shqiperia.com\/blog\/gani-cekrezi-artisti-qe-skalit-shqiperine-ne-guret-e-lumenjve\/","url_meta":{"origin":25234,"position":2},"title":"Gani \u00c7ekrezi, artisti q\u00eb skalit Shqip\u00ebrin\u00eb n\u00eb gur\u00ebt e lumenjve","author":"Kurt Farka","date":"March 11, 2020","format":false,"excerpt":"Gani \u00c7ekrezi, artisti q\u00eb skalit Shqip\u00ebrin\u00eb n\u00eb gur\u00ebt e lumenjve Artist\u00ebt din\u00eb gjithmon\u00eb si t\u00eb diferencohen kur guxojn\u00eb dhe v\u00ebn\u00eb n\u00eb pun\u00eb kreativitetin e tyre. Gani \u00c7ekrezi \u00ebsht\u00eb nj\u00eb nd\u00ebr ata artist\u00eb q\u00eb ka sjell\u00eb di\u00e7ka ndryshe p\u00ebr tregun shqiptar, q\u00eb me artin e tij i ka dh\u00ebn\u00eb jet\u00eb gurit\u2026","rel":"","context":"In &quot;Arte&quot;","block_context":{"text":"Arte","link":"https:\/\/www.shqiperia.com\/blog\/category\/arte\/"},"img":{"alt_text":"","src":"https:\/\/i0.wp.com\/www.shqiperia.com\/blog\/wp-content\/uploads\/2020\/03\/2-2.jpg?fit=960%2C644&ssl=1&resize=350%2C200","width":350,"height":200,"srcset":"https:\/\/i0.wp.com\/www.shqiperia.com\/blog\/wp-content\/uploads\/2020\/03\/2-2.jpg?fit=960%2C644&ssl=1&resize=350%2C200 1x, https:\/\/i0.wp.com\/www.shqiperia.com\/blog\/wp-content\/uploads\/2020\/03\/2-2.jpg?fit=960%2C644&ssl=1&resize=525%2C300 1.5x, https:\/\/i0.wp.com\/www.shqiperia.com\/blog\/wp-content\/uploads\/2020\/03\/2-2.jpg?fit=960%2C644&ssl=1&resize=700%2C400 2x"},"classes":[]},{"id":97717,"url":"https:\/\/www.shqiperia.com\/blog\/zagoria-nje-identitet-i-gdhendur-ne-gur-dhe-ne-kenge\/","url_meta":{"origin":25234,"position":3},"title":"Zagoria, nj\u00eb identitet i gdhendur n\u00eb gur dhe n\u00eb k\u00ebng\u00eb","author":"Kurt Farka","date":"February 15, 2026","format":false,"excerpt":"15 Shkurt 2026 Zagoria nuk \u00ebsht\u00eb thjesht nj\u00eb zon\u00eb n\u00eb hart\u00eb. \u00cbsht\u00eb nj\u00eb lugin\u00eb q\u00eb fle e mb\u00ebshtjell\u00eb nga male t\u00eb larta, si n\u00eb nj\u00eb p\u00ebrqafim t\u00eb heshtur mes Gjirokastr\u00ebs dhe P\u00ebrmetit. Nj\u00eb krahin\u00eb e vog\u00ebl n\u00eb p\u00ebrmasa \u2013 rreth 15 kilometra e gjat\u00eb dhe 4\u20135 kilometra e gjer\u00eb \u2013\u2026","rel":"","context":"In &quot;Blogu i Udh\u00ebtarit&quot;","block_context":{"text":"Blogu i Udh\u00ebtarit","link":"https:\/\/www.shqiperia.com\/blog\/category\/blogu-i-udhetarit\/"},"img":{"alt_text":"","src":"https:\/\/i0.wp.com\/www.shqiperia.com\/blog\/wp-content\/uploads\/2026\/02\/640-0-zagjpg-1771148630.jpg?fit=640%2C356&ssl=1&resize=350%2C200","width":350,"height":200,"srcset":"https:\/\/i0.wp.com\/www.shqiperia.com\/blog\/wp-content\/uploads\/2026\/02\/640-0-zagjpg-1771148630.jpg?fit=640%2C356&ssl=1&resize=350%2C200 1x, https:\/\/i0.wp.com\/www.shqiperia.com\/blog\/wp-content\/uploads\/2026\/02\/640-0-zagjpg-1771148630.jpg?fit=640%2C356&ssl=1&resize=525%2C300 1.5x"},"classes":[]},{"id":49045,"url":"https:\/\/www.shqiperia.com\/blog\/po-germonte-per-te-hapur-nje-pus-burri-ben-zbulimin-trondites-ne-oborrin-e-shtepise-qe-i-ndryshoi-totalisht-jeten\/","url_meta":{"origin":25234,"position":4},"title":"Po g\u00ebrmonte p\u00ebr t\u00eb hapur nj\u00eb pus: &#8211; \u00a0Burri b\u00ebn zbulimin trondit\u00ebs n\u00eb oborrin e sht\u00ebpis\u00eb q\u00eb i ndryshoi totalisht jet\u00ebn","author":"Kurt Farka","date":"August 11, 2021","format":false,"excerpt":"Po g\u00ebrmonte p\u00ebr t\u00eb hapur nj\u00eb pus: - \u00a0Burri b\u00ebn zbulimin trondit\u00ebs n\u00eb oborrin e sht\u00ebpis\u00eb q\u00eb i ndryshoi totalisht jet\u00ebn Po g\u00ebrmonin p\u00ebr t\u00eb hapur nj\u00eb pus n\u00eb oborrin e sht\u00ebpis\u00eb n\u00eb Ratnapura t\u00eb Sri Lank\u00ebs, kur ndesh\u00ebn papritur n\u00eb nj\u00eb gur t\u00eb madh t\u00eb bardh\u00eb me damar\u00eb blu.\u2026","rel":"","context":"In &quot;Press Releases&quot;","block_context":{"text":"Press Releases","link":"https:\/\/www.shqiperia.com\/blog\/category\/press-releases\/"},"img":{"alt_text":"","src":"https:\/\/i0.wp.com\/www.shqiperia.com\/blog\/wp-content\/uploads\/2021\/08\/800-0-61019ffe7afba.jpg?fit=800%2C500&ssl=1&resize=350%2C200","width":350,"height":200,"srcset":"https:\/\/i0.wp.com\/www.shqiperia.com\/blog\/wp-content\/uploads\/2021\/08\/800-0-61019ffe7afba.jpg?fit=800%2C500&ssl=1&resize=350%2C200 1x, https:\/\/i0.wp.com\/www.shqiperia.com\/blog\/wp-content\/uploads\/2021\/08\/800-0-61019ffe7afba.jpg?fit=800%2C500&ssl=1&resize=525%2C300 1.5x, https:\/\/i0.wp.com\/www.shqiperia.com\/blog\/wp-content\/uploads\/2021\/08\/800-0-61019ffe7afba.jpg?fit=800%2C500&ssl=1&resize=700%2C400 2x"},"classes":[]},{"id":67874,"url":"https:\/\/www.shqiperia.com\/blog\/e-rralle-qytetari-nga-tirana-pretendon-se-ka-zbuluar-nje-gur-qe-mund-te-jete-zbulim-shume-i-rendesishem-foto\/","url_meta":{"origin":25234,"position":5},"title":"E rrall\u00eb: &#8211; Qytetari nga Tirana pretendon se ka zbuluar nj\u00eb \u2018gur\u2019 q\u00eb mund t\u00eb jet\u00eb zbulim shum\u00eb i r\u00ebnd\u00ebsish\u00ebm (Foto)","author":"Kurt Farka","date":"February 13, 2023","format":false,"excerpt":"13 Shkurt 2023 Nj\u00eb lexues i InforCulture.info p\u00ebrmes nj\u00eb mesazhi ka k\u00ebrkuar ndihm\u00ebn dhe p\u00ebrkrahjen p\u00ebr b\u00ebrjen publike t\u00eb si\u00e7 pretendon ai, nj\u00eb \"guri prehistorik\". Emri i tij \u00ebsht\u00eb Kreshnik Begu dhe jeton n\u00eb Tiran\u00eb, por q\u00eb gurin e ka gjetur\/zbuluar disa kilometra larg Tiran\u00ebs. Ai thot\u00eb se ka kontaktuar\u2026","rel":"","context":"In &quot;Blogu i Udh\u00ebtarit&quot;","block_context":{"text":"Blogu i Udh\u00ebtarit","link":"https:\/\/www.shqiperia.com\/blog\/category\/blogu-i-udhetarit\/"},"img":{"alt_text":"","src":"https:\/\/i0.wp.com\/www.shqiperia.com\/blog\/wp-content\/uploads\/2023\/02\/image-4.png?fit=508%2C280&ssl=1&resize=350%2C200","width":350,"height":200},"classes":[]}],"_links":{"self":[{"href":"https:\/\/www.shqiperia.com\/blog\/wp-json\/wp\/v2\/posts\/25234","targetHints":{"allow":["GET"]}}],"collection":[{"href":"https:\/\/www.shqiperia.com\/blog\/wp-json\/wp\/v2\/posts"}],"about":[{"href":"https:\/\/www.shqiperia.com\/blog\/wp-json\/wp\/v2\/types\/post"}],"author":[{"embeddable":true,"href":"https:\/\/www.shqiperia.com\/blog\/wp-json\/wp\/v2\/users\/9"}],"replies":[{"embeddable":true,"href":"https:\/\/www.shqiperia.com\/blog\/wp-json\/wp\/v2\/comments?post=25234"}],"version-history":[{"count":5,"href":"https:\/\/www.shqiperia.com\/blog\/wp-json\/wp\/v2\/posts\/25234\/revisions"}],"predecessor-version":[{"id":25276,"href":"https:\/\/www.shqiperia.com\/blog\/wp-json\/wp\/v2\/posts\/25234\/revisions\/25276"}],"wp:featuredmedia":[{"embeddable":true,"href":"https:\/\/www.shqiperia.com\/blog\/wp-json\/wp\/v2\/media\/25235"}],"wp:attachment":[{"href":"https:\/\/www.shqiperia.com\/blog\/wp-json\/wp\/v2\/media?parent=25234"}],"wp:term":[{"taxonomy":"category","embeddable":true,"href":"https:\/\/www.shqiperia.com\/blog\/wp-json\/wp\/v2\/categories?post=25234"},{"taxonomy":"post_tag","embeddable":true,"href":"https:\/\/www.shqiperia.com\/blog\/wp-json\/wp\/v2\/tags?post=25234"}],"curies":[{"name":"wp","href":"https:\/\/api.w.org\/{rel}","templated":true}]}}