{"id":25230,"date":"2019-08-28T21:36:28","date_gmt":"2019-08-28T21:36:28","guid":{"rendered":"https:\/\/www.shqiperia.com\/blog\/?p=25230"},"modified":"2019-08-28T21:36:28","modified_gmt":"2019-08-28T21:36:28","slug":"bujar-zajmit-ekspozon-ne-galerine-e-pejes","status":"publish","type":"post","link":"https:\/\/www.shqiperia.com\/blog\/bujar-zajmit-ekspozon-ne-galerine-e-pejes\/","title":{"rendered":"\u00a0Bujar Zajmit\u00a0 Ekspozon ne Galerine e Pejes. &#8211;"},"content":{"rendered":"<p><strong> <img data-recalc-dims=\"1\" loading=\"lazy\" decoding=\"async\" data-attachment-id=\"25231\" data-permalink=\"https:\/\/www.shqiperia.com\/blog\/bujar-zajmit-ekspozon-ne-galerine-e-pejes\/ekspozita1-2\/\" data-orig-file=\"https:\/\/i0.wp.com\/www.shqiperia.com\/blog\/wp-content\/uploads\/2019\/08\/ekspozita1.jpg?fit=441%2C258&amp;ssl=1\" data-orig-size=\"441,258\" data-comments-opened=\"1\" data-image-meta=\"{&quot;aperture&quot;:&quot;0&quot;,&quot;credit&quot;:&quot;&quot;,&quot;camera&quot;:&quot;&quot;,&quot;caption&quot;:&quot;&quot;,&quot;created_timestamp&quot;:&quot;0&quot;,&quot;copyright&quot;:&quot;&quot;,&quot;focal_length&quot;:&quot;0&quot;,&quot;iso&quot;:&quot;0&quot;,&quot;shutter_speed&quot;:&quot;0&quot;,&quot;title&quot;:&quot;&quot;,&quot;orientation&quot;:&quot;0&quot;}\" data-image-title=\"ekspozita1\" data-image-description=\"\" data-image-caption=\"\" data-medium-file=\"https:\/\/i0.wp.com\/www.shqiperia.com\/blog\/wp-content\/uploads\/2019\/08\/ekspozita1.jpg?fit=300%2C176&amp;ssl=1\" data-large-file=\"https:\/\/i0.wp.com\/www.shqiperia.com\/blog\/wp-content\/uploads\/2019\/08\/ekspozita1.jpg?fit=441%2C258&amp;ssl=1\" class=\"alignnone  wp-image-25231\" alt=\"\" src=\"https:\/\/i0.wp.com\/www.shqiperia.com\/blog\/wp-content\/uploads\/2019\/08\/ekspozita1.jpg?resize=489%2C287&#038;ssl=1\" width=\"489\" height=\"287\" srcset=\"https:\/\/i0.wp.com\/www.shqiperia.com\/blog\/wp-content\/uploads\/2019\/08\/ekspozita1.jpg?resize=300%2C176&amp;ssl=1 300w, https:\/\/i0.wp.com\/www.shqiperia.com\/blog\/wp-content\/uploads\/2019\/08\/ekspozita1.jpg?resize=400%2C234&amp;ssl=1 400w, https:\/\/i0.wp.com\/www.shqiperia.com\/blog\/wp-content\/uploads\/2019\/08\/ekspozita1.jpg?w=441&amp;ssl=1 441w\" sizes=\"auto, (max-width: 489px) 100vw, 489px\" \/><\/strong><\/p>\n<p><strong>Bujar Zajmit\u00a0 Ekspozon ne Galerine e Pejes. &#8211;<\/strong><\/p>\n<p>Me rastin e 80-vjetorit t\u00eb lindjes s\u00eb piktorit tiranas Bujar Zajmi, Galeria e Arteve Pej\u00eb hapi nj\u00eb ekspozit\u00eb me 80 punime t\u00eb mjeshtrit t\u00eb penelave me rr\u00ebnj\u00eb pejane. Kjo ekspozit\u00eb \u00ebsht\u00eb organizuar n\u00eb kujdesin e kryetarit t\u00eb Pej\u00ebs, z.Gazmend Muhaxheri dhe me organizim t\u00eb p\u00ebrbashk\u00ebt t\u00eb Galeris\u00eb s\u00eb Arteve dhe drejtorive p\u00ebr kultur\u00eb dhe ajo p\u00ebr integrime dhe diaspor\u00eb. Ekspozita do t\u00eb jet\u00eb e hapur p\u00ebr nj\u00eb muaj rresht, nd\u00ebrsa punimet e p\u00ebrzgjedhura me motive komb\u00ebtare q\u00eb jan\u00eb punuar nd\u00ebr vite pat\u00ebn efekt t\u00eb menj\u00ebhersh\u00ebm n\u00eb publikun shqiptar. Artisti z.Bujar Zajmi, n\u00ebn emocionet e nostalgjis\u00eb p\u00ebr vendlindjen e babait t\u00eb tij dhe pritjes t\u00eb organizuar nga institucionet komunale, u shpreh shum\u00eb i g\u00ebzuar p\u00ebr mund\u00ebsin\u00eb e hapjes s\u00eb ekspozit\u00ebs n\u00eb Pej\u00eb.<\/p>\n<p><img data-recalc-dims=\"1\" loading=\"lazy\" decoding=\"async\" data-attachment-id=\"25232\" data-permalink=\"https:\/\/www.shqiperia.com\/blog\/bujar-zajmit-ekspozon-ne-galerine-e-pejes\/bujar-zajmi-gjatw-hapjes-sw-ekspozitws-nw-pejw\/\" data-orig-file=\"https:\/\/i0.wp.com\/www.shqiperia.com\/blog\/wp-content\/uploads\/2019\/08\/Bujar-Zajmi-gjatw-hapjes-sw-ekspozitws-nw-Pejw.jpg?fit=960%2C720&amp;ssl=1\" data-orig-size=\"960,720\" data-comments-opened=\"1\" data-image-meta=\"{&quot;aperture&quot;:&quot;0&quot;,&quot;credit&quot;:&quot;&quot;,&quot;camera&quot;:&quot;&quot;,&quot;caption&quot;:&quot;&quot;,&quot;created_timestamp&quot;:&quot;0&quot;,&quot;copyright&quot;:&quot;&quot;,&quot;focal_length&quot;:&quot;0&quot;,&quot;iso&quot;:&quot;0&quot;,&quot;shutter_speed&quot;:&quot;0&quot;,&quot;title&quot;:&quot;&quot;,&quot;orientation&quot;:&quot;0&quot;}\" data-image-title=\"Bujar-Zajmi-gjatw-hapjes-sw-ekspozitws-nw-Pejw\" data-image-description=\"\" data-image-caption=\"\" data-medium-file=\"https:\/\/i0.wp.com\/www.shqiperia.com\/blog\/wp-content\/uploads\/2019\/08\/Bujar-Zajmi-gjatw-hapjes-sw-ekspozitws-nw-Pejw.jpg?fit=300%2C225&amp;ssl=1\" data-large-file=\"https:\/\/i0.wp.com\/www.shqiperia.com\/blog\/wp-content\/uploads\/2019\/08\/Bujar-Zajmi-gjatw-hapjes-sw-ekspozitws-nw-Pejw.jpg?fit=960%2C720&amp;ssl=1\" class=\"alignnone  wp-image-25232\" alt=\"\" src=\"https:\/\/i0.wp.com\/www.shqiperia.com\/blog\/wp-content\/uploads\/2019\/08\/Bujar-Zajmi-gjatw-hapjes-sw-ekspozitws-nw-Pejw.jpg?resize=745%2C559&#038;ssl=1\" width=\"745\" height=\"559\" srcset=\"https:\/\/i0.wp.com\/www.shqiperia.com\/blog\/wp-content\/uploads\/2019\/08\/Bujar-Zajmi-gjatw-hapjes-sw-ekspozitws-nw-Pejw.jpg?resize=300%2C225&amp;ssl=1 300w, https:\/\/i0.wp.com\/www.shqiperia.com\/blog\/wp-content\/uploads\/2019\/08\/Bujar-Zajmi-gjatw-hapjes-sw-ekspozitws-nw-Pejw.jpg?resize=768%2C576&amp;ssl=1 768w, https:\/\/i0.wp.com\/www.shqiperia.com\/blog\/wp-content\/uploads\/2019\/08\/Bujar-Zajmi-gjatw-hapjes-sw-ekspozitws-nw-Pejw.jpg?resize=450%2C338&amp;ssl=1 450w, https:\/\/i0.wp.com\/www.shqiperia.com\/blog\/wp-content\/uploads\/2019\/08\/Bujar-Zajmi-gjatw-hapjes-sw-ekspozitws-nw-Pejw.jpg?resize=600%2C450&amp;ssl=1 600w, https:\/\/i0.wp.com\/www.shqiperia.com\/blog\/wp-content\/uploads\/2019\/08\/Bujar-Zajmi-gjatw-hapjes-sw-ekspozitws-nw-Pejw.jpg?resize=400%2C300&amp;ssl=1 400w, https:\/\/i0.wp.com\/www.shqiperia.com\/blog\/wp-content\/uploads\/2019\/08\/Bujar-Zajmi-gjatw-hapjes-sw-ekspozitws-nw-Pejw.jpg?w=960&amp;ssl=1 960w\" sizes=\"auto, (max-width: 745px) 100vw, 745px\" \/><\/p>\n<p>Ai nd\u00ebr t\u00eb tjera tha se kjo ekspozit\u00eb e b\u00ebn shum\u00eb t\u00eb lumtur dhe e b\u00ebn t\u00eb ndjej\u00eb emocione t\u00eb ve\u00e7anta. \u201cSa her\u00eb q\u00eb vij n\u00eb Kosov\u00eb, e ndjej shqiptarizmin\u201d, \u2013 tha autori. Kryetari, z.Muhaxheri u shpreh i nderuar q\u00eb pati rastin t\u00eb kontribuoj\u00eb n\u00eb k\u00ebt\u00eb ngjarje kulturore. \u201cBujar Zajmi nuk \u00ebsht\u00eb m\u00eb vet\u00ebm nj\u00eb qytetar i Tiran\u00ebs sepse ai i ka rr\u00ebnj\u00ebt e Pej\u00ebs, prandaj me shum\u00eb k\u00ebnaq\u00ebsi do ta quaja artistit pejan. Nuk mund ta fshehim krenarin\u00eb se pejan\u00ebt kudo q\u00eb jetojn\u00eb, jan\u00eb krijues t\u00eb dalluar dhe na b\u00ebjn\u00eb t\u00eb ndjehemi krenar. Prandaj shpreh gjith\u00eb mir\u00ebnjohjen time p\u00ebr autorin\u201d. Drejtori i Galeris\u00eb s\u00eb Arteve, z.Zymer Mulliqi foli p\u00ebr historin\u00eb e krijimtaris\u00eb s\u00eb autorit dhe nd\u00ebr t\u00eb tjera tregoi se autori gjat\u00eb jet\u00ebs s\u00eb tij ka krijuar rreth 8000 punime me vlera t\u00eb larta artistike. Me ekspozit\u00ebn e sotme, e cila p\u00ebrkoi me dit\u00eblindjen e 80-t\u00eb t\u00eb autorit, u hap edhe muaji i diaspor\u00ebs n\u00eb komun\u00ebn e Pej\u00ebs.<\/p>\n","protected":false},"excerpt":{"rendered":"<p>Bujar Zajmit\u00a0 Ekspozon ne Galerine e Pejes. &#8211; Me rastin e 80-vjetorit t\u00eb lindjes s\u00eb piktorit tiranas Bujar Zajmi, Galeria e Arteve Pej\u00eb hapi nj\u00eb ekspozit\u00eb me 80 punime t\u00eb mjeshtrit t\u00eb penelave me rr\u00ebnj\u00eb pejane. Kjo ekspozit\u00eb \u00ebsht\u00eb organizuar n\u00eb kujdesin e kryetarit t\u00eb Pej\u00ebs, z.Gazmend Muhaxheri dhe me organizim t\u00eb p\u00ebrbashk\u00ebt t\u00eb Galeris\u00eb [&hellip;]<\/p>\n","protected":false},"author":9,"featured_media":25231,"comment_status":"open","ping_status":"open","sticky":false,"template":"","format":"standard","meta":{"jetpack_post_was_ever_published":false,"_jetpack_newsletter_access":"","_jetpack_dont_email_post_to_subs":false,"_jetpack_newsletter_tier_id":0,"_jetpack_memberships_contains_paywalled_content":false,"_jetpack_memberships_contains_paid_content":false,"footnotes":"","jetpack_publicize_message":"","jetpack_publicize_feature_enabled":true,"jetpack_social_post_already_shared":true,"jetpack_social_options":{"image_generator_settings":{"template":"highway","default_image_id":0,"font":"","enabled":false},"version":2}},"categories":[87,27,10],"tags":[],"class_list":["post-25230","post","type-post","status-publish","format-standard","has-post-thumbnail","hentry","category-arte","category-blogu-i-udhetarit","category-kultura"],"jetpack_publicize_connections":[],"jetpack_featured_media_url":"https:\/\/i0.wp.com\/www.shqiperia.com\/blog\/wp-content\/uploads\/2019\/08\/ekspozita1.jpg?fit=441%2C258&ssl=1","jetpack_sharing_enabled":true,"jetpack_shortlink":"https:\/\/wp.me\/p5Z6wp-6yW","jetpack-related-posts":[{"id":23697,"url":"https:\/\/www.shqiperia.com\/blog\/piktori-i-shquar-bujar-zajmi-ne-peje\/","url_meta":{"origin":25230,"position":0},"title":"Piktori i shquar Bujar Zajmi ne Peje.","author":"Kurt Farka","date":"July 28, 2019","format":false,"excerpt":"Piktori i shquar Bujar Zajmi ne Peje. Artedashesit pejan kane fatin dhe privilegjin qe ta vizitojne ekspoziten E Prof. Bujarit, piktor,\u00a0 qe veprat i kerkohen nga koleksioniste dhe muze Europane e me gjere. N\u00eb Galerin\u00eb e Arteve t\u00eb Pej\u00ebs u hap ekspozita e piktorit Tiranas me rr\u00ebnj\u00eb Pejane z.Bujar Zajmit.\u2026","rel":"","context":"In &quot;Arte&quot;","block_context":{"text":"Arte","link":"https:\/\/www.shqiperia.com\/blog\/category\/arte\/"},"img":{"alt_text":"","src":"https:\/\/i0.wp.com\/www.shqiperia.com\/blog\/wp-content\/uploads\/2019\/07\/1-Lahutari-Bujar-Zajmi.jpg?fit=536%2C348&ssl=1&resize=350%2C200","width":350,"height":200,"srcset":"https:\/\/i0.wp.com\/www.shqiperia.com\/blog\/wp-content\/uploads\/2019\/07\/1-Lahutari-Bujar-Zajmi.jpg?fit=536%2C348&ssl=1&resize=350%2C200 1x, https:\/\/i0.wp.com\/www.shqiperia.com\/blog\/wp-content\/uploads\/2019\/07\/1-Lahutari-Bujar-Zajmi.jpg?fit=536%2C348&ssl=1&resize=525%2C300 1.5x"},"classes":[]},{"id":61553,"url":"https:\/\/www.shqiperia.com\/blog\/ndahet-nga-ne-piktori-i-shquar-prof-bujar-zajmi-1939-2022-2\/","url_meta":{"origin":25230,"position":1},"title":"Ndahet nga ne piktori i shquar Prof. Bujar Zajmi (1939-2022)","author":"Kurt Farka","date":"August 28, 2022","format":false,"excerpt":"- Gazeta \u201cBota Sot\u201d, Prishtine Bujar Zajmi (7 korrik 1939 \u2013 27 gusht 2022) i lindur n\u00eb Tiran\u00eb, me origjin\u00eb nga Kosova \u00ebsht\u00eb piktor i njohur shqiptar. - E ka nisur artin pamor q\u00eb n\u00eb vitin 1956, me vizatime dhe piktura s\u00eb bashku mund t\u00eb ket\u00eb sot me shume 5\u2026","rel":"","context":"In &quot;Arte&quot;","block_context":{"text":"Arte","link":"https:\/\/www.shqiperia.com\/blog\/category\/arte\/"},"img":{"alt_text":"","src":"https:\/\/i0.wp.com\/www.shqiperia.com\/blog\/wp-content\/uploads\/2022\/08\/Bujar-Zajmi.jpg?fit=480%2C360&ssl=1&resize=350%2C200","width":350,"height":200},"classes":[]},{"id":59882,"url":"https:\/\/www.shqiperia.com\/blog\/ekspozohen-per-here-te-pare-100-vepra-te-bujar-zajmit-e-bija-eshte-nje-artist-ende-i-pazbuluar\/","url_meta":{"origin":25230,"position":2},"title":"Ekspozohen p\u00ebr her\u00eb t\u00eb par\u00eb 100 vepra t\u00eb Bujar Zajmit, e bija: &#8211; \u00cbsht\u00eb nj\u00eb artist ende i pazbuluar","author":"Kurt Farka","date":"July 16, 2022","format":false,"excerpt":"14 Korrik 2022 Nga Anila Dedaj N\u00eb Galerin\u00eb e Arteve n\u00eb Tiran\u00eb ekspozohen p\u00ebr her\u00eb t\u00eb par\u00eb 100 vepra t\u00eb piktorit grafist Bujar Zajmi. E bija, artistja Anila Zajmi e cili i kuron punimet, rr\u00ebfen ekspozit\u00ebn, vepr\u00ebn e fsheht\u00eb t\u00eb t\u00eb atit si dhe shqet\u00ebsimin e tij mbi artin. ron\u2026","rel":"","context":"In &quot;Arte&quot;","block_context":{"text":"Arte","link":"https:\/\/www.shqiperia.com\/blog\/category\/arte\/"},"img":{"alt_text":"","src":"https:\/\/i0.wp.com\/www.shqiperia.com\/blog\/wp-content\/uploads\/2022\/07\/Ekspozite-Bujar-Zajmi-2.jpg?fit=496%2C300&ssl=1&resize=350%2C200","width":350,"height":200},"classes":[]},{"id":2219,"url":"https:\/\/www.shqiperia.com\/blog\/bujar-zajmi-piktor\/","url_meta":{"origin":25230,"position":3},"title":"Bujar Zajmi &#8211; Piktor. &#8211;","author":"Kurt Farka","date":"January 30, 2018","format":false,"excerpt":"Bujar Zajmi (Tiran\u00eb 07.07.1939), Piktor Piktori Bujar Zajmi i p\u00ebrket brezit t\u00eb piktor\u00ebve shqiptar\u00eb q\u00eb e filluan krijimtarin\u00eb e tyre n\u00eb mesin e vieteve \u201960 t\u00eb shekullit XX. Krijimtaria e tij ndahet n\u00eb dy pjes\u00eb: krijimtaria publike kryeisht n\u00eb fush\u00ebn e grafik\u00ebs dhe ajo e fsheht\u00eb q\u00eb ai e realizoi\u2026","rel":"","context":"In &quot;Arte&quot;","block_context":{"text":"Arte","link":"https:\/\/www.shqiperia.com\/blog\/category\/arte\/"},"img":{"alt_text":"","src":"https:\/\/i0.wp.com\/www.shqiperia.com\/blog\/wp-content\/uploads\/2018\/01\/Bujar-Zajmi-21.jpg?fit=484%2C647&ssl=1&resize=350%2C200","width":350,"height":200},"classes":[]},{"id":26702,"url":"https:\/\/www.shqiperia.com\/blog\/bujar-zajmi-humori-eshte-gjeja-me-serioze-e-kesaj-bote\/","url_meta":{"origin":25230,"position":4},"title":"Bujar Zajmi: &#8211; Humori \u00ebsht\u00eb gj\u00ebja m\u00eb serioze e k\u00ebsaj bote! &#8211;","author":"Kurt Farka","date":"October 5, 2019","format":false,"excerpt":"Bujar Zajmi: - Humori \u00ebsht\u00eb gj\u00ebja m\u00eb serioze e k\u00ebsaj bote! - Trokitja e port\u00ebs s\u00eb apartamentit\u00a0n\u00eb rrug\u00ebn e Durr\u00ebsit, ku mb\u00ebrrihet p\u00ebrmes disa kthinave mes pallatesh plot kujtime nga Tirana e vjet\u00ebr, na fton me buz\u00ebqeshjen e bashkudh\u00ebtares s\u00eb devotshme\u00a0Miranda. Korrik 2017, Gazeta Shqiptarja.com Trokitja e port\u00ebs s\u00eb apartamentit\u00a0n\u00eb\u2026","rel":"","context":"In &quot;Arte&quot;","block_context":{"text":"Arte","link":"https:\/\/www.shqiperia.com\/blog\/category\/arte\/"},"img":{"alt_text":"","src":"https:\/\/i0.wp.com\/www.shqiperia.com\/blog\/wp-content\/uploads\/2019\/10\/Bujar-Zajmi.jpg?fit=561%2C245&ssl=1&resize=350%2C200","width":350,"height":200,"srcset":"https:\/\/i0.wp.com\/www.shqiperia.com\/blog\/wp-content\/uploads\/2019\/10\/Bujar-Zajmi.jpg?fit=561%2C245&ssl=1&resize=350%2C200 1x, https:\/\/i0.wp.com\/www.shqiperia.com\/blog\/wp-content\/uploads\/2019\/10\/Bujar-Zajmi.jpg?fit=561%2C245&ssl=1&resize=525%2C300 1.5x"},"classes":[]},{"id":60052,"url":"https:\/\/www.shqiperia.com\/blog\/bujar-zajmi\/","url_meta":{"origin":25230,"position":5},"title":"Bujar Zajmi: &#8211; \u201cBZAJ me diellin\u201d. &#8211; Ekspozite n\u00eb Galerin\u00eb e Artit Tiran\u00eb, me vepra t\u00eb papublikuara m\u00eb par\u00eb nga fondi i Piktorit te Shquar","author":"Kurt Farka","date":"July 25, 2022","format":false,"excerpt":"8 Korrik 2022 Ekspozita \u201cBZAJ me Diellin\u201d u hap p\u00ebr publikun n\u00eb Galerin\u00eb e Artit Tiran\u00eb. Ekspozita n\u00eb GAT p\u00ebrmban vepra t\u00eb papublikuara m\u00eb par\u00eb nga fondi i mjeshtrit Bujar Zajmi, t\u00eb realizuara n\u00eb harkun kohor 1962-2022. Ekspozita p\u00ebrmban rreth 100 vepra t\u00eb mjeshtrit dhe vjen e kuruar nga e\u2026","rel":"","context":"In &quot;Arte&quot;","block_context":{"text":"Arte","link":"https:\/\/www.shqiperia.com\/blog\/category\/arte\/"},"img":{"alt_text":"","src":"https:\/\/i0.wp.com\/www.shqiperia.com\/blog\/wp-content\/uploads\/2022\/07\/Bujar-Zajmi-1.jpg?fit=640%2C393&ssl=1&resize=350%2C200","width":350,"height":200,"srcset":"https:\/\/i0.wp.com\/www.shqiperia.com\/blog\/wp-content\/uploads\/2022\/07\/Bujar-Zajmi-1.jpg?fit=640%2C393&ssl=1&resize=350%2C200 1x, https:\/\/i0.wp.com\/www.shqiperia.com\/blog\/wp-content\/uploads\/2022\/07\/Bujar-Zajmi-1.jpg?fit=640%2C393&ssl=1&resize=525%2C300 1.5x"},"classes":[]}],"_links":{"self":[{"href":"https:\/\/www.shqiperia.com\/blog\/wp-json\/wp\/v2\/posts\/25230","targetHints":{"allow":["GET"]}}],"collection":[{"href":"https:\/\/www.shqiperia.com\/blog\/wp-json\/wp\/v2\/posts"}],"about":[{"href":"https:\/\/www.shqiperia.com\/blog\/wp-json\/wp\/v2\/types\/post"}],"author":[{"embeddable":true,"href":"https:\/\/www.shqiperia.com\/blog\/wp-json\/wp\/v2\/users\/9"}],"replies":[{"embeddable":true,"href":"https:\/\/www.shqiperia.com\/blog\/wp-json\/wp\/v2\/comments?post=25230"}],"version-history":[{"count":1,"href":"https:\/\/www.shqiperia.com\/blog\/wp-json\/wp\/v2\/posts\/25230\/revisions"}],"predecessor-version":[{"id":25233,"href":"https:\/\/www.shqiperia.com\/blog\/wp-json\/wp\/v2\/posts\/25230\/revisions\/25233"}],"wp:featuredmedia":[{"embeddable":true,"href":"https:\/\/www.shqiperia.com\/blog\/wp-json\/wp\/v2\/media\/25231"}],"wp:attachment":[{"href":"https:\/\/www.shqiperia.com\/blog\/wp-json\/wp\/v2\/media?parent=25230"}],"wp:term":[{"taxonomy":"category","embeddable":true,"href":"https:\/\/www.shqiperia.com\/blog\/wp-json\/wp\/v2\/categories?post=25230"},{"taxonomy":"post_tag","embeddable":true,"href":"https:\/\/www.shqiperia.com\/blog\/wp-json\/wp\/v2\/tags?post=25230"}],"curies":[{"name":"wp","href":"https:\/\/api.w.org\/{rel}","templated":true}]}}