{"id":25222,"date":"2019-08-28T18:54:33","date_gmt":"2019-08-28T18:54:33","guid":{"rendered":"https:\/\/www.shqiperia.com\/blog\/?p=25222"},"modified":"2019-08-28T18:55:16","modified_gmt":"2019-08-28T18:55:16","slug":"jakov-milaj-antropologu-i-pare-shqiptar","status":"publish","type":"post","link":"https:\/\/www.shqiperia.com\/blog\/jakov-milaj-antropologu-i-pare-shqiptar\/","title":{"rendered":"JAKOV MILAJ &#8211; ANTROPOLOGU I PARE SHQIPTAR"},"content":{"rendered":"<p><img data-recalc-dims=\"1\" loading=\"lazy\" decoding=\"async\" data-attachment-id=\"25225\" data-permalink=\"https:\/\/www.shqiperia.com\/blog\/jakov-milaj-antropologu-i-pare-shqiptar\/jakov-mlaj-3\/\" data-orig-file=\"https:\/\/i0.wp.com\/www.shqiperia.com\/blog\/wp-content\/uploads\/2019\/08\/Jakov-Mlaj-1.jpg?fit=638%2C433&amp;ssl=1\" data-orig-size=\"638,433\" data-comments-opened=\"1\" data-image-meta=\"{&quot;aperture&quot;:&quot;0&quot;,&quot;credit&quot;:&quot;&quot;,&quot;camera&quot;:&quot;&quot;,&quot;caption&quot;:&quot;&quot;,&quot;created_timestamp&quot;:&quot;0&quot;,&quot;copyright&quot;:&quot;&quot;,&quot;focal_length&quot;:&quot;0&quot;,&quot;iso&quot;:&quot;0&quot;,&quot;shutter_speed&quot;:&quot;0&quot;,&quot;title&quot;:&quot;&quot;,&quot;orientation&quot;:&quot;0&quot;}\" data-image-title=\"Jakov Mlaj\" data-image-description=\"\" data-image-caption=\"\" data-medium-file=\"https:\/\/i0.wp.com\/www.shqiperia.com\/blog\/wp-content\/uploads\/2019\/08\/Jakov-Mlaj-1.jpg?fit=300%2C204&amp;ssl=1\" data-large-file=\"https:\/\/i0.wp.com\/www.shqiperia.com\/blog\/wp-content\/uploads\/2019\/08\/Jakov-Mlaj-1.jpg?fit=638%2C433&amp;ssl=1\" class=\"alignnone wp-image-25225\" alt=\"\" src=\"https:\/\/i0.wp.com\/www.shqiperia.com\/blog\/wp-content\/uploads\/2019\/08\/Jakov-Mlaj-1.jpg?resize=379%2C258&#038;ssl=1\" width=\"379\" height=\"258\" srcset=\"https:\/\/i0.wp.com\/www.shqiperia.com\/blog\/wp-content\/uploads\/2019\/08\/Jakov-Mlaj-1.jpg?resize=300%2C204&amp;ssl=1 300w, https:\/\/i0.wp.com\/www.shqiperia.com\/blog\/wp-content\/uploads\/2019\/08\/Jakov-Mlaj-1.jpg?resize=450%2C305&amp;ssl=1 450w, https:\/\/i0.wp.com\/www.shqiperia.com\/blog\/wp-content\/uploads\/2019\/08\/Jakov-Mlaj-1.jpg?resize=600%2C407&amp;ssl=1 600w, https:\/\/i0.wp.com\/www.shqiperia.com\/blog\/wp-content\/uploads\/2019\/08\/Jakov-Mlaj-1.jpg?resize=235%2C160&amp;ssl=1 235w, https:\/\/i0.wp.com\/www.shqiperia.com\/blog\/wp-content\/uploads\/2019\/08\/Jakov-Mlaj-1.jpg?resize=400%2C271&amp;ssl=1 400w, https:\/\/i0.wp.com\/www.shqiperia.com\/blog\/wp-content\/uploads\/2019\/08\/Jakov-Mlaj-1.jpg?w=638&amp;ssl=1 638w\" sizes=\"auto, (max-width: 379px) 100vw, 379px\" \/><\/p>\n<p>JAKOV MILAJ &#8211; ANTROPOLOGU I PARE SHQIPTAR.<\/p>\n<p><strong>Nga: <a href=\"https:\/\/www.facebook.com\/skenderbe.kastrioti?__tn__=%2CdC-R-R&amp;eid=ARDE6QM2uBjgCYl8oH98HzQtsRk48OoCQgGBCaKPJZbtKGUpTNdFNlvbrGuEwqfFj6TyxJRPsAgm3eJf&amp;hc_ref=ARQKu2A7HpKdCF3Ea_N9_GCAQWKuvLE1SV6H745C6C1hE6rEEkctOYCcbi8RM6EVI6Y&amp;fref=nf\">Avni Rrustem Mahmutaj<\/a><\/strong><\/p>\n<p>Ka bere studimin RACA SHQIPTARE ,<br \/>\nReferuar antropologeve boteror .<\/p>\n<p>Jakov Milaj lindi n\u00eb Fier me 25 mars te vitit 1911. U shkollua n\u00eb Gjimnazin e Shkodr\u00ebs, ku e mbaroi at\u00eb n\u00eb fund, si nj\u00eb nga student\u00ebt m\u00eb t\u00eb mir\u00eb n\u00eb vitin 1931.<\/p>\n<p>Kur ishte nx\u00ebn\u00ebs ka drejtuar shoqat\u00ebn kulturore \u201cBesa shqiptare\u201d. P\u00ebr nj\u00eb koh\u00eb te gjate, ai punoi si m\u00ebsues n\u00eb qytetin e tij te lindjes, Fier; m\u00eb pas u em\u00ebrua sekretar komune n\u00eb Bezhan dhe m\u00eb pas n\u00eb Kova\u00e7isht.<\/p>\n<p>M\u00eb 1934 filloi studimet e larta n\u00eb deg\u00ebn e veterinaris\u00eb n\u00eb Universitetin e Torinos. M\u00eb 1935 u kthye n\u00eb vendlindje, ku merr pjes\u00eb n\u00eb Kryengritjen e Fierit. M\u00eb 29 gusht 1935 u d\u00ebnua me 101 vjet si pjes\u00ebmarr\u00ebs i revolt\u00ebs, por u fal pas pak muajsh. Pas daljes nga burgu, u nis p\u00ebr t\u00eb vazhduar studimet.<\/p>\n<p>N\u00eb dit\u00ebt e fundit te Migjenit, ai do te ishte pran\u00eb tij dhe te motr\u00ebs n\u00eb Senatoriumin e Tore Felices. Madje, do te ishte ai, q\u00eb do te sillte edhe fjal\u00ebt e fundit te Migjenit te madh dhe dor\u00ebshkrimet e fundit nga spitali.<\/p>\n<p>U rikthye n\u00eb atdhe pas diplomimit dhe u em\u00ebrua veteriner n\u00eb Fier. U em\u00ebrua kryeredaktor i &#8220;P\u00ebrpjekjes shqiptare&#8221; pas ikjes s\u00eb Merxhanit, por botoi vet\u00ebm nj\u00eb num\u00ebr dhe m\u00eb pas u mbyll nga qeveria e koh\u00ebs<\/p>\n<p><img data-recalc-dims=\"1\" loading=\"lazy\" decoding=\"async\" data-attachment-id=\"25226\" data-permalink=\"https:\/\/www.shqiperia.com\/blog\/jakov-milaj-antropologu-i-pare-shqiptar\/jakov-mlaj-2-2\/\" data-orig-file=\"https:\/\/i0.wp.com\/www.shqiperia.com\/blog\/wp-content\/uploads\/2019\/08\/Jakov-Mlaj-2-1.jpg?fit=638%2C960&amp;ssl=1\" data-orig-size=\"638,960\" data-comments-opened=\"1\" data-image-meta=\"{&quot;aperture&quot;:&quot;0&quot;,&quot;credit&quot;:&quot;&quot;,&quot;camera&quot;:&quot;&quot;,&quot;caption&quot;:&quot;&quot;,&quot;created_timestamp&quot;:&quot;0&quot;,&quot;copyright&quot;:&quot;&quot;,&quot;focal_length&quot;:&quot;0&quot;,&quot;iso&quot;:&quot;0&quot;,&quot;shutter_speed&quot;:&quot;0&quot;,&quot;title&quot;:&quot;&quot;,&quot;orientation&quot;:&quot;0&quot;}\" data-image-title=\"Jakov Mlaj (2)\" data-image-description=\"\" data-image-caption=\"\" data-medium-file=\"https:\/\/i0.wp.com\/www.shqiperia.com\/blog\/wp-content\/uploads\/2019\/08\/Jakov-Mlaj-2-1.jpg?fit=199%2C300&amp;ssl=1\" data-large-file=\"https:\/\/i0.wp.com\/www.shqiperia.com\/blog\/wp-content\/uploads\/2019\/08\/Jakov-Mlaj-2-1.jpg?fit=638%2C960&amp;ssl=1\" class=\"alignnone wp-image-25226\" alt=\"\" src=\"https:\/\/i0.wp.com\/www.shqiperia.com\/blog\/wp-content\/uploads\/2019\/08\/Jakov-Mlaj-2-1.jpg?resize=307%2C463&#038;ssl=1\" width=\"307\" height=\"463\" srcset=\"https:\/\/i0.wp.com\/www.shqiperia.com\/blog\/wp-content\/uploads\/2019\/08\/Jakov-Mlaj-2-1.jpg?resize=199%2C300&amp;ssl=1 199w, https:\/\/i0.wp.com\/www.shqiperia.com\/blog\/wp-content\/uploads\/2019\/08\/Jakov-Mlaj-2-1.jpg?resize=450%2C677&amp;ssl=1 450w, https:\/\/i0.wp.com\/www.shqiperia.com\/blog\/wp-content\/uploads\/2019\/08\/Jakov-Mlaj-2-1.jpg?resize=600%2C903&amp;ssl=1 600w, https:\/\/i0.wp.com\/www.shqiperia.com\/blog\/wp-content\/uploads\/2019\/08\/Jakov-Mlaj-2-1.jpg?resize=400%2C602&amp;ssl=1 400w, https:\/\/i0.wp.com\/www.shqiperia.com\/blog\/wp-content\/uploads\/2019\/08\/Jakov-Mlaj-2-1.jpg?w=638&amp;ssl=1 638w\" sizes=\"auto, (max-width: 307px) 100vw, 307px\" \/>\u00a0 \u00a0 \u00a0 <img data-recalc-dims=\"1\" loading=\"lazy\" decoding=\"async\" data-attachment-id=\"25227\" data-permalink=\"https:\/\/www.shqiperia.com\/blog\/jakov-milaj-antropologu-i-pare-shqiptar\/jakov-mlaj-3-2\/\" data-orig-file=\"https:\/\/i0.wp.com\/www.shqiperia.com\/blog\/wp-content\/uploads\/2019\/08\/Jakov-Mlaj-3.jpg?fit=638%2C960&amp;ssl=1\" data-orig-size=\"638,960\" data-comments-opened=\"1\" data-image-meta=\"{&quot;aperture&quot;:&quot;0&quot;,&quot;credit&quot;:&quot;&quot;,&quot;camera&quot;:&quot;&quot;,&quot;caption&quot;:&quot;&quot;,&quot;created_timestamp&quot;:&quot;0&quot;,&quot;copyright&quot;:&quot;&quot;,&quot;focal_length&quot;:&quot;0&quot;,&quot;iso&quot;:&quot;0&quot;,&quot;shutter_speed&quot;:&quot;0&quot;,&quot;title&quot;:&quot;&quot;,&quot;orientation&quot;:&quot;0&quot;}\" data-image-title=\"Jakov Mlaj (3)\" data-image-description=\"\" data-image-caption=\"\" data-medium-file=\"https:\/\/i0.wp.com\/www.shqiperia.com\/blog\/wp-content\/uploads\/2019\/08\/Jakov-Mlaj-3.jpg?fit=199%2C300&amp;ssl=1\" data-large-file=\"https:\/\/i0.wp.com\/www.shqiperia.com\/blog\/wp-content\/uploads\/2019\/08\/Jakov-Mlaj-3.jpg?fit=638%2C960&amp;ssl=1\" class=\"alignnone wp-image-25227\" alt=\"\" src=\"https:\/\/i0.wp.com\/www.shqiperia.com\/blog\/wp-content\/uploads\/2019\/08\/Jakov-Mlaj-3.jpg?resize=304%2C458&#038;ssl=1\" width=\"304\" height=\"458\" srcset=\"https:\/\/i0.wp.com\/www.shqiperia.com\/blog\/wp-content\/uploads\/2019\/08\/Jakov-Mlaj-3.jpg?resize=199%2C300&amp;ssl=1 199w, https:\/\/i0.wp.com\/www.shqiperia.com\/blog\/wp-content\/uploads\/2019\/08\/Jakov-Mlaj-3.jpg?resize=450%2C677&amp;ssl=1 450w, https:\/\/i0.wp.com\/www.shqiperia.com\/blog\/wp-content\/uploads\/2019\/08\/Jakov-Mlaj-3.jpg?resize=600%2C903&amp;ssl=1 600w, https:\/\/i0.wp.com\/www.shqiperia.com\/blog\/wp-content\/uploads\/2019\/08\/Jakov-Mlaj-3.jpg?resize=400%2C602&amp;ssl=1 400w, https:\/\/i0.wp.com\/www.shqiperia.com\/blog\/wp-content\/uploads\/2019\/08\/Jakov-Mlaj-3.jpg?w=638&amp;ssl=1 638w\" sizes=\"auto, (max-width: 304px) 100vw, 304px\" \/><\/p>\n<p>M\u00eb 1942 &#8211; 43 u em\u00ebrua kryedrejtor n\u00eb Kryesin\u00eb e K\u00ebshillit t\u00eb Ministrave. Duke mbajtur k\u00ebt\u00eb detyr\u00eb, m\u00eb 1943 u atashua pran\u00eb Komisariatit t\u00eb Nozullimeve pran\u00eb Ministris\u00eb s\u00eb Ekonomis\u00eb Komb\u00ebtare. Prej 12 shkurtit deri me 12 prill 1943 pati portofolin e ministrit sekretar t\u00eb shtetit t\u00eb Bujq\u00ebsis\u00eb dhe Pyjeve. M\u00eb 1943-1944 qe an\u00ebtar i K\u00ebshillit t\u00eb Shtetit. M\u00eb 1 tetor 1943 u zgjodh deputet i Kuvendit Komb\u00ebtar.<\/p>\n<p>Me ardhjen n\u00eb pushtet t\u00eb regjimit komunist, u arrestua dhe d\u00ebnua me 15 vjet burg nga Gjyqi Special. M\u00eb 1951 u lirua nga burgu dhe u internua me familjen n\u00eb Shtyllas dhe Radostin\u00eb t\u00eb Fierit. Punoi m\u00eb pas veteriner n\u00eb n\u00eb Durr\u00ebs, Bilisht, Fier. Nd\u00ebrroi jet\u00eb m\u00eb 02 janar 1997.<\/p>\n","protected":false},"excerpt":{"rendered":"<p>JAKOV MILAJ &#8211; ANTROPOLOGU I PARE SHQIPTAR. Nga: Avni Rrustem Mahmutaj Ka bere studimin RACA SHQIPTARE , Referuar antropologeve boteror . Jakov Milaj lindi n\u00eb Fier me 25 mars te vitit 1911. U shkollua n\u00eb Gjimnazin e Shkodr\u00ebs, ku e mbaroi at\u00eb n\u00eb fund, si nj\u00eb nga student\u00ebt m\u00eb t\u00eb mir\u00eb n\u00eb vitin 1931. Kur [&hellip;]<\/p>\n","protected":false},"author":9,"featured_media":25223,"comment_status":"open","ping_status":"open","sticky":false,"template":"","format":"standard","meta":{"jetpack_post_was_ever_published":false,"_jetpack_newsletter_access":"","_jetpack_dont_email_post_to_subs":false,"_jetpack_newsletter_tier_id":0,"_jetpack_memberships_contains_paywalled_content":false,"_jetpack_memberships_contains_paid_content":false,"footnotes":"","jetpack_publicize_message":"","jetpack_publicize_feature_enabled":true,"jetpack_social_post_already_shared":true,"jetpack_social_options":{"image_generator_settings":{"template":"highway","default_image_id":0,"font":"","enabled":false},"version":2}},"categories":[85,10,86],"tags":[],"class_list":["post-25222","post","type-post","status-publish","format-standard","has-post-thumbnail","hentry","category-histori","category-kultura","category-trashegimi-kulturore"],"jetpack_publicize_connections":[],"jetpack_featured_media_url":"https:\/\/i0.wp.com\/www.shqiperia.com\/blog\/wp-content\/uploads\/2019\/08\/Jakov-Mlaj.jpg?fit=638%2C433&ssl=1","jetpack_sharing_enabled":true,"jetpack_shortlink":"https:\/\/wp.me\/p5Z6wp-6yO","jetpack-related-posts":[{"id":2097,"url":"https:\/\/www.shqiperia.com\/blog\/aleksander-dhima-antropologjia-etnike-e-shqiptareve-dhe-debati-jakov-milajt\/","url_meta":{"origin":25222,"position":0},"title":"Aleksand\u00ebr Dhima: Antropologjia etnike e shqiptar\u00ebve dhe debati i Jakov Milajt","author":"Kurt Farka","date":"January 28, 2018","format":false,"excerpt":"Ndryshe nga deg\u00ebt e tjera zbatuese t\u00eb shkencave humane, Antropologjia etnike ka njohur historikisht ulje-ngritje, si pasoj\u00eb e nd\u00ebrhyrjes s\u00eb ideologjive t\u00eb koh\u00ebs. Megjithat\u00eb, n\u00eb dhjet\u00ebvje\u00e7ar\u00ebt e fundit vihet re nj\u00eb rritje e interesit p\u00ebr k\u00ebt\u00eb fush\u00eb, p\u00ebr shkak t\u00eb theksimit t\u00eb identiteteve etno-nacionale n\u00eb kushtet e reja t\u00eb globalizmit.\u2026","rel":"","context":"In &quot;Histori&quot;","block_context":{"text":"Histori","link":"https:\/\/www.shqiperia.com\/blog\/category\/histori\/"},"img":{"alt_text":"","src":"https:\/\/i0.wp.com\/www.shqiperia.com\/blog\/wp-content\/uploads\/2018\/01\/unnamed-11.jpg?fit=626%2C904&ssl=1&resize=350%2C200","width":350,"height":200,"srcset":"https:\/\/i0.wp.com\/www.shqiperia.com\/blog\/wp-content\/uploads\/2018\/01\/unnamed-11.jpg?fit=626%2C904&ssl=1&resize=350%2C200 1x, https:\/\/i0.wp.com\/www.shqiperia.com\/blog\/wp-content\/uploads\/2018\/01\/unnamed-11.jpg?fit=626%2C904&ssl=1&resize=525%2C300 1.5x"},"classes":[]},{"id":17923,"url":"https:\/\/www.shqiperia.com\/blog\/ndahet-nga-jeta-publicisti-arben-xoxa\/","url_meta":{"origin":25222,"position":1},"title":"Ndahet nga jeta publicisti Arben Xoxa.","author":"Kurt Farka","date":"February 24, 2019","format":false,"excerpt":"Ndahet nga jeta publicisti Arben Xoxa. 14:37 24-02- Ndahet nga jeta n\u00eb mosh\u00ebn 67-vje\u00e7are publicisti Arben Xoxa. Arben Xoxa lindi n\u00eb Tiran\u00eb m\u00eb 1 maj 1952, djali i Dhurata dhe Jakov Xoxa. Studioi gjuh\u00eb-let\u00ebrsi dhe u specializua si kritik arti, gjithmon\u00eb me rezultate t\u00eb shk\u00eblqyera. M\u00eb pas punoi p\u00ebr shum\u00eb\u2026","rel":"","context":"In &quot;Njoftime Shtypi&quot;","block_context":{"text":"Njoftime Shtypi","link":"https:\/\/www.shqiperia.com\/blog\/category\/njoftime-shtypi\/"},"img":{"alt_text":"","src":"https:\/\/i0.wp.com\/www.shqiperia.com\/blog\/wp-content\/uploads\/2019\/02\/Arben-Xoxa.jpg?fit=694%2C368&ssl=1&resize=350%2C200","width":350,"height":200,"srcset":"https:\/\/i0.wp.com\/www.shqiperia.com\/blog\/wp-content\/uploads\/2019\/02\/Arben-Xoxa.jpg?fit=694%2C368&ssl=1&resize=350%2C200 1x, https:\/\/i0.wp.com\/www.shqiperia.com\/blog\/wp-content\/uploads\/2019\/02\/Arben-Xoxa.jpg?fit=694%2C368&ssl=1&resize=525%2C300 1.5x"},"classes":[]},{"id":2594,"url":"https:\/\/www.shqiperia.com\/blog\/frang-bardhi-apologjia-kunder-falsifikimit-te-origjines-shqiptare-te-skenderbeut\/","url_meta":{"origin":25222,"position":2},"title":"Frang Bardhi: Apologjia kund\u00ebr falsifikimit t\u00eb origjin\u00ebs shqiptare t\u00eb Sk\u00ebnderbeut, &#8211;","author":"Kurt Farka","date":"February 6, 2018","format":false,"excerpt":"\u00a0 \u00a0 Nga: Moikom Zeqo Dijetari m\u00eb i madh shqiptar i shekullit XVII \u00ebsht\u00eb padyshim Frang Bardhi. Mbas Marin Barletit ai \u00ebsht\u00eb p\u00ebrfaq\u00ebsuesi i dyt\u00eb i madh i humanizmit shqiptar. Lindi n\u00eb Kallmet t\u00eb Zadrim\u00ebs, pran\u00eb qytetit t\u00eb Lezh\u00ebs, ku si\u00e7 dihet m\u00eb 1444 Gjergj Kastriot Sk\u00ebnderbeu b\u00ebri Kuvendin e\u2026","rel":"","context":"In &quot;Histori&quot;","block_context":{"text":"Histori","link":"https:\/\/www.shqiperia.com\/blog\/category\/histori\/"},"img":{"alt_text":"","src":"https:\/\/i0.wp.com\/www.shqiperia.com\/blog\/wp-content\/uploads\/2018\/02\/Frang_Bardhi_1993_Albania_stamp.jpg?resize=350%2C200","width":350,"height":200},"classes":[]},{"id":1790,"url":"https:\/\/www.shqiperia.com\/blog\/kuvendi-troshanit-ku-u-shkollua-e-sherbeu-fishta-behet-monument-kulture\/","url_meta":{"origin":25222,"position":3},"title":"Kuvendi i Troshanit, ku u shkollua e sh\u00ebrbeu Fishta, b\u00ebhet monument kulture","author":"Kurt Farka","date":"January 23, 2018","format":false,"excerpt":"Kuvendi Fran\u00e7eskan i Troshanit - Gjurm\u00ebt e para gjenden n\u00eb vitin 1639 me nj\u00eb kish\u00eb dhe nj\u00eb sht\u00ebpi t\u00eb t\u00eb varf\u00ebrve, nd\u00ebrsa n\u00eb 1857 nd\u00ebrtohet edhe Kuvendi Fran\u00e7eskan. Me 14 prill 1882 pran\u00eb k\u00ebsaj kishe u hap kolegji, shkolla e par\u00eb e k\u00ebtij lloji n\u00eb Shqip\u00ebri, i cili pas 5\u2026","rel":"","context":"In &quot;Trashegimi Kulturore&quot;","block_context":{"text":"Trashegimi Kulturore","link":"https:\/\/www.shqiperia.com\/blog\/category\/trashegimi-kulturore\/"},"img":{"alt_text":"","src":"https:\/\/i0.wp.com\/www.shqiperia.com\/blog\/wp-content\/uploads\/2018\/01\/FB_IMG_1493477432630.jpg?fit=978%2C638&ssl=1&resize=350%2C200","width":350,"height":200,"srcset":"https:\/\/i0.wp.com\/www.shqiperia.com\/blog\/wp-content\/uploads\/2018\/01\/FB_IMG_1493477432630.jpg?fit=978%2C638&ssl=1&resize=350%2C200 1x, https:\/\/i0.wp.com\/www.shqiperia.com\/blog\/wp-content\/uploads\/2018\/01\/FB_IMG_1493477432630.jpg?fit=978%2C638&ssl=1&resize=525%2C300 1.5x, https:\/\/i0.wp.com\/www.shqiperia.com\/blog\/wp-content\/uploads\/2018\/01\/FB_IMG_1493477432630.jpg?fit=978%2C638&ssl=1&resize=700%2C400 2x"},"classes":[]},{"id":527,"url":"https:\/\/www.shqiperia.com\/blog\/flet-antropologu-nderkombetar-gjate-luftes-ne-kosove-serbet-ua-kane-nxjerre-organet-qindra-shqiptareve\/","url_meta":{"origin":25222,"position":4},"title":"Flet antropologu nd\u00ebrkomb\u00ebtar: Gjat\u00eb luft\u00ebs n\u00eb Kosov\u00eb, serb\u00ebt ua kan\u00eb nxjerr\u00eb organet qindra shqiptar\u00ebve","author":"Kurt Farka","date":"January 6, 2018","format":false,"excerpt":"Dr.Mark Skinner N\u00eb raportin e Komisionit Nd\u00ebrkomb\u00ebtar p\u00ebr Persona t\u00eb Zhdukur, thuhet se gjat\u00eb luft\u00ebs n\u00eb Kosov\u00eb, n\u00eb mesin e viktimave civile, t\u00eb cilat\u00a0 jan\u00eb gjetur n\u00eb varrezat e masive n\u00eb Serbi, jan\u00eb ngritur dyshime serioze p\u00ebr heqjen e organeve t\u00eb civil\u00ebve shqiptar\u00eb, q\u00eb ishin marr\u00eb peng nga forcat serbe\u2026","rel":"","context":"In &quot;Njoftime Shtypi&quot;","block_context":{"text":"Njoftime Shtypi","link":"https:\/\/www.shqiperia.com\/blog\/category\/njoftime-shtypi\/"},"img":{"alt_text":"","src":"https:\/\/i0.wp.com\/www.shqiperia.com\/blog\/wp-content\/uploads\/2018\/01\/skinner.jpg?fit=400%2C260&ssl=1&resize=350%2C200","width":350,"height":200},"classes":[]},{"id":88904,"url":"https:\/\/www.shqiperia.com\/blog\/permbyten-pas-cdo-shiu-si-u-harrua-karpeni-i-100-fshatrave\/","url_meta":{"origin":25222,"position":5},"title":"P\u00ebrmbyten pas \u00e7do shiu, si u harrua Karpeni i \u2018100 Fshatrave\u2019","author":"Kurt Farka","date":"February 2, 2025","format":false,"excerpt":"2 Shkurt 2025 Referuar projektit t\u00eb 100 fshatrave nd\u00ebrhyrja n\u00eb Karpen do t\u00eb ishte shum\u00eb-dimensionale. Ajo do t\u00eb fokusohej n\u00eb infrastruktur\u00ebn e domosdoshme, q\u00eb p\u00ebrfshin kanalizime, uj\u00eb dhe drita. Gjithashtu parashikonte ta kthente n\u00eb nj\u00eb treg t\u00eb madh artizanal dhe t\u00eb produkteve bujq\u00ebsore rrug\u00ebn e braktisur t\u00eb fshatit. Kjo ishte\u2026","rel":"","context":"In &quot;Blogu i Udh\u00ebtarit&quot;","block_context":{"text":"Blogu i Udh\u00ebtarit","link":"https:\/\/www.shqiperia.com\/blog\/category\/blogu-i-udhetarit\/"},"img":{"alt_text":"","src":"https:\/\/i0.wp.com\/www.shqiperia.com\/blog\/wp-content\/uploads\/2025\/02\/66666_sd.jpg?fit=1200%2C675&ssl=1&resize=350%2C200","width":350,"height":200,"srcset":"https:\/\/i0.wp.com\/www.shqiperia.com\/blog\/wp-content\/uploads\/2025\/02\/66666_sd.jpg?fit=1200%2C675&ssl=1&resize=350%2C200 1x, https:\/\/i0.wp.com\/www.shqiperia.com\/blog\/wp-content\/uploads\/2025\/02\/66666_sd.jpg?fit=1200%2C675&ssl=1&resize=525%2C300 1.5x, https:\/\/i0.wp.com\/www.shqiperia.com\/blog\/wp-content\/uploads\/2025\/02\/66666_sd.jpg?fit=1200%2C675&ssl=1&resize=700%2C400 2x, https:\/\/i0.wp.com\/www.shqiperia.com\/blog\/wp-content\/uploads\/2025\/02\/66666_sd.jpg?fit=1200%2C675&ssl=1&resize=1050%2C600 3x"},"classes":[]}],"_links":{"self":[{"href":"https:\/\/www.shqiperia.com\/blog\/wp-json\/wp\/v2\/posts\/25222","targetHints":{"allow":["GET"]}}],"collection":[{"href":"https:\/\/www.shqiperia.com\/blog\/wp-json\/wp\/v2\/posts"}],"about":[{"href":"https:\/\/www.shqiperia.com\/blog\/wp-json\/wp\/v2\/types\/post"}],"author":[{"embeddable":true,"href":"https:\/\/www.shqiperia.com\/blog\/wp-json\/wp\/v2\/users\/9"}],"replies":[{"embeddable":true,"href":"https:\/\/www.shqiperia.com\/blog\/wp-json\/wp\/v2\/comments?post=25222"}],"version-history":[{"count":2,"href":"https:\/\/www.shqiperia.com\/blog\/wp-json\/wp\/v2\/posts\/25222\/revisions"}],"predecessor-version":[{"id":25229,"href":"https:\/\/www.shqiperia.com\/blog\/wp-json\/wp\/v2\/posts\/25222\/revisions\/25229"}],"wp:featuredmedia":[{"embeddable":true,"href":"https:\/\/www.shqiperia.com\/blog\/wp-json\/wp\/v2\/media\/25223"}],"wp:attachment":[{"href":"https:\/\/www.shqiperia.com\/blog\/wp-json\/wp\/v2\/media?parent=25222"}],"wp:term":[{"taxonomy":"category","embeddable":true,"href":"https:\/\/www.shqiperia.com\/blog\/wp-json\/wp\/v2\/categories?post=25222"},{"taxonomy":"post_tag","embeddable":true,"href":"https:\/\/www.shqiperia.com\/blog\/wp-json\/wp\/v2\/tags?post=25222"}],"curies":[{"name":"wp","href":"https:\/\/api.w.org\/{rel}","templated":true}]}}