{"id":25193,"date":"2019-08-27T16:33:06","date_gmt":"2019-08-27T16:33:06","guid":{"rendered":"https:\/\/www.shqiperia.com\/blog\/?p=25193"},"modified":"2019-08-27T16:38:52","modified_gmt":"2019-08-27T16:38:52","slug":"libri-i-ri-naun-kule-djepi-dhe-vatra-e-fisit-vellazerise-kule","status":"publish","type":"post","link":"https:\/\/www.shqiperia.com\/blog\/libri-i-ri-naun-kule-djepi-dhe-vatra-e-fisit-vellazerise-kule\/","title":{"rendered":"Libri I RI:\u00a0\u00a0 Naun Kule.- Djepi dhe vatra e\u00a0 Fisit (Vellazerise) Kule."},"content":{"rendered":"<p><img data-recalc-dims=\"1\" loading=\"lazy\" decoding=\"async\" data-attachment-id=\"25194\" data-permalink=\"https:\/\/www.shqiperia.com\/blog\/libri-i-ri-naun-kule-djepi-dhe-vatra-e-fisit-vellazerise-kule\/68916231_1430596303759467_4870308741171380224_n\/\" data-orig-file=\"https:\/\/i0.wp.com\/www.shqiperia.com\/blog\/wp-content\/uploads\/2019\/08\/68916231_1430596303759467_4870308741171380224_n.jpg?fit=663%2C411&amp;ssl=1\" data-orig-size=\"663,411\" data-comments-opened=\"1\" data-image-meta=\"{&quot;aperture&quot;:&quot;0&quot;,&quot;credit&quot;:&quot;&quot;,&quot;camera&quot;:&quot;&quot;,&quot;caption&quot;:&quot;&quot;,&quot;created_timestamp&quot;:&quot;0&quot;,&quot;copyright&quot;:&quot;&quot;,&quot;focal_length&quot;:&quot;0&quot;,&quot;iso&quot;:&quot;0&quot;,&quot;shutter_speed&quot;:&quot;0&quot;,&quot;title&quot;:&quot;&quot;,&quot;orientation&quot;:&quot;0&quot;}\" data-image-title=\"68916231_1430596303759467_4870308741171380224_n\" data-image-description=\"\" data-image-caption=\"\" data-medium-file=\"https:\/\/i0.wp.com\/www.shqiperia.com\/blog\/wp-content\/uploads\/2019\/08\/68916231_1430596303759467_4870308741171380224_n.jpg?fit=300%2C186&amp;ssl=1\" data-large-file=\"https:\/\/i0.wp.com\/www.shqiperia.com\/blog\/wp-content\/uploads\/2019\/08\/68916231_1430596303759467_4870308741171380224_n.jpg?fit=663%2C411&amp;ssl=1\" class=\"alignnone wp-image-25194\" alt=\"\" src=\"https:\/\/i0.wp.com\/www.shqiperia.com\/blog\/wp-content\/uploads\/2019\/08\/68916231_1430596303759467_4870308741171380224_n.jpg?resize=523%2C324&#038;ssl=1\" width=\"523\" height=\"324\" srcset=\"https:\/\/i0.wp.com\/www.shqiperia.com\/blog\/wp-content\/uploads\/2019\/08\/68916231_1430596303759467_4870308741171380224_n.jpg?resize=300%2C186&amp;ssl=1 300w, https:\/\/i0.wp.com\/www.shqiperia.com\/blog\/wp-content\/uploads\/2019\/08\/68916231_1430596303759467_4870308741171380224_n.jpg?resize=450%2C279&amp;ssl=1 450w, https:\/\/i0.wp.com\/www.shqiperia.com\/blog\/wp-content\/uploads\/2019\/08\/68916231_1430596303759467_4870308741171380224_n.jpg?resize=600%2C372&amp;ssl=1 600w, https:\/\/i0.wp.com\/www.shqiperia.com\/blog\/wp-content\/uploads\/2019\/08\/68916231_1430596303759467_4870308741171380224_n.jpg?resize=400%2C248&amp;ssl=1 400w, https:\/\/i0.wp.com\/www.shqiperia.com\/blog\/wp-content\/uploads\/2019\/08\/68916231_1430596303759467_4870308741171380224_n.jpg?w=663&amp;ssl=1 663w\" sizes=\"auto, (max-width: 523px) 100vw, 523px\" \/><\/p>\n<p>Libri I RI:\u00a0\u00a0 Naun Kule.- Djepi dhe vatra e\u00a0 Fisit (Vellazerise) Kule.<\/p>\n<p>Libri i ri i Naun Kules eshte nje pasqyrim i shoqerise shqiptare qe ne keto vite po shpalos vlerat e familjeve shqiptare. Botime te tilla jane si testamentet e identitetit dhe zhvillimit tone shoqeror.<\/p>\n<p>Ja cfare shkruan vere autori per monografine e tij te publikuar ditet e fundit:<\/p>\n<p>Te nderuar miq,,<\/p>\n<p>Po percjell per tek lexuesit librin tim te ri me titullin &#8220;Djepi dhe vatra e fisit Kule&#8221;<br \/>\n. Si\u00e7 e thote titulli eshte nje biografi fisnore, gjenealogjia 300 vje\u00e7are e fisit tim e dokumentuar deri ne shtate breza, i organizuar deri ne 176 familje dhe i shperndare -si gjithe shqiptaret- ne Europe e Amerike.<br \/>\nVarret e stergjysherve te fisit Kule jane ne fshatin Sinje-Berat, te zbritur ne Myzeqe dhe jo vetem, pas viteve 1800.<\/p>\n<div id=\"attachment_25199\" style=\"width: 524px\" class=\"wp-caption alignnone\"><img data-recalc-dims=\"1\" loading=\"lazy\" decoding=\"async\" aria-describedby=\"caption-attachment-25199\" data-attachment-id=\"25199\" data-permalink=\"https:\/\/www.shqiperia.com\/blog\/libri-i-ri-naun-kule-djepi-dhe-vatra-e-fisit-vellazerise-kule\/naun-kule-2\/\" data-orig-file=\"https:\/\/i0.wp.com\/www.shqiperia.com\/blog\/wp-content\/uploads\/2019\/08\/Naun-Kule-1.jpg?fit=367%2C369&amp;ssl=1\" data-orig-size=\"367,369\" data-comments-opened=\"1\" data-image-meta=\"{&quot;aperture&quot;:&quot;0&quot;,&quot;credit&quot;:&quot;&quot;,&quot;camera&quot;:&quot;&quot;,&quot;caption&quot;:&quot;&quot;,&quot;created_timestamp&quot;:&quot;0&quot;,&quot;copyright&quot;:&quot;&quot;,&quot;focal_length&quot;:&quot;0&quot;,&quot;iso&quot;:&quot;0&quot;,&quot;shutter_speed&quot;:&quot;0&quot;,&quot;title&quot;:&quot;&quot;,&quot;orientation&quot;:&quot;0&quot;}\" data-image-title=\"Naun Kule\" data-image-description=\"\" data-image-caption=\"&lt;p&gt;Naun Kule&lt;\/p&gt;\n\" data-medium-file=\"https:\/\/i0.wp.com\/www.shqiperia.com\/blog\/wp-content\/uploads\/2019\/08\/Naun-Kule-1.jpg?fit=298%2C300&amp;ssl=1\" data-large-file=\"https:\/\/i0.wp.com\/www.shqiperia.com\/blog\/wp-content\/uploads\/2019\/08\/Naun-Kule-1.jpg?fit=367%2C369&amp;ssl=1\" class=\" wp-image-25199\" alt=\"\" src=\"https:\/\/i0.wp.com\/www.shqiperia.com\/blog\/wp-content\/uploads\/2019\/08\/Naun-Kule-1.jpg?resize=514%2C517&#038;ssl=1\" width=\"514\" height=\"517\" srcset=\"https:\/\/i0.wp.com\/www.shqiperia.com\/blog\/wp-content\/uploads\/2019\/08\/Naun-Kule-1.jpg?resize=298%2C300&amp;ssl=1 298w, https:\/\/i0.wp.com\/www.shqiperia.com\/blog\/wp-content\/uploads\/2019\/08\/Naun-Kule-1.jpg?resize=150%2C150&amp;ssl=1 150w, https:\/\/i0.wp.com\/www.shqiperia.com\/blog\/wp-content\/uploads\/2019\/08\/Naun-Kule-1.jpg?resize=65%2C65&amp;ssl=1 65w, https:\/\/i0.wp.com\/www.shqiperia.com\/blog\/wp-content\/uploads\/2019\/08\/Naun-Kule-1.jpg?resize=50%2C50&amp;ssl=1 50w, https:\/\/i0.wp.com\/www.shqiperia.com\/blog\/wp-content\/uploads\/2019\/08\/Naun-Kule-1.jpg?w=367&amp;ssl=1 367w\" sizes=\"auto, (max-width: 514px) 100vw, 514px\" \/><p id=\"caption-attachment-25199\" class=\"wp-caption-text\">Naun Kule<\/p><\/div>\n<p>Ne shoqerine e sotme te zhberjes globale, rrafshimi kufijeve, i identitetit kombetar dhe gjenetik ecen aq shpejte sa nje mik me thoshte &#8220;Do na martohen kushurinjte dhe do ta marrin vesh kur t&#8217;u dalin femijte budallenje&#8230;&#8221;<br \/>\nFisi im nuk ka heronj, kombetar apo lokale, as gjenerale. as ministra apo deputete. Por nuk ka as kriminele, as tradhetare, as mercenare te rreshtuar me forca antishqiptare. Si \u00e7do fis ai eshte nje pjesez e historise popullit dhe vendit tim.<\/p>\n<div id=\"attachment_25197\" style=\"width: 561px\" class=\"wp-caption alignnone\"><img data-recalc-dims=\"1\" loading=\"lazy\" decoding=\"async\" aria-describedby=\"caption-attachment-25197\" data-attachment-id=\"25197\" data-permalink=\"https:\/\/www.shqiperia.com\/blog\/libri-i-ri-naun-kule-djepi-dhe-vatra-e-fisit-vellazerise-kule\/naun-kule-djepi-dhe-vatra-e-fisit-vellazerise-kule\/\" data-orig-file=\"https:\/\/i0.wp.com\/www.shqiperia.com\/blog\/wp-content\/uploads\/2019\/08\/Naun-Kule.-Djepi-dhe-vatra-e-Fisit-Vellazerise-Kule..jpg?fit=663%2C960&amp;ssl=1\" data-orig-size=\"663,960\" data-comments-opened=\"1\" data-image-meta=\"{&quot;aperture&quot;:&quot;0&quot;,&quot;credit&quot;:&quot;&quot;,&quot;camera&quot;:&quot;&quot;,&quot;caption&quot;:&quot;&quot;,&quot;created_timestamp&quot;:&quot;0&quot;,&quot;copyright&quot;:&quot;&quot;,&quot;focal_length&quot;:&quot;0&quot;,&quot;iso&quot;:&quot;0&quot;,&quot;shutter_speed&quot;:&quot;0&quot;,&quot;title&quot;:&quot;&quot;,&quot;orientation&quot;:&quot;0&quot;}\" data-image-title=\"Naun Kule.- Djepi dhe vatra e\u00a0 Fisit (Vellazerise) Kule.\" data-image-description=\"\" data-image-caption=\"&lt;p&gt;Naun Kule.- Djepi dhe vatra e\u00a0 Fisit (Vellazerise) Kule.&lt;\/p&gt;\n\" data-medium-file=\"https:\/\/i0.wp.com\/www.shqiperia.com\/blog\/wp-content\/uploads\/2019\/08\/Naun-Kule.-Djepi-dhe-vatra-e-Fisit-Vellazerise-Kule..jpg?fit=207%2C300&amp;ssl=1\" data-large-file=\"https:\/\/i0.wp.com\/www.shqiperia.com\/blog\/wp-content\/uploads\/2019\/08\/Naun-Kule.-Djepi-dhe-vatra-e-Fisit-Vellazerise-Kule..jpg?fit=663%2C960&amp;ssl=1\" class=\" wp-image-25197\" alt=\"\" src=\"https:\/\/i0.wp.com\/www.shqiperia.com\/blog\/wp-content\/uploads\/2019\/08\/Naun-Kule.-Djepi-dhe-vatra-e-Fisit-Vellazerise-Kule..jpg?resize=551%2C799&#038;ssl=1\" width=\"551\" height=\"799\" srcset=\"https:\/\/i0.wp.com\/www.shqiperia.com\/blog\/wp-content\/uploads\/2019\/08\/Naun-Kule.-Djepi-dhe-vatra-e-Fisit-Vellazerise-Kule..jpg?resize=207%2C300&amp;ssl=1 207w, https:\/\/i0.wp.com\/www.shqiperia.com\/blog\/wp-content\/uploads\/2019\/08\/Naun-Kule.-Djepi-dhe-vatra-e-Fisit-Vellazerise-Kule..jpg?resize=450%2C652&amp;ssl=1 450w, https:\/\/i0.wp.com\/www.shqiperia.com\/blog\/wp-content\/uploads\/2019\/08\/Naun-Kule.-Djepi-dhe-vatra-e-Fisit-Vellazerise-Kule..jpg?resize=600%2C869&amp;ssl=1 600w, https:\/\/i0.wp.com\/www.shqiperia.com\/blog\/wp-content\/uploads\/2019\/08\/Naun-Kule.-Djepi-dhe-vatra-e-Fisit-Vellazerise-Kule..jpg?resize=400%2C579&amp;ssl=1 400w, https:\/\/i0.wp.com\/www.shqiperia.com\/blog\/wp-content\/uploads\/2019\/08\/Naun-Kule.-Djepi-dhe-vatra-e-Fisit-Vellazerise-Kule..jpg?w=663&amp;ssl=1 663w\" sizes=\"auto, (max-width: 551px) 100vw, 551px\" \/><p id=\"caption-attachment-25197\" class=\"wp-caption-text\">Naun Kule.- Djepi dhe vatra e\u00a0 Fisit\u00a0 Kule.<\/p><\/div>\n<p>Libri ka rreth 300 faqe dhe mbi 200 fotografi ku shihen fytyrat e stergjysheve te te gjithe brezave, deri tek nipat dhe mbesat tona sot. Per lehtesi shperndarjeje libri gjendet edhe tek familjaret e mi ne Libofshe. Lexim te mbare!<\/p>\n","protected":false},"excerpt":{"rendered":"<p>Libri I RI:\u00a0\u00a0 Naun Kule.- Djepi dhe vatra e\u00a0 Fisit (Vellazerise) Kule. Libri i ri i Naun Kules eshte nje pasqyrim i shoqerise shqiptare qe ne keto vite po shpalos vlerat e familjeve shqiptare. Botime te tilla jane si testamentet e identitetit dhe zhvillimit tone shoqeror. Ja cfare shkruan vere autori per monografine e tij [&hellip;]<\/p>\n","protected":false},"author":9,"featured_media":25194,"comment_status":"open","ping_status":"open","sticky":false,"template":"","format":"standard","meta":{"jetpack_post_was_ever_published":false,"_jetpack_newsletter_access":"","_jetpack_dont_email_post_to_subs":false,"_jetpack_newsletter_tier_id":0,"_jetpack_memberships_contains_paywalled_content":false,"_jetpack_memberships_contains_paid_content":false,"footnotes":"","jetpack_publicize_message":"","jetpack_publicize_feature_enabled":true,"jetpack_social_post_already_shared":true,"jetpack_social_options":{"image_generator_settings":{"template":"highway","default_image_id":0,"font":"","enabled":false},"version":2}},"categories":[27,10,35],"tags":[],"class_list":["post-25193","post","type-post","status-publish","format-standard","has-post-thumbnail","hentry","category-blogu-i-udhetarit","category-kultura","category-shoqerore"],"jetpack_publicize_connections":[],"jetpack_featured_media_url":"https:\/\/i0.wp.com\/www.shqiperia.com\/blog\/wp-content\/uploads\/2019\/08\/68916231_1430596303759467_4870308741171380224_n.jpg?fit=663%2C411&ssl=1","jetpack_sharing_enabled":true,"jetpack_shortlink":"https:\/\/wp.me\/p5Z6wp-6yl","jetpack-related-posts":[{"id":25046,"url":"https:\/\/www.shqiperia.com\/blog\/libri-shenjteri-te-vjedhura-nga-shen-kozmai-tek-janullatosi\/","url_meta":{"origin":25193,"position":0},"title":"Libri: -\u201cShenjt\u00ebri t\u00eb vjedhura\u201d, nga Sh\u00ebn Kozmai, tek Janullatosi\u2026","author":"Kurt Farka","date":"August 23, 2019","format":false,"excerpt":"Libri: -\u201cShenjt\u00ebri t\u00eb vjedhura\u201d, nga Sh\u00ebn Kozmai, tek Janullatosi\u2026 Flet Naun Kule, autor i librit \u201cShenjt\u00ebri t\u00eb vjedhura\u201d Pas nj\u00eb zhurme t\u00eb bujshme mediatike t\u00eb ver\u00ebs s\u00eb vitit 2014, mbi festimin nga Janullatosi t\u00eb 300-vjetorit t\u00eb lindjes s\u00eb sh\u00ebn Kozmait n\u00eb fshatin Kolkondas t\u00eb Fierit (vendvdekja), ky lib\u00ebr i studiuesit\u2026","rel":"","context":"In &quot;Kultura&quot;","block_context":{"text":"Kultura","link":"https:\/\/www.shqiperia.com\/blog\/category\/kultura\/"},"img":{"alt_text":"","src":"https:\/\/i0.wp.com\/www.shqiperia.com\/blog\/wp-content\/uploads\/2019\/08\/69077970_1364306660412599_8469034458073268224_n.jpg?fit=672%2C445&ssl=1&resize=350%2C200","width":350,"height":200,"srcset":"https:\/\/i0.wp.com\/www.shqiperia.com\/blog\/wp-content\/uploads\/2019\/08\/69077970_1364306660412599_8469034458073268224_n.jpg?fit=672%2C445&ssl=1&resize=350%2C200 1x, https:\/\/i0.wp.com\/www.shqiperia.com\/blog\/wp-content\/uploads\/2019\/08\/69077970_1364306660412599_8469034458073268224_n.jpg?fit=672%2C445&ssl=1&resize=525%2C300 1.5x"},"classes":[]},{"id":14752,"url":"https:\/\/www.shqiperia.com\/blog\/kanibalizem-apo-kapitalizem-ainshtaini-qe-eshte-personifikim-i-shkencetarit-boteror-nuk-merrte-me-shume-se-nje-rroge-dhori-kule-nga-leket-e-shqiptareve-11-rroga\/","url_meta":{"origin":25193,"position":1},"title":"Kanibalizem  apo Kapitalizem. \u2013  Ainshtaini, qe eshte personifikim i Shkencetarit Boteror nuk merrte me shume se nje rroge. Dhori Kule nga leket e shqiptareve 11 rroga.","author":"Kurt Farka","date":"December 13, 2018","format":false,"excerpt":"Kanibalizem\u00a0 apo Kapitalizem. \u2013 Ainshtaini, qe eshte personifikim i Shkencetarit Boteror nuk merrte me shume se nje rroge. Dhori Kule nga leket e shqiptareve 11 rroga. Studentet po na japin nje leksion per shoqerine ku jetojme. Ato e kane filluar mire, ne mbrojtje te dinjitetit te tyre. Kjo eshte largepamesi\u2026","rel":"","context":"In &quot;Blogu i Udh\u00ebtarit&quot;","block_context":{"text":"Blogu i Udh\u00ebtarit","link":"https:\/\/www.shqiperia.com\/blog\/category\/blogu-i-udhetarit\/"},"img":{"alt_text":"","src":"https:\/\/i0.wp.com\/www.shqiperia.com\/blog\/wp-content\/uploads\/2018\/12\/Desktop159-1024x576.jpg?fit=1024%2C484&ssl=1&resize=350%2C200","width":350,"height":200,"srcset":"https:\/\/i0.wp.com\/www.shqiperia.com\/blog\/wp-content\/uploads\/2018\/12\/Desktop159-1024x576.jpg?fit=1024%2C484&ssl=1&resize=350%2C200 1x, https:\/\/i0.wp.com\/www.shqiperia.com\/blog\/wp-content\/uploads\/2018\/12\/Desktop159-1024x576.jpg?fit=1024%2C484&ssl=1&resize=525%2C300 1.5x, https:\/\/i0.wp.com\/www.shqiperia.com\/blog\/wp-content\/uploads\/2018\/12\/Desktop159-1024x576.jpg?fit=1024%2C484&ssl=1&resize=700%2C400 2x"},"classes":[]},{"id":30459,"url":"https:\/\/www.shqiperia.com\/blog\/digjitalizohet-bota-e-fisit-maja\/","url_meta":{"origin":25193,"position":2},"title":"Digjitalizohet bota e fisit Maja","author":"Kurt Farka","date":"January 19, 2020","format":false,"excerpt":"Digjitalizohet bota e fisit Maja Gjiganti teknologjik \u201cGoogle\u201d ka bashk\u00ebpunuar me muzeun e Britanis\u00eb dhe Institutin Komb\u00ebtar\u00eb t\u00eb Meksik\u00ebs p\u00ebr Antropologji dhe Histori, me q\u00ebllim q\u00eb t\u00eb digjitalizoj\u00eb bot\u00ebn e lasht\u00eb t\u00eb fisit Maja. Projekti i ri i prezantuar n\u00eb zyrat e Google n\u00eb Meksiko Siti, \u00ebsht\u00eb pjes\u00eb e nj\u00eb\u2026","rel":"","context":"In &quot;Histori&quot;","block_context":{"text":"Histori","link":"https:\/\/www.shqiperia.com\/blog\/category\/histori\/"},"img":{"alt_text":"Dixhitalizohet Fisi MAJA","src":"https:\/\/i0.wp.com\/www.shqiperia.com\/blog\/wp-content\/uploads\/2020\/01\/auto_fisimaja1572175245.jpg?fit=900%2C433&ssl=1&resize=350%2C200","width":350,"height":200,"srcset":"https:\/\/i0.wp.com\/www.shqiperia.com\/blog\/wp-content\/uploads\/2020\/01\/auto_fisimaja1572175245.jpg?fit=900%2C433&ssl=1&resize=350%2C200 1x, https:\/\/i0.wp.com\/www.shqiperia.com\/blog\/wp-content\/uploads\/2020\/01\/auto_fisimaja1572175245.jpg?fit=900%2C433&ssl=1&resize=525%2C300 1.5x, https:\/\/i0.wp.com\/www.shqiperia.com\/blog\/wp-content\/uploads\/2020\/01\/auto_fisimaja1572175245.jpg?fit=900%2C433&ssl=1&resize=700%2C400 2x"},"classes":[]},{"id":48609,"url":"https:\/\/www.shqiperia.com\/blog\/muzeu-gjerman-riatdheson-kemishen-e-prijesit-te-fisit-lakota-dakota-e-jugut\/","url_meta":{"origin":25193,"position":3},"title":"Muzeu gjerman riatdheson k\u00ebmish\u00ebn e prij\u00ebsit t\u00eb fisit Lakota, Dakota e Jugut.","author":"Kurt Farka","date":"July 20, 2021","format":false,"excerpt":"Muzeu gjerman riatdheson k\u00ebmish\u00ebn e prij\u00ebsit t\u00eb fisit Lakota, Dakota e Jugut. Muzeu \u201cWeltkulturen\u201d n\u00eb Frankfurt ka b\u00ebr\u00eb t\u00eb ditur se k\u00ebmish\u00ebn prej l\u00ebkure t\u00eb prij\u00ebsit t\u00eb fisit Lakota, Daniel Hollow Horn Bear (Mato He Oklogeca), tashm\u00eb ia ka dor\u00ebzuar st\u00ebrnipit t\u00eb tij N\u00eb koh\u00ebn kur institucionet gjermane e kan\u00eb\u2026","rel":"","context":"In &quot;Histori&quot;","block_context":{"text":"Histori","link":"https:\/\/www.shqiperia.com\/blog\/category\/histori\/"},"img":{"alt_text":"","src":"https:\/\/i0.wp.com\/www.shqiperia.com\/blog\/wp-content\/uploads\/2021\/07\/Kemisha-e-prijesit-te-fisit-Lakota-Dakota-e-Jugut.jpeg?fit=900%2C395&ssl=1&resize=350%2C200","width":350,"height":200,"srcset":"https:\/\/i0.wp.com\/www.shqiperia.com\/blog\/wp-content\/uploads\/2021\/07\/Kemisha-e-prijesit-te-fisit-Lakota-Dakota-e-Jugut.jpeg?fit=900%2C395&ssl=1&resize=350%2C200 1x, https:\/\/i0.wp.com\/www.shqiperia.com\/blog\/wp-content\/uploads\/2021\/07\/Kemisha-e-prijesit-te-fisit-Lakota-Dakota-e-Jugut.jpeg?fit=900%2C395&ssl=1&resize=525%2C300 1.5x, https:\/\/i0.wp.com\/www.shqiperia.com\/blog\/wp-content\/uploads\/2021\/07\/Kemisha-e-prijesit-te-fisit-Lakota-Dakota-e-Jugut.jpeg?fit=900%2C395&ssl=1&resize=700%2C400 2x"},"classes":[]},{"id":60739,"url":"https:\/\/www.shqiperia.com\/blog\/dy-aktore-kthejne-shtepine-e-tyre-ne-teatrin-me-te-ri-te-tiranes\/","url_meta":{"origin":25193,"position":4},"title":"Dy aktor\u00eb kthejn\u00eb sht\u00ebpin\u00eb e tyre n\u00eb teatrin m\u00eb t\u00eb ri t\u00eb Tiran\u00ebs","author":"Kurt Farka","date":"August 6, 2022","format":false,"excerpt":"5 Gusht 2022 Krijuesit dhe artdash\u00ebsit tashm\u00eb kan\u00eb nj\u00eb shesh m\u00eb shum\u00eb p\u00ebr t\u00eb shijuar nj\u00eb vep\u00ebr artistike. Nj\u00eb teat\u00ebr dhom\u00eb brenda sht\u00ebpis\u00eb, q\u00eb mban emrin \u201cZonja e Bujtin\u00ebs\u201d, \u00ebsht\u00eb teatri m\u00eb i ri q\u00eb i \u00ebsht\u00eb shtuar kryeqytetit i cili nisi veprimtarin\u00eb me dy shfaqje t\u00eb shkruara nga Naun\u2026","rel":"","context":"In &quot;Arte&quot;","block_context":{"text":"Arte","link":"https:\/\/www.shqiperia.com\/blog\/category\/arte\/"},"img":{"alt_text":"","src":"https:\/\/i0.wp.com\/www.shqiperia.com\/blog\/wp-content\/uploads\/2022\/08\/dy-aktore-kthejne-shtepine-e-tyre-ne-teatrin-me-te-ri-te-Tiranes.jpg?fit=884%2C466&ssl=1&resize=350%2C200","width":350,"height":200,"srcset":"https:\/\/i0.wp.com\/www.shqiperia.com\/blog\/wp-content\/uploads\/2022\/08\/dy-aktore-kthejne-shtepine-e-tyre-ne-teatrin-me-te-ri-te-Tiranes.jpg?fit=884%2C466&ssl=1&resize=350%2C200 1x, https:\/\/i0.wp.com\/www.shqiperia.com\/blog\/wp-content\/uploads\/2022\/08\/dy-aktore-kthejne-shtepine-e-tyre-ne-teatrin-me-te-ri-te-Tiranes.jpg?fit=884%2C466&ssl=1&resize=525%2C300 1.5x, https:\/\/i0.wp.com\/www.shqiperia.com\/blog\/wp-content\/uploads\/2022\/08\/dy-aktore-kthejne-shtepine-e-tyre-ne-teatrin-me-te-ri-te-Tiranes.jpg?fit=884%2C466&ssl=1&resize=700%2C400 2x"},"classes":[]},{"id":76782,"url":"https:\/\/www.shqiperia.com\/blog\/forumi-per-mbrojtjen-e-kultures-akuza-qeverise-per-ceshtjen-butrinti-raportin-e-unesco-s-e-ka-richard-hodges-por-nuk-e-ka-gjykata-kushtetuese\/","url_meta":{"origin":25193,"position":5},"title":"Forumi p\u00ebr Mbrojtjen e Kultur\u00ebs akuza qeveris\u00eb p\u00ebr \u00e7\u00ebshtjen \u201cButrinti\u201d: &#8211; Raportin e UNESCO-s e ka Richard Hodges, por nuk e ka Gjykata Kushtetuese","author":"Kurt Farka","date":"December 28, 2023","format":false,"excerpt":"28 Dhjetor 2023 Forumi Komb\u00ebtar p\u00ebr Mbrojtjen e Kultur\u00ebs \u00ebsht\u00eb shprehur se raportin e misionit t\u00eb UNESCO-s p\u00ebr \u00e7\u00ebshtjen \"Butrinti\" e ka edhe studiuesi britanik, Richard Hodges por Gjykata Kushtetuese n\u00eb Shqip\u00ebri nuk e ka. P\u00ebrmes nj\u00eb reagimi n\u00eb rrjetin social \u2018Facebook\u2019, ky forum i ka drejtuar disa pyetje lidhur\u2026","rel":"","context":"In &quot;Blogu i Udh\u00ebtarit&quot;","block_context":{"text":"Blogu i Udh\u00ebtarit","link":"https:\/\/www.shqiperia.com\/blog\/category\/blogu-i-udhetarit\/"},"img":{"alt_text":"","src":"https:\/\/i0.wp.com\/www.shqiperia.com\/blog\/wp-content\/uploads\/2023\/12\/800-0-658d74ecd4be8.jpg?fit=800%2C489&ssl=1&resize=350%2C200","width":350,"height":200,"srcset":"https:\/\/i0.wp.com\/www.shqiperia.com\/blog\/wp-content\/uploads\/2023\/12\/800-0-658d74ecd4be8.jpg?fit=800%2C489&ssl=1&resize=350%2C200 1x, https:\/\/i0.wp.com\/www.shqiperia.com\/blog\/wp-content\/uploads\/2023\/12\/800-0-658d74ecd4be8.jpg?fit=800%2C489&ssl=1&resize=525%2C300 1.5x, https:\/\/i0.wp.com\/www.shqiperia.com\/blog\/wp-content\/uploads\/2023\/12\/800-0-658d74ecd4be8.jpg?fit=800%2C489&ssl=1&resize=700%2C400 2x"},"classes":[]}],"_links":{"self":[{"href":"https:\/\/www.shqiperia.com\/blog\/wp-json\/wp\/v2\/posts\/25193","targetHints":{"allow":["GET"]}}],"collection":[{"href":"https:\/\/www.shqiperia.com\/blog\/wp-json\/wp\/v2\/posts"}],"about":[{"href":"https:\/\/www.shqiperia.com\/blog\/wp-json\/wp\/v2\/types\/post"}],"author":[{"embeddable":true,"href":"https:\/\/www.shqiperia.com\/blog\/wp-json\/wp\/v2\/users\/9"}],"replies":[{"embeddable":true,"href":"https:\/\/www.shqiperia.com\/blog\/wp-json\/wp\/v2\/comments?post=25193"}],"version-history":[{"count":3,"href":"https:\/\/www.shqiperia.com\/blog\/wp-json\/wp\/v2\/posts\/25193\/revisions"}],"predecessor-version":[{"id":25200,"href":"https:\/\/www.shqiperia.com\/blog\/wp-json\/wp\/v2\/posts\/25193\/revisions\/25200"}],"wp:featuredmedia":[{"embeddable":true,"href":"https:\/\/www.shqiperia.com\/blog\/wp-json\/wp\/v2\/media\/25194"}],"wp:attachment":[{"href":"https:\/\/www.shqiperia.com\/blog\/wp-json\/wp\/v2\/media?parent=25193"}],"wp:term":[{"taxonomy":"category","embeddable":true,"href":"https:\/\/www.shqiperia.com\/blog\/wp-json\/wp\/v2\/categories?post=25193"},{"taxonomy":"post_tag","embeddable":true,"href":"https:\/\/www.shqiperia.com\/blog\/wp-json\/wp\/v2\/tags?post=25193"}],"curies":[{"name":"wp","href":"https:\/\/api.w.org\/{rel}","templated":true}]}}