{"id":25188,"date":"2019-08-27T10:23:34","date_gmt":"2019-08-27T10:23:34","guid":{"rendered":"https:\/\/www.shqiperia.com\/blog\/?p=25188"},"modified":"2019-08-27T10:23:34","modified_gmt":"2019-08-27T10:23:34","slug":"tri-dite-pas-shembjes-se-hec-it-ne-holte-ka-nisur-ndertimi-i-tjetrit","status":"publish","type":"post","link":"https:\/\/www.shqiperia.com\/blog\/tri-dite-pas-shembjes-se-hec-it-ne-holte-ka-nisur-ndertimi-i-tjetrit\/","title":{"rendered":"Tri dit\u00eb pas shembjes s\u00eb HEC-it n\u00eb Holt\u00eb ka nisur nd\u00ebrtimi i tjetrit. &#8211;"},"content":{"rendered":"<p><img data-recalc-dims=\"1\" loading=\"lazy\" decoding=\"async\" data-attachment-id=\"25189\" data-permalink=\"https:\/\/www.shqiperia.com\/blog\/tri-dite-pas-shembjes-se-hec-it-ne-holte-ka-nisur-ndertimi-i-tjetrit\/69509320_1408139629341240_6648872445249847296_n-640x427-905x450\/\" data-orig-file=\"https:\/\/i0.wp.com\/www.shqiperia.com\/blog\/wp-content\/uploads\/2019\/08\/69509320_1408139629341240_6648872445249847296_n-640x427-905x450.jpg?fit=905%2C450&amp;ssl=1\" data-orig-size=\"905,450\" data-comments-opened=\"1\" data-image-meta=\"{&quot;aperture&quot;:&quot;0&quot;,&quot;credit&quot;:&quot;&quot;,&quot;camera&quot;:&quot;&quot;,&quot;caption&quot;:&quot;&quot;,&quot;created_timestamp&quot;:&quot;0&quot;,&quot;copyright&quot;:&quot;&quot;,&quot;focal_length&quot;:&quot;0&quot;,&quot;iso&quot;:&quot;0&quot;,&quot;shutter_speed&quot;:&quot;0&quot;,&quot;title&quot;:&quot;&quot;,&quot;orientation&quot;:&quot;0&quot;}\" data-image-title=\"69509320_1408139629341240_6648872445249847296_n-640&#215;427-905&#215;450\" data-image-description=\"\" data-image-caption=\"\" data-medium-file=\"https:\/\/i0.wp.com\/www.shqiperia.com\/blog\/wp-content\/uploads\/2019\/08\/69509320_1408139629341240_6648872445249847296_n-640x427-905x450.jpg?fit=300%2C149&amp;ssl=1\" data-large-file=\"https:\/\/i0.wp.com\/www.shqiperia.com\/blog\/wp-content\/uploads\/2019\/08\/69509320_1408139629341240_6648872445249847296_n-640x427-905x450.jpg?fit=905%2C450&amp;ssl=1\" class=\"alignnone  wp-image-25189\" alt=\"\" src=\"https:\/\/i0.wp.com\/www.shqiperia.com\/blog\/wp-content\/uploads\/2019\/08\/69509320_1408139629341240_6648872445249847296_n-640x427-905x450.jpg?resize=475%2C236&#038;ssl=1\" width=\"475\" height=\"236\" srcset=\"https:\/\/i0.wp.com\/www.shqiperia.com\/blog\/wp-content\/uploads\/2019\/08\/69509320_1408139629341240_6648872445249847296_n-640x427-905x450.jpg?resize=300%2C149&amp;ssl=1 300w, https:\/\/i0.wp.com\/www.shqiperia.com\/blog\/wp-content\/uploads\/2019\/08\/69509320_1408139629341240_6648872445249847296_n-640x427-905x450.jpg?resize=768%2C382&amp;ssl=1 768w, https:\/\/i0.wp.com\/www.shqiperia.com\/blog\/wp-content\/uploads\/2019\/08\/69509320_1408139629341240_6648872445249847296_n-640x427-905x450.jpg?resize=450%2C224&amp;ssl=1 450w, https:\/\/i0.wp.com\/www.shqiperia.com\/blog\/wp-content\/uploads\/2019\/08\/69509320_1408139629341240_6648872445249847296_n-640x427-905x450.jpg?resize=600%2C298&amp;ssl=1 600w, https:\/\/i0.wp.com\/www.shqiperia.com\/blog\/wp-content\/uploads\/2019\/08\/69509320_1408139629341240_6648872445249847296_n-640x427-905x450.jpg?resize=400%2C199&amp;ssl=1 400w, https:\/\/i0.wp.com\/www.shqiperia.com\/blog\/wp-content\/uploads\/2019\/08\/69509320_1408139629341240_6648872445249847296_n-640x427-905x450.jpg?resize=905%2C450&amp;ssl=1 905w\" sizes=\"auto, (max-width: 475px) 100vw, 475px\" \/><\/p>\n<p><strong>Tri dit\u00eb pas shembjes s\u00eb HEC-it n\u00eb Holt\u00eb ka nisur nd\u00ebrtimi i tjetrit. &#8211;<\/strong><\/p>\n<p>26 gusht 2019<\/p>\n<p>Por rreth 1 kilomet\u00ebr m\u00eb tej po nd\u00ebrtohet nj\u00eb HEC i dyt\u00eb, \u201cSTRORI\u201d.<\/p>\n<p>Kan\u00eb qen\u00eb banor\u00ebt e zon\u00ebs q\u00eb denoncojn\u00eb nd\u00ebrtimin q\u00eb po kryhet n\u00eb rrjedh\u00ebn e lumit.<\/p>\n<p>Firma\u00a0 private \u201cEra Hydro\u201d ka b\u00ebr\u00eb punime n\u00eb hyrje t\u00eb kanionit, ka g\u00ebrryer shtratin e lumit, ka marr\u00eb zhavorr, madje ka b\u00ebr\u00eb edhe nj\u00eb mur ngjitur me hyrjen e kanionit, duke e b\u00ebr\u00eb t\u00eb v\u00ebshtir\u00eb hyrjen n\u00eb Monumentin e Natyr\u00ebs.<\/p>\n<p>Tubacionet dy met\u00ebr t\u00eb gjer\u00eb dhe dy met\u00ebr t\u00eb lart\u00eb, ku do t\u00eb kaloj\u00eb uji i lumit jan\u00eb vendosur n\u00eb dalje t\u00eb kanionit.<\/p>\n<p><em>\u201cNa u premtua se nuk do t\u00eb nd\u00ebrtohet HEC tjet\u00ebr, por kjo pun\u00eb po vazhdon. Kjo zon\u00eb e gjitha do t\u00eb thahet n\u00ebse futet uji n\u00eb tuba\u201d,<\/em>\u00a0\u2013 shprehen banor\u00ebt.<\/p>\n<p>T\u00eb pyetur n\u00eb lidhje me nd\u00ebrtimin e nj\u00eb HEC-i t\u00eb dyt\u00eb, autoritetet vendore nuk pranojn\u00eb t\u00eb japin nj\u00eb p\u00ebrgjigje zyrtare.<\/p>\n<p><img data-recalc-dims=\"1\" loading=\"lazy\" decoding=\"async\" data-attachment-id=\"25189\" data-permalink=\"https:\/\/www.shqiperia.com\/blog\/tri-dite-pas-shembjes-se-hec-it-ne-holte-ka-nisur-ndertimi-i-tjetrit\/69509320_1408139629341240_6648872445249847296_n-640x427-905x450\/\" data-orig-file=\"https:\/\/i0.wp.com\/www.shqiperia.com\/blog\/wp-content\/uploads\/2019\/08\/69509320_1408139629341240_6648872445249847296_n-640x427-905x450.jpg?fit=905%2C450&amp;ssl=1\" data-orig-size=\"905,450\" data-comments-opened=\"1\" data-image-meta=\"{&quot;aperture&quot;:&quot;0&quot;,&quot;credit&quot;:&quot;&quot;,&quot;camera&quot;:&quot;&quot;,&quot;caption&quot;:&quot;&quot;,&quot;created_timestamp&quot;:&quot;0&quot;,&quot;copyright&quot;:&quot;&quot;,&quot;focal_length&quot;:&quot;0&quot;,&quot;iso&quot;:&quot;0&quot;,&quot;shutter_speed&quot;:&quot;0&quot;,&quot;title&quot;:&quot;&quot;,&quot;orientation&quot;:&quot;0&quot;}\" data-image-title=\"69509320_1408139629341240_6648872445249847296_n-640&#215;427-905&#215;450\" data-image-description=\"\" data-image-caption=\"\" data-medium-file=\"https:\/\/i0.wp.com\/www.shqiperia.com\/blog\/wp-content\/uploads\/2019\/08\/69509320_1408139629341240_6648872445249847296_n-640x427-905x450.jpg?fit=300%2C149&amp;ssl=1\" data-large-file=\"https:\/\/i0.wp.com\/www.shqiperia.com\/blog\/wp-content\/uploads\/2019\/08\/69509320_1408139629341240_6648872445249847296_n-640x427-905x450.jpg?fit=905%2C450&amp;ssl=1\" class=\"alignnone  wp-image-25189\" alt=\"\" src=\"https:\/\/i0.wp.com\/www.shqiperia.com\/blog\/wp-content\/uploads\/2019\/08\/69509320_1408139629341240_6648872445249847296_n-640x427-905x450.jpg?resize=805%2C400&#038;ssl=1\" width=\"805\" height=\"400\" srcset=\"https:\/\/i0.wp.com\/www.shqiperia.com\/blog\/wp-content\/uploads\/2019\/08\/69509320_1408139629341240_6648872445249847296_n-640x427-905x450.jpg?resize=300%2C149&amp;ssl=1 300w, https:\/\/i0.wp.com\/www.shqiperia.com\/blog\/wp-content\/uploads\/2019\/08\/69509320_1408139629341240_6648872445249847296_n-640x427-905x450.jpg?resize=768%2C382&amp;ssl=1 768w, https:\/\/i0.wp.com\/www.shqiperia.com\/blog\/wp-content\/uploads\/2019\/08\/69509320_1408139629341240_6648872445249847296_n-640x427-905x450.jpg?resize=450%2C224&amp;ssl=1 450w, https:\/\/i0.wp.com\/www.shqiperia.com\/blog\/wp-content\/uploads\/2019\/08\/69509320_1408139629341240_6648872445249847296_n-640x427-905x450.jpg?resize=600%2C298&amp;ssl=1 600w, https:\/\/i0.wp.com\/www.shqiperia.com\/blog\/wp-content\/uploads\/2019\/08\/69509320_1408139629341240_6648872445249847296_n-640x427-905x450.jpg?resize=400%2C199&amp;ssl=1 400w, https:\/\/i0.wp.com\/www.shqiperia.com\/blog\/wp-content\/uploads\/2019\/08\/69509320_1408139629341240_6648872445249847296_n-640x427-905x450.jpg?resize=905%2C450&amp;ssl=1 905w\" sizes=\"auto, (max-width: 805px) 100vw, 805px\" \/><\/p>\n<p><em>j.l.\/ dita<\/em><\/p>\n","protected":false},"excerpt":{"rendered":"<p>Tri dit\u00eb pas shembjes s\u00eb HEC-it n\u00eb Holt\u00eb ka nisur nd\u00ebrtimi i tjetrit. &#8211; 26 gusht 2019 Por rreth 1 kilomet\u00ebr m\u00eb tej po nd\u00ebrtohet nj\u00eb HEC i dyt\u00eb, \u201cSTRORI\u201d. Kan\u00eb qen\u00eb banor\u00ebt e zon\u00ebs q\u00eb denoncojn\u00eb nd\u00ebrtimin q\u00eb po kryhet n\u00eb rrjedh\u00ebn e lumit. Firma\u00a0 private \u201cEra Hydro\u201d ka b\u00ebr\u00eb punime n\u00eb hyrje t\u00eb [&hellip;]<\/p>\n","protected":false},"author":9,"featured_media":25189,"comment_status":"open","ping_status":"open","sticky":false,"template":"","format":"standard","meta":{"jetpack_post_was_ever_published":false,"_jetpack_newsletter_access":"","_jetpack_dont_email_post_to_subs":false,"_jetpack_newsletter_tier_id":0,"_jetpack_memberships_contains_paywalled_content":false,"_jetpack_memberships_contains_paid_content":false,"footnotes":"","jetpack_publicize_message":"","jetpack_publicize_feature_enabled":true,"jetpack_social_post_already_shared":true,"jetpack_social_options":{"image_generator_settings":{"template":"highway","default_image_id":0,"font":"","enabled":false},"version":2}},"categories":[27,1,35],"tags":[],"class_list":["post-25188","post","type-post","status-publish","format-standard","has-post-thumbnail","hentry","category-blogu-i-udhetarit","category-njoftime-shtypi","category-shoqerore"],"jetpack_publicize_connections":[],"jetpack_featured_media_url":"https:\/\/i0.wp.com\/www.shqiperia.com\/blog\/wp-content\/uploads\/2019\/08\/69509320_1408139629341240_6648872445249847296_n-640x427-905x450.jpg?fit=905%2C450&ssl=1","jetpack_sharing_enabled":true,"jetpack_shortlink":"https:\/\/wp.me\/p5Z6wp-6yg","jetpack-related-posts":[{"id":16727,"url":"https:\/\/www.shqiperia.com\/blog\/hec-i-ne-holte-flet-neritan-ceka-ta-zgjidh-pokuroria-ministri-klosi-nuk-eshte-i-sinqerte-po-mbron-dike-atje\/","url_meta":{"origin":25188,"position":0},"title":"HEC-i n\u00eb Holt\u00eb, flet Neritan Ceka: &#8211; Ta zgjidh POKURORIA. Ministri Klosi nuk \u00ebsht\u00eb i SINQERT\u00cb, po mbron dik\u00eb atje. &#8211;","author":"Kurt Farka","date":"January 29, 2019","format":false,"excerpt":"HEC-i n\u00eb Holt\u00eb, flet Neritan Ceka: - Ta zgjidh POKURORIA. Ministri Klosi nuk \u00ebsht\u00eb i SINQERT\u00cb, po mbron dik\u00eb atje. - 22:04 28- Ish-politikan dhe an\u00ebtari i Forumit t\u00eb Trashgimis\u00eb Kolturore, Neritan Ceka, ka th\u00ebn\u00eb mbr\u00ebmjen e sotme se \u00e7\u00ebshtjen p\u00ebr nd\u00ebrtimin e HEC-it n\u00eb kanionit e Holt\u00ebs duhet ta\u2026","rel":"","context":"In &quot;Kultura&quot;","block_context":{"text":"Kultura","link":"https:\/\/www.shqiperia.com\/blog\/category\/kultura\/"},"img":{"alt_text":"","src":"https:\/\/i0.wp.com\/www.shqiperia.com\/blog\/wp-content\/uploads\/2019\/01\/Neritan-Ceka.jpg?fit=700%2C364&ssl=1&resize=350%2C200","width":350,"height":200,"srcset":"https:\/\/i0.wp.com\/www.shqiperia.com\/blog\/wp-content\/uploads\/2019\/01\/Neritan-Ceka.jpg?fit=700%2C364&ssl=1&resize=350%2C200 1x, https:\/\/i0.wp.com\/www.shqiperia.com\/blog\/wp-content\/uploads\/2019\/01\/Neritan-Ceka.jpg?fit=700%2C364&ssl=1&resize=525%2C300 1.5x, https:\/\/i0.wp.com\/www.shqiperia.com\/blog\/wp-content\/uploads\/2019\/01\/Neritan-Ceka.jpg?fit=700%2C364&ssl=1&resize=700%2C400 2x"},"classes":[]},{"id":42703,"url":"https:\/\/www.shqiperia.com\/blog\/po-ndertohet-ne-zone-te-mbrojtur-banoret-i-vendosin-flaken-mjeteve-te-firmes-qe-po-nderton-hec-in\/","url_meta":{"origin":25188,"position":1},"title":"\u201cPo nd\u00ebrtohet n\u00eb zon\u00eb t\u00eb mbrojtur\u201d, banor\u00ebt i vendosin flak\u00ebn mjeteve t\u00eb firm\u00ebs q\u00eb po nd\u00ebrton HEC-in","author":"Kurt Farka","date":"January 7, 2021","format":false,"excerpt":"\u201cPo nd\u00ebrtohet n\u00eb zon\u00eb t\u00eb mbrojtur\u201d, banor\u00ebt i vendosin flak\u00ebn mjeteve t\u00eb firm\u00ebs q\u00eb po nd\u00ebrton HEC-in 7 janar 2020 Banor\u00ebt e Zall-Ho\u00e7aj n\u00eb shprehje t\u00eb indinjat\u00ebs s\u00eb tyre p\u00ebr mos lejimin e HEC-it n\u00eb zon\u00ebn e mbrojtur ku ata jetojn\u00eb i kan\u00eb vendosur flak\u00ebn mjeteve t\u00eb firm\u00ebs q\u00eb po\u2026","rel":"","context":"In &quot;Blogu i Udh\u00ebtarit&quot;","block_context":{"text":"Blogu i Udh\u00ebtarit","link":"https:\/\/www.shqiperia.com\/blog\/category\/blogu-i-udhetarit\/"},"img":{"alt_text":"","src":"https:\/\/i0.wp.com\/www.shqiperia.com\/blog\/wp-content\/uploads\/2021\/01\/zall-gjocaj.png?fit=626%2C348&ssl=1&resize=350%2C200","width":350,"height":200,"srcset":"https:\/\/i0.wp.com\/www.shqiperia.com\/blog\/wp-content\/uploads\/2021\/01\/zall-gjocaj.png?fit=626%2C348&ssl=1&resize=350%2C200 1x, https:\/\/i0.wp.com\/www.shqiperia.com\/blog\/wp-content\/uploads\/2021\/01\/zall-gjocaj.png?fit=626%2C348&ssl=1&resize=525%2C300 1.5x"},"classes":[]},{"id":46744,"url":"https:\/\/www.shqiperia.com\/blog\/lumi-vjosa-ne-parlamentin-europian-shoqatat-kerkese-per-mbrojten-e-lumit-te-fundit-te-eger-ne-rajon-te-shpallet-park-kombetar-nis-fushata-sensibilizuese-dhe\/","url_meta":{"origin":25188,"position":2},"title":"Lumi Vjosa n\u00eb Parlamentin Europian. &#8211; Shoqatat k\u00ebrkes\u00eb p\u00ebr mbrojten e lumit t\u00eb fundit t\u00eb \u201ceg\u00ebr\u201d n\u00eb rajon.  &#8211; \u201cT\u00eb shpallet Park Komb\u00ebtar\u201d. Nis fushata sensibilizuese dhe pengimi i HEC-it","author":"Kurt Farka","date":"April 20, 2021","format":false,"excerpt":"Lumi Vjosa n\u00eb Parlamentin Europian. - Shoqatat k\u00ebrkes\u00eb p\u00ebr mbrojten e lumit t\u00eb fundit t\u00eb \u201ceg\u00ebr\u201d n\u00eb rajon. - \u201cT\u00eb shpallet Park Komb\u00ebtar\u201d. Nis fushata sensibilizuese dhe pengimi i HEC-it 22 Mars 2021 \u201cVjosa t\u00eb shpallet Park Komb\u00ebtar\u201d, kjo k\u00ebrkes\u00eb e viteve t\u00eb fundit i ka dh\u00ebn\u00eb edhe m\u00eb shum\u00eb\u2026","rel":"","context":"In &quot;Blogu i Udh\u00ebtarit&quot;","block_context":{"text":"Blogu i Udh\u00ebtarit","link":"https:\/\/www.shqiperia.com\/blog\/category\/blogu-i-udhetarit\/"},"img":{"alt_text":"","src":"https:\/\/i0.wp.com\/www.shqiperia.com\/blog\/wp-content\/uploads\/2021\/04\/vjosa-905x450-1.jpg?fit=905%2C450&ssl=1&resize=350%2C200","width":350,"height":200,"srcset":"https:\/\/i0.wp.com\/www.shqiperia.com\/blog\/wp-content\/uploads\/2021\/04\/vjosa-905x450-1.jpg?fit=905%2C450&ssl=1&resize=350%2C200 1x, https:\/\/i0.wp.com\/www.shqiperia.com\/blog\/wp-content\/uploads\/2021\/04\/vjosa-905x450-1.jpg?fit=905%2C450&ssl=1&resize=525%2C300 1.5x, https:\/\/i0.wp.com\/www.shqiperia.com\/blog\/wp-content\/uploads\/2021\/04\/vjosa-905x450-1.jpg?fit=905%2C450&ssl=1&resize=700%2C400 2x"},"classes":[]},{"id":37449,"url":"https:\/\/www.shqiperia.com\/blog\/re-gure-uje-interviste-me-antropologun-nebi-bardhoshi\/","url_meta":{"origin":25188,"position":3},"title":"Re, gur\u00eb, uj\u00eb \u2013 intervist\u00eb me antropologun Nebi Bardhoshi","author":"Kurt Farka","date":"August 20, 2020","format":false,"excerpt":"Re, gur\u00eb, uj\u00eb \u2013 intervist\u00eb me antropologun Nebi Bardhoshi Intervist\u00eb\u00a0 \u00a012.08.2020 N\u00eb vazhd\u00ebn e studimeve t\u00eb tij mbi antropologjin\u00eb e ligjit dhe antropologjin\u00eb politike lidhur kryesisht me \u00e7\u00ebshtjen e demokracis\u00eb, antropologu Nebi Bardhoshi \u00ebsht\u00eb marr\u00eb s\u00eb fundmi me kauz\u00ebn e mbrojtjes s\u00eb ujit dhe politikave neoliberale n\u00eb Shqip\u00ebri. N\u00eb konferenc\u00ebn\u00a0\u201cHorizonte\u2026","rel":"","context":"In &quot;Blogu i Udh\u00ebtarit&quot;","block_context":{"text":"Blogu i Udh\u00ebtarit","link":"https:\/\/www.shqiperia.com\/blog\/category\/blogu-i-udhetarit\/"},"img":{"alt_text":"","src":"https:\/\/i0.wp.com\/www.shqiperia.com\/blog\/wp-content\/uploads\/2020\/08\/14.jpg?fit=456%2C240&ssl=1&resize=350%2C200","width":350,"height":200},"classes":[]},{"id":8828,"url":"https:\/\/www.shqiperia.com\/blog\/minat-e-hec-eve-shkaterrojne-kullat-ne-valbone\/","url_meta":{"origin":25188,"position":4},"title":"Minat e HEC-eve shkaterrojne kullat n\u00eb Valbon\u00eb. &#8211;","author":"Kurt Farka","date":"June 19, 2018","format":false,"excerpt":"Minat e HEC-eve shkaterrojne kullat n\u00eb Valbon\u00eb.- Banor\u00ebt e Valbon\u00ebs po mbajn\u00eb sot (t\u00eb h\u00ebn\u00ebn) t\u00eb bllokuar rrug\u00ebn q\u00eb lidh zon\u00ebn turistike me pjes\u00ebn tjet\u00ebr t\u00eb vendit, n\u00eb protest\u00eb p\u00ebr shp\u00ebrthimet q\u00eb jan\u00eb b\u00ebr\u00eb nj\u00eb dit\u00eb m\u00eb par\u00eb nga kompania q\u00eb po nd\u00ebrton HEC-et. Shp\u00ebrthimet me mina p\u00ebr hapjen e\u2026","rel":"","context":"In &quot;Histori&quot;","block_context":{"text":"Histori","link":"https:\/\/www.shqiperia.com\/blog\/category\/histori\/"},"img":{"alt_text":"","src":"https:\/\/i0.wp.com\/www.shqiperia.com\/blog\/wp-content\/uploads\/2018\/06\/dragobia.jpg?fit=540%2C481&ssl=1&resize=350%2C200","width":350,"height":200,"srcset":"https:\/\/i0.wp.com\/www.shqiperia.com\/blog\/wp-content\/uploads\/2018\/06\/dragobia.jpg?fit=540%2C481&ssl=1&resize=350%2C200 1x, https:\/\/i0.wp.com\/www.shqiperia.com\/blog\/wp-content\/uploads\/2018\/06\/dragobia.jpg?fit=540%2C481&ssl=1&resize=525%2C300 1.5x"},"classes":[]},{"id":75305,"url":"https:\/\/www.shqiperia.com\/blog\/drini-i-zi-bekim-apo-mallkim\/","url_meta":{"origin":25188,"position":5},"title":"Drini i Zi \u2013 Bekim apo mallkim?","author":"Kurt Farka","date":"November 5, 2023","format":false,"excerpt":"5 Nentor 2023 Banor\u00ebt e Lugin\u00ebs s\u00eb Drinit t\u00eb Zi kund\u00ebrshtojn\u00eb prej vitesh nd\u00ebrtimin e hidrocentralit t\u00eb Skavic\u00ebs. N\u00ebse ky projekt do t\u00eb realizohej, do t\u00eb fundoste mbi 30 fshatra e do t\u00eb izolonte dhjet\u00ebra t\u00eb tjer\u00eb. Fush\u00eb-Alia \u00ebsht\u00eb nj\u00eb nd\u00ebr fshatrat m\u00eb pjellor\u00eb t\u00eb lugin\u00ebs s\u00eb Drinit t\u00eb Zi,\u2026","rel":"","context":"In &quot;Blogu i Udh\u00ebtarit&quot;","block_context":{"text":"Blogu i Udh\u00ebtarit","link":"https:\/\/www.shqiperia.com\/blog\/category\/blogu-i-udhetarit\/"},"img":{"alt_text":"","src":"https:\/\/i0.wp.com\/www.shqiperia.com\/blog\/wp-content\/uploads\/2023\/11\/29-01-2020.jpg?fit=850%2C550&ssl=1&resize=350%2C200","width":350,"height":200,"srcset":"https:\/\/i0.wp.com\/www.shqiperia.com\/blog\/wp-content\/uploads\/2023\/11\/29-01-2020.jpg?fit=850%2C550&ssl=1&resize=350%2C200 1x, https:\/\/i0.wp.com\/www.shqiperia.com\/blog\/wp-content\/uploads\/2023\/11\/29-01-2020.jpg?fit=850%2C550&ssl=1&resize=525%2C300 1.5x, https:\/\/i0.wp.com\/www.shqiperia.com\/blog\/wp-content\/uploads\/2023\/11\/29-01-2020.jpg?fit=850%2C550&ssl=1&resize=700%2C400 2x"},"classes":[]}],"_links":{"self":[{"href":"https:\/\/www.shqiperia.com\/blog\/wp-json\/wp\/v2\/posts\/25188","targetHints":{"allow":["GET"]}}],"collection":[{"href":"https:\/\/www.shqiperia.com\/blog\/wp-json\/wp\/v2\/posts"}],"about":[{"href":"https:\/\/www.shqiperia.com\/blog\/wp-json\/wp\/v2\/types\/post"}],"author":[{"embeddable":true,"href":"https:\/\/www.shqiperia.com\/blog\/wp-json\/wp\/v2\/users\/9"}],"replies":[{"embeddable":true,"href":"https:\/\/www.shqiperia.com\/blog\/wp-json\/wp\/v2\/comments?post=25188"}],"version-history":[{"count":1,"href":"https:\/\/www.shqiperia.com\/blog\/wp-json\/wp\/v2\/posts\/25188\/revisions"}],"predecessor-version":[{"id":25190,"href":"https:\/\/www.shqiperia.com\/blog\/wp-json\/wp\/v2\/posts\/25188\/revisions\/25190"}],"wp:featuredmedia":[{"embeddable":true,"href":"https:\/\/www.shqiperia.com\/blog\/wp-json\/wp\/v2\/media\/25189"}],"wp:attachment":[{"href":"https:\/\/www.shqiperia.com\/blog\/wp-json\/wp\/v2\/media?parent=25188"}],"wp:term":[{"taxonomy":"category","embeddable":true,"href":"https:\/\/www.shqiperia.com\/blog\/wp-json\/wp\/v2\/categories?post=25188"},{"taxonomy":"post_tag","embeddable":true,"href":"https:\/\/www.shqiperia.com\/blog\/wp-json\/wp\/v2\/tags?post=25188"}],"curies":[{"name":"wp","href":"https:\/\/api.w.org\/{rel}","templated":true}]}}