{"id":24686,"date":"2019-08-12T15:21:46","date_gmt":"2019-08-12T15:21:46","guid":{"rendered":"https:\/\/www.shqiperia.com\/blog\/?p=24686"},"modified":"2019-08-12T15:22:06","modified_gmt":"2019-08-12T15:22:06","slug":"ndahet-nga-jeta-nje-nder-kroatologet-dhe-ilirologet-me-te-shquar-te-botes","status":"publish","type":"post","link":"https:\/\/www.shqiperia.com\/blog\/ndahet-nga-jeta-nje-nder-kroatologet-dhe-ilirologet-me-te-shquar-te-botes\/","title":{"rendered":"Ndahet nga jeta nj\u00eb nd\u00ebr kroatolog\u00ebt dhe ilirolog\u00ebt m\u00eb t\u00eb shquar t\u00eb bot\u00ebs. &#8211;"},"content":{"rendered":"<p><img data-recalc-dims=\"1\" loading=\"lazy\" decoding=\"async\" data-attachment-id=\"24687\" data-permalink=\"https:\/\/www.shqiperia.com\/blog\/ndahet-nga-jeta-nje-nder-kroatologet-dhe-ilirologet-me-te-shquar-te-botes\/radoslav-katicic\/\" data-orig-file=\"https:\/\/i0.wp.com\/www.shqiperia.com\/blog\/wp-content\/uploads\/2019\/08\/Radoslav-Kati%C4%8Di%C4%87.jpg?fit=840%2C530&amp;ssl=1\" data-orig-size=\"840,530\" data-comments-opened=\"1\" data-image-meta=\"{&quot;aperture&quot;:&quot;0&quot;,&quot;credit&quot;:&quot;&quot;,&quot;camera&quot;:&quot;&quot;,&quot;caption&quot;:&quot;&quot;,&quot;created_timestamp&quot;:&quot;0&quot;,&quot;copyright&quot;:&quot;&quot;,&quot;focal_length&quot;:&quot;0&quot;,&quot;iso&quot;:&quot;0&quot;,&quot;shutter_speed&quot;:&quot;0&quot;,&quot;title&quot;:&quot;&quot;,&quot;orientation&quot;:&quot;0&quot;}\" data-image-title=\"Radoslav Kati\u010di\u0107\" data-image-description=\"\" data-image-caption=\"\" data-medium-file=\"https:\/\/i0.wp.com\/www.shqiperia.com\/blog\/wp-content\/uploads\/2019\/08\/Radoslav-Kati%C4%8Di%C4%87.jpg?fit=300%2C189&amp;ssl=1\" data-large-file=\"https:\/\/i0.wp.com\/www.shqiperia.com\/blog\/wp-content\/uploads\/2019\/08\/Radoslav-Kati%C4%8Di%C4%87.jpg?fit=840%2C530&amp;ssl=1\" class=\"alignnone wp-image-24687\" alt=\"\" src=\"https:\/\/i0.wp.com\/www.shqiperia.com\/blog\/wp-content\/uploads\/2019\/08\/Radoslav-Kati%C4%8Di%C4%87.jpg?resize=521%2C328&#038;ssl=1\" width=\"521\" height=\"328\" srcset=\"https:\/\/i0.wp.com\/www.shqiperia.com\/blog\/wp-content\/uploads\/2019\/08\/Radoslav-Kati%C4%8Di%C4%87.jpg?resize=300%2C189&amp;ssl=1 300w, https:\/\/i0.wp.com\/www.shqiperia.com\/blog\/wp-content\/uploads\/2019\/08\/Radoslav-Kati%C4%8Di%C4%87.jpg?resize=768%2C485&amp;ssl=1 768w, https:\/\/i0.wp.com\/www.shqiperia.com\/blog\/wp-content\/uploads\/2019\/08\/Radoslav-Kati%C4%8Di%C4%87.jpg?resize=450%2C284&amp;ssl=1 450w, https:\/\/i0.wp.com\/www.shqiperia.com\/blog\/wp-content\/uploads\/2019\/08\/Radoslav-Kati%C4%8Di%C4%87.jpg?resize=600%2C379&amp;ssl=1 600w, https:\/\/i0.wp.com\/www.shqiperia.com\/blog\/wp-content\/uploads\/2019\/08\/Radoslav-Kati%C4%8Di%C4%87.jpg?resize=400%2C252&amp;ssl=1 400w, https:\/\/i0.wp.com\/www.shqiperia.com\/blog\/wp-content\/uploads\/2019\/08\/Radoslav-Kati%C4%8Di%C4%87.jpg?w=840&amp;ssl=1 840w\" sizes=\"auto, (max-width: 521px) 100vw, 521px\" \/><\/p>\n<p>Ndahet nga jeta nj\u00eb nd\u00ebr kroatolog\u00ebt dhe ilirolog\u00ebt m\u00eb t\u00eb shquar t\u00eb bot\u00ebs. &#8211;<\/p>\n<p><strong>Nga: <a href=\"https:\/\/www.facebook.com\/profile.php?id=100008685422907&amp;__tn__=%2CdC-R-R&amp;eid=ARCY1KfrM2RAPddhCM0eeUmqCzMBNzdoWsiRpCDwLkGQaOm1Yn5jsbwYhiF6T_90cCXq-a7YcQRfXIgz&amp;hc_ref=ARRvpuqr2FBXXzN54wgMlZS-I29WLwp7DT6wVa50_mk8C5ERt7nUPeyaDarn4kQD26A&amp;fref=nf\">Jahja Drancolli<\/a><\/strong><\/p>\n<p>\u201cNj\u00eb humbje e pakthyeshme e madh\u00ebshtis\u00eb s\u00eb v\u00ebrtet\u00eb\u201d!<\/p>\n<p>N\u00eb Vjen\u00eb m\u00eb 10 gusht 2019, ka nd\u00ebrruar jet\u00eb Radoslav Kati\u010di\u0107, nj\u00eb nd\u00ebr kroatolog\u00ebt dhe ilirolog\u00ebt m\u00eb t\u00eb shquar t\u00eb bot\u00ebs: N\u00eb nj\u00eb vep\u00ebr monumentale t\u00eb tij r\u00ebnd\u00ebsi t\u00eb ve\u00e7ant\u00eb i ka kushtuar gjuh\u00ebve paleoballkanike, sidomos t\u00eb ilirisht\u00ebs dhe n\u00eb k\u00ebt\u00eb kontekst edhe gjuh\u00ebs shqipe p\u00ebr t\u00eb konstatuar se shqipja rrjedh nga ilirishtja&#8230;!<\/p>\n<p>Kati\u010di\u0107 \u00ebsht\u00eb b\u00ebr\u00eb i njohur me studimet e tia n\u00eb fush\u00ebn e filologjis\u00eb klasike, bizantine dhe onomastik\u00ebs ilire, duke zgjeruar m\u00eb pastaj edhe n\u00eb fush\u00ebn e tij t\u00eb studimit indoeuropian, p\u00ebrkat\u00ebsisht at\u00eb paleoballkanik. Ai ishte an\u00ebtar i rregullt i Akademis\u00eb s\u00eb Shkencave dhe Arteve t\u00eb Kroacis\u00eb, Akademis\u00eb Austriake t\u00eb Shkencave, Akademis\u00eb s\u00eb Shkencave dhe Arteve t\u00eb Bosnj\u00ebs dhe Hercegovin\u00ebs, si dhe t\u00eb Akademis\u00eb Norvegjeze. Kati\u010di\u0107, ka lindur n\u00eb Zagreb m\u00eb 1930, ku dhe nisi karrier\u00ebn e tij shkencore (Fakulteti Filozofik). K\u00ebtu, punoi nga 1954 deri n\u00eb 1977, ku filloi t\u00eb ligjeronte sistematikisht gjuh\u00ebsin\u00eb sanskrite dhe paleoballkanike dhe m\u00eb von\u00eb krahasuese indoeuropiane. Q\u00eb nga viti 1977 ka qen\u00eb profesor i filologjis\u00eb paleoballkanike n\u00eb Universitetin e Vjen\u00ebs.<br \/>\nProfesor Kati\u00e7i\u00e7 ishte autor i pes\u00ebmb\u00ebdhjet\u00eb librave dhe 400 diskutimeve, artikujve, eseve, recensave t\u00eb librave dhe punimeve t\u00eb tjera. Punimet m\u00eb t\u00eb r\u00ebnd\u00ebsishme t\u00eb tij nga fusha e albanologjis\u00eb jan\u00eb: \u201cAncient Languages of the Balkans\u201d (The Hague-Paris: Mouton, 1976, dhe reprint 2012: Walter de Gruyter, Bestsellers rank). N\u00eb k\u00ebt\u00eb vep\u00ebr monumentale r\u00ebnd\u00ebsi t\u00eb ve\u00e7ant\u00eb i ka kushtuar ilirisht\u00ebs dhe n\u00eb k\u00ebt\u00eb kontekst edhe gjuh\u00ebs shqipe p\u00ebr t\u00eb konstatuar se shqipja rrjedh nga ilirishtja, \u00e7\u00ebshtje kjo q\u00eb trajtohet n\u00eb k\u00ebto kapituj: The Pre-Greek linguistic stratum (faqe, 39-97), Epirus (120-127), The Illyrian complex (154-177), Recent studies in Illyrian anthroponymy (178-183), The origin of Albanian (184-189). Nd\u00ebrsa, n\u00eb kapitullin kushtuar origjin\u00eb shqipe \u00ebsht\u00eb shprehur: \u201cAsgj\u00eb n\u00eb natyr\u00ebn e prov\u00ebs nuk \u00ebsht\u00eb paraqitur deri tash p\u00ebr prejardhjen trakase t\u00eb gjuh\u00ebs shqipe, por vet\u00ebm akumulim indiciesh q\u00eb, pa e vendosur \u00e7\u00ebshtjen, na ndalojn\u00eb ta hedhim posht\u00eb krejt\u00ebsisht hipotez\u00ebn. E vetmja gj\u00eb q\u00eb mund t\u00eb b\u00ebjm\u00eb tash \u00ebsht\u00eb t\u00eb jemi mendjehapur duke mbajtur mend n\u00eb k\u00ebt\u00eb kontraverz\u00eb se barra e prov\u00ebs u bie atyre q\u00eb mohojn\u00eb prejadhjen ilire t\u00eb shqipes.\u201d<\/p>\n<p><img data-recalc-dims=\"1\" loading=\"lazy\" decoding=\"async\" data-attachment-id=\"24688\" data-permalink=\"https:\/\/www.shqiperia.com\/blog\/ndahet-nga-jeta-nje-nder-kroatologet-dhe-ilirologet-me-te-shquar-te-botes\/radoslav-katicic-illryricum-mythologicum-zagreb-botim-i-shtepise-botuese-antibarbarius-1995\/\" data-orig-file=\"https:\/\/i0.wp.com\/www.shqiperia.com\/blog\/wp-content\/uploads\/2019\/08\/Radoslav-Kati%C4%8Di%C4%87-%E2%80%9CIllryricum-Mythologicum%E2%80%9D-Zagreb-botim-i-sht%C3%ABpis%C3%AB-botuese-Antibarbarius-1995.jpg?fit=359%2C407&amp;ssl=1\" data-orig-size=\"359,407\" data-comments-opened=\"1\" data-image-meta=\"{&quot;aperture&quot;:&quot;0&quot;,&quot;credit&quot;:&quot;&quot;,&quot;camera&quot;:&quot;&quot;,&quot;caption&quot;:&quot;&quot;,&quot;created_timestamp&quot;:&quot;0&quot;,&quot;copyright&quot;:&quot;&quot;,&quot;focal_length&quot;:&quot;0&quot;,&quot;iso&quot;:&quot;0&quot;,&quot;shutter_speed&quot;:&quot;0&quot;,&quot;title&quot;:&quot;&quot;,&quot;orientation&quot;:&quot;0&quot;}\" data-image-title=\"Radoslav Kati\u010di\u0107 \u201cIllryricum Mythologicum\u201d (Zagreb, botim i sht\u00ebpis\u00eb botuese Antibarbarius, 1995),\" data-image-description=\"\" data-image-caption=\"\" data-medium-file=\"https:\/\/i0.wp.com\/www.shqiperia.com\/blog\/wp-content\/uploads\/2019\/08\/Radoslav-Kati%C4%8Di%C4%87-%E2%80%9CIllryricum-Mythologicum%E2%80%9D-Zagreb-botim-i-sht%C3%ABpis%C3%AB-botuese-Antibarbarius-1995.jpg?fit=265%2C300&amp;ssl=1\" data-large-file=\"https:\/\/i0.wp.com\/www.shqiperia.com\/blog\/wp-content\/uploads\/2019\/08\/Radoslav-Kati%C4%8Di%C4%87-%E2%80%9CIllryricum-Mythologicum%E2%80%9D-Zagreb-botim-i-sht%C3%ABpis%C3%AB-botuese-Antibarbarius-1995.jpg?fit=359%2C407&amp;ssl=1\" class=\"alignnone wp-image-24688\" alt=\"\" src=\"https:\/\/i0.wp.com\/www.shqiperia.com\/blog\/wp-content\/uploads\/2019\/08\/Radoslav-Kati%C4%8Di%C4%87-%E2%80%9CIllryricum-Mythologicum%E2%80%9D-Zagreb-botim-i-sht%C3%ABpis%C3%AB-botuese-Antibarbarius-1995.jpg?resize=616%2C697&#038;ssl=1\" width=\"616\" height=\"697\" srcset=\"https:\/\/i0.wp.com\/www.shqiperia.com\/blog\/wp-content\/uploads\/2019\/08\/Radoslav-Kati%C4%8Di%C4%87-%E2%80%9CIllryricum-Mythologicum%E2%80%9D-Zagreb-botim-i-sht%C3%ABpis%C3%AB-botuese-Antibarbarius-1995.jpg?resize=265%2C300&amp;ssl=1 265w, https:\/\/i0.wp.com\/www.shqiperia.com\/blog\/wp-content\/uploads\/2019\/08\/Radoslav-Kati%C4%8Di%C4%87-%E2%80%9CIllryricum-Mythologicum%E2%80%9D-Zagreb-botim-i-sht%C3%ABpis%C3%AB-botuese-Antibarbarius-1995.jpg?w=359&amp;ssl=1 359w\" sizes=\"auto, (max-width: 616px) 100vw, 616px\" \/><br \/>\nN\u00eb vepr\u00ebn tjet\u00ebr me titull, \u201cIllryricum Mythologicum\u201d (Zagreb, botim i sht\u00ebpis\u00eb botuese Antibarbarius, 1995), arealin ilir e kishte ndar\u00eb n\u00eb zon\u00eb liburne, panone dhe ilire t\u00eb mir\u00ebfillt\u00eb (Illyri proprie dicti). N\u00eb k\u00ebt\u00eb vep\u00ebr voluminoze (482 faq\u00ebsh), t\u00eb cil\u00ebn ndonj\u00eb studiues i nivelit bot\u00ebror do ta quante p\u00ebr vazhduese t\u00eb denj\u00eb t\u00eb vepr\u00ebs s\u00eb Farlatit, \u201cIllyricum sacrum\u201d, autori i qaset problemeve qendrore t\u00eb ilirologjis\u00eb si\u00e7 jan\u00eb: Zona e Danubit dhe Adriatiku sipas epit t\u00eb Apollonit nga ishulli Rod; Illyricus fluvius; Jonit Ilir; Ishujve liburnian sipas autor\u00ebve antik; Illyro-Apenninica; Enkelej\u00ebve; Antenori-t n\u00eb Adriatik; Diomedi-t n\u00eb Adriatik; Hili-t, birit t Heraklit n\u00eb Adriatik; Kerkira-s, bij\u00ebs s\u00eb Azopit n\u00eb Kor\u00e7ull\u00eb, etj. T\u00ebrheq\u00eb v\u00ebmend\u00ebn k\u00ebtu sidomos studimi kushtuar Jonit Ilir, ku antori duke iu referuar Strabonit dhe Apianit, burime t\u00eb r\u00ebnd\u00ebsishme t\u00eb antikitetit tregon se deti Jon e ka marr\u00eb k\u00ebt\u00eb em\u00ebr sipas ishullit ilir Isa (Vis) n\u00eb Dalmaci (Straboni), nd\u00ebrsa sipas Apianit, Epidamno-is (Durr\u00ebsi), \u00ebsht\u00eb quajtur sipas emrit t\u00eb mbretit ilir Epidamnos. N\u00eb k\u00ebt\u00eb kontekst e shpjegon dhe emrin e Ditit Jon (Ionio), q\u00eb vie nga emri i mbretit ilir Dyrrhachium (Durr\u00ebsit), nipit t\u00eb Epidamnit. Gjithnj\u00eb duke iu referuar burimeve n\u00eb fjal\u00eb, m\u00ebsojm\u00eb se Dyrrhachium pasi q\u00eb ishte sulmuar prej v\u00ebllez\u00ebrve t\u00eb tij, b\u00ebri marr\u00ebveshje me Herkulin i cili akcidentalisht vrau Jonin, v\u00ebllan e Dyrrhachium-it, p\u00ebr ta hudhur trupin e tij n\u00eb det, dhe p\u00ebr ta quajtur sipas emrit t\u00eb tij, Deti Jon. S\u00eb k\u00ebtejmi, Kati\u010di\u0107 ka konstatuar se Joni \u00ebsht\u00eb ilir, nd\u00ebrsa kolonizuesit grek\u00eb i adhuronin jo vet\u00ebm emrat e shquar ilir\u00eb por edhe pellazg\u00eb. P\u00ebrve\u00e7 veprave q\u00eb u p\u00ebrmend\u00ebn m\u00eb sip\u00ebr, Kati\u010di\u0107 \u00ebsht\u00eb shquar edhe me disa studime, ese dhe diskutime q\u00eb i referoh\u00ebn albanologjis\u00eb. N\u00eb k\u00ebt\u00eb aspekt po i ve\u00e7ojm\u00eb: \u201cDrei altbalkanische Nomina sacra\u201d, Godi\u0161njak, CBI, 7\/1972, dhe \u201cDie Sprachen im R\u00f6michen Reich der Kaiserzeit. n\u00eb Recherches albanologique 1 (1985). Kati\u010di\u0107 \u00ebsht\u00eb shquar edhe p\u00ebr lidhjet e tia me Shqip\u00ebrin\u00eb dhe n\u00eb ve\u00e7anti me studiuesit shqiptar\u00eb nga Kosova.<\/p>\n","protected":false},"excerpt":{"rendered":"<p>Ndahet nga jeta nj\u00eb nd\u00ebr kroatolog\u00ebt dhe ilirolog\u00ebt m\u00eb t\u00eb shquar t\u00eb bot\u00ebs. &#8211; Nga: Jahja Drancolli \u201cNj\u00eb humbje e pakthyeshme e madh\u00ebshtis\u00eb s\u00eb v\u00ebrtet\u00eb\u201d! N\u00eb Vjen\u00eb m\u00eb 10 gusht 2019, ka nd\u00ebrruar jet\u00eb Radoslav Kati\u010di\u0107, nj\u00eb nd\u00ebr kroatolog\u00ebt dhe ilirolog\u00ebt m\u00eb t\u00eb shquar t\u00eb bot\u00ebs: N\u00eb nj\u00eb vep\u00ebr monumentale t\u00eb tij r\u00ebnd\u00ebsi t\u00eb ve\u00e7ant\u00eb [&hellip;]<\/p>\n","protected":false},"author":9,"featured_media":24687,"comment_status":"open","ping_status":"open","sticky":false,"template":"","format":"standard","meta":{"jetpack_post_was_ever_published":false,"_jetpack_newsletter_access":"","_jetpack_dont_email_post_to_subs":false,"_jetpack_newsletter_tier_id":0,"_jetpack_memberships_contains_paywalled_content":false,"_jetpack_memberships_contains_paid_content":false,"footnotes":"","jetpack_publicize_message":"","jetpack_publicize_feature_enabled":true,"jetpack_social_post_already_shared":true,"jetpack_social_options":{"image_generator_settings":{"template":"highway","default_image_id":0,"font":"","enabled":false},"version":2}},"categories":[27,1,35],"tags":[],"class_list":["post-24686","post","type-post","status-publish","format-standard","has-post-thumbnail","hentry","category-blogu-i-udhetarit","category-njoftime-shtypi","category-shoqerore"],"jetpack_publicize_connections":[],"jetpack_featured_media_url":"https:\/\/i0.wp.com\/www.shqiperia.com\/blog\/wp-content\/uploads\/2019\/08\/Radoslav-Kati%C4%8Di%C4%87.jpg?fit=840%2C530&ssl=1","jetpack_sharing_enabled":true,"jetpack_shortlink":"https:\/\/wp.me\/p5Z6wp-6qa","jetpack-related-posts":[{"id":103084,"url":"https:\/\/www.shqiperia.com\/blog\/ndahet-nga-jeta-akademiku-emin-riza-studiuesi-i-shquar-i-trashegimise-kulturore-shqiptare\/","url_meta":{"origin":24686,"position":0},"title":"Ndahet nga jeta akademiku Emin Riza, studiuesi i shquar i trash\u00ebgimis\u00eb kulturore shqiptare","author":"Kurt Farka","date":"July 22, 2026","format":false,"excerpt":"22 Korrik 2026 \u00cbsht\u00eb ndar\u00eb nga jeta n\u00eb mosh\u00ebn 89-vje\u00e7are akademik Emin Riza, nj\u00eb nga studiuesit m\u00eb t\u00eb njohur shqiptar\u00eb n\u00eb fush\u00ebn e trash\u00ebgimis\u00eb kulturore dhe arkitektur\u00ebs tradicionale. Akademia e Shkencave e Shqip\u00ebris\u00eb dhe Komisioni i P\u00ebrhersh\u00ebm i Trash\u00ebgimis\u00eb Kulturore shpreh\u00ebn ngush\u00ebllimet p\u00ebr familjen, t\u00eb af\u00ebrmit, komunitetin akademik dhe bashk\u00ebpun\u00ebtor\u00ebt\u2026","rel":"","context":"In &quot;Blogu i Udh\u00ebtarit&quot;","block_context":{"text":"Blogu i Udh\u00ebtarit","link":"https:\/\/www.shqiperia.com\/blog\/category\/blogu-i-udhetarit\/"},"img":{"alt_text":"","src":"https:\/\/i0.wp.com\/www.shqiperia.com\/blog\/wp-content\/uploads\/2026\/07\/Emin-Riza.webp?fit=900%2C500&ssl=1&resize=350%2C200","width":350,"height":200,"srcset":"https:\/\/i0.wp.com\/www.shqiperia.com\/blog\/wp-content\/uploads\/2026\/07\/Emin-Riza.webp?fit=900%2C500&ssl=1&resize=350%2C200 1x, https:\/\/i0.wp.com\/www.shqiperia.com\/blog\/wp-content\/uploads\/2026\/07\/Emin-Riza.webp?fit=900%2C500&ssl=1&resize=525%2C300 1.5x, https:\/\/i0.wp.com\/www.shqiperia.com\/blog\/wp-content\/uploads\/2026\/07\/Emin-Riza.webp?fit=900%2C500&ssl=1&resize=700%2C400 2x"},"classes":[]},{"id":101854,"url":"https:\/\/www.shqiperia.com\/blog\/ndahet-nga-jeta-pal-dedgjonaj-mjeshter-i-folklorit-shqiptar\/","url_meta":{"origin":24686,"position":1},"title":"Ndahet nga jeta Pal Dedgjonaj, Mjeshter i Folklorit Shqiptar","author":"Kurt Farka","date":"June 26, 2026","format":false,"excerpt":"26 Qershor 2026 Bashkia Lezh\u00eb shpreh me pik\u00ebllim t\u00eb thell\u00eb lajmin p\u00ebr ndarjen nga jeta t\u00eb Mjeshtrit t\u00eb Madh t\u00eb artit dhe kultur\u00ebs lezhjane. Ai ishte nj\u00eb figur\u00eb e shquar e trash\u00ebgimis\u00eb son\u00eb kulturore, nj\u00eb mjesht\u00ebr i rrall\u00eb i instrumenteve folklorike frymore t\u00eb trev\u00ebs s\u00eb Lezh\u00ebs, t\u00eb cilat i punoi\u2026","rel":"","context":"In &quot;Arte&quot;","block_context":{"text":"Arte","link":"https:\/\/www.shqiperia.com\/blog\/category\/arte\/"},"img":{"alt_text":"","src":"https:\/\/i0.wp.com\/www.shqiperia.com\/blog\/wp-content\/uploads\/2026\/06\/Pal-Dedgjonaj.jpg?fit=483%2C368&ssl=1&resize=350%2C200","width":350,"height":200},"classes":[]},{"id":102654,"url":"https:\/\/www.shqiperia.com\/blog\/ndahet-nga-jeta-ikona-e-humorit-shqiptar-todi-llupi\/","url_meta":{"origin":24686,"position":2},"title":"Ndahet nga jeta ikona e humorit shqiptar, Todi Llupi","author":"Kurt Farka","date":"July 14, 2026","format":false,"excerpt":"14 Korrik 2026 Arti dhe kultura komb\u00ebtare kan\u00eb humbur nj\u00eb nga figurat e tyre m\u00eb t\u00eb dashura. \u00cbsht\u00eb ndar\u00eb nga jeta aktori dhe humoristi i njohur Todi Llupi, ikona e Estrad\u00ebs s\u00eb Fierit dhe nj\u00eb prej emrave m\u00eb t\u00eb spikatur t\u00eb humorit shqiptar. Me nj\u00eb karrier\u00eb q\u00eb u shtri p\u00ebr\u2026","rel":"","context":"In &quot;Arte&quot;","block_context":{"text":"Arte","link":"https:\/\/www.shqiperia.com\/blog\/category\/arte\/"},"img":{"alt_text":"","src":"https:\/\/i0.wp.com\/www.shqiperia.com\/blog\/wp-content\/uploads\/2026\/07\/Todi-Llipi-2-1.jpg?fit=864%2C525&ssl=1&resize=350%2C200","width":350,"height":200,"srcset":"https:\/\/i0.wp.com\/www.shqiperia.com\/blog\/wp-content\/uploads\/2026\/07\/Todi-Llipi-2-1.jpg?fit=864%2C525&ssl=1&resize=350%2C200 1x, https:\/\/i0.wp.com\/www.shqiperia.com\/blog\/wp-content\/uploads\/2026\/07\/Todi-Llipi-2-1.jpg?fit=864%2C525&ssl=1&resize=525%2C300 1.5x, https:\/\/i0.wp.com\/www.shqiperia.com\/blog\/wp-content\/uploads\/2026\/07\/Todi-Llipi-2-1.jpg?fit=864%2C525&ssl=1&resize=700%2C400 2x"},"classes":[]},{"id":105294,"url":"https:\/\/www.shqiperia.com\/blog\/ndahet-nga-jeta-ne-moshen-88-vjecare-akademiku-dhe-studiuesi-i-shquar-mark-tirta\/","url_meta":{"origin":24686,"position":3},"title":"Ndahet nga jeta n\u00eb mosh\u00ebn 88-vje\u00e7are akademiku dhe studiuesi i shquar Mark Tirta","author":"Kurt Farka","date":"August 27, 2026","format":false,"excerpt":"27 Gusht 2027 U nda sot nga jeta akademik emeritus Mark Tirta, nj\u00eb prej studiuesve m\u00eb t\u00eb shquar t\u00eb etnologjis\u00eb dhe antropologjis\u00eb shqiptare, nj\u00eb personalitet i r\u00ebnd\u00ebsish\u00ebm i albanologjis\u00eb dhe nj\u00eb nga z\u00ebrat m\u00eb t\u00eb spikatur t\u00eb studimit t\u00eb trash\u00ebgimis\u00eb kulturore shqiptare. Me largimin e tij, shkenca dhe kultura shqiptare\u2026","rel":"","context":"In &quot;Blogu i Udh\u00ebtarit&quot;","block_context":{"text":"Blogu i Udh\u00ebtarit","link":"https:\/\/www.shqiperia.com\/blog\/category\/blogu-i-udhetarit\/"},"img":{"alt_text":"","src":"https:\/\/i0.wp.com\/www.shqiperia.com\/blog\/wp-content\/uploads\/2026\/08\/Capture-87.jpg?fit=847%2C611&ssl=1&resize=350%2C200","width":350,"height":200,"srcset":"https:\/\/i0.wp.com\/www.shqiperia.com\/blog\/wp-content\/uploads\/2026\/08\/Capture-87.jpg?fit=847%2C611&ssl=1&resize=350%2C200 1x, https:\/\/i0.wp.com\/www.shqiperia.com\/blog\/wp-content\/uploads\/2026\/08\/Capture-87.jpg?fit=847%2C611&ssl=1&resize=525%2C300 1.5x, https:\/\/i0.wp.com\/www.shqiperia.com\/blog\/wp-content\/uploads\/2026\/08\/Capture-87.jpg?fit=847%2C611&ssl=1&resize=700%2C400 2x"},"classes":[]},{"id":104406,"url":"https:\/\/www.shqiperia.com\/blog\/ndahet-nga-jeta-leze-rrika-mesuesja-qe-i-dha-shpirt-brezave-dhe-jete-tradites\/","url_meta":{"origin":24686,"position":4},"title":"Ndahet nga jeta Leze Rrika, m\u00ebsuesja q\u00eb i dha shpirt brezave dhe jet\u00eb tradit\u00ebs","author":"Kurt Farka","date":"August 14, 2026","format":false,"excerpt":"14 Gusht 2026 Ka njer\u00ebz q\u00eb kalojn\u00eb n\u00ebp\u00ebr jet\u00eb dhe l\u00ebn\u00eb pas kujtime. Ka edhe njer\u00ebz q\u00eb l\u00ebn\u00eb gjurm\u00eb. Leze Rrika ishte nj\u00eb prej tyre. Pas nj\u00eb beteje me nj\u00eb s\u00ebmundje t\u00eb r\u00ebnd\u00eb, \u00ebsht\u00eb ndar\u00eb nga jeta m\u00ebsuesja, koreografja, valltarja dhe drejtuesja e p\u00ebrkushtuar e arsimit, nj\u00eb em\u00ebr i njohur\u2026","rel":"","context":"In &quot;Njoftime Shtypi&quot;","block_context":{"text":"Njoftime Shtypi","link":"https:\/\/www.shqiperia.com\/blog\/category\/njoftime-shtypi\/"},"img":{"alt_text":"","src":"https:\/\/i0.wp.com\/www.shqiperia.com\/blog\/wp-content\/uploads\/2026\/08\/Leze-Rrika.jpeg?fit=768%2C576&ssl=1&resize=350%2C200","width":350,"height":200,"srcset":"https:\/\/i0.wp.com\/www.shqiperia.com\/blog\/wp-content\/uploads\/2026\/08\/Leze-Rrika.jpeg?fit=768%2C576&ssl=1&resize=350%2C200 1x, https:\/\/i0.wp.com\/www.shqiperia.com\/blog\/wp-content\/uploads\/2026\/08\/Leze-Rrika.jpeg?fit=768%2C576&ssl=1&resize=525%2C300 1.5x, https:\/\/i0.wp.com\/www.shqiperia.com\/blog\/wp-content\/uploads\/2026\/08\/Leze-Rrika.jpeg?fit=768%2C576&ssl=1&resize=700%2C400 2x"},"classes":[]},{"id":100789,"url":"https:\/\/www.shqiperia.com\/blog\/ndahet-nga-jeta-kreshnik-tartari-legjenda-e-volejbollit-shqiptar-nderroi-jeten-ne-moshen-83-vjecare\/","url_meta":{"origin":24686,"position":5},"title":"Ndahet nga jeta Kreshnik Tartari, legjenda e volejbollit shqiptar nd\u00ebrroi jet\u00ebn n\u00eb mosh\u00ebn 83-vje\u00e7are","author":"Kurt Farka","date":"May 31, 2026","format":false,"excerpt":"31 Maji 2026 Sporti shqiptar humbi nj\u00eb nga figurat e veta m\u00eb t\u00eb m\u00ebdha n\u00eb disiplinen e volejbollit. Kreshnik Tartari nj\u00eb prej personaliteteve m\u00eb t\u00eb m\u00ebdha n\u00eb historine e volejbollit ton\u00eb u nda nga jeta\u00a0 n\u00eb mosh\u00ebn 83-vje\u00e7are si pasoj\u00eb e nj\u00eb s\u00ebmundje t\u00eb r\u00ebnd\u00eb n\u00eb San Marino. Kreshnik Tartari\u2026","rel":"","context":"In &quot;Njoftime Shtypi&quot;","block_context":{"text":"Njoftime Shtypi","link":"https:\/\/www.shqiperia.com\/blog\/category\/njoftime-shtypi\/"},"img":{"alt_text":"","src":"https:\/\/i0.wp.com\/www.shqiperia.com\/blog\/wp-content\/uploads\/2026\/05\/Kreshnik-Tartari.jpg?fit=1080%2C700&ssl=1&resize=350%2C200","width":350,"height":200,"srcset":"https:\/\/i0.wp.com\/www.shqiperia.com\/blog\/wp-content\/uploads\/2026\/05\/Kreshnik-Tartari.jpg?fit=1080%2C700&ssl=1&resize=350%2C200 1x, https:\/\/i0.wp.com\/www.shqiperia.com\/blog\/wp-content\/uploads\/2026\/05\/Kreshnik-Tartari.jpg?fit=1080%2C700&ssl=1&resize=525%2C300 1.5x, https:\/\/i0.wp.com\/www.shqiperia.com\/blog\/wp-content\/uploads\/2026\/05\/Kreshnik-Tartari.jpg?fit=1080%2C700&ssl=1&resize=700%2C400 2x, https:\/\/i0.wp.com\/www.shqiperia.com\/blog\/wp-content\/uploads\/2026\/05\/Kreshnik-Tartari.jpg?fit=1080%2C700&ssl=1&resize=1050%2C600 3x"},"classes":[]}],"_links":{"self":[{"href":"https:\/\/www.shqiperia.com\/blog\/wp-json\/wp\/v2\/posts\/24686","targetHints":{"allow":["GET"]}}],"collection":[{"href":"https:\/\/www.shqiperia.com\/blog\/wp-json\/wp\/v2\/posts"}],"about":[{"href":"https:\/\/www.shqiperia.com\/blog\/wp-json\/wp\/v2\/types\/post"}],"author":[{"embeddable":true,"href":"https:\/\/www.shqiperia.com\/blog\/wp-json\/wp\/v2\/users\/9"}],"replies":[{"embeddable":true,"href":"https:\/\/www.shqiperia.com\/blog\/wp-json\/wp\/v2\/comments?post=24686"}],"version-history":[{"count":1,"href":"https:\/\/www.shqiperia.com\/blog\/wp-json\/wp\/v2\/posts\/24686\/revisions"}],"predecessor-version":[{"id":24689,"href":"https:\/\/www.shqiperia.com\/blog\/wp-json\/wp\/v2\/posts\/24686\/revisions\/24689"}],"wp:featuredmedia":[{"embeddable":true,"href":"https:\/\/www.shqiperia.com\/blog\/wp-json\/wp\/v2\/media\/24687"}],"wp:attachment":[{"href":"https:\/\/www.shqiperia.com\/blog\/wp-json\/wp\/v2\/media?parent=24686"}],"wp:term":[{"taxonomy":"category","embeddable":true,"href":"https:\/\/www.shqiperia.com\/blog\/wp-json\/wp\/v2\/categories?post=24686"},{"taxonomy":"post_tag","embeddable":true,"href":"https:\/\/www.shqiperia.com\/blog\/wp-json\/wp\/v2\/tags?post=24686"}],"curies":[{"name":"wp","href":"https:\/\/api.w.org\/{rel}","templated":true}]}}