{"id":24654,"date":"2019-08-11T19:09:59","date_gmt":"2019-08-11T19:09:59","guid":{"rendered":"https:\/\/www.shqiperia.com\/blog\/?p=24654"},"modified":"2019-08-11T19:09:59","modified_gmt":"2019-08-11T19:09:59","slug":"shkencetari-ben-buke-me-maja-4-500-vjecare-habitet-nga-shija","status":"publish","type":"post","link":"https:\/\/www.shqiperia.com\/blog\/shkencetari-ben-buke-me-maja-4-500-vjecare-habitet-nga-shija\/","title":{"rendered":"Shkenc\u00ebtari b\u00ebn buk\u00eb me maja 4.500 vje\u00e7are, habitet nga shija. &#8211;"},"content":{"rendered":"<p><img data-recalc-dims=\"1\" loading=\"lazy\" decoding=\"async\" data-attachment-id=\"24655\" data-permalink=\"https:\/\/www.shqiperia.com\/blog\/shkencetari-ben-buke-me-maja-4-500-vjecare-habitet-nga-shija\/maja-buke-500-vjecare\/\" data-orig-file=\"https:\/\/i0.wp.com\/www.shqiperia.com\/blog\/wp-content\/uploads\/2019\/08\/Maja-buke-500-vjecare.jpg?fit=905%2C450&amp;ssl=1\" data-orig-size=\"905,450\" data-comments-opened=\"1\" data-image-meta=\"{&quot;aperture&quot;:&quot;0&quot;,&quot;credit&quot;:&quot;&quot;,&quot;camera&quot;:&quot;&quot;,&quot;caption&quot;:&quot;&quot;,&quot;created_timestamp&quot;:&quot;0&quot;,&quot;copyright&quot;:&quot;&quot;,&quot;focal_length&quot;:&quot;0&quot;,&quot;iso&quot;:&quot;0&quot;,&quot;shutter_speed&quot;:&quot;0&quot;,&quot;title&quot;:&quot;&quot;,&quot;orientation&quot;:&quot;0&quot;}\" data-image-title=\"Maja buke 500 vjecare\" data-image-description=\"\" data-image-caption=\"\" data-medium-file=\"https:\/\/i0.wp.com\/www.shqiperia.com\/blog\/wp-content\/uploads\/2019\/08\/Maja-buke-500-vjecare.jpg?fit=300%2C149&amp;ssl=1\" data-large-file=\"https:\/\/i0.wp.com\/www.shqiperia.com\/blog\/wp-content\/uploads\/2019\/08\/Maja-buke-500-vjecare.jpg?fit=905%2C450&amp;ssl=1\" class=\"alignnone  wp-image-24655\" alt=\"\" src=\"https:\/\/i0.wp.com\/www.shqiperia.com\/blog\/wp-content\/uploads\/2019\/08\/Maja-buke-500-vjecare.jpg?resize=620%2C308&#038;ssl=1\" width=\"620\" height=\"308\" srcset=\"https:\/\/i0.wp.com\/www.shqiperia.com\/blog\/wp-content\/uploads\/2019\/08\/Maja-buke-500-vjecare.jpg?resize=300%2C149&amp;ssl=1 300w, https:\/\/i0.wp.com\/www.shqiperia.com\/blog\/wp-content\/uploads\/2019\/08\/Maja-buke-500-vjecare.jpg?resize=768%2C382&amp;ssl=1 768w, https:\/\/i0.wp.com\/www.shqiperia.com\/blog\/wp-content\/uploads\/2019\/08\/Maja-buke-500-vjecare.jpg?resize=450%2C224&amp;ssl=1 450w, https:\/\/i0.wp.com\/www.shqiperia.com\/blog\/wp-content\/uploads\/2019\/08\/Maja-buke-500-vjecare.jpg?resize=600%2C298&amp;ssl=1 600w, https:\/\/i0.wp.com\/www.shqiperia.com\/blog\/wp-content\/uploads\/2019\/08\/Maja-buke-500-vjecare.jpg?resize=400%2C199&amp;ssl=1 400w, https:\/\/i0.wp.com\/www.shqiperia.com\/blog\/wp-content\/uploads\/2019\/08\/Maja-buke-500-vjecare.jpg?w=905&amp;ssl=1 905w\" sizes=\"auto, (max-width: 620px) 100vw, 620px\" \/><\/p>\n<p><strong>Shkenc\u00ebtari b\u00ebn buk\u00eb me maja 4.500 vje\u00e7are, habitet nga shija. &#8211;<\/strong><\/p>\n<p>Shkenc\u00ebtari \u00a0Seamus Blackley, pati mund\u00ebsin\u00eb t\u00eb piqte buk\u00eb duke p\u00ebrdorur nj\u00eb maja 4.500-vje\u00e7are q\u00eb u gjet n\u00eb vazo t\u00eb lashta egjiptiane. Sipas Blackley, buka e asaj kohe \u00ebsht\u00eb shum\u00eb m\u00eb e mir\u00eb se sot. \u201cT\u00eb p\u00ebrs\u00ebrisnim t\u00eb nj\u00ebjt\u00ebn buk\u00eb q\u00eb egjiptian\u00ebt e lasht\u00eb e prodhuan mij\u00ebra vjet m\u00eb par\u00eb nuk ishte e leht\u00eb\u201d, tha fizikanti.<\/p>\n<p>P\u00ebr t\u00eb prodhuar maja cil\u00ebsor, \u00ebsht\u00eb e nevojshme t\u00eb lihet jasht\u00eb nj\u00eb p\u00ebrzierje mielli dhe uji n\u00eb m\u00ebnyr\u00eb q\u00eb t\u00eb mund t\u00eb mbledh\u00eb mikrobe dhe baktere nga ambienti i tij p\u00ebrreth. Por mjedisi yn\u00eb ka p\u00ebsuar ndryshime t\u00eb r\u00ebnd\u00ebsishme q\u00eb nga koh\u00ebrat e lashta; Mikrobet e sotme ajrore jan\u00eb t\u00eb ndryshme nga ato t\u00eb 4500 vjet m\u00eb par\u00eb, q\u00eb do t\u00eb thot\u00eb se edhe maja moderne \u00ebsht\u00eb e ndryshme, madje edhe maja natyrale.<\/p>\n<p>\u201cIdeja ishte t\u00eb krijojm\u00eb nj\u00eb brum\u00eb me p\u00ebrb\u00ebr\u00ebsit e nj\u00ebjt\u00eb t\u00eb sakt\u00eb t\u00eb p\u00ebrdorur 4500 vjet m\u00eb par\u00eb,\u201d shpjegoi Blackley. \u201cAroma e k\u00ebsaj majeje \u00ebsht\u00eb e ndryshme nga \u00e7do gj\u00eb q\u00eb kam provuar ndonj\u00ebher\u00eb.\u201d<\/p>\n<p>Fatkeq\u00ebsisht, p\u00ebr t\u00eb gatuar brumin, Blackley u detyrua t\u00eb p\u00ebrdor\u00eb mjete moderne gatimi. Por ai shpreson t\u00eb b\u00ebj\u00eb nj\u00eb eksperiment tjet\u00ebr, duke p\u00ebrdorur nj\u00eb furr\u00eb me dru terrakota si ato t\u00eb p\u00ebrdorura nga egjiptian\u00ebt e lasht\u00eb.<\/p>\n<p><img data-recalc-dims=\"1\" loading=\"lazy\" decoding=\"async\" data-attachment-id=\"24656\" data-permalink=\"https:\/\/www.shqiperia.com\/blog\/shkencetari-ben-buke-me-maja-4-500-vjecare-habitet-nga-shija\/maja-buke-500-vjecare-2\/\" data-orig-file=\"https:\/\/i0.wp.com\/www.shqiperia.com\/blog\/wp-content\/uploads\/2019\/08\/Maja-buke-500-vjecare-1.jpg?fit=905%2C450&amp;ssl=1\" data-orig-size=\"905,450\" data-comments-opened=\"1\" data-image-meta=\"{&quot;aperture&quot;:&quot;0&quot;,&quot;credit&quot;:&quot;&quot;,&quot;camera&quot;:&quot;&quot;,&quot;caption&quot;:&quot;&quot;,&quot;created_timestamp&quot;:&quot;0&quot;,&quot;copyright&quot;:&quot;&quot;,&quot;focal_length&quot;:&quot;0&quot;,&quot;iso&quot;:&quot;0&quot;,&quot;shutter_speed&quot;:&quot;0&quot;,&quot;title&quot;:&quot;&quot;,&quot;orientation&quot;:&quot;0&quot;}\" data-image-title=\"Maja buke 500 vjecare\" data-image-description=\"\" data-image-caption=\"\" data-medium-file=\"https:\/\/i0.wp.com\/www.shqiperia.com\/blog\/wp-content\/uploads\/2019\/08\/Maja-buke-500-vjecare-1.jpg?fit=300%2C149&amp;ssl=1\" data-large-file=\"https:\/\/i0.wp.com\/www.shqiperia.com\/blog\/wp-content\/uploads\/2019\/08\/Maja-buke-500-vjecare-1.jpg?fit=905%2C450&amp;ssl=1\" class=\"alignnone  wp-image-24656\" alt=\"\" src=\"https:\/\/i0.wp.com\/www.shqiperia.com\/blog\/wp-content\/uploads\/2019\/08\/Maja-buke-500-vjecare-1.jpg?resize=729%2C362&#038;ssl=1\" width=\"729\" height=\"362\" srcset=\"https:\/\/i0.wp.com\/www.shqiperia.com\/blog\/wp-content\/uploads\/2019\/08\/Maja-buke-500-vjecare-1.jpg?resize=300%2C149&amp;ssl=1 300w, https:\/\/i0.wp.com\/www.shqiperia.com\/blog\/wp-content\/uploads\/2019\/08\/Maja-buke-500-vjecare-1.jpg?resize=768%2C382&amp;ssl=1 768w, https:\/\/i0.wp.com\/www.shqiperia.com\/blog\/wp-content\/uploads\/2019\/08\/Maja-buke-500-vjecare-1.jpg?resize=450%2C224&amp;ssl=1 450w, https:\/\/i0.wp.com\/www.shqiperia.com\/blog\/wp-content\/uploads\/2019\/08\/Maja-buke-500-vjecare-1.jpg?resize=600%2C298&amp;ssl=1 600w, https:\/\/i0.wp.com\/www.shqiperia.com\/blog\/wp-content\/uploads\/2019\/08\/Maja-buke-500-vjecare-1.jpg?resize=400%2C199&amp;ssl=1 400w, https:\/\/i0.wp.com\/www.shqiperia.com\/blog\/wp-content\/uploads\/2019\/08\/Maja-buke-500-vjecare-1.jpg?w=905&amp;ssl=1 905w\" sizes=\"auto, (max-width: 729px) 100vw, 729px\" \/><\/p>\n<p>\u201cAroma dhe shija jan\u00eb t\u00eb jasht\u00ebzakonshme. Jam i entuziazmuar, \u201d shkroi n\u00eb rrjetin social Blackley pasi shijoi buk\u00ebn e vjet\u00ebr. \u201cKjo \u00ebsht\u00eb e pabesueshme dhe jam i habitur q\u00eb eksperimenti funksionoi\u201d.<\/p>\n<p>b.b\/dita<\/p>\n","protected":false},"excerpt":{"rendered":"<p>Shkenc\u00ebtari b\u00ebn buk\u00eb me maja 4.500 vje\u00e7are, habitet nga shija. &#8211; Shkenc\u00ebtari \u00a0Seamus Blackley, pati mund\u00ebsin\u00eb t\u00eb piqte buk\u00eb duke p\u00ebrdorur nj\u00eb maja 4.500-vje\u00e7are q\u00eb u gjet n\u00eb vazo t\u00eb lashta egjiptiane. Sipas Blackley, buka e asaj kohe \u00ebsht\u00eb shum\u00eb m\u00eb e mir\u00eb se sot. \u201cT\u00eb p\u00ebrs\u00ebrisnim t\u00eb nj\u00ebjt\u00ebn buk\u00eb q\u00eb egjiptian\u00ebt e lasht\u00eb e [&hellip;]<\/p>\n","protected":false},"author":9,"featured_media":24655,"comment_status":"open","ping_status":"open","sticky":false,"template":"","format":"standard","meta":{"jetpack_post_was_ever_published":false,"_jetpack_newsletter_access":"","_jetpack_dont_email_post_to_subs":false,"_jetpack_newsletter_tier_id":0,"_jetpack_memberships_contains_paywalled_content":false,"_jetpack_memberships_contains_paid_content":false,"footnotes":"","jetpack_publicize_message":"","jetpack_publicize_feature_enabled":true,"jetpack_social_post_already_shared":true,"jetpack_social_options":{"image_generator_settings":{"template":"highway","default_image_id":0,"font":"","enabled":false},"version":2}},"categories":[27,85,10],"tags":[],"class_list":["post-24654","post","type-post","status-publish","format-standard","has-post-thumbnail","hentry","category-blogu-i-udhetarit","category-histori","category-kultura"],"jetpack_publicize_connections":[],"jetpack_featured_media_url":"https:\/\/i0.wp.com\/www.shqiperia.com\/blog\/wp-content\/uploads\/2019\/08\/Maja-buke-500-vjecare.jpg?fit=905%2C450&ssl=1","jetpack_sharing_enabled":true,"jetpack_shortlink":"https:\/\/wp.me\/p5Z6wp-6pE","jetpack-related-posts":[{"id":104384,"url":"https:\/\/www.shqiperia.com\/blog\/nje-shishe-me-vaj-ulliri-dhe-nje-buke-te-varrosura-nen-hirin-e-vezuvit-zbulohen-pas-dymije-vitesh\/","url_meta":{"origin":24654,"position":0},"title":"Nj\u00eb shishe me vaj ulliri dhe nj\u00eb buk\u00eb, t\u00eb varrosura n\u00ebn hirin e Vezuvit, zbulohen pas dymij\u00eb vitesh","author":"Kurt Farka","date":"August 13, 2026","format":false,"excerpt":"13 Gusht 2026 E paimagjinueshme, por e v\u00ebrtet\u00eb. Kjo shishe prej qelqi \u00ebsht\u00eb pothuajse 2,000-vje\u00e7are dhe, n\u00eb m\u00ebnyr\u00eb t\u00eb mrekullueshme, ende p\u00ebrmban vaj ulliri brenda saj. Ena mbeti e varrosur n\u00ebn hirin dhe mbetjet e shp\u00ebrthimit katastrofik t\u00eb vullkanit t\u00eb Vezuvit n\u00eb vitin 79 para Krishtit. Megjith\u00ebse fillimisht u zbulua\u2026","rel":"","context":"In &quot;Blogu i Udh\u00ebtarit&quot;","block_context":{"text":"Blogu i Udh\u00ebtarit","link":"https:\/\/www.shqiperia.com\/blog\/category\/blogu-i-udhetarit\/"},"img":{"alt_text":"","src":"https:\/\/i0.wp.com\/www.shqiperia.com\/blog\/wp-content\/uploads\/2026\/08\/640-0-shish-1786632578.jpg?fit=640%2C574&ssl=1&resize=350%2C200","width":350,"height":200,"srcset":"https:\/\/i0.wp.com\/www.shqiperia.com\/blog\/wp-content\/uploads\/2026\/08\/640-0-shish-1786632578.jpg?fit=640%2C574&ssl=1&resize=350%2C200 1x, https:\/\/i0.wp.com\/www.shqiperia.com\/blog\/wp-content\/uploads\/2026\/08\/640-0-shish-1786632578.jpg?fit=640%2C574&ssl=1&resize=525%2C300 1.5x"},"classes":[]},{"id":104197,"url":"https:\/\/www.shqiperia.com\/blog\/anija-romake-2100-vjecare-me-500-amfora-gjendet-ne-brigjet-e-sicilise\/","url_meta":{"origin":24654,"position":1},"title":"Anija romake 2100-vje\u00e7are me 500 amfora gjendet n\u00eb brigjet e Si\u00e7ilis\u00eb","author":"Kurt Farka","date":"August 11, 2026","format":false,"excerpt":"11 Gusht 2026 Nj\u00eb anije e mbytur romake 2,100-vje\u00e7are q\u00eb mbante rreth 500 amfora \u00ebsht\u00eb zbuluar 3 milje larg brigjeve t\u00eb Mazara del Vallo n\u00eb Si\u00e7ili. Skuadra italiane e mbrojtjes s\u00eb trash\u00ebgimis\u00eb kulturore t\u00eb Karabinier\u00ebve hetoi rr\u00ebnojat me ndihm\u00ebn e zhyt\u00ebsve dhe kamerave n\u00ebnujore, pasi mori nj\u00eb informacion nga peshkatar\u00ebt.\u2026","rel":"","context":"In &quot;Blogu i Udh\u00ebtarit&quot;","block_context":{"text":"Blogu i Udh\u00ebtarit","link":"https:\/\/www.shqiperia.com\/blog\/category\/blogu-i-udhetarit\/"},"img":{"alt_text":"","src":"https:\/\/i0.wp.com\/www.shqiperia.com\/blog\/wp-content\/uploads\/2026\/08\/auto_ANIJA1786383635-1.png?fit=900%2C414&ssl=1&resize=350%2C200","width":350,"height":200,"srcset":"https:\/\/i0.wp.com\/www.shqiperia.com\/blog\/wp-content\/uploads\/2026\/08\/auto_ANIJA1786383635-1.png?fit=900%2C414&ssl=1&resize=350%2C200 1x, https:\/\/i0.wp.com\/www.shqiperia.com\/blog\/wp-content\/uploads\/2026\/08\/auto_ANIJA1786383635-1.png?fit=900%2C414&ssl=1&resize=525%2C300 1.5x, https:\/\/i0.wp.com\/www.shqiperia.com\/blog\/wp-content\/uploads\/2026\/08\/auto_ANIJA1786383635-1.png?fit=900%2C414&ssl=1&resize=700%2C400 2x"},"classes":[]},{"id":103253,"url":"https:\/\/www.shqiperia.com\/blog\/poloni-po-ecte-ne-pyll-dhe-gjeti-nje-shpate-2700-vjecare-te-ngulur-drejt-ne-toke\/","url_meta":{"origin":24654,"position":2},"title":"Poloni &#8211; Po ecte n\u00eb pyll dhe gjeti nj\u00eb shpat\u00eb 2,700-vje\u00e7are t\u00eb ngulur drejt n\u00eb tok\u00eb","author":"Kurt Farka","date":"July 26, 2026","format":false,"excerpt":"]26 Korrik 2026 Nj\u00eb zbulim i jasht\u00ebzakonsh\u00ebm arkeologjik ka habitur studiuesit n\u00eb Poloni, pasi nj\u00eb burr\u00eb q\u00eb po k\u00ebrkonte me detektor metalesh n\u00eb nj\u00eb pyll pran\u00eb Gdanskut zbuloi nj\u00eb shpat\u00eb bronzi rreth 2700-vje\u00e7are, t\u00eb vendosur n\u00eb m\u00ebnyr\u00eb t\u00eb pazakont\u00eb drejt n\u00eb tok\u00eb. Zbuluesi amator po kryente nj\u00eb k\u00ebrkim rutin\u00eb kur\u2026","rel":"","context":"In &quot;Blogu i Udh\u00ebtarit&quot;","block_context":{"text":"Blogu i Udh\u00ebtarit","link":"https:\/\/www.shqiperia.com\/blog\/category\/blogu-i-udhetarit\/"},"img":{"alt_text":"","src":"https:\/\/i0.wp.com\/www.shqiperia.com\/blog\/wp-content\/uploads\/2026\/07\/shpata-1.jpg?fit=782%2C430&ssl=1&resize=350%2C200","width":350,"height":200,"srcset":"https:\/\/i0.wp.com\/www.shqiperia.com\/blog\/wp-content\/uploads\/2026\/07\/shpata-1.jpg?fit=782%2C430&ssl=1&resize=350%2C200 1x, https:\/\/i0.wp.com\/www.shqiperia.com\/blog\/wp-content\/uploads\/2026\/07\/shpata-1.jpg?fit=782%2C430&ssl=1&resize=525%2C300 1.5x, https:\/\/i0.wp.com\/www.shqiperia.com\/blog\/wp-content\/uploads\/2026\/07\/shpata-1.jpg?fit=782%2C430&ssl=1&resize=700%2C400 2x"},"classes":[]},{"id":100475,"url":"https:\/\/www.shqiperia.com\/blog\/nje-zbulim-historik-ne-siri-punetori-i-ndertimit-gjen-varre-te-lashta-1500-vjecare\/","url_meta":{"origin":24654,"position":3},"title":"Nj\u00eb zbulim historik n\u00eb Siri\/ Pun\u00ebtori i nd\u00ebrtimit gjen varre t\u00eb lashta 1500-vje\u00e7are","author":"Kurt Farka","date":"May 20, 2026","format":false,"excerpt":"20 Maji 2026 Nj\u00eb pun\u00ebtor nd\u00ebrtimi zbuloi nj\u00eb kompleks varresh 1,500-vje\u00e7ar, nd\u00ebrsa po hiqte rr\u00ebnojat e shkat\u00ebrruara nga lufta. Zbulimi i pabesuesh\u00ebm i nj\u00eb kompleksi t\u00eb lasht\u00eb varresh bizantine u gjet n\u00eb provinc\u00ebn siriane t\u00eb Idlibit n\u00eb veri t\u00eb vendit. Ato u gjet\u00ebn nga nj\u00eb pun\u00ebtor nd\u00ebrtimi i cili po\u2026","rel":"","context":"In &quot;Arte&quot;","block_context":{"text":"Arte","link":"https:\/\/www.shqiperia.com\/blog\/category\/arte\/"},"img":{"alt_text":"","src":"https:\/\/i0.wp.com\/www.shqiperia.com\/blog\/wp-content\/uploads\/2026\/05\/image-2-3.webp?fit=800%2C533&ssl=1&resize=350%2C200","width":350,"height":200,"srcset":"https:\/\/i0.wp.com\/www.shqiperia.com\/blog\/wp-content\/uploads\/2026\/05\/image-2-3.webp?fit=800%2C533&ssl=1&resize=350%2C200 1x, https:\/\/i0.wp.com\/www.shqiperia.com\/blog\/wp-content\/uploads\/2026\/05\/image-2-3.webp?fit=800%2C533&ssl=1&resize=525%2C300 1.5x, https:\/\/i0.wp.com\/www.shqiperia.com\/blog\/wp-content\/uploads\/2026\/05\/image-2-3.webp?fit=800%2C533&ssl=1&resize=700%2C400 2x"},"classes":[]},{"id":104948,"url":"https:\/\/www.shqiperia.com\/blog\/pikturat-e-lashta-kineze-ne-shkembinj-te-bera-me-gjak-femijesh-te-porsalindur\/","url_meta":{"origin":24654,"position":4},"title":"Pikturat e lashta kineze n\u00eb shk\u00ebmbinj, t\u00eb b\u00ebra me gjak f\u00ebmij\u00ebsh t\u00eb porsalindur(?!)","author":"Kurt Farka","date":"August 22, 2026","format":false,"excerpt":"22 Gusht 2026 Pikturat n\u00eb shk\u00ebmbinj kan\u00eb ekzistuar p\u00ebr dhjet\u00ebra mij\u00ebra vjet dhe n\u00eb pothuajse \u00e7do kontinent t\u00eb bot\u00ebs. Nd\u00ebrsa disa jan\u00eb nd\u00ebr veprat m\u00eb t\u00eb hershme t\u00eb artit t\u00eb krijuara nga njer\u00ebzimi, t\u00eb tjerat u krijuan relativisht koh\u00ebt e fundit. N\u00eb rajonin Guangxi t\u00eb Kin\u00ebs jugore, ka piktura shk\u00ebmbore\u2026","rel":"","context":"In &quot;Blogu i Udh\u00ebtarit&quot;","block_context":{"text":"Blogu i Udh\u00ebtarit","link":"https:\/\/www.shqiperia.com\/blog\/category\/blogu-i-udhetarit\/"},"img":{"alt_text":"","src":"https:\/\/i0.wp.com\/www.shqiperia.com\/blog\/wp-content\/uploads\/2026\/08\/auto_GJAKU1787254282.jpg?fit=900%2C600&ssl=1&resize=350%2C200","width":350,"height":200,"srcset":"https:\/\/i0.wp.com\/www.shqiperia.com\/blog\/wp-content\/uploads\/2026\/08\/auto_GJAKU1787254282.jpg?fit=900%2C600&ssl=1&resize=350%2C200 1x, https:\/\/i0.wp.com\/www.shqiperia.com\/blog\/wp-content\/uploads\/2026\/08\/auto_GJAKU1787254282.jpg?fit=900%2C600&ssl=1&resize=525%2C300 1.5x, https:\/\/i0.wp.com\/www.shqiperia.com\/blog\/wp-content\/uploads\/2026\/08\/auto_GJAKU1787254282.jpg?fit=900%2C600&ssl=1&resize=700%2C400 2x"},"classes":[]},{"id":105331,"url":"https:\/\/www.shqiperia.com\/blog\/ndodh-ne-austri-alpinisti-gjen-canten-e-shpines-qe-humbi-60-vjet-me-pare-gjate-shkrirjes-se-akullnajes\/","url_meta":{"origin":24654,"position":5},"title":"Ndodh n\u00eb Austri! Alpinisti gjen \u00e7ant\u00ebn e shpin\u00ebs q\u00eb humbi 60 vjet m\u00eb par\u00eb gjat\u00eb shkrirjes s\u00eb akullnaj\u00ebs","author":"Kurt Farka","date":"August 27, 2026","format":false,"excerpt":"27 Gusht 2026 Nj\u00eb alpinist 86-vje\u00e7ar n\u00eb Austri \u00ebsht\u00eb ribashkuar me \u00e7ant\u00ebn e shpin\u00ebs dhe pajisjet e tij t\u00eb alpinizmit, m\u00eb shum\u00eb se 60 vjet pasi i kishte humbur n\u00eb nj\u00eb \u00e7arje t\u00eb akullnaj\u00ebs. Sendet u zbuluan n\u00eb muajin korrik n\u00eb akullnaj\u00ebn Sulztalferner, n\u00eb Tirol, n\u00eb nj\u00eb lart\u00ebsi prej rreth\u2026","rel":"","context":"In &quot;Blogu i Udh\u00ebtarit&quot;","block_context":{"text":"Blogu i Udh\u00ebtarit","link":"https:\/\/www.shqiperia.com\/blog\/category\/blogu-i-udhetarit\/"},"img":{"alt_text":"","src":"https:\/\/i0.wp.com\/www.shqiperia.com\/blog\/wp-content\/uploads\/2026\/08\/orivatis.jpg?fit=1200%2C569&ssl=1&resize=350%2C200","width":350,"height":200,"srcset":"https:\/\/i0.wp.com\/www.shqiperia.com\/blog\/wp-content\/uploads\/2026\/08\/orivatis.jpg?fit=1200%2C569&ssl=1&resize=350%2C200 1x, https:\/\/i0.wp.com\/www.shqiperia.com\/blog\/wp-content\/uploads\/2026\/08\/orivatis.jpg?fit=1200%2C569&ssl=1&resize=525%2C300 1.5x, https:\/\/i0.wp.com\/www.shqiperia.com\/blog\/wp-content\/uploads\/2026\/08\/orivatis.jpg?fit=1200%2C569&ssl=1&resize=700%2C400 2x, https:\/\/i0.wp.com\/www.shqiperia.com\/blog\/wp-content\/uploads\/2026\/08\/orivatis.jpg?fit=1200%2C569&ssl=1&resize=1050%2C600 3x"},"classes":[]}],"_links":{"self":[{"href":"https:\/\/www.shqiperia.com\/blog\/wp-json\/wp\/v2\/posts\/24654","targetHints":{"allow":["GET"]}}],"collection":[{"href":"https:\/\/www.shqiperia.com\/blog\/wp-json\/wp\/v2\/posts"}],"about":[{"href":"https:\/\/www.shqiperia.com\/blog\/wp-json\/wp\/v2\/types\/post"}],"author":[{"embeddable":true,"href":"https:\/\/www.shqiperia.com\/blog\/wp-json\/wp\/v2\/users\/9"}],"replies":[{"embeddable":true,"href":"https:\/\/www.shqiperia.com\/blog\/wp-json\/wp\/v2\/comments?post=24654"}],"version-history":[{"count":1,"href":"https:\/\/www.shqiperia.com\/blog\/wp-json\/wp\/v2\/posts\/24654\/revisions"}],"predecessor-version":[{"id":24657,"href":"https:\/\/www.shqiperia.com\/blog\/wp-json\/wp\/v2\/posts\/24654\/revisions\/24657"}],"wp:featuredmedia":[{"embeddable":true,"href":"https:\/\/www.shqiperia.com\/blog\/wp-json\/wp\/v2\/media\/24655"}],"wp:attachment":[{"href":"https:\/\/www.shqiperia.com\/blog\/wp-json\/wp\/v2\/media?parent=24654"}],"wp:term":[{"taxonomy":"category","embeddable":true,"href":"https:\/\/www.shqiperia.com\/blog\/wp-json\/wp\/v2\/categories?post=24654"},{"taxonomy":"post_tag","embeddable":true,"href":"https:\/\/www.shqiperia.com\/blog\/wp-json\/wp\/v2\/tags?post=24654"}],"curies":[{"name":"wp","href":"https:\/\/api.w.org\/{rel}","templated":true}]}}