{"id":24651,"date":"2019-08-11T16:04:17","date_gmt":"2019-08-11T16:04:17","guid":{"rendered":"https:\/\/www.shqiperia.com\/blog\/?p=24651"},"modified":"2019-08-11T16:04:17","modified_gmt":"2019-08-11T16:04:17","slug":"speciet-po-zhduken-114-here-me-shpejt-se-me-pare-ne-po-e-keputim-degen-ku-jemi-ulur","status":"publish","type":"post","link":"https:\/\/www.shqiperia.com\/blog\/speciet-po-zhduken-114-here-me-shpejt-se-me-pare-ne-po-e-keputim-degen-ku-jemi-ulur\/","title":{"rendered":"Speciet po zhduken 114 her\u00eb m\u00eb shpejt se m\u00eb pare. &#8211; Ne po e k\u00ebputim deg\u00ebn ku jemi ulur\u201d."},"content":{"rendered":"<p><img data-recalc-dims=\"1\" loading=\"lazy\" decoding=\"async\" data-attachment-id=\"24652\" data-permalink=\"https:\/\/www.shqiperia.com\/blog\/speciet-po-zhduken-114-here-me-shpejt-se-me-pare-ne-po-e-keputim-degen-ku-jemi-ulur\/bo-905x450\/\" data-orig-file=\"https:\/\/i0.wp.com\/www.shqiperia.com\/blog\/wp-content\/uploads\/2019\/08\/bo-905x450.jpg?fit=905%2C450&amp;ssl=1\" data-orig-size=\"905,450\" data-comments-opened=\"1\" data-image-meta=\"{&quot;aperture&quot;:&quot;0&quot;,&quot;credit&quot;:&quot;&quot;,&quot;camera&quot;:&quot;&quot;,&quot;caption&quot;:&quot;&quot;,&quot;created_timestamp&quot;:&quot;0&quot;,&quot;copyright&quot;:&quot;&quot;,&quot;focal_length&quot;:&quot;0&quot;,&quot;iso&quot;:&quot;0&quot;,&quot;shutter_speed&quot;:&quot;0&quot;,&quot;title&quot;:&quot;&quot;,&quot;orientation&quot;:&quot;0&quot;}\" data-image-title=\"bo-905&#215;450\" data-image-description=\"\" data-image-caption=\"\" data-medium-file=\"https:\/\/i0.wp.com\/www.shqiperia.com\/blog\/wp-content\/uploads\/2019\/08\/bo-905x450.jpg?fit=300%2C149&amp;ssl=1\" data-large-file=\"https:\/\/i0.wp.com\/www.shqiperia.com\/blog\/wp-content\/uploads\/2019\/08\/bo-905x450.jpg?fit=905%2C450&amp;ssl=1\" class=\"alignnone  wp-image-24652\" alt=\"\" src=\"https:\/\/i0.wp.com\/www.shqiperia.com\/blog\/wp-content\/uploads\/2019\/08\/bo-905x450.jpg?resize=593%2C294&#038;ssl=1\" width=\"593\" height=\"294\" srcset=\"https:\/\/i0.wp.com\/www.shqiperia.com\/blog\/wp-content\/uploads\/2019\/08\/bo-905x450.jpg?resize=300%2C149&amp;ssl=1 300w, https:\/\/i0.wp.com\/www.shqiperia.com\/blog\/wp-content\/uploads\/2019\/08\/bo-905x450.jpg?resize=768%2C382&amp;ssl=1 768w, https:\/\/i0.wp.com\/www.shqiperia.com\/blog\/wp-content\/uploads\/2019\/08\/bo-905x450.jpg?resize=450%2C224&amp;ssl=1 450w, https:\/\/i0.wp.com\/www.shqiperia.com\/blog\/wp-content\/uploads\/2019\/08\/bo-905x450.jpg?resize=600%2C298&amp;ssl=1 600w, https:\/\/i0.wp.com\/www.shqiperia.com\/blog\/wp-content\/uploads\/2019\/08\/bo-905x450.jpg?resize=400%2C199&amp;ssl=1 400w, https:\/\/i0.wp.com\/www.shqiperia.com\/blog\/wp-content\/uploads\/2019\/08\/bo-905x450.jpg?resize=905%2C450&amp;ssl=1 905w\" sizes=\"auto, (max-width: 593px) 100vw, 593px\" \/><\/p>\n<p><strong>Speciet po zhduken 114 her\u00eb m\u00eb shpejt se m\u00eb pare. &#8211; <\/strong>Ne po e k\u00ebputim deg\u00ebn ku jemi ulur\u201d.<\/p>\n<p>Speciet po zhduken 114 her\u00eb m\u00eb shpejt se m\u00eb par\u00eb, paralajm\u00ebrojn\u00eb shkenc\u00ebtar\u00ebt t\u00eb cil\u00ebt pretendojn\u00eb se njer\u00ebzit mund t\u00eb jen\u00eb nd\u00ebr speciet e para q\u00eb do t\u00eb zhduken.<\/p>\n<p>Sipas shkenc\u00ebtar\u00ebve nga universitetet Princeton, Stanford dhe Berkeley, kjo norm\u00eb e zhdukjes s\u00eb specieve nuk \u00ebsht\u00eb par\u00eb q\u00eb nga epoka e dinozaur\u00ebve rreth 66 milion\u00eb vjet m\u00eb par\u00eb.<\/p>\n<p>Paul Ehrlich nga Universiteti Stanford, q\u00eb me zhdukjet merret q\u00eb nga viti 1980, thot\u00eb se \u201cnuk ka dyshim se po futemi n\u00eb zhdukjen e gjasht\u00eb masive\u201d, transmeton Telegrafi.<\/p>\n<p>Raporti i shkenc\u00ebtar\u00ebve t\u00eb k\u00ebtyre universiteteve ka hasur n\u00eb kritika t\u00eb shkenc\u00ebtar\u00ebve tjer\u00eb q\u00eb vler\u00ebsojn\u00eb se k\u00ebta po i zmadhojn\u00eb gj\u00ebrat. Por, ekipi nuk l\u00ebshon pe.<\/p>\n<p>\u201cN\u00ebse lejojm\u00eb q\u00eb kjo t\u00eb vazhdoj\u00eb, jet\u00ebs do t\u2019i duhen miliona vite q\u00eb t\u00eb sh\u00ebrohet, por soji jon\u00eb do t\u00eb vdes \u2013 sipas t\u00eb gjitha gjasave n\u00eb nj\u00eb faz\u00eb t\u00eb hershme. Ne po e k\u00ebputim deg\u00ebn ku jemi ulur\u201d, shton Gerardo Ceballos.<\/p>\n<p>Q\u00eb nga viti 1900, raporti thot\u00eb se mbi 400 specie t\u00eb kurrizor\u00ebve jan\u00eb zhdukur. Kjo humbje, n\u00eb rrethana normale do t\u00eb ndodhte n\u00eb 10 mij\u00eb vite. E kjo, sipas raportit t\u00eb publikuar n\u00eb revist\u00ebn \u201cScience Advances\u201d, ndodh p\u00ebr shkak t\u00eb ndryshimit t\u00eb klim\u00ebs, ndotjes dhe shpyll\u00ebzimit.<\/p>\n<p>Ekipi i shkenc\u00ebtar\u00ebve thot\u00eb se \u201cnorma mesatare e humbjes s\u00eb llojeve t\u00eb kurrizor\u00ebve gjat\u00eb 100 viteve t\u00eb fundit \u00ebsht\u00eb 114 her\u00eb m\u00eb e lart\u00eb se\u00e7 do t\u00eb duhej t\u00eb ishte pa aktivitetin negativ njer\u00ebzor\u201d.<\/p>\n<p><img data-recalc-dims=\"1\" loading=\"lazy\" decoding=\"async\" data-attachment-id=\"24652\" data-permalink=\"https:\/\/www.shqiperia.com\/blog\/speciet-po-zhduken-114-here-me-shpejt-se-me-pare-ne-po-e-keputim-degen-ku-jemi-ulur\/bo-905x450\/\" data-orig-file=\"https:\/\/i0.wp.com\/www.shqiperia.com\/blog\/wp-content\/uploads\/2019\/08\/bo-905x450.jpg?fit=905%2C450&amp;ssl=1\" data-orig-size=\"905,450\" data-comments-opened=\"1\" data-image-meta=\"{&quot;aperture&quot;:&quot;0&quot;,&quot;credit&quot;:&quot;&quot;,&quot;camera&quot;:&quot;&quot;,&quot;caption&quot;:&quot;&quot;,&quot;created_timestamp&quot;:&quot;0&quot;,&quot;copyright&quot;:&quot;&quot;,&quot;focal_length&quot;:&quot;0&quot;,&quot;iso&quot;:&quot;0&quot;,&quot;shutter_speed&quot;:&quot;0&quot;,&quot;title&quot;:&quot;&quot;,&quot;orientation&quot;:&quot;0&quot;}\" data-image-title=\"bo-905&#215;450\" data-image-description=\"\" data-image-caption=\"\" data-medium-file=\"https:\/\/i0.wp.com\/www.shqiperia.com\/blog\/wp-content\/uploads\/2019\/08\/bo-905x450.jpg?fit=300%2C149&amp;ssl=1\" data-large-file=\"https:\/\/i0.wp.com\/www.shqiperia.com\/blog\/wp-content\/uploads\/2019\/08\/bo-905x450.jpg?fit=905%2C450&amp;ssl=1\" class=\"alignnone  wp-image-24652\" alt=\"\" src=\"https:\/\/i0.wp.com\/www.shqiperia.com\/blog\/wp-content\/uploads\/2019\/08\/bo-905x450.jpg?resize=850%2C422&#038;ssl=1\" width=\"850\" height=\"422\" srcset=\"https:\/\/i0.wp.com\/www.shqiperia.com\/blog\/wp-content\/uploads\/2019\/08\/bo-905x450.jpg?resize=300%2C149&amp;ssl=1 300w, https:\/\/i0.wp.com\/www.shqiperia.com\/blog\/wp-content\/uploads\/2019\/08\/bo-905x450.jpg?resize=768%2C382&amp;ssl=1 768w, https:\/\/i0.wp.com\/www.shqiperia.com\/blog\/wp-content\/uploads\/2019\/08\/bo-905x450.jpg?resize=450%2C224&amp;ssl=1 450w, https:\/\/i0.wp.com\/www.shqiperia.com\/blog\/wp-content\/uploads\/2019\/08\/bo-905x450.jpg?resize=600%2C298&amp;ssl=1 600w, https:\/\/i0.wp.com\/www.shqiperia.com\/blog\/wp-content\/uploads\/2019\/08\/bo-905x450.jpg?resize=400%2C199&amp;ssl=1 400w, https:\/\/i0.wp.com\/www.shqiperia.com\/blog\/wp-content\/uploads\/2019\/08\/bo-905x450.jpg?resize=905%2C450&amp;ssl=1 905w\" sizes=\"auto, (max-width: 850px) 100vw, 850px\" \/><\/p>\n<p><strong>a.d. \/ dita<\/strong><\/p>\n","protected":false},"excerpt":{"rendered":"<p>Speciet po zhduken 114 her\u00eb m\u00eb shpejt se m\u00eb pare. &#8211; Ne po e k\u00ebputim deg\u00ebn ku jemi ulur\u201d. Speciet po zhduken 114 her\u00eb m\u00eb shpejt se m\u00eb par\u00eb, paralajm\u00ebrojn\u00eb shkenc\u00ebtar\u00ebt t\u00eb cil\u00ebt pretendojn\u00eb se njer\u00ebzit mund t\u00eb jen\u00eb nd\u00ebr speciet e para q\u00eb do t\u00eb zhduken. Sipas shkenc\u00ebtar\u00ebve nga universitetet Princeton, Stanford dhe Berkeley, [&hellip;]<\/p>\n","protected":false},"author":9,"featured_media":24652,"comment_status":"open","ping_status":"open","sticky":false,"template":"","format":"standard","meta":{"jetpack_post_was_ever_published":false,"_jetpack_newsletter_access":"","_jetpack_dont_email_post_to_subs":false,"_jetpack_newsletter_tier_id":0,"_jetpack_memberships_contains_paywalled_content":false,"_jetpack_memberships_contains_paid_content":false,"footnotes":"","jetpack_publicize_message":"","jetpack_publicize_feature_enabled":true,"jetpack_social_post_already_shared":true,"jetpack_social_options":{"image_generator_settings":{"template":"highway","default_image_id":0,"font":"","enabled":false},"version":2}},"categories":[27,10,35],"tags":[],"class_list":["post-24651","post","type-post","status-publish","format-standard","has-post-thumbnail","hentry","category-blogu-i-udhetarit","category-kultura","category-shoqerore"],"jetpack_publicize_connections":[],"jetpack_featured_media_url":"https:\/\/i0.wp.com\/www.shqiperia.com\/blog\/wp-content\/uploads\/2019\/08\/bo-905x450.jpg?fit=905%2C450&ssl=1","jetpack_sharing_enabled":true,"jetpack_shortlink":"https:\/\/wp.me\/p5Z6wp-6pB","jetpack-related-posts":[{"id":105642,"url":"https:\/\/www.shqiperia.com\/blog\/shkencetaret-me-ne-fund-zgjidhen-misterin-e-zhdukjes-me-te-madhe-masive-te-tokes\/","url_meta":{"origin":24651,"position":0},"title":"Shkenc\u00ebtar\u00ebt m\u00eb n\u00eb fund zgjidh\u00ebn misterin e zhdukjes m\u00eb t\u00eb madhe masive t\u00eb Tok\u00ebs","author":"Kurt Farka","date":"September 1, 2026","format":false,"excerpt":"1 Shtator 2026 Nj\u00eb studim i ri i udh\u00ebhequr nga Universiteti Stanford ka ofruar provat m\u00eb t\u00eb forta deri m\u00eb tani p\u00ebr t\u00eb shpjeguar pse disa kafsh\u00eb detare mbijetuan zhdukjen m\u00eb t\u00eb madhe masive t\u00eb Tok\u00ebs, nd\u00ebrsa shum\u00eb t\u00eb tjera u zhduk\u00ebn p\u00ebrgjithmon\u00eb. Gjetjet jo vet\u00ebm q\u00eb shpjegojn\u00eb se si\u2026","rel":"","context":"In &quot;Blogu i Udh\u00ebtarit&quot;","block_context":{"text":"Blogu i Udh\u00ebtarit","link":"https:\/\/www.shqiperia.com\/blog\/category\/blogu-i-udhetarit\/"},"img":{"alt_text":"","src":"https:\/\/i0.wp.com\/www.shqiperia.com\/blog\/wp-content\/uploads\/2026\/09\/auto_modern-and-paleozoic-fauna1785581112.jpg?fit=1200%2C675&ssl=1&resize=350%2C200","width":350,"height":200,"srcset":"https:\/\/i0.wp.com\/www.shqiperia.com\/blog\/wp-content\/uploads\/2026\/09\/auto_modern-and-paleozoic-fauna1785581112.jpg?fit=1200%2C675&ssl=1&resize=350%2C200 1x, https:\/\/i0.wp.com\/www.shqiperia.com\/blog\/wp-content\/uploads\/2026\/09\/auto_modern-and-paleozoic-fauna1785581112.jpg?fit=1200%2C675&ssl=1&resize=525%2C300 1.5x, https:\/\/i0.wp.com\/www.shqiperia.com\/blog\/wp-content\/uploads\/2026\/09\/auto_modern-and-paleozoic-fauna1785581112.jpg?fit=1200%2C675&ssl=1&resize=700%2C400 2x, https:\/\/i0.wp.com\/www.shqiperia.com\/blog\/wp-content\/uploads\/2026\/09\/auto_modern-and-paleozoic-fauna1785581112.jpg?fit=1200%2C675&ssl=1&resize=1050%2C600 3x"},"classes":[]},{"id":105682,"url":"https:\/\/www.shqiperia.com\/blog\/shkretetira-dikur-ishte-det-zbulimi-i-shkencetareve-ne-dunat-e-egjiptit-do-tju-habis\/","url_meta":{"origin":24651,"position":1},"title":"Shkret\u00ebtira dikur ishte det? Zbulimi i shkenc\u00ebtar\u00ebve n\u00eb dunat e Egjiptit do t&#8217;ju HABIS","author":"Kurt Farka","date":"September 1, 2026","format":false,"excerpt":"1 Shtator 2026 Nj\u00eb zbulim paleontologjik n\u00eb shkret\u00ebtir\u00ebn e Egjiptit po u jep shkenc\u00ebtar\u00ebve t\u00eb dh\u00ebna t\u00eb reja p\u00ebr jet\u00ebn detare q\u00eb ekzistonte n\u00eb k\u00ebt\u00eb territor miliona vite m\u00eb par\u00eb. N\u00eb Rrafshnalt\u00ebn Abu Tartur, rreth 650 kilometra nga Kajro, nj\u00eb ekip paleontolog\u00ebsh ka gjetur 14 dh\u00ebmb\u00eb t\u00eb fosilizuar peshkaqen\u00ebsh, q\u00eb\u2026","rel":"","context":"In &quot;Blogu i Udh\u00ebtarit&quot;","block_context":{"text":"Blogu i Udh\u00ebtarit","link":"https:\/\/www.shqiperia.com\/blog\/category\/blogu-i-udhetarit\/"},"img":{"alt_text":"","src":"https:\/\/i0.wp.com\/www.shqiperia.com\/blog\/wp-content\/uploads\/2026\/09\/640-0-ijuhyg5tr43ewjpg-1788248377.jpg?fit=640%2C370&ssl=1&resize=350%2C200","width":350,"height":200,"srcset":"https:\/\/i0.wp.com\/www.shqiperia.com\/blog\/wp-content\/uploads\/2026\/09\/640-0-ijuhyg5tr43ewjpg-1788248377.jpg?fit=640%2C370&ssl=1&resize=350%2C200 1x, https:\/\/i0.wp.com\/www.shqiperia.com\/blog\/wp-content\/uploads\/2026\/09\/640-0-ijuhyg5tr43ewjpg-1788248377.jpg?fit=640%2C370&ssl=1&resize=525%2C300 1.5x"},"classes":[]},{"id":101457,"url":"https:\/\/www.shqiperia.com\/blog\/hetim-doreheqja-nuk-mjafton-qarri-rama-nuk-duhet-te-numeroje-me-as-paret-as-pronat-dhe-as-votat-e-shqiptareve\/","url_meta":{"origin":24651,"position":2},"title":"\u2018Hetim &#8211; Dor\u00ebheqja nuk mjafton\u2019, Qarri: Rama nuk duhet t\u00eb num\u00ebroj\u00eb m\u00eb as paret, as pronat dhe as votat e shqiptar\u00ebve","author":"Kurt Farka","date":"June 13, 2026","format":false,"excerpt":"Gazetari Flavio Qarri ka ngritur pesh\u00eb turm\u00ebn e protestuesve me akuza t\u00eb r\u00ebnda ndaj qeveris\u00eb. Duke theksuar se flet si nj\u00eb familjar me 35 t\u00eb af\u00ebrm n\u00eb emigrim, ai preku plag\u00ebn m\u00eb t\u00eb thell\u00eb t\u00eb shoq\u00ebris\u00eb shqiptare: shpopullimin e vendit. P\u00ebrmes nj\u00eb historie rr\u00ebqeth\u00ebse personale, ku tregonte se si nj\u00eb\u2026","rel":"","context":"In &quot;Blogu i Udh\u00ebtarit&quot;","block_context":{"text":"Blogu i Udh\u00ebtarit","link":"https:\/\/www.shqiperia.com\/blog\/category\/blogu-i-udhetarit\/"},"img":{"alt_text":"","src":"https:\/\/i0.wp.com\/www.shqiperia.com\/blog\/wp-content\/uploads\/2026\/06\/auto_Screenshot_2026-06-13_1933551781372853.png?fit=900%2C473&ssl=1&resize=350%2C200","width":350,"height":200,"srcset":"https:\/\/i0.wp.com\/www.shqiperia.com\/blog\/wp-content\/uploads\/2026\/06\/auto_Screenshot_2026-06-13_1933551781372853.png?fit=900%2C473&ssl=1&resize=350%2C200 1x, https:\/\/i0.wp.com\/www.shqiperia.com\/blog\/wp-content\/uploads\/2026\/06\/auto_Screenshot_2026-06-13_1933551781372853.png?fit=900%2C473&ssl=1&resize=525%2C300 1.5x, https:\/\/i0.wp.com\/www.shqiperia.com\/blog\/wp-content\/uploads\/2026\/06\/auto_Screenshot_2026-06-13_1933551781372853.png?fit=900%2C473&ssl=1&resize=700%2C400 2x"},"classes":[]},{"id":105639,"url":"https:\/\/www.shqiperia.com\/blog\/librat-e-perdorur-po-zhduken-nga-tregu-po-kush-po-i-blen-dhe-per-cfare\/","url_meta":{"origin":24651,"position":3},"title":"Librat e p\u00ebrdorur po zhduken nga tregu, po kush po i blen dhe p\u00ebr \u00e7far\u00eb?","author":"Kurt Farka","date":"September 1, 2026","format":false,"excerpt":"1 Shtator 2026 Di\u00e7ka e pazakont\u00eb po ndodh n\u00eb tregun e librave t\u00eb p\u00ebrdorur. Gjat\u00eb muajve t\u00eb fundit, librashit\u00ebs t\u00eb pavarur n\u00eb vende t\u00eb ndryshme kan\u00eb v\u00ebn\u00eb re nj\u00eb val\u00eb porosish masive, ku mij\u00ebra libra po d\u00ebrgohen drejt magazinave t\u00eb larg\u00ebta, pa qen\u00eb e qart\u00eb se cili \u00ebsht\u00eb destinacioni i\u2026","rel":"","context":"In &quot;Blogu i Udh\u00ebtarit&quot;","block_context":{"text":"Blogu i Udh\u00ebtarit","link":"https:\/\/www.shqiperia.com\/blog\/category\/blogu-i-udhetarit\/"},"img":{"alt_text":"","src":"https:\/\/i0.wp.com\/www.shqiperia.com\/blog\/wp-content\/uploads\/2026\/09\/pngtree-room-filled-with-old-books-and-other-things-image_2529291.jpg?fit=640%2C359&ssl=1&resize=350%2C200","width":350,"height":200,"srcset":"https:\/\/i0.wp.com\/www.shqiperia.com\/blog\/wp-content\/uploads\/2026\/09\/pngtree-room-filled-with-old-books-and-other-things-image_2529291.jpg?fit=640%2C359&ssl=1&resize=350%2C200 1x, https:\/\/i0.wp.com\/www.shqiperia.com\/blog\/wp-content\/uploads\/2026\/09\/pngtree-room-filled-with-old-books-and-other-things-image_2529291.jpg?fit=640%2C359&ssl=1&resize=525%2C300 1.5x"},"classes":[]},{"id":105523,"url":"https:\/\/www.shqiperia.com\/blog\/trajneri-maran-nuk-kam-frike-nga-veshtiresite-shqiperia-i-ka-te-gjitha-letrat-nuk-flet-per-lojtaret\/","url_meta":{"origin":24651,"position":4},"title":"Trajneri Maran: &#8211; Nuk kam frik\u00eb nga v\u00ebshtir\u00ebsit\u00eb, Shqip\u00ebria i ka t\u00eb gjitha letrat, Nuk flet per lojtaret","author":"Kurt Farka","date":"August 30, 2026","format":false,"excerpt":"30 Gusht 2026 Trajneri i Komb\u00ebtares shqiptare, Rolando Maran, flet ekskluzivisht p\u00ebr Top Channel n\u00eb nj\u00eb intervist\u00eb me gazetarin Endi Tufa, ku prek t\u00eb gjitha temat e aktualitetit t\u00eb kuqezinjve n\u00eb prag t\u00eb nisjes s\u00eb ndeshjeve zyrtare. Maran flet p\u00ebr periudh\u00ebn e gjat\u00eb t\u00eb p\u00ebrgatitjeve, ndryshimet e shumta n\u00eb skuadrat\u2026","rel":"","context":"In &quot;Njoftime Shtypi&quot;","block_context":{"text":"Njoftime Shtypi","link":"https:\/\/www.shqiperia.com\/blog\/category\/njoftime-shtypi\/"},"img":{"alt_text":"","src":"https:\/\/i0.wp.com\/www.shqiperia.com\/blog\/wp-content\/uploads\/2026\/08\/Rolando-Maran.webp?fit=800%2C450&ssl=1&resize=350%2C200","width":350,"height":200,"srcset":"https:\/\/i0.wp.com\/www.shqiperia.com\/blog\/wp-content\/uploads\/2026\/08\/Rolando-Maran.webp?fit=800%2C450&ssl=1&resize=350%2C200 1x, https:\/\/i0.wp.com\/www.shqiperia.com\/blog\/wp-content\/uploads\/2026\/08\/Rolando-Maran.webp?fit=800%2C450&ssl=1&resize=525%2C300 1.5x, https:\/\/i0.wp.com\/www.shqiperia.com\/blog\/wp-content\/uploads\/2026\/08\/Rolando-Maran.webp?fit=800%2C450&ssl=1&resize=700%2C400 2x"},"classes":[]},{"id":40188,"url":"https:\/\/www.shqiperia.com\/blog\/shkencetaret-antitrupat-zhduken-shume-shpejt-pas-infektimit\/","url_meta":{"origin":24651,"position":5},"title":"Shkenc\u00ebtar\u00ebt: Antitrupat zhduken shum\u00eb shpejt, pas infektimit.","author":"Kurt Farka","date":"October 27, 2020","format":false,"excerpt":"Shkenc\u00ebtar\u00ebt: Antitrupat zhduken shum\u00eb shpejt, pas infektimit. 27 TETOR 2020 Nd\u00ebrsa shpresa e vetme p\u00ebr mosinfektimin p\u00ebr her\u00eb t\u00eb dyt\u00eb nga Covid-19 varen tek antitrupat, studiuesit thon\u00eb se, ata zbehen mjaft shpejt pas infektimit. Antitrupat jan\u00eb kryesor\u00ebt n\u00eb mbrojtjen imune dhe ndalojn\u00eb virusin t\u00eb futet brenda qelizave t\u00eb trupit. Ekipi\u2026","rel":"","context":"In &quot;Blogu i Udh\u00ebtarit&quot;","block_context":{"text":"Blogu i Udh\u00ebtarit","link":"https:\/\/www.shqiperia.com\/blog\/category\/blogu-i-udhetarit\/"},"img":{"alt_text":"","src":"https:\/\/i0.wp.com\/www.shqiperia.com\/blog\/wp-content\/uploads\/2020\/10\/640-0-5f9833f813a03.jpg?fit=640%2C360&ssl=1&resize=350%2C200","width":350,"height":200,"srcset":"https:\/\/i0.wp.com\/www.shqiperia.com\/blog\/wp-content\/uploads\/2020\/10\/640-0-5f9833f813a03.jpg?fit=640%2C360&ssl=1&resize=350%2C200 1x, https:\/\/i0.wp.com\/www.shqiperia.com\/blog\/wp-content\/uploads\/2020\/10\/640-0-5f9833f813a03.jpg?fit=640%2C360&ssl=1&resize=525%2C300 1.5x"},"classes":[]}],"_links":{"self":[{"href":"https:\/\/www.shqiperia.com\/blog\/wp-json\/wp\/v2\/posts\/24651","targetHints":{"allow":["GET"]}}],"collection":[{"href":"https:\/\/www.shqiperia.com\/blog\/wp-json\/wp\/v2\/posts"}],"about":[{"href":"https:\/\/www.shqiperia.com\/blog\/wp-json\/wp\/v2\/types\/post"}],"author":[{"embeddable":true,"href":"https:\/\/www.shqiperia.com\/blog\/wp-json\/wp\/v2\/users\/9"}],"replies":[{"embeddable":true,"href":"https:\/\/www.shqiperia.com\/blog\/wp-json\/wp\/v2\/comments?post=24651"}],"version-history":[{"count":1,"href":"https:\/\/www.shqiperia.com\/blog\/wp-json\/wp\/v2\/posts\/24651\/revisions"}],"predecessor-version":[{"id":24653,"href":"https:\/\/www.shqiperia.com\/blog\/wp-json\/wp\/v2\/posts\/24651\/revisions\/24653"}],"wp:featuredmedia":[{"embeddable":true,"href":"https:\/\/www.shqiperia.com\/blog\/wp-json\/wp\/v2\/media\/24652"}],"wp:attachment":[{"href":"https:\/\/www.shqiperia.com\/blog\/wp-json\/wp\/v2\/media?parent=24651"}],"wp:term":[{"taxonomy":"category","embeddable":true,"href":"https:\/\/www.shqiperia.com\/blog\/wp-json\/wp\/v2\/categories?post=24651"},{"taxonomy":"post_tag","embeddable":true,"href":"https:\/\/www.shqiperia.com\/blog\/wp-json\/wp\/v2\/tags?post=24651"}],"curies":[{"name":"wp","href":"https:\/\/api.w.org\/{rel}","templated":true}]}}