{"id":24631,"date":"2019-08-11T09:48:55","date_gmt":"2019-08-11T09:48:55","guid":{"rendered":"https:\/\/www.shqiperia.com\/blog\/?p=24631"},"modified":"2019-08-11T09:49:18","modified_gmt":"2019-08-11T09:49:18","slug":"artizanet-e-gjirokastres","status":"publish","type":"post","link":"https:\/\/www.shqiperia.com\/blog\/artizanet-e-gjirokastres\/","title":{"rendered":"Artizan\u00ebt e Gjirokastr\u00ebs. &#8211;"},"content":{"rendered":"<p><img data-recalc-dims=\"1\" loading=\"lazy\" decoding=\"async\" data-attachment-id=\"24632\" data-permalink=\"https:\/\/www.shqiperia.com\/blog\/artizanet-e-gjirokastres\/gj_arc_pazari-i-gjirokastres_17-1800-1-750x422\/\" data-orig-file=\"https:\/\/i0.wp.com\/www.shqiperia.com\/blog\/wp-content\/uploads\/2019\/08\/GJ_ARC_PAZARI-I-GJIROKASTRES_17-1800-1-750x422.jpg?fit=750%2C422&amp;ssl=1\" data-orig-size=\"750,422\" data-comments-opened=\"1\" data-image-meta=\"{&quot;aperture&quot;:&quot;0&quot;,&quot;credit&quot;:&quot;&quot;,&quot;camera&quot;:&quot;&quot;,&quot;caption&quot;:&quot;&quot;,&quot;created_timestamp&quot;:&quot;0&quot;,&quot;copyright&quot;:&quot;&quot;,&quot;focal_length&quot;:&quot;0&quot;,&quot;iso&quot;:&quot;0&quot;,&quot;shutter_speed&quot;:&quot;0&quot;,&quot;title&quot;:&quot;&quot;,&quot;orientation&quot;:&quot;0&quot;}\" data-image-title=\"GJ_ARC_PAZARI-I-GJIROKASTRES_17-1800-1-750&#215;422\" data-image-description=\"\" data-image-caption=\"\" data-medium-file=\"https:\/\/i0.wp.com\/www.shqiperia.com\/blog\/wp-content\/uploads\/2019\/08\/GJ_ARC_PAZARI-I-GJIROKASTRES_17-1800-1-750x422.jpg?fit=300%2C169&amp;ssl=1\" data-large-file=\"https:\/\/i0.wp.com\/www.shqiperia.com\/blog\/wp-content\/uploads\/2019\/08\/GJ_ARC_PAZARI-I-GJIROKASTRES_17-1800-1-750x422.jpg?fit=750%2C422&amp;ssl=1\" class=\"alignnone wp-image-24632\" alt=\"\" src=\"https:\/\/i0.wp.com\/www.shqiperia.com\/blog\/wp-content\/uploads\/2019\/08\/GJ_ARC_PAZARI-I-GJIROKASTRES_17-1800-1-750x422.jpg?resize=481%2C271&#038;ssl=1\" width=\"481\" height=\"271\" srcset=\"https:\/\/i0.wp.com\/www.shqiperia.com\/blog\/wp-content\/uploads\/2019\/08\/GJ_ARC_PAZARI-I-GJIROKASTRES_17-1800-1-750x422.jpg?resize=300%2C169&amp;ssl=1 300w, https:\/\/i0.wp.com\/www.shqiperia.com\/blog\/wp-content\/uploads\/2019\/08\/GJ_ARC_PAZARI-I-GJIROKASTRES_17-1800-1-750x422.jpg?resize=450%2C253&amp;ssl=1 450w, https:\/\/i0.wp.com\/www.shqiperia.com\/blog\/wp-content\/uploads\/2019\/08\/GJ_ARC_PAZARI-I-GJIROKASTRES_17-1800-1-750x422.jpg?resize=600%2C338&amp;ssl=1 600w, https:\/\/i0.wp.com\/www.shqiperia.com\/blog\/wp-content\/uploads\/2019\/08\/GJ_ARC_PAZARI-I-GJIROKASTRES_17-1800-1-750x422.jpg?resize=400%2C225&amp;ssl=1 400w, https:\/\/i0.wp.com\/www.shqiperia.com\/blog\/wp-content\/uploads\/2019\/08\/GJ_ARC_PAZARI-I-GJIROKASTRES_17-1800-1-750x422.jpg?resize=750%2C422&amp;ssl=1 750w\" sizes=\"auto, (max-width: 481px) 100vw, 481px\" \/><\/p>\n<p><strong>Artizan\u00ebt e Gjirokastr\u00ebs<\/strong><\/p>\n<p>P\u00eblhur\u00eb, guri dhe druri jan\u00eb tre element\u00ebt baz\u00eb t\u00eb zbukurimit t\u00eb banesave n\u00eb qytetin e rrall\u00eb te Gjirokastr\u00ebs. Dritaret t\u00eb zbukuruara me perde t\u00eb bardha q\u00ebndisur me mjesht\u00ebri, gur\u00ebt si themelet e mbajtjes s\u00eb sht\u00ebpive ku gjalloi e mbeti zanafilla e qytetit, nd\u00ebrsa druri \u00ebsht\u00eb \u00e7atia mbi kok\u00ebn e gjirokastrit\u00ebve q\u00eb nd\u00ebrtuan jet\u00ebn n\u00eb nj\u00eb qytet t\u00eb pasur me zgjuar\u00ebsi.<\/p>\n<p><img data-recalc-dims=\"1\" loading=\"lazy\" decoding=\"async\" data-attachment-id=\"24633\" data-permalink=\"https:\/\/www.shqiperia.com\/blog\/artizanet-e-gjirokastres\/gj_arc_pazari-i-gjirokastres_07-1800-750x422\/\" data-orig-file=\"https:\/\/i0.wp.com\/www.shqiperia.com\/blog\/wp-content\/uploads\/2019\/08\/GJ_ARC_PAZARI-I-GJIROKASTRES_07-1800-750x422.jpg?fit=750%2C422&amp;ssl=1\" data-orig-size=\"750,422\" data-comments-opened=\"1\" data-image-meta=\"{&quot;aperture&quot;:&quot;0&quot;,&quot;credit&quot;:&quot;&quot;,&quot;camera&quot;:&quot;&quot;,&quot;caption&quot;:&quot;&quot;,&quot;created_timestamp&quot;:&quot;0&quot;,&quot;copyright&quot;:&quot;&quot;,&quot;focal_length&quot;:&quot;0&quot;,&quot;iso&quot;:&quot;0&quot;,&quot;shutter_speed&quot;:&quot;0&quot;,&quot;title&quot;:&quot;&quot;,&quot;orientation&quot;:&quot;0&quot;}\" data-image-title=\"GJ_ARC_PAZARI-I-GJIROKASTRES_07-1800-750&#215;422\" data-image-description=\"\" data-image-caption=\"\" data-medium-file=\"https:\/\/i0.wp.com\/www.shqiperia.com\/blog\/wp-content\/uploads\/2019\/08\/GJ_ARC_PAZARI-I-GJIROKASTRES_07-1800-750x422.jpg?fit=300%2C169&amp;ssl=1\" data-large-file=\"https:\/\/i0.wp.com\/www.shqiperia.com\/blog\/wp-content\/uploads\/2019\/08\/GJ_ARC_PAZARI-I-GJIROKASTRES_07-1800-750x422.jpg?fit=750%2C422&amp;ssl=1\" class=\"alignnone wp-image-24633\" alt=\"\" src=\"https:\/\/i0.wp.com\/www.shqiperia.com\/blog\/wp-content\/uploads\/2019\/08\/GJ_ARC_PAZARI-I-GJIROKASTRES_07-1800-750x422.jpg?resize=685%2C386&#038;ssl=1\" width=\"685\" height=\"386\" srcset=\"https:\/\/i0.wp.com\/www.shqiperia.com\/blog\/wp-content\/uploads\/2019\/08\/GJ_ARC_PAZARI-I-GJIROKASTRES_07-1800-750x422.jpg?resize=300%2C169&amp;ssl=1 300w, https:\/\/i0.wp.com\/www.shqiperia.com\/blog\/wp-content\/uploads\/2019\/08\/GJ_ARC_PAZARI-I-GJIROKASTRES_07-1800-750x422.jpg?resize=450%2C253&amp;ssl=1 450w, https:\/\/i0.wp.com\/www.shqiperia.com\/blog\/wp-content\/uploads\/2019\/08\/GJ_ARC_PAZARI-I-GJIROKASTRES_07-1800-750x422.jpg?resize=600%2C338&amp;ssl=1 600w, https:\/\/i0.wp.com\/www.shqiperia.com\/blog\/wp-content\/uploads\/2019\/08\/GJ_ARC_PAZARI-I-GJIROKASTRES_07-1800-750x422.jpg?resize=400%2C225&amp;ssl=1 400w, https:\/\/i0.wp.com\/www.shqiperia.com\/blog\/wp-content\/uploads\/2019\/08\/GJ_ARC_PAZARI-I-GJIROKASTRES_07-1800-750x422.jpg?resize=750%2C422&amp;ssl=1 750w\" sizes=\"auto, (max-width: 685px) 100vw, 685px\" \/><\/p>\n<p><strong>Artizan\u00ebt e Gjirokastr\u00ebs<\/strong><\/p>\n<p>N\u00eb Qaf\u00ebn e Pazarit gjen Vjollca Mezinin, nj\u00eb q\u00ebndistare q\u00eb syt\u00eb dhe shpirtin ia dedikon prej vitesh zbukurimit t\u00eb p\u00eblhurave, duke skalitur me gjilp\u00ebr\u00eb e penj shum\u00ebngjyr\u00ebsh\u00a0<a href=\"https:\/\/www.intoalbania.com\/sq\/qytet\/gjirokaster\/\">Gjirokastr\u00ebn<\/a>, qytetin e saj. Gishtat e shpejt\u00eb luajn\u00eb me gjilp\u00ebr\u00ebn duke l\u00ebn\u00eb mbi dantella vizatime t\u00eb qytetit, sht\u00ebpive karakteristike, kalas\u00eb s\u00eb Argjiros, urave dhe sokak\u00ebve q\u00eb jan\u00eb frym\u00ebzimi i artizan\u00ebve. Nuk \u00ebsht\u00eb e thjesht\u00eb me kok\u00ebn ulur p\u00ebr or\u00eb t\u00eb t\u00ebra t\u00eb end\u00ebsh n\u00eb q\u00ebndisje. P\u00ebr Vjollc\u00ebn, zbukurimi i p\u00eblhurave shp\u00ebrblehet nga syt\u00eb dhe interesi i turist\u00ebve e vizitor\u00ebve. Puna e dor\u00ebs \u00ebsht\u00eb\u00a0e rrall\u00eb dhe grat\u00eb shqiptare e kan\u00eb kultivuar k\u00ebt\u00eb mjesht\u00ebri p\u00ebr shekuj. Tek Vjollca gjen shum\u00ebllojshm\u00ebri, nga motivet gjeometrike t\u00eb q\u00ebndisura bukur mbi beze e deri tek fiston\u00ebt e bardh\u00eb q\u00eb ravij\u00ebzojn\u00eb\u00a0<a href=\"https:\/\/www.intoalbania.com\/sq\/atraksion\/kalaja-e-gjirokastres\/\">Kalan\u00eb e Gjirokastr\u00ebs<\/a>\u00a0apo Qaf\u00ebn e Pazarit, krenarit\u00eb e arkitektur\u00ebs s\u00eb gurt\u00eb.<\/p>\n<p><img data-recalc-dims=\"1\" loading=\"lazy\" decoding=\"async\" data-attachment-id=\"24634\" data-permalink=\"https:\/\/www.shqiperia.com\/blog\/artizanet-e-gjirokastres\/gj_arc_pazari-i-gjirokastres_09-1800-750x422\/\" data-orig-file=\"https:\/\/i0.wp.com\/www.shqiperia.com\/blog\/wp-content\/uploads\/2019\/08\/GJ_ARC_PAZARI-I-GJIROKASTRES_09-1800-750x422.jpg?fit=750%2C422&amp;ssl=1\" data-orig-size=\"750,422\" data-comments-opened=\"1\" data-image-meta=\"{&quot;aperture&quot;:&quot;0&quot;,&quot;credit&quot;:&quot;&quot;,&quot;camera&quot;:&quot;&quot;,&quot;caption&quot;:&quot;&quot;,&quot;created_timestamp&quot;:&quot;0&quot;,&quot;copyright&quot;:&quot;&quot;,&quot;focal_length&quot;:&quot;0&quot;,&quot;iso&quot;:&quot;0&quot;,&quot;shutter_speed&quot;:&quot;0&quot;,&quot;title&quot;:&quot;&quot;,&quot;orientation&quot;:&quot;0&quot;}\" data-image-title=\"GJ_ARC_PAZARI-I-GJIROKASTRES_09-1800-750&#215;422\" data-image-description=\"\" data-image-caption=\"\" data-medium-file=\"https:\/\/i0.wp.com\/www.shqiperia.com\/blog\/wp-content\/uploads\/2019\/08\/GJ_ARC_PAZARI-I-GJIROKASTRES_09-1800-750x422.jpg?fit=300%2C169&amp;ssl=1\" data-large-file=\"https:\/\/i0.wp.com\/www.shqiperia.com\/blog\/wp-content\/uploads\/2019\/08\/GJ_ARC_PAZARI-I-GJIROKASTRES_09-1800-750x422.jpg?fit=750%2C422&amp;ssl=1\" class=\"alignnone wp-image-24634\" alt=\"\" src=\"https:\/\/i0.wp.com\/www.shqiperia.com\/blog\/wp-content\/uploads\/2019\/08\/GJ_ARC_PAZARI-I-GJIROKASTRES_09-1800-750x422.jpg?resize=620%2C349&#038;ssl=1\" width=\"620\" height=\"349\" srcset=\"https:\/\/i0.wp.com\/www.shqiperia.com\/blog\/wp-content\/uploads\/2019\/08\/GJ_ARC_PAZARI-I-GJIROKASTRES_09-1800-750x422.jpg?resize=300%2C169&amp;ssl=1 300w, https:\/\/i0.wp.com\/www.shqiperia.com\/blog\/wp-content\/uploads\/2019\/08\/GJ_ARC_PAZARI-I-GJIROKASTRES_09-1800-750x422.jpg?resize=450%2C253&amp;ssl=1 450w, https:\/\/i0.wp.com\/www.shqiperia.com\/blog\/wp-content\/uploads\/2019\/08\/GJ_ARC_PAZARI-I-GJIROKASTRES_09-1800-750x422.jpg?resize=600%2C338&amp;ssl=1 600w, https:\/\/i0.wp.com\/www.shqiperia.com\/blog\/wp-content\/uploads\/2019\/08\/GJ_ARC_PAZARI-I-GJIROKASTRES_09-1800-750x422.jpg?resize=400%2C225&amp;ssl=1 400w, https:\/\/i0.wp.com\/www.shqiperia.com\/blog\/wp-content\/uploads\/2019\/08\/GJ_ARC_PAZARI-I-GJIROKASTRES_09-1800-750x422.jpg?resize=750%2C422&amp;ssl=1 750w\" sizes=\"auto, (max-width: 620px) 100vw, 620px\" \/><\/p>\n","protected":false},"excerpt":{"rendered":"<p>Artizan\u00ebt e Gjirokastr\u00ebs P\u00eblhur\u00eb, guri dhe druri jan\u00eb tre element\u00ebt baz\u00eb t\u00eb zbukurimit t\u00eb banesave n\u00eb qytetin e rrall\u00eb te Gjirokastr\u00ebs. Dritaret t\u00eb zbukuruara me perde t\u00eb bardha q\u00ebndisur me mjesht\u00ebri, gur\u00ebt si themelet e mbajtjes s\u00eb sht\u00ebpive ku gjalloi e mbeti zanafilla e qytetit, nd\u00ebrsa druri \u00ebsht\u00eb \u00e7atia mbi kok\u00ebn e gjirokastrit\u00ebve q\u00eb nd\u00ebrtuan [&hellip;]<\/p>\n","protected":false},"author":9,"featured_media":24632,"comment_status":"open","ping_status":"open","sticky":false,"template":"","format":"standard","meta":{"jetpack_post_was_ever_published":false,"_jetpack_newsletter_access":"","_jetpack_dont_email_post_to_subs":false,"_jetpack_newsletter_tier_id":0,"_jetpack_memberships_contains_paywalled_content":false,"_jetpack_memberships_contains_paid_content":false,"footnotes":"","jetpack_publicize_message":"","jetpack_publicize_feature_enabled":true,"jetpack_social_post_already_shared":true,"jetpack_social_options":{"image_generator_settings":{"template":"highway","default_image_id":0,"font":"","enabled":false},"version":2}},"categories":[27,10],"tags":[],"class_list":["post-24631","post","type-post","status-publish","format-standard","has-post-thumbnail","hentry","category-blogu-i-udhetarit","category-kultura"],"jetpack_publicize_connections":[],"jetpack_featured_media_url":"https:\/\/i0.wp.com\/www.shqiperia.com\/blog\/wp-content\/uploads\/2019\/08\/GJ_ARC_PAZARI-I-GJIROKASTRES_17-1800-1-750x422.jpg?fit=750%2C422&ssl=1","jetpack_sharing_enabled":true,"jetpack_shortlink":"https:\/\/wp.me\/p5Z6wp-6ph","jetpack-related-posts":[{"id":103924,"url":"https:\/\/www.shqiperia.com\/blog\/rikthehet-iso-mbi-kalldrem-ne-gjirokaster\/","url_meta":{"origin":24631,"position":0},"title":"Rikthehet \u2018Iso mbi kalldr\u00ebm\u2019 n\u00eb Gjirokast\u00ebr","author":"Kurt Farka","date":"August 7, 2026","format":false,"excerpt":"7 Gusht 2026 Mbr\u00ebmjet e ver\u00ebs n\u00eb Pazarin Karakteristik t\u00eb Gjirokastr\u00ebs vijojn\u00eb t\u00eb marrin jet\u00eb n\u00ebn tingujt e isopolifonis\u00eb. Edicioni i pest\u00eb i aktivitetit \u201cIso mbi Kalldr\u00ebm\u201d ka rikthyer edhe k\u00ebt\u00eb vit atmosfer\u00ebn tradicionale n\u00eb zem\u00ebr t\u00eb qytetit, duke mbledhur banor\u00eb e vizitor\u00eb vendas e t\u00eb huaj. \u201c\u00cbsht\u00eb k\u00ebnaq\u00ebsi q\u00eb\u2026","rel":"","context":"In &quot;Arte&quot;","block_context":{"text":"Arte","link":"https:\/\/www.shqiperia.com\/blog\/category\/arte\/"},"img":{"alt_text":"","src":"https:\/\/i0.wp.com\/www.shqiperia.com\/blog\/wp-content\/uploads\/2026\/08\/Screenshot_10-1-1024x641-1.jpg?fit=1024%2C641&ssl=1&resize=350%2C200","width":350,"height":200,"srcset":"https:\/\/i0.wp.com\/www.shqiperia.com\/blog\/wp-content\/uploads\/2026\/08\/Screenshot_10-1-1024x641-1.jpg?fit=1024%2C641&ssl=1&resize=350%2C200 1x, https:\/\/i0.wp.com\/www.shqiperia.com\/blog\/wp-content\/uploads\/2026\/08\/Screenshot_10-1-1024x641-1.jpg?fit=1024%2C641&ssl=1&resize=525%2C300 1.5x, https:\/\/i0.wp.com\/www.shqiperia.com\/blog\/wp-content\/uploads\/2026\/08\/Screenshot_10-1-1024x641-1.jpg?fit=1024%2C641&ssl=1&resize=700%2C400 2x"},"classes":[]},{"id":100229,"url":"https:\/\/www.shqiperia.com\/blog\/godinat-ne-zonen-muzeale-ne-gjirokaster-ne-rrezik-shembje\/","url_meta":{"origin":24631,"position":1},"title":"Godinat n\u00eb Zon\u00ebn muzeale n\u00eb Gjirokast\u00ebr n\u00eb rrezik shembje","author":"Kurt Farka","date":"May 13, 2026","format":false,"excerpt":"13 Maji 2026 Shum\u00eb objekte moment kulture n\u00eb zon\u00ebn muzeale n\u00eb Gjirokast\u00ebr rrezikojn\u00eb shembjen p\u00ebr shkak t\u00eb munges\u00ebs s\u00eb restaurimit. Drejtori i Drejtoris\u00eb Rajonale t\u00eb Trash\u00ebgimis\u00eb Kulturore, Ardit Duka u shpreh se nuk mund t\u00eb nd\u00ebrhyjn\u00eb n\u00eb k\u00ebto godina pa zgjidhur ng\u00ebr\u00e7in e pron\u00ebsis\u00eb q\u00eb sipas tij duhet hapa ligjore\u2026","rel":"","context":"In &quot;Blogu i Udh\u00ebtarit&quot;","block_context":{"text":"Blogu i Udh\u00ebtarit","link":"https:\/\/www.shqiperia.com\/blog\/category\/blogu-i-udhetarit\/"},"img":{"alt_text":"","src":"https:\/\/i0.wp.com\/www.shqiperia.com\/blog\/wp-content\/uploads\/2026\/05\/Gjirokastra.jpg?fit=1200%2C675&ssl=1&resize=350%2C200","width":350,"height":200,"srcset":"https:\/\/i0.wp.com\/www.shqiperia.com\/blog\/wp-content\/uploads\/2026\/05\/Gjirokastra.jpg?fit=1200%2C675&ssl=1&resize=350%2C200 1x, https:\/\/i0.wp.com\/www.shqiperia.com\/blog\/wp-content\/uploads\/2026\/05\/Gjirokastra.jpg?fit=1200%2C675&ssl=1&resize=525%2C300 1.5x, https:\/\/i0.wp.com\/www.shqiperia.com\/blog\/wp-content\/uploads\/2026\/05\/Gjirokastra.jpg?fit=1200%2C675&ssl=1&resize=700%2C400 2x, https:\/\/i0.wp.com\/www.shqiperia.com\/blog\/wp-content\/uploads\/2026\/05\/Gjirokastra.jpg?fit=1200%2C675&ssl=1&resize=1050%2C600 3x"},"classes":[]},{"id":103084,"url":"https:\/\/www.shqiperia.com\/blog\/ndahet-nga-jeta-akademiku-emin-riza-studiuesi-i-shquar-i-trashegimise-kulturore-shqiptare\/","url_meta":{"origin":24631,"position":2},"title":"Ndahet nga jeta akademiku Emin Riza, studiuesi i shquar i trash\u00ebgimis\u00eb kulturore shqiptare","author":"Kurt Farka","date":"July 22, 2026","format":false,"excerpt":"22 Korrik 2026 \u00cbsht\u00eb ndar\u00eb nga jeta n\u00eb mosh\u00ebn 89-vje\u00e7are akademik Emin Riza, nj\u00eb nga studiuesit m\u00eb t\u00eb njohur shqiptar\u00eb n\u00eb fush\u00ebn e trash\u00ebgimis\u00eb kulturore dhe arkitektur\u00ebs tradicionale. Akademia e Shkencave e Shqip\u00ebris\u00eb dhe Komisioni i P\u00ebrhersh\u00ebm i Trash\u00ebgimis\u00eb Kulturore shpreh\u00ebn ngush\u00ebllimet p\u00ebr familjen, t\u00eb af\u00ebrmit, komunitetin akademik dhe bashk\u00ebpun\u00ebtor\u00ebt\u2026","rel":"","context":"In &quot;Blogu i Udh\u00ebtarit&quot;","block_context":{"text":"Blogu i Udh\u00ebtarit","link":"https:\/\/www.shqiperia.com\/blog\/category\/blogu-i-udhetarit\/"},"img":{"alt_text":"","src":"https:\/\/i0.wp.com\/www.shqiperia.com\/blog\/wp-content\/uploads\/2026\/07\/Emin-Riza.webp?fit=900%2C500&ssl=1&resize=350%2C200","width":350,"height":200,"srcset":"https:\/\/i0.wp.com\/www.shqiperia.com\/blog\/wp-content\/uploads\/2026\/07\/Emin-Riza.webp?fit=900%2C500&ssl=1&resize=350%2C200 1x, https:\/\/i0.wp.com\/www.shqiperia.com\/blog\/wp-content\/uploads\/2026\/07\/Emin-Riza.webp?fit=900%2C500&ssl=1&resize=525%2C300 1.5x, https:\/\/i0.wp.com\/www.shqiperia.com\/blog\/wp-content\/uploads\/2026\/07\/Emin-Riza.webp?fit=900%2C500&ssl=1&resize=700%2C400 2x"},"classes":[]},{"id":104016,"url":"https:\/\/www.shqiperia.com\/blog\/zjarr-i-fuqishem-edhe-ne-hundekuq-te-gjirokastres-flaket-po-u-afrohen-zonave-te-banuara\/","url_meta":{"origin":24631,"position":3},"title":"Zjarr i fuqish\u00ebm edhe n\u00eb Hund\u00ebkuq t\u00eb Gjirokastr\u00ebs, flak\u00ebt po u afrohen zonave t\u00eb banuara","author":"Kurt Farka","date":"August 9, 2026","format":false,"excerpt":"9 Korrok 2026 Nj\u00eb zjarr i p\u00ebrmasave t\u00eb m\u00ebdha \u00ebsht\u00eb aktivizuar n\u00eb zon\u00ebn nd\u00ebrmjet fshatrave Andon Po\u00e7i dhe Hund\u00ebkuq, duke paraqitur rrezik p\u00ebr p\u00ebrhapjen e flak\u00ebve drejt zonave t\u00eb banuara. Zjarri \u00ebsht\u00eb i ndar\u00eb n\u00eb dy vatra aktive, me nj\u00eb perimet\u00ebr t\u00eb p\u00ebrgjithsh\u00ebm rreth 4 km. Terreni i thyer dhe\u2026","rel":"","context":"In &quot;Blogu i Udh\u00ebtarit&quot;","block_context":{"text":"Blogu i Udh\u00ebtarit","link":"https:\/\/www.shqiperia.com\/blog\/category\/blogu-i-udhetarit\/"},"img":{"alt_text":"","src":"https:\/\/i0.wp.com\/www.shqiperia.com\/blog\/wp-content\/uploads\/2026\/08\/IMG_8126.jpg?fit=1200%2C718&ssl=1&resize=350%2C200","width":350,"height":200,"srcset":"https:\/\/i0.wp.com\/www.shqiperia.com\/blog\/wp-content\/uploads\/2026\/08\/IMG_8126.jpg?fit=1200%2C718&ssl=1&resize=350%2C200 1x, https:\/\/i0.wp.com\/www.shqiperia.com\/blog\/wp-content\/uploads\/2026\/08\/IMG_8126.jpg?fit=1200%2C718&ssl=1&resize=525%2C300 1.5x, https:\/\/i0.wp.com\/www.shqiperia.com\/blog\/wp-content\/uploads\/2026\/08\/IMG_8126.jpg?fit=1200%2C718&ssl=1&resize=700%2C400 2x, https:\/\/i0.wp.com\/www.shqiperia.com\/blog\/wp-content\/uploads\/2026\/08\/IMG_8126.jpg?fit=1200%2C718&ssl=1&resize=1050%2C600 3x"},"classes":[]},{"id":103281,"url":"https:\/\/www.shqiperia.com\/blog\/rruga-rrezikon-shtepine-rreshqitja-e-tokes-ka-alarmuar-te-moshuaren-qe-jeton-e-vetme-ne-gjirokaster\/","url_meta":{"origin":24631,"position":4},"title":"Rruga rrezikon sht\u00ebpin\u00eb, rr\u00ebshqitja e tok\u00ebs ka alarmuar t\u00eb moshuar\u00ebn q\u00eb jeton e vetme n\u00eb Gjirokast\u00ebr","author":"Kurt Farka","date":"July 27, 2026","format":false,"excerpt":"27 Korrik 2026 Posht\u00eb Kalas\u00eb s\u00eb Argjiros, n\u00eb zem\u00ebr t\u00eb qytetit muze t\u00eb Gjirokastr\u00ebs, Robert dhe Vasilika Arseni, n\u00ebn\u00eb e bir, jetojn\u00eb \u00e7do dit\u00eb me frik\u00ebn se sht\u00ebpia e tyre mund t\u00eb rrezikohet nga shembja e murit mbajt\u00ebs t\u00eb rrug\u00ebs. B\u00ebhet fjal\u00eb p\u00ebr rrug\u00ebn e njohur nga banor\u00ebt si \u201cRruga\u2026","rel":"","context":"In &quot;Blogu i Udh\u00ebtarit&quot;","block_context":{"text":"Blogu i Udh\u00ebtarit","link":"https:\/\/www.shqiperia.com\/blog\/category\/blogu-i-udhetarit\/"},"img":{"alt_text":"","src":"https:\/\/i0.wp.com\/www.shqiperia.com\/blog\/wp-content\/uploads\/2026\/07\/rruga_sd-800x450-1.webp?fit=800%2C450&ssl=1&resize=350%2C200","width":350,"height":200,"srcset":"https:\/\/i0.wp.com\/www.shqiperia.com\/blog\/wp-content\/uploads\/2026\/07\/rruga_sd-800x450-1.webp?fit=800%2C450&ssl=1&resize=350%2C200 1x, https:\/\/i0.wp.com\/www.shqiperia.com\/blog\/wp-content\/uploads\/2026\/07\/rruga_sd-800x450-1.webp?fit=800%2C450&ssl=1&resize=525%2C300 1.5x, https:\/\/i0.wp.com\/www.shqiperia.com\/blog\/wp-content\/uploads\/2026\/07\/rruga_sd-800x450-1.webp?fit=800%2C450&ssl=1&resize=700%2C400 2x"},"classes":[]},{"id":105741,"url":"https:\/\/www.shqiperia.com\/blog\/nis-restaurimi-i-manastirit-te-kryeengjejve-ne-dervican-do-te-rikthehen-edhe-konaket-historike-8-foto\/","url_meta":{"origin":24631,"position":5},"title":"Nis restaurimi i Manastirit t\u00eb Kryeengj\u00ebjve n\u00eb Dervi\u00e7an, do t\u00eb rikthehen edhe konak\u00ebt historik\u00eb + 8 foto","author":"Kurt Farka","date":"September 1, 2026","format":false,"excerpt":"1 Shtator 2026 Kompleksi i shekullit XVIII n\u00eb Dropull do t\u00eb restaurohet n\u00eb dy faza, nd\u00ebrsa nd\u00ebrhyrja do t\u00eb p\u00ebrfshij\u00eb edhe konak\u00ebt historik\u00eb. Nj\u00eb nga monumentet m\u00eb t\u00eb r\u00ebnd\u00ebsishme t\u00eb trash\u00ebgimis\u00eb kulturore dhe fetare n\u00eb jug t\u00eb vendit, Manastiri i Kryeengj\u00ebjve n\u00eb Dervi\u00e7an, do t'i n\u00ebnshtrohet restaurimit pas vitesh degradimi\u2026","rel":"","context":"In &quot;Blogu i Udh\u00ebtarit&quot;","block_context":{"text":"Blogu i Udh\u00ebtarit","link":"https:\/\/www.shqiperia.com\/blog\/category\/blogu-i-udhetarit\/"},"img":{"alt_text":"","src":"https:\/\/i0.wp.com\/www.shqiperia.com\/blog\/wp-content\/uploads\/2026\/09\/1788186054_manastiriikryeengjjve.jpg?fit=780%2C440&ssl=1&resize=350%2C200","width":350,"height":200,"srcset":"https:\/\/i0.wp.com\/www.shqiperia.com\/blog\/wp-content\/uploads\/2026\/09\/1788186054_manastiriikryeengjjve.jpg?fit=780%2C440&ssl=1&resize=350%2C200 1x, https:\/\/i0.wp.com\/www.shqiperia.com\/blog\/wp-content\/uploads\/2026\/09\/1788186054_manastiriikryeengjjve.jpg?fit=780%2C440&ssl=1&resize=525%2C300 1.5x, https:\/\/i0.wp.com\/www.shqiperia.com\/blog\/wp-content\/uploads\/2026\/09\/1788186054_manastiriikryeengjjve.jpg?fit=780%2C440&ssl=1&resize=700%2C400 2x"},"classes":[]}],"_links":{"self":[{"href":"https:\/\/www.shqiperia.com\/blog\/wp-json\/wp\/v2\/posts\/24631","targetHints":{"allow":["GET"]}}],"collection":[{"href":"https:\/\/www.shqiperia.com\/blog\/wp-json\/wp\/v2\/posts"}],"about":[{"href":"https:\/\/www.shqiperia.com\/blog\/wp-json\/wp\/v2\/types\/post"}],"author":[{"embeddable":true,"href":"https:\/\/www.shqiperia.com\/blog\/wp-json\/wp\/v2\/users\/9"}],"replies":[{"embeddable":true,"href":"https:\/\/www.shqiperia.com\/blog\/wp-json\/wp\/v2\/comments?post=24631"}],"version-history":[{"count":1,"href":"https:\/\/www.shqiperia.com\/blog\/wp-json\/wp\/v2\/posts\/24631\/revisions"}],"predecessor-version":[{"id":24635,"href":"https:\/\/www.shqiperia.com\/blog\/wp-json\/wp\/v2\/posts\/24631\/revisions\/24635"}],"wp:featuredmedia":[{"embeddable":true,"href":"https:\/\/www.shqiperia.com\/blog\/wp-json\/wp\/v2\/media\/24632"}],"wp:attachment":[{"href":"https:\/\/www.shqiperia.com\/blog\/wp-json\/wp\/v2\/media?parent=24631"}],"wp:term":[{"taxonomy":"category","embeddable":true,"href":"https:\/\/www.shqiperia.com\/blog\/wp-json\/wp\/v2\/categories?post=24631"},{"taxonomy":"post_tag","embeddable":true,"href":"https:\/\/www.shqiperia.com\/blog\/wp-json\/wp\/v2\/tags?post=24631"}],"curies":[{"name":"wp","href":"https:\/\/api.w.org\/{rel}","templated":true}]}}