{"id":24625,"date":"2019-08-10T18:52:42","date_gmt":"2019-08-10T18:52:42","guid":{"rendered":"https:\/\/www.shqiperia.com\/blog\/?p=24625"},"modified":"2019-08-10T18:52:42","modified_gmt":"2019-08-10T18:52:42","slug":"kalaja-e-borshit-si-atraksion-turistik-kryeplaku-shteti-te-vere-dore-urgjentisht-rrezikon-shembjen","status":"publish","type":"post","link":"https:\/\/www.shqiperia.com\/blog\/kalaja-e-borshit-si-atraksion-turistik-kryeplaku-shteti-te-vere-dore-urgjentisht-rrezikon-shembjen\/","title":{"rendered":"Kalaja e Borshit si atraksion turistik, kryeplaku: Shteti t\u00eb v\u00ebr\u00eb dor\u00eb urgjentisht, rrezikon shembjen. &#8211;"},"content":{"rendered":"<p><img data-recalc-dims=\"1\" loading=\"lazy\" decoding=\"async\" data-attachment-id=\"24627\" data-permalink=\"https:\/\/www.shqiperia.com\/blog\/kalaja-e-borshit-si-atraksion-turistik-kryeplaku-shteti-te-vere-dore-urgjentisht-rrezikon-shembjen\/download-31\/\" data-orig-file=\"https:\/\/i0.wp.com\/www.shqiperia.com\/blog\/wp-content\/uploads\/2019\/08\/download-3.jpg?fit=299%2C168&amp;ssl=1\" data-orig-size=\"299,168\" data-comments-opened=\"1\" data-image-meta=\"{&quot;aperture&quot;:&quot;0&quot;,&quot;credit&quot;:&quot;&quot;,&quot;camera&quot;:&quot;&quot;,&quot;caption&quot;:&quot;&quot;,&quot;created_timestamp&quot;:&quot;0&quot;,&quot;copyright&quot;:&quot;&quot;,&quot;focal_length&quot;:&quot;0&quot;,&quot;iso&quot;:&quot;0&quot;,&quot;shutter_speed&quot;:&quot;0&quot;,&quot;title&quot;:&quot;&quot;,&quot;orientation&quot;:&quot;0&quot;}\" data-image-title=\"download\" data-image-description=\"\" data-image-caption=\"\" data-medium-file=\"https:\/\/i0.wp.com\/www.shqiperia.com\/blog\/wp-content\/uploads\/2019\/08\/download-3.jpg?fit=299%2C168&amp;ssl=1\" data-large-file=\"https:\/\/i0.wp.com\/www.shqiperia.com\/blog\/wp-content\/uploads\/2019\/08\/download-3.jpg?fit=299%2C168&amp;ssl=1\" class=\"alignnone size-full wp-image-24627\" alt=\"\" src=\"https:\/\/i0.wp.com\/www.shqiperia.com\/blog\/wp-content\/uploads\/2019\/08\/download-3.jpg?resize=299%2C168&#038;ssl=1\" width=\"299\" height=\"168\" \/><\/p>\n<p><strong>Kalaja e Borshit si atraksion turistik, kryeplaku: Shteti t\u00eb v\u00ebr\u00eb dor\u00eb urgjentisht, rrezikon shembjen<\/strong><\/p>\n<p><em>Bregdeti i Jugut p\u00ebrve\u00e7se bukurive natyrore gjat\u00eb ver\u00ebs krijojn\u00eb mund\u00ebsin\u00eb edhe p\u00ebr t\u00eb par\u00eb nga af\u00ebr trash\u00ebgimin\u00eb ton\u00eb kulturore. Kalaja e Borshit, p\u00ebrpos mir\u00ebmbajtjes s\u00eb munguar \u00ebsht\u00eb kthyer gjat\u00eb k\u00ebsaj vere n\u00eb nj\u00eb atraksion turistik p\u00ebr vizitor\u00ebt<\/em><\/p>\n<p>9 Gusht, 20:07<\/p>\n<p>N\u00ebse ndalim t\u00eb renditim vendet turistike n\u00eb Jug, asnj\u00ebher\u00eb nuk do t\u2019i arrijm\u00eb q\u00eb t\u2019i p\u00ebrmendim t\u00eb gjitha. Pasi shum\u00eb turist\u00eb q\u00eb vizitojn\u00eb k\u00ebt\u00eb zon\u00eb nuk jan\u00eb t\u00eb interesuar vet\u00ebm p\u00ebr ujin e kristalt\u00eb t\u00eb detit, por edhe p\u00ebr historin\u00eb e monumenteve t\u00eb ndryshime.<\/p>\n<p>Nj\u00eb prej tyre, ku kamera e \u201cReport tv\u201d ka ndalur k\u00ebsaj here \u00ebsht\u00eb edhe Kalaja e Borshit, monument historik i kategoris\u00eb s\u00eb par\u00eb, q\u00eb i p\u00ebrket shekullit t\u00eb IV-t\u00eb para er\u00ebs son\u00eb. Por, p\u00ebrpos d\u00ebshir\u00ebs s\u00eb mir\u00eb, p\u00ebr t\u2019i par\u00eb nga af\u00ebr mir\u00ebmbajta e tyre nuk \u00ebsht\u00eb n\u00eb standardet e duhura. Rruga p\u00ebr t\u00eb shkuar atje \u00ebsht\u00eb e v\u00ebshtir\u00eb, nd\u00ebrsa muret ekzistuese rrezikojn\u00eb t\u00eb shemben, megjithat\u00eb gjat\u00eb k\u00ebsaj vere k\u00ebt\u00eb kala e vizitojn\u00eb rreth 150 turist\u00eb vendas edhe t\u00eb huaj<\/p>\n<p>&#8220;<em>Kalaja i ka fillimet P.E.R. Ajo u nd\u00ebrtua nga fiset Ilire-Epriote. Nga fillimi shekullit 3, 4 dhe 5 u shemb nga fiset Barbare. N\u00eb mesjet\u00ebn e hershme u rind\u00ebrtua dhe mori emrin Kalaja e Sopotit n\u00eb 1258. Para kalas\u00eb jan\u00eb nd\u00ebrtuar muret dhe qyteti antik i Borshit<\/em>&#8221; tha kryeplaku, Ridvan Ajdini.<\/p>\n<p><img data-recalc-dims=\"1\" loading=\"lazy\" decoding=\"async\" data-attachment-id=\"24628\" data-permalink=\"https:\/\/www.shqiperia.com\/blog\/kalaja-e-borshit-si-atraksion-turistik-kryeplaku-shteti-te-vere-dore-urgjentisht-rrezikon-shembjen\/moscheeruine_bei_borsh_albanien\/\" data-orig-file=\"https:\/\/i0.wp.com\/www.shqiperia.com\/blog\/wp-content\/uploads\/2019\/08\/Moscheeruine_bei_Borsh_Albanien.jpg?fit=2231%2C1587&amp;ssl=1\" data-orig-size=\"2231,1587\" data-comments-opened=\"1\" data-image-meta=\"{&quot;aperture&quot;:&quot;2.7&quot;,&quot;credit&quot;:&quot;&quot;,&quot;camera&quot;:&quot;KODAK EASYSHARE C643 ZOOM DIGITAL CAMERA&quot;,&quot;caption&quot;:&quot;&quot;,&quot;created_timestamp&quot;:&quot;1156099922&quot;,&quot;copyright&quot;:&quot;&quot;,&quot;focal_length&quot;:&quot;6&quot;,&quot;iso&quot;:&quot;80&quot;,&quot;shutter_speed&quot;:&quot;0.00518&quot;,&quot;title&quot;:&quot;&quot;,&quot;orientation&quot;:&quot;1&quot;}\" data-image-title=\"Moscheeruine_bei_Borsh_Albanien\" data-image-description=\"\" data-image-caption=\"\" data-medium-file=\"https:\/\/i0.wp.com\/www.shqiperia.com\/blog\/wp-content\/uploads\/2019\/08\/Moscheeruine_bei_Borsh_Albanien.jpg?fit=300%2C213&amp;ssl=1\" data-large-file=\"https:\/\/i0.wp.com\/www.shqiperia.com\/blog\/wp-content\/uploads\/2019\/08\/Moscheeruine_bei_Borsh_Albanien.jpg?fit=1024%2C728&amp;ssl=1\" class=\"alignnone  wp-image-24628\" alt=\"\" src=\"https:\/\/i0.wp.com\/www.shqiperia.com\/blog\/wp-content\/uploads\/2019\/08\/Moscheeruine_bei_Borsh_Albanien.jpg?resize=727%2C516&#038;ssl=1\" width=\"727\" height=\"516\" srcset=\"https:\/\/i0.wp.com\/www.shqiperia.com\/blog\/wp-content\/uploads\/2019\/08\/Moscheeruine_bei_Borsh_Albanien.jpg?resize=300%2C213&amp;ssl=1 300w, https:\/\/i0.wp.com\/www.shqiperia.com\/blog\/wp-content\/uploads\/2019\/08\/Moscheeruine_bei_Borsh_Albanien.jpg?resize=768%2C546&amp;ssl=1 768w, https:\/\/i0.wp.com\/www.shqiperia.com\/blog\/wp-content\/uploads\/2019\/08\/Moscheeruine_bei_Borsh_Albanien.jpg?resize=1024%2C728&amp;ssl=1 1024w, https:\/\/i0.wp.com\/www.shqiperia.com\/blog\/wp-content\/uploads\/2019\/08\/Moscheeruine_bei_Borsh_Albanien.jpg?resize=2000%2C1423&amp;ssl=1 2000w, https:\/\/i0.wp.com\/www.shqiperia.com\/blog\/wp-content\/uploads\/2019\/08\/Moscheeruine_bei_Borsh_Albanien.jpg?resize=450%2C320&amp;ssl=1 450w, https:\/\/i0.wp.com\/www.shqiperia.com\/blog\/wp-content\/uploads\/2019\/08\/Moscheeruine_bei_Borsh_Albanien.jpg?resize=600%2C427&amp;ssl=1 600w, https:\/\/i0.wp.com\/www.shqiperia.com\/blog\/wp-content\/uploads\/2019\/08\/Moscheeruine_bei_Borsh_Albanien.jpg?resize=1500%2C1067&amp;ssl=1 1500w, https:\/\/i0.wp.com\/www.shqiperia.com\/blog\/wp-content\/uploads\/2019\/08\/Moscheeruine_bei_Borsh_Albanien.jpg?resize=1300%2C925&amp;ssl=1 1300w, https:\/\/i0.wp.com\/www.shqiperia.com\/blog\/wp-content\/uploads\/2019\/08\/Moscheeruine_bei_Borsh_Albanien.jpg?resize=400%2C285&amp;ssl=1 400w\" sizes=\"auto, (max-width: 727px) 100vw, 727px\" \/><\/p>\n<p>Kalaja e Borshit, ose kalaja e Sopotit \u00ebsht\u00eb nd\u00ebrtuar nga banor\u00ebt p\u00ebr t\u2019u mbrojtur nga sulmet pirate edhe ushtrit\u00eb pushtuese, duke qen\u00eb se ka qen\u00eb nj\u00eb nd\u00ebr kalat\u00eb m\u00eb t\u00eb lakmuara. &#8220;<em>N\u00eb radh\u00eb t\u00eb par\u00eb karakteristike \u00ebsht\u00eb kodra n\u00eb t\u00eb cil\u00ebn \u00ebsht\u00eb nd\u00ebrtuar kjo kala. Kodra \u00ebsht\u00eb piramid\u00eb, me t\u00eb treja faqet e thepisura. Me nj\u00eb lart\u00ebsi af\u00ebrsisht 250 metra nga niveli i detit<\/em>&#8221; tha Luan Kodhima, banor i\u00a0 fshatit.<\/p>\n<p>Por p\u00ebrpos vendit q\u00eb kjo kala z\u00eb n\u00eb trash\u00ebgimin\u00eb ton\u00eb kulturore, mungesa e v\u00ebmendjes institucionale ndaj sa ka b\u00ebr\u00eb, q\u00eb dita-dit\u00ebs edhe m\u00eb shum\u00eb, gjurm\u00ebt e saj t\u00eb humbasin\u00a0 &#8220;<em>M\u00eb shum\u00eb shkat\u00ebrrimin ajo e ka pasur nga vitet 40- 50 , pasi njer\u00ebzit merrnin gur\u00eb p\u00ebr t\u00eb b\u00ebr\u00eb sht\u00ebpit\u00eb. Edhe sot ajo akoma vazhdon rr\u00ebnimin. Shteti duhet t\u00eb ver\u00eb\u00a0patjet\u00ebr dor\u00eb.\u00a0 \u00c7do dit\u00eb mbi 100 ose 150 vizitor\u00eb shkojn\u00eb n\u00eb kala pa asnj\u00eb person q\u00eb i orjenton apo ciciron<\/em>&#8221; tha kryeplaku, Ridvan Ajdini.<\/p>\n<p>&#8220;<em>\u00cbsht\u00eb karakteristike nd\u00ebrtimi i saj. Askush nuk po vendos dor\u00eb. B\u00ebjn\u00eb zhurm\u00eb por pun\u00eb nuk b\u00ebjn\u00eb. Gjat\u00eb koh\u00ebrave q\u00eb kaluan vet\u00ebm u\u00a0 shkat\u00ebrrua. Tani sot kjo kala ka mbetur n\u00eb m\u00ebshir\u00ebn e fatit.Edhe pse banor\u00ebt e zon\u00ebs rr\u00ebfejn\u00eb se kan\u00eb b\u00ebr\u00eb k\u00ebrkesa t\u00eb her\u00ebpashershme p\u00ebr mir\u00ebmbajtjen e saj, Kalaja e Borshit, ndon\u00ebse e kategorizuar si monument historik i kategoris\u00eb s\u00eb par\u00eb ende edhe sot \u00ebsht\u00eb pa v\u00ebmendjen e shtetit. E vetmja nd\u00ebrhyrje q\u00eb \u00ebsht\u00eb b\u00ebr\u00eb, \u00ebsht\u00eb nj\u00eb tabel\u00eb mermeri, n\u00eb t\u00eb cil\u00ebn shkruhet sh\u00ebnimi: \u201c\u00cbsht\u00eb monument kulture, mbrohet nga shtet<\/em>i\u201d tha Luan Kodhima.<\/p>\n<div id=\"attachment_24629\" style=\"width: 813px\" class=\"wp-caption alignnone\"><img data-recalc-dims=\"1\" loading=\"lazy\" decoding=\"async\" aria-describedby=\"caption-attachment-24629\" data-attachment-id=\"24629\" data-permalink=\"https:\/\/www.shqiperia.com\/blog\/kalaja-e-borshit-si-atraksion-turistik-kryeplaku-shteti-te-vere-dore-urgjentisht-rrezikon-shembjen\/kalaja\/\" data-orig-file=\"https:\/\/i0.wp.com\/www.shqiperia.com\/blog\/wp-content\/uploads\/2019\/08\/Kalaja.jpg?fit=299%2C168&amp;ssl=1\" data-orig-size=\"299,168\" data-comments-opened=\"1\" data-image-meta=\"{&quot;aperture&quot;:&quot;0&quot;,&quot;credit&quot;:&quot;&quot;,&quot;camera&quot;:&quot;&quot;,&quot;caption&quot;:&quot;&quot;,&quot;created_timestamp&quot;:&quot;0&quot;,&quot;copyright&quot;:&quot;&quot;,&quot;focal_length&quot;:&quot;0&quot;,&quot;iso&quot;:&quot;0&quot;,&quot;shutter_speed&quot;:&quot;0&quot;,&quot;title&quot;:&quot;&quot;,&quot;orientation&quot;:&quot;0&quot;}\" data-image-title=\"Kalaja e Borshit\" data-image-description=\"\" data-image-caption=\"&lt;p&gt;Kalaja e Borshit&lt;\/p&gt;\n\" data-medium-file=\"https:\/\/i0.wp.com\/www.shqiperia.com\/blog\/wp-content\/uploads\/2019\/08\/Kalaja.jpg?fit=299%2C168&amp;ssl=1\" data-large-file=\"https:\/\/i0.wp.com\/www.shqiperia.com\/blog\/wp-content\/uploads\/2019\/08\/Kalaja.jpg?fit=299%2C168&amp;ssl=1\" class=\" wp-image-24629\" alt=\"\" src=\"https:\/\/i0.wp.com\/www.shqiperia.com\/blog\/wp-content\/uploads\/2019\/08\/Kalaja.jpg?resize=803%2C451&#038;ssl=1\" width=\"803\" height=\"451\" \/><p id=\"caption-attachment-24629\" class=\"wp-caption-text\">Kalaja e Borshit<\/p><\/div>\n<p>d.ba.\/Shqiptarja.com<\/p>\n","protected":false},"excerpt":{"rendered":"<p>Kalaja e Borshit si atraksion turistik, kryeplaku: Shteti t\u00eb v\u00ebr\u00eb dor\u00eb urgjentisht, rrezikon shembjen Bregdeti i Jugut p\u00ebrve\u00e7se bukurive natyrore gjat\u00eb ver\u00ebs krijojn\u00eb mund\u00ebsin\u00eb edhe p\u00ebr t\u00eb par\u00eb nga af\u00ebr trash\u00ebgimin\u00eb ton\u00eb kulturore. Kalaja e Borshit, p\u00ebrpos mir\u00ebmbajtjes s\u00eb munguar \u00ebsht\u00eb kthyer gjat\u00eb k\u00ebsaj vere n\u00eb nj\u00eb atraksion turistik p\u00ebr vizitor\u00ebt 9 Gusht, 20:07 N\u00ebse [&hellip;]<\/p>\n","protected":false},"author":9,"featured_media":24626,"comment_status":"open","ping_status":"open","sticky":false,"template":"","format":"standard","meta":{"jetpack_post_was_ever_published":false,"_jetpack_newsletter_access":"","_jetpack_dont_email_post_to_subs":false,"_jetpack_newsletter_tier_id":0,"_jetpack_memberships_contains_paywalled_content":false,"_jetpack_memberships_contains_paid_content":false,"footnotes":"","jetpack_publicize_message":"","jetpack_publicize_feature_enabled":true,"jetpack_social_post_already_shared":true,"jetpack_social_options":{"image_generator_settings":{"template":"highway","default_image_id":0,"font":"","enabled":false},"version":2}},"categories":[85,10,86],"tags":[],"class_list":["post-24625","post","type-post","status-publish","format-standard","has-post-thumbnail","hentry","category-histori","category-kultura","category-trashegimi-kulturore"],"jetpack_publicize_connections":[],"jetpack_featured_media_url":"https:\/\/i0.wp.com\/www.shqiperia.com\/blog\/wp-content\/uploads\/2019\/08\/download-2.jpg?fit=299%2C168&ssl=1","jetpack_sharing_enabled":true,"jetpack_shortlink":"https:\/\/wp.me\/p5Z6wp-6pb","jetpack-related-posts":[{"id":105100,"url":"https:\/\/www.shqiperia.com\/blog\/nderhyrjet-me-eskavator-ne-zonen-e-kalase-se-rozafes-eshte-rrenim\/","url_meta":{"origin":24625,"position":0},"title":"Nd\u00ebrhyrjet me eskavator n\u00eb zon\u00ebn e Kalas\u00eb s\u00eb Rozaf\u00ebs \u00ebsht\u00eb rrenim &#8230;","author":"Kurt Farka","date":"August 24, 2026","format":false,"excerpt":"24 Gusht 2026 Nd\u00ebrhyrjet me mjete t\u00eb r\u00ebnda n\u00eb zon\u00ebn e Kalas\u00eb s\u00eb Rozaf\u00ebs n\u00eb Shkod\u00ebr kan\u00eb ngjallur shqet\u00ebsim p\u00ebr ruajtjen e peizazhit historik dhe vlerave t\u00eb trash\u00ebgimis\u00eb kulturore. P\u00ebrmes nj\u00eb reagimi publik, studiuesi Auron Tare ka kritikuar nd\u00ebrhyrjen, duke e cil\u00ebsuar at\u00eb si nj\u00eb d\u00ebmtim t\u00eb peizazhit historik dhe\u2026","rel":"","context":"In &quot;Blogu i Udh\u00ebtarit&quot;","block_context":{"text":"Blogu i Udh\u00ebtarit","link":"https:\/\/www.shqiperia.com\/blog\/category\/blogu-i-udhetarit\/"},"img":{"alt_text":"","src":"https:\/\/i0.wp.com\/www.shqiperia.com\/blog\/wp-content\/uploads\/2026\/08\/shkodra-kalaja-rozafes-2.jpg?fit=1024%2C683&ssl=1&resize=350%2C200","width":350,"height":200,"srcset":"https:\/\/i0.wp.com\/www.shqiperia.com\/blog\/wp-content\/uploads\/2026\/08\/shkodra-kalaja-rozafes-2.jpg?fit=1024%2C683&ssl=1&resize=350%2C200 1x, https:\/\/i0.wp.com\/www.shqiperia.com\/blog\/wp-content\/uploads\/2026\/08\/shkodra-kalaja-rozafes-2.jpg?fit=1024%2C683&ssl=1&resize=525%2C300 1.5x, https:\/\/i0.wp.com\/www.shqiperia.com\/blog\/wp-content\/uploads\/2026\/08\/shkodra-kalaja-rozafes-2.jpg?fit=1024%2C683&ssl=1&resize=700%2C400 2x"},"classes":[]},{"id":104931,"url":"https:\/\/www.shqiperia.com\/blog\/fati-i-operes-rozafa-ironikisht-i-njejte-me-ate-te-legjendes-se-kalase\/","url_meta":{"origin":24625,"position":1},"title":"Fati i oper\u00ebs &#8220;Rozafa&#8221;, ironikisht i nj\u00ebjt\u00eb me at\u00eb t\u00eb legjend\u00ebs s\u00eb kalas\u00eb","author":"Kurt Farka","date":"August 22, 2026","format":false,"excerpt":"22 Gusht 2026 Rozafa nuk \u00ebsht\u00eb vet\u00ebm gruaja e murosur n\u00eb themelet e nj\u00eb kalaje. Ajo \u00ebsht\u00eb vet\u00eb metafora e sakrific\u00ebs q\u00eb e b\u00ebn t\u00eb mundur krijimin, vet\u00eb d\u00ebshmia se asgj\u00eb e madhe nuk ngrihet pa dhimbje dhe se \u00e7do vep\u00ebr e destinuar t\u00eb sfidoj\u00eb koh\u00ebn duhet t\u00eb paguaj\u00eb \u00e7mimin\u2026","rel":"","context":"In &quot;Blogu i Udh\u00ebtarit&quot;","block_context":{"text":"Blogu i Udh\u00ebtarit","link":"https:\/\/www.shqiperia.com\/blog\/category\/blogu-i-udhetarit\/"},"img":{"alt_text":"","src":"https:\/\/i0.wp.com\/www.shqiperia.com\/blog\/wp-content\/uploads\/2026\/08\/640-0-r1jpg-1787304573.jpg?fit=640%2C638&ssl=1&resize=350%2C200","width":350,"height":200,"srcset":"https:\/\/i0.wp.com\/www.shqiperia.com\/blog\/wp-content\/uploads\/2026\/08\/640-0-r1jpg-1787304573.jpg?fit=640%2C638&ssl=1&resize=350%2C200 1x, https:\/\/i0.wp.com\/www.shqiperia.com\/blog\/wp-content\/uploads\/2026\/08\/640-0-r1jpg-1787304573.jpg?fit=640%2C638&ssl=1&resize=525%2C300 1.5x"},"classes":[]},{"id":104832,"url":"https:\/\/www.shqiperia.com\/blog\/gjyqtaret-ne-sherbim-te-pushtetit-denoncimi-sokolet-e-partise-i-falin-familjes-rama-9-mije-m%c2%b2-toke-ne-surrel-kryetarja\/","url_meta":{"origin":24625,"position":2},"title":"&#8216;Gjyqtar\u00ebt, n\u00eb sh\u00ebrbim t\u00eb pushtetit&#8217;, denoncimi: &#8216;Sokol\u00ebt e partis\u00eb&#8217; i falin familjes Rama 9 mij\u00eb m\u00b2 tok\u00eb n\u00eb Surrel   Kryetarja","author":"Kurt Farka","date":"August 20, 2026","format":false,"excerpt":"20 Gusht 2026 Kryetarja e Komisionit t\u00eb Apelimit n\u00eb PD, Adriana Kalaja, ka reaguar pas vendimit t\u00eb Gjykat\u00ebs s\u00eb Lart\u00eb lidhur me \u00e7\u00ebshtjen e 9 mij\u00eb metrave katror\u00eb tok\u00eb n\u00eb Surrel, duke e cil\u00ebsuar at\u00eb si nj\u00eb tjet\u00ebr goditje ndaj shtetit t\u00eb s\u00eb drejt\u00ebs dhe parimeve t\u00eb ligjshm\u00ebris\u00eb. Kalaja akuzon\u2026","rel":"","context":"In &quot;Blogu i Udh\u00ebtarit&quot;","block_context":{"text":"Blogu i Udh\u00ebtarit","link":"https:\/\/www.shqiperia.com\/blog\/category\/blogu-i-udhetarit\/"},"img":{"alt_text":"","src":"https:\/\/i0.wp.com\/www.shqiperia.com\/blog\/wp-content\/uploads\/2026\/08\/800-0-rama-dhe-surreli-6a86f19d57ad0.jpg?fit=800%2C451&ssl=1&resize=350%2C200","width":350,"height":200,"srcset":"https:\/\/i0.wp.com\/www.shqiperia.com\/blog\/wp-content\/uploads\/2026\/08\/800-0-rama-dhe-surreli-6a86f19d57ad0.jpg?fit=800%2C451&ssl=1&resize=350%2C200 1x, https:\/\/i0.wp.com\/www.shqiperia.com\/blog\/wp-content\/uploads\/2026\/08\/800-0-rama-dhe-surreli-6a86f19d57ad0.jpg?fit=800%2C451&ssl=1&resize=525%2C300 1.5x, https:\/\/i0.wp.com\/www.shqiperia.com\/blog\/wp-content\/uploads\/2026\/08\/800-0-rama-dhe-surreli-6a86f19d57ad0.jpg?fit=800%2C451&ssl=1&resize=700%2C400 2x"},"classes":[]},{"id":104678,"url":"https:\/\/www.shqiperia.com\/blog\/dosje-e-re-ne-spak-per-taulant-ballen-dhe-ulsi-manjen-si-nderhyne-ne-sistemin-tims-ja-lidhjet-me-ish-shefin-e-operacionales-dhe-fatmir-xhafen-ne-loje-10-milione-dollare\/","url_meta":{"origin":24625,"position":3},"title":"Dosje e re n\u00eb SPAK p\u00ebr Taulant Ball\u00ebn dhe Ulsi Manj\u00ebn, si nd\u00ebrhyn\u00eb n\u00eb sistemin TIMS, ja lidhjet me ish-shefin e Operacionales dhe Fatmir Xhaf\u00ebn, n\u00eb loj\u00eb 10 milion\u00eb dollar\u00eb","author":"Kurt Farka","date":"August 18, 2026","format":false,"excerpt":"18 Gusht 2026 Avokatja e njohur, Adriana Kalaja ka njoftuar dje se do t\u00eb paraqitet sot, m\u00eb 18 gusht, n\u00eb or\u00ebn 11:00 pran\u00eb Prokuroris\u00eb s\u00eb Posa\u00e7me (SPAK), ku thot\u00eb se do t\u00eb depozitoj\u00eb nj\u00eb kall\u00ebzim shtes\u00eb dhe prova t\u00eb reja. N\u00eb nj\u00eb postim n\u00eb \u201cFacebook\u201d, Kalaja ironizon SPAK-un, duke e\u2026","rel":"","context":"In &quot;Blogu i Udh\u00ebtarit&quot;","block_context":{"text":"Blogu i Udh\u00ebtarit","link":"https:\/\/www.shqiperia.com\/blog\/category\/blogu-i-udhetarit\/"},"img":{"alt_text":"","src":"https:\/\/i0.wp.com\/www.shqiperia.com\/blog\/wp-content\/uploads\/2026\/08\/800-0-foto-2-6a841ae65edc8.jpg?fit=800%2C532&ssl=1&resize=350%2C200","width":350,"height":200,"srcset":"https:\/\/i0.wp.com\/www.shqiperia.com\/blog\/wp-content\/uploads\/2026\/08\/800-0-foto-2-6a841ae65edc8.jpg?fit=800%2C532&ssl=1&resize=350%2C200 1x, https:\/\/i0.wp.com\/www.shqiperia.com\/blog\/wp-content\/uploads\/2026\/08\/800-0-foto-2-6a841ae65edc8.jpg?fit=800%2C532&ssl=1&resize=525%2C300 1.5x, https:\/\/i0.wp.com\/www.shqiperia.com\/blog\/wp-content\/uploads\/2026\/08\/800-0-foto-2-6a841ae65edc8.jpg?fit=800%2C532&ssl=1&resize=700%2C400 2x"},"classes":[]},{"id":103322,"url":"https:\/\/www.shqiperia.com\/blog\/auron-tare-ura-mes-historise-dhe-kohes-se-mbretit\/","url_meta":{"origin":24625,"position":4},"title":"Auron Tare: Ura, mes historis\u00eb dhe Koh\u00ebs s\u00eb &#8220;Mbretit&#8221;","author":"Kurt Farka","date":"July 28, 2026","format":false,"excerpt":"28 Korrik 2026 Nd\u00ebrhyrja n\u00eb Ur\u00ebn e Kadiut \u00ebsht\u00eb shembulli m\u00eb i qart\u00eb i k\u00ebsaj filozofie. Formacioni shk\u00ebmbor q\u00eb mbante ur\u00ebn u prish me eskavator dhe vendin e tij e zuri betoni.Ura e Kadiut n\u00eb P\u00ebrmet. Tashm\u00eb nuk ka mbetur asnj\u00eb dyshim se \u00e7far\u00eb ka ndodhur n\u00eb Kanionin e Langaric\u00ebs.\u2026","rel":"","context":"In &quot;Blogu i Udh\u00ebtarit&quot;","block_context":{"text":"Blogu i Udh\u00ebtarit","link":"https:\/\/www.shqiperia.com\/blog\/category\/blogu-i-udhetarit\/"},"img":{"alt_text":"","src":"https:\/\/i0.wp.com\/www.shqiperia.com\/blog\/wp-content\/uploads\/2026\/07\/1785057830_uraekadiut.jpg?fit=780%2C440&ssl=1&resize=350%2C200","width":350,"height":200,"srcset":"https:\/\/i0.wp.com\/www.shqiperia.com\/blog\/wp-content\/uploads\/2026\/07\/1785057830_uraekadiut.jpg?fit=780%2C440&ssl=1&resize=350%2C200 1x, https:\/\/i0.wp.com\/www.shqiperia.com\/blog\/wp-content\/uploads\/2026\/07\/1785057830_uraekadiut.jpg?fit=780%2C440&ssl=1&resize=525%2C300 1.5x, https:\/\/i0.wp.com\/www.shqiperia.com\/blog\/wp-content\/uploads\/2026\/07\/1785057830_uraekadiut.jpg?fit=780%2C440&ssl=1&resize=700%2C400 2x"},"classes":[]},{"id":102537,"url":"https:\/\/www.shqiperia.com\/blog\/rrjeti-i-gazetareve-investigative-financimi-i-koncertit-te-k-west-spektakel-politik-per-te-mbytur-protestat-kunder-qeverise\/","url_meta":{"origin":24625,"position":5},"title":"Rrjeti i gazetar\u00ebve investigative: Financimi i koncertit t\u00eb K.West, \u2018spektak\u00ebl politik\u2019 p\u00ebr t\u00eb mbytur protestat kund\u00ebr qeveris\u00eb","author":"Kurt Farka","date":"July 12, 2026","format":false,"excerpt":"12 Korrik 2026 OCCRP, rrjeti nd\u00ebrkomb\u00ebtar jofitimprur\u00ebs i p\u00ebrb\u00ebr\u00eb nga media dhe qendra investigativ, ka reaguar n\u00eb lidhje me financimin prej 4 milion\u00eb eurosh t\u00eb qeveris\u00eb shqiptare p\u00ebr koncertin e reperit Kanye \u00cbest q\u00eb u mbajt m\u00eb 11 korrik. N\u00eb nj\u00eb deklarat\u00eb, OCCRP thot\u00eb se vendimi p\u00ebr t\u00eb financuar koncertin\u2026","rel":"","context":"In &quot;Blogu i Udh\u00ebtarit&quot;","block_context":{"text":"Blogu i Udh\u00ebtarit","link":"https:\/\/www.shqiperia.com\/blog\/category\/blogu-i-udhetarit\/"},"img":{"alt_text":"","src":"https:\/\/i0.wp.com\/www.shqiperia.com\/blog\/wp-content\/uploads\/2026\/07\/auto_Screenshot_2026-07-12_0921261783840899.png?fit=900%2C524&ssl=1&resize=350%2C200","width":350,"height":200,"srcset":"https:\/\/i0.wp.com\/www.shqiperia.com\/blog\/wp-content\/uploads\/2026\/07\/auto_Screenshot_2026-07-12_0921261783840899.png?fit=900%2C524&ssl=1&resize=350%2C200 1x, https:\/\/i0.wp.com\/www.shqiperia.com\/blog\/wp-content\/uploads\/2026\/07\/auto_Screenshot_2026-07-12_0921261783840899.png?fit=900%2C524&ssl=1&resize=525%2C300 1.5x, https:\/\/i0.wp.com\/www.shqiperia.com\/blog\/wp-content\/uploads\/2026\/07\/auto_Screenshot_2026-07-12_0921261783840899.png?fit=900%2C524&ssl=1&resize=700%2C400 2x"},"classes":[]}],"_links":{"self":[{"href":"https:\/\/www.shqiperia.com\/blog\/wp-json\/wp\/v2\/posts\/24625","targetHints":{"allow":["GET"]}}],"collection":[{"href":"https:\/\/www.shqiperia.com\/blog\/wp-json\/wp\/v2\/posts"}],"about":[{"href":"https:\/\/www.shqiperia.com\/blog\/wp-json\/wp\/v2\/types\/post"}],"author":[{"embeddable":true,"href":"https:\/\/www.shqiperia.com\/blog\/wp-json\/wp\/v2\/users\/9"}],"replies":[{"embeddable":true,"href":"https:\/\/www.shqiperia.com\/blog\/wp-json\/wp\/v2\/comments?post=24625"}],"version-history":[{"count":1,"href":"https:\/\/www.shqiperia.com\/blog\/wp-json\/wp\/v2\/posts\/24625\/revisions"}],"predecessor-version":[{"id":24630,"href":"https:\/\/www.shqiperia.com\/blog\/wp-json\/wp\/v2\/posts\/24625\/revisions\/24630"}],"wp:featuredmedia":[{"embeddable":true,"href":"https:\/\/www.shqiperia.com\/blog\/wp-json\/wp\/v2\/media\/24626"}],"wp:attachment":[{"href":"https:\/\/www.shqiperia.com\/blog\/wp-json\/wp\/v2\/media?parent=24625"}],"wp:term":[{"taxonomy":"category","embeddable":true,"href":"https:\/\/www.shqiperia.com\/blog\/wp-json\/wp\/v2\/categories?post=24625"},{"taxonomy":"post_tag","embeddable":true,"href":"https:\/\/www.shqiperia.com\/blog\/wp-json\/wp\/v2\/tags?post=24625"}],"curies":[{"name":"wp","href":"https:\/\/api.w.org\/{rel}","templated":true}]}}