{"id":24609,"date":"2019-08-10T16:35:24","date_gmt":"2019-08-10T16:35:24","guid":{"rendered":"https:\/\/www.shqiperia.com\/blog\/?p=24609"},"modified":"2019-08-10T16:35:24","modified_gmt":"2019-08-10T16:35:24","slug":"voskopoja-e-vlerave-te-artit-dhe-trashegimise","status":"publish","type":"post","link":"https:\/\/www.shqiperia.com\/blog\/voskopoja-e-vlerave-te-artit-dhe-trashegimise\/","title":{"rendered":"Voskopoja e vlerave te Artit dhe Trashegimise"},"content":{"rendered":"<p><img data-recalc-dims=\"1\" loading=\"lazy\" decoding=\"async\" data-attachment-id=\"24610\" data-permalink=\"https:\/\/www.shqiperia.com\/blog\/voskopoja-e-vlerave-te-artit-dhe-trashegimise\/voskopoja-1-750x422\/\" data-orig-file=\"https:\/\/i0.wp.com\/www.shqiperia.com\/blog\/wp-content\/uploads\/2019\/08\/voskopoja-1-750x422.png?fit=750%2C422&amp;ssl=1\" data-orig-size=\"750,422\" data-comments-opened=\"1\" data-image-meta=\"{&quot;aperture&quot;:&quot;0&quot;,&quot;credit&quot;:&quot;&quot;,&quot;camera&quot;:&quot;&quot;,&quot;caption&quot;:&quot;&quot;,&quot;created_timestamp&quot;:&quot;0&quot;,&quot;copyright&quot;:&quot;&quot;,&quot;focal_length&quot;:&quot;0&quot;,&quot;iso&quot;:&quot;0&quot;,&quot;shutter_speed&quot;:&quot;0&quot;,&quot;title&quot;:&quot;&quot;,&quot;orientation&quot;:&quot;0&quot;}\" data-image-title=\"voskopoja-\" data-image-description=\"\" data-image-caption=\"\" data-medium-file=\"https:\/\/i0.wp.com\/www.shqiperia.com\/blog\/wp-content\/uploads\/2019\/08\/voskopoja-1-750x422.png?fit=300%2C169&amp;ssl=1\" data-large-file=\"https:\/\/i0.wp.com\/www.shqiperia.com\/blog\/wp-content\/uploads\/2019\/08\/voskopoja-1-750x422.png?fit=750%2C422&amp;ssl=1\" class=\"alignnone  wp-image-24610\" alt=\"\" src=\"https:\/\/i0.wp.com\/www.shqiperia.com\/blog\/wp-content\/uploads\/2019\/08\/voskopoja-1-750x422.png?resize=534%2C301&#038;ssl=1\" width=\"534\" height=\"301\" srcset=\"https:\/\/i0.wp.com\/www.shqiperia.com\/blog\/wp-content\/uploads\/2019\/08\/voskopoja-1-750x422.png?resize=300%2C169&amp;ssl=1 300w, https:\/\/i0.wp.com\/www.shqiperia.com\/blog\/wp-content\/uploads\/2019\/08\/voskopoja-1-750x422.png?resize=450%2C253&amp;ssl=1 450w, https:\/\/i0.wp.com\/www.shqiperia.com\/blog\/wp-content\/uploads\/2019\/08\/voskopoja-1-750x422.png?resize=600%2C338&amp;ssl=1 600w, https:\/\/i0.wp.com\/www.shqiperia.com\/blog\/wp-content\/uploads\/2019\/08\/voskopoja-1-750x422.png?resize=400%2C225&amp;ssl=1 400w, https:\/\/i0.wp.com\/www.shqiperia.com\/blog\/wp-content\/uploads\/2019\/08\/voskopoja-1-750x422.png?resize=750%2C422&amp;ssl=1 750w\" sizes=\"auto, (max-width: 534px) 100vw, 534px\" \/><\/p>\n<p>Voskopoja e vlerave te Artit dhe Trashegimise<\/p>\n<p>Natyra, arti dhe historia nd\u00ebrthuren me nj\u00ebra tjetr\u00ebn n\u00eb Voskopoj\u00eb, duke e b\u00ebr\u00eb k\u00ebt\u00eb vend nj\u00eb destinacion t\u00eb preferuar turistik p\u00ebrgjat\u00eb gjith\u00eb vitit. E njohur si qend\u00ebr e r\u00ebnd\u00ebsishme kulturore q\u00eb n\u00eb vitin 1330, me kalimin e shekujve ajo u pasurua me mbi 24 kisha, Akademin\u00eb e famshme, shtypshkronj\u00ebn e dyt\u00eb t\u00eb Perandoris\u00eb Osmane, si dhe plot institucione t\u00eb r\u00ebnd\u00ebsishme t\u00eb cilat u shkat\u00ebrruan sa nga zjarret, luftrat, pla\u00e7kitjet apo t\u00ebrmetet.<\/p>\n<p>Nga ajo lavdi e s\u00eb shkuar\u00ebs, sot mund t\u00eb admirohen Manastiri i Sh\u00ebn Prodhromit, Kisha katedrale \u201cFjetja e Sh\u00ebn Maris\u00eb\u201d, Kisha e Sh\u00ebn Athanasit, Kisha e Sh\u00ebn Kollit, Kisha e Sh\u00ebn Gjergjit, apo disa kisha dhe objekte t\u00eb tjera q\u00eb mbartin vlera t\u00eb larta arkitekturore, kulturore e fetare.<\/p>\n<div id=\"attachment_24612\" style=\"width: 841px\" class=\"wp-caption alignnone\"><img data-recalc-dims=\"1\" loading=\"lazy\" decoding=\"async\" aria-describedby=\"caption-attachment-24612\" data-attachment-id=\"24612\" data-permalink=\"https:\/\/www.shqiperia.com\/blog\/voskopoja-e-vlerave-te-artit-dhe-trashegimise\/kisha-e-shen-gjergjit-ne-shipske-2\/\" data-orig-file=\"https:\/\/i0.wp.com\/www.shqiperia.com\/blog\/wp-content\/uploads\/2019\/08\/Kisha-e-Sh%C3%ABn-Gjergjit-n%C3%AB-Shipsk%C3%AB.-1.png?fit=750%2C422&amp;ssl=1\" data-orig-size=\"750,422\" data-comments-opened=\"1\" data-image-meta=\"{&quot;aperture&quot;:&quot;0&quot;,&quot;credit&quot;:&quot;&quot;,&quot;camera&quot;:&quot;&quot;,&quot;caption&quot;:&quot;&quot;,&quot;created_timestamp&quot;:&quot;0&quot;,&quot;copyright&quot;:&quot;&quot;,&quot;focal_length&quot;:&quot;0&quot;,&quot;iso&quot;:&quot;0&quot;,&quot;shutter_speed&quot;:&quot;0&quot;,&quot;title&quot;:&quot;&quot;,&quot;orientation&quot;:&quot;0&quot;}\" data-image-title=\"Kisha e Sh\u00ebn Gjergjit n\u00eb Shipsk\u00eb.\" data-image-description=\"\" data-image-caption=\"&lt;p&gt;Kisha e Sh\u00ebn Gjergjit n\u00eb Shipsk\u00eb.&lt;\/p&gt;\n\" data-medium-file=\"https:\/\/i0.wp.com\/www.shqiperia.com\/blog\/wp-content\/uploads\/2019\/08\/Kisha-e-Sh%C3%ABn-Gjergjit-n%C3%AB-Shipsk%C3%AB.-1.png?fit=300%2C169&amp;ssl=1\" data-large-file=\"https:\/\/i0.wp.com\/www.shqiperia.com\/blog\/wp-content\/uploads\/2019\/08\/Kisha-e-Sh%C3%ABn-Gjergjit-n%C3%AB-Shipsk%C3%AB.-1.png?fit=750%2C422&amp;ssl=1\" class=\" wp-image-24612\" alt=\"\" src=\"https:\/\/i0.wp.com\/www.shqiperia.com\/blog\/wp-content\/uploads\/2019\/08\/Kisha-e-Sh%C3%ABn-Gjergjit-n%C3%AB-Shipsk%C3%AB.-1.png?resize=831%2C468&#038;ssl=1\" width=\"831\" height=\"468\" srcset=\"https:\/\/i0.wp.com\/www.shqiperia.com\/blog\/wp-content\/uploads\/2019\/08\/Kisha-e-Sh%C3%ABn-Gjergjit-n%C3%AB-Shipsk%C3%AB.-1.png?resize=300%2C169&amp;ssl=1 300w, https:\/\/i0.wp.com\/www.shqiperia.com\/blog\/wp-content\/uploads\/2019\/08\/Kisha-e-Sh%C3%ABn-Gjergjit-n%C3%AB-Shipsk%C3%AB.-1.png?resize=450%2C253&amp;ssl=1 450w, https:\/\/i0.wp.com\/www.shqiperia.com\/blog\/wp-content\/uploads\/2019\/08\/Kisha-e-Sh%C3%ABn-Gjergjit-n%C3%AB-Shipsk%C3%AB.-1.png?resize=600%2C338&amp;ssl=1 600w, https:\/\/i0.wp.com\/www.shqiperia.com\/blog\/wp-content\/uploads\/2019\/08\/Kisha-e-Sh%C3%ABn-Gjergjit-n%C3%AB-Shipsk%C3%AB.-1.png?resize=400%2C225&amp;ssl=1 400w, https:\/\/i0.wp.com\/www.shqiperia.com\/blog\/wp-content\/uploads\/2019\/08\/Kisha-e-Sh%C3%ABn-Gjergjit-n%C3%AB-Shipsk%C3%AB.-1.png?w=750&amp;ssl=1 750w\" sizes=\"auto, (max-width: 831px) 100vw, 831px\" \/><p id=\"caption-attachment-24612\" class=\"wp-caption-text\">Kisha e Sh\u00ebn Gjergjit n\u00eb Shipsk\u00eb.<\/p><\/div>\n<p>N\u00eb lart\u00ebsin\u00eb e e 1160 metrave mbi nivelin e detit e mbuluar gjat\u00eb dimrit me d\u00ebbor\u00eb, kjo \u00ebsht\u00eb dhe nj\u00eb zon\u00eb e mir\u00eb p\u00ebr t\u00eb praktikuar skit\u00eb. Vet\u00ebm 21 km larg\u00a0<a href=\"https:\/\/www.intoalbania.com\/sq\/qytet\/korce\/\">Kor\u00e7\u00ebs<\/a>, n\u00eb Voskopoj\u00eb do t\u00eb gjeni hotele cil\u00ebsore dhe restorante tradicionale q\u00eb do e b\u00ebjn\u00eb akoma m\u00eb t\u00eb p\u00eblqyesh\u00ebm q\u00ebndrimin tuaj aty.<\/p>\n<p><img data-recalc-dims=\"1\" loading=\"lazy\" decoding=\"async\" data-attachment-id=\"24613\" data-permalink=\"https:\/\/www.shqiperia.com\/blog\/voskopoja-e-vlerave-te-artit-dhe-trashegimise\/voskopoja-1-750x422-2\/\" data-orig-file=\"https:\/\/i0.wp.com\/www.shqiperia.com\/blog\/wp-content\/uploads\/2019\/08\/voskopoja-1-750x422-1.png?fit=750%2C422&amp;ssl=1\" data-orig-size=\"750,422\" data-comments-opened=\"1\" data-image-meta=\"{&quot;aperture&quot;:&quot;0&quot;,&quot;credit&quot;:&quot;&quot;,&quot;camera&quot;:&quot;&quot;,&quot;caption&quot;:&quot;&quot;,&quot;created_timestamp&quot;:&quot;0&quot;,&quot;copyright&quot;:&quot;&quot;,&quot;focal_length&quot;:&quot;0&quot;,&quot;iso&quot;:&quot;0&quot;,&quot;shutter_speed&quot;:&quot;0&quot;,&quot;title&quot;:&quot;&quot;,&quot;orientation&quot;:&quot;0&quot;}\" data-image-title=\"voskopoja-1-750&#215;422\" data-image-description=\"\" data-image-caption=\"\" data-medium-file=\"https:\/\/i0.wp.com\/www.shqiperia.com\/blog\/wp-content\/uploads\/2019\/08\/voskopoja-1-750x422-1.png?fit=300%2C169&amp;ssl=1\" data-large-file=\"https:\/\/i0.wp.com\/www.shqiperia.com\/blog\/wp-content\/uploads\/2019\/08\/voskopoja-1-750x422-1.png?fit=750%2C422&amp;ssl=1\" class=\"alignnone  wp-image-24613\" alt=\"\" src=\"https:\/\/i0.wp.com\/www.shqiperia.com\/blog\/wp-content\/uploads\/2019\/08\/voskopoja-1-750x422-1.png?resize=598%2C337&#038;ssl=1\" width=\"598\" height=\"337\" srcset=\"https:\/\/i0.wp.com\/www.shqiperia.com\/blog\/wp-content\/uploads\/2019\/08\/voskopoja-1-750x422-1.png?resize=300%2C169&amp;ssl=1 300w, https:\/\/i0.wp.com\/www.shqiperia.com\/blog\/wp-content\/uploads\/2019\/08\/voskopoja-1-750x422-1.png?resize=450%2C253&amp;ssl=1 450w, https:\/\/i0.wp.com\/www.shqiperia.com\/blog\/wp-content\/uploads\/2019\/08\/voskopoja-1-750x422-1.png?resize=600%2C338&amp;ssl=1 600w, https:\/\/i0.wp.com\/www.shqiperia.com\/blog\/wp-content\/uploads\/2019\/08\/voskopoja-1-750x422-1.png?resize=400%2C225&amp;ssl=1 400w, https:\/\/i0.wp.com\/www.shqiperia.com\/blog\/wp-content\/uploads\/2019\/08\/voskopoja-1-750x422-1.png?w=750&amp;ssl=1 750w\" sizes=\"auto, (max-width: 598px) 100vw, 598px\" \/> <img data-recalc-dims=\"1\" loading=\"lazy\" decoding=\"async\" data-attachment-id=\"24614\" data-permalink=\"https:\/\/www.shqiperia.com\/blog\/voskopoja-e-vlerave-te-artit-dhe-trashegimise\/hqdefault-1\/\" data-orig-file=\"https:\/\/i0.wp.com\/www.shqiperia.com\/blog\/wp-content\/uploads\/2019\/08\/hqdefault-1.jpg?fit=480%2C360&amp;ssl=1\" data-orig-size=\"480,360\" data-comments-opened=\"1\" data-image-meta=\"{&quot;aperture&quot;:&quot;0&quot;,&quot;credit&quot;:&quot;&quot;,&quot;camera&quot;:&quot;&quot;,&quot;caption&quot;:&quot;&quot;,&quot;created_timestamp&quot;:&quot;0&quot;,&quot;copyright&quot;:&quot;&quot;,&quot;focal_length&quot;:&quot;0&quot;,&quot;iso&quot;:&quot;0&quot;,&quot;shutter_speed&quot;:&quot;0&quot;,&quot;title&quot;:&quot;&quot;,&quot;orientation&quot;:&quot;0&quot;}\" data-image-title=\"hqdefault (1)\" data-image-description=\"\" data-image-caption=\"\" data-medium-file=\"https:\/\/i0.wp.com\/www.shqiperia.com\/blog\/wp-content\/uploads\/2019\/08\/hqdefault-1.jpg?fit=300%2C225&amp;ssl=1\" data-large-file=\"https:\/\/i0.wp.com\/www.shqiperia.com\/blog\/wp-content\/uploads\/2019\/08\/hqdefault-1.jpg?fit=480%2C360&amp;ssl=1\" class=\"alignnone  wp-image-24614\" alt=\"\" src=\"https:\/\/i0.wp.com\/www.shqiperia.com\/blog\/wp-content\/uploads\/2019\/08\/hqdefault-1.jpg?resize=523%2C392&#038;ssl=1\" width=\"523\" height=\"392\" srcset=\"https:\/\/i0.wp.com\/www.shqiperia.com\/blog\/wp-content\/uploads\/2019\/08\/hqdefault-1.jpg?resize=300%2C225&amp;ssl=1 300w, https:\/\/i0.wp.com\/www.shqiperia.com\/blog\/wp-content\/uploads\/2019\/08\/hqdefault-1.jpg?resize=450%2C338&amp;ssl=1 450w, https:\/\/i0.wp.com\/www.shqiperia.com\/blog\/wp-content\/uploads\/2019\/08\/hqdefault-1.jpg?resize=400%2C300&amp;ssl=1 400w, https:\/\/i0.wp.com\/www.shqiperia.com\/blog\/wp-content\/uploads\/2019\/08\/hqdefault-1.jpg?w=480&amp;ssl=1 480w\" sizes=\"auto, (max-width: 523px) 100vw, 523px\" \/> <img data-recalc-dims=\"1\" loading=\"lazy\" decoding=\"async\" data-attachment-id=\"24615\" data-permalink=\"https:\/\/www.shqiperia.com\/blog\/voskopoja-e-vlerave-te-artit-dhe-trashegimise\/hqdefault-16\/\" data-orig-file=\"https:\/\/i0.wp.com\/www.shqiperia.com\/blog\/wp-content\/uploads\/2019\/08\/hqdefault.jpg?fit=480%2C360&amp;ssl=1\" data-orig-size=\"480,360\" data-comments-opened=\"1\" data-image-meta=\"{&quot;aperture&quot;:&quot;0&quot;,&quot;credit&quot;:&quot;&quot;,&quot;camera&quot;:&quot;&quot;,&quot;caption&quot;:&quot;&quot;,&quot;created_timestamp&quot;:&quot;0&quot;,&quot;copyright&quot;:&quot;&quot;,&quot;focal_length&quot;:&quot;0&quot;,&quot;iso&quot;:&quot;0&quot;,&quot;shutter_speed&quot;:&quot;0&quot;,&quot;title&quot;:&quot;&quot;,&quot;orientation&quot;:&quot;0&quot;}\" data-image-title=\"hqdefault\" data-image-description=\"\" data-image-caption=\"\" data-medium-file=\"https:\/\/i0.wp.com\/www.shqiperia.com\/blog\/wp-content\/uploads\/2019\/08\/hqdefault.jpg?fit=300%2C225&amp;ssl=1\" data-large-file=\"https:\/\/i0.wp.com\/www.shqiperia.com\/blog\/wp-content\/uploads\/2019\/08\/hqdefault.jpg?fit=480%2C360&amp;ssl=1\" class=\"alignnone  wp-image-24615\" alt=\"\" src=\"https:\/\/i0.wp.com\/www.shqiperia.com\/blog\/wp-content\/uploads\/2019\/08\/hqdefault.jpg?resize=531%2C398&#038;ssl=1\" width=\"531\" height=\"398\" srcset=\"https:\/\/i0.wp.com\/www.shqiperia.com\/blog\/wp-content\/uploads\/2019\/08\/hqdefault.jpg?resize=300%2C225&amp;ssl=1 300w, https:\/\/i0.wp.com\/www.shqiperia.com\/blog\/wp-content\/uploads\/2019\/08\/hqdefault.jpg?resize=450%2C338&amp;ssl=1 450w, https:\/\/i0.wp.com\/www.shqiperia.com\/blog\/wp-content\/uploads\/2019\/08\/hqdefault.jpg?resize=400%2C300&amp;ssl=1 400w, https:\/\/i0.wp.com\/www.shqiperia.com\/blog\/wp-content\/uploads\/2019\/08\/hqdefault.jpg?w=480&amp;ssl=1 480w\" sizes=\"auto, (max-width: 531px) 100vw, 531px\" \/> <img data-recalc-dims=\"1\" loading=\"lazy\" decoding=\"async\" data-attachment-id=\"24616\" data-permalink=\"https:\/\/www.shqiperia.com\/blog\/voskopoja-e-vlerave-te-artit-dhe-trashegimise\/vokopoja-770x433\/\" data-orig-file=\"https:\/\/i0.wp.com\/www.shqiperia.com\/blog\/wp-content\/uploads\/2019\/08\/vokopoja-770x433.jpg?fit=770%2C433&amp;ssl=1\" data-orig-size=\"770,433\" data-comments-opened=\"1\" data-image-meta=\"{&quot;aperture&quot;:&quot;0&quot;,&quot;credit&quot;:&quot;&quot;,&quot;camera&quot;:&quot;&quot;,&quot;caption&quot;:&quot;&quot;,&quot;created_timestamp&quot;:&quot;0&quot;,&quot;copyright&quot;:&quot;&quot;,&quot;focal_length&quot;:&quot;0&quot;,&quot;iso&quot;:&quot;0&quot;,&quot;shutter_speed&quot;:&quot;0&quot;,&quot;title&quot;:&quot;&quot;,&quot;orientation&quot;:&quot;0&quot;}\" data-image-title=\"vokopoja-770&#215;433\" data-image-description=\"\" data-image-caption=\"\" data-medium-file=\"https:\/\/i0.wp.com\/www.shqiperia.com\/blog\/wp-content\/uploads\/2019\/08\/vokopoja-770x433.jpg?fit=300%2C169&amp;ssl=1\" data-large-file=\"https:\/\/i0.wp.com\/www.shqiperia.com\/blog\/wp-content\/uploads\/2019\/08\/vokopoja-770x433.jpg?fit=770%2C433&amp;ssl=1\" class=\"alignnone  wp-image-24616\" alt=\"\" src=\"https:\/\/i0.wp.com\/www.shqiperia.com\/blog\/wp-content\/uploads\/2019\/08\/vokopoja-770x433.jpg?resize=563%2C317&#038;ssl=1\" width=\"563\" height=\"317\" srcset=\"https:\/\/i0.wp.com\/www.shqiperia.com\/blog\/wp-content\/uploads\/2019\/08\/vokopoja-770x433.jpg?resize=300%2C169&amp;ssl=1 300w, https:\/\/i0.wp.com\/www.shqiperia.com\/blog\/wp-content\/uploads\/2019\/08\/vokopoja-770x433.jpg?resize=768%2C432&amp;ssl=1 768w, https:\/\/i0.wp.com\/www.shqiperia.com\/blog\/wp-content\/uploads\/2019\/08\/vokopoja-770x433.jpg?resize=450%2C253&amp;ssl=1 450w, https:\/\/i0.wp.com\/www.shqiperia.com\/blog\/wp-content\/uploads\/2019\/08\/vokopoja-770x433.jpg?resize=600%2C337&amp;ssl=1 600w, https:\/\/i0.wp.com\/www.shqiperia.com\/blog\/wp-content\/uploads\/2019\/08\/vokopoja-770x433.jpg?resize=400%2C225&amp;ssl=1 400w, https:\/\/i0.wp.com\/www.shqiperia.com\/blog\/wp-content\/uploads\/2019\/08\/vokopoja-770x433.jpg?resize=770%2C433&amp;ssl=1 770w\" sizes=\"auto, (max-width: 563px) 100vw, 563px\" \/><\/p>\n","protected":false},"excerpt":{"rendered":"<p>Voskopoja e vlerave te Artit dhe Trashegimise Natyra, arti dhe historia nd\u00ebrthuren me nj\u00ebra tjetr\u00ebn n\u00eb Voskopoj\u00eb, duke e b\u00ebr\u00eb k\u00ebt\u00eb vend nj\u00eb destinacion t\u00eb preferuar turistik p\u00ebrgjat\u00eb gjith\u00eb vitit. E njohur si qend\u00ebr e r\u00ebnd\u00ebsishme kulturore q\u00eb n\u00eb vitin 1330, me kalimin e shekujve ajo u pasurua me mbi 24 kisha, Akademin\u00eb e famshme, [&hellip;]<\/p>\n","protected":false},"author":9,"featured_media":24610,"comment_status":"open","ping_status":"open","sticky":false,"template":"","format":"standard","meta":{"jetpack_post_was_ever_published":false,"_jetpack_newsletter_access":"","_jetpack_dont_email_post_to_subs":false,"_jetpack_newsletter_tier_id":0,"_jetpack_memberships_contains_paywalled_content":false,"_jetpack_memberships_contains_paid_content":false,"footnotes":"","jetpack_publicize_message":"","jetpack_publicize_feature_enabled":true,"jetpack_social_post_already_shared":true,"jetpack_social_options":{"image_generator_settings":{"template":"highway","default_image_id":0,"font":"","enabled":false},"version":2}},"categories":[85,10,86],"tags":[],"class_list":["post-24609","post","type-post","status-publish","format-standard","has-post-thumbnail","hentry","category-histori","category-kultura","category-trashegimi-kulturore"],"jetpack_publicize_connections":[],"jetpack_featured_media_url":"https:\/\/i0.wp.com\/www.shqiperia.com\/blog\/wp-content\/uploads\/2019\/08\/voskopoja-1-750x422.png?fit=750%2C422&ssl=1","jetpack_sharing_enabled":true,"jetpack_shortlink":"https:\/\/wp.me\/p5Z6wp-6oV","jetpack-related-posts":[{"id":105741,"url":"https:\/\/www.shqiperia.com\/blog\/nis-restaurimi-i-manastirit-te-kryeengjejve-ne-dervican-do-te-rikthehen-edhe-konaket-historike-8-foto\/","url_meta":{"origin":24609,"position":0},"title":"Nis restaurimi i Manastirit t\u00eb Kryeengj\u00ebjve n\u00eb Dervi\u00e7an, do t\u00eb rikthehen edhe konak\u00ebt historik\u00eb + 8 foto","author":"Kurt Farka","date":"September 1, 2026","format":false,"excerpt":"1 Shtator 2026 Kompleksi i shekullit XVIII n\u00eb Dropull do t\u00eb restaurohet n\u00eb dy faza, nd\u00ebrsa nd\u00ebrhyrja do t\u00eb p\u00ebrfshij\u00eb edhe konak\u00ebt historik\u00eb. Nj\u00eb nga monumentet m\u00eb t\u00eb r\u00ebnd\u00ebsishme t\u00eb trash\u00ebgimis\u00eb kulturore dhe fetare n\u00eb jug t\u00eb vendit, Manastiri i Kryeengj\u00ebjve n\u00eb Dervi\u00e7an, do t'i n\u00ebnshtrohet restaurimit pas vitesh degradimi\u2026","rel":"","context":"In &quot;Blogu i Udh\u00ebtarit&quot;","block_context":{"text":"Blogu i Udh\u00ebtarit","link":"https:\/\/www.shqiperia.com\/blog\/category\/blogu-i-udhetarit\/"},"img":{"alt_text":"","src":"https:\/\/i0.wp.com\/www.shqiperia.com\/blog\/wp-content\/uploads\/2026\/09\/1788186054_manastiriikryeengjjve.jpg?fit=780%2C440&ssl=1&resize=350%2C200","width":350,"height":200,"srcset":"https:\/\/i0.wp.com\/www.shqiperia.com\/blog\/wp-content\/uploads\/2026\/09\/1788186054_manastiriikryeengjjve.jpg?fit=780%2C440&ssl=1&resize=350%2C200 1x, https:\/\/i0.wp.com\/www.shqiperia.com\/blog\/wp-content\/uploads\/2026\/09\/1788186054_manastiriikryeengjjve.jpg?fit=780%2C440&ssl=1&resize=525%2C300 1.5x, https:\/\/i0.wp.com\/www.shqiperia.com\/blog\/wp-content\/uploads\/2026\/09\/1788186054_manastiriikryeengjjve.jpg?fit=780%2C440&ssl=1&resize=700%2C400 2x"},"classes":[]},{"id":102299,"url":"https:\/\/www.shqiperia.com\/blog\/qyteti-i-ohrit-ne-listen-e-trashegimise-se-unesco-s-terheq-vizitoret-gjate-sezonit-veror\/","url_meta":{"origin":24609,"position":1},"title":"Qyteti i Ohrit n\u00eb list\u00ebn e trash\u00ebgimis\u00eb s\u00eb UNESCO-s t\u00ebrheq vizitor\u00ebt gjat\u00eb sezonit veror","author":"Kurt Farka","date":"July 6, 2026","format":false,"excerpt":"6 Korrik 2026 Nj\u00eb nga destinacionet turistike m\u00eb t\u00eb njohura n\u00eb Ballkan dhe qytet q\u00eb brenda kufijve t\u00eb tij strehon nj\u00eb nga liqenet m\u00eb t\u00eb vjetra dhe m\u00eb t\u00eb thella t\u00eb Evrop\u00ebs, Ohri, edhe k\u00ebt\u00eb vit renditet nd\u00ebr vendet m\u00eb t\u00eb vizituara nga turist\u00ebt n\u00eb rajon. Qyteti i Ohrit, nj\u00eb\u2026","rel":"","context":"In &quot;Blogu i Udh\u00ebtarit&quot;","block_context":{"text":"Blogu i Udh\u00ebtarit","link":"https:\/\/www.shqiperia.com\/blog\/category\/blogu-i-udhetarit\/"},"img":{"alt_text":"","src":"https:\/\/i0.wp.com\/www.shqiperia.com\/blog\/wp-content\/uploads\/2026\/07\/Qyteti-Shqiptareve-Ohri.webp?fit=729%2C486&ssl=1&resize=350%2C200","width":350,"height":200,"srcset":"https:\/\/i0.wp.com\/www.shqiperia.com\/blog\/wp-content\/uploads\/2026\/07\/Qyteti-Shqiptareve-Ohri.webp?fit=729%2C486&ssl=1&resize=350%2C200 1x, https:\/\/i0.wp.com\/www.shqiperia.com\/blog\/wp-content\/uploads\/2026\/07\/Qyteti-Shqiptareve-Ohri.webp?fit=729%2C486&ssl=1&resize=525%2C300 1.5x, https:\/\/i0.wp.com\/www.shqiperia.com\/blog\/wp-content\/uploads\/2026\/07\/Qyteti-Shqiptareve-Ohri.webp?fit=729%2C486&ssl=1&resize=700%2C400 2x"},"classes":[]},{"id":105556,"url":"https:\/\/www.shqiperia.com\/blog\/banesat-monument-kulture-ne-gjirokaster-prej-vitesh-pa-nderhyrje-rreth-90-ne-rrezik\/","url_meta":{"origin":24609,"position":2},"title":"Banesat monument kulture n\u00eb Gjirokast\u00ebr prej vitesh pa nd\u00ebrhyrje, rreth 90 n\u00eb rrezik","author":"Kurt Farka","date":"August 31, 2026","format":false,"excerpt":"31 Gusht 2026 Nga Julia Vrapi Banesat monument kulture n\u00eb Gjirokast\u00ebr prej vitesh p\u00ebrballen me probleme t\u00eb shumta q\u00eb rrezikojn\u00eb ruajtjen e vlerave t\u00eb tyre historike dhe arkitekturore. Dhjet\u00ebra prej tyre kan\u00eb nevoj\u00eb p\u00ebr nd\u00ebrhyrje, nd\u00ebrsa pronar\u00ebt shpesh p\u00ebrballen me v\u00ebshtir\u00ebsi p\u00ebr t\u2019i mir\u00ebmbajtur. Nga 390 banesa monument kulture n\u00eb\u2026","rel":"","context":"In &quot;Blogu i Udh\u00ebtarit&quot;","block_context":{"text":"Blogu i Udh\u00ebtarit","link":"https:\/\/www.shqiperia.com\/blog\/category\/blogu-i-udhetarit\/"},"img":{"alt_text":"","src":"https:\/\/i0.wp.com\/www.shqiperia.com\/blog\/wp-content\/uploads\/2026\/08\/800-0-capture-6a92723022d22.png?fit=800%2C446&ssl=1&resize=350%2C200","width":350,"height":200,"srcset":"https:\/\/i0.wp.com\/www.shqiperia.com\/blog\/wp-content\/uploads\/2026\/08\/800-0-capture-6a92723022d22.png?fit=800%2C446&ssl=1&resize=350%2C200 1x, https:\/\/i0.wp.com\/www.shqiperia.com\/blog\/wp-content\/uploads\/2026\/08\/800-0-capture-6a92723022d22.png?fit=800%2C446&ssl=1&resize=525%2C300 1.5x, https:\/\/i0.wp.com\/www.shqiperia.com\/blog\/wp-content\/uploads\/2026\/08\/800-0-capture-6a92723022d22.png?fit=800%2C446&ssl=1&resize=700%2C400 2x"},"classes":[]},{"id":105656,"url":"https:\/\/www.shqiperia.com\/blog\/mbi-45-ikona-nga-muzeu-kombetar-i-artit-mesjetar-te-korces-pjese-e-ekspozites-ne-chambery\/","url_meta":{"origin":24609,"position":3},"title":"Mbi 45 ikona nga Muzeu Komb\u00ebtar i Artit Mesjetar t\u00eb Kor\u00e7\u00ebs, pjes\u00eb e ekspozit\u00ebs n\u00eb Chamb\u00e9ry","author":"Kurt Farka","date":"September 1, 2026","format":false,"excerpt":"1 Shtator 2026 Mbi 45 ikona t\u00eb p\u00ebrzgjedhura nga Muzeu Komb\u00ebtar i Artit Mesjetar t\u00eb Kor\u00e7\u00ebs vijojn\u00eb t\u00eb prezantojn\u00eb n\u00eb Franc\u00eb vlerat e trash\u00ebgimis\u00eb dhe artit shqiptar. Ekspozita \u201cIkonat e Shqip\u00ebris\u00eb- Thesaret e Muzeut Komb\u00ebtar t\u00eb Artit Mesjetar t\u00eb Kor\u00e7\u00eb\u201d mbetet e hapur p\u00ebr publikun n\u00eb Chamb\u00e9ry, duke sjell\u00eb n\u00eb\u2026","rel":"","context":"In &quot;Arte&quot;","block_context":{"text":"Arte","link":"https:\/\/www.shqiperia.com\/blog\/category\/arte\/"},"img":{"alt_text":"","src":"https:\/\/i0.wp.com\/www.shqiperia.com\/blog\/wp-content\/uploads\/2026\/09\/800-0-ikonaaaa-faqe-18-2-6a96655973341.jpg?fit=800%2C458&ssl=1&resize=350%2C200","width":350,"height":200,"srcset":"https:\/\/i0.wp.com\/www.shqiperia.com\/blog\/wp-content\/uploads\/2026\/09\/800-0-ikonaaaa-faqe-18-2-6a96655973341.jpg?fit=800%2C458&ssl=1&resize=350%2C200 1x, https:\/\/i0.wp.com\/www.shqiperia.com\/blog\/wp-content\/uploads\/2026\/09\/800-0-ikonaaaa-faqe-18-2-6a96655973341.jpg?fit=800%2C458&ssl=1&resize=525%2C300 1.5x, https:\/\/i0.wp.com\/www.shqiperia.com\/blog\/wp-content\/uploads\/2026\/09\/800-0-ikonaaaa-faqe-18-2-6a96655973341.jpg?fit=800%2C458&ssl=1&resize=700%2C400 2x"},"classes":[]},{"id":103918,"url":"https:\/\/www.shqiperia.com\/blog\/festivali-i-44-t-i-kenges-arbereshe-sjell-muzike-histori-dhe-tradite\/","url_meta":{"origin":24609,"position":4},"title":"Festivali i 44-t i K\u00ebng\u00ebs Arb\u00ebreshe sjell muzik\u00eb, histori dhe tradit\u00eb","author":"Kurt Farka","date":"August 7, 2026","format":false,"excerpt":"7 Gusht 2026 Festivali i K\u00ebng\u00ebs Arb\u00ebreshe \u00ebsht\u00eb nj\u00eb prej ngjarjeve m\u00eb t\u00eb r\u00ebnd\u00ebsishme kushtuar ruajtjes dhe promovimit t\u00eb gjuh\u00ebs, traditave dhe identitetit arb\u00ebresh n\u00eb Itali. Ambientet historike t\u00eb Kolegjit t\u00eb Sh\u00ebn Mitrit n\u00eb San Demetrio Corone do t\u00eb b\u00ebhen s\u00ebrish qendra e kultur\u00ebs arb\u00ebreshe, me zhvillimin e festivalit. Nga\u2026","rel":"","context":"In &quot;Arte&quot;","block_context":{"text":"Arte","link":"https:\/\/www.shqiperia.com\/blog\/category\/arte\/"},"img":{"alt_text":"","src":"https:\/\/i0.wp.com\/www.shqiperia.com\/blog\/wp-content\/uploads\/2026\/08\/8d5a082a656ba705d6fd37a305de2241.jpg?fit=600%2C433&ssl=1&resize=350%2C200","width":350,"height":200,"srcset":"https:\/\/i0.wp.com\/www.shqiperia.com\/blog\/wp-content\/uploads\/2026\/08\/8d5a082a656ba705d6fd37a305de2241.jpg?fit=600%2C433&ssl=1&resize=350%2C200 1x, https:\/\/i0.wp.com\/www.shqiperia.com\/blog\/wp-content\/uploads\/2026\/08\/8d5a082a656ba705d6fd37a305de2241.jpg?fit=600%2C433&ssl=1&resize=525%2C300 1.5x"},"classes":[]},{"id":104393,"url":"https:\/\/www.shqiperia.com\/blog\/ja-si-blendi-gonxhe-shkaterroi-zonat-arkeologjike-legalizoi-156-ndertime-pa-leje-pas-nisjes-se-punimeve-dalin\/","url_meta":{"origin":24609,"position":5},"title":"Ja si Blendi Gonxhe shkat\u00ebrroi zonat arkeologjike, legalizoi 156 nd\u00ebrtime pa leje pas nisjes s\u00eb punimeve, dalin\u2026","author":"Kurt Farka","date":"August 14, 2026","format":false,"excerpt":"14 Gusht 2026 Endri Haxhiu shfaqet prej vitesh pran\u00eb Blendi Gonxhes, duke e ndjekur at\u00eb n\u00eb disa prej posteve m\u00eb t\u00eb r\u00ebnd\u00ebsishme q\u00eb ka mbajtur. Nga Drejtoria e P\u00ebrgjithshme e Sh\u00ebrbimeve t\u00eb Transportit Rrugor, te Ministria e Kultur\u00ebs, Haxhiu ka vijuar t\u00eb jet\u00eb pjes\u00eb e strukturave ku ka ushtruar detyr\u00ebn\u2026","rel":"","context":"In &quot;Blogu i Udh\u00ebtarit&quot;","block_context":{"text":"Blogu i Udh\u00ebtarit","link":"https:\/\/www.shqiperia.com\/blog\/category\/blogu-i-udhetarit\/"},"img":{"alt_text":"","src":"https:\/\/i0.wp.com\/www.shqiperia.com\/blog\/wp-content\/uploads\/2026\/08\/hkhhhkhh-2.jpg?fit=516%2C400&ssl=1&resize=350%2C200","width":350,"height":200},"classes":[]}],"_links":{"self":[{"href":"https:\/\/www.shqiperia.com\/blog\/wp-json\/wp\/v2\/posts\/24609","targetHints":{"allow":["GET"]}}],"collection":[{"href":"https:\/\/www.shqiperia.com\/blog\/wp-json\/wp\/v2\/posts"}],"about":[{"href":"https:\/\/www.shqiperia.com\/blog\/wp-json\/wp\/v2\/types\/post"}],"author":[{"embeddable":true,"href":"https:\/\/www.shqiperia.com\/blog\/wp-json\/wp\/v2\/users\/9"}],"replies":[{"embeddable":true,"href":"https:\/\/www.shqiperia.com\/blog\/wp-json\/wp\/v2\/comments?post=24609"}],"version-history":[{"count":1,"href":"https:\/\/www.shqiperia.com\/blog\/wp-json\/wp\/v2\/posts\/24609\/revisions"}],"predecessor-version":[{"id":24617,"href":"https:\/\/www.shqiperia.com\/blog\/wp-json\/wp\/v2\/posts\/24609\/revisions\/24617"}],"wp:featuredmedia":[{"embeddable":true,"href":"https:\/\/www.shqiperia.com\/blog\/wp-json\/wp\/v2\/media\/24610"}],"wp:attachment":[{"href":"https:\/\/www.shqiperia.com\/blog\/wp-json\/wp\/v2\/media?parent=24609"}],"wp:term":[{"taxonomy":"category","embeddable":true,"href":"https:\/\/www.shqiperia.com\/blog\/wp-json\/wp\/v2\/categories?post=24609"},{"taxonomy":"post_tag","embeddable":true,"href":"https:\/\/www.shqiperia.com\/blog\/wp-json\/wp\/v2\/tags?post=24609"}],"curies":[{"name":"wp","href":"https:\/\/api.w.org\/{rel}","templated":true}]}}