{"id":24599,"date":"2019-08-10T11:27:21","date_gmt":"2019-08-10T11:27:21","guid":{"rendered":"https:\/\/www.shqiperia.com\/blog\/?p=24599"},"modified":"2019-08-10T11:38:40","modified_gmt":"2019-08-10T11:38:40","slug":"a-do-mundemi-ne-ta-ruajme-kete-pasuri-te-trasheguar-ne-mijravjecar","status":"publish","type":"post","link":"https:\/\/www.shqiperia.com\/blog\/a-do-mundemi-ne-ta-ruajme-kete-pasuri-te-trasheguar-ne-mijravjecar\/","title":{"rendered":"A do mundemi ne ta ruajme kete pasuri te trasheguar ne mijravjecar !?"},"content":{"rendered":"<div class=\"\" data-block=\"true\" data-editor=\"5r1eq\" data-offset-key=\"71ojs-0-0\">\n<div data-offset-key=\"71ojs-0-0\"><img data-recalc-dims=\"1\" loading=\"lazy\" decoding=\"async\" data-attachment-id=\"24604\" data-permalink=\"https:\/\/www.shqiperia.com\/blog\/a-do-mundemi-ne-ta-ruajme-kete-pasuri-te-trasheguar-ne-mijravjecar\/1-foto-fragment-motive-nga-xhubleta\/\" data-orig-file=\"https:\/\/i0.wp.com\/www.shqiperia.com\/blog\/wp-content\/uploads\/2019\/08\/1-Foto-Fragment-Motive-nga-Xhubleta.jpg?fit=586%2C350&amp;ssl=1\" data-orig-size=\"586,350\" data-comments-opened=\"1\" data-image-meta=\"{&quot;aperture&quot;:&quot;0&quot;,&quot;credit&quot;:&quot;&quot;,&quot;camera&quot;:&quot;&quot;,&quot;caption&quot;:&quot;&quot;,&quot;created_timestamp&quot;:&quot;0&quot;,&quot;copyright&quot;:&quot;&quot;,&quot;focal_length&quot;:&quot;0&quot;,&quot;iso&quot;:&quot;0&quot;,&quot;shutter_speed&quot;:&quot;0&quot;,&quot;title&quot;:&quot;&quot;,&quot;orientation&quot;:&quot;0&quot;}\" data-image-title=\"1 Foto Fragment Motive nga Xhubleta\" data-image-description=\"\" data-image-caption=\"\" data-medium-file=\"https:\/\/i0.wp.com\/www.shqiperia.com\/blog\/wp-content\/uploads\/2019\/08\/1-Foto-Fragment-Motive-nga-Xhubleta.jpg?fit=300%2C179&amp;ssl=1\" data-large-file=\"https:\/\/i0.wp.com\/www.shqiperia.com\/blog\/wp-content\/uploads\/2019\/08\/1-Foto-Fragment-Motive-nga-Xhubleta.jpg?fit=586%2C350&amp;ssl=1\" class=\"alignnone wp-image-24604\" alt=\"\" src=\"https:\/\/i0.wp.com\/www.shqiperia.com\/blog\/wp-content\/uploads\/2019\/08\/1-Foto-Fragment-Motive-nga-Xhubleta.jpg?resize=652%2C389&#038;ssl=1\" width=\"652\" height=\"389\" srcset=\"https:\/\/i0.wp.com\/www.shqiperia.com\/blog\/wp-content\/uploads\/2019\/08\/1-Foto-Fragment-Motive-nga-Xhubleta.jpg?resize=300%2C179&amp;ssl=1 300w, https:\/\/i0.wp.com\/www.shqiperia.com\/blog\/wp-content\/uploads\/2019\/08\/1-Foto-Fragment-Motive-nga-Xhubleta.jpg?resize=450%2C269&amp;ssl=1 450w, https:\/\/i0.wp.com\/www.shqiperia.com\/blog\/wp-content\/uploads\/2019\/08\/1-Foto-Fragment-Motive-nga-Xhubleta.jpg?resize=400%2C239&amp;ssl=1 400w, https:\/\/i0.wp.com\/www.shqiperia.com\/blog\/wp-content\/uploads\/2019\/08\/1-Foto-Fragment-Motive-nga-Xhubleta.jpg?w=586&amp;ssl=1 586w\" sizes=\"auto, (max-width: 652px) 100vw, 652px\" \/><\/div>\n<div data-offset-key=\"71ojs-0-0\"><\/div>\n<div class=\"_1mf _1mj\" data-offset-key=\"71ojs-0-0\"><span data-offset-key=\"71ojs-0-0\">Lum e Lum per te Madhin Zot, <\/span><\/div>\n<div class=\"_1mf _1mj\" data-offset-key=\"71ojs-0-0\"><span data-offset-key=\"71ojs-0-0\">Ne sjem kane Ai na ka dhane, <\/span><\/div>\n<div class=\"_1mf _1mj\" data-offset-key=\"71ojs-0-0\"><span data-offset-key=\"71ojs-0-0\">Pa fatin ton Ai sna ka lane&#8230;.<\/span><\/div>\n<\/div>\n<div class=\"\" data-block=\"true\" data-editor=\"5r1eq\" data-offset-key=\"17l02-0-0\">\n<div class=\"_1mf _1mj\" data-offset-key=\"17l02-0-0\"><span data-offset-key=\"17l02-0-0\">A do mundemi ne ta ruajme kete pasuri te trasheguar ne mijravjecar !?<\/span><\/div>\n<\/div>\n<div data-offset-key=\"17l02-0-0\"><\/div>\n<div data-offset-key=\"17l02-0-0\"><img data-recalc-dims=\"1\" loading=\"lazy\" decoding=\"async\" data-attachment-id=\"24606\" data-permalink=\"https:\/\/www.shqiperia.com\/blog\/a-do-mundemi-ne-ta-ruajme-kete-pasuri-te-trasheguar-ne-mijravjecar\/1-foto-fragment-motive-nga-xhubleta-2\/\" data-orig-file=\"https:\/\/i0.wp.com\/www.shqiperia.com\/blog\/wp-content\/uploads\/2019\/08\/1-Foto-Fragment-Motive-nga-Xhubleta-1.jpg?fit=586%2C350&amp;ssl=1\" data-orig-size=\"586,350\" data-comments-opened=\"1\" data-image-meta=\"{&quot;aperture&quot;:&quot;0&quot;,&quot;credit&quot;:&quot;&quot;,&quot;camera&quot;:&quot;&quot;,&quot;caption&quot;:&quot;&quot;,&quot;created_timestamp&quot;:&quot;0&quot;,&quot;copyright&quot;:&quot;&quot;,&quot;focal_length&quot;:&quot;0&quot;,&quot;iso&quot;:&quot;0&quot;,&quot;shutter_speed&quot;:&quot;0&quot;,&quot;title&quot;:&quot;&quot;,&quot;orientation&quot;:&quot;0&quot;}\" data-image-title=\"1 Foto Fragment Motive nga Xhubleta\" data-image-description=\"\" data-image-caption=\"\" data-medium-file=\"https:\/\/i0.wp.com\/www.shqiperia.com\/blog\/wp-content\/uploads\/2019\/08\/1-Foto-Fragment-Motive-nga-Xhubleta-1.jpg?fit=300%2C179&amp;ssl=1\" data-large-file=\"https:\/\/i0.wp.com\/www.shqiperia.com\/blog\/wp-content\/uploads\/2019\/08\/1-Foto-Fragment-Motive-nga-Xhubleta-1.jpg?fit=586%2C350&amp;ssl=1\" class=\"alignnone wp-image-24606\" alt=\"\" src=\"https:\/\/i0.wp.com\/www.shqiperia.com\/blog\/wp-content\/uploads\/2019\/08\/1-Foto-Fragment-Motive-nga-Xhubleta-1.jpg?resize=898%2C536&#038;ssl=1\" width=\"898\" height=\"536\" srcset=\"https:\/\/i0.wp.com\/www.shqiperia.com\/blog\/wp-content\/uploads\/2019\/08\/1-Foto-Fragment-Motive-nga-Xhubleta-1.jpg?resize=300%2C179&amp;ssl=1 300w, https:\/\/i0.wp.com\/www.shqiperia.com\/blog\/wp-content\/uploads\/2019\/08\/1-Foto-Fragment-Motive-nga-Xhubleta-1.jpg?resize=450%2C269&amp;ssl=1 450w, https:\/\/i0.wp.com\/www.shqiperia.com\/blog\/wp-content\/uploads\/2019\/08\/1-Foto-Fragment-Motive-nga-Xhubleta-1.jpg?resize=400%2C239&amp;ssl=1 400w, https:\/\/i0.wp.com\/www.shqiperia.com\/blog\/wp-content\/uploads\/2019\/08\/1-Foto-Fragment-Motive-nga-Xhubleta-1.jpg?w=586&amp;ssl=1 586w\" sizes=\"auto, (max-width: 898px) 100vw, 898px\" \/><\/div>\n","protected":false},"excerpt":{"rendered":"<p>Lum e Lum per te Madhin Zot, Ne sjem kane Ai na ka dhane, Pa fatin ton Ai sna ka lane&#8230;. A do mundemi ne ta ruajme kete pasuri te trasheguar ne mijravjecar !?<\/p>\n","protected":false},"author":9,"featured_media":24600,"comment_status":"open","ping_status":"open","sticky":false,"template":"","format":"standard","meta":{"jetpack_post_was_ever_published":false,"_jetpack_newsletter_access":"","_jetpack_dont_email_post_to_subs":false,"_jetpack_newsletter_tier_id":0,"_jetpack_memberships_contains_paywalled_content":false,"_jetpack_memberships_contains_paid_content":false,"footnotes":"","jetpack_publicize_message":"","jetpack_publicize_feature_enabled":true,"jetpack_social_post_already_shared":true,"jetpack_social_options":{"image_generator_settings":{"template":"highway","default_image_id":0,"font":"","enabled":false},"version":2}},"categories":[10,35,86],"tags":[],"class_list":["post-24599","post","type-post","status-publish","format-standard","has-post-thumbnail","hentry","category-kultura","category-shoqerore","category-trashegimi-kulturore"],"jetpack_publicize_connections":[],"jetpack_featured_media_url":"https:\/\/i0.wp.com\/www.shqiperia.com\/blog\/wp-content\/uploads\/2019\/08\/3-20190726_115349.jpg?fit=3255%2C1960&ssl=1","jetpack_sharing_enabled":true,"jetpack_shortlink":"https:\/\/wp.me\/p5Z6wp-6oL","jetpack-related-posts":[{"id":103042,"url":"https:\/\/www.shqiperia.com\/blog\/marjana-koceku-te-jesh-shqiptar-i-mire-sdo-te-thote-te-mbash-nje-flamur-por-te-mbrosh-ate-qe-na-eshte-trasheguar\/","url_meta":{"origin":24599,"position":0},"title":"Marjana Ko\u00e7eku; &#8211; T\u00eb jesh shqiptar i mir\u00eb s\u2019do t\u00eb thot\u00eb t\u00eb mbash nj\u00eb flamur, por t\u00eb mbrosh at\u00eb q\u00eb na \u00ebsht\u00eb trash\u00ebguar","author":"Kurt Farka","date":"July 21, 2026","format":false,"excerpt":"21 Korrik 2026 Deputetja e pavaruar Marjana Ko\u00e7eku ka deklaruar se ajo po punon p\u00ebr nj\u00eb platform\u00eb politike, ku n\u00eb thelb t\u00eb saj do t\u00eb jet\u00eb mbrojtja e mjedisit. Ajo tha se aktualisht n\u00eb Parlament \u00ebsht\u00eb e vetme p\u00ebr kauz\u00ebn e saj. \u201cSi deputete e pavarur po puno p\u00ebr nj\u00eb\u2026","rel":"","context":"In &quot;Blogu i Udh\u00ebtarit&quot;","block_context":{"text":"Blogu i Udh\u00ebtarit","link":"https:\/\/www.shqiperia.com\/blog\/category\/blogu-i-udhetarit\/"},"img":{"alt_text":"","src":"https:\/\/i0.wp.com\/www.shqiperia.com\/blog\/wp-content\/uploads\/2026\/07\/OIP-2.webp?fit=474%2C266&ssl=1&resize=350%2C200","width":350,"height":200},"classes":[]},{"id":102413,"url":"https:\/\/www.shqiperia.com\/blog\/jaho-brahaj-se-pari-muze-te-trashegimise-dhe-artit-kombetar-me-vone-te-qyteterimit-islamik-2\/","url_meta":{"origin":24599,"position":1},"title":"Jaho Brahaj: &#8211; S\u00eb pari muze t\u00eb trash\u00ebgimis\u00eb dhe artit komb\u00ebtar, m\u00eb von\u00eb t\u00eb qytet\u00ebrimit islamik","author":"Kurt Farka","date":"July 9, 2026","format":false,"excerpt":"9 Korrik 2026 ... N\u00eb vitin 2023 me nism\u00ebn e Bashkis\u00eb Tiran\u00eb me parat\u00eb e taksapaguesve t\u00eb qytetar\u00ebve u ble Saraji i Toptan\u00ebve me destinacion Muze Etnografik i Tiran\u00ebs...- Edvin Rama po ja shet nje shoqate per Muze islamik.... Tirana nuk ka nj\u00eb muze etnografik, por mungesa e tij ka\u2026","rel":"","context":"In &quot;Arte&quot;","block_context":{"text":"Arte","link":"https:\/\/www.shqiperia.com\/blog\/category\/arte\/"},"img":{"alt_text":"","src":"https:\/\/i0.wp.com\/www.shqiperia.com\/blog\/wp-content\/uploads\/2026\/07\/Jaho-Brahaj.jpg?fit=610%2C436&ssl=1&resize=350%2C200","width":350,"height":200,"srcset":"https:\/\/i0.wp.com\/www.shqiperia.com\/blog\/wp-content\/uploads\/2026\/07\/Jaho-Brahaj.jpg?fit=610%2C436&ssl=1&resize=350%2C200 1x, https:\/\/i0.wp.com\/www.shqiperia.com\/blog\/wp-content\/uploads\/2026\/07\/Jaho-Brahaj.jpg?fit=610%2C436&ssl=1&resize=525%2C300 1.5x"},"classes":[]},{"id":103924,"url":"https:\/\/www.shqiperia.com\/blog\/rikthehet-iso-mbi-kalldrem-ne-gjirokaster\/","url_meta":{"origin":24599,"position":2},"title":"Rikthehet \u2018Iso mbi kalldr\u00ebm\u2019 n\u00eb Gjirokast\u00ebr","author":"Kurt Farka","date":"August 7, 2026","format":false,"excerpt":"7 Gusht 2026 Mbr\u00ebmjet e ver\u00ebs n\u00eb Pazarin Karakteristik t\u00eb Gjirokastr\u00ebs vijojn\u00eb t\u00eb marrin jet\u00eb n\u00ebn tingujt e isopolifonis\u00eb. Edicioni i pest\u00eb i aktivitetit \u201cIso mbi Kalldr\u00ebm\u201d ka rikthyer edhe k\u00ebt\u00eb vit atmosfer\u00ebn tradicionale n\u00eb zem\u00ebr t\u00eb qytetit, duke mbledhur banor\u00eb e vizitor\u00eb vendas e t\u00eb huaj. \u201c\u00cbsht\u00eb k\u00ebnaq\u00ebsi q\u00eb\u2026","rel":"","context":"In &quot;Arte&quot;","block_context":{"text":"Arte","link":"https:\/\/www.shqiperia.com\/blog\/category\/arte\/"},"img":{"alt_text":"","src":"https:\/\/i0.wp.com\/www.shqiperia.com\/blog\/wp-content\/uploads\/2026\/08\/Screenshot_10-1-1024x641-1.jpg?fit=1024%2C641&ssl=1&resize=350%2C200","width":350,"height":200,"srcset":"https:\/\/i0.wp.com\/www.shqiperia.com\/blog\/wp-content\/uploads\/2026\/08\/Screenshot_10-1-1024x641-1.jpg?fit=1024%2C641&ssl=1&resize=350%2C200 1x, https:\/\/i0.wp.com\/www.shqiperia.com\/blog\/wp-content\/uploads\/2026\/08\/Screenshot_10-1-1024x641-1.jpg?fit=1024%2C641&ssl=1&resize=525%2C300 1.5x, https:\/\/i0.wp.com\/www.shqiperia.com\/blog\/wp-content\/uploads\/2026\/08\/Screenshot_10-1-1024x641-1.jpg?fit=1024%2C641&ssl=1&resize=700%2C400 2x"},"classes":[]},{"id":105121,"url":"https:\/\/www.shqiperia.com\/blog\/jaho-brahaj-cyla-dyjare-nga-trashegimia-afro-3000-vjecare-te-mungesa-e-vleresimit-institucional\/","url_meta":{"origin":24599,"position":3},"title":"Jaho Brahaj: &#8211; Cyla dyjare, nga trash\u00ebgimia afro 3000-vje\u00e7are te mungesa e vler\u00ebsimit institucional.","author":"Kurt Farka","date":"August 24, 2026","format":false,"excerpt":"Gazeta Sot, 24 Gusht 2026,Intervistoi: Julia VrapiFilmi \u201cThe Odyssey\u201d ka sjell\u00eb n\u00eb v\u00ebmendjen e publikut nd\u00ebrkomb\u00ebtar edhe tinguj t\u00eb instrumenteve popullore shqiptare dhe element\u00eb t\u00eb trash\u00ebgimis\u00eb son\u00eb muzikore. Studiuesi Jaho Brahaj n\u00eb k\u00ebt\u00eb intervist\u00eb flet p\u00ebr historin\u00eb, lasht\u00ebsin\u00eb dhe vazhdim\u00ebsin\u00eb e k\u00ebtyre instrumenteve.N\u00eb intervist\u00ebn p\u00ebr gazet\u00ebn \u201cSOT\u201d ai ndalet ve\u00e7an\u00ebrisht\u2026","rel":"","context":"In &quot;Arte&quot;","block_context":{"text":"Arte","link":"https:\/\/www.shqiperia.com\/blog\/category\/arte\/"},"img":{"alt_text":"","src":"https:\/\/i0.wp.com\/www.shqiperia.com\/blog\/wp-content\/uploads\/2026\/08\/Me-mjeshterin-e-Cyles-Dyjare-Bejo-Keraj-Zhulat-viti-2016.jpg?fit=649%2C423&ssl=1&resize=350%2C200","width":350,"height":200,"srcset":"https:\/\/i0.wp.com\/www.shqiperia.com\/blog\/wp-content\/uploads\/2026\/08\/Me-mjeshterin-e-Cyles-Dyjare-Bejo-Keraj-Zhulat-viti-2016.jpg?fit=649%2C423&ssl=1&resize=350%2C200 1x, https:\/\/i0.wp.com\/www.shqiperia.com\/blog\/wp-content\/uploads\/2026\/08\/Me-mjeshterin-e-Cyles-Dyjare-Bejo-Keraj-Zhulat-viti-2016.jpg?fit=649%2C423&ssl=1&resize=525%2C300 1.5x"},"classes":[]},{"id":101236,"url":"https:\/\/www.shqiperia.com\/blog\/shqiperia-nuk-eshte-ne-shitje-lubonja-flet-nga-protesta-sistemi-i-rames-ka-grabitur-vendin-te-permbysim-pushtetin\/","url_meta":{"origin":24599,"position":4},"title":"\u2018Shqip\u00ebria nuk \u00ebsht\u00eb n\u00eb shitje\u2019, Lubonja flet nga protesta: Sistemi i Ram\u00ebs ka grabitur vendin, t\u00eb p\u00ebrmbysim pushtetin","author":"Kurt Farka","date":"June 7, 2026","format":false,"excerpt":"7 Qershor 2026 Dita e tet\u00eb e protest\u00ebs pa s\u00ebrish mij\u00ebra qytetar\u00eb q\u00eb marshuan nga sheshi Sk\u00ebnderbej te Kryeministria ku protestuan s\u00ebrish kund\u00ebr nd\u00ebrtimit t\u00eb resortit n\u00eb Zv\u00ebrnec. Sakaq, n\u00eb podiumin e improvizuar foli edhe analisti Fatos Lubonja. Ai u shpreh se rasti i Zv\u00ebrnecit tregoi se si funksionon sistemi\u2026","rel":"","context":"In &quot;Blogu i Udh\u00ebtarit&quot;","block_context":{"text":"Blogu i Udh\u00ebtarit","link":"https:\/\/www.shqiperia.com\/blog\/category\/blogu-i-udhetarit\/"},"img":{"alt_text":"","src":"https:\/\/i0.wp.com\/www.shqiperia.com\/blog\/wp-content\/uploads\/2026\/06\/luboinja-979x570-1.jpg?fit=979%2C570&ssl=1&resize=350%2C200","width":350,"height":200,"srcset":"https:\/\/i0.wp.com\/www.shqiperia.com\/blog\/wp-content\/uploads\/2026\/06\/luboinja-979x570-1.jpg?fit=979%2C570&ssl=1&resize=350%2C200 1x, https:\/\/i0.wp.com\/www.shqiperia.com\/blog\/wp-content\/uploads\/2026\/06\/luboinja-979x570-1.jpg?fit=979%2C570&ssl=1&resize=525%2C300 1.5x, https:\/\/i0.wp.com\/www.shqiperia.com\/blog\/wp-content\/uploads\/2026\/06\/luboinja-979x570-1.jpg?fit=979%2C570&ssl=1&resize=700%2C400 2x"},"classes":[]},{"id":105377,"url":"https:\/\/www.shqiperia.com\/blog\/mbi-12-mije-fotonegativa-ruhen-ne-muzeun-historik-kombetar-tirane\/","url_meta":{"origin":24599,"position":5},"title":"Mbi 12 mij\u00eb fotonegativa\u00a0ruhen n\u00eb Muzeun Historik Komb\u00ebtar, Tiran\u00eb\u00a0","author":"Kurt Farka","date":"August 28, 2026","format":false,"excerpt":"28 Gusht 2026 Nga Julia Vrapi Fondi prej mbi 12 mij\u00eb fotonegativ\u00ebsh i Muzeut Historik Komb\u00ebtar po kalon n\u00eb procesin e digjitalizimit nga Arkivi Q\u00ebndror Shtet\u00ebror i Filmit. Puna, e cila ka nisur prej m\u00eb pak se nj\u00eb viti, ka sjell\u00eb deri tani 4289 fotografi t\u00eb digjitalizuara. Procesi synon ruajtjen\u2026","rel":"","context":"In &quot;Blogu i Udh\u00ebtarit&quot;","block_context":{"text":"Blogu i Udh\u00ebtarit","link":"https:\/\/www.shqiperia.com\/blog\/category\/blogu-i-udhetarit\/"},"img":{"alt_text":"","src":"https:\/\/i0.wp.com\/www.shqiperia.com\/blog\/wp-content\/uploads\/2026\/08\/muzeuu-6a8fd28eb20bf.png?fit=576%2C394&ssl=1&resize=350%2C200","width":350,"height":200,"srcset":"https:\/\/i0.wp.com\/www.shqiperia.com\/blog\/wp-content\/uploads\/2026\/08\/muzeuu-6a8fd28eb20bf.png?fit=576%2C394&ssl=1&resize=350%2C200 1x, https:\/\/i0.wp.com\/www.shqiperia.com\/blog\/wp-content\/uploads\/2026\/08\/muzeuu-6a8fd28eb20bf.png?fit=576%2C394&ssl=1&resize=525%2C300 1.5x"},"classes":[]}],"_links":{"self":[{"href":"https:\/\/www.shqiperia.com\/blog\/wp-json\/wp\/v2\/posts\/24599","targetHints":{"allow":["GET"]}}],"collection":[{"href":"https:\/\/www.shqiperia.com\/blog\/wp-json\/wp\/v2\/posts"}],"about":[{"href":"https:\/\/www.shqiperia.com\/blog\/wp-json\/wp\/v2\/types\/post"}],"author":[{"embeddable":true,"href":"https:\/\/www.shqiperia.com\/blog\/wp-json\/wp\/v2\/users\/9"}],"replies":[{"embeddable":true,"href":"https:\/\/www.shqiperia.com\/blog\/wp-json\/wp\/v2\/comments?post=24599"}],"version-history":[{"count":5,"href":"https:\/\/www.shqiperia.com\/blog\/wp-json\/wp\/v2\/posts\/24599\/revisions"}],"predecessor-version":[{"id":24608,"href":"https:\/\/www.shqiperia.com\/blog\/wp-json\/wp\/v2\/posts\/24599\/revisions\/24608"}],"wp:featuredmedia":[{"embeddable":true,"href":"https:\/\/www.shqiperia.com\/blog\/wp-json\/wp\/v2\/media\/24600"}],"wp:attachment":[{"href":"https:\/\/www.shqiperia.com\/blog\/wp-json\/wp\/v2\/media?parent=24599"}],"wp:term":[{"taxonomy":"category","embeddable":true,"href":"https:\/\/www.shqiperia.com\/blog\/wp-json\/wp\/v2\/categories?post=24599"},{"taxonomy":"post_tag","embeddable":true,"href":"https:\/\/www.shqiperia.com\/blog\/wp-json\/wp\/v2\/tags?post=24599"}],"curies":[{"name":"wp","href":"https:\/\/api.w.org\/{rel}","templated":true}]}}