{"id":24593,"date":"2019-08-10T10:42:27","date_gmt":"2019-08-10T10:42:27","guid":{"rendered":"https:\/\/www.shqiperia.com\/blog\/?p=24593"},"modified":"2019-08-10T10:42:27","modified_gmt":"2019-08-10T10:42:27","slug":"shtepia-muze-e-aleksander-moisiut-durres","status":"publish","type":"post","link":"https:\/\/www.shqiperia.com\/blog\/shtepia-muze-e-aleksander-moisiut-durres\/","title":{"rendered":"Sht\u00ebpia-Muze e Aleksand\u00ebr Moisiut , DURRES. &#8211;"},"content":{"rendered":"<p><img data-recalc-dims=\"1\" loading=\"lazy\" decoding=\"async\" data-attachment-id=\"24594\" data-permalink=\"https:\/\/www.shqiperia.com\/blog\/shtepia-muze-e-aleksander-moisiut-durres\/_muzeu-i-aleksander-moisiut_\/\" data-orig-file=\"https:\/\/i0.wp.com\/www.shqiperia.com\/blog\/wp-content\/uploads\/2019\/08\/MUZEU-I-ALEKSANDER-MOISIUT_.jpg?fit=703%2C394&amp;ssl=1\" data-orig-size=\"703,394\" data-comments-opened=\"1\" data-image-meta=\"{&quot;aperture&quot;:&quot;0&quot;,&quot;credit&quot;:&quot;&quot;,&quot;camera&quot;:&quot;&quot;,&quot;caption&quot;:&quot;&quot;,&quot;created_timestamp&quot;:&quot;0&quot;,&quot;copyright&quot;:&quot;&quot;,&quot;focal_length&quot;:&quot;0&quot;,&quot;iso&quot;:&quot;0&quot;,&quot;shutter_speed&quot;:&quot;0&quot;,&quot;title&quot;:&quot;&quot;,&quot;orientation&quot;:&quot;0&quot;}\" data-image-title=\"_MUZEU-I-ALEKSANDER-MOISIUT_\" data-image-description=\"\" data-image-caption=\"\" data-medium-file=\"https:\/\/i0.wp.com\/www.shqiperia.com\/blog\/wp-content\/uploads\/2019\/08\/MUZEU-I-ALEKSANDER-MOISIUT_.jpg?fit=300%2C168&amp;ssl=1\" data-large-file=\"https:\/\/i0.wp.com\/www.shqiperia.com\/blog\/wp-content\/uploads\/2019\/08\/MUZEU-I-ALEKSANDER-MOISIUT_.jpg?fit=703%2C394&amp;ssl=1\" class=\"alignnone  wp-image-24594\" alt=\"\" src=\"https:\/\/i0.wp.com\/www.shqiperia.com\/blog\/wp-content\/uploads\/2019\/08\/MUZEU-I-ALEKSANDER-MOISIUT_.jpg?resize=436%2C244&#038;ssl=1\" width=\"436\" height=\"244\" srcset=\"https:\/\/i0.wp.com\/www.shqiperia.com\/blog\/wp-content\/uploads\/2019\/08\/MUZEU-I-ALEKSANDER-MOISIUT_.jpg?resize=300%2C168&amp;ssl=1 300w, https:\/\/i0.wp.com\/www.shqiperia.com\/blog\/wp-content\/uploads\/2019\/08\/MUZEU-I-ALEKSANDER-MOISIUT_.jpg?resize=450%2C252&amp;ssl=1 450w, https:\/\/i0.wp.com\/www.shqiperia.com\/blog\/wp-content\/uploads\/2019\/08\/MUZEU-I-ALEKSANDER-MOISIUT_.jpg?resize=600%2C336&amp;ssl=1 600w, https:\/\/i0.wp.com\/www.shqiperia.com\/blog\/wp-content\/uploads\/2019\/08\/MUZEU-I-ALEKSANDER-MOISIUT_.jpg?resize=400%2C224&amp;ssl=1 400w, https:\/\/i0.wp.com\/www.shqiperia.com\/blog\/wp-content\/uploads\/2019\/08\/MUZEU-I-ALEKSANDER-MOISIUT_.jpg?w=703&amp;ssl=1 703w\" sizes=\"auto, (max-width: 436px) 100vw, 436px\" \/><\/p>\n<p>Sht\u00ebpia-Muze e Aleksand\u00ebr Moisiut , DURRES.<\/p>\n<p>Nj\u00eb sht\u00ebpi me arkitektur\u00eb mbres\u00ebl\u00ebn\u00ebse q\u00eb imponohet p\u00ebr vizitor\u00ebt me modelin e saj qytetar, q\u00eb ruan gjithashtu trash\u00eb<span>gimin\u00eb e aktorit t\u00eb madh shqiptar Aleksand\u00ebr Moisiu, si dhe trash\u00ebgimin\u00eb etnografike t\u00eb qytetit.<\/span><br \/>\n<span>Muzeu etnografik ndodhet pran\u00eb Amfiteatrit t\u00eb Durr\u00ebsit, dhe \u00ebsht\u00eb tipike e arkitektur\u00ebs s\u00eb re shqiptare t\u00eb shekullit t\u00eb kaluar ku spikat harmonia mes gurit dhe drurit. Godina ka dy kate, shkall\u00eb t\u00eb ngritura mbi kurrize harqesh, nj\u00eb \u00e7ardak t\u00eb gjer\u00eb druri t\u00eb mbuluar nga punime q\u00eb \u201cpikojn\u00eb\u201d mbi kolonat mbajt\u00ebse. Sht\u00ebpia ka disa dhoma t\u00eb m\u00ebdha t\u00eb cilat rrihen nga dielli thuajse pjes\u00ebn m\u00eb t\u00eb madhe t\u00eb dit\u00ebs. Oborri mbulohet nga fijet e barit q\u00eb dalin rreth pllakave t\u00eb gurit q\u00eb shtrojn\u00eb kalldr\u00ebmin rrethues. Dritaret kan\u00eb ruajtur karakteristikat e koh\u00ebs, ato thuajse jan\u00eb 100 vje\u00e7are. Ambientet e brendshme ndahen n\u00eb m\u00ebnyr\u00eb dinamike dhe karakteristik\u00eb kan\u00eb mbulesat e drurit t\u00eb skalitur n\u00eb \u00e7do tavan.<\/span><\/p>\n<p><img data-recalc-dims=\"1\" loading=\"lazy\" decoding=\"async\" data-attachment-id=\"24595\" data-permalink=\"https:\/\/www.shqiperia.com\/blog\/shtepia-muze-e-aleksander-moisiut-durres\/aleksander-moisiu-muzeut-etnografik-durres-jpg-4\/\" data-orig-file=\"https:\/\/i0.wp.com\/www.shqiperia.com\/blog\/wp-content\/uploads\/2019\/08\/Aleksander-Moisiu-Muzeut-Etnografik-Durr%C3%ABs.jpg.gif?fit=300%2C225&amp;ssl=1\" data-orig-size=\"300,225\" data-comments-opened=\"1\" data-image-meta=\"{&quot;aperture&quot;:&quot;0&quot;,&quot;credit&quot;:&quot;&quot;,&quot;camera&quot;:&quot;&quot;,&quot;caption&quot;:&quot;&quot;,&quot;created_timestamp&quot;:&quot;0&quot;,&quot;copyright&quot;:&quot;&quot;,&quot;focal_length&quot;:&quot;0&quot;,&quot;iso&quot;:&quot;0&quot;,&quot;shutter_speed&quot;:&quot;0&quot;,&quot;title&quot;:&quot;&quot;,&quot;orientation&quot;:&quot;0&quot;}\" data-image-title=\"Aleksander-Moisiu-Muzeut-Etnografik-Durr\u00ebs.jpg\" data-image-description=\"\" data-image-caption=\"\" data-medium-file=\"https:\/\/i0.wp.com\/www.shqiperia.com\/blog\/wp-content\/uploads\/2019\/08\/Aleksander-Moisiu-Muzeut-Etnografik-Durr%C3%ABs.jpg.gif?fit=300%2C225&amp;ssl=1\" data-large-file=\"https:\/\/i0.wp.com\/www.shqiperia.com\/blog\/wp-content\/uploads\/2019\/08\/Aleksander-Moisiu-Muzeut-Etnografik-Durr%C3%ABs.jpg.gif?fit=300%2C225&amp;ssl=1\" class=\"alignnone  wp-image-24595\" alt=\"\" src=\"https:\/\/i0.wp.com\/www.shqiperia.com\/blog\/wp-content\/uploads\/2019\/08\/Aleksander-Moisiu-Muzeut-Etnografik-Durr%C3%ABs.jpg.gif?resize=760%2C570&#038;ssl=1\" width=\"760\" height=\"570\" \/><br \/>\n<span>Dy nga hap\u00ebsirat e muzeut i jan\u00eb dedikuar aktorit te madh t\u00eb sken\u00ebs bot\u00ebrore Aleksand\u00ebr Moisiu. Aktori me baba shqiptar dhe n\u00ebn\u00eb italiane ka kaluar n\u00eb k\u00ebt\u00eb sht\u00ebpi disa nga vitet e f\u00ebmij\u00ebris\u00eb s\u00eb tij. Koha vet\u00ebm e ka \u00e7muar m\u00eb shum\u00eb nd\u00ebrtes\u00ebn qytetare t\u00eb Durr\u00ebsit p\u00ebr k\u00ebt\u00eb fakt. Moisiu ka kryer studimet e hershme elementare n\u00eb Durr\u00ebs e m\u00eb pas familja e tij u zhvendos n\u00eb Trieste. Aleksand\u00ebr Moisiu njihet p\u00ebr temperamentin e tij t\u00eb fort\u00eb artistik q\u00eb la gjurm\u00eb n\u00eb skenat evropiane t\u00eb artit skenik.<\/span><br \/>\n<span>Dhomat e brendshme t\u00eb muzeut shfaqin tradit\u00ebn dhe etnografin\u00eb e zon\u00ebs. Mjetet tradicionale sht\u00ebpiake t\u00eb quajtura vegje ekspozojn\u00eb punimin e teshave t\u00eb pambukta, copave t\u00eb m\u00ebndafshit dhe q\u00ebndismave me fije ari. Punimet me dor\u00eb jan\u00eb vler\u00eb e shtuar e muzeut, ato i kan\u00eb rezistuar koh\u00ebs dhe shpalosin etik\u00eb e stil elegant kompozimi. Pjes\u00eb e muzeut t\u00eb k\u00ebtij lloji jan\u00eb objektet e jetes\u00ebs s\u00eb p\u00ebrditshme sht\u00ebpiake ku dallojn\u00eb en\u00ebt e bakrit.<\/span><\/p>\n<div id=\"attachment_24596\" style=\"width: 812px\" class=\"wp-caption alignnone\"><img data-recalc-dims=\"1\" loading=\"lazy\" decoding=\"async\" aria-describedby=\"caption-attachment-24596\" data-attachment-id=\"24596\" data-permalink=\"https:\/\/www.shqiperia.com\/blog\/shtepia-muze-e-aleksander-moisiut-durres\/67471471_2396649717242771_5337189669274648576_n\/\" data-orig-file=\"https:\/\/i0.wp.com\/www.shqiperia.com\/blog\/wp-content\/uploads\/2019\/08\/67471471_2396649717242771_5337189669274648576_n.jpg?fit=750%2C422&amp;ssl=1\" data-orig-size=\"750,422\" data-comments-opened=\"1\" data-image-meta=\"{&quot;aperture&quot;:&quot;0&quot;,&quot;credit&quot;:&quot;&quot;,&quot;camera&quot;:&quot;&quot;,&quot;caption&quot;:&quot;&quot;,&quot;created_timestamp&quot;:&quot;0&quot;,&quot;copyright&quot;:&quot;&quot;,&quot;focal_length&quot;:&quot;0&quot;,&quot;iso&quot;:&quot;0&quot;,&quot;shutter_speed&quot;:&quot;0&quot;,&quot;title&quot;:&quot;&quot;,&quot;orientation&quot;:&quot;0&quot;}\" data-image-title=\"Shtepia e Aleksander Moisiut Durres\" data-image-description=\"\" data-image-caption=\"&lt;p&gt;Shtepia e Aleksander Moisiut Durres&lt;\/p&gt;\n\" data-medium-file=\"https:\/\/i0.wp.com\/www.shqiperia.com\/blog\/wp-content\/uploads\/2019\/08\/67471471_2396649717242771_5337189669274648576_n.jpg?fit=300%2C169&amp;ssl=1\" data-large-file=\"https:\/\/i0.wp.com\/www.shqiperia.com\/blog\/wp-content\/uploads\/2019\/08\/67471471_2396649717242771_5337189669274648576_n.jpg?fit=750%2C422&amp;ssl=1\" class=\" wp-image-24596\" alt=\"\" src=\"https:\/\/i0.wp.com\/www.shqiperia.com\/blog\/wp-content\/uploads\/2019\/08\/67471471_2396649717242771_5337189669274648576_n.jpg?resize=802%2C452&#038;ssl=1\" width=\"802\" height=\"452\" srcset=\"https:\/\/i0.wp.com\/www.shqiperia.com\/blog\/wp-content\/uploads\/2019\/08\/67471471_2396649717242771_5337189669274648576_n.jpg?resize=300%2C169&amp;ssl=1 300w, https:\/\/i0.wp.com\/www.shqiperia.com\/blog\/wp-content\/uploads\/2019\/08\/67471471_2396649717242771_5337189669274648576_n.jpg?resize=450%2C253&amp;ssl=1 450w, https:\/\/i0.wp.com\/www.shqiperia.com\/blog\/wp-content\/uploads\/2019\/08\/67471471_2396649717242771_5337189669274648576_n.jpg?resize=600%2C338&amp;ssl=1 600w, https:\/\/i0.wp.com\/www.shqiperia.com\/blog\/wp-content\/uploads\/2019\/08\/67471471_2396649717242771_5337189669274648576_n.jpg?resize=400%2C225&amp;ssl=1 400w, https:\/\/i0.wp.com\/www.shqiperia.com\/blog\/wp-content\/uploads\/2019\/08\/67471471_2396649717242771_5337189669274648576_n.jpg?w=750&amp;ssl=1 750w\" sizes=\"auto, (max-width: 802px) 100vw, 802px\" \/><p id=\"caption-attachment-24596\" class=\"wp-caption-text\">Shtepia e Aleksander Moisiut Durres<\/p><\/div>\n<p><img data-recalc-dims=\"1\" loading=\"lazy\" decoding=\"async\" data-attachment-id=\"24597\" data-permalink=\"https:\/\/www.shqiperia.com\/blog\/shtepia-muze-e-aleksander-moisiut-durres\/aleksander-moisiu-muzeut-etnografik-durres-jpg-2-2\/\" data-orig-file=\"https:\/\/i0.wp.com\/www.shqiperia.com\/blog\/wp-content\/uploads\/2019\/08\/Aleksander-Moisiu-Muzeut-Etnografik-Durr%C3%ABs.jpg-2.jpg?fit=768%2C432&amp;ssl=1\" data-orig-size=\"768,432\" data-comments-opened=\"1\" data-image-meta=\"{&quot;aperture&quot;:&quot;0&quot;,&quot;credit&quot;:&quot;&quot;,&quot;camera&quot;:&quot;&quot;,&quot;caption&quot;:&quot;&quot;,&quot;created_timestamp&quot;:&quot;0&quot;,&quot;copyright&quot;:&quot;&quot;,&quot;focal_length&quot;:&quot;0&quot;,&quot;iso&quot;:&quot;0&quot;,&quot;shutter_speed&quot;:&quot;0&quot;,&quot;title&quot;:&quot;&quot;,&quot;orientation&quot;:&quot;0&quot;}\" data-image-title=\"Aleksander-Moisiu-Muzeut-Etnografik-Durr\u00ebs.jpg-2\" data-image-description=\"\" data-image-caption=\"\" data-medium-file=\"https:\/\/i0.wp.com\/www.shqiperia.com\/blog\/wp-content\/uploads\/2019\/08\/Aleksander-Moisiu-Muzeut-Etnografik-Durr%C3%ABs.jpg-2.jpg?fit=300%2C169&amp;ssl=1\" data-large-file=\"https:\/\/i0.wp.com\/www.shqiperia.com\/blog\/wp-content\/uploads\/2019\/08\/Aleksander-Moisiu-Muzeut-Etnografik-Durr%C3%ABs.jpg-2.jpg?fit=768%2C432&amp;ssl=1\" class=\"alignnone  wp-image-24597\" alt=\"\" src=\"https:\/\/i0.wp.com\/www.shqiperia.com\/blog\/wp-content\/uploads\/2019\/08\/Aleksander-Moisiu-Muzeut-Etnografik-Durr%C3%ABs.jpg-2.jpg?resize=815%2C459&#038;ssl=1\" width=\"815\" height=\"459\" srcset=\"https:\/\/i0.wp.com\/www.shqiperia.com\/blog\/wp-content\/uploads\/2019\/08\/Aleksander-Moisiu-Muzeut-Etnografik-Durr%C3%ABs.jpg-2.jpg?resize=300%2C169&amp;ssl=1 300w, https:\/\/i0.wp.com\/www.shqiperia.com\/blog\/wp-content\/uploads\/2019\/08\/Aleksander-Moisiu-Muzeut-Etnografik-Durr%C3%ABs.jpg-2.jpg?w=768&amp;ssl=1 768w, https:\/\/i0.wp.com\/www.shqiperia.com\/blog\/wp-content\/uploads\/2019\/08\/Aleksander-Moisiu-Muzeut-Etnografik-Durr%C3%ABs.jpg-2.jpg?resize=450%2C253&amp;ssl=1 450w, https:\/\/i0.wp.com\/www.shqiperia.com\/blog\/wp-content\/uploads\/2019\/08\/Aleksander-Moisiu-Muzeut-Etnografik-Durr%C3%ABs.jpg-2.jpg?resize=600%2C338&amp;ssl=1 600w, https:\/\/i0.wp.com\/www.shqiperia.com\/blog\/wp-content\/uploads\/2019\/08\/Aleksander-Moisiu-Muzeut-Etnografik-Durr%C3%ABs.jpg-2.jpg?resize=400%2C225&amp;ssl=1 400w\" sizes=\"auto, (max-width: 815px) 100vw, 815px\" \/><\/p>\n<p>Nga: Info Albania<\/p>\n","protected":false},"excerpt":{"rendered":"<p>Sht\u00ebpia-Muze e Aleksand\u00ebr Moisiut , DURRES. Nj\u00eb sht\u00ebpi me arkitektur\u00eb mbres\u00ebl\u00ebn\u00ebse q\u00eb imponohet p\u00ebr vizitor\u00ebt me modelin e saj qytetar, q\u00eb ruan gjithashtu trash\u00ebgimin\u00eb e aktorit t\u00eb madh shqiptar Aleksand\u00ebr Moisiu, si dhe trash\u00ebgimin\u00eb etnografike t\u00eb qytetit. Muzeu etnografik ndodhet pran\u00eb Amfiteatrit t\u00eb Durr\u00ebsit, dhe \u00ebsht\u00eb tipike e arkitektur\u00ebs s\u00eb re shqiptare t\u00eb shekullit t\u00eb [&hellip;]<\/p>\n","protected":false},"author":9,"featured_media":24594,"comment_status":"open","ping_status":"open","sticky":false,"template":"","format":"standard","meta":{"jetpack_post_was_ever_published":false,"_jetpack_newsletter_access":"","_jetpack_dont_email_post_to_subs":false,"_jetpack_newsletter_tier_id":0,"_jetpack_memberships_contains_paywalled_content":false,"_jetpack_memberships_contains_paid_content":false,"footnotes":"","jetpack_publicize_message":"","jetpack_publicize_feature_enabled":true,"jetpack_social_post_already_shared":true,"jetpack_social_options":{"image_generator_settings":{"template":"highway","default_image_id":0,"font":"","enabled":false},"version":2}},"categories":[85,10,86],"tags":[],"class_list":["post-24593","post","type-post","status-publish","format-standard","has-post-thumbnail","hentry","category-histori","category-kultura","category-trashegimi-kulturore"],"jetpack_publicize_connections":[],"jetpack_featured_media_url":"https:\/\/i0.wp.com\/www.shqiperia.com\/blog\/wp-content\/uploads\/2019\/08\/MUZEU-I-ALEKSANDER-MOISIUT_.jpg?fit=703%2C394&ssl=1","jetpack_sharing_enabled":true,"jetpack_shortlink":"https:\/\/wp.me\/p5Z6wp-6oF","jetpack-related-posts":[{"id":103281,"url":"https:\/\/www.shqiperia.com\/blog\/rruga-rrezikon-shtepine-rreshqitja-e-tokes-ka-alarmuar-te-moshuaren-qe-jeton-e-vetme-ne-gjirokaster\/","url_meta":{"origin":24593,"position":0},"title":"Rruga rrezikon sht\u00ebpin\u00eb, rr\u00ebshqitja e tok\u00ebs ka alarmuar t\u00eb moshuar\u00ebn q\u00eb jeton e vetme n\u00eb Gjirokast\u00ebr","author":"Kurt Farka","date":"July 27, 2026","format":false,"excerpt":"27 Korrik 2026 Posht\u00eb Kalas\u00eb s\u00eb Argjiros, n\u00eb zem\u00ebr t\u00eb qytetit muze t\u00eb Gjirokastr\u00ebs, Robert dhe Vasilika Arseni, n\u00ebn\u00eb e bir, jetojn\u00eb \u00e7do dit\u00eb me frik\u00ebn se sht\u00ebpia e tyre mund t\u00eb rrezikohet nga shembja e murit mbajt\u00ebs t\u00eb rrug\u00ebs. B\u00ebhet fjal\u00eb p\u00ebr rrug\u00ebn e njohur nga banor\u00ebt si \u201cRruga\u2026","rel":"","context":"In &quot;Blogu i Udh\u00ebtarit&quot;","block_context":{"text":"Blogu i Udh\u00ebtarit","link":"https:\/\/www.shqiperia.com\/blog\/category\/blogu-i-udhetarit\/"},"img":{"alt_text":"","src":"https:\/\/i0.wp.com\/www.shqiperia.com\/blog\/wp-content\/uploads\/2026\/07\/rruga_sd-800x450-1.webp?fit=800%2C450&ssl=1&resize=350%2C200","width":350,"height":200,"srcset":"https:\/\/i0.wp.com\/www.shqiperia.com\/blog\/wp-content\/uploads\/2026\/07\/rruga_sd-800x450-1.webp?fit=800%2C450&ssl=1&resize=350%2C200 1x, https:\/\/i0.wp.com\/www.shqiperia.com\/blog\/wp-content\/uploads\/2026\/07\/rruga_sd-800x450-1.webp?fit=800%2C450&ssl=1&resize=525%2C300 1.5x, https:\/\/i0.wp.com\/www.shqiperia.com\/blog\/wp-content\/uploads\/2026\/07\/rruga_sd-800x450-1.webp?fit=800%2C450&ssl=1&resize=700%2C400 2x"},"classes":[]},{"id":2301,"url":"https:\/\/www.shqiperia.com\/blog\/muzeu-etnografik-durresit-shtepia-muze-e-aleksander-moisiut\/","url_meta":{"origin":24593,"position":1},"title":"Muzeu Etnografik i Durresit &#8211; Shtepia Muze e Aleksander Moisiut. &#8211;","author":"Kurt Farka","date":"January 31, 2018","format":false,"excerpt":"Ekspozita e kultures popullore. Shtepia muze Aleksander Moisiu Eshte ne qendren historike te qytetit te Durresit. Kjo qender permbledh murit rrethues bizantin, prane te cilit eshte ngritur edhe espozita.Ndertesa prane te ciles eshte ngritur ekspozita e kultures popullore eshte ndertim i gjysmes se dyte te shek.XX. per vlerat arkitekturore eshte\u2026","rel":"","context":"In &quot;Njoftime Shtypi&quot;","block_context":{"text":"Njoftime Shtypi","link":"https:\/\/www.shqiperia.com\/blog\/category\/njoftime-shtypi\/"},"img":{"alt_text":"","src":"https:\/\/i0.wp.com\/www.shqiperia.com\/blog\/wp-content\/uploads\/2018\/01\/Aleksander-Moisiu-Muzeut-Etnografik-Durr%C3%ABs.jpg.gif?fit=350%2C263&ssl=1&resize=350%2C200","width":350,"height":200},"classes":[]},{"id":102065,"url":"https:\/\/www.shqiperia.com\/blog\/shteti-i-rrumit-spak-mbyll-hetimin-per-tjetersimin-e-tokave-ne-bregdetin-e-durresit-687-mije-m2-me-vlere-16-milione-euro\/","url_meta":{"origin":24593,"position":2},"title":"\u201cShteti i Rrumit\u201d: SPAK mbyll hetimin p\u00ebr tjet\u00ebrsimin e tokave n\u00eb bregdetin e Durr\u00ebsit, 687 mij\u00eb m2 me vler\u00eb 16 milion\u00eb euro","author":"Kurt Farka","date":"June 30, 2026","format":false,"excerpt":"30 Qershor 2026 Prokuroria e Posa\u00e7me akuzon Aleksand\u00ebr Lahon, i njohur ndryshe si Rrumi, v\u00ebllan\u00eb e tij, Vullnet Mu\u00e7a dhe gjasht\u00eb t\u00eb pandehur t\u00eb tjer\u00eb p\u00ebr nj\u00eb skem\u00eb masive falsifikimi t\u00eb shtrir\u00eb nd\u00ebr vite me tokat nga Shijaku deri te Kepi i Rodonit t\u00eb llogaritura n\u00eb vler\u00ebn e 16 milion\u00eb\u2026","rel":"","context":"In &quot;Blogu i Udh\u00ebtarit&quot;","block_context":{"text":"Blogu i Udh\u00ebtarit","link":"https:\/\/www.shqiperia.com\/blog\/category\/blogu-i-udhetarit\/"},"img":{"alt_text":"","src":"https:\/\/i0.wp.com\/www.shqiperia.com\/blog\/wp-content\/uploads\/2026\/06\/Kepi-2-1140x761-1.jpg?fit=1140%2C761&ssl=1&resize=350%2C200","width":350,"height":200,"srcset":"https:\/\/i0.wp.com\/www.shqiperia.com\/blog\/wp-content\/uploads\/2026\/06\/Kepi-2-1140x761-1.jpg?fit=1140%2C761&ssl=1&resize=350%2C200 1x, https:\/\/i0.wp.com\/www.shqiperia.com\/blog\/wp-content\/uploads\/2026\/06\/Kepi-2-1140x761-1.jpg?fit=1140%2C761&ssl=1&resize=525%2C300 1.5x, https:\/\/i0.wp.com\/www.shqiperia.com\/blog\/wp-content\/uploads\/2026\/06\/Kepi-2-1140x761-1.jpg?fit=1140%2C761&ssl=1&resize=700%2C400 2x, https:\/\/i0.wp.com\/www.shqiperia.com\/blog\/wp-content\/uploads\/2026\/06\/Kepi-2-1140x761-1.jpg?fit=1140%2C761&ssl=1&resize=1050%2C600 3x"},"classes":[]},{"id":101598,"url":"https:\/\/www.shqiperia.com\/blog\/skandali-i-marines-se-durresit-dokumenti-qe-fundos-qeverine-ndryshoi-projektin-ne-dhjetor-2025\/","url_meta":{"origin":24593,"position":3},"title":"Skandali i Marin\u00ebs s\u00eb Durr\u00ebsit\/ Dokumenti q\u00eb fundos qeverin\u00eb, ndryshoi projektin n\u00eb dhjetor 2025!","author":"Kurt Farka","date":"June 18, 2026","format":false,"excerpt":"Fundosja e Marin\u00ebs s\u00eb Durr\u00ebsit merr nj\u00eb spirale t\u00eb re, pavar\u00ebsisht ndodhive m\u00eb t\u00eb fundit n\u00eb vendin ton\u00eb, ku skandalet kapin nj\u00ebra tjetr\u00ebn. Projekti q\u00eb nisi si nj\u00eb risi n\u00eb Shqip\u00ebri, po kthehet dal\u00ebngadal\u00eb n\u00eb nj\u00eb d\u00ebshtim, pasi dy nga shum\u00eb godinat q\u00eb do t\u00eb nd\u00ebrtohen n\u00eb at\u00eb territor kan\u00eb\u2026","rel":"","context":"In &quot;Blogu i Udh\u00ebtarit&quot;","block_context":{"text":"Blogu i Udh\u00ebtarit","link":"https:\/\/www.shqiperia.com\/blog\/category\/blogu-i-udhetarit\/"},"img":{"alt_text":"","src":"https:\/\/i0.wp.com\/www.shqiperia.com\/blog\/wp-content\/uploads\/2026\/06\/download-12-1.png?fit=600%2C400&ssl=1&resize=350%2C200","width":350,"height":200,"srcset":"https:\/\/i0.wp.com\/www.shqiperia.com\/blog\/wp-content\/uploads\/2026\/06\/download-12-1.png?fit=600%2C400&ssl=1&resize=350%2C200 1x, https:\/\/i0.wp.com\/www.shqiperia.com\/blog\/wp-content\/uploads\/2026\/06\/download-12-1.png?fit=600%2C400&ssl=1&resize=525%2C300 1.5x"},"classes":[]},{"id":81169,"url":"https:\/\/www.shqiperia.com\/blog\/sot-dita-e-muzeve-por-ne-durres-nuk-ekzistojne-te-gjitha-te-mbyllura-arkeologjiku-i-kycur-per-me-shume-se-1-vit\/","url_meta":{"origin":24593,"position":4},"title":"Sot, Dita e Muzeve, por n\u00eb Durr\u00ebs \u201cnuk ekzistojn\u00eb\u201d. &#8211; T\u00eb gjitha t\u00eb mbyllura, Arkeologjiku i ky\u00e7ur p\u00ebr m\u00eb shum\u00eb se 1 vit","author":"Kurt Farka","date":"May 18, 2024","format":false,"excerpt":"18 maji, Dita Nd\u00ebrkomb\u00ebtare e Muzeve i gjen muzet\u00eb e Durr\u00ebsit t\u00eb mbyllura. Muzeu Arkeologjik q\u00ebndron i mbyllur p\u00ebr m\u00eb shum\u00eb se nj\u00eb viti, pasi i \u00ebsht\u00eb n\u00ebnshtruar rikonstruksionit p\u00ebr shkak t\u00eb d\u00ebmtimeve t\u00eb marra nga t\u00ebrmeti i vitit 2019. Gazetarja Klodjana Haxhiaj raporton p\u00ebr Balkanweb se situata \u00ebsht\u00eb edhe\u2026","rel":"","context":"In &quot;Blogu i Udh\u00ebtarit&quot;","block_context":{"text":"Blogu i Udh\u00ebtarit","link":"https:\/\/www.shqiperia.com\/blog\/category\/blogu-i-udhetarit\/"},"img":{"alt_text":"","src":"https:\/\/i0.wp.com\/www.shqiperia.com\/blog\/wp-content\/uploads\/2024\/05\/640-0-9668c47d5fc0b320f438c6de4449198b.jpg?fit=640%2C334&ssl=1&resize=350%2C200","width":350,"height":200,"srcset":"https:\/\/i0.wp.com\/www.shqiperia.com\/blog\/wp-content\/uploads\/2024\/05\/640-0-9668c47d5fc0b320f438c6de4449198b.jpg?fit=640%2C334&ssl=1&resize=350%2C200 1x, https:\/\/i0.wp.com\/www.shqiperia.com\/blog\/wp-content\/uploads\/2024\/05\/640-0-9668c47d5fc0b320f438c6de4449198b.jpg?fit=640%2C334&ssl=1&resize=525%2C300 1.5x"},"classes":[]},{"id":104518,"url":"https:\/\/www.shqiperia.com\/blog\/albanian-files-nuk-u-printua-ne-zvicer-sic-thote-rama-por-nga-dukagjini-group-i-ekrem-llukes-nje-nga-perfituesit-e-lejeve-aktivisti-denoncon\/","url_meta":{"origin":24593,"position":5},"title":"\u201cAlbanian Files\u201d nuk u printua n\u00eb Zvic\u00ebr si\u00e7 thot\u00eb Rama, por nga \u201cDukagjini Group\u201d i Ekrem Lluk\u00ebs, nj\u00eb nga p\u00ebrfituesit e lejeve. &#8211; Aktivisti denoncon","author":"Kurt Farka","date":"August 15, 2026","format":false,"excerpt":"15 Gusht 2026 \u201cDukagjini Group\u201d \u00ebsht\u00eb kompania nd\u00ebrtuese e \u201cDukagjini Resort\u201d n\u00eb Sh\u00ebngjin, Lezh\u00eb. Nj\u00eb tjet\u00ebr denoncim \u00ebsht\u00eb b\u00ebr\u00eb lidhur me librin \u201cAlbanian Files\u201d dhe deklarat\u00ebn e kryeministrit Edi Rama p\u00ebr vendin ku \u00ebsht\u00eb printuar libri. Gentjan Progni, aktivist, thekson se Edi Rama ka deklaruar se libri \u00ebsht\u00eb printuar n\u00eb\u2026","rel":"","context":"In &quot;Blogu i Udh\u00ebtarit&quot;","block_context":{"text":"Blogu i Udh\u00ebtarit","link":"https:\/\/www.shqiperia.com\/blog\/category\/blogu-i-udhetarit\/"},"img":{"alt_text":"","src":"https:\/\/i0.wp.com\/www.shqiperia.com\/blog\/wp-content\/uploads\/2026\/08\/261d8e5d-1867-4047-aa55-94f450b3a205.jpg?fit=1200%2C800&ssl=1&resize=350%2C200","width":350,"height":200,"srcset":"https:\/\/i0.wp.com\/www.shqiperia.com\/blog\/wp-content\/uploads\/2026\/08\/261d8e5d-1867-4047-aa55-94f450b3a205.jpg?fit=1200%2C800&ssl=1&resize=350%2C200 1x, https:\/\/i0.wp.com\/www.shqiperia.com\/blog\/wp-content\/uploads\/2026\/08\/261d8e5d-1867-4047-aa55-94f450b3a205.jpg?fit=1200%2C800&ssl=1&resize=525%2C300 1.5x, https:\/\/i0.wp.com\/www.shqiperia.com\/blog\/wp-content\/uploads\/2026\/08\/261d8e5d-1867-4047-aa55-94f450b3a205.jpg?fit=1200%2C800&ssl=1&resize=700%2C400 2x, https:\/\/i0.wp.com\/www.shqiperia.com\/blog\/wp-content\/uploads\/2026\/08\/261d8e5d-1867-4047-aa55-94f450b3a205.jpg?fit=1200%2C800&ssl=1&resize=1050%2C600 3x"},"classes":[]}],"_links":{"self":[{"href":"https:\/\/www.shqiperia.com\/blog\/wp-json\/wp\/v2\/posts\/24593","targetHints":{"allow":["GET"]}}],"collection":[{"href":"https:\/\/www.shqiperia.com\/blog\/wp-json\/wp\/v2\/posts"}],"about":[{"href":"https:\/\/www.shqiperia.com\/blog\/wp-json\/wp\/v2\/types\/post"}],"author":[{"embeddable":true,"href":"https:\/\/www.shqiperia.com\/blog\/wp-json\/wp\/v2\/users\/9"}],"replies":[{"embeddable":true,"href":"https:\/\/www.shqiperia.com\/blog\/wp-json\/wp\/v2\/comments?post=24593"}],"version-history":[{"count":1,"href":"https:\/\/www.shqiperia.com\/blog\/wp-json\/wp\/v2\/posts\/24593\/revisions"}],"predecessor-version":[{"id":24598,"href":"https:\/\/www.shqiperia.com\/blog\/wp-json\/wp\/v2\/posts\/24593\/revisions\/24598"}],"wp:featuredmedia":[{"embeddable":true,"href":"https:\/\/www.shqiperia.com\/blog\/wp-json\/wp\/v2\/media\/24594"}],"wp:attachment":[{"href":"https:\/\/www.shqiperia.com\/blog\/wp-json\/wp\/v2\/media?parent=24593"}],"wp:term":[{"taxonomy":"category","embeddable":true,"href":"https:\/\/www.shqiperia.com\/blog\/wp-json\/wp\/v2\/categories?post=24593"},{"taxonomy":"post_tag","embeddable":true,"href":"https:\/\/www.shqiperia.com\/blog\/wp-json\/wp\/v2\/tags?post=24593"}],"curies":[{"name":"wp","href":"https:\/\/api.w.org\/{rel}","templated":true}]}}