{"id":24570,"date":"2019-08-09T16:03:27","date_gmt":"2019-08-09T16:03:27","guid":{"rendered":"https:\/\/www.shqiperia.com\/blog\/?p=24570"},"modified":"2019-08-09T16:56:37","modified_gmt":"2019-08-09T16:56:37","slug":"kuriozitet-kryezi-puke-rastesishte-u-ndeshem-me-kete-bime-gjethegjere-te-panjohur","status":"publish","type":"post","link":"https:\/\/www.shqiperia.com\/blog\/kuriozitet-kryezi-puke-rastesishte-u-ndeshem-me-kete-bime-gjethegjere-te-panjohur\/","title":{"rendered":"Kuriozitet: Kryezi, Puke. Rastesishte u ndeshem me kete bime gjethegjere te panjohur."},"content":{"rendered":"<p><img data-recalc-dims=\"1\" loading=\"lazy\" decoding=\"async\" data-attachment-id=\"24571\" data-permalink=\"https:\/\/www.shqiperia.com\/blog\/kuriozitet-kryezi-puke-rastesishte-u-ndeshem-me-kete-bime-gjethegjere-te-panjohur\/1-20190617_162444\/\" data-orig-file=\"https:\/\/i0.wp.com\/www.shqiperia.com\/blog\/wp-content\/uploads\/2019\/08\/1-20190617_162444.jpg?fit=4032%2C1960&amp;ssl=1\" data-orig-size=\"4032,1960\" data-comments-opened=\"1\" data-image-meta=\"{&quot;aperture&quot;:&quot;1.7&quot;,&quot;credit&quot;:&quot;&quot;,&quot;camera&quot;:&quot;SM-N950F&quot;,&quot;caption&quot;:&quot;&quot;,&quot;created_timestamp&quot;:&quot;1560788684&quot;,&quot;copyright&quot;:&quot;&quot;,&quot;focal_length&quot;:&quot;4.3&quot;,&quot;iso&quot;:&quot;40&quot;,&quot;shutter_speed&quot;:&quot;0.0055865921787709&quot;,&quot;title&quot;:&quot;&quot;,&quot;orientation&quot;:&quot;6&quot;}\" data-image-title=\"Bime e rrallle Gjethegjere\" data-image-description=\"\" data-image-caption=\"\" data-medium-file=\"https:\/\/i0.wp.com\/www.shqiperia.com\/blog\/wp-content\/uploads\/2019\/08\/1-20190617_162444.jpg?fit=300%2C146&amp;ssl=1\" data-large-file=\"https:\/\/i0.wp.com\/www.shqiperia.com\/blog\/wp-content\/uploads\/2019\/08\/1-20190617_162444.jpg?fit=1024%2C498&amp;ssl=1\" class=\"alignnone wp-image-24571\" alt=\"\" src=\"https:\/\/i0.wp.com\/www.shqiperia.com\/blog\/wp-content\/uploads\/2019\/08\/1-20190617_162444.jpg?resize=633%2C308&#038;ssl=1\" width=\"633\" height=\"308\" srcset=\"https:\/\/i0.wp.com\/www.shqiperia.com\/blog\/wp-content\/uploads\/2019\/08\/1-20190617_162444.jpg?resize=300%2C146&amp;ssl=1 300w, https:\/\/i0.wp.com\/www.shqiperia.com\/blog\/wp-content\/uploads\/2019\/08\/1-20190617_162444.jpg?resize=768%2C373&amp;ssl=1 768w, https:\/\/i0.wp.com\/www.shqiperia.com\/blog\/wp-content\/uploads\/2019\/08\/1-20190617_162444.jpg?resize=1024%2C498&amp;ssl=1 1024w, https:\/\/i0.wp.com\/www.shqiperia.com\/blog\/wp-content\/uploads\/2019\/08\/1-20190617_162444.jpg?resize=2000%2C972&amp;ssl=1 2000w, https:\/\/i0.wp.com\/www.shqiperia.com\/blog\/wp-content\/uploads\/2019\/08\/1-20190617_162444.jpg?resize=450%2C219&amp;ssl=1 450w, https:\/\/i0.wp.com\/www.shqiperia.com\/blog\/wp-content\/uploads\/2019\/08\/1-20190617_162444.jpg?resize=600%2C292&amp;ssl=1 600w, https:\/\/i0.wp.com\/www.shqiperia.com\/blog\/wp-content\/uploads\/2019\/08\/1-20190617_162444.jpg?resize=1500%2C729&amp;ssl=1 1500w, https:\/\/i0.wp.com\/www.shqiperia.com\/blog\/wp-content\/uploads\/2019\/08\/1-20190617_162444.jpg?resize=1300%2C632&amp;ssl=1 1300w, https:\/\/i0.wp.com\/www.shqiperia.com\/blog\/wp-content\/uploads\/2019\/08\/1-20190617_162444.jpg?resize=400%2C194&amp;ssl=1 400w, https:\/\/i0.wp.com\/www.shqiperia.com\/blog\/wp-content\/uploads\/2019\/08\/1-20190617_162444.jpg?w=3000&amp;ssl=1 3000w\" sizes=\"auto, (max-width: 633px) 100vw, 633px\" \/><\/p>\n<p>Kuriozitet: Kryezi, Puke. Rastesishte u ndeshem me kete bime gjethegjere te panjohur.<\/p>\n<p>Ne lumin e Kryeziut, Puke rastesishte poshte shtepise se Isuf Halilit shikova me habi nje bime me gjethe shume te gjere, qe nuk mbahet mend te jete rritur ne Kryezin ne vitet e meparshme. Pyeta dhe askush nuk e kujtonte qe kjo bime gjethegjere te ishte bime e zones e rritur me pare. Mata nje gjethe dhe ajo kishte nje gjeresi 82 cm. Nga pamja e jashtme dhe forma dukej dhe i ngjante Lulemullage-s, qe ka gjethe me gjeresi 8 deri ne 12 cm, por sic me thane, kjo nuk nxierr lule (nuk lulzon). Une e shikova kete bime ne buze te lumit per nje gjatesi \u00a070 metro, por gjatesia ku rritet po ne kete breglumi ishte me gjate.<\/p>\n<p><img data-recalc-dims=\"1\" loading=\"lazy\" decoding=\"async\" data-attachment-id=\"24572\" data-permalink=\"https:\/\/www.shqiperia.com\/blog\/kuriozitet-kryezi-puke-rastesishte-u-ndeshem-me-kete-bime-gjethegjere-te-panjohur\/bime-gjethegjere-e-panjohur\/\" data-orig-file=\"https:\/\/i0.wp.com\/www.shqiperia.com\/blog\/wp-content\/uploads\/2019\/08\/Bime-gjethegjere-e-panjohur.jpg?fit=4032%2C1960&amp;ssl=1\" data-orig-size=\"4032,1960\" data-comments-opened=\"1\" data-image-meta=\"{&quot;aperture&quot;:&quot;1.7&quot;,&quot;credit&quot;:&quot;&quot;,&quot;camera&quot;:&quot;SM-N950F&quot;,&quot;caption&quot;:&quot;&quot;,&quot;created_timestamp&quot;:&quot;1560788482&quot;,&quot;copyright&quot;:&quot;&quot;,&quot;focal_length&quot;:&quot;4.3&quot;,&quot;iso&quot;:&quot;40&quot;,&quot;shutter_speed&quot;:&quot;0.0097087378640777&quot;,&quot;title&quot;:&quot;&quot;,&quot;orientation&quot;:&quot;1&quot;}\" data-image-title=\"Bime gjethegjere e panjohur\" data-image-description=\"\" data-image-caption=\"\" data-medium-file=\"https:\/\/i0.wp.com\/www.shqiperia.com\/blog\/wp-content\/uploads\/2019\/08\/Bime-gjethegjere-e-panjohur.jpg?fit=300%2C146&amp;ssl=1\" data-large-file=\"https:\/\/i0.wp.com\/www.shqiperia.com\/blog\/wp-content\/uploads\/2019\/08\/Bime-gjethegjere-e-panjohur.jpg?fit=1024%2C498&amp;ssl=1\" class=\"alignnone wp-image-24572\" alt=\"\" src=\"https:\/\/i0.wp.com\/www.shqiperia.com\/blog\/wp-content\/uploads\/2019\/08\/Bime-gjethegjere-e-panjohur.jpg?resize=894%2C435&#038;ssl=1\" width=\"894\" height=\"435\" srcset=\"https:\/\/i0.wp.com\/www.shqiperia.com\/blog\/wp-content\/uploads\/2019\/08\/Bime-gjethegjere-e-panjohur.jpg?resize=300%2C146&amp;ssl=1 300w, https:\/\/i0.wp.com\/www.shqiperia.com\/blog\/wp-content\/uploads\/2019\/08\/Bime-gjethegjere-e-panjohur.jpg?resize=768%2C373&amp;ssl=1 768w, https:\/\/i0.wp.com\/www.shqiperia.com\/blog\/wp-content\/uploads\/2019\/08\/Bime-gjethegjere-e-panjohur.jpg?resize=1024%2C498&amp;ssl=1 1024w, https:\/\/i0.wp.com\/www.shqiperia.com\/blog\/wp-content\/uploads\/2019\/08\/Bime-gjethegjere-e-panjohur.jpg?resize=2000%2C972&amp;ssl=1 2000w, https:\/\/i0.wp.com\/www.shqiperia.com\/blog\/wp-content\/uploads\/2019\/08\/Bime-gjethegjere-e-panjohur.jpg?resize=450%2C219&amp;ssl=1 450w, https:\/\/i0.wp.com\/www.shqiperia.com\/blog\/wp-content\/uploads\/2019\/08\/Bime-gjethegjere-e-panjohur.jpg?resize=600%2C292&amp;ssl=1 600w, https:\/\/i0.wp.com\/www.shqiperia.com\/blog\/wp-content\/uploads\/2019\/08\/Bime-gjethegjere-e-panjohur.jpg?resize=1500%2C729&amp;ssl=1 1500w, https:\/\/i0.wp.com\/www.shqiperia.com\/blog\/wp-content\/uploads\/2019\/08\/Bime-gjethegjere-e-panjohur.jpg?resize=1300%2C632&amp;ssl=1 1300w, https:\/\/i0.wp.com\/www.shqiperia.com\/blog\/wp-content\/uploads\/2019\/08\/Bime-gjethegjere-e-panjohur.jpg?resize=400%2C194&amp;ssl=1 400w, https:\/\/i0.wp.com\/www.shqiperia.com\/blog\/wp-content\/uploads\/2019\/08\/Bime-gjethegjere-e-panjohur.jpg?w=3000&amp;ssl=1 3000w\" sizes=\"auto, (max-width: 894px) 100vw, 894px\" \/><\/p>\n<p><img data-recalc-dims=\"1\" loading=\"lazy\" decoding=\"async\" data-attachment-id=\"24575\" data-permalink=\"https:\/\/www.shqiperia.com\/blog\/kuriozitet-kryezi-puke-rastesishte-u-ndeshem-me-kete-bime-gjethegjere-te-panjohur\/bime-gjethegjere-e-panjohur-kryezi-puke\/\" data-orig-file=\"https:\/\/i0.wp.com\/www.shqiperia.com\/blog\/wp-content\/uploads\/2019\/08\/Bime-gjethegjere-e-panjohur-Kryezi-Puke.jpg?fit=4032%2C1960&amp;ssl=1\" data-orig-size=\"4032,1960\" data-comments-opened=\"1\" data-image-meta=\"{&quot;aperture&quot;:&quot;1.7&quot;,&quot;credit&quot;:&quot;&quot;,&quot;camera&quot;:&quot;SM-N950F&quot;,&quot;caption&quot;:&quot;&quot;,&quot;created_timestamp&quot;:&quot;1560788486&quot;,&quot;copyright&quot;:&quot;&quot;,&quot;focal_length&quot;:&quot;4.3&quot;,&quot;iso&quot;:&quot;40&quot;,&quot;shutter_speed&quot;:&quot;0.0079365079365079&quot;,&quot;title&quot;:&quot;&quot;,&quot;orientation&quot;:&quot;1&quot;}\" data-image-title=\"Bime gjethegjere e panjohur Kryezi Puke\" data-image-description=\"\" data-image-caption=\"\" data-medium-file=\"https:\/\/i0.wp.com\/www.shqiperia.com\/blog\/wp-content\/uploads\/2019\/08\/Bime-gjethegjere-e-panjohur-Kryezi-Puke.jpg?fit=300%2C146&amp;ssl=1\" data-large-file=\"https:\/\/i0.wp.com\/www.shqiperia.com\/blog\/wp-content\/uploads\/2019\/08\/Bime-gjethegjere-e-panjohur-Kryezi-Puke.jpg?fit=1024%2C498&amp;ssl=1\" class=\"alignnone wp-image-24575\" alt=\"\" src=\"https:\/\/i0.wp.com\/www.shqiperia.com\/blog\/wp-content\/uploads\/2019\/08\/Bime-gjethegjere-e-panjohur-Kryezi-Puke.jpg?resize=879%2C428&#038;ssl=1\" width=\"879\" height=\"428\" srcset=\"https:\/\/i0.wp.com\/www.shqiperia.com\/blog\/wp-content\/uploads\/2019\/08\/Bime-gjethegjere-e-panjohur-Kryezi-Puke.jpg?resize=300%2C146&amp;ssl=1 300w, https:\/\/i0.wp.com\/www.shqiperia.com\/blog\/wp-content\/uploads\/2019\/08\/Bime-gjethegjere-e-panjohur-Kryezi-Puke.jpg?resize=768%2C373&amp;ssl=1 768w, https:\/\/i0.wp.com\/www.shqiperia.com\/blog\/wp-content\/uploads\/2019\/08\/Bime-gjethegjere-e-panjohur-Kryezi-Puke.jpg?resize=1024%2C498&amp;ssl=1 1024w, https:\/\/i0.wp.com\/www.shqiperia.com\/blog\/wp-content\/uploads\/2019\/08\/Bime-gjethegjere-e-panjohur-Kryezi-Puke.jpg?resize=2000%2C972&amp;ssl=1 2000w, https:\/\/i0.wp.com\/www.shqiperia.com\/blog\/wp-content\/uploads\/2019\/08\/Bime-gjethegjere-e-panjohur-Kryezi-Puke.jpg?resize=450%2C219&amp;ssl=1 450w, https:\/\/i0.wp.com\/www.shqiperia.com\/blog\/wp-content\/uploads\/2019\/08\/Bime-gjethegjere-e-panjohur-Kryezi-Puke.jpg?resize=600%2C292&amp;ssl=1 600w, https:\/\/i0.wp.com\/www.shqiperia.com\/blog\/wp-content\/uploads\/2019\/08\/Bime-gjethegjere-e-panjohur-Kryezi-Puke.jpg?resize=1500%2C729&amp;ssl=1 1500w, https:\/\/i0.wp.com\/www.shqiperia.com\/blog\/wp-content\/uploads\/2019\/08\/Bime-gjethegjere-e-panjohur-Kryezi-Puke.jpg?resize=1300%2C632&amp;ssl=1 1300w, https:\/\/i0.wp.com\/www.shqiperia.com\/blog\/wp-content\/uploads\/2019\/08\/Bime-gjethegjere-e-panjohur-Kryezi-Puke.jpg?resize=400%2C194&amp;ssl=1 400w, https:\/\/i0.wp.com\/www.shqiperia.com\/blog\/wp-content\/uploads\/2019\/08\/Bime-gjethegjere-e-panjohur-Kryezi-Puke.jpg?w=3000&amp;ssl=1 3000w\" sizes=\"auto, (max-width: 879px) 100vw, 879px\" \/><\/p>\n<p><img data-recalc-dims=\"1\" loading=\"lazy\" decoding=\"async\" data-attachment-id=\"24581\" data-permalink=\"https:\/\/www.shqiperia.com\/blog\/kuriozitet-kryezi-puke-rastesishte-u-ndeshem-me-kete-bime-gjethegjere-te-panjohur\/20190621_164044\/\" data-orig-file=\"https:\/\/i0.wp.com\/www.shqiperia.com\/blog\/wp-content\/uploads\/2019\/08\/20190621_164044.jpg?fit=2481%2C1508&amp;ssl=1\" data-orig-size=\"2481,1508\" data-comments-opened=\"1\" data-image-meta=\"{&quot;aperture&quot;:&quot;1.7&quot;,&quot;credit&quot;:&quot;&quot;,&quot;camera&quot;:&quot;SM-N950F&quot;,&quot;caption&quot;:&quot;&quot;,&quot;created_timestamp&quot;:&quot;1560788486&quot;,&quot;copyright&quot;:&quot;&quot;,&quot;focal_length&quot;:&quot;4.3&quot;,&quot;iso&quot;:&quot;40&quot;,&quot;shutter_speed&quot;:&quot;0.0079365079365079&quot;,&quot;title&quot;:&quot;&quot;,&quot;orientation&quot;:&quot;0&quot;}\" data-image-title=\"20190621_164044\" data-image-description=\"\" data-image-caption=\"\" data-medium-file=\"https:\/\/i0.wp.com\/www.shqiperia.com\/blog\/wp-content\/uploads\/2019\/08\/20190621_164044.jpg?fit=300%2C182&amp;ssl=1\" data-large-file=\"https:\/\/i0.wp.com\/www.shqiperia.com\/blog\/wp-content\/uploads\/2019\/08\/20190621_164044.jpg?fit=1024%2C622&amp;ssl=1\" class=\"alignnone  wp-image-24581\" alt=\"\" src=\"https:\/\/i0.wp.com\/www.shqiperia.com\/blog\/wp-content\/uploads\/2019\/08\/20190621_164044.jpg?resize=858%2C521&#038;ssl=1\" width=\"858\" height=\"521\" srcset=\"https:\/\/i0.wp.com\/www.shqiperia.com\/blog\/wp-content\/uploads\/2019\/08\/20190621_164044.jpg?resize=300%2C182&amp;ssl=1 300w, https:\/\/i0.wp.com\/www.shqiperia.com\/blog\/wp-content\/uploads\/2019\/08\/20190621_164044.jpg?resize=768%2C467&amp;ssl=1 768w, https:\/\/i0.wp.com\/www.shqiperia.com\/blog\/wp-content\/uploads\/2019\/08\/20190621_164044.jpg?resize=1024%2C622&amp;ssl=1 1024w, https:\/\/i0.wp.com\/www.shqiperia.com\/blog\/wp-content\/uploads\/2019\/08\/20190621_164044.jpg?resize=2000%2C1216&amp;ssl=1 2000w, https:\/\/i0.wp.com\/www.shqiperia.com\/blog\/wp-content\/uploads\/2019\/08\/20190621_164044.jpg?resize=450%2C274&amp;ssl=1 450w, https:\/\/i0.wp.com\/www.shqiperia.com\/blog\/wp-content\/uploads\/2019\/08\/20190621_164044.jpg?resize=600%2C365&amp;ssl=1 600w, https:\/\/i0.wp.com\/www.shqiperia.com\/blog\/wp-content\/uploads\/2019\/08\/20190621_164044.jpg?resize=1500%2C912&amp;ssl=1 1500w, https:\/\/i0.wp.com\/www.shqiperia.com\/blog\/wp-content\/uploads\/2019\/08\/20190621_164044.jpg?resize=1300%2C790&amp;ssl=1 1300w, https:\/\/i0.wp.com\/www.shqiperia.com\/blog\/wp-content\/uploads\/2019\/08\/20190621_164044.jpg?resize=400%2C243&amp;ssl=1 400w\" sizes=\"auto, (max-width: 858px) 100vw, 858px\" \/><\/p>\n<p><img data-recalc-dims=\"1\" loading=\"lazy\" decoding=\"async\" data-attachment-id=\"24573\" data-permalink=\"https:\/\/www.shqiperia.com\/blog\/kuriozitet-kryezi-puke-rastesishte-u-ndeshem-me-kete-bime-gjethegjere-te-panjohur\/bime-gjethegjere-e-panjohur-kryezi-puke-2\/\" data-orig-file=\"https:\/\/i0.wp.com\/www.shqiperia.com\/blog\/wp-content\/uploads\/2019\/08\/Bime-gjethegjere-e-panjohur-Kryezi-Puke-2.jpg?fit=4032%2C1960&amp;ssl=1\" data-orig-size=\"4032,1960\" data-comments-opened=\"1\" data-image-meta=\"{&quot;aperture&quot;:&quot;1.7&quot;,&quot;credit&quot;:&quot;&quot;,&quot;camera&quot;:&quot;SM-N950F&quot;,&quot;caption&quot;:&quot;&quot;,&quot;created_timestamp&quot;:&quot;1560788531&quot;,&quot;copyright&quot;:&quot;&quot;,&quot;focal_length&quot;:&quot;4.3&quot;,&quot;iso&quot;:&quot;40&quot;,&quot;shutter_speed&quot;:&quot;0.0045454545454545&quot;,&quot;title&quot;:&quot;&quot;,&quot;orientation&quot;:&quot;1&quot;}\" data-image-title=\"Bime gjethegjere e panjohur Kryezi Puke (2)\" data-image-description=\"\" data-image-caption=\"\" data-medium-file=\"https:\/\/i0.wp.com\/www.shqiperia.com\/blog\/wp-content\/uploads\/2019\/08\/Bime-gjethegjere-e-panjohur-Kryezi-Puke-2.jpg?fit=300%2C146&amp;ssl=1\" data-large-file=\"https:\/\/i0.wp.com\/www.shqiperia.com\/blog\/wp-content\/uploads\/2019\/08\/Bime-gjethegjere-e-panjohur-Kryezi-Puke-2.jpg?fit=1024%2C498&amp;ssl=1\" class=\"alignnone wp-image-24573\" alt=\"\" src=\"https:\/\/i0.wp.com\/www.shqiperia.com\/blog\/wp-content\/uploads\/2019\/08\/Bime-gjethegjere-e-panjohur-Kryezi-Puke-2.jpg?resize=764%2C372&#038;ssl=1\" width=\"764\" height=\"372\" srcset=\"https:\/\/i0.wp.com\/www.shqiperia.com\/blog\/wp-content\/uploads\/2019\/08\/Bime-gjethegjere-e-panjohur-Kryezi-Puke-2.jpg?resize=300%2C146&amp;ssl=1 300w, https:\/\/i0.wp.com\/www.shqiperia.com\/blog\/wp-content\/uploads\/2019\/08\/Bime-gjethegjere-e-panjohur-Kryezi-Puke-2.jpg?resize=768%2C373&amp;ssl=1 768w, https:\/\/i0.wp.com\/www.shqiperia.com\/blog\/wp-content\/uploads\/2019\/08\/Bime-gjethegjere-e-panjohur-Kryezi-Puke-2.jpg?resize=1024%2C498&amp;ssl=1 1024w, https:\/\/i0.wp.com\/www.shqiperia.com\/blog\/wp-content\/uploads\/2019\/08\/Bime-gjethegjere-e-panjohur-Kryezi-Puke-2.jpg?resize=2000%2C972&amp;ssl=1 2000w, https:\/\/i0.wp.com\/www.shqiperia.com\/blog\/wp-content\/uploads\/2019\/08\/Bime-gjethegjere-e-panjohur-Kryezi-Puke-2.jpg?resize=450%2C219&amp;ssl=1 450w, https:\/\/i0.wp.com\/www.shqiperia.com\/blog\/wp-content\/uploads\/2019\/08\/Bime-gjethegjere-e-panjohur-Kryezi-Puke-2.jpg?resize=600%2C292&amp;ssl=1 600w, https:\/\/i0.wp.com\/www.shqiperia.com\/blog\/wp-content\/uploads\/2019\/08\/Bime-gjethegjere-e-panjohur-Kryezi-Puke-2.jpg?resize=1500%2C729&amp;ssl=1 1500w, https:\/\/i0.wp.com\/www.shqiperia.com\/blog\/wp-content\/uploads\/2019\/08\/Bime-gjethegjere-e-panjohur-Kryezi-Puke-2.jpg?resize=1300%2C632&amp;ssl=1 1300w, https:\/\/i0.wp.com\/www.shqiperia.com\/blog\/wp-content\/uploads\/2019\/08\/Bime-gjethegjere-e-panjohur-Kryezi-Puke-2.jpg?resize=400%2C194&amp;ssl=1 400w, https:\/\/i0.wp.com\/www.shqiperia.com\/blog\/wp-content\/uploads\/2019\/08\/Bime-gjethegjere-e-panjohur-Kryezi-Puke-2.jpg?w=3000&amp;ssl=1 3000w\" sizes=\"auto, (max-width: 764px) 100vw, 764px\" \/><\/p>\n<p>Pikpyetja eshte: A kemi te bejme me nje deformim (mutacion) te kesaj bime gjethegjere, apo e kemi te huazuar keto vitet e fundit.<\/p>\n<p>Kryeziu ruan bime te rralla si p.sh: Drunakuqi etj.<\/p>\n","protected":false},"excerpt":{"rendered":"<p>Kuriozitet: Kryezi, Puke. Rastesishte u ndeshem me kete bime gjethegjere te panjohur. Ne lumin e Kryeziut, Puke rastesishte poshte shtepise se Isuf Halilit shikova me habi nje bime me gjethe shume te gjere, qe nuk mbahet mend te jete rritur ne Kryezin ne vitet e meparshme. Pyeta dhe askush nuk e kujtonte qe kjo bime [&hellip;]<\/p>\n","protected":false},"author":9,"featured_media":24571,"comment_status":"open","ping_status":"open","sticky":false,"template":"","format":"standard","meta":{"jetpack_post_was_ever_published":false,"_jetpack_newsletter_access":"","_jetpack_dont_email_post_to_subs":false,"_jetpack_newsletter_tier_id":0,"_jetpack_memberships_contains_paywalled_content":false,"_jetpack_memberships_contains_paid_content":false,"footnotes":"","jetpack_publicize_message":"","jetpack_publicize_feature_enabled":true,"jetpack_social_post_already_shared":true,"jetpack_social_options":{"image_generator_settings":{"template":"highway","default_image_id":0,"font":"","enabled":false},"version":2}},"categories":[27,1,14],"tags":[],"class_list":["post-24570","post","type-post","status-publish","format-standard","has-post-thumbnail","hentry","category-blogu-i-udhetarit","category-njoftime-shtypi","category-press-releases"],"jetpack_publicize_connections":[],"jetpack_featured_media_url":"https:\/\/i0.wp.com\/www.shqiperia.com\/blog\/wp-content\/uploads\/2019\/08\/1-20190617_162444.jpg?fit=4032%2C1960&ssl=1","jetpack_sharing_enabled":true,"jetpack_shortlink":"https:\/\/wp.me\/p5Z6wp-6oi","jetpack-related-posts":[{"id":105009,"url":"https:\/\/www.shqiperia.com\/blog\/politike-ne-janar-masa-sigurie-ne-prill-pezullim-sot-shef-i-qarkullimit-ne-sarande\/","url_meta":{"origin":24570,"position":0},"title":"Politik\u00eb: &#8211; N\u00eb janar masa sigurie, n\u00eb prill pezullim, sot shef i Qarkullimit n\u00eb Sarand\u00eb.","author":"Kurt Farka","date":"August 23, 2026","format":false,"excerpt":"23 Gusht 2026 Deputetja e Partis\u00eb Demokratike, Ina Zhupa, ka ngritur pik\u00ebpyetje mbi em\u00ebrimin e Denis Sinanit n\u00eb krye t\u00eb Qarkullimit n\u00eb Sarand\u00eb, duke k\u00ebrkuar transparenc\u00eb mbi kriteret q\u00eb jan\u00eb p\u00ebrdorur p\u00ebr k\u00ebt\u00eb vendim. Zhupa sjell n\u00eb v\u00ebmendje se ndaj Sinanit, n\u00eb janar 2026, jan\u00eb caktuar masat e siguris\u00eb \u201cndalim\u2026","rel":"","context":"In &quot;Blogu i Udh\u00ebtarit&quot;","block_context":{"text":"Blogu i Udh\u00ebtarit","link":"https:\/\/www.shqiperia.com\/blog\/category\/blogu-i-udhetarit\/"},"img":{"alt_text":"","src":"https:\/\/i0.wp.com\/www.shqiperia.com\/blog\/wp-content\/uploads\/2026\/08\/Edi-Rama-4-1.jpg?fit=900%2C520&ssl=1&resize=350%2C200","width":350,"height":200,"srcset":"https:\/\/i0.wp.com\/www.shqiperia.com\/blog\/wp-content\/uploads\/2026\/08\/Edi-Rama-4-1.jpg?fit=900%2C520&ssl=1&resize=350%2C200 1x, https:\/\/i0.wp.com\/www.shqiperia.com\/blog\/wp-content\/uploads\/2026\/08\/Edi-Rama-4-1.jpg?fit=900%2C520&ssl=1&resize=525%2C300 1.5x, https:\/\/i0.wp.com\/www.shqiperia.com\/blog\/wp-content\/uploads\/2026\/08\/Edi-Rama-4-1.jpg?fit=900%2C520&ssl=1&resize=700%2C400 2x"},"classes":[]},{"id":105523,"url":"https:\/\/www.shqiperia.com\/blog\/trajneri-maran-nuk-kam-frike-nga-veshtiresite-shqiperia-i-ka-te-gjitha-letrat-nuk-flet-per-lojtaret\/","url_meta":{"origin":24570,"position":1},"title":"Trajneri Maran: &#8211; Nuk kam frik\u00eb nga v\u00ebshtir\u00ebsit\u00eb, Shqip\u00ebria i ka t\u00eb gjitha letrat, Nuk flet per lojtaret","author":"Kurt Farka","date":"August 30, 2026","format":false,"excerpt":"30 Gusht 2026 Trajneri i Komb\u00ebtares shqiptare, Rolando Maran, flet ekskluzivisht p\u00ebr Top Channel n\u00eb nj\u00eb intervist\u00eb me gazetarin Endi Tufa, ku prek t\u00eb gjitha temat e aktualitetit t\u00eb kuqezinjve n\u00eb prag t\u00eb nisjes s\u00eb ndeshjeve zyrtare. Maran flet p\u00ebr periudh\u00ebn e gjat\u00eb t\u00eb p\u00ebrgatitjeve, ndryshimet e shumta n\u00eb skuadrat\u2026","rel":"","context":"In &quot;Njoftime Shtypi&quot;","block_context":{"text":"Njoftime Shtypi","link":"https:\/\/www.shqiperia.com\/blog\/category\/njoftime-shtypi\/"},"img":{"alt_text":"","src":"https:\/\/i0.wp.com\/www.shqiperia.com\/blog\/wp-content\/uploads\/2026\/08\/Rolando-Maran.webp?fit=800%2C450&ssl=1&resize=350%2C200","width":350,"height":200,"srcset":"https:\/\/i0.wp.com\/www.shqiperia.com\/blog\/wp-content\/uploads\/2026\/08\/Rolando-Maran.webp?fit=800%2C450&ssl=1&resize=350%2C200 1x, https:\/\/i0.wp.com\/www.shqiperia.com\/blog\/wp-content\/uploads\/2026\/08\/Rolando-Maran.webp?fit=800%2C450&ssl=1&resize=525%2C300 1.5x, https:\/\/i0.wp.com\/www.shqiperia.com\/blog\/wp-content\/uploads\/2026\/08\/Rolando-Maran.webp?fit=800%2C450&ssl=1&resize=700%2C400 2x"},"classes":[]},{"id":104948,"url":"https:\/\/www.shqiperia.com\/blog\/pikturat-e-lashta-kineze-ne-shkembinj-te-bera-me-gjak-femijesh-te-porsalindur\/","url_meta":{"origin":24570,"position":2},"title":"Pikturat e lashta kineze n\u00eb shk\u00ebmbinj, t\u00eb b\u00ebra me gjak f\u00ebmij\u00ebsh t\u00eb porsalindur(?!)","author":"Kurt Farka","date":"August 22, 2026","format":false,"excerpt":"22 Gusht 2026 Pikturat n\u00eb shk\u00ebmbinj kan\u00eb ekzistuar p\u00ebr dhjet\u00ebra mij\u00ebra vjet dhe n\u00eb pothuajse \u00e7do kontinent t\u00eb bot\u00ebs. Nd\u00ebrsa disa jan\u00eb nd\u00ebr veprat m\u00eb t\u00eb hershme t\u00eb artit t\u00eb krijuara nga njer\u00ebzimi, t\u00eb tjerat u krijuan relativisht koh\u00ebt e fundit. N\u00eb rajonin Guangxi t\u00eb Kin\u00ebs jugore, ka piktura shk\u00ebmbore\u2026","rel":"","context":"In &quot;Blogu i Udh\u00ebtarit&quot;","block_context":{"text":"Blogu i Udh\u00ebtarit","link":"https:\/\/www.shqiperia.com\/blog\/category\/blogu-i-udhetarit\/"},"img":{"alt_text":"","src":"https:\/\/i0.wp.com\/www.shqiperia.com\/blog\/wp-content\/uploads\/2026\/08\/auto_GJAKU1787254282.jpg?fit=900%2C600&ssl=1&resize=350%2C200","width":350,"height":200,"srcset":"https:\/\/i0.wp.com\/www.shqiperia.com\/blog\/wp-content\/uploads\/2026\/08\/auto_GJAKU1787254282.jpg?fit=900%2C600&ssl=1&resize=350%2C200 1x, https:\/\/i0.wp.com\/www.shqiperia.com\/blog\/wp-content\/uploads\/2026\/08\/auto_GJAKU1787254282.jpg?fit=900%2C600&ssl=1&resize=525%2C300 1.5x, https:\/\/i0.wp.com\/www.shqiperia.com\/blog\/wp-content\/uploads\/2026\/08\/auto_GJAKU1787254282.jpg?fit=900%2C600&ssl=1&resize=700%2C400 2x"},"classes":[]},{"id":100588,"url":"https:\/\/www.shqiperia.com\/blog\/jonathan-pano-shpopullimi-nuk-eshte-rastesi-por-nje-axhende-e-qeverise\/","url_meta":{"origin":24570,"position":3},"title":"Jonathan Pano: &#8211; Shpopullimi nuk \u00ebsht\u00eb rast\u00ebsi, por nj\u00eb axhend\u00eb e qeveris\u00eb","author":"Kurt Farka","date":"May 22, 2026","format":false,"excerpt":"22 Maji 2026 I ftuar n\u00eb nj\u00eb studio televizive Jonathan Pano, an\u00ebtar i K\u00ebshillit Bashkiak t\u00eb Tiran\u00ebs nga radh\u00ebt e opozit\u00ebs, ngriti alarmin p\u00ebr ritmet e shpopullimit n\u00eb Shqip\u00ebri, duke iu referuar t\u00eb dh\u00ebnave t\u00eb Eurostat dhe analizave t\u00eb ekspert\u00ebve t\u00eb demografis\u00eb. Sipas Panos, raportimet p\u00ebr rreth 29 mij\u00eb persona\u2026","rel":"","context":"In &quot;Blogu i Udh\u00ebtarit&quot;","block_context":{"text":"Blogu i Udh\u00ebtarit","link":"https:\/\/www.shqiperia.com\/blog\/category\/blogu-i-udhetarit\/"},"img":{"alt_text":"","src":"https:\/\/i0.wp.com\/www.shqiperia.com\/blog\/wp-content\/uploads\/2026\/05\/nfk.jpg?fit=773%2C528&ssl=1&resize=350%2C200","width":350,"height":200,"srcset":"https:\/\/i0.wp.com\/www.shqiperia.com\/blog\/wp-content\/uploads\/2026\/05\/nfk.jpg?fit=773%2C528&ssl=1&resize=350%2C200 1x, https:\/\/i0.wp.com\/www.shqiperia.com\/blog\/wp-content\/uploads\/2026\/05\/nfk.jpg?fit=773%2C528&ssl=1&resize=525%2C300 1.5x, https:\/\/i0.wp.com\/www.shqiperia.com\/blog\/wp-content\/uploads\/2026\/05\/nfk.jpg?fit=773%2C528&ssl=1&resize=700%2C400 2x"},"classes":[]},{"id":105797,"url":"https:\/\/www.shqiperia.com\/blog\/doreheqja-e-evis-sales-alimehmeti-duhet-ti-tregoje-publikut-shkakun-e-vertete-te-largimit-te-denoncoje-tradhetine-e-kryeministrit\/","url_meta":{"origin":24570,"position":4},"title":"Dor\u00ebheqja e Evis Sal\u00ebs, Alimehmeti: &#8211; Duhet t\u2019i tregoj\u00eb publikut shkakun e v\u00ebrtet\u00eb t\u00eb largimit! &#8211; T\u00eb denoncoj\u00eb tradh\u00ebtin\u00eb e kryeministrit","author":"Kurt Farka","date":"September 2, 2026","format":false,"excerpt":"2 Shtator 2026 An\u00ebtari i Kryesis\u00eb s\u00eb PD-s\u00eb, Ili Alimehmeti ka ngritur pik\u00ebpyetje n\u00eb lidhje me dor\u00ebheqjen e Evis Sal\u00ebs si ministre e Sh\u00ebndet\u00ebsis\u00eb dhe Mir\u00ebqenies Sociale. N\u00eb nj\u00eb reagim n\u00eb rrjete sociale, Alimehmeti shkruan se Sala do t\u00eb duhet q\u00eb t\u00eb sqaroj\u00eb publikun p\u00ebr shkakun e v\u00ebrtet\u00eb t\u00eb dor\u00ebheqjes.\u2026","rel":"","context":"In &quot;Blogu i Udh\u00ebtarit&quot;","block_context":{"text":"Blogu i Udh\u00ebtarit","link":"https:\/\/www.shqiperia.com\/blog\/category\/blogu-i-udhetarit\/"},"img":{"alt_text":"Evis Sala","src":"https:\/\/i0.wp.com\/www.shqiperia.com\/blog\/wp-content\/uploads\/2026\/09\/photo_2026-09-02_15-53-08.jpg?fit=1200%2C741&ssl=1&resize=350%2C200","width":350,"height":200,"srcset":"https:\/\/i0.wp.com\/www.shqiperia.com\/blog\/wp-content\/uploads\/2026\/09\/photo_2026-09-02_15-53-08.jpg?fit=1200%2C741&ssl=1&resize=350%2C200 1x, https:\/\/i0.wp.com\/www.shqiperia.com\/blog\/wp-content\/uploads\/2026\/09\/photo_2026-09-02_15-53-08.jpg?fit=1200%2C741&ssl=1&resize=525%2C300 1.5x, https:\/\/i0.wp.com\/www.shqiperia.com\/blog\/wp-content\/uploads\/2026\/09\/photo_2026-09-02_15-53-08.jpg?fit=1200%2C741&ssl=1&resize=700%2C400 2x, https:\/\/i0.wp.com\/www.shqiperia.com\/blog\/wp-content\/uploads\/2026\/09\/photo_2026-09-02_15-53-08.jpg?fit=1200%2C741&ssl=1&resize=1050%2C600 3x"},"classes":[]},{"id":105559,"url":"https:\/\/www.shqiperia.com\/blog\/rikthimi-i-kalit-te-qyqes-dhe-nje-lajm-i-madh-nga-ministria-e-mjedisit\/","url_meta":{"origin":24570,"position":5},"title":"\u201cRikthimi i Kalit te Qyqes dhe nj\u00eb lajm i madh nga Ministria e Mjedisit\u201d","author":"Kurt Farka","date":"August 31, 2026","format":false,"excerpt":"31 Gusht 2026 \u00cbsht\u00eb e diel. Gusht. Vapa ka z\u00ebn\u00eb vend mbi Shqip\u00ebri me at\u00eb k\u00ebmb\u00ebnguljen e nj\u00eb zyrtari t\u00eb sot\u00ebm q\u00eb nuk di kur duhet t\u00eb largohet. Gjinkallat, t\u00eb cilat duket se nuk e kan\u00eb marr\u00eb ende vesh lajmin e ardhjes s\u00eb vjesht\u00ebs, vazhdojn\u00eb koncertin e tyre t\u00eb paduruesh\u00ebm.\u2026","rel":"","context":"In &quot;Blogu i Udh\u00ebtarit&quot;","block_context":{"text":"Blogu i Udh\u00ebtarit","link":"https:\/\/www.shqiperia.com\/blog\/category\/blogu-i-udhetarit\/"},"img":{"alt_text":"","src":"https:\/\/i0.wp.com\/www.shqiperia.com\/blog\/wp-content\/uploads\/2026\/08\/640-0-6f5b8eac8647006ae543b153b0c727c1.jpg?fit=640%2C327&ssl=1&resize=350%2C200","width":350,"height":200,"srcset":"https:\/\/i0.wp.com\/www.shqiperia.com\/blog\/wp-content\/uploads\/2026\/08\/640-0-6f5b8eac8647006ae543b153b0c727c1.jpg?fit=640%2C327&ssl=1&resize=350%2C200 1x, https:\/\/i0.wp.com\/www.shqiperia.com\/blog\/wp-content\/uploads\/2026\/08\/640-0-6f5b8eac8647006ae543b153b0c727c1.jpg?fit=640%2C327&ssl=1&resize=525%2C300 1.5x"},"classes":[]}],"_links":{"self":[{"href":"https:\/\/www.shqiperia.com\/blog\/wp-json\/wp\/v2\/posts\/24570","targetHints":{"allow":["GET"]}}],"collection":[{"href":"https:\/\/www.shqiperia.com\/blog\/wp-json\/wp\/v2\/posts"}],"about":[{"href":"https:\/\/www.shqiperia.com\/blog\/wp-json\/wp\/v2\/types\/post"}],"author":[{"embeddable":true,"href":"https:\/\/www.shqiperia.com\/blog\/wp-json\/wp\/v2\/users\/9"}],"replies":[{"embeddable":true,"href":"https:\/\/www.shqiperia.com\/blog\/wp-json\/wp\/v2\/comments?post=24570"}],"version-history":[{"count":5,"href":"https:\/\/www.shqiperia.com\/blog\/wp-json\/wp\/v2\/posts\/24570\/revisions"}],"predecessor-version":[{"id":24583,"href":"https:\/\/www.shqiperia.com\/blog\/wp-json\/wp\/v2\/posts\/24570\/revisions\/24583"}],"wp:featuredmedia":[{"embeddable":true,"href":"https:\/\/www.shqiperia.com\/blog\/wp-json\/wp\/v2\/media\/24571"}],"wp:attachment":[{"href":"https:\/\/www.shqiperia.com\/blog\/wp-json\/wp\/v2\/media?parent=24570"}],"wp:term":[{"taxonomy":"category","embeddable":true,"href":"https:\/\/www.shqiperia.com\/blog\/wp-json\/wp\/v2\/categories?post=24570"},{"taxonomy":"post_tag","embeddable":true,"href":"https:\/\/www.shqiperia.com\/blog\/wp-json\/wp\/v2\/tags?post=24570"}],"curies":[{"name":"wp","href":"https:\/\/api.w.org\/{rel}","templated":true}]}}