{"id":24560,"date":"2019-08-09T14:43:22","date_gmt":"2019-08-09T14:43:22","guid":{"rendered":"https:\/\/www.shqiperia.com\/blog\/?p=24560"},"modified":"2019-08-09T14:43:22","modified_gmt":"2019-08-09T14:43:22","slug":"keshilltari-i-merkel-shigjeton-taulant-ballen-interesante-si-nuk-eshte-arrestuar-ende-ka-lidhje-me-mafian","status":"publish","type":"post","link":"https:\/\/www.shqiperia.com\/blog\/keshilltari-i-merkel-shigjeton-taulant-ballen-interesante-si-nuk-eshte-arrestuar-ende-ka-lidhje-me-mafian\/","title":{"rendered":"K\u00ebshilltari i Merkel shigjeton Taulant Ball\u00ebn: &#8211; Interesante si nuk \u00ebsht\u00eb arrestuar ende, ka lidhje me mafian!"},"content":{"rendered":"<p><img data-recalc-dims=\"1\" loading=\"lazy\" decoding=\"async\" data-attachment-id=\"24561\" data-permalink=\"https:\/\/www.shqiperia.com\/blog\/keshilltari-i-merkel-shigjeton-taulant-ballen-interesante-si-nuk-eshte-arrestuar-ende-ka-lidhje-me-mafian\/60507960_10157397725707664_2769952244596998144_n-copy-6\/\" data-orig-file=\"https:\/\/i0.wp.com\/www.shqiperia.com\/blog\/wp-content\/uploads\/2019\/08\/60507960_10157397725707664_2769952244596998144_n-Copy.jpg?fit=650%2C361&amp;ssl=1\" data-orig-size=\"650,361\" data-comments-opened=\"1\" data-image-meta=\"{&quot;aperture&quot;:&quot;0&quot;,&quot;credit&quot;:&quot;&quot;,&quot;camera&quot;:&quot;&quot;,&quot;caption&quot;:&quot;&quot;,&quot;created_timestamp&quot;:&quot;0&quot;,&quot;copyright&quot;:&quot;&quot;,&quot;focal_length&quot;:&quot;0&quot;,&quot;iso&quot;:&quot;0&quot;,&quot;shutter_speed&quot;:&quot;0&quot;,&quot;title&quot;:&quot;&quot;,&quot;orientation&quot;:&quot;0&quot;}\" data-image-title=\"60507960_10157397725707664_2769952244596998144_n &#8211; Copy\" data-image-description=\"\" data-image-caption=\"\" data-medium-file=\"https:\/\/i0.wp.com\/www.shqiperia.com\/blog\/wp-content\/uploads\/2019\/08\/60507960_10157397725707664_2769952244596998144_n-Copy.jpg?fit=300%2C167&amp;ssl=1\" data-large-file=\"https:\/\/i0.wp.com\/www.shqiperia.com\/blog\/wp-content\/uploads\/2019\/08\/60507960_10157397725707664_2769952244596998144_n-Copy.jpg?fit=650%2C361&amp;ssl=1\" class=\"alignnone  wp-image-24561\" alt=\"\" src=\"https:\/\/i0.wp.com\/www.shqiperia.com\/blog\/wp-content\/uploads\/2019\/08\/60507960_10157397725707664_2769952244596998144_n-Copy.jpg?resize=614%2C342&#038;ssl=1\" width=\"614\" height=\"342\" srcset=\"https:\/\/i0.wp.com\/www.shqiperia.com\/blog\/wp-content\/uploads\/2019\/08\/60507960_10157397725707664_2769952244596998144_n-Copy.jpg?resize=300%2C167&amp;ssl=1 300w, https:\/\/i0.wp.com\/www.shqiperia.com\/blog\/wp-content\/uploads\/2019\/08\/60507960_10157397725707664_2769952244596998144_n-Copy.jpg?resize=450%2C250&amp;ssl=1 450w, https:\/\/i0.wp.com\/www.shqiperia.com\/blog\/wp-content\/uploads\/2019\/08\/60507960_10157397725707664_2769952244596998144_n-Copy.jpg?resize=600%2C333&amp;ssl=1 600w, https:\/\/i0.wp.com\/www.shqiperia.com\/blog\/wp-content\/uploads\/2019\/08\/60507960_10157397725707664_2769952244596998144_n-Copy.jpg?resize=400%2C222&amp;ssl=1 400w, https:\/\/i0.wp.com\/www.shqiperia.com\/blog\/wp-content\/uploads\/2019\/08\/60507960_10157397725707664_2769952244596998144_n-Copy.jpg?w=650&amp;ssl=1 650w\" sizes=\"auto, (max-width: 614px) 100vw, 614px\" \/><\/p>\n<p><strong>K\u00ebshilltari i Merkel shigjeton Taulant Ball\u00ebn: &#8211; Interesante si nuk \u00ebsht\u00eb arrestuar ende, ka lidhje me mafian! <\/strong><\/p>\n<p>K\u00ebshilltari i kancelares Angela Merkel, dhe nj\u00ebher\u00ebsh hartuesi i programit ekonomik p\u00ebr PD-m\u00eb Martin Henze ka b\u00ebr\u00eb nj\u00eb\u00a0<a href=\"https:\/\/www.linkedin.com\/pulse\/albania-taulant-balla-member-mafia-martin-henze?articleId=6564382763397464064#comments-6564382763397464064&amp;trk=public_profile_post\">shkrim mjaft t\u00eb fort\u00eb<\/a>\u00a0s\u00eb fundi, ku akuzon Taulant Ball\u00ebn p\u00ebr lidhje me krimin.<\/p>\n<p>Henze deklaron se ka dyshime se Balla \u00ebsht\u00eb i lidhur me mafian n\u00eb vendin ton\u00eb, si dhe ka marr\u00eb pjes\u00eb aktive n\u00eb manipulimin e zgjedhjeve parlamentare t\u00eb 2017-t\u00ebs.<\/p>\n<p><em>\u201cSekretari i p\u00ebrgjithsh\u00ebm dhe kreu i grupit t\u00eb deputet\u00ebve socialist\u00ebve shqiptar\u00eb, partia drejtuese e kryeministrit ende n\u00eb detyr\u00eb Edi Rama, Taulant Balla, dyshohet nga dokumentacioni i autoriteteve t\u00eb siguris\u00eb, i zbuluar nga shtypi nd\u00ebrkomb\u00ebtar, nd\u00ebr t\u00eb tjera n\u00eb bashk\u00ebpunim me mafien shqiptare, si dhe i angazhuar masivisht n\u00eb manipulimin e zgjedhjeve parlamentare 2016\/2017, n\u00eb favor t\u00eb kryeministrit Edi Rama\u201d,<\/em>\u00a0shkruan Henze, nd\u00ebrsa shton se ka dyshime se Balla \u00ebsht\u00eb i p\u00ebrfshir\u00eb dhe n\u00eb nj\u00eb audip\u00ebrgjim s\u00eb bashku me Olsi Ram\u00ebn.<\/p>\n<p>M\u00eb tej Henze ka folur p\u00ebr zgjedhjet n\u00eb Shqip\u00ebri, t\u00eb cilat sipas gjermanit u mbajt\u00ebn n\u00eb m\u00ebnyr\u00eb t\u00eb jasht\u00ebligjshme, sa koh\u00eb q\u00eb ishin anuluar me dekretin e l\u00ebshuar nga ana e presidentit Meta.<\/p>\n<p><em>\u201cSituata ligjore \u00ebsht\u00eb e qart\u00eb. Me dekret kushtetues, Presidenti kishte ndaluar zgjedhjet dhe kishte caktuar nj\u00eb dat\u00eb t\u00eb re zgjedhjesh, m\u00eb 13 tetor 2019.<\/em><\/p>\n<p><em>Ky dekret kishte fuqi juridike dhe mund t\u00eb anullohej vet\u00ebm nga nj\u00eb gjykat\u00eb kushtetuese.<\/em><\/p>\n<p><em>Nj\u00eb gjykat\u00eb kushtetuese, nj\u00eb gjykat\u00eb supreme, nj\u00eb parlament demokratik dhe nj\u00eb administrat\u00eb pa korrupsion nuk ekzistojn\u00eb n\u00eb Shqip\u00ebri.<\/em><\/p>\n<p><em>Kjo urgjenc\u00eb kushtetuees dhe legjislative u citua nga Presidenti i Republik\u00ebs si arsye e shtyrjes s\u00eb zgjedhjeve\u201d<\/em>, shprehet Henze, ku m\u00eb tej sqaron se \u00e7far\u00eb po ndodh n\u00eb at\u00eb q\u00eb ai e quan absurditeti i Ram\u00ebs.<\/p>\n<p><em>\u201cTaulant Balla, i cili akuzohet nga media nd\u00ebrkomb\u00ebtare p\u00ebr krijimin e nj\u00eb shoqate kriminale me q\u00ebllim manipulimin e zgjedhjeve parlamentare nga Mafia, t\u00eb dokumentuar me protokolet e p\u00ebrgjimeve t\u00eb sh\u00ebrbimeve t\u00eb inteligjenc\u00ebs, tani po komunikon se dekretet e presidentit t\u00eb zgjedhur nuk jan\u00eb interesante, \u00a0dhe ato p\u00ebrb\u00ebjn\u00eb nj\u00eb shkelje kushtetuese (https:\/\/exit.al\/en\/2019\/08\/05\/socialist-party-ignores-local-election-date-set-by-president-promises-elector-reform\/).<\/em><\/p>\n<p><em>\u00cbsht\u00eb interesante t\u00eb theksohet se nj\u00eb person me nj\u00eb prejardhje t\u00eb till\u00eb, i cili akuzohet se bashk\u00ebpunon me mafian, dhe \u00ebsht\u00eb akoma udh\u00ebheq\u00ebs i partis\u00eb qeveris\u00ebse n\u00eb Parlament dhe sekretar i p\u00ebrgjithsh\u00ebm i partis\u00eb s\u00eb Ram\u00ebs, nuk \u00ebsht\u00eb ende n\u00eb arrest, por vazhdon aktivitetet e tij, duke justifikuar zgjedhjet e paligjshme dhe jo-demokratike si\u00e7 ishin ato t\u00eb mbajtura m\u00eb 30 qershor 2019, n\u00eb t\u00eb cilat mor\u00ebn pjes\u00eb vet\u00ebm rreth 18% e qytetar\u00ebve.<\/em><\/p>\n<p><em>N\u00eb t\u00eb nj\u00ebjt\u00ebn koh\u00eb, lidhja me Per\u00ebndimin, bashk\u00ebpunimi me Lindjen po atomizohet nga nj\u00eb aleanc\u00eb midis Edi Ram\u00ebs (t\u00eb cilin e quan dhe Mustafa) dhe Erdogan, dhe vizita e jav\u00ebs s\u00eb kaluar nga Ministri turk i Brendsh\u00ebm n\u00eb Shqip\u00ebri \u00ebsht\u00eb alarmante.<\/em><\/p>\n<p><em>P\u00ebr t\u00eb ardhmen e Shqip\u00ebris\u00eb duhet t\u00eb jet\u00eb thelb\u00ebsore n\u00eb 7 jav\u00ebt e ardhshme:<\/em><\/p>\n<p><em>\u2013 q\u00eb p\u00ebr shkak t\u00eb ngjarjeve n\u00eb Shqip\u00ebri n\u00eb 13 tetor 2019 do t\u00eb mbahen zgjedhjet parlamentare dhe lokale t\u00eb cilat t\u00eb jen\u00eb t\u00eb ligjshme dhe demokratike, kjo duhet t\u00eb jet\u00eb e qart\u00eb p\u00ebr t\u00eb gjith\u00eb shqiptar\u00ebt, varet plot\u00ebsisht prej tyre,<\/em><\/p>\n<p><em>\u2013 nj\u00eb qeveri kalimtare, deri n\u00eb zgjedhjet e reja, t\u00eb zbatimit t\u00eb unitetit komb\u00ebtar<\/em><\/p>\n<p><em>\u2013 qeveria e tanishme Rama duhet t\u00eb jap\u00eb dor\u00ebheqjen ose t\u00eb shp\u00ebrb\u00ebhet p\u00ebr shkak t\u00eb urgjenc\u00ebs legjislative,<\/em><\/p>\n<p><em>\u2013 sundimi i ligjit dhe demokracia duhet t\u00eb rivendosen nga qeveria kalimtare,<\/em><\/p>\n<p><em>\u2013 T\u00eb hiqet imuniteti i politikan\u00ebve si Balla, Rama dhe t\u00eb tjer\u00eb q\u00eb ka t\u00eb ngjar\u00eb t\u00eb jen\u00eb p\u00ebrgjegj\u00ebs p\u00ebr manipulimin e zgjedhjeve parlamentare 2016\/2017 dhe mbajtjen e zgjedhjeve lokale t\u00eb paligjshme 2019 dhe t\u00eb kryhen hetime objektive\u201d, p<\/em>\u00ebrfundon shkrimi i Henze.<\/p>\n<div id=\"attachment_24562\" style=\"width: 870px\" class=\"wp-caption alignnone\"><img data-recalc-dims=\"1\" loading=\"lazy\" decoding=\"async\" aria-describedby=\"caption-attachment-24562\" data-attachment-id=\"24562\" data-permalink=\"https:\/\/www.shqiperia.com\/blog\/keshilltari-i-merkel-shigjeton-taulant-ballen-interesante-si-nuk-eshte-arrestuar-ende-ka-lidhje-me-mafian\/60507960_10157397725707664_2769952244596998144_n-copy-7\/\" data-orig-file=\"https:\/\/i0.wp.com\/www.shqiperia.com\/blog\/wp-content\/uploads\/2019\/08\/60507960_10157397725707664_2769952244596998144_n-Copy-1.jpg?fit=650%2C361&amp;ssl=1\" data-orig-size=\"650,361\" data-comments-opened=\"1\" data-image-meta=\"{&quot;aperture&quot;:&quot;0&quot;,&quot;credit&quot;:&quot;&quot;,&quot;camera&quot;:&quot;&quot;,&quot;caption&quot;:&quot;&quot;,&quot;created_timestamp&quot;:&quot;0&quot;,&quot;copyright&quot;:&quot;&quot;,&quot;focal_length&quot;:&quot;0&quot;,&quot;iso&quot;:&quot;0&quot;,&quot;shutter_speed&quot;:&quot;0&quot;,&quot;title&quot;:&quot;&quot;,&quot;orientation&quot;:&quot;0&quot;}\" data-image-title=\"Bunkeri i fundit\" data-image-description=\"\" data-image-caption=\"&lt;p&gt;Bunkeri i fundit&lt;\/p&gt;\n\" data-medium-file=\"https:\/\/i0.wp.com\/www.shqiperia.com\/blog\/wp-content\/uploads\/2019\/08\/60507960_10157397725707664_2769952244596998144_n-Copy-1.jpg?fit=300%2C167&amp;ssl=1\" data-large-file=\"https:\/\/i0.wp.com\/www.shqiperia.com\/blog\/wp-content\/uploads\/2019\/08\/60507960_10157397725707664_2769952244596998144_n-Copy-1.jpg?fit=650%2C361&amp;ssl=1\" class=\" wp-image-24562\" alt=\"\" src=\"https:\/\/i0.wp.com\/www.shqiperia.com\/blog\/wp-content\/uploads\/2019\/08\/60507960_10157397725707664_2769952244596998144_n-Copy-1.jpg?resize=860%2C479&#038;ssl=1\" width=\"860\" height=\"479\" srcset=\"https:\/\/i0.wp.com\/www.shqiperia.com\/blog\/wp-content\/uploads\/2019\/08\/60507960_10157397725707664_2769952244596998144_n-Copy-1.jpg?resize=300%2C167&amp;ssl=1 300w, https:\/\/i0.wp.com\/www.shqiperia.com\/blog\/wp-content\/uploads\/2019\/08\/60507960_10157397725707664_2769952244596998144_n-Copy-1.jpg?resize=450%2C250&amp;ssl=1 450w, https:\/\/i0.wp.com\/www.shqiperia.com\/blog\/wp-content\/uploads\/2019\/08\/60507960_10157397725707664_2769952244596998144_n-Copy-1.jpg?resize=600%2C333&amp;ssl=1 600w, https:\/\/i0.wp.com\/www.shqiperia.com\/blog\/wp-content\/uploads\/2019\/08\/60507960_10157397725707664_2769952244596998144_n-Copy-1.jpg?resize=400%2C222&amp;ssl=1 400w, https:\/\/i0.wp.com\/www.shqiperia.com\/blog\/wp-content\/uploads\/2019\/08\/60507960_10157397725707664_2769952244596998144_n-Copy-1.jpg?w=650&amp;ssl=1 650w\" sizes=\"auto, (max-width: 860px) 100vw, 860px\" \/><p id=\"caption-attachment-24562\" class=\"wp-caption-text\">Bunkeri i fundit<\/p><\/div>\n","protected":false},"excerpt":{"rendered":"<p>K\u00ebshilltari i Merkel shigjeton Taulant Ball\u00ebn: &#8211; Interesante si nuk \u00ebsht\u00eb arrestuar ende, ka lidhje me mafian! K\u00ebshilltari i kancelares Angela Merkel, dhe nj\u00ebher\u00ebsh hartuesi i programit ekonomik p\u00ebr PD-m\u00eb Martin Henze ka b\u00ebr\u00eb nj\u00eb\u00a0shkrim mjaft t\u00eb fort\u00eb\u00a0s\u00eb fundi, ku akuzon Taulant Ball\u00ebn p\u00ebr lidhje me krimin. Henze deklaron se ka dyshime se Balla \u00ebsht\u00eb [&hellip;]<\/p>\n","protected":false},"author":9,"featured_media":24561,"comment_status":"open","ping_status":"open","sticky":false,"template":"","format":"standard","meta":{"jetpack_post_was_ever_published":false,"_jetpack_newsletter_access":"","_jetpack_dont_email_post_to_subs":false,"_jetpack_newsletter_tier_id":0,"_jetpack_memberships_contains_paywalled_content":false,"_jetpack_memberships_contains_paid_content":false,"footnotes":"","jetpack_publicize_message":"","jetpack_publicize_feature_enabled":true,"jetpack_social_post_already_shared":true,"jetpack_social_options":{"image_generator_settings":{"template":"highway","default_image_id":0,"font":"","enabled":false},"version":2}},"categories":[27,35],"tags":[],"class_list":["post-24560","post","type-post","status-publish","format-standard","has-post-thumbnail","hentry","category-blogu-i-udhetarit","category-shoqerore"],"jetpack_publicize_connections":[],"jetpack_featured_media_url":"https:\/\/i0.wp.com\/www.shqiperia.com\/blog\/wp-content\/uploads\/2019\/08\/60507960_10157397725707664_2769952244596998144_n-Copy.jpg?fit=650%2C361&ssl=1","jetpack_sharing_enabled":true,"jetpack_shortlink":"https:\/\/wp.me\/p5Z6wp-6o8","jetpack-related-posts":[{"id":103950,"url":"https:\/\/www.shqiperia.com\/blog\/dosje-ne-spak-per-taulant-ballen-fshehje-pasurie-pastrim-parash-dhe-korrupsion-ja-dokumenti-qe-mund-te-hape\/","url_meta":{"origin":24560,"position":0},"title":"Dosje n\u00eb SPAK p\u00ebr Taulant Ball\u00ebn, fshehje pasurie, pastrim parash dhe korrupsion, ja dokumenti q\u00eb mund t\u00eb hap\u00eb\u2026","author":"Kurt Farka","date":"August 7, 2026","format":false,"excerpt":"7 Gusht 2026 Kreu i Grupit Parlamentar t\u00eb Partis\u00eb Socialiste, Taulant Balla, dyshohet p\u00ebr fshehje pasurie, pastrim parash dhe korrupsion. Nj\u00eb prej organizator\u00ebve t\u00eb protestave qytetare n\u00eb Tiran\u00eb, Gentian Progni, ka publikuar n\u00eb rrjetet sociale nj\u00eb faksimile t\u00eb nj\u00eb dokumenti, ku shfaqet, mes t\u00eb tjer\u00ebve, edhe emri i Taulant Ball\u00ebs.\u2026","rel":"","context":"In &quot;Blogu i Udh\u00ebtarit&quot;","block_context":{"text":"Blogu i Udh\u00ebtarit","link":"https:\/\/www.shqiperia.com\/blog\/category\/blogu-i-udhetarit\/"},"img":{"alt_text":"","src":"https:\/\/i0.wp.com\/www.shqiperia.com\/blog\/wp-content\/uploads\/2026\/08\/foto-3-balla-spak-AI-1140x570-1.jpg?fit=1140%2C570&ssl=1&resize=350%2C200","width":350,"height":200,"srcset":"https:\/\/i0.wp.com\/www.shqiperia.com\/blog\/wp-content\/uploads\/2026\/08\/foto-3-balla-spak-AI-1140x570-1.jpg?fit=1140%2C570&ssl=1&resize=350%2C200 1x, https:\/\/i0.wp.com\/www.shqiperia.com\/blog\/wp-content\/uploads\/2026\/08\/foto-3-balla-spak-AI-1140x570-1.jpg?fit=1140%2C570&ssl=1&resize=525%2C300 1.5x, https:\/\/i0.wp.com\/www.shqiperia.com\/blog\/wp-content\/uploads\/2026\/08\/foto-3-balla-spak-AI-1140x570-1.jpg?fit=1140%2C570&ssl=1&resize=700%2C400 2x, https:\/\/i0.wp.com\/www.shqiperia.com\/blog\/wp-content\/uploads\/2026\/08\/foto-3-balla-spak-AI-1140x570-1.jpg?fit=1140%2C570&ssl=1&resize=1050%2C600 3x"},"classes":[]},{"id":104678,"url":"https:\/\/www.shqiperia.com\/blog\/dosje-e-re-ne-spak-per-taulant-ballen-dhe-ulsi-manjen-si-nderhyne-ne-sistemin-tims-ja-lidhjet-me-ish-shefin-e-operacionales-dhe-fatmir-xhafen-ne-loje-10-milione-dollare\/","url_meta":{"origin":24560,"position":1},"title":"Dosje e re n\u00eb SPAK p\u00ebr Taulant Ball\u00ebn dhe Ulsi Manj\u00ebn, si nd\u00ebrhyn\u00eb n\u00eb sistemin TIMS, ja lidhjet me ish-shefin e Operacionales dhe Fatmir Xhaf\u00ebn, n\u00eb loj\u00eb 10 milion\u00eb dollar\u00eb","author":"Kurt Farka","date":"August 18, 2026","format":false,"excerpt":"18 Gusht 2026 Avokatja e njohur, Adriana Kalaja ka njoftuar dje se do t\u00eb paraqitet sot, m\u00eb 18 gusht, n\u00eb or\u00ebn 11:00 pran\u00eb Prokuroris\u00eb s\u00eb Posa\u00e7me (SPAK), ku thot\u00eb se do t\u00eb depozitoj\u00eb nj\u00eb kall\u00ebzim shtes\u00eb dhe prova t\u00eb reja. N\u00eb nj\u00eb postim n\u00eb \u201cFacebook\u201d, Kalaja ironizon SPAK-un, duke e\u2026","rel":"","context":"In &quot;Blogu i Udh\u00ebtarit&quot;","block_context":{"text":"Blogu i Udh\u00ebtarit","link":"https:\/\/www.shqiperia.com\/blog\/category\/blogu-i-udhetarit\/"},"img":{"alt_text":"","src":"https:\/\/i0.wp.com\/www.shqiperia.com\/blog\/wp-content\/uploads\/2026\/08\/800-0-foto-2-6a841ae65edc8.jpg?fit=800%2C532&ssl=1&resize=350%2C200","width":350,"height":200,"srcset":"https:\/\/i0.wp.com\/www.shqiperia.com\/blog\/wp-content\/uploads\/2026\/08\/800-0-foto-2-6a841ae65edc8.jpg?fit=800%2C532&ssl=1&resize=350%2C200 1x, https:\/\/i0.wp.com\/www.shqiperia.com\/blog\/wp-content\/uploads\/2026\/08\/800-0-foto-2-6a841ae65edc8.jpg?fit=800%2C532&ssl=1&resize=525%2C300 1.5x, https:\/\/i0.wp.com\/www.shqiperia.com\/blog\/wp-content\/uploads\/2026\/08\/800-0-foto-2-6a841ae65edc8.jpg?fit=800%2C532&ssl=1&resize=700%2C400 2x"},"classes":[]},{"id":103150,"url":"https:\/\/www.shqiperia.com\/blog\/dosja-e-zeze-e-taulant-balles-nga-akuzat-per-nderhyrje-ne-polici-pergjime-me-krimin-ne-elbasan-asgjesim-provash\/","url_meta":{"origin":24560,"position":2},"title":"\u201cDosja e zez\u00eb\u201d e Taulant Ball\u00ebs, nga akuzat p\u00ebr nd\u00ebrhyrje n\u00eb polici, p\u00ebrgjime me krimin n\u00eb Elbasan, asgj\u00ebsim provash\u2026","author":"Kurt Farka","date":"July 23, 2026","format":false,"excerpt":"23 Korrik 2026 Emri i Taulant Ball\u00ebs vijon t\u00eb jet\u00eb n\u00eb qend\u00ebr t\u00eb debatit publik, i shoq\u00ebruar nga nj\u00eb s\u00ebr\u00eb akuzash dhe \u00e7\u00ebshtjesh q\u00eb kan\u00eb b\u00ebr\u00eb jehon\u00eb nd\u00ebr vite. Nga pretendimet p\u00ebr lidhje me biznesmenin Edmond Bego, akuzat p\u00ebr nd\u00ebrhyrje n\u00eb polici dhe drejt\u00ebsi, p\u00ebrgjimet me grupe kriminale n\u00eb Elbasan,\u2026","rel":"","context":"In &quot;Blogu i Udh\u00ebtarit&quot;","block_context":{"text":"Blogu i Udh\u00ebtarit","link":"https:\/\/www.shqiperia.com\/blog\/category\/blogu-i-udhetarit\/"},"img":{"alt_text":"","src":"https:\/\/i0.wp.com\/www.shqiperia.com\/blog\/wp-content\/uploads\/2026\/07\/taulant-balla-1068x712-1.jpeg?fit=1068%2C712&ssl=1&resize=350%2C200","width":350,"height":200,"srcset":"https:\/\/i0.wp.com\/www.shqiperia.com\/blog\/wp-content\/uploads\/2026\/07\/taulant-balla-1068x712-1.jpeg?fit=1068%2C712&ssl=1&resize=350%2C200 1x, https:\/\/i0.wp.com\/www.shqiperia.com\/blog\/wp-content\/uploads\/2026\/07\/taulant-balla-1068x712-1.jpeg?fit=1068%2C712&ssl=1&resize=525%2C300 1.5x, https:\/\/i0.wp.com\/www.shqiperia.com\/blog\/wp-content\/uploads\/2026\/07\/taulant-balla-1068x712-1.jpeg?fit=1068%2C712&ssl=1&resize=700%2C400 2x, https:\/\/i0.wp.com\/www.shqiperia.com\/blog\/wp-content\/uploads\/2026\/07\/taulant-balla-1068x712-1.jpeg?fit=1068%2C712&ssl=1&resize=1050%2C600 3x"},"classes":[]},{"id":104855,"url":"https:\/\/www.shqiperia.com\/blog\/zjarrfikesja-shuan-zjarret-ne-shba-taulant-balla-e-reklamon-videon-si-ne-shqiperi\/","url_meta":{"origin":24560,"position":3},"title":"Zjarrfik\u00ebsja shuan zjarret n\u00eb SHBA, Taulant Balla e reklamon videon si n\u00eb Shqip\u00ebri","author":"Kurt Farka","date":"August 20, 2026","format":false,"excerpt":"20 Gusht 2026 Nj\u00eb pamje e shp\u00ebrndar\u00eb dit\u00ebn e djeshme nga Kreu i Grupit Parlamentar t\u00eb PS-s\u00eb Taulant Balla, ku shihet nj\u00eb helikopter zjarrfik\u00ebs duke shuar zjarret ka b\u00ebr\u00eb xhiron e rrjetit. Deri k\u00ebtu \u00e7do gj\u00eb \u00ebsht\u00eb normale, pasi helikopteri dhe zjarrfik\u00ebsit n\u00eb fjal\u00eb po b\u00ebjn\u00eb pun\u00ebn e tyre. Por\u2026","rel":"","context":"In &quot;Blogu i Udh\u00ebtarit&quot;","block_context":{"text":"Blogu i Udh\u00ebtarit","link":"https:\/\/www.shqiperia.com\/blog\/category\/blogu-i-udhetarit\/"},"img":{"alt_text":"","src":"https:\/\/i0.wp.com\/www.shqiperia.com\/blog\/wp-content\/uploads\/2026\/08\/wmremove-transformed-1.webp?fit=640%2C427&ssl=1&resize=350%2C200","width":350,"height":200,"srcset":"https:\/\/i0.wp.com\/www.shqiperia.com\/blog\/wp-content\/uploads\/2026\/08\/wmremove-transformed-1.webp?fit=640%2C427&ssl=1&resize=350%2C200 1x, https:\/\/i0.wp.com\/www.shqiperia.com\/blog\/wp-content\/uploads\/2026\/08\/wmremove-transformed-1.webp?fit=640%2C427&ssl=1&resize=525%2C300 1.5x"},"classes":[]},{"id":101212,"url":"https:\/\/www.shqiperia.com\/blog\/skandal-i-rende-taulant-balla-sulmon-grupin-e-xhirimit-te-reuters-po-keto-serbe-cfare-duan-ne-zvernec\/","url_meta":{"origin":24560,"position":4},"title":"Skandal i r\u00ebnd\u00eb, Taulant Balla sulmon grupin e xhirimit t\u00eb Reuters: &#8211; Po k\u00ebto serb\u00eb \u00e7far\u00eb duan n\u00eb Zv\u00ebrnec","author":"Kurt Farka","date":"June 6, 2026","format":false,"excerpt":"6 Qershor 2026 Nd\u00ebrkoh\u00eb q\u00eb protesta e qytetar\u00ebve kund\u00ebr qeveris\u00eb Rama po merr p\u00ebrmasa gjithnj\u00eb e m\u00eb t\u00eb m\u00ebdha, socialist\u00ebt po gjejn\u00eb veten t\u00eb kapur mes frik\u00ebs dhe improvizimit. Sot, kjo frik\u00eb prodhoi nj\u00eb nd\u00ebr skandalet m\u00eb t\u00eb r\u00ebnda t\u00eb komunikimit politik: Taulant Balla, ish-minist\u00ebr, aktualisht kryetar i grupit parlamentar\u2026","rel":"","context":"In &quot;Blogu i Udh\u00ebtarit&quot;","block_context":{"text":"Blogu i Udh\u00ebtarit","link":"https:\/\/www.shqiperia.com\/blog\/category\/blogu-i-udhetarit\/"},"img":{"alt_text":"","src":"https:\/\/i0.wp.com\/www.shqiperia.com\/blog\/wp-content\/uploads\/2026\/06\/taulant-balla.jpg?fit=819%2C455&ssl=1&resize=350%2C200","width":350,"height":200,"srcset":"https:\/\/i0.wp.com\/www.shqiperia.com\/blog\/wp-content\/uploads\/2026\/06\/taulant-balla.jpg?fit=819%2C455&ssl=1&resize=350%2C200 1x, https:\/\/i0.wp.com\/www.shqiperia.com\/blog\/wp-content\/uploads\/2026\/06\/taulant-balla.jpg?fit=819%2C455&ssl=1&resize=525%2C300 1.5x, https:\/\/i0.wp.com\/www.shqiperia.com\/blog\/wp-content\/uploads\/2026\/06\/taulant-balla.jpg?fit=819%2C455&ssl=1&resize=700%2C400 2x"},"classes":[]},{"id":104631,"url":"https:\/\/www.shqiperia.com\/blog\/krijohet-komisioni-balla-viktima-e-pare-do-jete-niko-peleshi-ska-bere-statuse-kunder-protestave\/","url_meta":{"origin":24560,"position":5},"title":"Krijohet komisioni \u201cBalla\u201d, \u2018viktima\u2019 e par\u00eb do jet\u00eb Niko Peleshi! &#8211; S\u2019ka b\u00ebr\u00eb statuse kund\u00ebr protestave","author":"Kurt Farka","date":"August 17, 2026","format":false,"excerpt":"17 Gusht 2026 N\u00eb konference me gazetar\u00ebt, Berisha tha se \u00ebsht\u00eb krijuar nj\u00eb struktur\u00eb q\u00eb ai e cil\u00ebsoi me ironi si \u201cKomisioni Balla\u201d. Sipas tij, ky komision po kontrollon statuset n\u00eb rrjetet sociale t\u00eb p\u00ebrfaq\u00ebsuesve t\u00eb qeveris\u00ebse, me synimin p\u00ebr t\u00eb identifikuar personat q\u00eb nuk kan\u00eb b\u00ebr\u00eb postime kund\u00ebr l\u00ebvizjes\u2026","rel":"","context":"In &quot;Blogu i Udh\u00ebtarit&quot;","block_context":{"text":"Blogu i Udh\u00ebtarit","link":"https:\/\/www.shqiperia.com\/blog\/category\/blogu-i-udhetarit\/"},"img":{"alt_text":"","src":"https:\/\/i0.wp.com\/www.shqiperia.com\/blog\/wp-content\/uploads\/2026\/08\/OIP.webp?fit=474%2C316&ssl=1&resize=350%2C200","width":350,"height":200},"classes":[]}],"_links":{"self":[{"href":"https:\/\/www.shqiperia.com\/blog\/wp-json\/wp\/v2\/posts\/24560","targetHints":{"allow":["GET"]}}],"collection":[{"href":"https:\/\/www.shqiperia.com\/blog\/wp-json\/wp\/v2\/posts"}],"about":[{"href":"https:\/\/www.shqiperia.com\/blog\/wp-json\/wp\/v2\/types\/post"}],"author":[{"embeddable":true,"href":"https:\/\/www.shqiperia.com\/blog\/wp-json\/wp\/v2\/users\/9"}],"replies":[{"embeddable":true,"href":"https:\/\/www.shqiperia.com\/blog\/wp-json\/wp\/v2\/comments?post=24560"}],"version-history":[{"count":1,"href":"https:\/\/www.shqiperia.com\/blog\/wp-json\/wp\/v2\/posts\/24560\/revisions"}],"predecessor-version":[{"id":24563,"href":"https:\/\/www.shqiperia.com\/blog\/wp-json\/wp\/v2\/posts\/24560\/revisions\/24563"}],"wp:featuredmedia":[{"embeddable":true,"href":"https:\/\/www.shqiperia.com\/blog\/wp-json\/wp\/v2\/media\/24561"}],"wp:attachment":[{"href":"https:\/\/www.shqiperia.com\/blog\/wp-json\/wp\/v2\/media?parent=24560"}],"wp:term":[{"taxonomy":"category","embeddable":true,"href":"https:\/\/www.shqiperia.com\/blog\/wp-json\/wp\/v2\/categories?post=24560"},{"taxonomy":"post_tag","embeddable":true,"href":"https:\/\/www.shqiperia.com\/blog\/wp-json\/wp\/v2\/tags?post=24560"}],"curies":[{"name":"wp","href":"https:\/\/api.w.org\/{rel}","templated":true}]}}