{"id":24550,"date":"2019-08-09T11:47:42","date_gmt":"2019-08-09T11:47:42","guid":{"rendered":"https:\/\/www.shqiperia.com\/blog\/?p=24550"},"modified":"2019-08-09T11:48:24","modified_gmt":"2019-08-09T11:48:24","slug":"para-200-vitesh-francezet-mesonin-per-shqiptaret-qe-ne-abetare-e-tyre","status":"publish","type":"post","link":"https:\/\/www.shqiperia.com\/blog\/para-200-vitesh-francezet-mesonin-per-shqiptaret-qe-ne-abetare-e-tyre\/","title":{"rendered":"Para 200 vitesh, francez\u00ebt m\u00ebsonin p\u00ebr shqiptar\u00ebt q\u00eb n\u00eb abetare e tyre."},"content":{"rendered":"<p><img data-recalc-dims=\"1\" loading=\"lazy\" decoding=\"async\" data-attachment-id=\"24551\" data-permalink=\"https:\/\/www.shqiperia.com\/blog\/para-200-vitesh-francezet-mesonin-per-shqiptaret-qe-ne-abetare-e-tyre\/albanais-03-copy\/\" data-orig-file=\"https:\/\/i0.wp.com\/www.shqiperia.com\/blog\/wp-content\/uploads\/2019\/08\/Albanais-03-Copy.jpg?fit=710%2C383&amp;ssl=1\" data-orig-size=\"710,383\" data-comments-opened=\"1\" data-image-meta=\"{&quot;aperture&quot;:&quot;0&quot;,&quot;credit&quot;:&quot;&quot;,&quot;camera&quot;:&quot;&quot;,&quot;caption&quot;:&quot;&quot;,&quot;created_timestamp&quot;:&quot;0&quot;,&quot;copyright&quot;:&quot;&quot;,&quot;focal_length&quot;:&quot;0&quot;,&quot;iso&quot;:&quot;0&quot;,&quot;shutter_speed&quot;:&quot;0&quot;,&quot;title&quot;:&quot;&quot;,&quot;orientation&quot;:&quot;0&quot;}\" data-image-title=\"Albanais-03 &#8211; Copy\" data-image-description=\"\" data-image-caption=\"\" data-medium-file=\"https:\/\/i0.wp.com\/www.shqiperia.com\/blog\/wp-content\/uploads\/2019\/08\/Albanais-03-Copy.jpg?fit=300%2C162&amp;ssl=1\" data-large-file=\"https:\/\/i0.wp.com\/www.shqiperia.com\/blog\/wp-content\/uploads\/2019\/08\/Albanais-03-Copy.jpg?fit=710%2C383&amp;ssl=1\" class=\"alignnone wp-image-24551\" alt=\"\" src=\"https:\/\/i0.wp.com\/www.shqiperia.com\/blog\/wp-content\/uploads\/2019\/08\/Albanais-03-Copy.jpg?resize=633%2C342&#038;ssl=1\" width=\"633\" height=\"342\" srcset=\"https:\/\/i0.wp.com\/www.shqiperia.com\/blog\/wp-content\/uploads\/2019\/08\/Albanais-03-Copy.jpg?resize=300%2C162&amp;ssl=1 300w, https:\/\/i0.wp.com\/www.shqiperia.com\/blog\/wp-content\/uploads\/2019\/08\/Albanais-03-Copy.jpg?resize=450%2C243&amp;ssl=1 450w, https:\/\/i0.wp.com\/www.shqiperia.com\/blog\/wp-content\/uploads\/2019\/08\/Albanais-03-Copy.jpg?resize=600%2C324&amp;ssl=1 600w, https:\/\/i0.wp.com\/www.shqiperia.com\/blog\/wp-content\/uploads\/2019\/08\/Albanais-03-Copy.jpg?resize=400%2C216&amp;ssl=1 400w, https:\/\/i0.wp.com\/www.shqiperia.com\/blog\/wp-content\/uploads\/2019\/08\/Albanais-03-Copy.jpg?w=710&amp;ssl=1 710w\" sizes=\"auto, (max-width: 633px) 100vw, 633px\" \/><\/p>\n<p>Para 200 vitesh, francez\u00ebt m\u00ebsonin p\u00ebr shqiptar\u00ebt q\u00eb n\u00eb abetare e tyre.<\/p>\n<p><strong>Studiuesi Armand Plaka ka publikuar disa faqe nga abetarja franceze e fillim t\u00eb shekullit XIX.<\/strong><\/p>\n<p>\u201cShqiptari si motiv i njohur p\u00ebr t\u2019u marre n\u00eb konsiderat\u00eb n\u00eb tekstet e abetaret franceze te fillimshekullit t\u00eb 19-t\u00eb, sikurse na d\u00ebshmon ky botim me 50 faqe i nj\u00eb sht\u00ebpie botuese n\u00eb kryeqytetin francez (Martinet \u2013 Paris), me autor J.J.Castor. Shqiptari paraqitet si ilustrim p\u00ebr germen A ( Albanais)<\/p>\n<p style=\"line-height: 19.5pt;background: white;margin: 0in 0in 19.5pt 0in\"><span style=\"font-size: 11.5pt;font-family: 'Verdana','sans-serif';color: #222222\">sikurse edhe arma, p\u00ebrkrah shum\u00eb objekteve e em\u00ebrtimeve t\u00eb tjera q\u00eb konsiderohen gjer\u00ebsisht t\u00eb njohura kur b\u00ebhet fjal\u00eb p\u00ebr tekstet e abetaret e f\u00ebmij\u00ebve\u201d,<\/span><\/p>\n<p><img data-recalc-dims=\"1\" loading=\"lazy\" decoding=\"async\" data-attachment-id=\"24552\" data-permalink=\"https:\/\/www.shqiperia.com\/blog\/para-200-vitesh-francezet-mesonin-per-shqiptaret-qe-ne-abetare-e-tyre\/albanais-01\/\" data-orig-file=\"https:\/\/i0.wp.com\/www.shqiperia.com\/blog\/wp-content\/uploads\/2019\/08\/Albanais-01.jpg?fit=156%2C282&amp;ssl=1\" data-orig-size=\"156,282\" data-comments-opened=\"1\" data-image-meta=\"{&quot;aperture&quot;:&quot;0&quot;,&quot;credit&quot;:&quot;&quot;,&quot;camera&quot;:&quot;&quot;,&quot;caption&quot;:&quot;&quot;,&quot;created_timestamp&quot;:&quot;0&quot;,&quot;copyright&quot;:&quot;&quot;,&quot;focal_length&quot;:&quot;0&quot;,&quot;iso&quot;:&quot;0&quot;,&quot;shutter_speed&quot;:&quot;0&quot;,&quot;title&quot;:&quot;&quot;,&quot;orientation&quot;:&quot;0&quot;}\" data-image-title=\"Albanais-01\" data-image-description=\"\" data-image-caption=\"\" data-medium-file=\"https:\/\/i0.wp.com\/www.shqiperia.com\/blog\/wp-content\/uploads\/2019\/08\/Albanais-01.jpg?fit=156%2C282&amp;ssl=1\" data-large-file=\"https:\/\/i0.wp.com\/www.shqiperia.com\/blog\/wp-content\/uploads\/2019\/08\/Albanais-01.jpg?fit=156%2C282&amp;ssl=1\" class=\"alignnone wp-image-24552\" alt=\"\" src=\"https:\/\/i0.wp.com\/www.shqiperia.com\/blog\/wp-content\/uploads\/2019\/08\/Albanais-01.jpg?resize=363%2C656&#038;ssl=1\" width=\"363\" height=\"656\" \/> <img data-recalc-dims=\"1\" loading=\"lazy\" decoding=\"async\" data-attachment-id=\"24553\" data-permalink=\"https:\/\/www.shqiperia.com\/blog\/para-200-vitesh-francezet-mesonin-per-shqiptaret-qe-ne-abetare-e-tyre\/albanais-03\/\" data-orig-file=\"https:\/\/i0.wp.com\/www.shqiperia.com\/blog\/wp-content\/uploads\/2019\/08\/Albanais-03.jpg?fit=710%2C960&amp;ssl=1\" data-orig-size=\"710,960\" data-comments-opened=\"1\" data-image-meta=\"{&quot;aperture&quot;:&quot;0&quot;,&quot;credit&quot;:&quot;&quot;,&quot;camera&quot;:&quot;&quot;,&quot;caption&quot;:&quot;&quot;,&quot;created_timestamp&quot;:&quot;0&quot;,&quot;copyright&quot;:&quot;&quot;,&quot;focal_length&quot;:&quot;0&quot;,&quot;iso&quot;:&quot;0&quot;,&quot;shutter_speed&quot;:&quot;0&quot;,&quot;title&quot;:&quot;&quot;,&quot;orientation&quot;:&quot;0&quot;}\" data-image-title=\"Albanais-03\" data-image-description=\"\" data-image-caption=\"\" data-medium-file=\"https:\/\/i0.wp.com\/www.shqiperia.com\/blog\/wp-content\/uploads\/2019\/08\/Albanais-03.jpg?fit=222%2C300&amp;ssl=1\" data-large-file=\"https:\/\/i0.wp.com\/www.shqiperia.com\/blog\/wp-content\/uploads\/2019\/08\/Albanais-03.jpg?fit=710%2C960&amp;ssl=1\" class=\"alignnone wp-image-24553\" alt=\"\" src=\"https:\/\/i0.wp.com\/www.shqiperia.com\/blog\/wp-content\/uploads\/2019\/08\/Albanais-03.jpg?resize=479%2C647&#038;ssl=1\" width=\"479\" height=\"647\" srcset=\"https:\/\/i0.wp.com\/www.shqiperia.com\/blog\/wp-content\/uploads\/2019\/08\/Albanais-03.jpg?resize=222%2C300&amp;ssl=1 222w, https:\/\/i0.wp.com\/www.shqiperia.com\/blog\/wp-content\/uploads\/2019\/08\/Albanais-03.jpg?resize=450%2C608&amp;ssl=1 450w, https:\/\/i0.wp.com\/www.shqiperia.com\/blog\/wp-content\/uploads\/2019\/08\/Albanais-03.jpg?resize=600%2C811&amp;ssl=1 600w, https:\/\/i0.wp.com\/www.shqiperia.com\/blog\/wp-content\/uploads\/2019\/08\/Albanais-03.jpg?resize=400%2C541&amp;ssl=1 400w, https:\/\/i0.wp.com\/www.shqiperia.com\/blog\/wp-content\/uploads\/2019\/08\/Albanais-03.jpg?w=710&amp;ssl=1 710w\" sizes=\"auto, (max-width: 479px) 100vw, 479px\" \/><\/p>\n","protected":false},"excerpt":{"rendered":"<p>Para 200 vitesh, francez\u00ebt m\u00ebsonin p\u00ebr shqiptar\u00ebt q\u00eb n\u00eb abetare e tyre. Studiuesi Armand Plaka ka publikuar disa faqe nga abetarja franceze e fillim t\u00eb shekullit XIX. \u201cShqiptari si motiv i njohur p\u00ebr t\u2019u marre n\u00eb konsiderat\u00eb n\u00eb tekstet e abetaret franceze te fillimshekullit t\u00eb 19-t\u00eb, sikurse na d\u00ebshmon ky botim me 50 faqe i [&hellip;]<\/p>\n","protected":false},"author":9,"featured_media":24551,"comment_status":"open","ping_status":"open","sticky":false,"template":"","format":"standard","meta":{"jetpack_post_was_ever_published":false,"_jetpack_newsletter_access":"","_jetpack_dont_email_post_to_subs":false,"_jetpack_newsletter_tier_id":0,"_jetpack_memberships_contains_paywalled_content":false,"_jetpack_memberships_contains_paid_content":false,"footnotes":"","jetpack_publicize_message":"","jetpack_publicize_feature_enabled":true,"jetpack_social_post_already_shared":true,"jetpack_social_options":{"image_generator_settings":{"template":"highway","default_image_id":0,"font":"","enabled":false},"version":2}},"categories":[27,85,14],"tags":[],"class_list":["post-24550","post","type-post","status-publish","format-standard","has-post-thumbnail","hentry","category-blogu-i-udhetarit","category-histori","category-press-releases"],"jetpack_publicize_connections":[],"jetpack_featured_media_url":"https:\/\/i0.wp.com\/www.shqiperia.com\/blog\/wp-content\/uploads\/2019\/08\/Albanais-03-Copy.jpg?fit=710%2C383&ssl=1","jetpack_sharing_enabled":true,"jetpack_shortlink":"https:\/\/wp.me\/p5Z6wp-6nY","jetpack-related-posts":[{"id":104717,"url":"https:\/\/www.shqiperia.com\/blog\/shqiptaret-mahnites-ne-pikturat-e-ushtarak-austriakut-rudolf-otto-von-ottenfeld\/","url_meta":{"origin":24550,"position":0},"title":"Shqiptar\u00ebt mahnit\u00ebs n\u00eb pikturat e ushtarak austriakut, Rudolf Otto von Ottenfeld","author":"Kurt Farka","date":"August 19, 2026","format":false,"excerpt":"19 Gusht 2026 Fundi i shekullit dhe fillimi i nj\u00eb tjetri, i gjen shqiptar\u00ebt n\u00eb nj\u00eb prani impresionuese n\u00eb veprat e mjeshtrave t\u00eb penelit. Trajtesa \u00ebsht\u00eb e larmishme, si\u00e7 mbetet e till\u00eb edhe gjeografia prejku ata u ngjit\u00ebn n\u00eb tablo p\u00ebr t\u2019u b\u00ebr\u00eb pjes\u00eb e thesareve t\u00eb artit dhe nj\u00eb\u2026","rel":"","context":"In &quot;Arte&quot;","block_context":{"text":"Arte","link":"https:\/\/www.shqiperia.com\/blog\/category\/arte\/"},"img":{"alt_text":"","src":"https:\/\/i0.wp.com\/www.shqiperia.com\/blog\/wp-content\/uploads\/2026\/08\/640-0-t2jpg-1787134001.jpg?fit=640%2C382&ssl=1&resize=350%2C200","width":350,"height":200,"srcset":"https:\/\/i0.wp.com\/www.shqiperia.com\/blog\/wp-content\/uploads\/2026\/08\/640-0-t2jpg-1787134001.jpg?fit=640%2C382&ssl=1&resize=350%2C200 1x, https:\/\/i0.wp.com\/www.shqiperia.com\/blog\/wp-content\/uploads\/2026\/08\/640-0-t2jpg-1787134001.jpg?fit=640%2C382&ssl=1&resize=525%2C300 1.5x"},"classes":[]},{"id":105811,"url":"https:\/\/www.shqiperia.com\/blog\/ditmir-bushati-qytetaret-kunder-modelit-grabitqar-zemerimi-ndaj-pushtetit-smund-te-shperfillet-me-protesta-hapi-debatin-se-si-eshte-qeverisur-shqiperia-kerkojne-fu\/","url_meta":{"origin":24550,"position":1},"title":"Ditmir Bushati: &#8211; Qytetar\u00ebt kund\u00ebr \u201cmodelit grabitqar\u201d, zem\u00ebrimi ndaj pushtetit s\u2019mund t\u00eb shp\u00ebrfillet m\u00eb! &#8211; Protesta hapi debatin se si \u00ebsht\u00eb qeverisur Shqip\u00ebria! &#8211; K\u00ebrkojn\u00eb fundin e korrupsionit\u2026","author":"Kurt Farka","date":"September 3, 2026","format":false,"excerpt":"3 Shtator 2026 Nga Ditmir Bushati Sikurse shum\u00eb prej revolucioneve t\u00eb Europ\u00ebs Lindore, protestat n\u00eb Shqip\u00ebri nuk nis\u00ebn me nj\u00eb fjalim politik apo me nj\u00eb plan. Ato nis\u00ebn me nj\u00eb pamje. N\u00eb maj, nj\u00eb protestues paq\u00ebsor n\u00eb fshatin bregdetar jugor t\u00eb Zv\u00ebrnecit u t\u00ebrhoq zvarr\u00eb nga roje private sigurie, nd\u00ebrsa\u2026","rel":"","context":"In &quot;Blogu i Udh\u00ebtarit&quot;","block_context":{"text":"Blogu i Udh\u00ebtarit","link":"https:\/\/www.shqiperia.com\/blog\/category\/blogu-i-udhetarit\/"},"img":{"alt_text":"","src":"https:\/\/i0.wp.com\/www.shqiperia.com\/blog\/wp-content\/uploads\/2026\/09\/img_7476.jpg?fit=900%2C481&ssl=1&resize=350%2C200","width":350,"height":200,"srcset":"https:\/\/i0.wp.com\/www.shqiperia.com\/blog\/wp-content\/uploads\/2026\/09\/img_7476.jpg?fit=900%2C481&ssl=1&resize=350%2C200 1x, https:\/\/i0.wp.com\/www.shqiperia.com\/blog\/wp-content\/uploads\/2026\/09\/img_7476.jpg?fit=900%2C481&ssl=1&resize=525%2C300 1.5x, https:\/\/i0.wp.com\/www.shqiperia.com\/blog\/wp-content\/uploads\/2026\/09\/img_7476.jpg?fit=900%2C481&ssl=1&resize=700%2C400 2x"},"classes":[]},{"id":102777,"url":"https:\/\/www.shqiperia.com\/blog\/rama-si-enver-hoxha-nuk-flet-per-kosoven\/","url_meta":{"origin":24550,"position":2},"title":"\u201cRama si Enver Hoxha, nuk flet p\u00ebr Kosov\u00ebn\u201d","author":"Kurt Farka","date":"July 16, 2026","format":false,"excerpt":"16 Korrik 2026 Deputeti i \u201cMund\u00ebsia\u201d, Erald Kapri akuzoi kryeministrin Edi Rama p\u00ebr faktin se nuk ka b\u00ebr\u00eb asnj\u00eb reagim n\u00eb lidhje me deklarat\u00ebn skandaloze t\u00eb ministres serbe \u00a0Snezhana Paunovi\u00e7 se do t\u00eb b\u00ebnte spastrim etnik n\u00eb Kosov\u00eb. N\u00eb Kuvend, ai tha se kryeministri po sillet nj\u00ebsoj sikurse Enver Hoxha,\u2026","rel":"","context":"In &quot;Blogu i Udh\u00ebtarit&quot;","block_context":{"text":"Blogu i Udh\u00ebtarit","link":"https:\/\/www.shqiperia.com\/blog\/category\/blogu-i-udhetarit\/"},"img":{"alt_text":"","src":"https:\/\/i0.wp.com\/www.shqiperia.com\/blog\/wp-content\/uploads\/2026\/07\/490749578_4163715850518353_8749168321955968330_n.jpg?fit=640%2C487&ssl=1&resize=350%2C200","width":350,"height":200,"srcset":"https:\/\/i0.wp.com\/www.shqiperia.com\/blog\/wp-content\/uploads\/2026\/07\/490749578_4163715850518353_8749168321955968330_n.jpg?fit=640%2C487&ssl=1&resize=350%2C200 1x, https:\/\/i0.wp.com\/www.shqiperia.com\/blog\/wp-content\/uploads\/2026\/07\/490749578_4163715850518353_8749168321955968330_n.jpg?fit=640%2C487&ssl=1&resize=525%2C300 1.5x"},"classes":[]},{"id":104650,"url":"https:\/\/www.shqiperia.com\/blog\/shqiptaret-e-bashkuar-pushteti-i-tmerruar-mbyllet-protesta-e-79-te\/","url_meta":{"origin":24550,"position":3},"title":"\u201cShqiptar\u00ebt e bashkuar, pushteti i tmerruar! \u2013 Mbyllet protesta e 79-t\u00eb","author":"Kurt Farka","date":"August 18, 2026","format":false,"excerpt":"18 Gusht 2026 Qytetar\u00ebt u mblodh\u00ebn pasditen e k\u00ebsaj t\u00eb h\u00ebne, p\u00ebr t\u00eb 79-t\u00ebn dit\u00eb radhazi, duke k\u00ebrkuar s\u00ebrish largimin e Kryeministrit Edi Rama, qeveris\u00eb s\u00eb tij dhe klas\u00ebs politike. Sikurse e kan\u00eb b\u00ebr\u00eb \u2018tradit\u00eb\u2019, ata u mblodh\u00ebn fillimisht n\u00eb sheshin \u201cSk\u00ebnderbej\u201d dhe marshuan drejt Bulevardit \u201cD\u00ebshmor\u00ebt e Kombit\u201d p\u00ebrpara\u2026","rel":"","context":"In &quot;Blogu i Udh\u00ebtarit&quot;","block_context":{"text":"Blogu i Udh\u00ebtarit","link":"https:\/\/www.shqiperia.com\/blog\/category\/blogu-i-udhetarit\/"},"img":{"alt_text":"","src":"https:\/\/i0.wp.com\/www.shqiperia.com\/blog\/wp-content\/uploads\/2026\/08\/800-0-img-6559-6a821aadd8dfe-1.jpeg?fit=800%2C719&ssl=1&resize=350%2C200","width":350,"height":200,"srcset":"https:\/\/i0.wp.com\/www.shqiperia.com\/blog\/wp-content\/uploads\/2026\/08\/800-0-img-6559-6a821aadd8dfe-1.jpeg?fit=800%2C719&ssl=1&resize=350%2C200 1x, https:\/\/i0.wp.com\/www.shqiperia.com\/blog\/wp-content\/uploads\/2026\/08\/800-0-img-6559-6a821aadd8dfe-1.jpeg?fit=800%2C719&ssl=1&resize=525%2C300 1.5x, https:\/\/i0.wp.com\/www.shqiperia.com\/blog\/wp-content\/uploads\/2026\/08\/800-0-img-6559-6a821aadd8dfe-1.jpeg?fit=800%2C719&ssl=1&resize=700%2C400 2x"},"classes":[]},{"id":103350,"url":"https:\/\/www.shqiperia.com\/blog\/spak-e-kerkon-per-mega-aferen-akshi-ermal-beqiri-arrestohet-per-spiunazh-ne-france\/","url_meta":{"origin":24550,"position":4},"title":"SPAK e k\u00ebrkon p\u00ebr mega-afer\u00ebn AKSHI, Ermal Beqiri arrestohet p\u00ebr spiunazh n\u00eb Franc\u00eb","author":"Kurt Farka","date":"July 28, 2026","format":false,"excerpt":"28 Korrik 2026 Nj\u00eb shtetas shqiptar \u00ebsht\u00eb ndaluar nga autoritetet franceze pasi fluturoi me nj\u00eb avion t\u00eb vog\u00ebl civil mbi centralin b\u00ebrthamor t\u00eb Penly, n\u00eb rajonin Seine-Maritime, n\u00eb nj\u00eb lart\u00ebsi m\u00eb t\u00eb ul\u00ebt se kufiri i lejuar p\u00ebr zonat e ndjeshme. Rasti po hetohet edhe p\u00ebr pist\u00ebn e mundshme t\u00eb\u2026","rel":"","context":"In &quot;Blogu i Udh\u00ebtarit&quot;","block_context":{"text":"Blogu i Udh\u00ebtarit","link":"https:\/\/www.shqiperia.com\/blog\/category\/blogu-i-udhetarit\/"},"img":{"alt_text":"","src":"https:\/\/i0.wp.com\/www.shqiperia.com\/blog\/wp-content\/uploads\/2026\/07\/Ermal-Beqiri.webp?fit=900%2C590&ssl=1&resize=350%2C200","width":350,"height":200,"srcset":"https:\/\/i0.wp.com\/www.shqiperia.com\/blog\/wp-content\/uploads\/2026\/07\/Ermal-Beqiri.webp?fit=900%2C590&ssl=1&resize=350%2C200 1x, https:\/\/i0.wp.com\/www.shqiperia.com\/blog\/wp-content\/uploads\/2026\/07\/Ermal-Beqiri.webp?fit=900%2C590&ssl=1&resize=525%2C300 1.5x, https:\/\/i0.wp.com\/www.shqiperia.com\/blog\/wp-content\/uploads\/2026\/07\/Ermal-Beqiri.webp?fit=900%2C590&ssl=1&resize=700%2C400 2x"},"classes":[]},{"id":102382,"url":"https:\/\/www.shqiperia.com\/blog\/shqiptaret-po-mbrojne-te-drejtat-e-tyre-the-guardian-protestat-masive-po-vene-ne-pikepyetje-drejtimin-e-vendit\/","url_meta":{"origin":24550,"position":5},"title":"\u201cShqiptar\u00ebt po mbrojn\u00eb t\u00eb drejtat e tyre\u201d\/ The Guardian: &#8211; Protestat masive po v\u00ebn\u00eb n\u00eb pik\u00ebpyetje drejtimin e vendit","author":"Kurt Farka","date":"July 9, 2026","format":false,"excerpt":"9 Korrik 2026 Prestigjozja britanike The Guardian i ka kushtuar nj\u00eb artikull zhvillimeve t\u00eb fundit n\u00eb vend, t\u00eb cilat lidhen me protestat masive p\u00ebrmes s\u00eb cilave \u00ebsht\u00eb k\u00ebrkuar dor\u00ebheqja e panegociueshme e kryeministrit Edi Rama. N\u00eb shkrimin e saj theksohet se shqiptar\u00ebt jan\u00eb t\u00eb zem\u00ebruar, pasi zhvillimet luksoze multimiliarda dollar\u00ebshe\u2026","rel":"","context":"In &quot;Blogu i Udh\u00ebtarit&quot;","block_context":{"text":"Blogu i Udh\u00ebtarit","link":"https:\/\/www.shqiperia.com\/blog\/category\/blogu-i-udhetarit\/"},"img":{"alt_text":"","src":"https:\/\/i0.wp.com\/www.shqiperia.com\/blog\/wp-content\/uploads\/2026\/07\/IMG_0182.jpg.png?fit=640%2C359&ssl=1&resize=350%2C200","width":350,"height":200,"srcset":"https:\/\/i0.wp.com\/www.shqiperia.com\/blog\/wp-content\/uploads\/2026\/07\/IMG_0182.jpg.png?fit=640%2C359&ssl=1&resize=350%2C200 1x, https:\/\/i0.wp.com\/www.shqiperia.com\/blog\/wp-content\/uploads\/2026\/07\/IMG_0182.jpg.png?fit=640%2C359&ssl=1&resize=525%2C300 1.5x"},"classes":[]}],"_links":{"self":[{"href":"https:\/\/www.shqiperia.com\/blog\/wp-json\/wp\/v2\/posts\/24550","targetHints":{"allow":["GET"]}}],"collection":[{"href":"https:\/\/www.shqiperia.com\/blog\/wp-json\/wp\/v2\/posts"}],"about":[{"href":"https:\/\/www.shqiperia.com\/blog\/wp-json\/wp\/v2\/types\/post"}],"author":[{"embeddable":true,"href":"https:\/\/www.shqiperia.com\/blog\/wp-json\/wp\/v2\/users\/9"}],"replies":[{"embeddable":true,"href":"https:\/\/www.shqiperia.com\/blog\/wp-json\/wp\/v2\/comments?post=24550"}],"version-history":[{"count":2,"href":"https:\/\/www.shqiperia.com\/blog\/wp-json\/wp\/v2\/posts\/24550\/revisions"}],"predecessor-version":[{"id":24555,"href":"https:\/\/www.shqiperia.com\/blog\/wp-json\/wp\/v2\/posts\/24550\/revisions\/24555"}],"wp:featuredmedia":[{"embeddable":true,"href":"https:\/\/www.shqiperia.com\/blog\/wp-json\/wp\/v2\/media\/24551"}],"wp:attachment":[{"href":"https:\/\/www.shqiperia.com\/blog\/wp-json\/wp\/v2\/media?parent=24550"}],"wp:term":[{"taxonomy":"category","embeddable":true,"href":"https:\/\/www.shqiperia.com\/blog\/wp-json\/wp\/v2\/categories?post=24550"},{"taxonomy":"post_tag","embeddable":true,"href":"https:\/\/www.shqiperia.com\/blog\/wp-json\/wp\/v2\/tags?post=24550"}],"curies":[{"name":"wp","href":"https:\/\/api.w.org\/{rel}","templated":true}]}}