{"id":24541,"date":"2019-08-09T11:22:28","date_gmt":"2019-08-09T11:22:28","guid":{"rendered":"https:\/\/www.shqiperia.com\/blog\/?p=24541"},"modified":"2019-08-09T14:37:15","modified_gmt":"2019-08-09T14:37:15","slug":"tirane-ngrihet-heshtur-nje-memorial-per-grushtin-e-shtetit-ne-turqi","status":"publish","type":"post","link":"https:\/\/www.shqiperia.com\/blog\/tirane-ngrihet-heshtur-nje-memorial-per-grushtin-e-shtetit-ne-turqi\/","title":{"rendered":"Tiran\u00eb, ngrihet heshtur nj\u00eb memorial p\u00ebr grushtin e shtetit n\u00eb Turqi"},"content":{"rendered":"<p><img data-recalc-dims=\"1\" loading=\"lazy\" decoding=\"async\" data-attachment-id=\"24545\" data-permalink=\"https:\/\/www.shqiperia.com\/blog\/tirane-ngrihet-heshtur-nje-memorial-per-grushtin-e-shtetit-ne-turqi\/turk-mem\/\" data-orig-file=\"https:\/\/i0.wp.com\/www.shqiperia.com\/blog\/wp-content\/uploads\/2019\/08\/turk-mem.png?fit=480%2C273&amp;ssl=1\" data-orig-size=\"480,273\" data-comments-opened=\"1\" data-image-meta=\"{&quot;aperture&quot;:&quot;0&quot;,&quot;credit&quot;:&quot;&quot;,&quot;camera&quot;:&quot;&quot;,&quot;caption&quot;:&quot;&quot;,&quot;created_timestamp&quot;:&quot;0&quot;,&quot;copyright&quot;:&quot;&quot;,&quot;focal_length&quot;:&quot;0&quot;,&quot;iso&quot;:&quot;0&quot;,&quot;shutter_speed&quot;:&quot;0&quot;,&quot;title&quot;:&quot;&quot;,&quot;orientation&quot;:&quot;0&quot;}\" data-image-title=\"turk-mem\" data-image-description=\"\" data-image-caption=\"\" data-medium-file=\"https:\/\/i0.wp.com\/www.shqiperia.com\/blog\/wp-content\/uploads\/2019\/08\/turk-mem.png?fit=300%2C171&amp;ssl=1\" data-large-file=\"https:\/\/i0.wp.com\/www.shqiperia.com\/blog\/wp-content\/uploads\/2019\/08\/turk-mem.png?fit=480%2C273&amp;ssl=1\" class=\"alignnone size-medium wp-image-24545\" alt=\"\" src=\"https:\/\/i0.wp.com\/www.shqiperia.com\/blog\/wp-content\/uploads\/2019\/08\/turk-mem.png?resize=300%2C171&#038;ssl=1\" width=\"300\" height=\"171\" srcset=\"https:\/\/i0.wp.com\/www.shqiperia.com\/blog\/wp-content\/uploads\/2019\/08\/turk-mem.png?resize=300%2C171&amp;ssl=1 300w, https:\/\/i0.wp.com\/www.shqiperia.com\/blog\/wp-content\/uploads\/2019\/08\/turk-mem.png?resize=450%2C256&amp;ssl=1 450w, https:\/\/i0.wp.com\/www.shqiperia.com\/blog\/wp-content\/uploads\/2019\/08\/turk-mem.png?resize=400%2C228&amp;ssl=1 400w, https:\/\/i0.wp.com\/www.shqiperia.com\/blog\/wp-content\/uploads\/2019\/08\/turk-mem.png?w=480&amp;ssl=1 480w\" sizes=\"auto, (max-width: 300px) 100vw, 300px\" \/><\/p>\n<p><strong>Tiran\u00eb, ngrihet heshtur nj\u00eb memorial p\u00ebr grushtin e shtetit n\u00eb Turqi<\/strong><\/p>\n<p>9 gusht \u00a02019<\/p>\n<p>N\u00eb Tiran\u00eb \u00ebsht\u00eb ngritur nj\u00eb memorial p\u00ebr viktimat e atij q\u00eb quhet si grusht i shtetit i 15 korrikut 2016 n\u00eb Turqi.<\/p>\n<p>Lajmi nuk \u00ebsht\u00eb pasqyruar shum\u00eb nga mediat dhe nuk ka patur as njoftime zyrtare.<\/p>\n<p>Por dje n\u00eb Tiran\u00eb ndodhi nj\u00eb marshim q\u00eb ka nisur nga sheshi \u201cN\u00ebn\u00eb Tereza\u201d dhe ka vazhduar n\u00eb kodrat e Liqenit ku \u00ebsht\u00eb vendosur memoriali.<\/p>\n<p>Portali Respublica q\u00eb ka botuar foto dhe video nga aktiviteti ngre shqet\u00ebsimin se \u201cishte nj\u00eb manifestim q\u00eb ngado q\u00eb ta shoh\u00ebsh e sido q\u00eb ta mir\u00ebkuptosh t\u00eb l\u00eb pa fjal\u00eb\u201d.<\/p>\n<p><em>\u201cNuk dihet se \u00e7far\u00eb i shton qytetit t\u00eb Tiran\u00ebs nj\u00eb memorial i till\u00eb, \u00c7far\u00eb e lidh Shqip\u00ebrin\u00eb me 15 korrikun 2016 n\u00eb Turqi dhe se \u00e7far\u00eb borxhesh i ka qeveria shqiptare Recep Erdoganit q\u00eb m\u00ebsyn n\u00eb k\u00ebt\u00eb m\u00ebnyr\u00eb me k\u00ebrkesa q\u00eb kan\u00eb forc\u00ebn e simbolit dhe sjellin mesazhe provokative q\u00eb her\u00ebt apo von\u00eb do t\u00eb minojn\u00eb at\u00eb mir\u00ebkuptim njer\u00ebzor q\u00eb ekziston mes dy popujve.<\/em><\/p>\n<p><em>Qeveria shqiptare mund t\u00eb lante borxhet ndaj Turqis\u00eb me nj\u00eb monument t\u00eb nj\u00eb figure historike, por jo duke kujtuar ngjarje politike q\u00eb jan\u00eb \u00e7\u00ebshtje e brendshme Turqis\u00eb. Sigurisht q\u00eb heshtja ndaj k\u00ebtij lajmi, nd\u00ebrkoh\u00eb q\u00eb n\u00eb Tiran\u00eb edhe Xhamia e Namazgjas\u00eb \u00ebsht\u00eb imponuar si projekt nga Erdogani, \u00ebsht\u00eb lajmi p\u00ebrmbi lajmin e memorialit dhe duhet th\u00ebn\u00eb se ndaj k\u00ebtij akti t\u00eb paprecedent nuk ka reaguar askush\u201d<\/em>\u00a0\u2013 shkruan portali.<\/p>\n<p><img data-recalc-dims=\"1\" loading=\"lazy\" decoding=\"async\" data-attachment-id=\"24547\" data-permalink=\"https:\/\/www.shqiperia.com\/blog\/tirane-ngrihet-heshtur-nje-memorial-per-grushtin-e-shtetit-ne-turqi\/turk-mem-2\/\" data-orig-file=\"https:\/\/i0.wp.com\/www.shqiperia.com\/blog\/wp-content\/uploads\/2019\/08\/turk-mem-1.png?fit=480%2C273&amp;ssl=1\" data-orig-size=\"480,273\" data-comments-opened=\"1\" data-image-meta=\"{&quot;aperture&quot;:&quot;0&quot;,&quot;credit&quot;:&quot;&quot;,&quot;camera&quot;:&quot;&quot;,&quot;caption&quot;:&quot;&quot;,&quot;created_timestamp&quot;:&quot;0&quot;,&quot;copyright&quot;:&quot;&quot;,&quot;focal_length&quot;:&quot;0&quot;,&quot;iso&quot;:&quot;0&quot;,&quot;shutter_speed&quot;:&quot;0&quot;,&quot;title&quot;:&quot;&quot;,&quot;orientation&quot;:&quot;0&quot;}\" data-image-title=\"turk-mem\" data-image-description=\"\" data-image-caption=\"\" data-medium-file=\"https:\/\/i0.wp.com\/www.shqiperia.com\/blog\/wp-content\/uploads\/2019\/08\/turk-mem-1.png?fit=300%2C171&amp;ssl=1\" data-large-file=\"https:\/\/i0.wp.com\/www.shqiperia.com\/blog\/wp-content\/uploads\/2019\/08\/turk-mem-1.png?fit=480%2C273&amp;ssl=1\" class=\"alignnone wp-image-24547\" alt=\"\" src=\"https:\/\/i0.wp.com\/www.shqiperia.com\/blog\/wp-content\/uploads\/2019\/08\/turk-mem-1.png?resize=782%2C446&#038;ssl=1\" width=\"782\" height=\"446\" srcset=\"https:\/\/i0.wp.com\/www.shqiperia.com\/blog\/wp-content\/uploads\/2019\/08\/turk-mem-1.png?resize=300%2C171&amp;ssl=1 300w, https:\/\/i0.wp.com\/www.shqiperia.com\/blog\/wp-content\/uploads\/2019\/08\/turk-mem-1.png?resize=450%2C256&amp;ssl=1 450w, https:\/\/i0.wp.com\/www.shqiperia.com\/blog\/wp-content\/uploads\/2019\/08\/turk-mem-1.png?resize=400%2C228&amp;ssl=1 400w, https:\/\/i0.wp.com\/www.shqiperia.com\/blog\/wp-content\/uploads\/2019\/08\/turk-mem-1.png?w=480&amp;ssl=1 480w\" sizes=\"auto, (max-width: 782px) 100vw, 782px\" \/><\/p>\n","protected":false},"excerpt":{"rendered":"<p>Tiran\u00eb, ngrihet heshtur nj\u00eb memorial p\u00ebr grushtin e shtetit n\u00eb Turqi 9 gusht \u00a02019 N\u00eb Tiran\u00eb \u00ebsht\u00eb ngritur nj\u00eb memorial p\u00ebr viktimat e atij q\u00eb quhet si grusht i shtetit i 15 korrikut 2016 n\u00eb Turqi. Lajmi nuk \u00ebsht\u00eb pasqyruar shum\u00eb nga mediat dhe nuk ka patur as njoftime zyrtare. Por dje n\u00eb Tiran\u00eb ndodhi [&hellip;]<\/p>\n","protected":false},"author":9,"featured_media":24545,"comment_status":"open","ping_status":"open","sticky":false,"template":"","format":"standard","meta":{"jetpack_post_was_ever_published":false,"_jetpack_newsletter_access":"","_jetpack_dont_email_post_to_subs":false,"_jetpack_newsletter_tier_id":0,"_jetpack_memberships_contains_paywalled_content":false,"_jetpack_memberships_contains_paid_content":false,"footnotes":"","jetpack_publicize_message":"","jetpack_publicize_feature_enabled":true,"jetpack_social_post_already_shared":true,"jetpack_social_options":{"image_generator_settings":{"template":"highway","default_image_id":0,"font":"","enabled":false},"version":2}},"categories":[27,1,35],"tags":[],"class_list":["post-24541","post","type-post","status-publish","format-standard","has-post-thumbnail","hentry","category-blogu-i-udhetarit","category-njoftime-shtypi","category-shoqerore"],"jetpack_publicize_connections":[],"jetpack_featured_media_url":"https:\/\/i0.wp.com\/www.shqiperia.com\/blog\/wp-content\/uploads\/2019\/08\/turk-mem.png?fit=480%2C273&ssl=1","jetpack_sharing_enabled":true,"jetpack_shortlink":"https:\/\/wp.me\/p5Z6wp-6nP","jetpack-related-posts":[{"id":101662,"url":"https:\/\/www.shqiperia.com\/blog\/lajm-arkiv-shteti-mysliman-i-rames-nje-mikroshtet-per-bektashinjte-brenda-tiranes\/","url_meta":{"origin":24541,"position":0},"title":"Lajm Arkiv: &#8211; Shteti mysliman i Rames  &#8211; Nj\u00eb mikroshtet p\u00ebr bektashinjt\u00eb brenda Tiran\u00ebs","author":"Kurt Farka","date":"June 21, 2026","format":false,"excerpt":"21 Shtator 2024 New York Times i ka kushtuar nj\u00eb artikull mund\u00ebsis\u00eb s\u00eb krijimit t\u00eb nj\u00eb shteti t\u00eb stilit t\u00eb Vatikanit n\u00eb Shqip\u00ebri. Sipas NYT kryeministri Edi Rama d\u00ebshiron t\u2019u jap\u00eb an\u00ebtar\u00ebve t\u00eb Bektashinjve enklav\u00ebn e tyre t\u00eb stilit t\u00eb Vatikanit si nj\u00eb m\u00ebnyr\u00eb p\u00ebr t\u00eb promovuar toleranc\u00ebn fetare. Kleriku\u2026","rel":"","context":"In &quot;Blogu i Udh\u00ebtarit&quot;","block_context":{"text":"Blogu i Udh\u00ebtarit","link":"https:\/\/www.shqiperia.com\/blog\/category\/blogu-i-udhetarit\/"},"img":{"alt_text":"","src":"https:\/\/i0.wp.com\/www.shqiperia.com\/blog\/wp-content\/uploads\/2026\/06\/Rama-Baba-Mondi-1.jpg?fit=753%2C450&ssl=1&resize=350%2C200","width":350,"height":200,"srcset":"https:\/\/i0.wp.com\/www.shqiperia.com\/blog\/wp-content\/uploads\/2026\/06\/Rama-Baba-Mondi-1.jpg?fit=753%2C450&ssl=1&resize=350%2C200 1x, https:\/\/i0.wp.com\/www.shqiperia.com\/blog\/wp-content\/uploads\/2026\/06\/Rama-Baba-Mondi-1.jpg?fit=753%2C450&ssl=1&resize=525%2C300 1.5x, https:\/\/i0.wp.com\/www.shqiperia.com\/blog\/wp-content\/uploads\/2026\/06\/Rama-Baba-Mondi-1.jpg?fit=753%2C450&ssl=1&resize=700%2C400 2x"},"classes":[]},{"id":101130,"url":"https:\/\/www.shqiperia.com\/blog\/elisa-spiropali-duhet-nje-marreveshje-e-re-per-shqiperine-kollaj-tu-sillesh-rrotull-protestave-te-sotme-me-fjale-boshe-dhe-konspiracione\/","url_meta":{"origin":24541,"position":1},"title":"Elisa Spiropali: &#8211; Duhet nj\u00eb marr\u00ebveshje e re p\u00ebr Shqip\u00ebrin\u00eb. &#8211; Kollaj t\u2019u sillesh rrotull protestave t\u00eb sotme me fjal\u00eb boshe dhe konspiracione\u201d.","author":"Kurt Farka","date":"June 5, 2026","format":false,"excerpt":"5 Qershor 2026 Ish-ministrja e Jashtme, Elisa Spiropali thot\u00eb se duhet nj\u00eb marr\u00ebveshje e re p\u00ebr Shqip\u00ebrin\u00eb. Duke iu referuar protestave t\u00eb nisura pes\u00eb dit\u00eb m\u00eb par\u00eb n\u00eb Zv\u00ebrnec, ajo thot\u00eb se \u00ebsht\u00eb kollaj ti sillesh rrotull me fjal\u00eb boshe dhe konspiracione. \u201cTani q\u00eb t\u00eb gjith\u00eb Makbethat vras\u00ebs dhe Hamletat\u2026","rel":"","context":"In &quot;Blogu i Udh\u00ebtarit&quot;","block_context":{"text":"Blogu i Udh\u00ebtarit","link":"https:\/\/www.shqiperia.com\/blog\/category\/blogu-i-udhetarit\/"},"img":{"alt_text":"","src":"https:\/\/i0.wp.com\/www.shqiperia.com\/blog\/wp-content\/uploads\/2026\/06\/elisa-spiropali.jpg?fit=1200%2C800&ssl=1&resize=350%2C200","width":350,"height":200,"srcset":"https:\/\/i0.wp.com\/www.shqiperia.com\/blog\/wp-content\/uploads\/2026\/06\/elisa-spiropali.jpg?fit=1200%2C800&ssl=1&resize=350%2C200 1x, https:\/\/i0.wp.com\/www.shqiperia.com\/blog\/wp-content\/uploads\/2026\/06\/elisa-spiropali.jpg?fit=1200%2C800&ssl=1&resize=525%2C300 1.5x, https:\/\/i0.wp.com\/www.shqiperia.com\/blog\/wp-content\/uploads\/2026\/06\/elisa-spiropali.jpg?fit=1200%2C800&ssl=1&resize=700%2C400 2x, https:\/\/i0.wp.com\/www.shqiperia.com\/blog\/wp-content\/uploads\/2026\/06\/elisa-spiropali.jpg?fit=1200%2C800&ssl=1&resize=1050%2C600 3x"},"classes":[]},{"id":105589,"url":"https:\/\/www.shqiperia.com\/blog\/cunami-politik-ne-tirane-grid-rroji-zbulon-planin-sekret-te-qeverise-per-te-inskenuar-trazira-ne-proteste-ja-si-po-pergatitet-perplasja-e-madhe\/","url_meta":{"origin":24541,"position":2},"title":"Cunami politik n\u00eb Tiran\u00eb, Grid Rroji zbulon planin sekret t\u00eb qeveris\u00eb p\u00ebr t\u00eb inskenuar trazira n\u00eb protest\u00eb, ja si po p\u00ebrgatitet p\u00ebrplasja e madhe","author":"Kurt Farka","date":"August 31, 2026","format":false,"excerpt":"31 Gusht 2026 Grid Rroji, pedagog i shkencave politike n\u00eb universitetin CUNY-New York n\u00eb Shtetet e Bashkuara t\u00eb Amerik\u00ebs (SHBA) ka paralajm\u00ebruar opinionin publik se kasta politike n\u00eb pushtet po zbaton skenar\u00eb t\u00eb rreziksh\u00ebm p\u00ebr t\u00eb mbajtur kontrollin e vendit dhe p\u00ebr t\u00eb shp\u00ebrqendruar v\u00ebmendjen nga skandalet e m\u00ebdha. Sipas\u2026","rel":"","context":"In &quot;Blogu i Udh\u00ebtarit&quot;","block_context":{"text":"Blogu i Udh\u00ebtarit","link":"https:\/\/www.shqiperia.com\/blog\/category\/blogu-i-udhetarit\/"},"img":{"alt_text":"","src":"https:\/\/i0.wp.com\/www.shqiperia.com\/blog\/wp-content\/uploads\/2026\/08\/800-0-foto-5-6a9539341ab63.jpg?fit=800%2C506&ssl=1&resize=350%2C200","width":350,"height":200,"srcset":"https:\/\/i0.wp.com\/www.shqiperia.com\/blog\/wp-content\/uploads\/2026\/08\/800-0-foto-5-6a9539341ab63.jpg?fit=800%2C506&ssl=1&resize=350%2C200 1x, https:\/\/i0.wp.com\/www.shqiperia.com\/blog\/wp-content\/uploads\/2026\/08\/800-0-foto-5-6a9539341ab63.jpg?fit=800%2C506&ssl=1&resize=525%2C300 1.5x, https:\/\/i0.wp.com\/www.shqiperia.com\/blog\/wp-content\/uploads\/2026\/08\/800-0-foto-5-6a9539341ab63.jpg?fit=800%2C506&ssl=1&resize=700%2C400 2x"},"classes":[]},{"id":102167,"url":"https:\/\/www.shqiperia.com\/blog\/lubonja-presidenti-asnje-reagim-e-turpshme\/","url_meta":{"origin":24541,"position":3},"title":"Lubonja: &#8211; Presidenti asnj\u00eb reagim, e turpshme!","author":"Kurt Farka","date":"July 2, 2026","format":false,"excerpt":"2 Korrik 2026 Analisti Fatos Lubonja n\u00eb nj\u00eb intervist\u00eb n\u00eb \u201cNews24\u201d foli p\u00ebr zhvillimet e fundit politike duke u ndalur te protesta e sotme e mbajtur para Kuvendit. Gjat\u00eb intervist\u00ebs, Lubonja tha se protestuesit n\u00eb gjith\u00eb k\u00ebto dit\u00eb kan\u00eb zhvilluar nj\u00eb revolucion paq\u00ebsor. Sipas tij, kryeministri Edi Rama ka p\u00ebrdoru\u2026","rel":"","context":"In &quot;Blogu i Udh\u00ebtarit&quot;","block_context":{"text":"Blogu i Udh\u00ebtarit","link":"https:\/\/www.shqiperia.com\/blog\/category\/blogu-i-udhetarit\/"},"img":{"alt_text":"","src":"https:\/\/i0.wp.com\/www.shqiperia.com\/blog\/wp-content\/uploads\/2026\/07\/Screenshot_115-768x430-1-1.jpeg?fit=768%2C430&ssl=1&resize=350%2C200","width":350,"height":200,"srcset":"https:\/\/i0.wp.com\/www.shqiperia.com\/blog\/wp-content\/uploads\/2026\/07\/Screenshot_115-768x430-1-1.jpeg?fit=768%2C430&ssl=1&resize=350%2C200 1x, https:\/\/i0.wp.com\/www.shqiperia.com\/blog\/wp-content\/uploads\/2026\/07\/Screenshot_115-768x430-1-1.jpeg?fit=768%2C430&ssl=1&resize=525%2C300 1.5x, https:\/\/i0.wp.com\/www.shqiperia.com\/blog\/wp-content\/uploads\/2026\/07\/Screenshot_115-768x430-1-1.jpeg?fit=768%2C430&ssl=1&resize=700%2C400 2x"},"classes":[]},{"id":104143,"url":"https:\/\/www.shqiperia.com\/blog\/ambasada-ne-tirane-ndan-mesazhin-e-marco-rubios-nje-vend-qe-nuk-siguron-burimet-jetike-dhe-nuk-prodhon-ilace-smund-te-mbroje-popullin-e-tij\/","url_meta":{"origin":24541,"position":4},"title":"Ambasada n\u00eb Tiran\u00eb ndan mesazhin e Marco Rubios: = Nj\u00eb vend q\u00eb nuk siguron burimet jetike dhe nuk prodhon ila\u00e7e, s\u2019mund t\u00eb mbroj\u00eb popullin e tij","author":"Kurt Farka","date":"August 10, 2026","format":false,"excerpt":"10 Gusht 2026 Ambasada e Shteteve t\u00eb Bashkuara n\u00eb Tiran\u00eb ka shp\u00ebrndar\u00eb nj\u00eb deklarat\u00eb t\u00eb Sekretarit amerikan t\u00eb Shtetit, Marco Rubio, ku theksohet se politika e jashtme nuk mund t\u00eb shihet e shk\u00ebputur nga fuqia ekonomike, kontrolli i kufijve dhe siguria energjetike. Mesazhi nuk specifikon nj\u00eb shtet apo qeveri t\u00eb\u2026","rel":"","context":"In &quot;Blogu i Udh\u00ebtarit&quot;","block_context":{"text":"Blogu i Udh\u00ebtarit","link":"https:\/\/www.shqiperia.com\/blog\/category\/blogu-i-udhetarit\/"},"img":{"alt_text":"","src":"https:\/\/i0.wp.com\/www.shqiperia.com\/blog\/wp-content\/uploads\/2026\/08\/marco-rubio.jpg?fit=686%2C435&ssl=1&resize=350%2C200","width":350,"height":200,"srcset":"https:\/\/i0.wp.com\/www.shqiperia.com\/blog\/wp-content\/uploads\/2026\/08\/marco-rubio.jpg?fit=686%2C435&ssl=1&resize=350%2C200 1x, https:\/\/i0.wp.com\/www.shqiperia.com\/blog\/wp-content\/uploads\/2026\/08\/marco-rubio.jpg?fit=686%2C435&ssl=1&resize=525%2C300 1.5x"},"classes":[]},{"id":102161,"url":"https:\/\/www.shqiperia.com\/blog\/qeveria-ka-nje-mllef-te-madh-po-e-shkarkon-ndaj-protestuesve-lubonja-rama-me-gjuhe-dhune-e-denigruese-turp\/","url_meta":{"origin":24541,"position":5},"title":"\u201cQeveria ka nj\u00eb mllef t\u00eb madh, po e shkarkon ndaj protestuesve\u201d\/ Lubonja: &#8211; Rama me gjuh\u00eb dhune e denigruese, turp","author":"Kurt Farka","date":"July 2, 2026","format":false,"excerpt":"2 Korrik 2026 Analisti Fatos Lubonja n\u00eb nj\u00eb intervist\u00eb televizive foli p\u00ebr zhvillimet e fundit politike duke u ndalur te protesta e sotme e mbajtur para Kuvendit. Gjat\u00eb intervist\u00ebs, Lubonja tha se protestuesit n\u00eb gjith\u00eb k\u00ebto dit\u00eb kan\u00eb zhvilluar nj\u00eb revolucion paq\u00ebsor. Sipas tij, kryeministri Edi Rama ka p\u00ebrdoru nj\u00eb\u2026","rel":"","context":"In &quot;Njoftime Shtypi&quot;","block_context":{"text":"Njoftime Shtypi","link":"https:\/\/www.shqiperia.com\/blog\/category\/njoftime-shtypi\/"},"img":{"alt_text":"","src":"https:\/\/i0.wp.com\/www.shqiperia.com\/blog\/wp-content\/uploads\/2026\/07\/fatos-lubonjaa.jpg?fit=640%2C331&ssl=1&resize=350%2C200","width":350,"height":200,"srcset":"https:\/\/i0.wp.com\/www.shqiperia.com\/blog\/wp-content\/uploads\/2026\/07\/fatos-lubonjaa.jpg?fit=640%2C331&ssl=1&resize=350%2C200 1x, https:\/\/i0.wp.com\/www.shqiperia.com\/blog\/wp-content\/uploads\/2026\/07\/fatos-lubonjaa.jpg?fit=640%2C331&ssl=1&resize=525%2C300 1.5x"},"classes":[]}],"_links":{"self":[{"href":"https:\/\/www.shqiperia.com\/blog\/wp-json\/wp\/v2\/posts\/24541","targetHints":{"allow":["GET"]}}],"collection":[{"href":"https:\/\/www.shqiperia.com\/blog\/wp-json\/wp\/v2\/posts"}],"about":[{"href":"https:\/\/www.shqiperia.com\/blog\/wp-json\/wp\/v2\/types\/post"}],"author":[{"embeddable":true,"href":"https:\/\/www.shqiperia.com\/blog\/wp-json\/wp\/v2\/users\/9"}],"replies":[{"embeddable":true,"href":"https:\/\/www.shqiperia.com\/blog\/wp-json\/wp\/v2\/comments?post=24541"}],"version-history":[{"count":3,"href":"https:\/\/www.shqiperia.com\/blog\/wp-json\/wp\/v2\/posts\/24541\/revisions"}],"predecessor-version":[{"id":24548,"href":"https:\/\/www.shqiperia.com\/blog\/wp-json\/wp\/v2\/posts\/24541\/revisions\/24548"}],"wp:featuredmedia":[{"embeddable":true,"href":"https:\/\/www.shqiperia.com\/blog\/wp-json\/wp\/v2\/media\/24545"}],"wp:attachment":[{"href":"https:\/\/www.shqiperia.com\/blog\/wp-json\/wp\/v2\/media?parent=24541"}],"wp:term":[{"taxonomy":"category","embeddable":true,"href":"https:\/\/www.shqiperia.com\/blog\/wp-json\/wp\/v2\/categories?post=24541"},{"taxonomy":"post_tag","embeddable":true,"href":"https:\/\/www.shqiperia.com\/blog\/wp-json\/wp\/v2\/tags?post=24541"}],"curies":[{"name":"wp","href":"https:\/\/api.w.org\/{rel}","templated":true}]}}